{"id":13571,"date":"2026-03-17T23:06:56","date_gmt":"2026-03-18T05:06:56","guid":{"rendered":"https:\/\/esbozodeportivo.com\/?p=13571"},"modified":"2026-03-17T23:06:58","modified_gmt":"2026-03-18T05:06:58","slug":"juego-set-y-partido-47","status":"publish","type":"post","link":"https:\/\/esbozodeportivo.com\/index.php\/2026\/03\/17\/juego-set-y-partido-47\/","title":{"rendered":"Juego, Set y Partido"},"content":{"rendered":"\n<p><strong>POR MAURO FLORES<\/strong><\/p>\n\n\n\n<ul class=\"wp-block-list\">\n<li><strong>Miguel \u00c1ngel Reyes Varela, finalista en Santiago de Chile y sigue levantando la mano en la Copa Davis; ni Renata ni Giuliana en la Billie Jean King Cup<\/strong><\/li>\n<\/ul>\n\n\n\n<p>El jalisciense Miguel \u00c1ngel Reyes Varela, sigue mostrando temple y levantando la mano para ser considerado nuevamente en el equipo mexicano de Copa Davis, del que fue relegado desde 2023, despu\u00e9s de la serie ante Georgia, luego que el pasado fin de semana qued\u00f3 como subcampe\u00f3n del Challenger de Santiago de Chile, categor\u00eda 75.<\/p>\n\n\n\n<p>Miguel \u00c1ngel Reyes Varela, actualmente en el sitio 82 mundial de dobles, y quien cuenta con dos t\u00edtulos ATP en esa modalidad, Los Cabos, M\u00e9xico 2018 y UMAG, Croacia 2024, hizo pareja con el boliviano Federico Zeballos en el Challenger de Santiago de Chile donde estuvieron como primeros en la siembra. En la primera ronda avanzaron fortuitamente, tras superar 1-6, 2-5 y retiro de los portugueses Jaime Faria y Henrique Rocha.<\/p>\n\n\n\n<p>En cuartos de final se impusieron 6-3, 4-6, 10-7 a la dupla de espa\u00f1ol Nikolas S\u00e1nchez Izquierdo y el argentino Gonzalo Villanueva, mientras en semifinales dieron cuenta por 3-6, 7-6 (1), 10-6 al boliviano Boris Arias y al brasile\u00f1o Daniel Dutra Da Silva. En la final, mexicano y boliviano cayeron 3-6, 5-7 ante la pareja del italiano Gianluca Cadenasso y el brasile\u00f1o Paulo Andre Saravia Dos Santos.<\/p>\n\n\n\n<p>Miguel \u00c1ngel Reres Varela, llega as\u00ed a otra final en torneos Challenger, donde tiene 33 coronas, incluyendo las de Antofagasta, Chile, y Lima, Per\u00fa, el a\u00f1o pasado, que conquist\u00f3 al lado de ecuatoriano Gonzalo Escobar, con quien hizo una buena pareja, aunque el compa\u00f1ero con el que m\u00e1s t\u00edtulo obtuvo t\u00edtulos fue el salvadore\u00f1o Marcelo Ar\u00e9valo, con quien conquist\u00f3 10 coronas del circuito Challenger.<\/p>\n\n\n\n<p>En el 2025, Reyes Varela fue finalista en los Challenger de Skopje, en Macedonia; Curitiba, Brasil; Costa do Sauipe, Brasil y Montevideo. Este a\u00f1o, hizo cuartos de final en el ATP 250 de Hong Kong y en el de Buenos Aires, adem\u00e1s del ATP 500 de Acapulco; fue finalista en el Challenger de Rosario, Argentina y en el de Santiago de Chile.<\/p>\n\n\n\n<p>Miguel \u00c1ngel Reyes Varela debut\u00f3 con el equipo mexicano de Copa Davis en el a\u00f1o 2010 y ha sido indiscutible desde entonces, hasta el 2024, cuando, despu\u00e9s de la derrota 2-3 como visitante ante Georgia, el capit\u00e1n Adri\u00e1n Contreras decidi\u00f3 dejarlo fuera, sin que, como siempre, haya explicaci\u00f3n alguna.<\/p>\n\n\n\n<p>El mexicano ocup\u00f3 su mejor posici\u00f3n en la especialidad cuando lleg\u00f3 al sitio 49 en el 2018 y desde el 2022 no ha salido del Top 100.<\/p>\n\n\n\n<p>Despu\u00e9s de descender al Grupo II, tras la derrota como visitante ante Grecia 1-3, el equipo mexicano deber\u00e1 visitar a Bermuda entre el 18 y 20 de septiembre pr\u00f3ximos, con la \u00fanica premisa de ganar para aspirar a volver al Grupo I. Una derrota ante Bermuda, equipo que ascendi\u00f3 por primera vez en su historia al Grupo Mundial II, despu\u00e9s de vencer a Georgia, ser\u00eda impensable, aunque por supuesto debemos estar pendientes de la convocatoria de Adri\u00e1n Contreras y las decisiones que tomen los hombres de pantal\u00f3n largo, que no siempre son las mejores. &nbsp;<\/p>\n\n\n\n<p>Esta semana, Miguel \u00c1ngel Reyes Varela hace nuevamente pareja con el boliviano Federico Zeballos, un jugador que hizo gran parte de su carrera en M\u00e9xico, durante el Challenger Morelos Open, de categor\u00eda 75 y son los cuartos en la siembra. En la ronda inicial enfrentar\u00e1n a la dupla del argentino Juan Pablo Ficovich y el colombiano Miguel Tob\u00f3n.<\/p>\n\n\n\n<p><strong>SIN RENATA NI GIULIANA<\/strong><\/p>\n\n\n\n<p>Y ya que hablamos de equipos mexicanos, las cosas no pintan nada bien para el representativo mexicano de la Billie Jean King Cup, ya que ni Renata Zaraz\u00faa ni Giuliana Olmos fueron considerados para participar en las eliminatorias del Grupo I de Am\u00e9rica, que se disputar\u00e1n en Ibagu\u00e9, Colombia, del 8 al 11 de abril.<\/p>\n\n\n\n<p>M\u00e9xico qued\u00f3 integrado en el Grupo B, junto a Colombia, Ecuador y Venezuela, mientras en el Grupo A quedaron Brasil, Argentina, Chile y Per\u00fa. Los dos primeros de cada grupo avanzar\u00e1n a las semifinales y los dos finalistas avanzar\u00e1n a los playoffs.<\/p>\n\n\n\n<p>El capit\u00e1n Agust\u00edn Moreno dio a conocer la lista del equipo que integran: Ana Sof\u00eda S\u00e1nchez (203 en singles y 441 en singles), Victoria Rodr\u00edguez (412-271), Mar\u00eda Fernanda Navarro (590-434) y Marian G\u00f3mez Pezuela (1156 -278).<\/p>\n\n\n\n<p>La ausencia de la mejor singlista y segunda mejor doblista, Renata Zarazua (90-135), y la mejor mexicana por parejas, Giuliana Olmos (46), deja a un equipo mexicano mermado porque Ana Sof\u00eda S\u00e1nchez y Victoria Rodr\u00edguez no han tenido su mejor temporada. Ana Sof\u00eda S\u00e1nchez se fue en primera ronda de calificaci\u00f3n del Abierto de Australia y en la misma instancia del WTA 500 de M\u00e9rida e hizo cuartos de final en los dos torneos de Huamantla.<\/p>\n\n\n\n<p>La semana pasada cay\u00f3 en cuartos de final del W35 de Huamantla, 6-2, 6-4, con su compatriota Jessica Hinojosa, quien result\u00f3 semifinalista individual y campeona de dobles. Jessica es la actual campeona nacional de tenis de primera fuerza y ocupa el sitio 738 en singles y 426 en dobles. Victoria Rodr\u00edguez regreso a la actividad, despu\u00e9s de una lesi\u00f3n, y se ha quedado en la primera ronda de los pocos torneos en que ha participado.<\/p>\n\n\n\n<p>En individuales, el capit\u00e1n borr\u00f3 a Jessica Hinojosa (738); Natalia Sousa (883); Julia Garc\u00eda (884); Sabastiani Le\u00f3n (911); Carolina Mill\u00e1n (972); Midori Castillo (1000) y Claudia Sof\u00eda Mart\u00ednez (1118).<\/p>\n\n\n\n<p>La ausencia de Renata ser\u00eda quiz\u00e1 por la carga de trabajo. Esta semana cay\u00f3 en la segunda ronda de calificaci\u00f3n del Masters 1000 de Miami.<\/p>\n\n\n\n<p>El rival m\u00e1s peligroso para el equipo mexicano en la serie de grupos es Colombia, quien ya nomin\u00f3 a Camila Osorio (58-208) y Emiliana Arango (109-454), las dos primeras del ranking, adem\u00e1s de Yuliana Lizarazo (745-499) y Mar\u00eda Paulina P\u00e9rez (1053-251).<\/p>\n\n\n\n<p>Poco prometedor se ve el panorama para los equipos mexicanos. Nuestros jugadores necesitan mayor continuidad ganadora, de eso tampoco cabe duda <strong>\u00a1Con YONEX y la AMTP SEGUIMOS PISANDO FUERTE!<\/strong><\/p>\n\n\n\n<p><\/p>\n","protected":false},"excerpt":{"rendered":"<p>POR MAURO FLORES El jalisciense Miguel \u00c1ngel Reyes Varela, sigue mostrando temple y levantando la<\/p>\n","protected":false},"author":4,"featured_media":13572,"comment_status":"closed","ping_status":"open","sticky":false,"template":"","format":"standard","meta":{"_jetpack_memberships_contains_paid_content":false,"footnotes":""},"categories":[35],"tags":[],"class_list":["post-13571","post","type-post","status-publish","format-standard","has-post-thumbnail","hentry","category-columna"],"yoast_head":"<!-- This site is optimized with the Yoast SEO plugin v25.7 - https:\/\/yoast.com\/wordpress\/plugins\/seo\/ -->\n<title>Juego, Set y Partido - Esbozo Deportivo<\/title>\n<meta name=\"description\" content=\"El jalisciense Miguel \u00c1ngel Reyes Varela, sigue mostrando temple y levantando la mano para ser considerado nuevamente en el equipo mexicano de Copa Davis, del que fue relegado desde 2023, despu\u00e9s de la serie ante Georgia, luego que el pasado fin de semana qued\u00f3 como subcampe\u00f3n del Challenger de Santiago de Chile, categor\u00eda 75.\" \/>\n<meta name=\"robots\" content=\"index, follow, max-snippet:-1, max-image-preview:large, max-video-preview:-1\" \/>\n<link rel=\"canonical\" href=\"https:\/\/esbozodeportivo.com\/index.php\/2026\/03\/17\/juego-set-y-partido-47\/\" \/>\n<meta property=\"og:locale\" content=\"es_MX\" \/>\n<meta property=\"og:type\" content=\"article\" \/>\n<meta property=\"og:title\" content=\"Juego, Set y Partido - Esbozo Deportivo\" \/>\n<meta property=\"og:description\" content=\"El jalisciense Miguel \u00c1ngel Reyes Varela, sigue mostrando temple y levantando la mano para ser considerado nuevamente en el equipo mexicano de Copa Davis, del que fue relegado desde 2023, despu\u00e9s de la serie ante Georgia, luego que el pasado fin de semana qued\u00f3 como subcampe\u00f3n del Challenger de Santiago de Chile, categor\u00eda 75.\" \/>\n<meta property=\"og:url\" content=\"https:\/\/esbozodeportivo.com\/index.php\/2026\/03\/17\/juego-set-y-partido-47\/\" \/>\n<meta property=\"og:site_name\" content=\"Esbozo Deportivo\" \/>\n<meta property=\"article:published_time\" content=\"2026-03-18T05:06:56+00:00\" \/>\n<meta property=\"article:modified_time\" content=\"2026-03-18T05:06:58+00:00\" \/>\n<meta property=\"og:image\" content=\"https:\/\/esbozodeportivo.com\/wp-content\/uploads\/2026\/03\/787359bd-a4c1-476e-a83a-aea255fb146c.jpg\" \/>\n\t<meta property=\"og:image:width\" content=\"1599\" \/>\n\t<meta property=\"og:image:height\" content=\"899\" \/>\n\t<meta property=\"og:image:type\" content=\"image\/jpeg\" \/>\n<meta name=\"author\" content=\"Redacci\u00f3n\" \/>\n<meta name=\"twitter:card\" content=\"summary_large_image\" \/>\n<meta name=\"twitter:label1\" content=\"Escrito por\" \/>\n\t<meta name=\"twitter:data1\" content=\"Redacci\u00f3n\" \/>\n\t<meta name=\"twitter:label2\" content=\"Tiempo de lectura\" \/>\n\t<meta name=\"twitter:data2\" content=\"5 minutos\" \/>\n<script type=\"application\/ld+json\" class=\"yoast-schema-graph\">{\"@context\":\"https:\/\/schema.org\",\"@graph\":[{\"@type\":\"Article\",\"@id\":\"https:\/\/esbozodeportivo.com\/index.php\/2026\/03\/17\/juego-set-y-partido-47\/#article\",\"isPartOf\":{\"@id\":\"https:\/\/esbozodeportivo.com\/index.php\/2026\/03\/17\/juego-set-y-partido-47\/\"},\"author\":{\"name\":\"Redacci\u00f3n\",\"@id\":\"https:\/\/esbozodeportivo.com\/#\/schema\/person\/0f6df9196dfe6740dd0bb31bae50d374\"},\"headline\":\"Juego, Set y Partido\",\"datePublished\":\"2026-03-18T05:06:56+00:00\",\"dateModified\":\"2026-03-18T05:06:58+00:00\",\"mainEntityOfPage\":{\"@id\":\"https:\/\/esbozodeportivo.com\/index.php\/2026\/03\/17\/juego-set-y-partido-47\/\"},\"wordCount\":1026,\"publisher\":{\"@id\":\"https:\/\/esbozodeportivo.com\/#organization\"},\"image\":{\"@id\":\"https:\/\/esbozodeportivo.com\/index.php\/2026\/03\/17\/juego-set-y-partido-47\/#primaryimage\"},\"thumbnailUrl\":\"https:\/\/esbozodeportivo.com\/wp-content\/uploads\/2026\/03\/787359bd-a4c1-476e-a83a-aea255fb146c.jpg\",\"articleSection\":[\"Columna\"],\"inLanguage\":\"es\"},{\"@type\":\"WebPage\",\"@id\":\"https:\/\/esbozodeportivo.com\/index.php\/2026\/03\/17\/juego-set-y-partido-47\/\",\"url\":\"https:\/\/esbozodeportivo.com\/index.php\/2026\/03\/17\/juego-set-y-partido-47\/\",\"name\":\"Juego, Set y Partido - Esbozo Deportivo\",\"isPartOf\":{\"@id\":\"https:\/\/esbozodeportivo.com\/#website\"},\"primaryImageOfPage\":{\"@id\":\"https:\/\/esbozodeportivo.com\/index.php\/2026\/03\/17\/juego-set-y-partido-47\/#primaryimage\"},\"image\":{\"@id\":\"https:\/\/esbozodeportivo.com\/index.php\/2026\/03\/17\/juego-set-y-partido-47\/#primaryimage\"},\"thumbnailUrl\":\"https:\/\/esbozodeportivo.com\/wp-content\/uploads\/2026\/03\/787359bd-a4c1-476e-a83a-aea255fb146c.jpg\",\"datePublished\":\"2026-03-18T05:06:56+00:00\",\"dateModified\":\"2026-03-18T05:06:58+00:00\",\"description\":\"El jalisciense Miguel \u00c1ngel Reyes Varela, sigue mostrando temple y levantando la mano para ser considerado nuevamente en el equipo mexicano de Copa Davis, del que fue relegado desde 2023, despu\u00e9s de la serie ante Georgia, luego que el pasado fin de semana qued\u00f3 como subcampe\u00f3n del Challenger de Santiago de Chile, categor\u00eda 75.\",\"breadcrumb\":{\"@id\":\"https:\/\/esbozodeportivo.com\/index.php\/2026\/03\/17\/juego-set-y-partido-47\/#breadcrumb\"},\"inLanguage\":\"es\",\"potentialAction\":[{\"@type\":\"ReadAction\",\"target\":[\"https:\/\/esbozodeportivo.com\/index.php\/2026\/03\/17\/juego-set-y-partido-47\/\"]}]},{\"@type\":\"ImageObject\",\"inLanguage\":\"es\",\"@id\":\"https:\/\/esbozodeportivo.com\/index.php\/2026\/03\/17\/juego-set-y-partido-47\/#primaryimage\",\"url\":\"https:\/\/esbozodeportivo.com\/wp-content\/uploads\/2026\/03\/787359bd-a4c1-476e-a83a-aea255fb146c.jpg\",\"contentUrl\":\"https:\/\/esbozodeportivo.com\/wp-content\/uploads\/2026\/03\/787359bd-a4c1-476e-a83a-aea255fb146c.jpg\",\"width\":1599,\"height\":899},{\"@type\":\"BreadcrumbList\",\"@id\":\"https:\/\/esbozodeportivo.com\/index.php\/2026\/03\/17\/juego-set-y-partido-47\/#breadcrumb\",\"itemListElement\":[{\"@type\":\"ListItem\",\"position\":1,\"name\":\"Inicio\",\"item\":\"https:\/\/esbozodeportivo.com\/\"},{\"@type\":\"ListItem\",\"position\":2,\"name\":\"Juego, Set y Partido\"}]},{\"@type\":\"WebSite\",\"@id\":\"https:\/\/esbozodeportivo.com\/#website\",\"url\":\"https:\/\/esbozodeportivo.com\/\",\"name\":\"Esbozo Deportivo\",\"description\":\"Lo m\u00e1s importante del Deporte\",\"publisher\":{\"@id\":\"https:\/\/esbozodeportivo.com\/#organization\"},\"potentialAction\":[{\"@type\":\"SearchAction\",\"target\":{\"@type\":\"EntryPoint\",\"urlTemplate\":\"https:\/\/esbozodeportivo.com\/?s={search_term_string}\"},\"query-input\":{\"@type\":\"PropertyValueSpecification\",\"valueRequired\":true,\"valueName\":\"search_term_string\"}}],\"inLanguage\":\"es\"},{\"@type\":\"Organization\",\"@id\":\"https:\/\/esbozodeportivo.com\/#organization\",\"name\":\"Esbozo Deportivo\",\"url\":\"https:\/\/esbozodeportivo.com\/\",\"logo\":{\"@type\":\"ImageObject\",\"inLanguage\":\"es\",\"@id\":\"https:\/\/esbozodeportivo.com\/#\/schema\/logo\/image\/\",\"url\":\"https:\/\/esbozodeportivo.com\/wp-content\/uploads\/2022\/08\/cropped-Logo-Esbozo-Web-2.png\",\"contentUrl\":\"https:\/\/esbozodeportivo.com\/wp-content\/uploads\/2022\/08\/cropped-Logo-Esbozo-Web-2.png\",\"width\":180,\"height\":50,\"caption\":\"Esbozo Deportivo\"},\"image\":{\"@id\":\"https:\/\/esbozodeportivo.com\/#\/schema\/logo\/image\/\"}},{\"@type\":\"Person\",\"@id\":\"https:\/\/esbozodeportivo.com\/#\/schema\/person\/0f6df9196dfe6740dd0bb31bae50d374\",\"name\":\"Redacci\u00f3n\",\"image\":{\"@type\":\"ImageObject\",\"inLanguage\":\"es\",\"@id\":\"https:\/\/esbozodeportivo.com\/#\/schema\/person\/image\/\",\"url\":\"https:\/\/secure.gravatar.com\/avatar\/f55268a89c3b418f2ef172ff52ab0d09b3e653c58de29539fe329fb93d78ebf3?s=96&d=mm&r=g\",\"contentUrl\":\"https:\/\/secure.gravatar.com\/avatar\/f55268a89c3b418f2ef172ff52ab0d09b3e653c58de29539fe329fb93d78ebf3?s=96&d=mm&r=g\",\"caption\":\"Redacci\u00f3n\"},\"url\":\"https:\/\/esbozodeportivo.com\/index.php\/author\/redaccion\/\"}]}<\/script>\n<!-- \/ Yoast SEO plugin. -->","yoast_head_json":{"title":"Juego, Set y Partido - Esbozo Deportivo","description":"El jalisciense Miguel \u00c1ngel Reyes Varela, sigue mostrando temple y levantando la mano para ser considerado nuevamente en el equipo mexicano de Copa Davis, del que fue relegado desde 2023, despu\u00e9s de la serie ante Georgia, luego que el pasado fin de semana qued\u00f3 como subcampe\u00f3n del Challenger de Santiago de Chile, categor\u00eda 75.","robots":{"index":"index","follow":"follow","max-snippet":"max-snippet:-1","max-image-preview":"max-image-preview:large","max-video-preview":"max-video-preview:-1"},"canonical":"https:\/\/esbozodeportivo.com\/index.php\/2026\/03\/17\/juego-set-y-partido-47\/","og_locale":"es_MX","og_type":"article","og_title":"Juego, Set y Partido - Esbozo Deportivo","og_description":"El jalisciense Miguel \u00c1ngel Reyes Varela, sigue mostrando temple y levantando la mano para ser considerado nuevamente en el equipo mexicano de Copa Davis, del que fue relegado desde 2023, despu\u00e9s de la serie ante Georgia, luego que el pasado fin de semana qued\u00f3 como subcampe\u00f3n del Challenger de Santiago de Chile, categor\u00eda 75.","og_url":"https:\/\/esbozodeportivo.com\/index.php\/2026\/03\/17\/juego-set-y-partido-47\/","og_site_name":"Esbozo Deportivo","article_published_time":"2026-03-18T05:06:56+00:00","article_modified_time":"2026-03-18T05:06:58+00:00","og_image":[{"width":1599,"height":899,"url":"https:\/\/esbozodeportivo.com\/wp-content\/uploads\/2026\/03\/787359bd-a4c1-476e-a83a-aea255fb146c.jpg","type":"image\/jpeg"}],"author":"Redacci\u00f3n","twitter_card":"summary_large_image","twitter_misc":{"Escrito por":"Redacci\u00f3n","Tiempo de lectura":"5 minutos"},"schema":{"@context":"https:\/\/schema.org","@graph":[{"@type":"Article","@id":"https:\/\/esbozodeportivo.com\/index.php\/2026\/03\/17\/juego-set-y-partido-47\/#article","isPartOf":{"@id":"https:\/\/esbozodeportivo.com\/index.php\/2026\/03\/17\/juego-set-y-partido-47\/"},"author":{"name":"Redacci\u00f3n","@id":"https:\/\/esbozodeportivo.com\/#\/schema\/person\/0f6df9196dfe6740dd0bb31bae50d374"},"headline":"Juego, Set y Partido","datePublished":"2026-03-18T05:06:56+00:00","dateModified":"2026-03-18T05:06:58+00:00","mainEntityOfPage":{"@id":"https:\/\/esbozodeportivo.com\/index.php\/2026\/03\/17\/juego-set-y-partido-47\/"},"wordCount":1026,"publisher":{"@id":"https:\/\/esbozodeportivo.com\/#organization"},"image":{"@id":"https:\/\/esbozodeportivo.com\/index.php\/2026\/03\/17\/juego-set-y-partido-47\/#primaryimage"},"thumbnailUrl":"https:\/\/esbozodeportivo.com\/wp-content\/uploads\/2026\/03\/787359bd-a4c1-476e-a83a-aea255fb146c.jpg","articleSection":["Columna"],"inLanguage":"es"},{"@type":"WebPage","@id":"https:\/\/esbozodeportivo.com\/index.php\/2026\/03\/17\/juego-set-y-partido-47\/","url":"https:\/\/esbozodeportivo.com\/index.php\/2026\/03\/17\/juego-set-y-partido-47\/","name":"Juego, Set y Partido - Esbozo Deportivo","isPartOf":{"@id":"https:\/\/esbozodeportivo.com\/#website"},"primaryImageOfPage":{"@id":"https:\/\/esbozodeportivo.com\/index.php\/2026\/03\/17\/juego-set-y-partido-47\/#primaryimage"},"image":{"@id":"https:\/\/esbozodeportivo.com\/index.php\/2026\/03\/17\/juego-set-y-partido-47\/#primaryimage"},"thumbnailUrl":"https:\/\/esbozodeportivo.com\/wp-content\/uploads\/2026\/03\/787359bd-a4c1-476e-a83a-aea255fb146c.jpg","datePublished":"2026-03-18T05:06:56+00:00","dateModified":"2026-03-18T05:06:58+00:00","description":"El jalisciense Miguel \u00c1ngel Reyes Varela, sigue mostrando temple y levantando la mano para ser considerado nuevamente en el equipo mexicano de Copa Davis, del que fue relegado desde 2023, despu\u00e9s de la serie ante Georgia, luego que el pasado fin de semana qued\u00f3 como subcampe\u00f3n del Challenger de Santiago de Chile, categor\u00eda 75.","breadcrumb":{"@id":"https:\/\/esbozodeportivo.com\/index.php\/2026\/03\/17\/juego-set-y-partido-47\/#breadcrumb"},"inLanguage":"es","potentialAction":[{"@type":"ReadAction","target":["https:\/\/esbozodeportivo.com\/index.php\/2026\/03\/17\/juego-set-y-partido-47\/"]}]},{"@type":"ImageObject","inLanguage":"es","@id":"https:\/\/esbozodeportivo.com\/index.php\/2026\/03\/17\/juego-set-y-partido-47\/#primaryimage","url":"https:\/\/esbozodeportivo.com\/wp-content\/uploads\/2026\/03\/787359bd-a4c1-476e-a83a-aea255fb146c.jpg","contentUrl":"https:\/\/esbozodeportivo.com\/wp-content\/uploads\/2026\/03\/787359bd-a4c1-476e-a83a-aea255fb146c.jpg","width":1599,"height":899},{"@type":"BreadcrumbList","@id":"https:\/\/esbozodeportivo.com\/index.php\/2026\/03\/17\/juego-set-y-partido-47\/#breadcrumb","itemListElement":[{"@type":"ListItem","position":1,"name":"Inicio","item":"https:\/\/esbozodeportivo.com\/"},{"@type":"ListItem","position":2,"name":"Juego, Set y Partido"}]},{"@type":"WebSite","@id":"https:\/\/esbozodeportivo.com\/#website","url":"https:\/\/esbozodeportivo.com\/","name":"Esbozo Deportivo","description":"Lo m\u00e1s importante del Deporte","publisher":{"@id":"https:\/\/esbozodeportivo.com\/#organization"},"potentialAction":[{"@type":"SearchAction","target":{"@type":"EntryPoint","urlTemplate":"https:\/\/esbozodeportivo.com\/?s={search_term_string}"},"query-input":{"@type":"PropertyValueSpecification","valueRequired":true,"valueName":"search_term_string"}}],"inLanguage":"es"},{"@type":"Organization","@id":"https:\/\/esbozodeportivo.com\/#organization","name":"Esbozo Deportivo","url":"https:\/\/esbozodeportivo.com\/","logo":{"@type":"ImageObject","inLanguage":"es","@id":"https:\/\/esbozodeportivo.com\/#\/schema\/logo\/image\/","url":"https:\/\/esbozodeportivo.com\/wp-content\/uploads\/2022\/08\/cropped-Logo-Esbozo-Web-2.png","contentUrl":"https:\/\/esbozodeportivo.com\/wp-content\/uploads\/2022\/08\/cropped-Logo-Esbozo-Web-2.png","width":180,"height":50,"caption":"Esbozo Deportivo"},"image":{"@id":"https:\/\/esbozodeportivo.com\/#\/schema\/logo\/image\/"}},{"@type":"Person","@id":"https:\/\/esbozodeportivo.com\/#\/schema\/person\/0f6df9196dfe6740dd0bb31bae50d374","name":"Redacci\u00f3n","image":{"@type":"ImageObject","inLanguage":"es","@id":"https:\/\/esbozodeportivo.com\/#\/schema\/person\/image\/","url":"https:\/\/secure.gravatar.com\/avatar\/f55268a89c3b418f2ef172ff52ab0d09b3e653c58de29539fe329fb93d78ebf3?s=96&d=mm&r=g","contentUrl":"https:\/\/secure.gravatar.com\/avatar\/f55268a89c3b418f2ef172ff52ab0d09b3e653c58de29539fe329fb93d78ebf3?s=96&d=mm&r=g","caption":"Redacci\u00f3n"},"url":"https:\/\/esbozodeportivo.com\/index.php\/author\/redaccion\/"}]}},"jetpack_featured_media_url":"https:\/\/esbozodeportivo.com\/wp-content\/uploads\/2026\/03\/787359bd-a4c1-476e-a83a-aea255fb146c.jpg","jetpack_sharing_enabled":true,"_links":{"self":[{"href":"https:\/\/esbozodeportivo.com\/index.php\/wp-json\/wp\/v2\/posts\/13571","targetHints":{"allow":["GET"]}}],"collection":[{"href":"https:\/\/esbozodeportivo.com\/index.php\/wp-json\/wp\/v2\/posts"}],"about":[{"href":"https:\/\/esbozodeportivo.com\/index.php\/wp-json\/wp\/v2\/types\/post"}],"author":[{"embeddable":true,"href":"https:\/\/esbozodeportivo.com\/index.php\/wp-json\/wp\/v2\/users\/4"}],"replies":[{"embeddable":true,"href":"https:\/\/esbozodeportivo.com\/index.php\/wp-json\/wp\/v2\/comments?post=13571"}],"version-history":[{"count":1,"href":"https:\/\/esbozodeportivo.com\/index.php\/wp-json\/wp\/v2\/posts\/13571\/revisions"}],"predecessor-version":[{"id":13573,"href":"https:\/\/esbozodeportivo.com\/index.php\/wp-json\/wp\/v2\/posts\/13571\/revisions\/13573"}],"wp:featuredmedia":[{"embeddable":true,"href":"https:\/\/esbozodeportivo.com\/index.php\/wp-json\/wp\/v2\/media\/13572"}],"wp:attachment":[{"href":"https:\/\/esbozodeportivo.com\/index.php\/wp-json\/wp\/v2\/media?parent=13571"}],"wp:term":[{"taxonomy":"category","embeddable":true,"href":"https:\/\/esbozodeportivo.com\/index.php\/wp-json\/wp\/v2\/categories?post=13571"},{"taxonomy":"post_tag","embeddable":true,"href":"https:\/\/esbozodeportivo.com\/index.php\/wp-json\/wp\/v2\/tags?post=13571"}],"curies":[{"name":"wp","href":"https:\/\/api.w.org\/{rel}","templated":true}]}}