{"id":1404,"date":"2023-04-20T05:53:01","date_gmt":"2023-04-20T05:53:01","guid":{"rendered":"https:\/\/esbozodeportivo.com\/?p=1404"},"modified":"2023-04-20T05:57:08","modified_gmt":"2023-04-20T05:57:08","slug":"mexico-consigue-bronce-en-la-copa-del-mundo-de-tiro-con-arco","status":"publish","type":"post","link":"https:\/\/esbozodeportivo.com\/index.php\/2023\/04\/20\/mexico-consigue-bronce-en-la-copa-del-mundo-de-tiro-con-arco\/","title":{"rendered":"M\u00e9xico consigue bronce en la Copa del Mundo de tiro con arco"},"content":{"rendered":"<style>\/*! elementor - v3.12.1 - 02-04-2023 *\/\n.elementor-widget-image{text-align:center}.elementor-widget-image a{display:inline-block}.elementor-widget-image a img[src$=\".svg\"]{width:48px}.elementor-widget-image img{vertical-align:middle;display:inline-block}<\/style>\n<p>\t\t\t\t\t\t\t\t\t\t\t\t<img decoding=\"async\" width=\"640\" height=\"853\" src=\"https:\/\/esbozodeportivo.com\/wp-content\/uploads\/2023\/04\/Tiro-con-arco2-768x1024.jpg\" alt=\"\" loading=\"lazy\" srcset=\"https:\/\/esbozodeportivo.com\/wp-content\/uploads\/2023\/04\/Tiro-con-arco2-768x1024.jpg 768w, https:\/\/esbozodeportivo.com\/wp-content\/uploads\/2023\/04\/Tiro-con-arco2-225x300.jpg 225w, https:\/\/esbozodeportivo.com\/wp-content\/uploads\/2023\/04\/Tiro-con-arco2-1152x1536.jpg 1152w, https:\/\/esbozodeportivo.com\/wp-content\/uploads\/2023\/04\/Tiro-con-arco2-1024x1365.jpg 1024w, https:\/\/esbozodeportivo.com\/wp-content\/uploads\/2023\/04\/Tiro-con-arco2.jpg 1200w\" sizes=\"auto, (max-width: 640px) 100vw, 640px\" \/>\t\t\t\t\t\t\t\t\t\t\t\t\t\t\t<\/p>\n<p>(Foto: CONADE)<\/p>\n<p style=\"background: white; margin: 12.0pt 0cm 19.5pt 0cm;\">(Conade).- La selecci\u00f3n nacional de tiro con arco cosech\u00f3 su primera medalla en la Copa del Mundo de la especialidad, celebrada en Antalya, Turqu\u00eda, gracias a la sobresaliente actuaci\u00f3n del equipo femenil de arco compuesto, el cual se qued\u00f3 con el tercer lugar de su categor\u00eda.\u00a0<\/p>\n<p style=\"background: white; margin: 12.0pt 0cm 19.5pt 0cm;\">Ana Hern\u00e1ndez Le\u00f3n, Andrea Becerra Arizaga y Dafne Quintero Garc\u00eda fueron las grandes protagonistas durante la jornada de este mi\u00e9rcoles, luego de vencer, por marcador de 234-230, a las representantes de China Taip\u00e9i, Chen Li Ju, Chen Yi-Hsuan, y Huang I-Jou, para hacerse acreedoras al metal de bronce.\u00a0<\/p>\n<p style=\"background: white; margin: 12.0pt 0cm 19.5pt 0cm;\">Las flamantes medallistas aztecas volver\u00e1n a ver acci\u00f3n este jueves en la fase eliminatoria de la competencia individual, en la que ya tienen rivales definidas y en la que tambi\u00e9n estar\u00e1 presente Mariana Bernal S\u00e1nchez, cuarta integrante de la selecci\u00f3n nacional en esta rama y modalidad.\u00a0<\/p>\n<p>\t\t\t\t\t\t\t\t\t\t\t\t\t\t\t<img decoding=\"async\" width=\"640\" height=\"853\" src=\"https:\/\/esbozodeportivo.com\/wp-content\/uploads\/2023\/04\/Tiro-con-arco1-768x1024.jpg\" alt=\"\" loading=\"lazy\" srcset=\"https:\/\/esbozodeportivo.com\/wp-content\/uploads\/2023\/04\/Tiro-con-arco1-768x1024.jpg 768w, https:\/\/esbozodeportivo.com\/wp-content\/uploads\/2023\/04\/Tiro-con-arco1-225x300.jpg 225w, https:\/\/esbozodeportivo.com\/wp-content\/uploads\/2023\/04\/Tiro-con-arco1-1152x1536.jpg 1152w, https:\/\/esbozodeportivo.com\/wp-content\/uploads\/2023\/04\/Tiro-con-arco1-1024x1365.jpg 1024w, https:\/\/esbozodeportivo.com\/wp-content\/uploads\/2023\/04\/Tiro-con-arco1.jpg 1200w\" sizes=\"auto, (max-width: 640px) 100vw, 640px\" \/>\t\t\t\t\t\t\t\t\t\t\t\t\t\t\t<\/p>\n<p>(Foto: CONADE)<\/p>\n<p style=\"background: white; margin: 12.0pt 0cm 19.5pt 0cm;\">Tambi\u00e9n durante este d\u00eda contendieron los ocho nacionales especialistas de arco recurvo, cuatro femeniles y cuatro varoniles, dentro de los que Alejandra Valencia Trujillo, medallista ol\u00edmpica en Tokio 2020, se destac\u00f3 al quedarse con el primer lugar del ranking en su categor\u00eda, gracias a sus 677 puntos sumados.\u00a0<\/p>\n<p style=\"background: white; margin: 12.0pt 0cm 19.5pt 0cm;\">En esta misma modalidad, la debutante en el combinado mayor, \u00c1ngela Ruiz Rosales, se ranque\u00f3 en la posici\u00f3n 11; mientras las tambi\u00e9n ganadoras de preseas ol\u00edmpicas, A\u00edda Nabila Rom\u00e1n Arroyo y Mariana Avitia Mart\u00ednez, fueron sembradas en los puestos 38 y 82, respectivamente.\u00a0<\/p>\n<p style=\"background: white; margin: 12.0pt 0cm 19.5pt 0cm;\">Gracias a su lugar en el ranking, Valencia y Ruiz obtuvieron un lugar en la segunda fase, mientras que Rom\u00e1n y Avitia afrontaron la primera ronda eliminatoria, en la que la medallista de plata en Londres 2012 super\u00f3 6-5 a la kazaja Gaukhar Igibayeba; pero la segunda mexicana mencionada fue eliminada (1-7) por la espa\u00f1ola Irati Altuna.<\/p>\n<p>\t\t\t\t\t\t\t\t\t\t\t\t\t\t\t<img decoding=\"async\" width=\"640\" height=\"374\" src=\"https:\/\/esbozodeportivo.com\/wp-content\/uploads\/2023\/04\/Tiro-con-arco.jpg\" alt=\"\" loading=\"lazy\" srcset=\"https:\/\/esbozodeportivo.com\/wp-content\/uploads\/2023\/04\/Tiro-con-arco.jpg 650w, https:\/\/esbozodeportivo.com\/wp-content\/uploads\/2023\/04\/Tiro-con-arco-300x175.jpg 300w\" sizes=\"auto, (max-width: 640px) 100vw, 640px\" \/>\t\t\t\t\t\t\t\t\t\t\t\t\t\t\t<\/p>\n<p>(Foto: CONADE)<\/p>\n<p style=\"background: white; margin: 12.0pt 0cm 19.5pt 0cm;\">En la categor\u00eda varonil, Mat\u00edas Grande Kalionchiz y Jes\u00fas Flores Alan\u00eds consiguieron su pase a la segunda fase, sin embargo, Caleb Urbina Zapata cay\u00f3 6-2 ante el brit\u00e1nico Alex Wise; y Carlos Rojas L\u00f3pez fue superado 7-3 por su connacional Flores Alan\u00eds.\u00a0<\/p>\n<p style=\"background: white; margin: 12.0pt 0cm 19.5pt 0cm;\">En la competencia por equipos, las femeniles Rom\u00e1n, Ruiz y Trujillo se ranquearon en el segundo puesto; los varoniles Grande, Rojas y Urbina obtuvieron el pelda\u00f1o 18; y el d\u00fao mixto, conformado por Grande y Trujillo, se qued\u00f3 con el quinto puesto.<\/p>\n<p style=\"background: white; margin: 12.0pt 0cm 19.5pt 0cm;\">Las actividades de la primera fecha del serial de Copas del Mundo 2023 continuar\u00e1n este jueves, con los enfrentamientos directos en equipos varonil y femenil de recurvo, as\u00ed como los de individual en ambas ramas de la modalidad compuesto.<\/p>\n","protected":false},"excerpt":{"rendered":"<p>(Foto: CONADE) (Conade).- La selecci\u00f3n nacional de tiro con arco cosech\u00f3 su primera medalla en<\/p>\n","protected":false},"author":2,"featured_media":0,"comment_status":"open","ping_status":"open","sticky":false,"template":"","format":"standard","meta":{"_jetpack_memberships_contains_paid_content":false,"footnotes":""},"categories":[5],"tags":[],"class_list":["post-1404","post","type-post","status-publish","format-standard","hentry","category-amateur"],"yoast_head":"<!-- This site is optimized with the Yoast SEO plugin v25.7 - https:\/\/yoast.com\/wordpress\/plugins\/seo\/ -->\n<title>M\u00e9xico consigue bronce en la Copa del Mundo de tiro con arco - Esbozo Deportivo<\/title>\n<meta name=\"robots\" content=\"index, follow, max-snippet:-1, max-image-preview:large, max-video-preview:-1\" \/>\n<link rel=\"canonical\" href=\"https:\/\/esbozodeportivo.com\/index.php\/2023\/04\/20\/mexico-consigue-bronce-en-la-copa-del-mundo-de-tiro-con-arco\/\" \/>\n<meta property=\"og:locale\" content=\"es_MX\" \/>\n<meta property=\"og:type\" content=\"article\" \/>\n<meta property=\"og:title\" content=\"M\u00e9xico consigue bronce en la Copa del Mundo de tiro con arco - Esbozo Deportivo\" \/>\n<meta property=\"og:description\" content=\"(Foto: CONADE) (Conade).- La selecci\u00f3n nacional de tiro con arco cosech\u00f3 su primera medalla en\" \/>\n<meta property=\"og:url\" content=\"https:\/\/esbozodeportivo.com\/index.php\/2023\/04\/20\/mexico-consigue-bronce-en-la-copa-del-mundo-de-tiro-con-arco\/\" \/>\n<meta property=\"og:site_name\" content=\"Esbozo Deportivo\" \/>\n<meta property=\"article:published_time\" content=\"2023-04-20T05:53:01+00:00\" \/>\n<meta property=\"article:modified_time\" content=\"2023-04-20T05:57:08+00:00\" \/>\n<meta property=\"og:image\" content=\"https:\/\/esbozodeportivo.com\/wp-content\/uploads\/2023\/04\/Tiro-con-arco2-768x1024.jpg\" \/>\n<meta name=\"author\" content=\"Javier De La Cruz\" \/>\n<meta name=\"twitter:card\" content=\"summary_large_image\" \/>\n<meta name=\"twitter:label1\" content=\"Escrito por\" \/>\n\t<meta name=\"twitter:data1\" content=\"Javier De La Cruz\" \/>\n\t<meta name=\"twitter:label2\" content=\"Tiempo de lectura\" \/>\n\t<meta name=\"twitter:data2\" content=\"2 minutos\" \/>\n<script type=\"application\/ld+json\" class=\"yoast-schema-graph\">{\"@context\":\"https:\/\/schema.org\",\"@graph\":[{\"@type\":\"Article\",\"@id\":\"https:\/\/esbozodeportivo.com\/index.php\/2023\/04\/20\/mexico-consigue-bronce-en-la-copa-del-mundo-de-tiro-con-arco\/#article\",\"isPartOf\":{\"@id\":\"https:\/\/esbozodeportivo.com\/index.php\/2023\/04\/20\/mexico-consigue-bronce-en-la-copa-del-mundo-de-tiro-con-arco\/\"},\"author\":{\"name\":\"Javier De La Cruz\",\"@id\":\"https:\/\/esbozodeportivo.com\/#\/schema\/person\/7277119c98823aec37bbb84e125efd44\"},\"headline\":\"M\u00e9xico consigue bronce en la Copa del Mundo de tiro con arco\",\"datePublished\":\"2023-04-20T05:53:01+00:00\",\"dateModified\":\"2023-04-20T05:57:08+00:00\",\"mainEntityOfPage\":{\"@id\":\"https:\/\/esbozodeportivo.com\/index.php\/2023\/04\/20\/mexico-consigue-bronce-en-la-copa-del-mundo-de-tiro-con-arco\/\"},\"wordCount\":460,\"commentCount\":0,\"publisher\":{\"@id\":\"https:\/\/esbozodeportivo.com\/#organization\"},\"image\":{\"@id\":\"https:\/\/esbozodeportivo.com\/index.php\/2023\/04\/20\/mexico-consigue-bronce-en-la-copa-del-mundo-de-tiro-con-arco\/#primaryimage\"},\"thumbnailUrl\":\"https:\/\/esbozodeportivo.com\/wp-content\/uploads\/2023\/04\/Tiro-con-arco2-768x1024.jpg\",\"articleSection\":[\"Amateur\"],\"inLanguage\":\"es\",\"potentialAction\":[{\"@type\":\"CommentAction\",\"name\":\"Comment\",\"target\":[\"https:\/\/esbozodeportivo.com\/index.php\/2023\/04\/20\/mexico-consigue-bronce-en-la-copa-del-mundo-de-tiro-con-arco\/#respond\"]}]},{\"@type\":\"WebPage\",\"@id\":\"https:\/\/esbozodeportivo.com\/index.php\/2023\/04\/20\/mexico-consigue-bronce-en-la-copa-del-mundo-de-tiro-con-arco\/\",\"url\":\"https:\/\/esbozodeportivo.com\/index.php\/2023\/04\/20\/mexico-consigue-bronce-en-la-copa-del-mundo-de-tiro-con-arco\/\",\"name\":\"M\u00e9xico consigue bronce en la Copa del Mundo de tiro con arco - Esbozo Deportivo\",\"isPartOf\":{\"@id\":\"https:\/\/esbozodeportivo.com\/#website\"},\"primaryImageOfPage\":{\"@id\":\"https:\/\/esbozodeportivo.com\/index.php\/2023\/04\/20\/mexico-consigue-bronce-en-la-copa-del-mundo-de-tiro-con-arco\/#primaryimage\"},\"image\":{\"@id\":\"https:\/\/esbozodeportivo.com\/index.php\/2023\/04\/20\/mexico-consigue-bronce-en-la-copa-del-mundo-de-tiro-con-arco\/#primaryimage\"},\"thumbnailUrl\":\"https:\/\/esbozodeportivo.com\/wp-content\/uploads\/2023\/04\/Tiro-con-arco2-768x1024.jpg\",\"datePublished\":\"2023-04-20T05:53:01+00:00\",\"dateModified\":\"2023-04-20T05:57:08+00:00\",\"breadcrumb\":{\"@id\":\"https:\/\/esbozodeportivo.com\/index.php\/2023\/04\/20\/mexico-consigue-bronce-en-la-copa-del-mundo-de-tiro-con-arco\/#breadcrumb\"},\"inLanguage\":\"es\",\"potentialAction\":[{\"@type\":\"ReadAction\",\"target\":[\"https:\/\/esbozodeportivo.com\/index.php\/2023\/04\/20\/mexico-consigue-bronce-en-la-copa-del-mundo-de-tiro-con-arco\/\"]}]},{\"@type\":\"ImageObject\",\"inLanguage\":\"es\",\"@id\":\"https:\/\/esbozodeportivo.com\/index.php\/2023\/04\/20\/mexico-consigue-bronce-en-la-copa-del-mundo-de-tiro-con-arco\/#primaryimage\",\"url\":\"https:\/\/esbozodeportivo.com\/wp-content\/uploads\/2023\/04\/Tiro-con-arco2.jpg\",\"contentUrl\":\"https:\/\/esbozodeportivo.com\/wp-content\/uploads\/2023\/04\/Tiro-con-arco2.jpg\",\"width\":1200,\"height\":1600},{\"@type\":\"BreadcrumbList\",\"@id\":\"https:\/\/esbozodeportivo.com\/index.php\/2023\/04\/20\/mexico-consigue-bronce-en-la-copa-del-mundo-de-tiro-con-arco\/#breadcrumb\",\"itemListElement\":[{\"@type\":\"ListItem\",\"position\":1,\"name\":\"Inicio\",\"item\":\"https:\/\/esbozodeportivo.com\/\"},{\"@type\":\"ListItem\",\"position\":2,\"name\":\"M\u00e9xico consigue bronce en la Copa del Mundo de tiro con arco\"}]},{\"@type\":\"WebSite\",\"@id\":\"https:\/\/esbozodeportivo.com\/#website\",\"url\":\"https:\/\/esbozodeportivo.com\/\",\"name\":\"Esbozo Deportivo\",\"description\":\"Lo m\u00e1s importante del Deporte\",\"publisher\":{\"@id\":\"https:\/\/esbozodeportivo.com\/#organization\"},\"potentialAction\":[{\"@type\":\"SearchAction\",\"target\":{\"@type\":\"EntryPoint\",\"urlTemplate\":\"https:\/\/esbozodeportivo.com\/?s={search_term_string}\"},\"query-input\":{\"@type\":\"PropertyValueSpecification\",\"valueRequired\":true,\"valueName\":\"search_term_string\"}}],\"inLanguage\":\"es\"},{\"@type\":\"Organization\",\"@id\":\"https:\/\/esbozodeportivo.com\/#organization\",\"name\":\"Esbozo Deportivo\",\"url\":\"https:\/\/esbozodeportivo.com\/\",\"logo\":{\"@type\":\"ImageObject\",\"inLanguage\":\"es\",\"@id\":\"https:\/\/esbozodeportivo.com\/#\/schema\/logo\/image\/\",\"url\":\"https:\/\/esbozodeportivo.com\/wp-content\/uploads\/2022\/08\/cropped-Logo-Esbozo-Web-2.png\",\"contentUrl\":\"https:\/\/esbozodeportivo.com\/wp-content\/uploads\/2022\/08\/cropped-Logo-Esbozo-Web-2.png\",\"width\":180,\"height\":50,\"caption\":\"Esbozo Deportivo\"},\"image\":{\"@id\":\"https:\/\/esbozodeportivo.com\/#\/schema\/logo\/image\/\"}},{\"@type\":\"Person\",\"@id\":\"https:\/\/esbozodeportivo.com\/#\/schema\/person\/7277119c98823aec37bbb84e125efd44\",\"name\":\"Javier De La Cruz\",\"image\":{\"@type\":\"ImageObject\",\"inLanguage\":\"es\",\"@id\":\"https:\/\/esbozodeportivo.com\/#\/schema\/person\/image\/\",\"url\":\"https:\/\/secure.gravatar.com\/avatar\/366235a56d20f1a6e8e3d0b295897639357bea880470ddf261d17bb0bc052eb1?s=96&d=mm&r=g\",\"contentUrl\":\"https:\/\/secure.gravatar.com\/avatar\/366235a56d20f1a6e8e3d0b295897639357bea880470ddf261d17bb0bc052eb1?s=96&d=mm&r=g\",\"caption\":\"Javier De La Cruz\"},\"url\":\"https:\/\/esbozodeportivo.com\/index.php\/author\/javier-de-la-cruz-de-la-cruz\/\"}]}<\/script>\n<!-- \/ Yoast SEO plugin. -->","yoast_head_json":{"title":"M\u00e9xico consigue bronce en la Copa del Mundo de tiro con arco - Esbozo Deportivo","robots":{"index":"index","follow":"follow","max-snippet":"max-snippet:-1","max-image-preview":"max-image-preview:large","max-video-preview":"max-video-preview:-1"},"canonical":"https:\/\/esbozodeportivo.com\/index.php\/2023\/04\/20\/mexico-consigue-bronce-en-la-copa-del-mundo-de-tiro-con-arco\/","og_locale":"es_MX","og_type":"article","og_title":"M\u00e9xico consigue bronce en la Copa del Mundo de tiro con arco - Esbozo Deportivo","og_description":"(Foto: CONADE) (Conade).- La selecci\u00f3n nacional de tiro con arco cosech\u00f3 su primera medalla en","og_url":"https:\/\/esbozodeportivo.com\/index.php\/2023\/04\/20\/mexico-consigue-bronce-en-la-copa-del-mundo-de-tiro-con-arco\/","og_site_name":"Esbozo Deportivo","article_published_time":"2023-04-20T05:53:01+00:00","article_modified_time":"2023-04-20T05:57:08+00:00","og_image":[{"url":"https:\/\/esbozodeportivo.com\/wp-content\/uploads\/2023\/04\/Tiro-con-arco2-768x1024.jpg","type":"","width":"","height":""}],"author":"Javier De La Cruz","twitter_card":"summary_large_image","twitter_misc":{"Escrito por":"Javier De La Cruz","Tiempo de lectura":"2 minutos"},"schema":{"@context":"https:\/\/schema.org","@graph":[{"@type":"Article","@id":"https:\/\/esbozodeportivo.com\/index.php\/2023\/04\/20\/mexico-consigue-bronce-en-la-copa-del-mundo-de-tiro-con-arco\/#article","isPartOf":{"@id":"https:\/\/esbozodeportivo.com\/index.php\/2023\/04\/20\/mexico-consigue-bronce-en-la-copa-del-mundo-de-tiro-con-arco\/"},"author":{"name":"Javier De La Cruz","@id":"https:\/\/esbozodeportivo.com\/#\/schema\/person\/7277119c98823aec37bbb84e125efd44"},"headline":"M\u00e9xico consigue bronce en la Copa del Mundo de tiro con arco","datePublished":"2023-04-20T05:53:01+00:00","dateModified":"2023-04-20T05:57:08+00:00","mainEntityOfPage":{"@id":"https:\/\/esbozodeportivo.com\/index.php\/2023\/04\/20\/mexico-consigue-bronce-en-la-copa-del-mundo-de-tiro-con-arco\/"},"wordCount":460,"commentCount":0,"publisher":{"@id":"https:\/\/esbozodeportivo.com\/#organization"},"image":{"@id":"https:\/\/esbozodeportivo.com\/index.php\/2023\/04\/20\/mexico-consigue-bronce-en-la-copa-del-mundo-de-tiro-con-arco\/#primaryimage"},"thumbnailUrl":"https:\/\/esbozodeportivo.com\/wp-content\/uploads\/2023\/04\/Tiro-con-arco2-768x1024.jpg","articleSection":["Amateur"],"inLanguage":"es","potentialAction":[{"@type":"CommentAction","name":"Comment","target":["https:\/\/esbozodeportivo.com\/index.php\/2023\/04\/20\/mexico-consigue-bronce-en-la-copa-del-mundo-de-tiro-con-arco\/#respond"]}]},{"@type":"WebPage","@id":"https:\/\/esbozodeportivo.com\/index.php\/2023\/04\/20\/mexico-consigue-bronce-en-la-copa-del-mundo-de-tiro-con-arco\/","url":"https:\/\/esbozodeportivo.com\/index.php\/2023\/04\/20\/mexico-consigue-bronce-en-la-copa-del-mundo-de-tiro-con-arco\/","name":"M\u00e9xico consigue bronce en la Copa del Mundo de tiro con arco - Esbozo Deportivo","isPartOf":{"@id":"https:\/\/esbozodeportivo.com\/#website"},"primaryImageOfPage":{"@id":"https:\/\/esbozodeportivo.com\/index.php\/2023\/04\/20\/mexico-consigue-bronce-en-la-copa-del-mundo-de-tiro-con-arco\/#primaryimage"},"image":{"@id":"https:\/\/esbozodeportivo.com\/index.php\/2023\/04\/20\/mexico-consigue-bronce-en-la-copa-del-mundo-de-tiro-con-arco\/#primaryimage"},"thumbnailUrl":"https:\/\/esbozodeportivo.com\/wp-content\/uploads\/2023\/04\/Tiro-con-arco2-768x1024.jpg","datePublished":"2023-04-20T05:53:01+00:00","dateModified":"2023-04-20T05:57:08+00:00","breadcrumb":{"@id":"https:\/\/esbozodeportivo.com\/index.php\/2023\/04\/20\/mexico-consigue-bronce-en-la-copa-del-mundo-de-tiro-con-arco\/#breadcrumb"},"inLanguage":"es","potentialAction":[{"@type":"ReadAction","target":["https:\/\/esbozodeportivo.com\/index.php\/2023\/04\/20\/mexico-consigue-bronce-en-la-copa-del-mundo-de-tiro-con-arco\/"]}]},{"@type":"ImageObject","inLanguage":"es","@id":"https:\/\/esbozodeportivo.com\/index.php\/2023\/04\/20\/mexico-consigue-bronce-en-la-copa-del-mundo-de-tiro-con-arco\/#primaryimage","url":"https:\/\/esbozodeportivo.com\/wp-content\/uploads\/2023\/04\/Tiro-con-arco2.jpg","contentUrl":"https:\/\/esbozodeportivo.com\/wp-content\/uploads\/2023\/04\/Tiro-con-arco2.jpg","width":1200,"height":1600},{"@type":"BreadcrumbList","@id":"https:\/\/esbozodeportivo.com\/index.php\/2023\/04\/20\/mexico-consigue-bronce-en-la-copa-del-mundo-de-tiro-con-arco\/#breadcrumb","itemListElement":[{"@type":"ListItem","position":1,"name":"Inicio","item":"https:\/\/esbozodeportivo.com\/"},{"@type":"ListItem","position":2,"name":"M\u00e9xico consigue bronce en la Copa del Mundo de tiro con arco"}]},{"@type":"WebSite","@id":"https:\/\/esbozodeportivo.com\/#website","url":"https:\/\/esbozodeportivo.com\/","name":"Esbozo Deportivo","description":"Lo m\u00e1s importante del Deporte","publisher":{"@id":"https:\/\/esbozodeportivo.com\/#organization"},"potentialAction":[{"@type":"SearchAction","target":{"@type":"EntryPoint","urlTemplate":"https:\/\/esbozodeportivo.com\/?s={search_term_string}"},"query-input":{"@type":"PropertyValueSpecification","valueRequired":true,"valueName":"search_term_string"}}],"inLanguage":"es"},{"@type":"Organization","@id":"https:\/\/esbozodeportivo.com\/#organization","name":"Esbozo Deportivo","url":"https:\/\/esbozodeportivo.com\/","logo":{"@type":"ImageObject","inLanguage":"es","@id":"https:\/\/esbozodeportivo.com\/#\/schema\/logo\/image\/","url":"https:\/\/esbozodeportivo.com\/wp-content\/uploads\/2022\/08\/cropped-Logo-Esbozo-Web-2.png","contentUrl":"https:\/\/esbozodeportivo.com\/wp-content\/uploads\/2022\/08\/cropped-Logo-Esbozo-Web-2.png","width":180,"height":50,"caption":"Esbozo Deportivo"},"image":{"@id":"https:\/\/esbozodeportivo.com\/#\/schema\/logo\/image\/"}},{"@type":"Person","@id":"https:\/\/esbozodeportivo.com\/#\/schema\/person\/7277119c98823aec37bbb84e125efd44","name":"Javier De La Cruz","image":{"@type":"ImageObject","inLanguage":"es","@id":"https:\/\/esbozodeportivo.com\/#\/schema\/person\/image\/","url":"https:\/\/secure.gravatar.com\/avatar\/366235a56d20f1a6e8e3d0b295897639357bea880470ddf261d17bb0bc052eb1?s=96&d=mm&r=g","contentUrl":"https:\/\/secure.gravatar.com\/avatar\/366235a56d20f1a6e8e3d0b295897639357bea880470ddf261d17bb0bc052eb1?s=96&d=mm&r=g","caption":"Javier De La Cruz"},"url":"https:\/\/esbozodeportivo.com\/index.php\/author\/javier-de-la-cruz-de-la-cruz\/"}]}},"jetpack_featured_media_url":"","jetpack_sharing_enabled":true,"_links":{"self":[{"href":"https:\/\/esbozodeportivo.com\/index.php\/wp-json\/wp\/v2\/posts\/1404","targetHints":{"allow":["GET"]}}],"collection":[{"href":"https:\/\/esbozodeportivo.com\/index.php\/wp-json\/wp\/v2\/posts"}],"about":[{"href":"https:\/\/esbozodeportivo.com\/index.php\/wp-json\/wp\/v2\/types\/post"}],"author":[{"embeddable":true,"href":"https:\/\/esbozodeportivo.com\/index.php\/wp-json\/wp\/v2\/users\/2"}],"replies":[{"embeddable":true,"href":"https:\/\/esbozodeportivo.com\/index.php\/wp-json\/wp\/v2\/comments?post=1404"}],"version-history":[{"count":4,"href":"https:\/\/esbozodeportivo.com\/index.php\/wp-json\/wp\/v2\/posts\/1404\/revisions"}],"predecessor-version":[{"id":1411,"href":"https:\/\/esbozodeportivo.com\/index.php\/wp-json\/wp\/v2\/posts\/1404\/revisions\/1411"}],"wp:attachment":[{"href":"https:\/\/esbozodeportivo.com\/index.php\/wp-json\/wp\/v2\/media?parent=1404"}],"wp:term":[{"taxonomy":"category","embeddable":true,"href":"https:\/\/esbozodeportivo.com\/index.php\/wp-json\/wp\/v2\/categories?post=1404"},{"taxonomy":"post_tag","embeddable":true,"href":"https:\/\/esbozodeportivo.com\/index.php\/wp-json\/wp\/v2\/tags?post=1404"}],"curies":[{"name":"wp","href":"https:\/\/api.w.org\/{rel}","templated":true}]}}