{"id":1412,"date":"2023-04-21T06:05:41","date_gmt":"2023-04-21T06:05:41","guid":{"rendered":"https:\/\/esbozodeportivo.com\/?p=1412"},"modified":"2023-04-21T06:14:14","modified_gmt":"2023-04-21T06:14:14","slug":"presentan-playera-y-medallas-de-la-ruta-anahuac","status":"publish","type":"post","link":"https:\/\/esbozodeportivo.com\/index.php\/2023\/04\/21\/presentan-playera-y-medallas-de-la-ruta-anahuac\/","title":{"rendered":"Presentan playera y medallas de la Ruta An\u00e1huac"},"content":{"rendered":"<style>\/*! elementor - v3.12.1 - 02-04-2023 *\/\n.elementor-widget-image{text-align:center}.elementor-widget-image a{display:inline-block}.elementor-widget-image a img[src$=\".svg\"]{width:48px}.elementor-widget-image img{vertical-align:middle;display:inline-block}<\/style>\n<p>\t\t\t\t\t\t\t\t\t\t\t\t<img decoding=\"async\" width=\"640\" height=\"359\" src=\"https:\/\/esbozodeportivo.com\/wp-content\/uploads\/2023\/04\/Ruta-Anahuac6--1024x575.jpeg\" alt=\"\" loading=\"lazy\" srcset=\"https:\/\/esbozodeportivo.com\/wp-content\/uploads\/2023\/04\/Ruta-Anahuac6--1024x575.jpeg 1024w, https:\/\/esbozodeportivo.com\/wp-content\/uploads\/2023\/04\/Ruta-Anahuac6--300x168.jpeg 300w, https:\/\/esbozodeportivo.com\/wp-content\/uploads\/2023\/04\/Ruta-Anahuac6--768x431.jpeg 768w, https:\/\/esbozodeportivo.com\/wp-content\/uploads\/2023\/04\/Ruta-Anahuac6--1536x863.jpeg 1536w, https:\/\/esbozodeportivo.com\/wp-content\/uploads\/2023\/04\/Ruta-Anahuac6--2048x1150.jpeg 2048w\" sizes=\"auto, (max-width: 640px) 100vw, 640px\" \/>\t\t\t\t\t\t\t\t\t\t\t\t\t\t\t<\/p>\n<p>(Foto: esbozodeportivo)<\/p>\n<p>Ciudad de M\u00e9xico.- El pr\u00f3ximo domingo 23 de abril se llevar\u00e1 a cabo la Carrera An\u00e1huac \u201cPonte Pila\u201d de 5 kil\u00f3metros que se correr\u00e1 en la Alcald\u00eda Miguel Hidalgo, as\u00ed lo dio a conocer el director de INDEPORTE, Javier Hidalgo Ponce, durante la presentaci\u00f3n de la playera y medalla de la Ruta An\u00e1huac.<\/p>\n<p>Dicho evento ser\u00e1 totalmente y se espera la participaci\u00f3n de m\u00e1s de 4 mil corredores entre mujeres y hombres quienes podr\u00e1n inscribirse en tres categor\u00edas: libre (18-39 a\u00f1os); m\u00e1ster (40-49 a\u00f1os) y veteranos (50 a\u00f1os o m\u00e1s). Los primeros tres lugares de la categor\u00eda libre recibir\u00e1n las medallas, el restos de los participantes ser\u00e1n galardonados con cortes\u00edas para el Marat\u00f3n de la Ciudad de M\u00e9xico.<\/p>\n<p>\t\t\t\t\t\t\t\t\t\t\t\t\t\t\t<img decoding=\"async\" width=\"575\" height=\"1024\" src=\"https:\/\/esbozodeportivo.com\/wp-content\/uploads\/2023\/04\/Ruta-Anahuac1--575x1024.jpeg\" alt=\"\" loading=\"lazy\" srcset=\"https:\/\/esbozodeportivo.com\/wp-content\/uploads\/2023\/04\/Ruta-Anahuac1--575x1024.jpeg 575w, https:\/\/esbozodeportivo.com\/wp-content\/uploads\/2023\/04\/Ruta-Anahuac1--168x300.jpeg 168w, https:\/\/esbozodeportivo.com\/wp-content\/uploads\/2023\/04\/Ruta-Anahuac1--768x1368.jpeg 768w, https:\/\/esbozodeportivo.com\/wp-content\/uploads\/2023\/04\/Ruta-Anahuac1--863x1536.jpeg 863w, https:\/\/esbozodeportivo.com\/wp-content\/uploads\/2023\/04\/Ruta-Anahuac1--1150x2048.jpeg 1150w, https:\/\/esbozodeportivo.com\/wp-content\/uploads\/2023\/04\/Ruta-Anahuac1--1024x1823.jpeg 1024w, https:\/\/esbozodeportivo.com\/wp-content\/uploads\/2023\/04\/Ruta-Anahuac1--scaled.jpeg 1438w\" sizes=\"auto, (max-width: 575px) 100vw, 575px\" \/>\t\t\t\t\t\t\t\t\t\t\t\t\t\t\t<\/p>\n<p>(Foto: esbozodeportivo)<\/p>\n<p>\u201cEstamos muy entusiasmados porque esta carrera tendr\u00e1 una participaci\u00f3n de 4 mil corredoras y corredores, la primera semana que abrimos las inscripciones quisimos hacerla solo a los vecinos de la Alcald\u00eda Miguel Hidalgo y la respuesta fue excelente con 2,015 inscritos, ya despu\u00e9s -que se abri\u00f3 a todas las otras alcald\u00edas- se llen\u00f3 el cupo en tan solo dos horas\u201d, coment\u00f3\u00a0 Hidalgo Ponce.<\/p>\n<p>Cabe mencionar que el 60 por ciento de los participantes son mujeres, superando el n\u00famero de varones, pues se han inscrito 2,378 corredoras y 1, 622 hombres.<\/p>\n<p>\t\t\t\t\t\t\t\t\t\t\t\t\t\t\t<img decoding=\"async\" width=\"640\" height=\"359\" src=\"https:\/\/esbozodeportivo.com\/wp-content\/uploads\/2023\/04\/Ruta-Anahuac3--1024x575.jpeg\" alt=\"\" loading=\"lazy\" srcset=\"https:\/\/esbozodeportivo.com\/wp-content\/uploads\/2023\/04\/Ruta-Anahuac3--1024x575.jpeg 1024w, https:\/\/esbozodeportivo.com\/wp-content\/uploads\/2023\/04\/Ruta-Anahuac3--300x168.jpeg 300w, https:\/\/esbozodeportivo.com\/wp-content\/uploads\/2023\/04\/Ruta-Anahuac3--768x431.jpeg 768w, https:\/\/esbozodeportivo.com\/wp-content\/uploads\/2023\/04\/Ruta-Anahuac3--1536x863.jpeg 1536w, https:\/\/esbozodeportivo.com\/wp-content\/uploads\/2023\/04\/Ruta-Anahuac3--2048x1150.jpeg 2048w\" sizes=\"auto, (max-width: 640px) 100vw, 640px\" \/>\t\t\t\t\t\t\t\t\t\t\t\t\t\t\t<\/p>\n<p>(Foto: esbozodeportivo)<\/p>\n<p>La carrera comenzar\u00e1 en PILARES Salesiano y Laguna de Guzm\u00e1n, continuar\u00e1 por Nopalitzin, Tl\u00e1loc, Tizoc y Laguna de Mayran, para despu\u00e9s tomar Lago Cuitzeo, Laguna San Crist\u00f3bal y Lago Xochimilco; entrar\u00e1 en su \u00faltimo tramo en Instituto de Higiene, Plaza del \u00c1rbol de la Noche Victoriosa, Mar Blanco y Felipe Carrillo Puerto y terminar en PILARES Salesiano.<\/p>\n<p>\u00a0<\/p>\n<p>\t\t\t\t\t\t\t\t\t\t\t\t\t\t\t<img decoding=\"async\" width=\"640\" height=\"359\" src=\"https:\/\/esbozodeportivo.com\/wp-content\/uploads\/2023\/04\/Ruta-Anahuac2--1024x575.jpeg\" alt=\"\" loading=\"lazy\" srcset=\"https:\/\/esbozodeportivo.com\/wp-content\/uploads\/2023\/04\/Ruta-Anahuac2--1024x575.jpeg 1024w, https:\/\/esbozodeportivo.com\/wp-content\/uploads\/2023\/04\/Ruta-Anahuac2--300x168.jpeg 300w, https:\/\/esbozodeportivo.com\/wp-content\/uploads\/2023\/04\/Ruta-Anahuac2--768x431.jpeg 768w, https:\/\/esbozodeportivo.com\/wp-content\/uploads\/2023\/04\/Ruta-Anahuac2--1536x863.jpeg 1536w, https:\/\/esbozodeportivo.com\/wp-content\/uploads\/2023\/04\/Ruta-Anahuac2--2048x1150.jpeg 2048w\" sizes=\"auto, (max-width: 640px) 100vw, 640px\" \/>\t\t\t\t\t\t\t\t\t\t\t\t\t\t\t<\/p>\n<p>(Foto: esbozodeportivo)<\/p>\n<p>El primer bloque, de la rama femenil, arrancar\u00e1 a las 8:00 horas: la rama varonil iniciar\u00e1 a las 8:10 horas.<\/p>\n<p>La entrega de n\u00famero y playera se llevar\u00e1 a cabo el s\u00e1bado 22 de abril en un horario de 9:00 a 18:00 horas en el PILARES Salesiano, que se ubica en Colegio Salesiano s\/n, An\u00e1huac I Secci\u00f3n, Miguel Hidalgo.<\/p>\n<p>\t\t\t\t\t\t\t\t\t\t\t\t\t\t\t<img decoding=\"async\" width=\"640\" height=\"359\" src=\"https:\/\/esbozodeportivo.com\/wp-content\/uploads\/2023\/04\/Ruta-Anahuac5--1024x575.jpeg\" alt=\"\" loading=\"lazy\" srcset=\"https:\/\/esbozodeportivo.com\/wp-content\/uploads\/2023\/04\/Ruta-Anahuac5--1024x575.jpeg 1024w, https:\/\/esbozodeportivo.com\/wp-content\/uploads\/2023\/04\/Ruta-Anahuac5--300x168.jpeg 300w, https:\/\/esbozodeportivo.com\/wp-content\/uploads\/2023\/04\/Ruta-Anahuac5--768x431.jpeg 768w, https:\/\/esbozodeportivo.com\/wp-content\/uploads\/2023\/04\/Ruta-Anahuac5--1536x863.jpeg 1536w, https:\/\/esbozodeportivo.com\/wp-content\/uploads\/2023\/04\/Ruta-Anahuac5--2048x1150.jpeg 2048w\" sizes=\"auto, (max-width: 640px) 100vw, 640px\" \/>\t\t\t\t\t\t\t\t\t\t\t\t\t\t\t<\/p>\n<p>(Foto: esbozodeportivo)<\/p>\n<p>Esta carrera integra la estrategia de preparaci\u00f3n rumbo al Marat\u00f3n de la Ciudad de M\u00e9xico, que se realizar\u00e1 el pr\u00f3ximo domingo 27 de agosto; Gustavo A. Madero &#8211; Cuautepec el 21 de mayo, Azcapotzalco &#8211; Electricistas el 11 de junio, Tl\u00e1huac el 6 de agosto ser\u00e1n las pr\u00f3ximas carreras se realizar\u00e1n en la capital.<\/p>\n<p>\u00a0<\/p>\n<p>\t\t\t\t\t\t\t\t\t\t\t\t\t\t\t<img decoding=\"async\" width=\"640\" height=\"359\" src=\"https:\/\/esbozodeportivo.com\/wp-content\/uploads\/2023\/04\/Ruta-Anahuac4--1024x575.jpeg\" alt=\"\" loading=\"lazy\" srcset=\"https:\/\/esbozodeportivo.com\/wp-content\/uploads\/2023\/04\/Ruta-Anahuac4--1024x575.jpeg 1024w, https:\/\/esbozodeportivo.com\/wp-content\/uploads\/2023\/04\/Ruta-Anahuac4--300x168.jpeg 300w, https:\/\/esbozodeportivo.com\/wp-content\/uploads\/2023\/04\/Ruta-Anahuac4--768x431.jpeg 768w, https:\/\/esbozodeportivo.com\/wp-content\/uploads\/2023\/04\/Ruta-Anahuac4--1536x863.jpeg 1536w, https:\/\/esbozodeportivo.com\/wp-content\/uploads\/2023\/04\/Ruta-Anahuac4--2048x1150.jpeg 2048w\" sizes=\"auto, (max-width: 640px) 100vw, 640px\" \/>\t\t\t\t\t\t\t\t\t\t\t\t\t\t\t<\/p>\n<p>(Foto: esbozodeportivo)<\/p>\n","protected":false},"excerpt":{"rendered":"<p>(Foto: esbozodeportivo) Ciudad de M\u00e9xico.- El pr\u00f3ximo domingo 23 de abril se llevar\u00e1 a cabo<\/p>\n","protected":false},"author":2,"featured_media":0,"comment_status":"open","ping_status":"open","sticky":false,"template":"","format":"standard","meta":{"_jetpack_memberships_contains_paid_content":false,"footnotes":""},"categories":[5],"tags":[],"class_list":["post-1412","post","type-post","status-publish","format-standard","hentry","category-amateur"],"yoast_head":"<!-- This site is optimized with the Yoast SEO plugin v25.7 - https:\/\/yoast.com\/wordpress\/plugins\/seo\/ -->\n<title>Presentan playera y medallas de la Ruta An\u00e1huac - Esbozo Deportivo<\/title>\n<meta name=\"robots\" content=\"index, follow, max-snippet:-1, max-image-preview:large, max-video-preview:-1\" \/>\n<link rel=\"canonical\" href=\"https:\/\/esbozodeportivo.com\/index.php\/2023\/04\/21\/presentan-playera-y-medallas-de-la-ruta-anahuac\/\" \/>\n<meta property=\"og:locale\" content=\"es_MX\" \/>\n<meta property=\"og:type\" content=\"article\" \/>\n<meta property=\"og:title\" content=\"Presentan playera y medallas de la Ruta An\u00e1huac - Esbozo Deportivo\" \/>\n<meta property=\"og:description\" content=\"(Foto: esbozodeportivo) Ciudad de M\u00e9xico.- El pr\u00f3ximo domingo 23 de abril se llevar\u00e1 a cabo\" \/>\n<meta property=\"og:url\" content=\"https:\/\/esbozodeportivo.com\/index.php\/2023\/04\/21\/presentan-playera-y-medallas-de-la-ruta-anahuac\/\" \/>\n<meta property=\"og:site_name\" content=\"Esbozo Deportivo\" \/>\n<meta property=\"article:published_time\" content=\"2023-04-21T06:05:41+00:00\" \/>\n<meta property=\"article:modified_time\" content=\"2023-04-21T06:14:14+00:00\" \/>\n<meta property=\"og:image\" content=\"https:\/\/esbozodeportivo.com\/wp-content\/uploads\/2023\/04\/Ruta-Anahuac6--1024x575.jpeg\" \/>\n<meta name=\"author\" content=\"Javier De La Cruz\" \/>\n<meta name=\"twitter:card\" content=\"summary_large_image\" \/>\n<meta name=\"twitter:label1\" content=\"Escrito por\" \/>\n\t<meta name=\"twitter:data1\" content=\"Javier De La Cruz\" \/>\n\t<meta name=\"twitter:label2\" content=\"Tiempo de lectura\" \/>\n\t<meta name=\"twitter:data2\" content=\"2 minutos\" \/>\n<script type=\"application\/ld+json\" class=\"yoast-schema-graph\">{\"@context\":\"https:\/\/schema.org\",\"@graph\":[{\"@type\":\"Article\",\"@id\":\"https:\/\/esbozodeportivo.com\/index.php\/2023\/04\/21\/presentan-playera-y-medallas-de-la-ruta-anahuac\/#article\",\"isPartOf\":{\"@id\":\"https:\/\/esbozodeportivo.com\/index.php\/2023\/04\/21\/presentan-playera-y-medallas-de-la-ruta-anahuac\/\"},\"author\":{\"name\":\"Javier De La Cruz\",\"@id\":\"https:\/\/esbozodeportivo.com\/#\/schema\/person\/7277119c98823aec37bbb84e125efd44\"},\"headline\":\"Presentan playera y medallas de la Ruta An\u00e1huac\",\"datePublished\":\"2023-04-21T06:05:41+00:00\",\"dateModified\":\"2023-04-21T06:14:14+00:00\",\"mainEntityOfPage\":{\"@id\":\"https:\/\/esbozodeportivo.com\/index.php\/2023\/04\/21\/presentan-playera-y-medallas-de-la-ruta-anahuac\/\"},\"wordCount\":425,\"commentCount\":0,\"publisher\":{\"@id\":\"https:\/\/esbozodeportivo.com\/#organization\"},\"image\":{\"@id\":\"https:\/\/esbozodeportivo.com\/index.php\/2023\/04\/21\/presentan-playera-y-medallas-de-la-ruta-anahuac\/#primaryimage\"},\"thumbnailUrl\":\"https:\/\/esbozodeportivo.com\/wp-content\/uploads\/2023\/04\/Ruta-Anahuac6--1024x575.jpeg\",\"articleSection\":[\"Amateur\"],\"inLanguage\":\"es\",\"potentialAction\":[{\"@type\":\"CommentAction\",\"name\":\"Comment\",\"target\":[\"https:\/\/esbozodeportivo.com\/index.php\/2023\/04\/21\/presentan-playera-y-medallas-de-la-ruta-anahuac\/#respond\"]}]},{\"@type\":\"WebPage\",\"@id\":\"https:\/\/esbozodeportivo.com\/index.php\/2023\/04\/21\/presentan-playera-y-medallas-de-la-ruta-anahuac\/\",\"url\":\"https:\/\/esbozodeportivo.com\/index.php\/2023\/04\/21\/presentan-playera-y-medallas-de-la-ruta-anahuac\/\",\"name\":\"Presentan playera y medallas de la Ruta An\u00e1huac - Esbozo Deportivo\",\"isPartOf\":{\"@id\":\"https:\/\/esbozodeportivo.com\/#website\"},\"primaryImageOfPage\":{\"@id\":\"https:\/\/esbozodeportivo.com\/index.php\/2023\/04\/21\/presentan-playera-y-medallas-de-la-ruta-anahuac\/#primaryimage\"},\"image\":{\"@id\":\"https:\/\/esbozodeportivo.com\/index.php\/2023\/04\/21\/presentan-playera-y-medallas-de-la-ruta-anahuac\/#primaryimage\"},\"thumbnailUrl\":\"https:\/\/esbozodeportivo.com\/wp-content\/uploads\/2023\/04\/Ruta-Anahuac6--1024x575.jpeg\",\"datePublished\":\"2023-04-21T06:05:41+00:00\",\"dateModified\":\"2023-04-21T06:14:14+00:00\",\"breadcrumb\":{\"@id\":\"https:\/\/esbozodeportivo.com\/index.php\/2023\/04\/21\/presentan-playera-y-medallas-de-la-ruta-anahuac\/#breadcrumb\"},\"inLanguage\":\"es\",\"potentialAction\":[{\"@type\":\"ReadAction\",\"target\":[\"https:\/\/esbozodeportivo.com\/index.php\/2023\/04\/21\/presentan-playera-y-medallas-de-la-ruta-anahuac\/\"]}]},{\"@type\":\"ImageObject\",\"inLanguage\":\"es\",\"@id\":\"https:\/\/esbozodeportivo.com\/index.php\/2023\/04\/21\/presentan-playera-y-medallas-de-la-ruta-anahuac\/#primaryimage\",\"url\":\"https:\/\/esbozodeportivo.com\/wp-content\/uploads\/2023\/04\/Ruta-Anahuac6--1024x575.jpeg\",\"contentUrl\":\"https:\/\/esbozodeportivo.com\/wp-content\/uploads\/2023\/04\/Ruta-Anahuac6--1024x575.jpeg\"},{\"@type\":\"BreadcrumbList\",\"@id\":\"https:\/\/esbozodeportivo.com\/index.php\/2023\/04\/21\/presentan-playera-y-medallas-de-la-ruta-anahuac\/#breadcrumb\",\"itemListElement\":[{\"@type\":\"ListItem\",\"position\":1,\"name\":\"Inicio\",\"item\":\"https:\/\/esbozodeportivo.com\/\"},{\"@type\":\"ListItem\",\"position\":2,\"name\":\"Presentan playera y medallas de la Ruta An\u00e1huac\"}]},{\"@type\":\"WebSite\",\"@id\":\"https:\/\/esbozodeportivo.com\/#website\",\"url\":\"https:\/\/esbozodeportivo.com\/\",\"name\":\"Esbozo Deportivo\",\"description\":\"Lo m\u00e1s importante del Deporte\",\"publisher\":{\"@id\":\"https:\/\/esbozodeportivo.com\/#organization\"},\"potentialAction\":[{\"@type\":\"SearchAction\",\"target\":{\"@type\":\"EntryPoint\",\"urlTemplate\":\"https:\/\/esbozodeportivo.com\/?s={search_term_string}\"},\"query-input\":{\"@type\":\"PropertyValueSpecification\",\"valueRequired\":true,\"valueName\":\"search_term_string\"}}],\"inLanguage\":\"es\"},{\"@type\":\"Organization\",\"@id\":\"https:\/\/esbozodeportivo.com\/#organization\",\"name\":\"Esbozo Deportivo\",\"url\":\"https:\/\/esbozodeportivo.com\/\",\"logo\":{\"@type\":\"ImageObject\",\"inLanguage\":\"es\",\"@id\":\"https:\/\/esbozodeportivo.com\/#\/schema\/logo\/image\/\",\"url\":\"https:\/\/esbozodeportivo.com\/wp-content\/uploads\/2022\/08\/cropped-Logo-Esbozo-Web-2.png\",\"contentUrl\":\"https:\/\/esbozodeportivo.com\/wp-content\/uploads\/2022\/08\/cropped-Logo-Esbozo-Web-2.png\",\"width\":180,\"height\":50,\"caption\":\"Esbozo Deportivo\"},\"image\":{\"@id\":\"https:\/\/esbozodeportivo.com\/#\/schema\/logo\/image\/\"}},{\"@type\":\"Person\",\"@id\":\"https:\/\/esbozodeportivo.com\/#\/schema\/person\/7277119c98823aec37bbb84e125efd44\",\"name\":\"Javier De La Cruz\",\"image\":{\"@type\":\"ImageObject\",\"inLanguage\":\"es\",\"@id\":\"https:\/\/esbozodeportivo.com\/#\/schema\/person\/image\/\",\"url\":\"https:\/\/secure.gravatar.com\/avatar\/366235a56d20f1a6e8e3d0b295897639357bea880470ddf261d17bb0bc052eb1?s=96&d=mm&r=g\",\"contentUrl\":\"https:\/\/secure.gravatar.com\/avatar\/366235a56d20f1a6e8e3d0b295897639357bea880470ddf261d17bb0bc052eb1?s=96&d=mm&r=g\",\"caption\":\"Javier De La Cruz\"},\"url\":\"https:\/\/esbozodeportivo.com\/index.php\/author\/javier-de-la-cruz-de-la-cruz\/\"}]}<\/script>\n<!-- \/ Yoast SEO plugin. -->","yoast_head_json":{"title":"Presentan playera y medallas de la Ruta An\u00e1huac - Esbozo Deportivo","robots":{"index":"index","follow":"follow","max-snippet":"max-snippet:-1","max-image-preview":"max-image-preview:large","max-video-preview":"max-video-preview:-1"},"canonical":"https:\/\/esbozodeportivo.com\/index.php\/2023\/04\/21\/presentan-playera-y-medallas-de-la-ruta-anahuac\/","og_locale":"es_MX","og_type":"article","og_title":"Presentan playera y medallas de la Ruta An\u00e1huac - Esbozo Deportivo","og_description":"(Foto: esbozodeportivo) Ciudad de M\u00e9xico.- El pr\u00f3ximo domingo 23 de abril se llevar\u00e1 a cabo","og_url":"https:\/\/esbozodeportivo.com\/index.php\/2023\/04\/21\/presentan-playera-y-medallas-de-la-ruta-anahuac\/","og_site_name":"Esbozo Deportivo","article_published_time":"2023-04-21T06:05:41+00:00","article_modified_time":"2023-04-21T06:14:14+00:00","og_image":[{"url":"https:\/\/esbozodeportivo.com\/wp-content\/uploads\/2023\/04\/Ruta-Anahuac6--1024x575.jpeg","type":"","width":"","height":""}],"author":"Javier De La Cruz","twitter_card":"summary_large_image","twitter_misc":{"Escrito por":"Javier De La Cruz","Tiempo de lectura":"2 minutos"},"schema":{"@context":"https:\/\/schema.org","@graph":[{"@type":"Article","@id":"https:\/\/esbozodeportivo.com\/index.php\/2023\/04\/21\/presentan-playera-y-medallas-de-la-ruta-anahuac\/#article","isPartOf":{"@id":"https:\/\/esbozodeportivo.com\/index.php\/2023\/04\/21\/presentan-playera-y-medallas-de-la-ruta-anahuac\/"},"author":{"name":"Javier De La Cruz","@id":"https:\/\/esbozodeportivo.com\/#\/schema\/person\/7277119c98823aec37bbb84e125efd44"},"headline":"Presentan playera y medallas de la Ruta An\u00e1huac","datePublished":"2023-04-21T06:05:41+00:00","dateModified":"2023-04-21T06:14:14+00:00","mainEntityOfPage":{"@id":"https:\/\/esbozodeportivo.com\/index.php\/2023\/04\/21\/presentan-playera-y-medallas-de-la-ruta-anahuac\/"},"wordCount":425,"commentCount":0,"publisher":{"@id":"https:\/\/esbozodeportivo.com\/#organization"},"image":{"@id":"https:\/\/esbozodeportivo.com\/index.php\/2023\/04\/21\/presentan-playera-y-medallas-de-la-ruta-anahuac\/#primaryimage"},"thumbnailUrl":"https:\/\/esbozodeportivo.com\/wp-content\/uploads\/2023\/04\/Ruta-Anahuac6--1024x575.jpeg","articleSection":["Amateur"],"inLanguage":"es","potentialAction":[{"@type":"CommentAction","name":"Comment","target":["https:\/\/esbozodeportivo.com\/index.php\/2023\/04\/21\/presentan-playera-y-medallas-de-la-ruta-anahuac\/#respond"]}]},{"@type":"WebPage","@id":"https:\/\/esbozodeportivo.com\/index.php\/2023\/04\/21\/presentan-playera-y-medallas-de-la-ruta-anahuac\/","url":"https:\/\/esbozodeportivo.com\/index.php\/2023\/04\/21\/presentan-playera-y-medallas-de-la-ruta-anahuac\/","name":"Presentan playera y medallas de la Ruta An\u00e1huac - Esbozo Deportivo","isPartOf":{"@id":"https:\/\/esbozodeportivo.com\/#website"},"primaryImageOfPage":{"@id":"https:\/\/esbozodeportivo.com\/index.php\/2023\/04\/21\/presentan-playera-y-medallas-de-la-ruta-anahuac\/#primaryimage"},"image":{"@id":"https:\/\/esbozodeportivo.com\/index.php\/2023\/04\/21\/presentan-playera-y-medallas-de-la-ruta-anahuac\/#primaryimage"},"thumbnailUrl":"https:\/\/esbozodeportivo.com\/wp-content\/uploads\/2023\/04\/Ruta-Anahuac6--1024x575.jpeg","datePublished":"2023-04-21T06:05:41+00:00","dateModified":"2023-04-21T06:14:14+00:00","breadcrumb":{"@id":"https:\/\/esbozodeportivo.com\/index.php\/2023\/04\/21\/presentan-playera-y-medallas-de-la-ruta-anahuac\/#breadcrumb"},"inLanguage":"es","potentialAction":[{"@type":"ReadAction","target":["https:\/\/esbozodeportivo.com\/index.php\/2023\/04\/21\/presentan-playera-y-medallas-de-la-ruta-anahuac\/"]}]},{"@type":"ImageObject","inLanguage":"es","@id":"https:\/\/esbozodeportivo.com\/index.php\/2023\/04\/21\/presentan-playera-y-medallas-de-la-ruta-anahuac\/#primaryimage","url":"https:\/\/esbozodeportivo.com\/wp-content\/uploads\/2023\/04\/Ruta-Anahuac6--1024x575.jpeg","contentUrl":"https:\/\/esbozodeportivo.com\/wp-content\/uploads\/2023\/04\/Ruta-Anahuac6--1024x575.jpeg"},{"@type":"BreadcrumbList","@id":"https:\/\/esbozodeportivo.com\/index.php\/2023\/04\/21\/presentan-playera-y-medallas-de-la-ruta-anahuac\/#breadcrumb","itemListElement":[{"@type":"ListItem","position":1,"name":"Inicio","item":"https:\/\/esbozodeportivo.com\/"},{"@type":"ListItem","position":2,"name":"Presentan playera y medallas de la Ruta An\u00e1huac"}]},{"@type":"WebSite","@id":"https:\/\/esbozodeportivo.com\/#website","url":"https:\/\/esbozodeportivo.com\/","name":"Esbozo Deportivo","description":"Lo m\u00e1s importante del Deporte","publisher":{"@id":"https:\/\/esbozodeportivo.com\/#organization"},"potentialAction":[{"@type":"SearchAction","target":{"@type":"EntryPoint","urlTemplate":"https:\/\/esbozodeportivo.com\/?s={search_term_string}"},"query-input":{"@type":"PropertyValueSpecification","valueRequired":true,"valueName":"search_term_string"}}],"inLanguage":"es"},{"@type":"Organization","@id":"https:\/\/esbozodeportivo.com\/#organization","name":"Esbozo Deportivo","url":"https:\/\/esbozodeportivo.com\/","logo":{"@type":"ImageObject","inLanguage":"es","@id":"https:\/\/esbozodeportivo.com\/#\/schema\/logo\/image\/","url":"https:\/\/esbozodeportivo.com\/wp-content\/uploads\/2022\/08\/cropped-Logo-Esbozo-Web-2.png","contentUrl":"https:\/\/esbozodeportivo.com\/wp-content\/uploads\/2022\/08\/cropped-Logo-Esbozo-Web-2.png","width":180,"height":50,"caption":"Esbozo Deportivo"},"image":{"@id":"https:\/\/esbozodeportivo.com\/#\/schema\/logo\/image\/"}},{"@type":"Person","@id":"https:\/\/esbozodeportivo.com\/#\/schema\/person\/7277119c98823aec37bbb84e125efd44","name":"Javier De La Cruz","image":{"@type":"ImageObject","inLanguage":"es","@id":"https:\/\/esbozodeportivo.com\/#\/schema\/person\/image\/","url":"https:\/\/secure.gravatar.com\/avatar\/366235a56d20f1a6e8e3d0b295897639357bea880470ddf261d17bb0bc052eb1?s=96&d=mm&r=g","contentUrl":"https:\/\/secure.gravatar.com\/avatar\/366235a56d20f1a6e8e3d0b295897639357bea880470ddf261d17bb0bc052eb1?s=96&d=mm&r=g","caption":"Javier De La Cruz"},"url":"https:\/\/esbozodeportivo.com\/index.php\/author\/javier-de-la-cruz-de-la-cruz\/"}]}},"jetpack_featured_media_url":"","jetpack_sharing_enabled":true,"_links":{"self":[{"href":"https:\/\/esbozodeportivo.com\/index.php\/wp-json\/wp\/v2\/posts\/1412","targetHints":{"allow":["GET"]}}],"collection":[{"href":"https:\/\/esbozodeportivo.com\/index.php\/wp-json\/wp\/v2\/posts"}],"about":[{"href":"https:\/\/esbozodeportivo.com\/index.php\/wp-json\/wp\/v2\/types\/post"}],"author":[{"embeddable":true,"href":"https:\/\/esbozodeportivo.com\/index.php\/wp-json\/wp\/v2\/users\/2"}],"replies":[{"embeddable":true,"href":"https:\/\/esbozodeportivo.com\/index.php\/wp-json\/wp\/v2\/comments?post=1412"}],"version-history":[{"count":4,"href":"https:\/\/esbozodeportivo.com\/index.php\/wp-json\/wp\/v2\/posts\/1412\/revisions"}],"predecessor-version":[{"id":1423,"href":"https:\/\/esbozodeportivo.com\/index.php\/wp-json\/wp\/v2\/posts\/1412\/revisions\/1423"}],"wp:attachment":[{"href":"https:\/\/esbozodeportivo.com\/index.php\/wp-json\/wp\/v2\/media?parent=1412"}],"wp:term":[{"taxonomy":"category","embeddable":true,"href":"https:\/\/esbozodeportivo.com\/index.php\/wp-json\/wp\/v2\/categories?post=1412"},{"taxonomy":"post_tag","embeddable":true,"href":"https:\/\/esbozodeportivo.com\/index.php\/wp-json\/wp\/v2\/tags?post=1412"}],"curies":[{"name":"wp","href":"https:\/\/api.w.org\/{rel}","templated":true}]}}