{"id":14214,"date":"2026-04-22T17:34:54","date_gmt":"2026-04-22T23:34:54","guid":{"rendered":"https:\/\/esbozodeportivo.com\/?p=14214"},"modified":"2026-04-22T17:34:55","modified_gmt":"2026-04-22T23:34:55","slug":"acapulco-sera-sede-historica-de-la-copa-mundial-de-footgolf-2026","status":"publish","type":"post","link":"https:\/\/esbozodeportivo.com\/index.php\/2026\/04\/22\/acapulco-sera-sede-historica-de-la-copa-mundial-de-footgolf-2026\/","title":{"rendered":"Acapulco ser\u00e1 sede hist\u00f3rica de la Copa Mundial de FootGolf 2026"},"content":{"rendered":"\n<p><strong>Por Javier de la Cruz<\/strong><\/p>\n\n\n\n<p><strong>Fotos: (esbozodeportivo)<\/strong><\/p>\n\n\n\n<p><em><strong>Ciudad de M\u00e9xico<\/strong>.-<\/em> En conferencia de prensa<strong>, Fernando Name Guzzy<\/strong> anunci\u00f3 oficialmente la realizaci\u00f3n de la <strong>Quinta Copa Mundial de FootGolf 2026<\/strong>, que se llevar\u00e1 a cabo del <strong>27 de mayo al 7 de junio<\/strong> en el puerto de Acapulco, marcando un hecho sin precedentes al ser la <strong>primera edici\u00f3n celebrada en Latinoam\u00e9rica<\/strong>.<\/p>\n\n\n\n<p>El dirigente estuvo acompa\u00f1ado por <strong>Arturo Villase\u00f1or<\/strong>, Manager y Director de <strong>Tres Vidas<\/strong> quien destac\u00f3 la relevancia del evento y la preparaci\u00f3n de las instalaciones para recibir a deportistas de talla internacional.<\/p>\n\n\n\n<p>Durante el anuncio, se inform\u00f3 que se espera la participaci\u00f3n de <strong>alrededor de 60 pa\u00edses provenientes de distintos continentes<\/strong>, cuyos representantes competir\u00e1n en las categor\u00edas <strong>femenino, varonil, senior y senior plus<\/strong>. Los encuentros se desarrollar\u00e1n en los reconocidos campos de golf Turtle Dunes y Tres Vidas Acapulco, considerados entre los m\u00e1s importantes del destino.<\/p>\n\n\n\n<figure class=\"wp-block-image size-large\"><img loading=\"lazy\" decoding=\"async\" width=\"1024\" height=\"682\" src=\"https:\/\/esbozodeportivo.com\/wp-content\/uploads\/2026\/04\/DSC04838-1024x682.jpg\" alt=\"\" class=\"wp-image-14217\" srcset=\"https:\/\/esbozodeportivo.com\/wp-content\/uploads\/2026\/04\/DSC04838-1024x682.jpg 1024w, https:\/\/esbozodeportivo.com\/wp-content\/uploads\/2026\/04\/DSC04838-300x200.jpg 300w, https:\/\/esbozodeportivo.com\/wp-content\/uploads\/2026\/04\/DSC04838-768x511.jpg 768w, https:\/\/esbozodeportivo.com\/wp-content\/uploads\/2026\/04\/DSC04838-1536x1022.jpg 1536w, https:\/\/esbozodeportivo.com\/wp-content\/uploads\/2026\/04\/DSC04838-2048x1363.jpg 2048w\" sizes=\"auto, (max-width: 1024px) 100vw, 1024px\" \/><\/figure>\n\n\n\n<p>Uno de los atractivos principales ser\u00e1 la presencia de <strong>exfutbolistas profesionales mexicanos e internacionales<\/strong>, as\u00ed como figuras del entretenimiento. Tambi\u00e9n se confirm\u00f3 la participaci\u00f3n de representantes del Club Am\u00e9rica, lo que incrementa el inter\u00e9s medi\u00e1tico y la proyecci\u00f3n del torneo.<\/p>\n\n\n\n<p><strong>Name Guzzy<\/strong> subray\u00f3 que el <strong>FootGolf,<\/strong> disciplina que combina reglas del golf con el uso de un bal\u00f3n de f\u00fatbol, ha tenido un crecimiento sostenido a nivel global en los \u00faltimos a\u00f1os, consolid\u00e1ndose como un deporte incluyente y atractivo tanto para profesionales como aficionados.<\/p>\n\n\n\n<p>Adem\u00e1s del impacto deportivo, el evento tendr\u00e1 un importante efecto econ\u00f3mico. Se estima una <strong>derrama de aproximadamente 145 millones de pesos<\/strong>, lo que contribuir\u00e1 significativamente a la reactivaci\u00f3n del puerto tras los estragos ocasionados por fen\u00f3menos naturales recientes, como huracanes y sismos que afectaron al estado de Guerrero.<\/p>\n\n\n\n<figure class=\"wp-block-image size-large\"><img loading=\"lazy\" decoding=\"async\" width=\"1024\" height=\"682\" src=\"https:\/\/esbozodeportivo.com\/wp-content\/uploads\/2026\/04\/DSC04808-1024x682.jpg\" alt=\"\" class=\"wp-image-14216\" srcset=\"https:\/\/esbozodeportivo.com\/wp-content\/uploads\/2026\/04\/DSC04808-1024x682.jpg 1024w, https:\/\/esbozodeportivo.com\/wp-content\/uploads\/2026\/04\/DSC04808-300x200.jpg 300w, https:\/\/esbozodeportivo.com\/wp-content\/uploads\/2026\/04\/DSC04808-768x511.jpg 768w, https:\/\/esbozodeportivo.com\/wp-content\/uploads\/2026\/04\/DSC04808-1536x1022.jpg 1536w, https:\/\/esbozodeportivo.com\/wp-content\/uploads\/2026\/04\/DSC04808-2048x1363.jpg 2048w\" sizes=\"auto, (max-width: 1024px) 100vw, 1024px\" \/><\/figure>\n\n\n\n<p>Las autoridades destacaron que este tipo de eventos internacionales fortalecen la imagen de <strong>Acapulco<\/strong> como destino tur\u00edstico de clase mundial, adem\u00e1s de generar empleos temporales, impulsar la ocupaci\u00f3n hotelera y promover la infraestructura local.<\/p>\n\n\n\n<p>Finalmente, los organizadores adelantaron que en los pr\u00f3ximos meses se dar\u00e1 a conocer el calendario oficial de actividades, eventos alternos y din\u00e1micas para el p\u00fablico, que incluir\u00e1n exhibiciones, cl\u00ednicas deportivas y actividades culturales para los asistentes nacionales e internacionales.<\/p>\n\n\n\n<figure class=\"wp-block-image size-large\"><img loading=\"lazy\" decoding=\"async\" width=\"1024\" height=\"682\" src=\"https:\/\/esbozodeportivo.com\/wp-content\/uploads\/2026\/04\/DSC04850-1024x682.jpg\" alt=\"\" class=\"wp-image-14218\" srcset=\"https:\/\/esbozodeportivo.com\/wp-content\/uploads\/2026\/04\/DSC04850-1024x682.jpg 1024w, https:\/\/esbozodeportivo.com\/wp-content\/uploads\/2026\/04\/DSC04850-300x200.jpg 300w, https:\/\/esbozodeportivo.com\/wp-content\/uploads\/2026\/04\/DSC04850-768x511.jpg 768w, https:\/\/esbozodeportivo.com\/wp-content\/uploads\/2026\/04\/DSC04850-1536x1022.jpg 1536w, https:\/\/esbozodeportivo.com\/wp-content\/uploads\/2026\/04\/DSC04850-2048x1363.jpg 2048w\" sizes=\"auto, (max-width: 1024px) 100vw, 1024px\" \/><\/figure>\n\n\n\n<figure class=\"wp-block-image size-large\"><img loading=\"lazy\" decoding=\"async\" width=\"1024\" height=\"722\" src=\"https:\/\/esbozodeportivo.com\/wp-content\/uploads\/2026\/04\/DSC04864-1024x722.jpg\" alt=\"\" class=\"wp-image-14219\" srcset=\"https:\/\/esbozodeportivo.com\/wp-content\/uploads\/2026\/04\/DSC04864-1024x722.jpg 1024w, https:\/\/esbozodeportivo.com\/wp-content\/uploads\/2026\/04\/DSC04864-300x212.jpg 300w, https:\/\/esbozodeportivo.com\/wp-content\/uploads\/2026\/04\/DSC04864-768x542.jpg 768w, https:\/\/esbozodeportivo.com\/wp-content\/uploads\/2026\/04\/DSC04864-1536x1084.jpg 1536w, https:\/\/esbozodeportivo.com\/wp-content\/uploads\/2026\/04\/DSC04864-2048x1445.jpg 2048w\" sizes=\"auto, (max-width: 1024px) 100vw, 1024px\" \/><\/figure>\n\n\n\n<figure class=\"wp-block-image size-large\"><img loading=\"lazy\" decoding=\"async\" width=\"1024\" height=\"659\" src=\"https:\/\/esbozodeportivo.com\/wp-content\/uploads\/2026\/04\/DSC04875-1024x659.jpg\" alt=\"\" class=\"wp-image-14220\" srcset=\"https:\/\/esbozodeportivo.com\/wp-content\/uploads\/2026\/04\/DSC04875-1024x659.jpg 1024w, https:\/\/esbozodeportivo.com\/wp-content\/uploads\/2026\/04\/DSC04875-300x193.jpg 300w, https:\/\/esbozodeportivo.com\/wp-content\/uploads\/2026\/04\/DSC04875-768x494.jpg 768w, https:\/\/esbozodeportivo.com\/wp-content\/uploads\/2026\/04\/DSC04875-1536x988.jpg 1536w, https:\/\/esbozodeportivo.com\/wp-content\/uploads\/2026\/04\/DSC04875-2048x1317.jpg 2048w\" sizes=\"auto, (max-width: 1024px) 100vw, 1024px\" \/><\/figure>\n\n\n\n<p><\/p>\n","protected":false},"excerpt":{"rendered":"<p>Por Javier de la Cruz Fotos: (esbozodeportivo) Ciudad de M\u00e9xico.- En conferencia de prensa, Fernando<\/p>\n","protected":false},"author":2,"featured_media":14215,"comment_status":"closed","ping_status":"open","sticky":false,"template":"","format":"standard","meta":{"_jetpack_memberships_contains_paid_content":false,"footnotes":""},"categories":[106],"tags":[],"class_list":["post-14214","post","type-post","status-publish","format-standard","has-post-thumbnail","hentry","category-footgolf"],"yoast_head":"<!-- This site is optimized with the Yoast SEO plugin v25.7 - https:\/\/yoast.com\/wordpress\/plugins\/seo\/ -->\n<title>Acapulco ser\u00e1 sede hist\u00f3rica de la Copa Mundial de FootGolf 2026 - Esbozo Deportivo<\/title>\n<meta name=\"description\" content=\"En conferencia de prensa, Fernando Name Guzzy anunci\u00f3 oficialmente la realizaci\u00f3n de la Quinta Copa Mundial de FootGolf 2026, que se llevar\u00e1 a cabo del 27 de mayo al 7 de junio en el puerto de Acapulco, marcando un hecho sin precedentes al ser la primera edici\u00f3n celebrada en Latinoam\u00e9rica.\" \/>\n<meta name=\"robots\" content=\"index, follow, max-snippet:-1, max-image-preview:large, max-video-preview:-1\" \/>\n<link rel=\"canonical\" href=\"https:\/\/esbozodeportivo.com\/index.php\/2026\/04\/22\/acapulco-sera-sede-historica-de-la-copa-mundial-de-footgolf-2026\/\" \/>\n<meta property=\"og:locale\" content=\"es_MX\" \/>\n<meta property=\"og:type\" content=\"article\" \/>\n<meta property=\"og:title\" content=\"Acapulco ser\u00e1 sede hist\u00f3rica de la Copa Mundial de FootGolf 2026 - Esbozo Deportivo\" \/>\n<meta property=\"og:description\" content=\"En conferencia de prensa, Fernando Name Guzzy anunci\u00f3 oficialmente la realizaci\u00f3n de la Quinta Copa Mundial de FootGolf 2026, que se llevar\u00e1 a cabo del 27 de mayo al 7 de junio en el puerto de Acapulco, marcando un hecho sin precedentes al ser la primera edici\u00f3n celebrada en Latinoam\u00e9rica.\" \/>\n<meta property=\"og:url\" content=\"https:\/\/esbozodeportivo.com\/index.php\/2026\/04\/22\/acapulco-sera-sede-historica-de-la-copa-mundial-de-footgolf-2026\/\" \/>\n<meta property=\"og:site_name\" content=\"Esbozo Deportivo\" \/>\n<meta property=\"article:published_time\" content=\"2026-04-22T23:34:54+00:00\" \/>\n<meta property=\"article:modified_time\" content=\"2026-04-22T23:34:55+00:00\" \/>\n<meta property=\"og:image\" content=\"https:\/\/esbozodeportivo.com\/wp-content\/uploads\/2026\/04\/DSC04891-scaled.jpg\" \/>\n\t<meta property=\"og:image:width\" content=\"2560\" \/>\n\t<meta property=\"og:image:height\" content=\"1704\" \/>\n\t<meta property=\"og:image:type\" content=\"image\/jpeg\" \/>\n<meta name=\"author\" content=\"Javier De La Cruz\" \/>\n<meta name=\"twitter:card\" content=\"summary_large_image\" \/>\n<meta name=\"twitter:label1\" content=\"Escrito por\" \/>\n\t<meta name=\"twitter:data1\" content=\"Javier De La Cruz\" \/>\n\t<meta name=\"twitter:label2\" content=\"Tiempo de lectura\" \/>\n\t<meta name=\"twitter:data2\" content=\"3 minutos\" \/>\n<script type=\"application\/ld+json\" class=\"yoast-schema-graph\">{\"@context\":\"https:\/\/schema.org\",\"@graph\":[{\"@type\":\"Article\",\"@id\":\"https:\/\/esbozodeportivo.com\/index.php\/2026\/04\/22\/acapulco-sera-sede-historica-de-la-copa-mundial-de-footgolf-2026\/#article\",\"isPartOf\":{\"@id\":\"https:\/\/esbozodeportivo.com\/index.php\/2026\/04\/22\/acapulco-sera-sede-historica-de-la-copa-mundial-de-footgolf-2026\/\"},\"author\":{\"name\":\"Javier De La Cruz\",\"@id\":\"https:\/\/esbozodeportivo.com\/#\/schema\/person\/7277119c98823aec37bbb84e125efd44\"},\"headline\":\"Acapulco ser\u00e1 sede hist\u00f3rica de la Copa Mundial de FootGolf 2026\",\"datePublished\":\"2026-04-22T23:34:54+00:00\",\"dateModified\":\"2026-04-22T23:34:55+00:00\",\"mainEntityOfPage\":{\"@id\":\"https:\/\/esbozodeportivo.com\/index.php\/2026\/04\/22\/acapulco-sera-sede-historica-de-la-copa-mundial-de-footgolf-2026\/\"},\"wordCount\":393,\"publisher\":{\"@id\":\"https:\/\/esbozodeportivo.com\/#organization\"},\"image\":{\"@id\":\"https:\/\/esbozodeportivo.com\/index.php\/2026\/04\/22\/acapulco-sera-sede-historica-de-la-copa-mundial-de-footgolf-2026\/#primaryimage\"},\"thumbnailUrl\":\"https:\/\/esbozodeportivo.com\/wp-content\/uploads\/2026\/04\/DSC04891-scaled.jpg\",\"articleSection\":[\"FootGolf\"],\"inLanguage\":\"es\"},{\"@type\":\"WebPage\",\"@id\":\"https:\/\/esbozodeportivo.com\/index.php\/2026\/04\/22\/acapulco-sera-sede-historica-de-la-copa-mundial-de-footgolf-2026\/\",\"url\":\"https:\/\/esbozodeportivo.com\/index.php\/2026\/04\/22\/acapulco-sera-sede-historica-de-la-copa-mundial-de-footgolf-2026\/\",\"name\":\"Acapulco ser\u00e1 sede hist\u00f3rica de la Copa Mundial de FootGolf 2026 - Esbozo Deportivo\",\"isPartOf\":{\"@id\":\"https:\/\/esbozodeportivo.com\/#website\"},\"primaryImageOfPage\":{\"@id\":\"https:\/\/esbozodeportivo.com\/index.php\/2026\/04\/22\/acapulco-sera-sede-historica-de-la-copa-mundial-de-footgolf-2026\/#primaryimage\"},\"image\":{\"@id\":\"https:\/\/esbozodeportivo.com\/index.php\/2026\/04\/22\/acapulco-sera-sede-historica-de-la-copa-mundial-de-footgolf-2026\/#primaryimage\"},\"thumbnailUrl\":\"https:\/\/esbozodeportivo.com\/wp-content\/uploads\/2026\/04\/DSC04891-scaled.jpg\",\"datePublished\":\"2026-04-22T23:34:54+00:00\",\"dateModified\":\"2026-04-22T23:34:55+00:00\",\"description\":\"En conferencia de prensa, Fernando Name Guzzy anunci\u00f3 oficialmente la realizaci\u00f3n de la Quinta Copa Mundial de FootGolf 2026, que se llevar\u00e1 a cabo del 27 de mayo al 7 de junio en el puerto de Acapulco, marcando un hecho sin precedentes al ser la primera edici\u00f3n celebrada en Latinoam\u00e9rica.\",\"breadcrumb\":{\"@id\":\"https:\/\/esbozodeportivo.com\/index.php\/2026\/04\/22\/acapulco-sera-sede-historica-de-la-copa-mundial-de-footgolf-2026\/#breadcrumb\"},\"inLanguage\":\"es\",\"potentialAction\":[{\"@type\":\"ReadAction\",\"target\":[\"https:\/\/esbozodeportivo.com\/index.php\/2026\/04\/22\/acapulco-sera-sede-historica-de-la-copa-mundial-de-footgolf-2026\/\"]}]},{\"@type\":\"ImageObject\",\"inLanguage\":\"es\",\"@id\":\"https:\/\/esbozodeportivo.com\/index.php\/2026\/04\/22\/acapulco-sera-sede-historica-de-la-copa-mundial-de-footgolf-2026\/#primaryimage\",\"url\":\"https:\/\/esbozodeportivo.com\/wp-content\/uploads\/2026\/04\/DSC04891-scaled.jpg\",\"contentUrl\":\"https:\/\/esbozodeportivo.com\/wp-content\/uploads\/2026\/04\/DSC04891-scaled.jpg\",\"width\":2560,\"height\":1704},{\"@type\":\"BreadcrumbList\",\"@id\":\"https:\/\/esbozodeportivo.com\/index.php\/2026\/04\/22\/acapulco-sera-sede-historica-de-la-copa-mundial-de-footgolf-2026\/#breadcrumb\",\"itemListElement\":[{\"@type\":\"ListItem\",\"position\":1,\"name\":\"Inicio\",\"item\":\"https:\/\/esbozodeportivo.com\/\"},{\"@type\":\"ListItem\",\"position\":2,\"name\":\"Acapulco ser\u00e1 sede hist\u00f3rica de la Copa Mundial de FootGolf 2026\"}]},{\"@type\":\"WebSite\",\"@id\":\"https:\/\/esbozodeportivo.com\/#website\",\"url\":\"https:\/\/esbozodeportivo.com\/\",\"name\":\"Esbozo Deportivo\",\"description\":\"Lo m\u00e1s importante del Deporte\",\"publisher\":{\"@id\":\"https:\/\/esbozodeportivo.com\/#organization\"},\"potentialAction\":[{\"@type\":\"SearchAction\",\"target\":{\"@type\":\"EntryPoint\",\"urlTemplate\":\"https:\/\/esbozodeportivo.com\/?s={search_term_string}\"},\"query-input\":{\"@type\":\"PropertyValueSpecification\",\"valueRequired\":true,\"valueName\":\"search_term_string\"}}],\"inLanguage\":\"es\"},{\"@type\":\"Organization\",\"@id\":\"https:\/\/esbozodeportivo.com\/#organization\",\"name\":\"Esbozo Deportivo\",\"url\":\"https:\/\/esbozodeportivo.com\/\",\"logo\":{\"@type\":\"ImageObject\",\"inLanguage\":\"es\",\"@id\":\"https:\/\/esbozodeportivo.com\/#\/schema\/logo\/image\/\",\"url\":\"https:\/\/esbozodeportivo.com\/wp-content\/uploads\/2022\/08\/cropped-Logo-Esbozo-Web-2.png\",\"contentUrl\":\"https:\/\/esbozodeportivo.com\/wp-content\/uploads\/2022\/08\/cropped-Logo-Esbozo-Web-2.png\",\"width\":180,\"height\":50,\"caption\":\"Esbozo Deportivo\"},\"image\":{\"@id\":\"https:\/\/esbozodeportivo.com\/#\/schema\/logo\/image\/\"}},{\"@type\":\"Person\",\"@id\":\"https:\/\/esbozodeportivo.com\/#\/schema\/person\/7277119c98823aec37bbb84e125efd44\",\"name\":\"Javier De La Cruz\",\"image\":{\"@type\":\"ImageObject\",\"inLanguage\":\"es\",\"@id\":\"https:\/\/esbozodeportivo.com\/#\/schema\/person\/image\/\",\"url\":\"https:\/\/secure.gravatar.com\/avatar\/366235a56d20f1a6e8e3d0b295897639357bea880470ddf261d17bb0bc052eb1?s=96&d=mm&r=g\",\"contentUrl\":\"https:\/\/secure.gravatar.com\/avatar\/366235a56d20f1a6e8e3d0b295897639357bea880470ddf261d17bb0bc052eb1?s=96&d=mm&r=g\",\"caption\":\"Javier De La Cruz\"},\"url\":\"https:\/\/esbozodeportivo.com\/index.php\/author\/javier-de-la-cruz-de-la-cruz\/\"}]}<\/script>\n<!-- \/ Yoast SEO plugin. -->","yoast_head_json":{"title":"Acapulco ser\u00e1 sede hist\u00f3rica de la Copa Mundial de FootGolf 2026 - Esbozo Deportivo","description":"En conferencia de prensa, Fernando Name Guzzy anunci\u00f3 oficialmente la realizaci\u00f3n de la Quinta Copa Mundial de FootGolf 2026, que se llevar\u00e1 a cabo del 27 de mayo al 7 de junio en el puerto de Acapulco, marcando un hecho sin precedentes al ser la primera edici\u00f3n celebrada en Latinoam\u00e9rica.","robots":{"index":"index","follow":"follow","max-snippet":"max-snippet:-1","max-image-preview":"max-image-preview:large","max-video-preview":"max-video-preview:-1"},"canonical":"https:\/\/esbozodeportivo.com\/index.php\/2026\/04\/22\/acapulco-sera-sede-historica-de-la-copa-mundial-de-footgolf-2026\/","og_locale":"es_MX","og_type":"article","og_title":"Acapulco ser\u00e1 sede hist\u00f3rica de la Copa Mundial de FootGolf 2026 - Esbozo Deportivo","og_description":"En conferencia de prensa, Fernando Name Guzzy anunci\u00f3 oficialmente la realizaci\u00f3n de la Quinta Copa Mundial de FootGolf 2026, que se llevar\u00e1 a cabo del 27 de mayo al 7 de junio en el puerto de Acapulco, marcando un hecho sin precedentes al ser la primera edici\u00f3n celebrada en Latinoam\u00e9rica.","og_url":"https:\/\/esbozodeportivo.com\/index.php\/2026\/04\/22\/acapulco-sera-sede-historica-de-la-copa-mundial-de-footgolf-2026\/","og_site_name":"Esbozo Deportivo","article_published_time":"2026-04-22T23:34:54+00:00","article_modified_time":"2026-04-22T23:34:55+00:00","og_image":[{"width":2560,"height":1704,"url":"https:\/\/esbozodeportivo.com\/wp-content\/uploads\/2026\/04\/DSC04891-scaled.jpg","type":"image\/jpeg"}],"author":"Javier De La Cruz","twitter_card":"summary_large_image","twitter_misc":{"Escrito por":"Javier De La Cruz","Tiempo de lectura":"3 minutos"},"schema":{"@context":"https:\/\/schema.org","@graph":[{"@type":"Article","@id":"https:\/\/esbozodeportivo.com\/index.php\/2026\/04\/22\/acapulco-sera-sede-historica-de-la-copa-mundial-de-footgolf-2026\/#article","isPartOf":{"@id":"https:\/\/esbozodeportivo.com\/index.php\/2026\/04\/22\/acapulco-sera-sede-historica-de-la-copa-mundial-de-footgolf-2026\/"},"author":{"name":"Javier De La Cruz","@id":"https:\/\/esbozodeportivo.com\/#\/schema\/person\/7277119c98823aec37bbb84e125efd44"},"headline":"Acapulco ser\u00e1 sede hist\u00f3rica de la Copa Mundial de FootGolf 2026","datePublished":"2026-04-22T23:34:54+00:00","dateModified":"2026-04-22T23:34:55+00:00","mainEntityOfPage":{"@id":"https:\/\/esbozodeportivo.com\/index.php\/2026\/04\/22\/acapulco-sera-sede-historica-de-la-copa-mundial-de-footgolf-2026\/"},"wordCount":393,"publisher":{"@id":"https:\/\/esbozodeportivo.com\/#organization"},"image":{"@id":"https:\/\/esbozodeportivo.com\/index.php\/2026\/04\/22\/acapulco-sera-sede-historica-de-la-copa-mundial-de-footgolf-2026\/#primaryimage"},"thumbnailUrl":"https:\/\/esbozodeportivo.com\/wp-content\/uploads\/2026\/04\/DSC04891-scaled.jpg","articleSection":["FootGolf"],"inLanguage":"es"},{"@type":"WebPage","@id":"https:\/\/esbozodeportivo.com\/index.php\/2026\/04\/22\/acapulco-sera-sede-historica-de-la-copa-mundial-de-footgolf-2026\/","url":"https:\/\/esbozodeportivo.com\/index.php\/2026\/04\/22\/acapulco-sera-sede-historica-de-la-copa-mundial-de-footgolf-2026\/","name":"Acapulco ser\u00e1 sede hist\u00f3rica de la Copa Mundial de FootGolf 2026 - Esbozo Deportivo","isPartOf":{"@id":"https:\/\/esbozodeportivo.com\/#website"},"primaryImageOfPage":{"@id":"https:\/\/esbozodeportivo.com\/index.php\/2026\/04\/22\/acapulco-sera-sede-historica-de-la-copa-mundial-de-footgolf-2026\/#primaryimage"},"image":{"@id":"https:\/\/esbozodeportivo.com\/index.php\/2026\/04\/22\/acapulco-sera-sede-historica-de-la-copa-mundial-de-footgolf-2026\/#primaryimage"},"thumbnailUrl":"https:\/\/esbozodeportivo.com\/wp-content\/uploads\/2026\/04\/DSC04891-scaled.jpg","datePublished":"2026-04-22T23:34:54+00:00","dateModified":"2026-04-22T23:34:55+00:00","description":"En conferencia de prensa, Fernando Name Guzzy anunci\u00f3 oficialmente la realizaci\u00f3n de la Quinta Copa Mundial de FootGolf 2026, que se llevar\u00e1 a cabo del 27 de mayo al 7 de junio en el puerto de Acapulco, marcando un hecho sin precedentes al ser la primera edici\u00f3n celebrada en Latinoam\u00e9rica.","breadcrumb":{"@id":"https:\/\/esbozodeportivo.com\/index.php\/2026\/04\/22\/acapulco-sera-sede-historica-de-la-copa-mundial-de-footgolf-2026\/#breadcrumb"},"inLanguage":"es","potentialAction":[{"@type":"ReadAction","target":["https:\/\/esbozodeportivo.com\/index.php\/2026\/04\/22\/acapulco-sera-sede-historica-de-la-copa-mundial-de-footgolf-2026\/"]}]},{"@type":"ImageObject","inLanguage":"es","@id":"https:\/\/esbozodeportivo.com\/index.php\/2026\/04\/22\/acapulco-sera-sede-historica-de-la-copa-mundial-de-footgolf-2026\/#primaryimage","url":"https:\/\/esbozodeportivo.com\/wp-content\/uploads\/2026\/04\/DSC04891-scaled.jpg","contentUrl":"https:\/\/esbozodeportivo.com\/wp-content\/uploads\/2026\/04\/DSC04891-scaled.jpg","width":2560,"height":1704},{"@type":"BreadcrumbList","@id":"https:\/\/esbozodeportivo.com\/index.php\/2026\/04\/22\/acapulco-sera-sede-historica-de-la-copa-mundial-de-footgolf-2026\/#breadcrumb","itemListElement":[{"@type":"ListItem","position":1,"name":"Inicio","item":"https:\/\/esbozodeportivo.com\/"},{"@type":"ListItem","position":2,"name":"Acapulco ser\u00e1 sede hist\u00f3rica de la Copa Mundial de FootGolf 2026"}]},{"@type":"WebSite","@id":"https:\/\/esbozodeportivo.com\/#website","url":"https:\/\/esbozodeportivo.com\/","name":"Esbozo Deportivo","description":"Lo m\u00e1s importante del Deporte","publisher":{"@id":"https:\/\/esbozodeportivo.com\/#organization"},"potentialAction":[{"@type":"SearchAction","target":{"@type":"EntryPoint","urlTemplate":"https:\/\/esbozodeportivo.com\/?s={search_term_string}"},"query-input":{"@type":"PropertyValueSpecification","valueRequired":true,"valueName":"search_term_string"}}],"inLanguage":"es"},{"@type":"Organization","@id":"https:\/\/esbozodeportivo.com\/#organization","name":"Esbozo Deportivo","url":"https:\/\/esbozodeportivo.com\/","logo":{"@type":"ImageObject","inLanguage":"es","@id":"https:\/\/esbozodeportivo.com\/#\/schema\/logo\/image\/","url":"https:\/\/esbozodeportivo.com\/wp-content\/uploads\/2022\/08\/cropped-Logo-Esbozo-Web-2.png","contentUrl":"https:\/\/esbozodeportivo.com\/wp-content\/uploads\/2022\/08\/cropped-Logo-Esbozo-Web-2.png","width":180,"height":50,"caption":"Esbozo Deportivo"},"image":{"@id":"https:\/\/esbozodeportivo.com\/#\/schema\/logo\/image\/"}},{"@type":"Person","@id":"https:\/\/esbozodeportivo.com\/#\/schema\/person\/7277119c98823aec37bbb84e125efd44","name":"Javier De La Cruz","image":{"@type":"ImageObject","inLanguage":"es","@id":"https:\/\/esbozodeportivo.com\/#\/schema\/person\/image\/","url":"https:\/\/secure.gravatar.com\/avatar\/366235a56d20f1a6e8e3d0b295897639357bea880470ddf261d17bb0bc052eb1?s=96&d=mm&r=g","contentUrl":"https:\/\/secure.gravatar.com\/avatar\/366235a56d20f1a6e8e3d0b295897639357bea880470ddf261d17bb0bc052eb1?s=96&d=mm&r=g","caption":"Javier De La Cruz"},"url":"https:\/\/esbozodeportivo.com\/index.php\/author\/javier-de-la-cruz-de-la-cruz\/"}]}},"jetpack_featured_media_url":"https:\/\/esbozodeportivo.com\/wp-content\/uploads\/2026\/04\/DSC04891-scaled.jpg","jetpack_sharing_enabled":true,"_links":{"self":[{"href":"https:\/\/esbozodeportivo.com\/index.php\/wp-json\/wp\/v2\/posts\/14214","targetHints":{"allow":["GET"]}}],"collection":[{"href":"https:\/\/esbozodeportivo.com\/index.php\/wp-json\/wp\/v2\/posts"}],"about":[{"href":"https:\/\/esbozodeportivo.com\/index.php\/wp-json\/wp\/v2\/types\/post"}],"author":[{"embeddable":true,"href":"https:\/\/esbozodeportivo.com\/index.php\/wp-json\/wp\/v2\/users\/2"}],"replies":[{"embeddable":true,"href":"https:\/\/esbozodeportivo.com\/index.php\/wp-json\/wp\/v2\/comments?post=14214"}],"version-history":[{"count":1,"href":"https:\/\/esbozodeportivo.com\/index.php\/wp-json\/wp\/v2\/posts\/14214\/revisions"}],"predecessor-version":[{"id":14221,"href":"https:\/\/esbozodeportivo.com\/index.php\/wp-json\/wp\/v2\/posts\/14214\/revisions\/14221"}],"wp:featuredmedia":[{"embeddable":true,"href":"https:\/\/esbozodeportivo.com\/index.php\/wp-json\/wp\/v2\/media\/14215"}],"wp:attachment":[{"href":"https:\/\/esbozodeportivo.com\/index.php\/wp-json\/wp\/v2\/media?parent=14214"}],"wp:term":[{"taxonomy":"category","embeddable":true,"href":"https:\/\/esbozodeportivo.com\/index.php\/wp-json\/wp\/v2\/categories?post=14214"},{"taxonomy":"post_tag","embeddable":true,"href":"https:\/\/esbozodeportivo.com\/index.php\/wp-json\/wp\/v2\/tags?post=14214"}],"curies":[{"name":"wp","href":"https:\/\/api.w.org\/{rel}","templated":true}]}}