{"id":14244,"date":"2026-04-22T21:28:35","date_gmt":"2026-04-23T03:28:35","guid":{"rendered":"https:\/\/esbozodeportivo.com\/?p=14244"},"modified":"2026-04-22T21:28:36","modified_gmt":"2026-04-23T03:28:36","slug":"tres-top-encabezan-el-cartel-de-lujo-en-el-atp-250-de-los-cabos","status":"publish","type":"post","link":"https:\/\/esbozodeportivo.com\/index.php\/2026\/04\/22\/tres-top-encabezan-el-cartel-de-lujo-en-el-atp-250-de-los-cabos\/","title":{"rendered":"Tres Top encabezan el cartel de lujo en el ATP 250 de Los Cabos"},"content":{"rendered":"\n<p><strong>(Foto: Cortes\u00eda) <\/strong><\/p>\n\n\n\n<ul class=\"wp-block-list\">\n<li><strong>Jiri Lechecka (14), Karen Khachanov (16) y Francisco Cer\u00fandulo (20) ser\u00e1n los primeros preclasificados; adem\u00e1s viene el campe\u00f3n defensor Denis Shapovalov<\/strong><\/li>\n<\/ul>\n\n\n\n<ul class=\"wp-block-list\">\n<li><strong>Tambi\u00e9n estar\u00e1n el brit\u00e1nico Camer\u00f3n Norrie (23) y la revelaci\u00f3n espa\u00f1ola, Rafael Jodar (42), quien recientemente conquist\u00f3 en Marrakech<\/strong><\/li>\n<\/ul>\n\n\n\n<p>El checo Jiri Lehecka, n\u00famero 14 del ranking ATP, junto a Karen Khachanov (16), el argentino Francisco Cer\u00fandolo (20), el brit\u00e1nico Cameron Norrie (23), el canadiense Denis Shapovalov (35), campe\u00f3n defensor, y el joven espa\u00f1ol Rafael J\u00f3dar (42), se anunciaron como lo primeros tenistas confirmados para el X Abierto de Los Cabos, torneos ATP 250 que disputa del 27 de julio al 1 de agosto de 2026 en el Cabo Sport Complex (CSC), en Los Cabos.<\/p>\n\n\n\n<p>El ATP 250 de Los Cabos, cumple una d\u00e9cada de vida, por lo que Mextenis festejar\u00e1 en grande este aniversario en el que el actual campe\u00f3n Denis Shapovalov no pod\u00eda faltar en la celebraci\u00f3n. Tras su debut en 2025, el canadiense vuelve como uno de los tenistas estelares.<\/p>\n\n\n\n<p>Junto con Shapovalov viene el checo Lehecka, de 24 a\u00f1os, cuenta con dos t\u00edtulos ATP (Adelaida 2024 y Brisbane 2025), pero esta temporada dio un salto en el ranking tras llegar a la final del reciente Miami Open, en la que cay\u00f3 ante el n\u00famero uno del mundo, el italiano Jannik Sinner.<\/p>\n\n\n\n<p>Otro que confirm\u00f3 su asistencia fue el ruso Karen Khachanov, de 29 a\u00f1os, quien por una lesi\u00f3n no asisti\u00f3 al torneo mexicano en 2023 y busca nuevamente meterse al Top 10. Suma siete t\u00edtulos en su carrera, los m\u00e1s recientes en 2024 en Doha y Almaty.<\/p>\n\n\n\n<p>Por su parte, el argentino Fran Cer\u00fandolo, de 27 a\u00f1os, vivi\u00f3 el mejor momento de su carrera en febrero tras conquistar el t\u00edtulo en casa, en el Abierto de Buenos Aires, su cuarto trofeo en el circuito tras Bastad (2022), Eastbourne (2023) y UMAG (2024).<\/p>\n\n\n\n<p>El brit\u00e1nico Norrie, de 30 a\u00f1os y quien es un asistente regular a los dos torneos que se desarrollan en M\u00e9xico, Los Cabos y Acapulco, presume entre sus cinco t\u00edtulos, el primero en su carrera, que conquist\u00f3 en Baja California, a finales de julio de 2021.<\/p>\n\n\n\n<p>Este 2026, uno de los j\u00f3venes talentos que m\u00e1s reflectores ha conseguido como la promesa del tenis espa\u00f1ol, es Rafael J\u00f3dar, de 19 a\u00f1os, qui\u00e9n ya sum\u00f3 su primer t\u00edtulo ATP hace unos d\u00edas en la arcilla de Marruecos y estuvo presente en la edici\u00f3n de este a\u00f1o en Acapulco.<\/p>\n\n\n\n<p>\u201cPara Mextenis este a\u00f1o 2026 es muy especial ya que celebramos una d\u00e9cada de esfuerzo y de grandes historias y haza\u00f1as ten\u00edsticas en Los Cabos. Es un orgullo ver la evoluci\u00f3n de este ATP 250 y por lo mismo nuestro enfoque no deja de estar en la calidad deportiva\u201d, asegur\u00f3 en conferencia el director del torneo, Jos\u00e9 Antonio Fern\u00e1ndez.<\/p>\n\n\n\n<p>\u201cCon el cuadro este a\u00f1o buscamos traer a M\u00e9xico a jugadores talentosos que se han destacado con actuaciones especiales este primer trimestre de la temporada y con estos primeros jugadores anunciados no podr\u00edamos estar m\u00e1s contentos\u201d, a\u00f1adi\u00f3.<\/p>\n\n\n\n<p>Este a\u00f1o, el CSC pasa de cinco a seis canchas al estrenar una que se convertir\u00e1 en la cancha 1 con gradas para 250 aficionados, una instalaci\u00f3n que la ATP y los jugadores solicitaron.<\/p>\n\n\n\n<p>El torneo cuenta con opciones para todos los asistentes al torneo, en los \u00faltimos a\u00f1os se ha destacado por ofrecer una experiencia m\u00e1s all\u00e1 del deporte y durante toda la semana de festejo habr\u00e1 m\u00fasica, entretenimiento y sorpresas de los patrocinadores, entre ellos un show de clausura.<\/p>\n\n\n\n<p>Para la qualy habr\u00e1 entrada gratis para todas las familias el s\u00e1bado 25 y domingo 26 de julio, d\u00edas en los que celebrar\u00e1n el Kids Nite y Family Day.<\/p>\n\n\n\n<p>Adem\u00e1s, regresa al torneo el programa Cantera Conade que da oportunidad a j\u00f3venes tenistas mujeres y hombres, de jugar la final de la Tennis Cabo Cup Conade-FMT- Mextenis en Los Cabos, tras seis torneos en cuatro diferentes ciudades.<\/p>\n\n\n\n<p>Los boletos son 100% digitales para garantizar la comodidad y seguridad de los aficionados que asistan al Cabo Sports Complex y ya se encuentran a la venta en loscabostennisopen.com.<\/p>\n","protected":false},"excerpt":{"rendered":"<p>(Foto: Cortes\u00eda) El checo Jiri Lehecka, n\u00famero 14 del ranking ATP, junto a Karen Khachanov<\/p>\n","protected":false},"author":4,"featured_media":14245,"comment_status":"closed","ping_status":"open","sticky":false,"template":"","format":"standard","meta":{"_jetpack_memberships_contains_paid_content":false,"footnotes":""},"categories":[12],"tags":[],"class_list":["post-14244","post","type-post","status-publish","format-standard","has-post-thumbnail","hentry","category-tenis-internacional"],"yoast_head":"<!-- This site is optimized with the Yoast SEO plugin v25.7 - https:\/\/yoast.com\/wordpress\/plugins\/seo\/ -->\n<title>Tres Top encabezan el cartel de lujo en el ATP 250 de Los Cabos - Esbozo Deportivo<\/title>\n<meta name=\"description\" content=\"El checo Jiri Lehecka, n\u00famero 14 del ranking ATP, junto a Karen Khachanov (16), el argentino Francisco Cer\u00fandolo (20), el brit\u00e1nico Cameron Norrie (23), el canadiense Denis Shapovalov (35), campe\u00f3n defensor, y el joven espa\u00f1ol Rafael J\u00f3dar (42), se anunciaron como lo primeros tenistas confirmados para el X Abierto de Los Cabos, torneos ATP 250 que disputa del 27 de julio al 1 de agosto de 2026 en el Cabo Sport Complex (CSC), en Los Cabos.\" \/>\n<meta name=\"robots\" content=\"index, follow, max-snippet:-1, max-image-preview:large, max-video-preview:-1\" \/>\n<link rel=\"canonical\" href=\"https:\/\/esbozodeportivo.com\/index.php\/2026\/04\/22\/tres-top-encabezan-el-cartel-de-lujo-en-el-atp-250-de-los-cabos\/\" \/>\n<meta property=\"og:locale\" content=\"es_MX\" \/>\n<meta property=\"og:type\" content=\"article\" \/>\n<meta property=\"og:title\" content=\"Tres Top encabezan el cartel de lujo en el ATP 250 de Los Cabos - Esbozo Deportivo\" \/>\n<meta property=\"og:description\" content=\"El checo Jiri Lehecka, n\u00famero 14 del ranking ATP, junto a Karen Khachanov (16), el argentino Francisco Cer\u00fandolo (20), el brit\u00e1nico Cameron Norrie (23), el canadiense Denis Shapovalov (35), campe\u00f3n defensor, y el joven espa\u00f1ol Rafael J\u00f3dar (42), se anunciaron como lo primeros tenistas confirmados para el X Abierto de Los Cabos, torneos ATP 250 que disputa del 27 de julio al 1 de agosto de 2026 en el Cabo Sport Complex (CSC), en Los Cabos.\" \/>\n<meta property=\"og:url\" content=\"https:\/\/esbozodeportivo.com\/index.php\/2026\/04\/22\/tres-top-encabezan-el-cartel-de-lujo-en-el-atp-250-de-los-cabos\/\" \/>\n<meta property=\"og:site_name\" content=\"Esbozo Deportivo\" \/>\n<meta property=\"article:published_time\" content=\"2026-04-23T03:28:35+00:00\" \/>\n<meta property=\"article:modified_time\" content=\"2026-04-23T03:28:36+00:00\" \/>\n<meta property=\"og:image\" content=\"https:\/\/esbozodeportivo.com\/wp-content\/uploads\/2026\/04\/266686fd-f8d6-4b1e-9d50-adcb0fd117d0.jpg\" \/>\n\t<meta property=\"og:image:width\" content=\"600\" \/>\n\t<meta property=\"og:image:height\" content=\"448\" \/>\n\t<meta property=\"og:image:type\" content=\"image\/jpeg\" \/>\n<meta name=\"author\" content=\"Redacci\u00f3n\" \/>\n<meta name=\"twitter:card\" content=\"summary_large_image\" \/>\n<meta name=\"twitter:label1\" content=\"Escrito por\" \/>\n\t<meta name=\"twitter:data1\" content=\"Redacci\u00f3n\" \/>\n\t<meta name=\"twitter:label2\" content=\"Tiempo de lectura\" \/>\n\t<meta name=\"twitter:data2\" content=\"4 minutos\" \/>\n<script type=\"application\/ld+json\" class=\"yoast-schema-graph\">{\"@context\":\"https:\/\/schema.org\",\"@graph\":[{\"@type\":\"Article\",\"@id\":\"https:\/\/esbozodeportivo.com\/index.php\/2026\/04\/22\/tres-top-encabezan-el-cartel-de-lujo-en-el-atp-250-de-los-cabos\/#article\",\"isPartOf\":{\"@id\":\"https:\/\/esbozodeportivo.com\/index.php\/2026\/04\/22\/tres-top-encabezan-el-cartel-de-lujo-en-el-atp-250-de-los-cabos\/\"},\"author\":{\"name\":\"Redacci\u00f3n\",\"@id\":\"https:\/\/esbozodeportivo.com\/#\/schema\/person\/0f6df9196dfe6740dd0bb31bae50d374\"},\"headline\":\"Tres Top encabezan el cartel de lujo en el ATP 250 de Los Cabos\",\"datePublished\":\"2026-04-23T03:28:35+00:00\",\"dateModified\":\"2026-04-23T03:28:36+00:00\",\"mainEntityOfPage\":{\"@id\":\"https:\/\/esbozodeportivo.com\/index.php\/2026\/04\/22\/tres-top-encabezan-el-cartel-de-lujo-en-el-atp-250-de-los-cabos\/\"},\"wordCount\":719,\"publisher\":{\"@id\":\"https:\/\/esbozodeportivo.com\/#organization\"},\"image\":{\"@id\":\"https:\/\/esbozodeportivo.com\/index.php\/2026\/04\/22\/tres-top-encabezan-el-cartel-de-lujo-en-el-atp-250-de-los-cabos\/#primaryimage\"},\"thumbnailUrl\":\"https:\/\/esbozodeportivo.com\/wp-content\/uploads\/2026\/04\/266686fd-f8d6-4b1e-9d50-adcb0fd117d0.jpg\",\"articleSection\":[\"Tenis Internacional\"],\"inLanguage\":\"es\"},{\"@type\":\"WebPage\",\"@id\":\"https:\/\/esbozodeportivo.com\/index.php\/2026\/04\/22\/tres-top-encabezan-el-cartel-de-lujo-en-el-atp-250-de-los-cabos\/\",\"url\":\"https:\/\/esbozodeportivo.com\/index.php\/2026\/04\/22\/tres-top-encabezan-el-cartel-de-lujo-en-el-atp-250-de-los-cabos\/\",\"name\":\"Tres Top encabezan el cartel de lujo en el ATP 250 de Los Cabos - Esbozo Deportivo\",\"isPartOf\":{\"@id\":\"https:\/\/esbozodeportivo.com\/#website\"},\"primaryImageOfPage\":{\"@id\":\"https:\/\/esbozodeportivo.com\/index.php\/2026\/04\/22\/tres-top-encabezan-el-cartel-de-lujo-en-el-atp-250-de-los-cabos\/#primaryimage\"},\"image\":{\"@id\":\"https:\/\/esbozodeportivo.com\/index.php\/2026\/04\/22\/tres-top-encabezan-el-cartel-de-lujo-en-el-atp-250-de-los-cabos\/#primaryimage\"},\"thumbnailUrl\":\"https:\/\/esbozodeportivo.com\/wp-content\/uploads\/2026\/04\/266686fd-f8d6-4b1e-9d50-adcb0fd117d0.jpg\",\"datePublished\":\"2026-04-23T03:28:35+00:00\",\"dateModified\":\"2026-04-23T03:28:36+00:00\",\"description\":\"El checo Jiri Lehecka, n\u00famero 14 del ranking ATP, junto a Karen Khachanov (16), el argentino Francisco Cer\u00fandolo (20), el brit\u00e1nico Cameron Norrie (23), el canadiense Denis Shapovalov (35), campe\u00f3n defensor, y el joven espa\u00f1ol Rafael J\u00f3dar (42), se anunciaron como lo primeros tenistas confirmados para el X Abierto de Los Cabos, torneos ATP 250 que disputa del 27 de julio al 1 de agosto de 2026 en el Cabo Sport Complex (CSC), en Los Cabos.\",\"breadcrumb\":{\"@id\":\"https:\/\/esbozodeportivo.com\/index.php\/2026\/04\/22\/tres-top-encabezan-el-cartel-de-lujo-en-el-atp-250-de-los-cabos\/#breadcrumb\"},\"inLanguage\":\"es\",\"potentialAction\":[{\"@type\":\"ReadAction\",\"target\":[\"https:\/\/esbozodeportivo.com\/index.php\/2026\/04\/22\/tres-top-encabezan-el-cartel-de-lujo-en-el-atp-250-de-los-cabos\/\"]}]},{\"@type\":\"ImageObject\",\"inLanguage\":\"es\",\"@id\":\"https:\/\/esbozodeportivo.com\/index.php\/2026\/04\/22\/tres-top-encabezan-el-cartel-de-lujo-en-el-atp-250-de-los-cabos\/#primaryimage\",\"url\":\"https:\/\/esbozodeportivo.com\/wp-content\/uploads\/2026\/04\/266686fd-f8d6-4b1e-9d50-adcb0fd117d0.jpg\",\"contentUrl\":\"https:\/\/esbozodeportivo.com\/wp-content\/uploads\/2026\/04\/266686fd-f8d6-4b1e-9d50-adcb0fd117d0.jpg\",\"width\":600,\"height\":448},{\"@type\":\"BreadcrumbList\",\"@id\":\"https:\/\/esbozodeportivo.com\/index.php\/2026\/04\/22\/tres-top-encabezan-el-cartel-de-lujo-en-el-atp-250-de-los-cabos\/#breadcrumb\",\"itemListElement\":[{\"@type\":\"ListItem\",\"position\":1,\"name\":\"Inicio\",\"item\":\"https:\/\/esbozodeportivo.com\/\"},{\"@type\":\"ListItem\",\"position\":2,\"name\":\"Tres Top encabezan el cartel de lujo en el ATP 250 de Los Cabos\"}]},{\"@type\":\"WebSite\",\"@id\":\"https:\/\/esbozodeportivo.com\/#website\",\"url\":\"https:\/\/esbozodeportivo.com\/\",\"name\":\"Esbozo Deportivo\",\"description\":\"Lo m\u00e1s importante del Deporte\",\"publisher\":{\"@id\":\"https:\/\/esbozodeportivo.com\/#organization\"},\"potentialAction\":[{\"@type\":\"SearchAction\",\"target\":{\"@type\":\"EntryPoint\",\"urlTemplate\":\"https:\/\/esbozodeportivo.com\/?s={search_term_string}\"},\"query-input\":{\"@type\":\"PropertyValueSpecification\",\"valueRequired\":true,\"valueName\":\"search_term_string\"}}],\"inLanguage\":\"es\"},{\"@type\":\"Organization\",\"@id\":\"https:\/\/esbozodeportivo.com\/#organization\",\"name\":\"Esbozo Deportivo\",\"url\":\"https:\/\/esbozodeportivo.com\/\",\"logo\":{\"@type\":\"ImageObject\",\"inLanguage\":\"es\",\"@id\":\"https:\/\/esbozodeportivo.com\/#\/schema\/logo\/image\/\",\"url\":\"https:\/\/esbozodeportivo.com\/wp-content\/uploads\/2022\/08\/cropped-Logo-Esbozo-Web-2.png\",\"contentUrl\":\"https:\/\/esbozodeportivo.com\/wp-content\/uploads\/2022\/08\/cropped-Logo-Esbozo-Web-2.png\",\"width\":180,\"height\":50,\"caption\":\"Esbozo Deportivo\"},\"image\":{\"@id\":\"https:\/\/esbozodeportivo.com\/#\/schema\/logo\/image\/\"}},{\"@type\":\"Person\",\"@id\":\"https:\/\/esbozodeportivo.com\/#\/schema\/person\/0f6df9196dfe6740dd0bb31bae50d374\",\"name\":\"Redacci\u00f3n\",\"image\":{\"@type\":\"ImageObject\",\"inLanguage\":\"es\",\"@id\":\"https:\/\/esbozodeportivo.com\/#\/schema\/person\/image\/\",\"url\":\"https:\/\/secure.gravatar.com\/avatar\/f55268a89c3b418f2ef172ff52ab0d09b3e653c58de29539fe329fb93d78ebf3?s=96&d=mm&r=g\",\"contentUrl\":\"https:\/\/secure.gravatar.com\/avatar\/f55268a89c3b418f2ef172ff52ab0d09b3e653c58de29539fe329fb93d78ebf3?s=96&d=mm&r=g\",\"caption\":\"Redacci\u00f3n\"},\"url\":\"https:\/\/esbozodeportivo.com\/index.php\/author\/redaccion\/\"}]}<\/script>\n<!-- \/ Yoast SEO plugin. -->","yoast_head_json":{"title":"Tres Top encabezan el cartel de lujo en el ATP 250 de Los Cabos - Esbozo Deportivo","description":"El checo Jiri Lehecka, n\u00famero 14 del ranking ATP, junto a Karen Khachanov (16), el argentino Francisco Cer\u00fandolo (20), el brit\u00e1nico Cameron Norrie (23), el canadiense Denis Shapovalov (35), campe\u00f3n defensor, y el joven espa\u00f1ol Rafael J\u00f3dar (42), se anunciaron como lo primeros tenistas confirmados para el X Abierto de Los Cabos, torneos ATP 250 que disputa del 27 de julio al 1 de agosto de 2026 en el Cabo Sport Complex (CSC), en Los Cabos.","robots":{"index":"index","follow":"follow","max-snippet":"max-snippet:-1","max-image-preview":"max-image-preview:large","max-video-preview":"max-video-preview:-1"},"canonical":"https:\/\/esbozodeportivo.com\/index.php\/2026\/04\/22\/tres-top-encabezan-el-cartel-de-lujo-en-el-atp-250-de-los-cabos\/","og_locale":"es_MX","og_type":"article","og_title":"Tres Top encabezan el cartel de lujo en el ATP 250 de Los Cabos - Esbozo Deportivo","og_description":"El checo Jiri Lehecka, n\u00famero 14 del ranking ATP, junto a Karen Khachanov (16), el argentino Francisco Cer\u00fandolo (20), el brit\u00e1nico Cameron Norrie (23), el canadiense Denis Shapovalov (35), campe\u00f3n defensor, y el joven espa\u00f1ol Rafael J\u00f3dar (42), se anunciaron como lo primeros tenistas confirmados para el X Abierto de Los Cabos, torneos ATP 250 que disputa del 27 de julio al 1 de agosto de 2026 en el Cabo Sport Complex (CSC), en Los Cabos.","og_url":"https:\/\/esbozodeportivo.com\/index.php\/2026\/04\/22\/tres-top-encabezan-el-cartel-de-lujo-en-el-atp-250-de-los-cabos\/","og_site_name":"Esbozo Deportivo","article_published_time":"2026-04-23T03:28:35+00:00","article_modified_time":"2026-04-23T03:28:36+00:00","og_image":[{"width":600,"height":448,"url":"https:\/\/esbozodeportivo.com\/wp-content\/uploads\/2026\/04\/266686fd-f8d6-4b1e-9d50-adcb0fd117d0.jpg","type":"image\/jpeg"}],"author":"Redacci\u00f3n","twitter_card":"summary_large_image","twitter_misc":{"Escrito por":"Redacci\u00f3n","Tiempo de lectura":"4 minutos"},"schema":{"@context":"https:\/\/schema.org","@graph":[{"@type":"Article","@id":"https:\/\/esbozodeportivo.com\/index.php\/2026\/04\/22\/tres-top-encabezan-el-cartel-de-lujo-en-el-atp-250-de-los-cabos\/#article","isPartOf":{"@id":"https:\/\/esbozodeportivo.com\/index.php\/2026\/04\/22\/tres-top-encabezan-el-cartel-de-lujo-en-el-atp-250-de-los-cabos\/"},"author":{"name":"Redacci\u00f3n","@id":"https:\/\/esbozodeportivo.com\/#\/schema\/person\/0f6df9196dfe6740dd0bb31bae50d374"},"headline":"Tres Top encabezan el cartel de lujo en el ATP 250 de Los Cabos","datePublished":"2026-04-23T03:28:35+00:00","dateModified":"2026-04-23T03:28:36+00:00","mainEntityOfPage":{"@id":"https:\/\/esbozodeportivo.com\/index.php\/2026\/04\/22\/tres-top-encabezan-el-cartel-de-lujo-en-el-atp-250-de-los-cabos\/"},"wordCount":719,"publisher":{"@id":"https:\/\/esbozodeportivo.com\/#organization"},"image":{"@id":"https:\/\/esbozodeportivo.com\/index.php\/2026\/04\/22\/tres-top-encabezan-el-cartel-de-lujo-en-el-atp-250-de-los-cabos\/#primaryimage"},"thumbnailUrl":"https:\/\/esbozodeportivo.com\/wp-content\/uploads\/2026\/04\/266686fd-f8d6-4b1e-9d50-adcb0fd117d0.jpg","articleSection":["Tenis Internacional"],"inLanguage":"es"},{"@type":"WebPage","@id":"https:\/\/esbozodeportivo.com\/index.php\/2026\/04\/22\/tres-top-encabezan-el-cartel-de-lujo-en-el-atp-250-de-los-cabos\/","url":"https:\/\/esbozodeportivo.com\/index.php\/2026\/04\/22\/tres-top-encabezan-el-cartel-de-lujo-en-el-atp-250-de-los-cabos\/","name":"Tres Top encabezan el cartel de lujo en el ATP 250 de Los Cabos - Esbozo Deportivo","isPartOf":{"@id":"https:\/\/esbozodeportivo.com\/#website"},"primaryImageOfPage":{"@id":"https:\/\/esbozodeportivo.com\/index.php\/2026\/04\/22\/tres-top-encabezan-el-cartel-de-lujo-en-el-atp-250-de-los-cabos\/#primaryimage"},"image":{"@id":"https:\/\/esbozodeportivo.com\/index.php\/2026\/04\/22\/tres-top-encabezan-el-cartel-de-lujo-en-el-atp-250-de-los-cabos\/#primaryimage"},"thumbnailUrl":"https:\/\/esbozodeportivo.com\/wp-content\/uploads\/2026\/04\/266686fd-f8d6-4b1e-9d50-adcb0fd117d0.jpg","datePublished":"2026-04-23T03:28:35+00:00","dateModified":"2026-04-23T03:28:36+00:00","description":"El checo Jiri Lehecka, n\u00famero 14 del ranking ATP, junto a Karen Khachanov (16), el argentino Francisco Cer\u00fandolo (20), el brit\u00e1nico Cameron Norrie (23), el canadiense Denis Shapovalov (35), campe\u00f3n defensor, y el joven espa\u00f1ol Rafael J\u00f3dar (42), se anunciaron como lo primeros tenistas confirmados para el X Abierto de Los Cabos, torneos ATP 250 que disputa del 27 de julio al 1 de agosto de 2026 en el Cabo Sport Complex (CSC), en Los Cabos.","breadcrumb":{"@id":"https:\/\/esbozodeportivo.com\/index.php\/2026\/04\/22\/tres-top-encabezan-el-cartel-de-lujo-en-el-atp-250-de-los-cabos\/#breadcrumb"},"inLanguage":"es","potentialAction":[{"@type":"ReadAction","target":["https:\/\/esbozodeportivo.com\/index.php\/2026\/04\/22\/tres-top-encabezan-el-cartel-de-lujo-en-el-atp-250-de-los-cabos\/"]}]},{"@type":"ImageObject","inLanguage":"es","@id":"https:\/\/esbozodeportivo.com\/index.php\/2026\/04\/22\/tres-top-encabezan-el-cartel-de-lujo-en-el-atp-250-de-los-cabos\/#primaryimage","url":"https:\/\/esbozodeportivo.com\/wp-content\/uploads\/2026\/04\/266686fd-f8d6-4b1e-9d50-adcb0fd117d0.jpg","contentUrl":"https:\/\/esbozodeportivo.com\/wp-content\/uploads\/2026\/04\/266686fd-f8d6-4b1e-9d50-adcb0fd117d0.jpg","width":600,"height":448},{"@type":"BreadcrumbList","@id":"https:\/\/esbozodeportivo.com\/index.php\/2026\/04\/22\/tres-top-encabezan-el-cartel-de-lujo-en-el-atp-250-de-los-cabos\/#breadcrumb","itemListElement":[{"@type":"ListItem","position":1,"name":"Inicio","item":"https:\/\/esbozodeportivo.com\/"},{"@type":"ListItem","position":2,"name":"Tres Top encabezan el cartel de lujo en el ATP 250 de Los Cabos"}]},{"@type":"WebSite","@id":"https:\/\/esbozodeportivo.com\/#website","url":"https:\/\/esbozodeportivo.com\/","name":"Esbozo Deportivo","description":"Lo m\u00e1s importante del Deporte","publisher":{"@id":"https:\/\/esbozodeportivo.com\/#organization"},"potentialAction":[{"@type":"SearchAction","target":{"@type":"EntryPoint","urlTemplate":"https:\/\/esbozodeportivo.com\/?s={search_term_string}"},"query-input":{"@type":"PropertyValueSpecification","valueRequired":true,"valueName":"search_term_string"}}],"inLanguage":"es"},{"@type":"Organization","@id":"https:\/\/esbozodeportivo.com\/#organization","name":"Esbozo Deportivo","url":"https:\/\/esbozodeportivo.com\/","logo":{"@type":"ImageObject","inLanguage":"es","@id":"https:\/\/esbozodeportivo.com\/#\/schema\/logo\/image\/","url":"https:\/\/esbozodeportivo.com\/wp-content\/uploads\/2022\/08\/cropped-Logo-Esbozo-Web-2.png","contentUrl":"https:\/\/esbozodeportivo.com\/wp-content\/uploads\/2022\/08\/cropped-Logo-Esbozo-Web-2.png","width":180,"height":50,"caption":"Esbozo Deportivo"},"image":{"@id":"https:\/\/esbozodeportivo.com\/#\/schema\/logo\/image\/"}},{"@type":"Person","@id":"https:\/\/esbozodeportivo.com\/#\/schema\/person\/0f6df9196dfe6740dd0bb31bae50d374","name":"Redacci\u00f3n","image":{"@type":"ImageObject","inLanguage":"es","@id":"https:\/\/esbozodeportivo.com\/#\/schema\/person\/image\/","url":"https:\/\/secure.gravatar.com\/avatar\/f55268a89c3b418f2ef172ff52ab0d09b3e653c58de29539fe329fb93d78ebf3?s=96&d=mm&r=g","contentUrl":"https:\/\/secure.gravatar.com\/avatar\/f55268a89c3b418f2ef172ff52ab0d09b3e653c58de29539fe329fb93d78ebf3?s=96&d=mm&r=g","caption":"Redacci\u00f3n"},"url":"https:\/\/esbozodeportivo.com\/index.php\/author\/redaccion\/"}]}},"jetpack_featured_media_url":"https:\/\/esbozodeportivo.com\/wp-content\/uploads\/2026\/04\/266686fd-f8d6-4b1e-9d50-adcb0fd117d0.jpg","jetpack_sharing_enabled":true,"_links":{"self":[{"href":"https:\/\/esbozodeportivo.com\/index.php\/wp-json\/wp\/v2\/posts\/14244","targetHints":{"allow":["GET"]}}],"collection":[{"href":"https:\/\/esbozodeportivo.com\/index.php\/wp-json\/wp\/v2\/posts"}],"about":[{"href":"https:\/\/esbozodeportivo.com\/index.php\/wp-json\/wp\/v2\/types\/post"}],"author":[{"embeddable":true,"href":"https:\/\/esbozodeportivo.com\/index.php\/wp-json\/wp\/v2\/users\/4"}],"replies":[{"embeddable":true,"href":"https:\/\/esbozodeportivo.com\/index.php\/wp-json\/wp\/v2\/comments?post=14244"}],"version-history":[{"count":1,"href":"https:\/\/esbozodeportivo.com\/index.php\/wp-json\/wp\/v2\/posts\/14244\/revisions"}],"predecessor-version":[{"id":14246,"href":"https:\/\/esbozodeportivo.com\/index.php\/wp-json\/wp\/v2\/posts\/14244\/revisions\/14246"}],"wp:featuredmedia":[{"embeddable":true,"href":"https:\/\/esbozodeportivo.com\/index.php\/wp-json\/wp\/v2\/media\/14245"}],"wp:attachment":[{"href":"https:\/\/esbozodeportivo.com\/index.php\/wp-json\/wp\/v2\/media?parent=14244"}],"wp:term":[{"taxonomy":"category","embeddable":true,"href":"https:\/\/esbozodeportivo.com\/index.php\/wp-json\/wp\/v2\/categories?post=14244"},{"taxonomy":"post_tag","embeddable":true,"href":"https:\/\/esbozodeportivo.com\/index.php\/wp-json\/wp\/v2\/tags?post=14244"}],"curies":[{"name":"wp","href":"https:\/\/api.w.org\/{rel}","templated":true}]}}