{"id":14302,"date":"2026-04-24T22:59:36","date_gmt":"2026-04-25T04:59:36","guid":{"rendered":"https:\/\/esbozodeportivo.com\/?p=14302"},"modified":"2026-04-24T22:59:37","modified_gmt":"2026-04-25T04:59:37","slug":"brilla-acevedo-en-copa-del-mundo","status":"publish","type":"post","link":"https:\/\/esbozodeportivo.com\/index.php\/2026\/04\/24\/brilla-acevedo-en-copa-del-mundo\/","title":{"rendered":"Brilla Acevedo en Copa del Mundo"},"content":{"rendered":"\n<p>(Foto: Agencias) <\/p>\n\n\n\n<p>Las ciclistas mexicanas tuvieron un destacado inicio en la Copa del Mundo de Ciclismo de Pista, organizada por la Uni\u00f3n Ciclista Internacional (UCI), que se celebra en Nilai, Malasia, al conquistar dos medallas en el Vel\u00f3dromo Nacional de Malasia.<\/p>\n\n\n\n<p>La capitalina Yareli Acevedo Mendoza consigui\u00f3 la medalla de plata en la prueba de eliminaci\u00f3n, tras finalizar en la segunda posici\u00f3n de un total de 23 competidoras. La mexicana super\u00f3 a destacadas rivales ol\u00edmpicas internacionales, entre ellas la irlandesa Lara Gillespie, y \u00fanicamente fue superada por la noruega Anita Yvonne Stenberg.<\/p>\n\n\n\n<p>Por su parte, el equipo de velocidad femenil, conformado por Daniela Gaxiola Gonz\u00e1lez, Yuli Paola Verdugo Osuna y Mar\u00eda Jos\u00e9 Vizca\u00edno Garc\u00eda, obtuvo la medalla de bronce al imponerse en la final por el tercer lugar a la escuadra de Polonia integrada por Marlena Karwacka, Nikola Seremak y Nikola Sibiak, con un registro de 47.404 segundos.<\/p>\n\n\n\n<p>El oro en esta prueba fue para China, con un tiempo de 46.042 segundos, mientras que Pa\u00edses Bajos se qued\u00f3 con la plata al cronometrar 46.535 segundos.<\/p>\n\n\n\n<p>Con estos resultados, la delegaci\u00f3n mexicana se ubica moment\u00e1neamente en la sexta posici\u00f3n del medallero general; mientras que, China lidera la clasificaci\u00f3n con dos oros y dos platas, seguida por Italia con un oro y dos bronces, y Noruega con un oro y un bronce.<\/p>\n\n\n\n<p>La actividad para M\u00e9xico continuar\u00e1 este 25 de abril, con la participaci\u00f3n de Daniela Gaxiola y Yuli Verdugo en la velocidad individual femenil; Jafet Emmanuel L\u00f3pez Gonzaga y Edgar Ismael Verdugo Osuna en el keirin varonil, as\u00ed como Ricardo Pe\u00f1a Salas en la prueba de \u00f3mnium.<\/p>\n\n\n\n<p><\/p>\n","protected":false},"excerpt":{"rendered":"<p>(Foto: Agencias) Las ciclistas mexicanas tuvieron un destacado inicio en la Copa del Mundo de<\/p>\n","protected":false},"author":4,"featured_media":14293,"comment_status":"closed","ping_status":"open","sticky":false,"template":"","format":"standard","meta":{"_jetpack_memberships_contains_paid_content":false,"footnotes":""},"categories":[10],"tags":[],"class_list":["post-14302","post","type-post","status-publish","format-standard","has-post-thumbnail","hentry","category-ciclismo"],"yoast_head":"<!-- This site is optimized with the Yoast SEO plugin v25.7 - https:\/\/yoast.com\/wordpress\/plugins\/seo\/ -->\n<title>Brilla Acevedo en Copa del Mundo - Esbozo Deportivo<\/title>\n<meta name=\"description\" content=\"Las ciclistas mexicanas tuvieron un destacado inicio en la Copa del Mundo de Ciclismo de Pista, organizada por la Uni\u00f3n Ciclista Internacional (UCI), que se celebra en Nilai, Malasia, al conquistar dos medallas en el Vel\u00f3dromo Nacional de Malasia.\" \/>\n<meta name=\"robots\" content=\"index, follow, max-snippet:-1, max-image-preview:large, max-video-preview:-1\" \/>\n<link rel=\"canonical\" href=\"https:\/\/esbozodeportivo.com\/index.php\/2026\/04\/24\/brilla-acevedo-en-copa-del-mundo\/\" \/>\n<meta property=\"og:locale\" content=\"es_MX\" \/>\n<meta property=\"og:type\" content=\"article\" \/>\n<meta property=\"og:title\" content=\"Brilla Acevedo en Copa del Mundo - Esbozo Deportivo\" \/>\n<meta property=\"og:description\" content=\"Las ciclistas mexicanas tuvieron un destacado inicio en la Copa del Mundo de Ciclismo de Pista, organizada por la Uni\u00f3n Ciclista Internacional (UCI), que se celebra en Nilai, Malasia, al conquistar dos medallas en el Vel\u00f3dromo Nacional de Malasia.\" \/>\n<meta property=\"og:url\" content=\"https:\/\/esbozodeportivo.com\/index.php\/2026\/04\/24\/brilla-acevedo-en-copa-del-mundo\/\" \/>\n<meta property=\"og:site_name\" content=\"Esbozo Deportivo\" \/>\n<meta property=\"article:published_time\" content=\"2026-04-25T04:59:36+00:00\" \/>\n<meta property=\"article:modified_time\" content=\"2026-04-25T04:59:37+00:00\" \/>\n<meta property=\"og:image\" content=\"https:\/\/esbozodeportivo.com\/wp-content\/uploads\/2026\/04\/f91b69f7-0cf1-451e-be1e-8d09b2231f64.jpg\" \/>\n\t<meta property=\"og:image:width\" content=\"1600\" \/>\n\t<meta property=\"og:image:height\" content=\"1066\" \/>\n\t<meta property=\"og:image:type\" content=\"image\/jpeg\" \/>\n<meta name=\"author\" content=\"Redacci\u00f3n\" \/>\n<meta name=\"twitter:card\" content=\"summary_large_image\" \/>\n<meta name=\"twitter:label1\" content=\"Escrito por\" \/>\n\t<meta name=\"twitter:data1\" content=\"Redacci\u00f3n\" \/>\n\t<meta name=\"twitter:label2\" content=\"Tiempo de lectura\" \/>\n\t<meta name=\"twitter:data2\" content=\"2 minutos\" \/>\n<script type=\"application\/ld+json\" class=\"yoast-schema-graph\">{\"@context\":\"https:\/\/schema.org\",\"@graph\":[{\"@type\":\"Article\",\"@id\":\"https:\/\/esbozodeportivo.com\/index.php\/2026\/04\/24\/brilla-acevedo-en-copa-del-mundo\/#article\",\"isPartOf\":{\"@id\":\"https:\/\/esbozodeportivo.com\/index.php\/2026\/04\/24\/brilla-acevedo-en-copa-del-mundo\/\"},\"author\":{\"name\":\"Redacci\u00f3n\",\"@id\":\"https:\/\/esbozodeportivo.com\/#\/schema\/person\/0f6df9196dfe6740dd0bb31bae50d374\"},\"headline\":\"Brilla Acevedo en Copa del Mundo\",\"datePublished\":\"2026-04-25T04:59:36+00:00\",\"dateModified\":\"2026-04-25T04:59:37+00:00\",\"mainEntityOfPage\":{\"@id\":\"https:\/\/esbozodeportivo.com\/index.php\/2026\/04\/24\/brilla-acevedo-en-copa-del-mundo\/\"},\"wordCount\":285,\"publisher\":{\"@id\":\"https:\/\/esbozodeportivo.com\/#organization\"},\"image\":{\"@id\":\"https:\/\/esbozodeportivo.com\/index.php\/2026\/04\/24\/brilla-acevedo-en-copa-del-mundo\/#primaryimage\"},\"thumbnailUrl\":\"https:\/\/esbozodeportivo.com\/wp-content\/uploads\/2026\/04\/f91b69f7-0cf1-451e-be1e-8d09b2231f64.jpg\",\"articleSection\":[\"Ciclismo\"],\"inLanguage\":\"es\"},{\"@type\":\"WebPage\",\"@id\":\"https:\/\/esbozodeportivo.com\/index.php\/2026\/04\/24\/brilla-acevedo-en-copa-del-mundo\/\",\"url\":\"https:\/\/esbozodeportivo.com\/index.php\/2026\/04\/24\/brilla-acevedo-en-copa-del-mundo\/\",\"name\":\"Brilla Acevedo en Copa del Mundo - Esbozo Deportivo\",\"isPartOf\":{\"@id\":\"https:\/\/esbozodeportivo.com\/#website\"},\"primaryImageOfPage\":{\"@id\":\"https:\/\/esbozodeportivo.com\/index.php\/2026\/04\/24\/brilla-acevedo-en-copa-del-mundo\/#primaryimage\"},\"image\":{\"@id\":\"https:\/\/esbozodeportivo.com\/index.php\/2026\/04\/24\/brilla-acevedo-en-copa-del-mundo\/#primaryimage\"},\"thumbnailUrl\":\"https:\/\/esbozodeportivo.com\/wp-content\/uploads\/2026\/04\/f91b69f7-0cf1-451e-be1e-8d09b2231f64.jpg\",\"datePublished\":\"2026-04-25T04:59:36+00:00\",\"dateModified\":\"2026-04-25T04:59:37+00:00\",\"description\":\"Las ciclistas mexicanas tuvieron un destacado inicio en la Copa del Mundo de Ciclismo de Pista, organizada por la Uni\u00f3n Ciclista Internacional (UCI), que se celebra en Nilai, Malasia, al conquistar dos medallas en el Vel\u00f3dromo Nacional de Malasia.\",\"breadcrumb\":{\"@id\":\"https:\/\/esbozodeportivo.com\/index.php\/2026\/04\/24\/brilla-acevedo-en-copa-del-mundo\/#breadcrumb\"},\"inLanguage\":\"es\",\"potentialAction\":[{\"@type\":\"ReadAction\",\"target\":[\"https:\/\/esbozodeportivo.com\/index.php\/2026\/04\/24\/brilla-acevedo-en-copa-del-mundo\/\"]}]},{\"@type\":\"ImageObject\",\"inLanguage\":\"es\",\"@id\":\"https:\/\/esbozodeportivo.com\/index.php\/2026\/04\/24\/brilla-acevedo-en-copa-del-mundo\/#primaryimage\",\"url\":\"https:\/\/esbozodeportivo.com\/wp-content\/uploads\/2026\/04\/f91b69f7-0cf1-451e-be1e-8d09b2231f64.jpg\",\"contentUrl\":\"https:\/\/esbozodeportivo.com\/wp-content\/uploads\/2026\/04\/f91b69f7-0cf1-451e-be1e-8d09b2231f64.jpg\",\"width\":1600,\"height\":1066},{\"@type\":\"BreadcrumbList\",\"@id\":\"https:\/\/esbozodeportivo.com\/index.php\/2026\/04\/24\/brilla-acevedo-en-copa-del-mundo\/#breadcrumb\",\"itemListElement\":[{\"@type\":\"ListItem\",\"position\":1,\"name\":\"Inicio\",\"item\":\"https:\/\/esbozodeportivo.com\/\"},{\"@type\":\"ListItem\",\"position\":2,\"name\":\"Brilla Acevedo en Copa del Mundo\"}]},{\"@type\":\"WebSite\",\"@id\":\"https:\/\/esbozodeportivo.com\/#website\",\"url\":\"https:\/\/esbozodeportivo.com\/\",\"name\":\"Esbozo Deportivo\",\"description\":\"Lo m\u00e1s importante del Deporte\",\"publisher\":{\"@id\":\"https:\/\/esbozodeportivo.com\/#organization\"},\"potentialAction\":[{\"@type\":\"SearchAction\",\"target\":{\"@type\":\"EntryPoint\",\"urlTemplate\":\"https:\/\/esbozodeportivo.com\/?s={search_term_string}\"},\"query-input\":{\"@type\":\"PropertyValueSpecification\",\"valueRequired\":true,\"valueName\":\"search_term_string\"}}],\"inLanguage\":\"es\"},{\"@type\":\"Organization\",\"@id\":\"https:\/\/esbozodeportivo.com\/#organization\",\"name\":\"Esbozo Deportivo\",\"url\":\"https:\/\/esbozodeportivo.com\/\",\"logo\":{\"@type\":\"ImageObject\",\"inLanguage\":\"es\",\"@id\":\"https:\/\/esbozodeportivo.com\/#\/schema\/logo\/image\/\",\"url\":\"https:\/\/esbozodeportivo.com\/wp-content\/uploads\/2022\/08\/cropped-Logo-Esbozo-Web-2.png\",\"contentUrl\":\"https:\/\/esbozodeportivo.com\/wp-content\/uploads\/2022\/08\/cropped-Logo-Esbozo-Web-2.png\",\"width\":180,\"height\":50,\"caption\":\"Esbozo Deportivo\"},\"image\":{\"@id\":\"https:\/\/esbozodeportivo.com\/#\/schema\/logo\/image\/\"}},{\"@type\":\"Person\",\"@id\":\"https:\/\/esbozodeportivo.com\/#\/schema\/person\/0f6df9196dfe6740dd0bb31bae50d374\",\"name\":\"Redacci\u00f3n\",\"image\":{\"@type\":\"ImageObject\",\"inLanguage\":\"es\",\"@id\":\"https:\/\/esbozodeportivo.com\/#\/schema\/person\/image\/\",\"url\":\"https:\/\/secure.gravatar.com\/avatar\/f55268a89c3b418f2ef172ff52ab0d09b3e653c58de29539fe329fb93d78ebf3?s=96&d=mm&r=g\",\"contentUrl\":\"https:\/\/secure.gravatar.com\/avatar\/f55268a89c3b418f2ef172ff52ab0d09b3e653c58de29539fe329fb93d78ebf3?s=96&d=mm&r=g\",\"caption\":\"Redacci\u00f3n\"},\"url\":\"https:\/\/esbozodeportivo.com\/index.php\/author\/redaccion\/\"}]}<\/script>\n<!-- \/ Yoast SEO plugin. -->","yoast_head_json":{"title":"Brilla Acevedo en Copa del Mundo - Esbozo Deportivo","description":"Las ciclistas mexicanas tuvieron un destacado inicio en la Copa del Mundo de Ciclismo de Pista, organizada por la Uni\u00f3n Ciclista Internacional (UCI), que se celebra en Nilai, Malasia, al conquistar dos medallas en el Vel\u00f3dromo Nacional de Malasia.","robots":{"index":"index","follow":"follow","max-snippet":"max-snippet:-1","max-image-preview":"max-image-preview:large","max-video-preview":"max-video-preview:-1"},"canonical":"https:\/\/esbozodeportivo.com\/index.php\/2026\/04\/24\/brilla-acevedo-en-copa-del-mundo\/","og_locale":"es_MX","og_type":"article","og_title":"Brilla Acevedo en Copa del Mundo - Esbozo Deportivo","og_description":"Las ciclistas mexicanas tuvieron un destacado inicio en la Copa del Mundo de Ciclismo de Pista, organizada por la Uni\u00f3n Ciclista Internacional (UCI), que se celebra en Nilai, Malasia, al conquistar dos medallas en el Vel\u00f3dromo Nacional de Malasia.","og_url":"https:\/\/esbozodeportivo.com\/index.php\/2026\/04\/24\/brilla-acevedo-en-copa-del-mundo\/","og_site_name":"Esbozo Deportivo","article_published_time":"2026-04-25T04:59:36+00:00","article_modified_time":"2026-04-25T04:59:37+00:00","og_image":[{"width":1600,"height":1066,"url":"https:\/\/esbozodeportivo.com\/wp-content\/uploads\/2026\/04\/f91b69f7-0cf1-451e-be1e-8d09b2231f64.jpg","type":"image\/jpeg"}],"author":"Redacci\u00f3n","twitter_card":"summary_large_image","twitter_misc":{"Escrito por":"Redacci\u00f3n","Tiempo de lectura":"2 minutos"},"schema":{"@context":"https:\/\/schema.org","@graph":[{"@type":"Article","@id":"https:\/\/esbozodeportivo.com\/index.php\/2026\/04\/24\/brilla-acevedo-en-copa-del-mundo\/#article","isPartOf":{"@id":"https:\/\/esbozodeportivo.com\/index.php\/2026\/04\/24\/brilla-acevedo-en-copa-del-mundo\/"},"author":{"name":"Redacci\u00f3n","@id":"https:\/\/esbozodeportivo.com\/#\/schema\/person\/0f6df9196dfe6740dd0bb31bae50d374"},"headline":"Brilla Acevedo en Copa del Mundo","datePublished":"2026-04-25T04:59:36+00:00","dateModified":"2026-04-25T04:59:37+00:00","mainEntityOfPage":{"@id":"https:\/\/esbozodeportivo.com\/index.php\/2026\/04\/24\/brilla-acevedo-en-copa-del-mundo\/"},"wordCount":285,"publisher":{"@id":"https:\/\/esbozodeportivo.com\/#organization"},"image":{"@id":"https:\/\/esbozodeportivo.com\/index.php\/2026\/04\/24\/brilla-acevedo-en-copa-del-mundo\/#primaryimage"},"thumbnailUrl":"https:\/\/esbozodeportivo.com\/wp-content\/uploads\/2026\/04\/f91b69f7-0cf1-451e-be1e-8d09b2231f64.jpg","articleSection":["Ciclismo"],"inLanguage":"es"},{"@type":"WebPage","@id":"https:\/\/esbozodeportivo.com\/index.php\/2026\/04\/24\/brilla-acevedo-en-copa-del-mundo\/","url":"https:\/\/esbozodeportivo.com\/index.php\/2026\/04\/24\/brilla-acevedo-en-copa-del-mundo\/","name":"Brilla Acevedo en Copa del Mundo - Esbozo Deportivo","isPartOf":{"@id":"https:\/\/esbozodeportivo.com\/#website"},"primaryImageOfPage":{"@id":"https:\/\/esbozodeportivo.com\/index.php\/2026\/04\/24\/brilla-acevedo-en-copa-del-mundo\/#primaryimage"},"image":{"@id":"https:\/\/esbozodeportivo.com\/index.php\/2026\/04\/24\/brilla-acevedo-en-copa-del-mundo\/#primaryimage"},"thumbnailUrl":"https:\/\/esbozodeportivo.com\/wp-content\/uploads\/2026\/04\/f91b69f7-0cf1-451e-be1e-8d09b2231f64.jpg","datePublished":"2026-04-25T04:59:36+00:00","dateModified":"2026-04-25T04:59:37+00:00","description":"Las ciclistas mexicanas tuvieron un destacado inicio en la Copa del Mundo de Ciclismo de Pista, organizada por la Uni\u00f3n Ciclista Internacional (UCI), que se celebra en Nilai, Malasia, al conquistar dos medallas en el Vel\u00f3dromo Nacional de Malasia.","breadcrumb":{"@id":"https:\/\/esbozodeportivo.com\/index.php\/2026\/04\/24\/brilla-acevedo-en-copa-del-mundo\/#breadcrumb"},"inLanguage":"es","potentialAction":[{"@type":"ReadAction","target":["https:\/\/esbozodeportivo.com\/index.php\/2026\/04\/24\/brilla-acevedo-en-copa-del-mundo\/"]}]},{"@type":"ImageObject","inLanguage":"es","@id":"https:\/\/esbozodeportivo.com\/index.php\/2026\/04\/24\/brilla-acevedo-en-copa-del-mundo\/#primaryimage","url":"https:\/\/esbozodeportivo.com\/wp-content\/uploads\/2026\/04\/f91b69f7-0cf1-451e-be1e-8d09b2231f64.jpg","contentUrl":"https:\/\/esbozodeportivo.com\/wp-content\/uploads\/2026\/04\/f91b69f7-0cf1-451e-be1e-8d09b2231f64.jpg","width":1600,"height":1066},{"@type":"BreadcrumbList","@id":"https:\/\/esbozodeportivo.com\/index.php\/2026\/04\/24\/brilla-acevedo-en-copa-del-mundo\/#breadcrumb","itemListElement":[{"@type":"ListItem","position":1,"name":"Inicio","item":"https:\/\/esbozodeportivo.com\/"},{"@type":"ListItem","position":2,"name":"Brilla Acevedo en Copa del Mundo"}]},{"@type":"WebSite","@id":"https:\/\/esbozodeportivo.com\/#website","url":"https:\/\/esbozodeportivo.com\/","name":"Esbozo Deportivo","description":"Lo m\u00e1s importante del Deporte","publisher":{"@id":"https:\/\/esbozodeportivo.com\/#organization"},"potentialAction":[{"@type":"SearchAction","target":{"@type":"EntryPoint","urlTemplate":"https:\/\/esbozodeportivo.com\/?s={search_term_string}"},"query-input":{"@type":"PropertyValueSpecification","valueRequired":true,"valueName":"search_term_string"}}],"inLanguage":"es"},{"@type":"Organization","@id":"https:\/\/esbozodeportivo.com\/#organization","name":"Esbozo Deportivo","url":"https:\/\/esbozodeportivo.com\/","logo":{"@type":"ImageObject","inLanguage":"es","@id":"https:\/\/esbozodeportivo.com\/#\/schema\/logo\/image\/","url":"https:\/\/esbozodeportivo.com\/wp-content\/uploads\/2022\/08\/cropped-Logo-Esbozo-Web-2.png","contentUrl":"https:\/\/esbozodeportivo.com\/wp-content\/uploads\/2022\/08\/cropped-Logo-Esbozo-Web-2.png","width":180,"height":50,"caption":"Esbozo Deportivo"},"image":{"@id":"https:\/\/esbozodeportivo.com\/#\/schema\/logo\/image\/"}},{"@type":"Person","@id":"https:\/\/esbozodeportivo.com\/#\/schema\/person\/0f6df9196dfe6740dd0bb31bae50d374","name":"Redacci\u00f3n","image":{"@type":"ImageObject","inLanguage":"es","@id":"https:\/\/esbozodeportivo.com\/#\/schema\/person\/image\/","url":"https:\/\/secure.gravatar.com\/avatar\/f55268a89c3b418f2ef172ff52ab0d09b3e653c58de29539fe329fb93d78ebf3?s=96&d=mm&r=g","contentUrl":"https:\/\/secure.gravatar.com\/avatar\/f55268a89c3b418f2ef172ff52ab0d09b3e653c58de29539fe329fb93d78ebf3?s=96&d=mm&r=g","caption":"Redacci\u00f3n"},"url":"https:\/\/esbozodeportivo.com\/index.php\/author\/redaccion\/"}]}},"jetpack_featured_media_url":"https:\/\/esbozodeportivo.com\/wp-content\/uploads\/2026\/04\/f91b69f7-0cf1-451e-be1e-8d09b2231f64.jpg","jetpack_sharing_enabled":true,"_links":{"self":[{"href":"https:\/\/esbozodeportivo.com\/index.php\/wp-json\/wp\/v2\/posts\/14302","targetHints":{"allow":["GET"]}}],"collection":[{"href":"https:\/\/esbozodeportivo.com\/index.php\/wp-json\/wp\/v2\/posts"}],"about":[{"href":"https:\/\/esbozodeportivo.com\/index.php\/wp-json\/wp\/v2\/types\/post"}],"author":[{"embeddable":true,"href":"https:\/\/esbozodeportivo.com\/index.php\/wp-json\/wp\/v2\/users\/4"}],"replies":[{"embeddable":true,"href":"https:\/\/esbozodeportivo.com\/index.php\/wp-json\/wp\/v2\/comments?post=14302"}],"version-history":[{"count":1,"href":"https:\/\/esbozodeportivo.com\/index.php\/wp-json\/wp\/v2\/posts\/14302\/revisions"}],"predecessor-version":[{"id":14303,"href":"https:\/\/esbozodeportivo.com\/index.php\/wp-json\/wp\/v2\/posts\/14302\/revisions\/14303"}],"wp:featuredmedia":[{"embeddable":true,"href":"https:\/\/esbozodeportivo.com\/index.php\/wp-json\/wp\/v2\/media\/14293"}],"wp:attachment":[{"href":"https:\/\/esbozodeportivo.com\/index.php\/wp-json\/wp\/v2\/media?parent=14302"}],"wp:term":[{"taxonomy":"category","embeddable":true,"href":"https:\/\/esbozodeportivo.com\/index.php\/wp-json\/wp\/v2\/categories?post=14302"},{"taxonomy":"post_tag","embeddable":true,"href":"https:\/\/esbozodeportivo.com\/index.php\/wp-json\/wp\/v2\/tags?post=14302"}],"curies":[{"name":"wp","href":"https:\/\/api.w.org\/{rel}","templated":true}]}}