{"id":14306,"date":"2026-04-24T23:03:06","date_gmt":"2026-04-25T05:03:06","guid":{"rendered":"https:\/\/esbozodeportivo.com\/?p=14306"},"modified":"2026-04-24T23:03:07","modified_gmt":"2026-04-25T05:03:07","slug":"alcaraz-no-podra-defender-su-titulo","status":"publish","type":"post","link":"https:\/\/esbozodeportivo.com\/index.php\/2026\/04\/24\/alcaraz-no-podra-defender-su-titulo\/","title":{"rendered":"Alcaraz no podr\u00e1 defender su t\u00edtulo"},"content":{"rendered":"\n<p>(Foto: Agencias) <\/p>\n\n\n\n<p>Carlos Alcaraz no podr\u00e1 jugar en busca de un tercer t\u00edtulo consecutivo del Abierto de Francia debido a una lesi\u00f3n en la mu\u00f1eca derecha.<\/p>\n\n\n\n<p>Alcaraz, n\u00famero 2 en el ranking, public\u00f3 en X el viernes que tampoco jugar\u00eda el previo Abierto de Italia, en Roma, que tambi\u00e9n conquist\u00f3 el a\u00f1o pasado.<\/p>\n\n\n\n<p>El astro espa\u00f1ol se lesion\u00f3 este mes en el Abierto de Barcelona durante su victoria en primera ronda. Se retir\u00f3 al d\u00eda siguiente.<\/p>\n\n\n\n<p>Se baj\u00f3 del Abierto de Madrid de esta semana y asisti\u00f3 a los Premios Laureus del Deporte Mundial en la capital espa\u00f1ola el lunes con la mu\u00f1eca inmovilizada. Alcaraz fue nombrado deportista mundial del a\u00f1o.<\/p>\n\n\n\n<p>Alcaraz confirm\u00f3 que no ir\u00eda a Par\u00eds despu\u00e9s de someterse a m\u00e1s pruebas m\u00e9dicas el viernes. \u201c<\/p>\n\n\n\n<p>\u201cDespu\u00e9s de los resultados de las pruebas realizadas hoy, hemos decidido que lo m\u00e1s prudente es ser cautos y no participar en Roma y Roland Garros\u201d, escribi\u00f3 en X.<\/p>\n\n\n\n<p>\u201cA la espera de valorar la evoluci\u00f3n para decidir cu\u00e1ndo volveremos a la pista. Es un momento complicado para m\u00ed, pero estoy seguro de que saldremos m\u00e1s fuertes de aqu\u00ed\u201d, a\u00f1adi\u00f3.<\/p>\n\n\n\n<p>Alcaraz comenz\u00f3 el a\u00f1o en una forma sensacional. Venci\u00f3 a Novak Djokovic en la final del Abierto de Australia, convirti\u00e9ndose en el hombre m\u00e1s joven de la historia en conquistar los cuatro t\u00edtulos grandes del tenis.<\/p>\n\n\n\n<p>Desde entonces solo ha ganado un t\u00edtulo \u2014el de Doha en febrero\u2014 y se quedar\u00e1 sin trofeos en los principales torneos sobre arcilla. Perdi\u00f3 la final de Montecarlo ante Jannik Sinner a comienzos de este mes y cedi\u00f3 el n\u00famero 1 del ranking a su rival italiano.<\/p>\n\n\n\n<p>Sinner dijo que la baja de Alcaraz es una \u201ctriste noticia\u201d y expres\u00f3 su deseo para que se recupere \u201clo m\u00e1s pronto posible.<\/p>\n\n\n\n<p>\u201cEl tenis necesita a Carlos\u201d, manifest\u00f3 Sinner tras su victoria en tres sets sobre el franc\u00e9s Benjamin Bonzi al debutar en el Abierto de Madrid. \u201cEs mejor el tenis cuando \u00e9l est\u00e1,<\/p>\n\n\n\n<p>\u201cEspero que vuelva. Creo que es bueno que \u00e9l y su equipo se tomen el tiempo necesario, porque puede tener problemas si no, y que sea competitivo cuando vuelva\u201d, a\u00f1adi\u00f3. \u201cEl pr\u00f3ximo objetivo, supongo, para \u00e9l, y eso espero, es Wimbledon (en junio). As\u00ed que espero que est\u00e9 de vuelta all\u00ed. Le envi\u00e9 mis deseos de una pronta recuperaci\u00f3n, aunque es doloroso y muy triste para todo el tenis\u201d.<\/p>\n\n\n\n<p>El a\u00f1o pasado, Alcaraz venci\u00f3 a Sinner en las finales de Italia y Francia, donde salv\u00f3 tres puntos de partido en un \u00e9pico duelo. Luego, Alcaraz perdi\u00f3 la final de Wimbledon ante Sinner antes de volver a derrotarlo en la final del Abierto de Estados Unidos.<\/p>\n\n\n\n<p>Alcaraz se hab\u00eda expresado pesimista sobre la condici\u00f3n de la mu\u00f1eca durante la gala de los Premios Laureus al se\u00f1alar que quer\u00eda ser cuidadoso en su recuperaci\u00f3n.<\/p>\n\n\n\n<p>\u201cTenemos una carrera muy larga, de muchos a\u00f1os por delante, y forzar en este Roland Garros me puede perjudicar mucho para los torneos futuros\u201d, dijo. \u201cNo tengo miedo de saltarme lo que me tenga que saltar\u201d.<\/p>\n\n\n\n<p>El Abierto de Italia comienza el 6 de mayo. El Abierto de Francia lo hace el 18 de mayo.<\/p>\n\n\n\n<p>Ser\u00e1 el segundo grande que Alcaraz se pierde en su carrera. No pudo competir en el Abierto de Australia 2023 debido a una lesi\u00f3n en la pierna derecha. Tras lo que ser\u00eda una ausencia de dos meses, Alcaraz reaparecer\u00eda en el circuito para la gira en c\u00e9sped que se disputan en junio y julio que culmina con Wimbledon.<\/p>\n\n\n\n<p>La baja de Alcaraz permitir\u00e1 a Sinner afianzarse como el n\u00famero uno del ranking, ya que Alcaraz perder\u00e1 los 3.000 puntos que sum\u00f3 por sus conquistas de Roma y Par\u00eds el a\u00f1o pasado.<\/p>\n\n\n\n<p><\/p>\n","protected":false},"excerpt":{"rendered":"<p>(Foto: Agencias) Carlos Alcaraz no podr\u00e1 jugar en busca de un tercer t\u00edtulo consecutivo del<\/p>\n","protected":false},"author":4,"featured_media":14290,"comment_status":"closed","ping_status":"open","sticky":false,"template":"","format":"standard","meta":{"_jetpack_memberships_contains_paid_content":false,"footnotes":""},"categories":[137],"tags":[],"class_list":["post-14306","post","type-post","status-publish","format-standard","has-post-thumbnail","hentry","category-abierto-de-francia"],"yoast_head":"<!-- This site is optimized with the Yoast SEO plugin v25.7 - https:\/\/yoast.com\/wordpress\/plugins\/seo\/ -->\n<title>Alcaraz no podr\u00e1 defender su t\u00edtulo - Esbozo Deportivo<\/title>\n<meta name=\"description\" content=\"Carlos Alcaraz no podr\u00e1 jugar en busca de un tercer t\u00edtulo consecutivo del Abierto de Francia debido a una lesi\u00f3n en la mu\u00f1eca derecha.\" \/>\n<meta name=\"robots\" content=\"index, follow, max-snippet:-1, max-image-preview:large, max-video-preview:-1\" \/>\n<link rel=\"canonical\" href=\"https:\/\/esbozodeportivo.com\/index.php\/2026\/04\/24\/alcaraz-no-podra-defender-su-titulo\/\" \/>\n<meta property=\"og:locale\" content=\"es_MX\" \/>\n<meta property=\"og:type\" content=\"article\" \/>\n<meta property=\"og:title\" content=\"Alcaraz no podr\u00e1 defender su t\u00edtulo - Esbozo Deportivo\" \/>\n<meta property=\"og:description\" content=\"Carlos Alcaraz no podr\u00e1 jugar en busca de un tercer t\u00edtulo consecutivo del Abierto de Francia debido a una lesi\u00f3n en la mu\u00f1eca derecha.\" \/>\n<meta property=\"og:url\" content=\"https:\/\/esbozodeportivo.com\/index.php\/2026\/04\/24\/alcaraz-no-podra-defender-su-titulo\/\" \/>\n<meta property=\"og:site_name\" content=\"Esbozo Deportivo\" \/>\n<meta property=\"article:published_time\" content=\"2026-04-25T05:03:06+00:00\" \/>\n<meta property=\"article:modified_time\" content=\"2026-04-25T05:03:07+00:00\" \/>\n<meta property=\"og:image\" content=\"https:\/\/esbozodeportivo.com\/wp-content\/uploads\/2026\/04\/b5d92a21-8c70-45bd-bfe0-84680e26c93d.jpg\" \/>\n\t<meta property=\"og:image:width\" content=\"1600\" \/>\n\t<meta property=\"og:image:height\" content=\"1066\" \/>\n\t<meta property=\"og:image:type\" content=\"image\/jpeg\" \/>\n<meta name=\"author\" content=\"Redacci\u00f3n\" \/>\n<meta name=\"twitter:card\" content=\"summary_large_image\" \/>\n<meta name=\"twitter:label1\" content=\"Escrito por\" \/>\n\t<meta name=\"twitter:data1\" content=\"Redacci\u00f3n\" \/>\n\t<meta name=\"twitter:label2\" content=\"Tiempo de lectura\" \/>\n\t<meta name=\"twitter:data2\" content=\"4 minutos\" \/>\n<script type=\"application\/ld+json\" class=\"yoast-schema-graph\">{\"@context\":\"https:\/\/schema.org\",\"@graph\":[{\"@type\":\"Article\",\"@id\":\"https:\/\/esbozodeportivo.com\/index.php\/2026\/04\/24\/alcaraz-no-podra-defender-su-titulo\/#article\",\"isPartOf\":{\"@id\":\"https:\/\/esbozodeportivo.com\/index.php\/2026\/04\/24\/alcaraz-no-podra-defender-su-titulo\/\"},\"author\":{\"name\":\"Redacci\u00f3n\",\"@id\":\"https:\/\/esbozodeportivo.com\/#\/schema\/person\/0f6df9196dfe6740dd0bb31bae50d374\"},\"headline\":\"Alcaraz no podr\u00e1 defender su t\u00edtulo\",\"datePublished\":\"2026-04-25T05:03:06+00:00\",\"dateModified\":\"2026-04-25T05:03:07+00:00\",\"mainEntityOfPage\":{\"@id\":\"https:\/\/esbozodeportivo.com\/index.php\/2026\/04\/24\/alcaraz-no-podra-defender-su-titulo\/\"},\"wordCount\":663,\"publisher\":{\"@id\":\"https:\/\/esbozodeportivo.com\/#organization\"},\"image\":{\"@id\":\"https:\/\/esbozodeportivo.com\/index.php\/2026\/04\/24\/alcaraz-no-podra-defender-su-titulo\/#primaryimage\"},\"thumbnailUrl\":\"https:\/\/esbozodeportivo.com\/wp-content\/uploads\/2026\/04\/b5d92a21-8c70-45bd-bfe0-84680e26c93d.jpg\",\"articleSection\":[\"Abierto de Francia\"],\"inLanguage\":\"es\"},{\"@type\":\"WebPage\",\"@id\":\"https:\/\/esbozodeportivo.com\/index.php\/2026\/04\/24\/alcaraz-no-podra-defender-su-titulo\/\",\"url\":\"https:\/\/esbozodeportivo.com\/index.php\/2026\/04\/24\/alcaraz-no-podra-defender-su-titulo\/\",\"name\":\"Alcaraz no podr\u00e1 defender su t\u00edtulo - Esbozo Deportivo\",\"isPartOf\":{\"@id\":\"https:\/\/esbozodeportivo.com\/#website\"},\"primaryImageOfPage\":{\"@id\":\"https:\/\/esbozodeportivo.com\/index.php\/2026\/04\/24\/alcaraz-no-podra-defender-su-titulo\/#primaryimage\"},\"image\":{\"@id\":\"https:\/\/esbozodeportivo.com\/index.php\/2026\/04\/24\/alcaraz-no-podra-defender-su-titulo\/#primaryimage\"},\"thumbnailUrl\":\"https:\/\/esbozodeportivo.com\/wp-content\/uploads\/2026\/04\/b5d92a21-8c70-45bd-bfe0-84680e26c93d.jpg\",\"datePublished\":\"2026-04-25T05:03:06+00:00\",\"dateModified\":\"2026-04-25T05:03:07+00:00\",\"description\":\"Carlos Alcaraz no podr\u00e1 jugar en busca de un tercer t\u00edtulo consecutivo del Abierto de Francia debido a una lesi\u00f3n en la mu\u00f1eca derecha.\",\"breadcrumb\":{\"@id\":\"https:\/\/esbozodeportivo.com\/index.php\/2026\/04\/24\/alcaraz-no-podra-defender-su-titulo\/#breadcrumb\"},\"inLanguage\":\"es\",\"potentialAction\":[{\"@type\":\"ReadAction\",\"target\":[\"https:\/\/esbozodeportivo.com\/index.php\/2026\/04\/24\/alcaraz-no-podra-defender-su-titulo\/\"]}]},{\"@type\":\"ImageObject\",\"inLanguage\":\"es\",\"@id\":\"https:\/\/esbozodeportivo.com\/index.php\/2026\/04\/24\/alcaraz-no-podra-defender-su-titulo\/#primaryimage\",\"url\":\"https:\/\/esbozodeportivo.com\/wp-content\/uploads\/2026\/04\/b5d92a21-8c70-45bd-bfe0-84680e26c93d.jpg\",\"contentUrl\":\"https:\/\/esbozodeportivo.com\/wp-content\/uploads\/2026\/04\/b5d92a21-8c70-45bd-bfe0-84680e26c93d.jpg\",\"width\":1600,\"height\":1066},{\"@type\":\"BreadcrumbList\",\"@id\":\"https:\/\/esbozodeportivo.com\/index.php\/2026\/04\/24\/alcaraz-no-podra-defender-su-titulo\/#breadcrumb\",\"itemListElement\":[{\"@type\":\"ListItem\",\"position\":1,\"name\":\"Inicio\",\"item\":\"https:\/\/esbozodeportivo.com\/\"},{\"@type\":\"ListItem\",\"position\":2,\"name\":\"Alcaraz no podr\u00e1 defender su t\u00edtulo\"}]},{\"@type\":\"WebSite\",\"@id\":\"https:\/\/esbozodeportivo.com\/#website\",\"url\":\"https:\/\/esbozodeportivo.com\/\",\"name\":\"Esbozo Deportivo\",\"description\":\"Lo m\u00e1s importante del Deporte\",\"publisher\":{\"@id\":\"https:\/\/esbozodeportivo.com\/#organization\"},\"potentialAction\":[{\"@type\":\"SearchAction\",\"target\":{\"@type\":\"EntryPoint\",\"urlTemplate\":\"https:\/\/esbozodeportivo.com\/?s={search_term_string}\"},\"query-input\":{\"@type\":\"PropertyValueSpecification\",\"valueRequired\":true,\"valueName\":\"search_term_string\"}}],\"inLanguage\":\"es\"},{\"@type\":\"Organization\",\"@id\":\"https:\/\/esbozodeportivo.com\/#organization\",\"name\":\"Esbozo Deportivo\",\"url\":\"https:\/\/esbozodeportivo.com\/\",\"logo\":{\"@type\":\"ImageObject\",\"inLanguage\":\"es\",\"@id\":\"https:\/\/esbozodeportivo.com\/#\/schema\/logo\/image\/\",\"url\":\"https:\/\/esbozodeportivo.com\/wp-content\/uploads\/2022\/08\/cropped-Logo-Esbozo-Web-2.png\",\"contentUrl\":\"https:\/\/esbozodeportivo.com\/wp-content\/uploads\/2022\/08\/cropped-Logo-Esbozo-Web-2.png\",\"width\":180,\"height\":50,\"caption\":\"Esbozo Deportivo\"},\"image\":{\"@id\":\"https:\/\/esbozodeportivo.com\/#\/schema\/logo\/image\/\"}},{\"@type\":\"Person\",\"@id\":\"https:\/\/esbozodeportivo.com\/#\/schema\/person\/0f6df9196dfe6740dd0bb31bae50d374\",\"name\":\"Redacci\u00f3n\",\"image\":{\"@type\":\"ImageObject\",\"inLanguage\":\"es\",\"@id\":\"https:\/\/esbozodeportivo.com\/#\/schema\/person\/image\/\",\"url\":\"https:\/\/secure.gravatar.com\/avatar\/f55268a89c3b418f2ef172ff52ab0d09b3e653c58de29539fe329fb93d78ebf3?s=96&d=mm&r=g\",\"contentUrl\":\"https:\/\/secure.gravatar.com\/avatar\/f55268a89c3b418f2ef172ff52ab0d09b3e653c58de29539fe329fb93d78ebf3?s=96&d=mm&r=g\",\"caption\":\"Redacci\u00f3n\"},\"url\":\"https:\/\/esbozodeportivo.com\/index.php\/author\/redaccion\/\"}]}<\/script>\n<!-- \/ Yoast SEO plugin. -->","yoast_head_json":{"title":"Alcaraz no podr\u00e1 defender su t\u00edtulo - Esbozo Deportivo","description":"Carlos Alcaraz no podr\u00e1 jugar en busca de un tercer t\u00edtulo consecutivo del Abierto de Francia debido a una lesi\u00f3n en la mu\u00f1eca derecha.","robots":{"index":"index","follow":"follow","max-snippet":"max-snippet:-1","max-image-preview":"max-image-preview:large","max-video-preview":"max-video-preview:-1"},"canonical":"https:\/\/esbozodeportivo.com\/index.php\/2026\/04\/24\/alcaraz-no-podra-defender-su-titulo\/","og_locale":"es_MX","og_type":"article","og_title":"Alcaraz no podr\u00e1 defender su t\u00edtulo - Esbozo Deportivo","og_description":"Carlos Alcaraz no podr\u00e1 jugar en busca de un tercer t\u00edtulo consecutivo del Abierto de Francia debido a una lesi\u00f3n en la mu\u00f1eca derecha.","og_url":"https:\/\/esbozodeportivo.com\/index.php\/2026\/04\/24\/alcaraz-no-podra-defender-su-titulo\/","og_site_name":"Esbozo Deportivo","article_published_time":"2026-04-25T05:03:06+00:00","article_modified_time":"2026-04-25T05:03:07+00:00","og_image":[{"width":1600,"height":1066,"url":"https:\/\/esbozodeportivo.com\/wp-content\/uploads\/2026\/04\/b5d92a21-8c70-45bd-bfe0-84680e26c93d.jpg","type":"image\/jpeg"}],"author":"Redacci\u00f3n","twitter_card":"summary_large_image","twitter_misc":{"Escrito por":"Redacci\u00f3n","Tiempo de lectura":"4 minutos"},"schema":{"@context":"https:\/\/schema.org","@graph":[{"@type":"Article","@id":"https:\/\/esbozodeportivo.com\/index.php\/2026\/04\/24\/alcaraz-no-podra-defender-su-titulo\/#article","isPartOf":{"@id":"https:\/\/esbozodeportivo.com\/index.php\/2026\/04\/24\/alcaraz-no-podra-defender-su-titulo\/"},"author":{"name":"Redacci\u00f3n","@id":"https:\/\/esbozodeportivo.com\/#\/schema\/person\/0f6df9196dfe6740dd0bb31bae50d374"},"headline":"Alcaraz no podr\u00e1 defender su t\u00edtulo","datePublished":"2026-04-25T05:03:06+00:00","dateModified":"2026-04-25T05:03:07+00:00","mainEntityOfPage":{"@id":"https:\/\/esbozodeportivo.com\/index.php\/2026\/04\/24\/alcaraz-no-podra-defender-su-titulo\/"},"wordCount":663,"publisher":{"@id":"https:\/\/esbozodeportivo.com\/#organization"},"image":{"@id":"https:\/\/esbozodeportivo.com\/index.php\/2026\/04\/24\/alcaraz-no-podra-defender-su-titulo\/#primaryimage"},"thumbnailUrl":"https:\/\/esbozodeportivo.com\/wp-content\/uploads\/2026\/04\/b5d92a21-8c70-45bd-bfe0-84680e26c93d.jpg","articleSection":["Abierto de Francia"],"inLanguage":"es"},{"@type":"WebPage","@id":"https:\/\/esbozodeportivo.com\/index.php\/2026\/04\/24\/alcaraz-no-podra-defender-su-titulo\/","url":"https:\/\/esbozodeportivo.com\/index.php\/2026\/04\/24\/alcaraz-no-podra-defender-su-titulo\/","name":"Alcaraz no podr\u00e1 defender su t\u00edtulo - Esbozo Deportivo","isPartOf":{"@id":"https:\/\/esbozodeportivo.com\/#website"},"primaryImageOfPage":{"@id":"https:\/\/esbozodeportivo.com\/index.php\/2026\/04\/24\/alcaraz-no-podra-defender-su-titulo\/#primaryimage"},"image":{"@id":"https:\/\/esbozodeportivo.com\/index.php\/2026\/04\/24\/alcaraz-no-podra-defender-su-titulo\/#primaryimage"},"thumbnailUrl":"https:\/\/esbozodeportivo.com\/wp-content\/uploads\/2026\/04\/b5d92a21-8c70-45bd-bfe0-84680e26c93d.jpg","datePublished":"2026-04-25T05:03:06+00:00","dateModified":"2026-04-25T05:03:07+00:00","description":"Carlos Alcaraz no podr\u00e1 jugar en busca de un tercer t\u00edtulo consecutivo del Abierto de Francia debido a una lesi\u00f3n en la mu\u00f1eca derecha.","breadcrumb":{"@id":"https:\/\/esbozodeportivo.com\/index.php\/2026\/04\/24\/alcaraz-no-podra-defender-su-titulo\/#breadcrumb"},"inLanguage":"es","potentialAction":[{"@type":"ReadAction","target":["https:\/\/esbozodeportivo.com\/index.php\/2026\/04\/24\/alcaraz-no-podra-defender-su-titulo\/"]}]},{"@type":"ImageObject","inLanguage":"es","@id":"https:\/\/esbozodeportivo.com\/index.php\/2026\/04\/24\/alcaraz-no-podra-defender-su-titulo\/#primaryimage","url":"https:\/\/esbozodeportivo.com\/wp-content\/uploads\/2026\/04\/b5d92a21-8c70-45bd-bfe0-84680e26c93d.jpg","contentUrl":"https:\/\/esbozodeportivo.com\/wp-content\/uploads\/2026\/04\/b5d92a21-8c70-45bd-bfe0-84680e26c93d.jpg","width":1600,"height":1066},{"@type":"BreadcrumbList","@id":"https:\/\/esbozodeportivo.com\/index.php\/2026\/04\/24\/alcaraz-no-podra-defender-su-titulo\/#breadcrumb","itemListElement":[{"@type":"ListItem","position":1,"name":"Inicio","item":"https:\/\/esbozodeportivo.com\/"},{"@type":"ListItem","position":2,"name":"Alcaraz no podr\u00e1 defender su t\u00edtulo"}]},{"@type":"WebSite","@id":"https:\/\/esbozodeportivo.com\/#website","url":"https:\/\/esbozodeportivo.com\/","name":"Esbozo Deportivo","description":"Lo m\u00e1s importante del Deporte","publisher":{"@id":"https:\/\/esbozodeportivo.com\/#organization"},"potentialAction":[{"@type":"SearchAction","target":{"@type":"EntryPoint","urlTemplate":"https:\/\/esbozodeportivo.com\/?s={search_term_string}"},"query-input":{"@type":"PropertyValueSpecification","valueRequired":true,"valueName":"search_term_string"}}],"inLanguage":"es"},{"@type":"Organization","@id":"https:\/\/esbozodeportivo.com\/#organization","name":"Esbozo Deportivo","url":"https:\/\/esbozodeportivo.com\/","logo":{"@type":"ImageObject","inLanguage":"es","@id":"https:\/\/esbozodeportivo.com\/#\/schema\/logo\/image\/","url":"https:\/\/esbozodeportivo.com\/wp-content\/uploads\/2022\/08\/cropped-Logo-Esbozo-Web-2.png","contentUrl":"https:\/\/esbozodeportivo.com\/wp-content\/uploads\/2022\/08\/cropped-Logo-Esbozo-Web-2.png","width":180,"height":50,"caption":"Esbozo Deportivo"},"image":{"@id":"https:\/\/esbozodeportivo.com\/#\/schema\/logo\/image\/"}},{"@type":"Person","@id":"https:\/\/esbozodeportivo.com\/#\/schema\/person\/0f6df9196dfe6740dd0bb31bae50d374","name":"Redacci\u00f3n","image":{"@type":"ImageObject","inLanguage":"es","@id":"https:\/\/esbozodeportivo.com\/#\/schema\/person\/image\/","url":"https:\/\/secure.gravatar.com\/avatar\/f55268a89c3b418f2ef172ff52ab0d09b3e653c58de29539fe329fb93d78ebf3?s=96&d=mm&r=g","contentUrl":"https:\/\/secure.gravatar.com\/avatar\/f55268a89c3b418f2ef172ff52ab0d09b3e653c58de29539fe329fb93d78ebf3?s=96&d=mm&r=g","caption":"Redacci\u00f3n"},"url":"https:\/\/esbozodeportivo.com\/index.php\/author\/redaccion\/"}]}},"jetpack_featured_media_url":"https:\/\/esbozodeportivo.com\/wp-content\/uploads\/2026\/04\/b5d92a21-8c70-45bd-bfe0-84680e26c93d.jpg","jetpack_sharing_enabled":true,"_links":{"self":[{"href":"https:\/\/esbozodeportivo.com\/index.php\/wp-json\/wp\/v2\/posts\/14306","targetHints":{"allow":["GET"]}}],"collection":[{"href":"https:\/\/esbozodeportivo.com\/index.php\/wp-json\/wp\/v2\/posts"}],"about":[{"href":"https:\/\/esbozodeportivo.com\/index.php\/wp-json\/wp\/v2\/types\/post"}],"author":[{"embeddable":true,"href":"https:\/\/esbozodeportivo.com\/index.php\/wp-json\/wp\/v2\/users\/4"}],"replies":[{"embeddable":true,"href":"https:\/\/esbozodeportivo.com\/index.php\/wp-json\/wp\/v2\/comments?post=14306"}],"version-history":[{"count":1,"href":"https:\/\/esbozodeportivo.com\/index.php\/wp-json\/wp\/v2\/posts\/14306\/revisions"}],"predecessor-version":[{"id":14307,"href":"https:\/\/esbozodeportivo.com\/index.php\/wp-json\/wp\/v2\/posts\/14306\/revisions\/14307"}],"wp:featuredmedia":[{"embeddable":true,"href":"https:\/\/esbozodeportivo.com\/index.php\/wp-json\/wp\/v2\/media\/14290"}],"wp:attachment":[{"href":"https:\/\/esbozodeportivo.com\/index.php\/wp-json\/wp\/v2\/media?parent=14306"}],"wp:term":[{"taxonomy":"category","embeddable":true,"href":"https:\/\/esbozodeportivo.com\/index.php\/wp-json\/wp\/v2\/categories?post=14306"},{"taxonomy":"post_tag","embeddable":true,"href":"https:\/\/esbozodeportivo.com\/index.php\/wp-json\/wp\/v2\/tags?post=14306"}],"curies":[{"name":"wp","href":"https:\/\/api.w.org\/{rel}","templated":true}]}}