{"id":14320,"date":"2026-04-25T21:03:41","date_gmt":"2026-04-26T03:03:41","guid":{"rendered":"https:\/\/esbozodeportivo.com\/?p=14320"},"modified":"2026-04-25T21:03:42","modified_gmt":"2026-04-26T03:03:42","slug":"jose-cristobal-islas-se-corona-campeon-del-caliente-mx-open-de-la-gira-profesional-mexicana-en-el-campestre-de-tijuana","status":"publish","type":"post","link":"https:\/\/esbozodeportivo.com\/index.php\/2026\/04\/25\/jose-cristobal-islas-se-corona-campeon-del-caliente-mx-open-de-la-gira-profesional-mexicana-en-el-campestre-de-tijuana\/","title":{"rendered":"Jos\u00e9 Crist\u00f3bal Islas se corona campe\u00f3n del Caliente.mx Open de la Gira Profesional Mexicana en el Campestre de Tijuana"},"content":{"rendered":"\n<p><strong>Jos\u00e9 Crist\u00f3bal Islas<\/strong><\/p>\n\n\n\n<p><strong>(Fotos: Cortes\u00eda) <\/strong><\/p>\n\n\n\n<p><em><strong>El mexicano registr\u00f3 un score de 196 golpes, 20 bajo par para conquistar la novena etapa de la Gira Profesional Mexicana<\/strong><\/em><\/p>\n\n\n\n<p><strong>TIJUANA, BAJA CALIFORNIA (25 de abril de 2026).\u2013<\/strong> Con una actuaci\u00f3n s\u00f3lida y consistente de principio a fin, el mexicano <strong>Jos\u00e9 Crist\u00f3bal Islas<\/strong> se proclam\u00f3 campe\u00f3n del <strong>Caliente.mx Open<\/strong>, novena etapa de la temporada 2025\u201326 de la Gira Profesional Mexicana (GPM), torneo que se disput\u00f3 por primera ocasi\u00f3n en el <strong>Club Campestre de Tijuana<\/strong>.<\/p>\n\n\n\n<p>Islas sell\u00f3 su victoria con una ronda final de <strong>64 golpes<\/strong>, para un acumulado de <strong>196 impactos, 20 bajo par<\/strong>, resultado que le permiti\u00f3 asegurar su cuarto t\u00edtulo en la GPM en un cierre emocionante dentro de un field altamente competitivo.&nbsp;<\/p>\n\n\n\n<figure class=\"wp-block-image size-large\"><img loading=\"lazy\" decoding=\"async\" width=\"1024\" height=\"682\" src=\"https:\/\/esbozodeportivo.com\/wp-content\/uploads\/2026\/04\/b42a57c3-14e0-4d7b-a72a-c71a595fbd95-1024x682.jpg\" alt=\"\" class=\"wp-image-14327\" srcset=\"https:\/\/esbozodeportivo.com\/wp-content\/uploads\/2026\/04\/b42a57c3-14e0-4d7b-a72a-c71a595fbd95-1024x682.jpg 1024w, https:\/\/esbozodeportivo.com\/wp-content\/uploads\/2026\/04\/b42a57c3-14e0-4d7b-a72a-c71a595fbd95-300x200.jpg 300w, https:\/\/esbozodeportivo.com\/wp-content\/uploads\/2026\/04\/b42a57c3-14e0-4d7b-a72a-c71a595fbd95-768x512.jpg 768w, https:\/\/esbozodeportivo.com\/wp-content\/uploads\/2026\/04\/b42a57c3-14e0-4d7b-a72a-c71a595fbd95-1536x1023.jpg 1536w, https:\/\/esbozodeportivo.com\/wp-content\/uploads\/2026\/04\/b42a57c3-14e0-4d7b-a72a-c71a595fbd95.jpg 1600w\" sizes=\"auto, (max-width: 1024px) 100vw, 1024px\" \/><\/figure>\n\n\n\n<p>El torneo reparti\u00f3 una bolsa de <strong>$1,800,000 pesos<\/strong> y otorg\u00f3 puntos para el <strong>Official World Golf Ranking (OWGR)<\/strong>, consolid\u00e1ndose como una etapa clave en la recta final del calendario.<\/p>\n\n\n\n<ul class=\"wp-block-list\">\n<li><strong>Campe\u00f3n:<\/strong> <strong>Jos\u00e9 Crist\u00f3bal Islas<\/strong> conquista el t\u00edtulo del Caliente.mx Open<\/li>\n\n\n\n<li><strong>Score ganador:<\/strong> <strong>196 golpes (-20)<\/strong><\/li>\n\n\n\n<li><strong>Ronda decisiva:<\/strong> Tarjeta final de <strong>64 golpes (-7)<\/strong><\/li>\n\n\n\n<li><strong>Segundo lugar:<\/strong> El brasile\u00f1o <strong>Rafael Becker<\/strong> con <strong>197 (-19)<\/strong><\/li>\n\n\n\n<li><strong>Empate en tercero:<\/strong> <strong>Jos\u00e9 de Jes\u00fas Rodr\u00edguez<\/strong> y <strong>Mauricio Figueroa<\/strong> con <strong>200 (-16)<\/strong><\/li>\n\n\n\n<li><strong>Mejor amateur:<\/strong> <strong>Marco Antonio Ferezi<\/strong>, lugar 27 con <strong>210 (-6)<\/strong><\/li>\n\n\n\n<li><strong>Ronda del d\u00eda:<\/strong> <strong>Rafael Becker<\/strong> de Brasil con 62 golpes<\/li>\n\n\n\n<li><strong>Proyecci\u00f3n internacional:<\/strong>\u00a0El torneo otorg\u00f3 puntos para el <strong>OWGR<\/strong><\/li>\n<\/ul>\n\n\n\n<figure class=\"wp-block-image size-large\"><img loading=\"lazy\" decoding=\"async\" width=\"1024\" height=\"682\" src=\"https:\/\/esbozodeportivo.com\/wp-content\/uploads\/2026\/04\/a72abeef-eb0a-4a0d-8565-47f69a4f6672-1024x682.jpg\" alt=\"\" class=\"wp-image-14325\" srcset=\"https:\/\/esbozodeportivo.com\/wp-content\/uploads\/2026\/04\/a72abeef-eb0a-4a0d-8565-47f69a4f6672-1024x682.jpg 1024w, https:\/\/esbozodeportivo.com\/wp-content\/uploads\/2026\/04\/a72abeef-eb0a-4a0d-8565-47f69a4f6672-300x200.jpg 300w, https:\/\/esbozodeportivo.com\/wp-content\/uploads\/2026\/04\/a72abeef-eb0a-4a0d-8565-47f69a4f6672-768x512.jpg 768w, https:\/\/esbozodeportivo.com\/wp-content\/uploads\/2026\/04\/a72abeef-eb0a-4a0d-8565-47f69a4f6672-1536x1023.jpg 1536w, https:\/\/esbozodeportivo.com\/wp-content\/uploads\/2026\/04\/a72abeef-eb0a-4a0d-8565-47f69a4f6672.jpg 1600w\" sizes=\"auto, (max-width: 1024px) 100vw, 1024px\" \/><\/figure>\n\n\n\n<p><strong>Premiaci\u00f3n con cheque<\/strong><\/p>\n\n\n\n<p><strong>Islas consuma una actuaci\u00f3n impecable<\/strong><\/p>\n\n\n\n<p>El triunfo de <strong>Jos\u00e9 Crist\u00f3bal Islas<\/strong> fue resultado de tres jornadas consistentes, en las que mantuvo el control del torneo desde la segunda ronda hasta el cierre.<\/p>\n\n\n\n<p>Tras comenzar el d\u00eda como l\u00edder, Islas mantuvo la calma y ejecut\u00f3 una ronda inteligente que le permiti\u00f3 sostener su ventaja frente a un grupo de jugadores que se mantuvo en constante presi\u00f3n.<\/p>\n\n\n\n<p>La tarjeta final de 64 golpes fue determinante para sellar una victoria que confirma su gran momento dentro del circuito.<\/p>\n\n\n\n<p>\u201cEstoy muy contento con este resultado. Fue una semana muy especial y lograr esta victoria significa mucho para m\u00ed\u201d, se\u00f1al\u00f3 Islas tras finalizar su recorrido.<\/p>\n\n\n\n<p>El campe\u00f3n destac\u00f3 la exigencia del campo y la importancia de mantenerse concentrado.<\/p>\n\n\n\n<p>\u201cEl campo exige mucha precisi\u00f3n y paciencia. Sab\u00eda que ten\u00eda que mantener la calma y confiar en mi juego hasta el final\u201d, coment\u00f3.<\/p>\n\n\n\n<figure class=\"wp-block-image size-large\"><img loading=\"lazy\" decoding=\"async\" width=\"1024\" height=\"682\" src=\"https:\/\/esbozodeportivo.com\/wp-content\/uploads\/2026\/04\/b7d3106a-eac2-44b4-8840-cb179e784e66-1024x682.jpg\" alt=\"\" class=\"wp-image-14326\" srcset=\"https:\/\/esbozodeportivo.com\/wp-content\/uploads\/2026\/04\/b7d3106a-eac2-44b4-8840-cb179e784e66-1024x682.jpg 1024w, https:\/\/esbozodeportivo.com\/wp-content\/uploads\/2026\/04\/b7d3106a-eac2-44b4-8840-cb179e784e66-300x200.jpg 300w, https:\/\/esbozodeportivo.com\/wp-content\/uploads\/2026\/04\/b7d3106a-eac2-44b4-8840-cb179e784e66-768x512.jpg 768w, https:\/\/esbozodeportivo.com\/wp-content\/uploads\/2026\/04\/b7d3106a-eac2-44b4-8840-cb179e784e66-1536x1023.jpg 1536w, https:\/\/esbozodeportivo.com\/wp-content\/uploads\/2026\/04\/b7d3106a-eac2-44b4-8840-cb179e784e66.jpg 1600w\" sizes=\"auto, (max-width: 1024px) 100vw, 1024px\" \/><\/figure>\n\n\n\n<p><strong>Premiaci\u00f3n banderas<\/strong><\/p>\n\n\n\n<p><strong>Becker presiona hasta el final<\/strong><\/p>\n\n\n\n<p>El brasile\u00f1o <strong>Rafael Becker<\/strong> fue uno de los principales protagonistas de la jornada final, firmando una destacada ronda de <strong>62 golpes<\/strong>, una de las mejores del torneo.<\/p>\n\n\n\n<p>Su acumulado de <strong>197 golpes (-19)<\/strong> lo dej\u00f3 a solo un impacto del campe\u00f3n, confirmando una actuaci\u00f3n sobresaliente que mantuvo la emoci\u00f3n hasta los \u00faltimos hoyos.&nbsp;<\/p>\n\n\n\n<p>Becker demostr\u00f3 gran determinaci\u00f3n durante la jornada final, manteni\u00e9ndose como uno de los principales contendientes al t\u00edtulo.<\/p>\n\n\n\n<figure class=\"wp-block-image size-large\"><img loading=\"lazy\" decoding=\"async\" width=\"1024\" height=\"682\" src=\"https:\/\/esbozodeportivo.com\/wp-content\/uploads\/2026\/04\/461125a9-f4f0-43f4-ba99-451f1d9edc49-1024x682.jpg\" alt=\"\" class=\"wp-image-14324\" srcset=\"https:\/\/esbozodeportivo.com\/wp-content\/uploads\/2026\/04\/461125a9-f4f0-43f4-ba99-451f1d9edc49-1024x682.jpg 1024w, https:\/\/esbozodeportivo.com\/wp-content\/uploads\/2026\/04\/461125a9-f4f0-43f4-ba99-451f1d9edc49-300x200.jpg 300w, https:\/\/esbozodeportivo.com\/wp-content\/uploads\/2026\/04\/461125a9-f4f0-43f4-ba99-451f1d9edc49-768x512.jpg 768w, https:\/\/esbozodeportivo.com\/wp-content\/uploads\/2026\/04\/461125a9-f4f0-43f4-ba99-451f1d9edc49-1536x1023.jpg 1536w, https:\/\/esbozodeportivo.com\/wp-content\/uploads\/2026\/04\/461125a9-f4f0-43f4-ba99-451f1d9edc49.jpg 1600w\" sizes=\"auto, (max-width: 1024px) 100vw, 1024px\" \/><\/figure>\n\n\n\n<p><strong>Rafael Becker de Brasil<\/strong><\/p>\n\n\n\n<p><strong>El \u201cCamar\u00f3n\u201d completa una gran remontada<\/strong><\/p>\n\n\n\n<p>Uno de los nombres m\u00e1s destacados del torneo fue el m\u00e1ximo ganador hist\u00f3rico del circuito, <strong>Jos\u00e9 de Jes\u00fas Rodr\u00edguez<\/strong>, quien logr\u00f3 una notable recuperaci\u00f3n a lo largo del torneo.<\/p>\n\n\n\n<p>Rodr\u00edguez finaliz\u00f3 empatado en la tercera posici\u00f3n con <strong>200 golpes (-16)<\/strong>, resultado que confirma su capacidad para competir en los momentos m\u00e1s importantes.<\/p>\n\n\n\n<p>El mexicano hab\u00eda protagonizado previamente una de las actuaciones m\u00e1s destacadas del torneo al firmar una ronda de <strong>61 golpes<\/strong>, igualando el r\u00e9cord de campo y coloc\u00e1ndose nuevamente entre los protagonistas del circuito.&nbsp;<\/p>\n\n\n\n<figure class=\"wp-block-image size-large\"><img loading=\"lazy\" decoding=\"async\" width=\"1024\" height=\"682\" src=\"https:\/\/esbozodeportivo.com\/wp-content\/uploads\/2026\/04\/ffb82553-4232-4f99-aca8-84166d9827e0-1024x682.jpg\" alt=\"\" class=\"wp-image-14330\" srcset=\"https:\/\/esbozodeportivo.com\/wp-content\/uploads\/2026\/04\/ffb82553-4232-4f99-aca8-84166d9827e0-1024x682.jpg 1024w, https:\/\/esbozodeportivo.com\/wp-content\/uploads\/2026\/04\/ffb82553-4232-4f99-aca8-84166d9827e0-300x200.jpg 300w, https:\/\/esbozodeportivo.com\/wp-content\/uploads\/2026\/04\/ffb82553-4232-4f99-aca8-84166d9827e0-768x512.jpg 768w, https:\/\/esbozodeportivo.com\/wp-content\/uploads\/2026\/04\/ffb82553-4232-4f99-aca8-84166d9827e0-1536x1023.jpg 1536w, https:\/\/esbozodeportivo.com\/wp-content\/uploads\/2026\/04\/ffb82553-4232-4f99-aca8-84166d9827e0.jpg 1600w\" sizes=\"auto, (max-width: 1024px) 100vw, 1024px\" \/><\/figure>\n\n\n\n<p><strong>Jos\u00e9 de Jes\u00fas Rodr\u00edguez<\/strong><\/p>\n\n\n\n<p><strong>Figueroa se mantiene entre los mejores<\/strong><\/p>\n\n\n\n<p>El tambi\u00e9n mexicano <strong>Mauricio Figueroa<\/strong> concluy\u00f3 su participaci\u00f3n con una s\u00f3lida actuaci\u00f3n que lo llev\u00f3 a compartir la tercera posici\u00f3n con Rodr\u00edguez.<\/p>\n\n\n\n<p>Figueroa mostr\u00f3 consistencia durante toda la semana con rondas de 67, 67 y 66 golpes, confirmando su regularidad dentro del circuito.<\/p>\n\n\n\n<figure class=\"wp-block-image size-large\"><img loading=\"lazy\" decoding=\"async\" width=\"1024\" height=\"682\" src=\"https:\/\/esbozodeportivo.com\/wp-content\/uploads\/2026\/04\/03a0ee52-dc16-4490-a59b-1378ef2b6df2-1024x682.jpg\" alt=\"\" class=\"wp-image-14321\" srcset=\"https:\/\/esbozodeportivo.com\/wp-content\/uploads\/2026\/04\/03a0ee52-dc16-4490-a59b-1378ef2b6df2-1024x682.jpg 1024w, https:\/\/esbozodeportivo.com\/wp-content\/uploads\/2026\/04\/03a0ee52-dc16-4490-a59b-1378ef2b6df2-300x200.jpg 300w, https:\/\/esbozodeportivo.com\/wp-content\/uploads\/2026\/04\/03a0ee52-dc16-4490-a59b-1378ef2b6df2-768x512.jpg 768w, https:\/\/esbozodeportivo.com\/wp-content\/uploads\/2026\/04\/03a0ee52-dc16-4490-a59b-1378ef2b6df2-1536x1023.jpg 1536w, https:\/\/esbozodeportivo.com\/wp-content\/uploads\/2026\/04\/03a0ee52-dc16-4490-a59b-1378ef2b6df2.jpg 1600w\" sizes=\"auto, (max-width: 1024px) 100vw, 1024px\" \/><\/figure>\n\n\n\n<p><strong>Roberto Rodr\u00edguez Cacho<\/strong><\/p>\n\n\n\n<p><strong>Top 10 competitivo hasta el final<\/strong><\/p>\n\n\n\n<p>La lucha por los primeros lugares se mantuvo intensa hasta el cierre del torneo.<\/p>\n\n\n\n<p>Jugadores como <strong>Roberto Rodr\u00edguez Cacho<\/strong>, <strong>Alejandro Madariaga<\/strong> y <strong>Rodolfo Cazaub\u00f3n<\/strong> finalizaron empatados en la quinta posici\u00f3n con 13 bajo par, consolidando un Top 10 competitivo.<\/p>\n\n\n\n<p>Asimismo, nombres internacionales como <strong>Daniel Gurtner<\/strong> y <strong>Jack Townsend<\/strong> tambi\u00e9n lograron posicionarse dentro de los mejores del torneo.<\/p>\n\n\n\n<figure class=\"wp-block-image size-large\"><img loading=\"lazy\" decoding=\"async\" width=\"1024\" height=\"682\" src=\"https:\/\/esbozodeportivo.com\/wp-content\/uploads\/2026\/04\/7909d919-6ca4-4024-be85-5693596e47ef-1024x682.jpg\" alt=\"\" class=\"wp-image-14323\" srcset=\"https:\/\/esbozodeportivo.com\/wp-content\/uploads\/2026\/04\/7909d919-6ca4-4024-be85-5693596e47ef-1024x682.jpg 1024w, https:\/\/esbozodeportivo.com\/wp-content\/uploads\/2026\/04\/7909d919-6ca4-4024-be85-5693596e47ef-300x200.jpg 300w, https:\/\/esbozodeportivo.com\/wp-content\/uploads\/2026\/04\/7909d919-6ca4-4024-be85-5693596e47ef-768x512.jpg 768w, https:\/\/esbozodeportivo.com\/wp-content\/uploads\/2026\/04\/7909d919-6ca4-4024-be85-5693596e47ef-1536x1023.jpg 1536w, https:\/\/esbozodeportivo.com\/wp-content\/uploads\/2026\/04\/7909d919-6ca4-4024-be85-5693596e47ef.jpg 1600w\" sizes=\"auto, (max-width: 1024px) 100vw, 1024px\" \/><\/figure>\n\n\n\n<p><strong>Alejandro Madariaga<\/strong><\/p>\n\n\n\n<p><strong>Una sede hist\u00f3rica para el circuito<\/strong><\/p>\n\n\n\n<p>El <strong>Club Campestre de Tijuana<\/strong> fue protagonista en el desarrollo del torneo, ofreciendo un escenario exigente que puso a prueba la capacidad t\u00e9cnica y mental de los participantes.<\/p>\n\n\n\n<p>La llegada de la Gira Profesional Mexicana a esta sede representa un paso importante en la expansi\u00f3n territorial del circuito, fortaleciendo su presencia en nuevas regiones del pa\u00eds.<\/p>\n\n\n\n<p><strong>Un triunfo que marca el cierre de una gran semana<\/strong><\/p>\n\n\n\n<p>Con esta victoria, <strong>Jos\u00e9 Crist\u00f3bal Islas<\/strong> se suma a la lista de campeones de la temporada 2025\u201326, consolidando su nombre como uno de los protagonistas del circuito.<\/p>\n\n\n\n<p>El Caliente.mx Open cerr\u00f3 as\u00ed una semana memorable en <strong>Tijuana<\/strong>, donde el golf profesional vivi\u00f3 un momento hist\u00f3rico con la realizaci\u00f3n de esta etapa por primera ocasi\u00f3n.<\/p>\n\n\n\n<p>La Gira Profesional Mexicana contin\u00faa su camino hacia el cierre de temporada, dejando en Tijuana una huella deportiva que confirma el crecimiento sostenido del golf profesional en M\u00e9xico.<\/p>\n\n\n\n<figure class=\"wp-block-image size-large\"><img loading=\"lazy\" decoding=\"async\" width=\"1024\" height=\"682\" src=\"https:\/\/esbozodeportivo.com\/wp-content\/uploads\/2026\/04\/bd47d207-9188-49a3-8c7e-071cbe71dedb-1024x682.jpg\" alt=\"\" class=\"wp-image-14328\" srcset=\"https:\/\/esbozodeportivo.com\/wp-content\/uploads\/2026\/04\/bd47d207-9188-49a3-8c7e-071cbe71dedb-1024x682.jpg 1024w, https:\/\/esbozodeportivo.com\/wp-content\/uploads\/2026\/04\/bd47d207-9188-49a3-8c7e-071cbe71dedb-300x200.jpg 300w, https:\/\/esbozodeportivo.com\/wp-content\/uploads\/2026\/04\/bd47d207-9188-49a3-8c7e-071cbe71dedb-768x512.jpg 768w, https:\/\/esbozodeportivo.com\/wp-content\/uploads\/2026\/04\/bd47d207-9188-49a3-8c7e-071cbe71dedb-1536x1023.jpg 1536w, https:\/\/esbozodeportivo.com\/wp-content\/uploads\/2026\/04\/bd47d207-9188-49a3-8c7e-071cbe71dedb.jpg 1600w\" sizes=\"auto, (max-width: 1024px) 100vw, 1024px\" \/><\/figure>\n\n\n\n<p><strong>Ra\u00fal Pereda<\/strong><\/p>\n\n\n\n<p><strong>Ganadores de la Temporada 2025-26<\/strong><\/p>\n\n\n\n<ul class=\"wp-block-list\">\n<li><strong>Mexico City Open II:<\/strong> Santiago de la Fuente (M\u00e9xico)<\/li>\n\n\n\n<li><strong>Amanali Classic:<\/strong> Santiago de la Fuente (M\u00e9xico)<\/li>\n\n\n\n<li><strong>Baj\u00edo Open:<\/strong> Alejandro Madariaga (M\u00e9xico)<\/li>\n\n\n\n<li><strong>VII Copa Multimedios:<\/strong> Jos\u00e9 de Jes\u00fas Rodr\u00edguez (M\u00e9xico)<\/li>\n\n\n\n<li><strong>El Jaguar Open:<\/strong> Sebasti\u00e1n V\u00e1zquez (M\u00e9xico)<\/li>\n\n\n\n<li><strong>El Salvador Open Championship III:<\/strong> Manuel Torres (Venezuela)<\/li>\n\n\n\n<li><strong>VIII Copa Prissa:<\/strong> Emilio L\u00f3pez (M\u00e9xico)<\/li>\n\n\n\n<li><strong>Caliente.mx Open<\/strong>: Jos\u00e9 Crist\u00f3bal Islas (M\u00e9xico)<\/li>\n<\/ul>\n\n\n\n<figure class=\"wp-block-image size-large\"><img loading=\"lazy\" decoding=\"async\" width=\"1024\" height=\"682\" src=\"https:\/\/esbozodeportivo.com\/wp-content\/uploads\/2026\/04\/3f780842-e6bd-4b9f-a663-885aed968205-1024x682.jpg\" alt=\"\" class=\"wp-image-14322\" srcset=\"https:\/\/esbozodeportivo.com\/wp-content\/uploads\/2026\/04\/3f780842-e6bd-4b9f-a663-885aed968205-1024x682.jpg 1024w, https:\/\/esbozodeportivo.com\/wp-content\/uploads\/2026\/04\/3f780842-e6bd-4b9f-a663-885aed968205-300x200.jpg 300w, https:\/\/esbozodeportivo.com\/wp-content\/uploads\/2026\/04\/3f780842-e6bd-4b9f-a663-885aed968205-768x512.jpg 768w, https:\/\/esbozodeportivo.com\/wp-content\/uploads\/2026\/04\/3f780842-e6bd-4b9f-a663-885aed968205-1536x1023.jpg 1536w, https:\/\/esbozodeportivo.com\/wp-content\/uploads\/2026\/04\/3f780842-e6bd-4b9f-a663-885aed968205.jpg 1600w\" sizes=\"auto, (max-width: 1024px) 100vw, 1024px\" \/><\/figure>\n\n\n\n<p><strong>Marco Antonio Ferezi, mejor amateur<\/strong><\/p>\n\n\n\n<p><strong>Sigue la cobertura oficial:<\/strong><\/p>\n\n\n\n<ul class=\"wp-block-list\">\n<li><strong>Instagram:<\/strong>\u00a0@giragolfmx<\/li>\n\n\n\n<li><strong>Facebook:<\/strong>\u00a0Gira de Golf Profesional<\/li>\n\n\n\n<li><strong>X (Twitter):<\/strong>\u00a0@giragolfmx<\/li>\n<\/ul>\n","protected":false},"excerpt":{"rendered":"<p>Jos\u00e9 Crist\u00f3bal Islas (Fotos: Cortes\u00eda) El mexicano registr\u00f3 un score de 196 golpes, 20 bajo<\/p>\n","protected":false},"author":4,"featured_media":14329,"comment_status":"closed","ping_status":"open","sticky":false,"template":"","format":"standard","meta":{"_jetpack_memberships_contains_paid_content":false,"footnotes":""},"categories":[83],"tags":[],"class_list":["post-14320","post","type-post","status-publish","format-standard","has-post-thumbnail","hentry","category-federacion-mexicana-de-golf"],"yoast_head":"<!-- This site is optimized with the Yoast SEO plugin v25.7 - https:\/\/yoast.com\/wordpress\/plugins\/seo\/ -->\n<title>Jos\u00e9 Crist\u00f3bal Islas se corona campe\u00f3n del Caliente.mx Open de la Gira Profesional Mexicana en el Campestre de Tijuana - Esbozo Deportivo<\/title>\n<meta name=\"description\" content=\"Con una actuaci\u00f3n s\u00f3lida y consistente de principio a fin, el mexicano Jos\u00e9 Crist\u00f3bal Islas se proclam\u00f3 campe\u00f3n del Caliente.mx Open, novena etapa de la temporada 2025\u201326 de la Gira Profesional Mexicana (GPM), torneo que se disput\u00f3 por primera ocasi\u00f3n en el Club Campestre de Tijuana.\" \/>\n<meta name=\"robots\" content=\"index, follow, max-snippet:-1, max-image-preview:large, max-video-preview:-1\" \/>\n<link rel=\"canonical\" href=\"https:\/\/esbozodeportivo.com\/index.php\/2026\/04\/25\/jose-cristobal-islas-se-corona-campeon-del-caliente-mx-open-de-la-gira-profesional-mexicana-en-el-campestre-de-tijuana\/\" \/>\n<meta property=\"og:locale\" content=\"es_MX\" \/>\n<meta property=\"og:type\" content=\"article\" \/>\n<meta property=\"og:title\" content=\"Jos\u00e9 Crist\u00f3bal Islas se corona campe\u00f3n del Caliente.mx Open de la Gira Profesional Mexicana en el Campestre de Tijuana - Esbozo Deportivo\" \/>\n<meta property=\"og:description\" content=\"Con una actuaci\u00f3n s\u00f3lida y consistente de principio a fin, el mexicano Jos\u00e9 Crist\u00f3bal Islas se proclam\u00f3 campe\u00f3n del Caliente.mx Open, novena etapa de la temporada 2025\u201326 de la Gira Profesional Mexicana (GPM), torneo que se disput\u00f3 por primera ocasi\u00f3n en el Club Campestre de Tijuana.\" \/>\n<meta property=\"og:url\" content=\"https:\/\/esbozodeportivo.com\/index.php\/2026\/04\/25\/jose-cristobal-islas-se-corona-campeon-del-caliente-mx-open-de-la-gira-profesional-mexicana-en-el-campestre-de-tijuana\/\" \/>\n<meta property=\"og:site_name\" content=\"Esbozo Deportivo\" \/>\n<meta property=\"article:published_time\" content=\"2026-04-26T03:03:41+00:00\" \/>\n<meta property=\"article:modified_time\" content=\"2026-04-26T03:03:42+00:00\" \/>\n<meta property=\"og:image\" content=\"https:\/\/esbozodeportivo.com\/wp-content\/uploads\/2026\/04\/dc527e8b-dc5f-4050-b0d6-ee442cb23b4c.jpg\" \/>\n\t<meta property=\"og:image:width\" content=\"1600\" \/>\n\t<meta property=\"og:image:height\" content=\"1066\" \/>\n\t<meta property=\"og:image:type\" content=\"image\/jpeg\" \/>\n<meta name=\"author\" content=\"Redacci\u00f3n\" \/>\n<meta name=\"twitter:card\" content=\"summary_large_image\" \/>\n<meta name=\"twitter:label1\" content=\"Escrito por\" \/>\n\t<meta name=\"twitter:data1\" content=\"Redacci\u00f3n\" \/>\n\t<meta name=\"twitter:label2\" content=\"Tiempo de lectura\" \/>\n\t<meta name=\"twitter:data2\" content=\"7 minutos\" \/>\n<script type=\"application\/ld+json\" class=\"yoast-schema-graph\">{\"@context\":\"https:\/\/schema.org\",\"@graph\":[{\"@type\":\"Article\",\"@id\":\"https:\/\/esbozodeportivo.com\/index.php\/2026\/04\/25\/jose-cristobal-islas-se-corona-campeon-del-caliente-mx-open-de-la-gira-profesional-mexicana-en-el-campestre-de-tijuana\/#article\",\"isPartOf\":{\"@id\":\"https:\/\/esbozodeportivo.com\/index.php\/2026\/04\/25\/jose-cristobal-islas-se-corona-campeon-del-caliente-mx-open-de-la-gira-profesional-mexicana-en-el-campestre-de-tijuana\/\"},\"author\":{\"name\":\"Redacci\u00f3n\",\"@id\":\"https:\/\/esbozodeportivo.com\/#\/schema\/person\/0f6df9196dfe6740dd0bb31bae50d374\"},\"headline\":\"Jos\u00e9 Crist\u00f3bal Islas se corona campe\u00f3n del Caliente.mx Open de la Gira Profesional Mexicana en el Campestre de Tijuana\",\"datePublished\":\"2026-04-26T03:03:41+00:00\",\"dateModified\":\"2026-04-26T03:03:42+00:00\",\"mainEntityOfPage\":{\"@id\":\"https:\/\/esbozodeportivo.com\/index.php\/2026\/04\/25\/jose-cristobal-islas-se-corona-campeon-del-caliente-mx-open-de-la-gira-profesional-mexicana-en-el-campestre-de-tijuana\/\"},\"wordCount\":990,\"publisher\":{\"@id\":\"https:\/\/esbozodeportivo.com\/#organization\"},\"image\":{\"@id\":\"https:\/\/esbozodeportivo.com\/index.php\/2026\/04\/25\/jose-cristobal-islas-se-corona-campeon-del-caliente-mx-open-de-la-gira-profesional-mexicana-en-el-campestre-de-tijuana\/#primaryimage\"},\"thumbnailUrl\":\"https:\/\/esbozodeportivo.com\/wp-content\/uploads\/2026\/04\/dc527e8b-dc5f-4050-b0d6-ee442cb23b4c.jpg\",\"articleSection\":[\"Federaci\u00f3n Mexicana de Golf\"],\"inLanguage\":\"es\"},{\"@type\":\"WebPage\",\"@id\":\"https:\/\/esbozodeportivo.com\/index.php\/2026\/04\/25\/jose-cristobal-islas-se-corona-campeon-del-caliente-mx-open-de-la-gira-profesional-mexicana-en-el-campestre-de-tijuana\/\",\"url\":\"https:\/\/esbozodeportivo.com\/index.php\/2026\/04\/25\/jose-cristobal-islas-se-corona-campeon-del-caliente-mx-open-de-la-gira-profesional-mexicana-en-el-campestre-de-tijuana\/\",\"name\":\"Jos\u00e9 Crist\u00f3bal Islas se corona campe\u00f3n del Caliente.mx Open de la Gira Profesional Mexicana en el Campestre de Tijuana - Esbozo Deportivo\",\"isPartOf\":{\"@id\":\"https:\/\/esbozodeportivo.com\/#website\"},\"primaryImageOfPage\":{\"@id\":\"https:\/\/esbozodeportivo.com\/index.php\/2026\/04\/25\/jose-cristobal-islas-se-corona-campeon-del-caliente-mx-open-de-la-gira-profesional-mexicana-en-el-campestre-de-tijuana\/#primaryimage\"},\"image\":{\"@id\":\"https:\/\/esbozodeportivo.com\/index.php\/2026\/04\/25\/jose-cristobal-islas-se-corona-campeon-del-caliente-mx-open-de-la-gira-profesional-mexicana-en-el-campestre-de-tijuana\/#primaryimage\"},\"thumbnailUrl\":\"https:\/\/esbozodeportivo.com\/wp-content\/uploads\/2026\/04\/dc527e8b-dc5f-4050-b0d6-ee442cb23b4c.jpg\",\"datePublished\":\"2026-04-26T03:03:41+00:00\",\"dateModified\":\"2026-04-26T03:03:42+00:00\",\"description\":\"Con una actuaci\u00f3n s\u00f3lida y consistente de principio a fin, el mexicano Jos\u00e9 Crist\u00f3bal Islas se proclam\u00f3 campe\u00f3n del Caliente.mx Open, novena etapa de la temporada 2025\u201326 de la Gira Profesional Mexicana (GPM), torneo que se disput\u00f3 por primera ocasi\u00f3n en el Club Campestre de Tijuana.\",\"breadcrumb\":{\"@id\":\"https:\/\/esbozodeportivo.com\/index.php\/2026\/04\/25\/jose-cristobal-islas-se-corona-campeon-del-caliente-mx-open-de-la-gira-profesional-mexicana-en-el-campestre-de-tijuana\/#breadcrumb\"},\"inLanguage\":\"es\",\"potentialAction\":[{\"@type\":\"ReadAction\",\"target\":[\"https:\/\/esbozodeportivo.com\/index.php\/2026\/04\/25\/jose-cristobal-islas-se-corona-campeon-del-caliente-mx-open-de-la-gira-profesional-mexicana-en-el-campestre-de-tijuana\/\"]}]},{\"@type\":\"ImageObject\",\"inLanguage\":\"es\",\"@id\":\"https:\/\/esbozodeportivo.com\/index.php\/2026\/04\/25\/jose-cristobal-islas-se-corona-campeon-del-caliente-mx-open-de-la-gira-profesional-mexicana-en-el-campestre-de-tijuana\/#primaryimage\",\"url\":\"https:\/\/esbozodeportivo.com\/wp-content\/uploads\/2026\/04\/dc527e8b-dc5f-4050-b0d6-ee442cb23b4c.jpg\",\"contentUrl\":\"https:\/\/esbozodeportivo.com\/wp-content\/uploads\/2026\/04\/dc527e8b-dc5f-4050-b0d6-ee442cb23b4c.jpg\",\"width\":1600,\"height\":1066},{\"@type\":\"BreadcrumbList\",\"@id\":\"https:\/\/esbozodeportivo.com\/index.php\/2026\/04\/25\/jose-cristobal-islas-se-corona-campeon-del-caliente-mx-open-de-la-gira-profesional-mexicana-en-el-campestre-de-tijuana\/#breadcrumb\",\"itemListElement\":[{\"@type\":\"ListItem\",\"position\":1,\"name\":\"Inicio\",\"item\":\"https:\/\/esbozodeportivo.com\/\"},{\"@type\":\"ListItem\",\"position\":2,\"name\":\"Jos\u00e9 Crist\u00f3bal Islas se corona campe\u00f3n del Caliente.mx Open de la Gira Profesional Mexicana en el Campestre de Tijuana\"}]},{\"@type\":\"WebSite\",\"@id\":\"https:\/\/esbozodeportivo.com\/#website\",\"url\":\"https:\/\/esbozodeportivo.com\/\",\"name\":\"Esbozo Deportivo\",\"description\":\"Lo m\u00e1s importante del Deporte\",\"publisher\":{\"@id\":\"https:\/\/esbozodeportivo.com\/#organization\"},\"potentialAction\":[{\"@type\":\"SearchAction\",\"target\":{\"@type\":\"EntryPoint\",\"urlTemplate\":\"https:\/\/esbozodeportivo.com\/?s={search_term_string}\"},\"query-input\":{\"@type\":\"PropertyValueSpecification\",\"valueRequired\":true,\"valueName\":\"search_term_string\"}}],\"inLanguage\":\"es\"},{\"@type\":\"Organization\",\"@id\":\"https:\/\/esbozodeportivo.com\/#organization\",\"name\":\"Esbozo Deportivo\",\"url\":\"https:\/\/esbozodeportivo.com\/\",\"logo\":{\"@type\":\"ImageObject\",\"inLanguage\":\"es\",\"@id\":\"https:\/\/esbozodeportivo.com\/#\/schema\/logo\/image\/\",\"url\":\"https:\/\/esbozodeportivo.com\/wp-content\/uploads\/2022\/08\/cropped-Logo-Esbozo-Web-2.png\",\"contentUrl\":\"https:\/\/esbozodeportivo.com\/wp-content\/uploads\/2022\/08\/cropped-Logo-Esbozo-Web-2.png\",\"width\":180,\"height\":50,\"caption\":\"Esbozo Deportivo\"},\"image\":{\"@id\":\"https:\/\/esbozodeportivo.com\/#\/schema\/logo\/image\/\"}},{\"@type\":\"Person\",\"@id\":\"https:\/\/esbozodeportivo.com\/#\/schema\/person\/0f6df9196dfe6740dd0bb31bae50d374\",\"name\":\"Redacci\u00f3n\",\"image\":{\"@type\":\"ImageObject\",\"inLanguage\":\"es\",\"@id\":\"https:\/\/esbozodeportivo.com\/#\/schema\/person\/image\/\",\"url\":\"https:\/\/secure.gravatar.com\/avatar\/f55268a89c3b418f2ef172ff52ab0d09b3e653c58de29539fe329fb93d78ebf3?s=96&d=mm&r=g\",\"contentUrl\":\"https:\/\/secure.gravatar.com\/avatar\/f55268a89c3b418f2ef172ff52ab0d09b3e653c58de29539fe329fb93d78ebf3?s=96&d=mm&r=g\",\"caption\":\"Redacci\u00f3n\"},\"url\":\"https:\/\/esbozodeportivo.com\/index.php\/author\/redaccion\/\"}]}<\/script>\n<!-- \/ Yoast SEO plugin. -->","yoast_head_json":{"title":"Jos\u00e9 Crist\u00f3bal Islas se corona campe\u00f3n del Caliente.mx Open de la Gira Profesional Mexicana en el Campestre de Tijuana - Esbozo Deportivo","description":"Con una actuaci\u00f3n s\u00f3lida y consistente de principio a fin, el mexicano Jos\u00e9 Crist\u00f3bal Islas se proclam\u00f3 campe\u00f3n del Caliente.mx Open, novena etapa de la temporada 2025\u201326 de la Gira Profesional Mexicana (GPM), torneo que se disput\u00f3 por primera ocasi\u00f3n en el Club Campestre de Tijuana.","robots":{"index":"index","follow":"follow","max-snippet":"max-snippet:-1","max-image-preview":"max-image-preview:large","max-video-preview":"max-video-preview:-1"},"canonical":"https:\/\/esbozodeportivo.com\/index.php\/2026\/04\/25\/jose-cristobal-islas-se-corona-campeon-del-caliente-mx-open-de-la-gira-profesional-mexicana-en-el-campestre-de-tijuana\/","og_locale":"es_MX","og_type":"article","og_title":"Jos\u00e9 Crist\u00f3bal Islas se corona campe\u00f3n del Caliente.mx Open de la Gira Profesional Mexicana en el Campestre de Tijuana - Esbozo Deportivo","og_description":"Con una actuaci\u00f3n s\u00f3lida y consistente de principio a fin, el mexicano Jos\u00e9 Crist\u00f3bal Islas se proclam\u00f3 campe\u00f3n del Caliente.mx Open, novena etapa de la temporada 2025\u201326 de la Gira Profesional Mexicana (GPM), torneo que se disput\u00f3 por primera ocasi\u00f3n en el Club Campestre de Tijuana.","og_url":"https:\/\/esbozodeportivo.com\/index.php\/2026\/04\/25\/jose-cristobal-islas-se-corona-campeon-del-caliente-mx-open-de-la-gira-profesional-mexicana-en-el-campestre-de-tijuana\/","og_site_name":"Esbozo Deportivo","article_published_time":"2026-04-26T03:03:41+00:00","article_modified_time":"2026-04-26T03:03:42+00:00","og_image":[{"width":1600,"height":1066,"url":"https:\/\/esbozodeportivo.com\/wp-content\/uploads\/2026\/04\/dc527e8b-dc5f-4050-b0d6-ee442cb23b4c.jpg","type":"image\/jpeg"}],"author":"Redacci\u00f3n","twitter_card":"summary_large_image","twitter_misc":{"Escrito por":"Redacci\u00f3n","Tiempo de lectura":"7 minutos"},"schema":{"@context":"https:\/\/schema.org","@graph":[{"@type":"Article","@id":"https:\/\/esbozodeportivo.com\/index.php\/2026\/04\/25\/jose-cristobal-islas-se-corona-campeon-del-caliente-mx-open-de-la-gira-profesional-mexicana-en-el-campestre-de-tijuana\/#article","isPartOf":{"@id":"https:\/\/esbozodeportivo.com\/index.php\/2026\/04\/25\/jose-cristobal-islas-se-corona-campeon-del-caliente-mx-open-de-la-gira-profesional-mexicana-en-el-campestre-de-tijuana\/"},"author":{"name":"Redacci\u00f3n","@id":"https:\/\/esbozodeportivo.com\/#\/schema\/person\/0f6df9196dfe6740dd0bb31bae50d374"},"headline":"Jos\u00e9 Crist\u00f3bal Islas se corona campe\u00f3n del Caliente.mx Open de la Gira Profesional Mexicana en el Campestre de Tijuana","datePublished":"2026-04-26T03:03:41+00:00","dateModified":"2026-04-26T03:03:42+00:00","mainEntityOfPage":{"@id":"https:\/\/esbozodeportivo.com\/index.php\/2026\/04\/25\/jose-cristobal-islas-se-corona-campeon-del-caliente-mx-open-de-la-gira-profesional-mexicana-en-el-campestre-de-tijuana\/"},"wordCount":990,"publisher":{"@id":"https:\/\/esbozodeportivo.com\/#organization"},"image":{"@id":"https:\/\/esbozodeportivo.com\/index.php\/2026\/04\/25\/jose-cristobal-islas-se-corona-campeon-del-caliente-mx-open-de-la-gira-profesional-mexicana-en-el-campestre-de-tijuana\/#primaryimage"},"thumbnailUrl":"https:\/\/esbozodeportivo.com\/wp-content\/uploads\/2026\/04\/dc527e8b-dc5f-4050-b0d6-ee442cb23b4c.jpg","articleSection":["Federaci\u00f3n Mexicana de Golf"],"inLanguage":"es"},{"@type":"WebPage","@id":"https:\/\/esbozodeportivo.com\/index.php\/2026\/04\/25\/jose-cristobal-islas-se-corona-campeon-del-caliente-mx-open-de-la-gira-profesional-mexicana-en-el-campestre-de-tijuana\/","url":"https:\/\/esbozodeportivo.com\/index.php\/2026\/04\/25\/jose-cristobal-islas-se-corona-campeon-del-caliente-mx-open-de-la-gira-profesional-mexicana-en-el-campestre-de-tijuana\/","name":"Jos\u00e9 Crist\u00f3bal Islas se corona campe\u00f3n del Caliente.mx Open de la Gira Profesional Mexicana en el Campestre de Tijuana - Esbozo Deportivo","isPartOf":{"@id":"https:\/\/esbozodeportivo.com\/#website"},"primaryImageOfPage":{"@id":"https:\/\/esbozodeportivo.com\/index.php\/2026\/04\/25\/jose-cristobal-islas-se-corona-campeon-del-caliente-mx-open-de-la-gira-profesional-mexicana-en-el-campestre-de-tijuana\/#primaryimage"},"image":{"@id":"https:\/\/esbozodeportivo.com\/index.php\/2026\/04\/25\/jose-cristobal-islas-se-corona-campeon-del-caliente-mx-open-de-la-gira-profesional-mexicana-en-el-campestre-de-tijuana\/#primaryimage"},"thumbnailUrl":"https:\/\/esbozodeportivo.com\/wp-content\/uploads\/2026\/04\/dc527e8b-dc5f-4050-b0d6-ee442cb23b4c.jpg","datePublished":"2026-04-26T03:03:41+00:00","dateModified":"2026-04-26T03:03:42+00:00","description":"Con una actuaci\u00f3n s\u00f3lida y consistente de principio a fin, el mexicano Jos\u00e9 Crist\u00f3bal Islas se proclam\u00f3 campe\u00f3n del Caliente.mx Open, novena etapa de la temporada 2025\u201326 de la Gira Profesional Mexicana (GPM), torneo que se disput\u00f3 por primera ocasi\u00f3n en el Club Campestre de Tijuana.","breadcrumb":{"@id":"https:\/\/esbozodeportivo.com\/index.php\/2026\/04\/25\/jose-cristobal-islas-se-corona-campeon-del-caliente-mx-open-de-la-gira-profesional-mexicana-en-el-campestre-de-tijuana\/#breadcrumb"},"inLanguage":"es","potentialAction":[{"@type":"ReadAction","target":["https:\/\/esbozodeportivo.com\/index.php\/2026\/04\/25\/jose-cristobal-islas-se-corona-campeon-del-caliente-mx-open-de-la-gira-profesional-mexicana-en-el-campestre-de-tijuana\/"]}]},{"@type":"ImageObject","inLanguage":"es","@id":"https:\/\/esbozodeportivo.com\/index.php\/2026\/04\/25\/jose-cristobal-islas-se-corona-campeon-del-caliente-mx-open-de-la-gira-profesional-mexicana-en-el-campestre-de-tijuana\/#primaryimage","url":"https:\/\/esbozodeportivo.com\/wp-content\/uploads\/2026\/04\/dc527e8b-dc5f-4050-b0d6-ee442cb23b4c.jpg","contentUrl":"https:\/\/esbozodeportivo.com\/wp-content\/uploads\/2026\/04\/dc527e8b-dc5f-4050-b0d6-ee442cb23b4c.jpg","width":1600,"height":1066},{"@type":"BreadcrumbList","@id":"https:\/\/esbozodeportivo.com\/index.php\/2026\/04\/25\/jose-cristobal-islas-se-corona-campeon-del-caliente-mx-open-de-la-gira-profesional-mexicana-en-el-campestre-de-tijuana\/#breadcrumb","itemListElement":[{"@type":"ListItem","position":1,"name":"Inicio","item":"https:\/\/esbozodeportivo.com\/"},{"@type":"ListItem","position":2,"name":"Jos\u00e9 Crist\u00f3bal Islas se corona campe\u00f3n del Caliente.mx Open de la Gira Profesional Mexicana en el Campestre de Tijuana"}]},{"@type":"WebSite","@id":"https:\/\/esbozodeportivo.com\/#website","url":"https:\/\/esbozodeportivo.com\/","name":"Esbozo Deportivo","description":"Lo m\u00e1s importante del Deporte","publisher":{"@id":"https:\/\/esbozodeportivo.com\/#organization"},"potentialAction":[{"@type":"SearchAction","target":{"@type":"EntryPoint","urlTemplate":"https:\/\/esbozodeportivo.com\/?s={search_term_string}"},"query-input":{"@type":"PropertyValueSpecification","valueRequired":true,"valueName":"search_term_string"}}],"inLanguage":"es"},{"@type":"Organization","@id":"https:\/\/esbozodeportivo.com\/#organization","name":"Esbozo Deportivo","url":"https:\/\/esbozodeportivo.com\/","logo":{"@type":"ImageObject","inLanguage":"es","@id":"https:\/\/esbozodeportivo.com\/#\/schema\/logo\/image\/","url":"https:\/\/esbozodeportivo.com\/wp-content\/uploads\/2022\/08\/cropped-Logo-Esbozo-Web-2.png","contentUrl":"https:\/\/esbozodeportivo.com\/wp-content\/uploads\/2022\/08\/cropped-Logo-Esbozo-Web-2.png","width":180,"height":50,"caption":"Esbozo Deportivo"},"image":{"@id":"https:\/\/esbozodeportivo.com\/#\/schema\/logo\/image\/"}},{"@type":"Person","@id":"https:\/\/esbozodeportivo.com\/#\/schema\/person\/0f6df9196dfe6740dd0bb31bae50d374","name":"Redacci\u00f3n","image":{"@type":"ImageObject","inLanguage":"es","@id":"https:\/\/esbozodeportivo.com\/#\/schema\/person\/image\/","url":"https:\/\/secure.gravatar.com\/avatar\/f55268a89c3b418f2ef172ff52ab0d09b3e653c58de29539fe329fb93d78ebf3?s=96&d=mm&r=g","contentUrl":"https:\/\/secure.gravatar.com\/avatar\/f55268a89c3b418f2ef172ff52ab0d09b3e653c58de29539fe329fb93d78ebf3?s=96&d=mm&r=g","caption":"Redacci\u00f3n"},"url":"https:\/\/esbozodeportivo.com\/index.php\/author\/redaccion\/"}]}},"jetpack_featured_media_url":"https:\/\/esbozodeportivo.com\/wp-content\/uploads\/2026\/04\/dc527e8b-dc5f-4050-b0d6-ee442cb23b4c.jpg","jetpack_sharing_enabled":true,"_links":{"self":[{"href":"https:\/\/esbozodeportivo.com\/index.php\/wp-json\/wp\/v2\/posts\/14320","targetHints":{"allow":["GET"]}}],"collection":[{"href":"https:\/\/esbozodeportivo.com\/index.php\/wp-json\/wp\/v2\/posts"}],"about":[{"href":"https:\/\/esbozodeportivo.com\/index.php\/wp-json\/wp\/v2\/types\/post"}],"author":[{"embeddable":true,"href":"https:\/\/esbozodeportivo.com\/index.php\/wp-json\/wp\/v2\/users\/4"}],"replies":[{"embeddable":true,"href":"https:\/\/esbozodeportivo.com\/index.php\/wp-json\/wp\/v2\/comments?post=14320"}],"version-history":[{"count":1,"href":"https:\/\/esbozodeportivo.com\/index.php\/wp-json\/wp\/v2\/posts\/14320\/revisions"}],"predecessor-version":[{"id":14331,"href":"https:\/\/esbozodeportivo.com\/index.php\/wp-json\/wp\/v2\/posts\/14320\/revisions\/14331"}],"wp:featuredmedia":[{"embeddable":true,"href":"https:\/\/esbozodeportivo.com\/index.php\/wp-json\/wp\/v2\/media\/14329"}],"wp:attachment":[{"href":"https:\/\/esbozodeportivo.com\/index.php\/wp-json\/wp\/v2\/media?parent=14320"}],"wp:term":[{"taxonomy":"category","embeddable":true,"href":"https:\/\/esbozodeportivo.com\/index.php\/wp-json\/wp\/v2\/categories?post=14320"},{"taxonomy":"post_tag","embeddable":true,"href":"https:\/\/esbozodeportivo.com\/index.php\/wp-json\/wp\/v2\/tags?post=14320"}],"curies":[{"name":"wp","href":"https:\/\/api.w.org\/{rel}","templated":true}]}}