{"id":14344,"date":"2026-04-27T19:23:28","date_gmt":"2026-04-28T01:23:28","guid":{"rendered":"https:\/\/esbozodeportivo.com\/?p=14344"},"modified":"2026-04-27T19:23:36","modified_gmt":"2026-04-28T01:23:36","slug":"cruz-azul-recupero-la-memoria","status":"publish","type":"post","link":"https:\/\/esbozodeportivo.com\/index.php\/2026\/04\/27\/cruz-azul-recupero-la-memoria\/","title":{"rendered":"Cruz Azul recuper\u00f3 la memoria"},"content":{"rendered":"\n<p>(Foto: Agencias) <\/p>\n\n\n\n<p>El estreno de Joel Huiqui como entrenador de Cruz Azul tuvo como marco una victoria de 4-1 ante Necaxa, resultado con el que \u201cLa M\u00e1quina\u201d cerr\u00f3 3ro en la clasificaci\u00f3n del torneo Clausura de la Liga MX.<\/p>\n\n\n\n<p>Los exnecaxistas Jos\u00e9 Paradela, a los 52 minutos, y Agust\u00edn Palavecino, a los 63, adem\u00e1s de Luka Romero, a los 77 de tiro libre, y Andr\u00e9s Monta\u00f1o 90+5, fueron los autores de los tantos con los que el conjunto celeste puso fin a una racha de nueve partidos en todas las competencias (seis de liga) sin victoria.<\/p>\n\n\n\n<p>Ricardo Monreal recort\u00f3 moment\u00e1neamente la desventaja a los 71 con el cobro de un tiro penal, validado en repetici\u00f3n de video por el \u00e1rbitro Iv\u00e1n L\u00f3pez S\u00e1nchez.<\/p>\n\n\n\n<p>Necaxa termin\u00f3 con diez elementos despu\u00e9s de que Emilio Lara, quien ten\u00eda unos segundos en el campo, derrib\u00f3 al nigeriano Christian Ebere cuando se escapaba al arco.<\/p>\n\n\n\n<p>Cruz Azul volvi\u00f3 a ser local en el Estadio Azteca, ahora llamado Estadio Banorte, despu\u00e9s de m\u00e1s de dos a\u00f1os por las remodelaciones que tuvo el inmueble de cara a ser sede del pr\u00f3ximo Mundial, que arranca el 11 de junio.<\/p>\n\n\n\n<p>Con la victoria, Cruz Azul ascendi\u00f3 a la 3ra posici\u00f3n al llegar a 33 puntos, con lo que super\u00f3 en esta \u00faltima jornada a Pachuca y Toluca en la clasificaci\u00f3n para la liguilla. Necaxa lleg\u00f3 eliminado para terminar 15to con 18 unidades.<\/p>\n\n\n\n<p>El conjunto celeste cerr\u00f3 una semana convulsionada en la que la dirigencia decidi\u00f3 despedir al argentino Nicol\u00e1s Larcam\u00f3n despu\u00e9s del juego ante Quer\u00e9taro. Huiqui hizo su debut en el banquillo d\u00e1ndole al equipo los puntos necesarios para llevarse el premio de un mill\u00f3n de d\u00f3lares por ser el equipo que m\u00e1s puntos (68) sum\u00f3 en el a\u00f1o futbol\u00edstico, superando a Toluca (67).<\/p>\n\n\n\n<p>\u201cLa M\u00e1quina\u201d tuvo una reacci\u00f3n despu\u00e9s de una mala primera mitad en la que Paradela abri\u00f3 el marcador luego de recibir una diagonal dentro del \u00e1rea de Rodolfo Rotondi que mand\u00f3 a las redes y de inmediato junt\u00f3 en lo alto sus manos para pedir disculpa, recordando su pasado con los Rayos.<\/p>\n\n\n\n<p>Palavecino ampli\u00f3 minutos despu\u00e9s con una incursi\u00f3n desde derecha en la que sac\u00f3 un tiro que nadie desvi\u00f3 hasta terminar al fondo de la porter\u00eda. Hizo un gesto similar al de Paradela de disculpas.<\/p>\n\n\n\n<p>Necaxa recort\u00f3 despu\u00e9s de que Kevin Rosero recibi\u00f3 una falta de Gabriel Fern\u00e1ndez para que se marcara el penal tras la intervenci\u00f3n del VAR, pero la reacci\u00f3n vali\u00f3 de poco con el paso de los minutos.<\/p>\n\n\n\n<p>Romero hizo una soberbia ejecuci\u00f3n de una falta desde el balc\u00f3n del \u00e1rea, a la falta que le cost\u00f3 la roja a Emilio Lara, para darle una clara ruta a la victoria al encuentro.<\/p>\n\n\n\n<p>Monta\u00f1o cerr\u00f3 la goleada en el \u00faltimo minuto del tiempo agregado con un disparo que el arquero Ezequiel Unsa\u00edn no pudo contener para hacer m\u00e1s decorosa la derrota.<\/p>\n\n\n\n<p>En otro resultado, Santos cerr\u00f3 con una goleada en casa de 3-0 ante Monterrey.<\/p>\n\n\n\n<p>Emmanuel Echeverr\u00eda, a los 43, Aldo L\u00f3pez, a los 45+8, y Lucas Di Yorio, a los 72, fueron los autores de las dianas.<\/p>\n\n\n\n<p>Por los Rayados, el estelar mediocampista espa\u00f1ol Sergio Canales no hizo el viaje con el equipo para su \u00faltimo partido del curso.<\/p>\n\n\n\n<p>Clasificaci\u00f3n general<\/p>\n\n\n\n<p>Con el final de la fase regular, Pumas y Chivas terminaron con 36 puntos; Cruz Azul 33; Pachuca 31; Toluca 30; Atlas 26; Tigres y Am\u00e9rica 25; Tijuana 23; Le\u00f3n 22; Quer\u00e9taro 20; Ciudad Ju\u00e1rez 19; Monterrey, San Luis y Necaxa 18; Mazatl\u00e1n 15; Puebla 13 y Santos 12.<\/p>\n\n\n\n<p>Liguilla<\/p>\n\n\n\n<p>Los duelos de cuartos de final de la liguilla quedaron emparejados de la siguiente forma: Pumas vs. Am\u00e9rica; Chivas vs. Tigres; Cruz Azul vs. Atlas y Pachuca vs. Toluca.<\/p>\n\n\n\n<p><\/p>\n","protected":false},"excerpt":{"rendered":"<p>(Foto: Agencias) El estreno de Joel Huiqui como entrenador de Cruz Azul tuvo como marco<\/p>\n","protected":false},"author":4,"featured_media":14339,"comment_status":"closed","ping_status":"open","sticky":false,"template":"","format":"standard","meta":{"_jetpack_memberships_contains_paid_content":false,"footnotes":""},"categories":[20],"tags":[],"class_list":["post-14344","post","type-post","status-publish","format-standard","has-post-thumbnail","hentry","category-liga"],"yoast_head":"<!-- This site is optimized with the Yoast SEO plugin v25.7 - https:\/\/yoast.com\/wordpress\/plugins\/seo\/ -->\n<title>Cruz Azul recuper\u00f3 la memoria - Esbozo Deportivo<\/title>\n<meta name=\"description\" content=\"El estreno de Joel Huiqui como entrenador de Cruz Azul tuvo como marco una victoria de 4-1 ante Necaxa, resultado con el que \u201cLa M\u00e1quina\u201d cerr\u00f3 3ro en la clasificaci\u00f3n del torneo Clausura de la Liga MX.\" \/>\n<meta name=\"robots\" content=\"index, follow, max-snippet:-1, max-image-preview:large, max-video-preview:-1\" \/>\n<link rel=\"canonical\" href=\"https:\/\/esbozodeportivo.com\/index.php\/2026\/04\/27\/cruz-azul-recupero-la-memoria\/\" \/>\n<meta property=\"og:locale\" content=\"es_MX\" \/>\n<meta property=\"og:type\" content=\"article\" \/>\n<meta property=\"og:title\" content=\"Cruz Azul recuper\u00f3 la memoria - Esbozo Deportivo\" \/>\n<meta property=\"og:description\" content=\"El estreno de Joel Huiqui como entrenador de Cruz Azul tuvo como marco una victoria de 4-1 ante Necaxa, resultado con el que \u201cLa M\u00e1quina\u201d cerr\u00f3 3ro en la clasificaci\u00f3n del torneo Clausura de la Liga MX.\" \/>\n<meta property=\"og:url\" content=\"https:\/\/esbozodeportivo.com\/index.php\/2026\/04\/27\/cruz-azul-recupero-la-memoria\/\" \/>\n<meta property=\"og:site_name\" content=\"Esbozo Deportivo\" \/>\n<meta property=\"article:published_time\" content=\"2026-04-28T01:23:28+00:00\" \/>\n<meta property=\"article:modified_time\" content=\"2026-04-28T01:23:36+00:00\" \/>\n<meta property=\"og:image\" content=\"https:\/\/esbozodeportivo.com\/wp-content\/uploads\/2026\/04\/8d28a1a8-39f5-47a2-b0b5-cc52356e0dda.jpg\" \/>\n\t<meta property=\"og:image:width\" content=\"813\" \/>\n\t<meta property=\"og:image:height\" content=\"542\" \/>\n\t<meta property=\"og:image:type\" content=\"image\/jpeg\" \/>\n<meta name=\"author\" content=\"Redacci\u00f3n\" \/>\n<meta name=\"twitter:card\" content=\"summary_large_image\" \/>\n<meta name=\"twitter:label1\" content=\"Escrito por\" \/>\n\t<meta name=\"twitter:data1\" content=\"Redacci\u00f3n\" \/>\n\t<meta name=\"twitter:label2\" content=\"Tiempo de lectura\" \/>\n\t<meta name=\"twitter:data2\" content=\"4 minutos\" \/>\n<script type=\"application\/ld+json\" class=\"yoast-schema-graph\">{\"@context\":\"https:\/\/schema.org\",\"@graph\":[{\"@type\":\"Article\",\"@id\":\"https:\/\/esbozodeportivo.com\/index.php\/2026\/04\/27\/cruz-azul-recupero-la-memoria\/#article\",\"isPartOf\":{\"@id\":\"https:\/\/esbozodeportivo.com\/index.php\/2026\/04\/27\/cruz-azul-recupero-la-memoria\/\"},\"author\":{\"name\":\"Redacci\u00f3n\",\"@id\":\"https:\/\/esbozodeportivo.com\/#\/schema\/person\/0f6df9196dfe6740dd0bb31bae50d374\"},\"headline\":\"Cruz Azul recuper\u00f3 la memoria\",\"datePublished\":\"2026-04-28T01:23:28+00:00\",\"dateModified\":\"2026-04-28T01:23:36+00:00\",\"mainEntityOfPage\":{\"@id\":\"https:\/\/esbozodeportivo.com\/index.php\/2026\/04\/27\/cruz-azul-recupero-la-memoria\/\"},\"wordCount\":651,\"publisher\":{\"@id\":\"https:\/\/esbozodeportivo.com\/#organization\"},\"image\":{\"@id\":\"https:\/\/esbozodeportivo.com\/index.php\/2026\/04\/27\/cruz-azul-recupero-la-memoria\/#primaryimage\"},\"thumbnailUrl\":\"https:\/\/esbozodeportivo.com\/wp-content\/uploads\/2026\/04\/8d28a1a8-39f5-47a2-b0b5-cc52356e0dda.jpg\",\"articleSection\":[\"Liga MX\"],\"inLanguage\":\"es\"},{\"@type\":\"WebPage\",\"@id\":\"https:\/\/esbozodeportivo.com\/index.php\/2026\/04\/27\/cruz-azul-recupero-la-memoria\/\",\"url\":\"https:\/\/esbozodeportivo.com\/index.php\/2026\/04\/27\/cruz-azul-recupero-la-memoria\/\",\"name\":\"Cruz Azul recuper\u00f3 la memoria - Esbozo Deportivo\",\"isPartOf\":{\"@id\":\"https:\/\/esbozodeportivo.com\/#website\"},\"primaryImageOfPage\":{\"@id\":\"https:\/\/esbozodeportivo.com\/index.php\/2026\/04\/27\/cruz-azul-recupero-la-memoria\/#primaryimage\"},\"image\":{\"@id\":\"https:\/\/esbozodeportivo.com\/index.php\/2026\/04\/27\/cruz-azul-recupero-la-memoria\/#primaryimage\"},\"thumbnailUrl\":\"https:\/\/esbozodeportivo.com\/wp-content\/uploads\/2026\/04\/8d28a1a8-39f5-47a2-b0b5-cc52356e0dda.jpg\",\"datePublished\":\"2026-04-28T01:23:28+00:00\",\"dateModified\":\"2026-04-28T01:23:36+00:00\",\"description\":\"El estreno de Joel Huiqui como entrenador de Cruz Azul tuvo como marco una victoria de 4-1 ante Necaxa, resultado con el que \u201cLa M\u00e1quina\u201d cerr\u00f3 3ro en la clasificaci\u00f3n del torneo Clausura de la Liga MX.\",\"breadcrumb\":{\"@id\":\"https:\/\/esbozodeportivo.com\/index.php\/2026\/04\/27\/cruz-azul-recupero-la-memoria\/#breadcrumb\"},\"inLanguage\":\"es\",\"potentialAction\":[{\"@type\":\"ReadAction\",\"target\":[\"https:\/\/esbozodeportivo.com\/index.php\/2026\/04\/27\/cruz-azul-recupero-la-memoria\/\"]}]},{\"@type\":\"ImageObject\",\"inLanguage\":\"es\",\"@id\":\"https:\/\/esbozodeportivo.com\/index.php\/2026\/04\/27\/cruz-azul-recupero-la-memoria\/#primaryimage\",\"url\":\"https:\/\/esbozodeportivo.com\/wp-content\/uploads\/2026\/04\/8d28a1a8-39f5-47a2-b0b5-cc52356e0dda.jpg\",\"contentUrl\":\"https:\/\/esbozodeportivo.com\/wp-content\/uploads\/2026\/04\/8d28a1a8-39f5-47a2-b0b5-cc52356e0dda.jpg\",\"width\":813,\"height\":542},{\"@type\":\"BreadcrumbList\",\"@id\":\"https:\/\/esbozodeportivo.com\/index.php\/2026\/04\/27\/cruz-azul-recupero-la-memoria\/#breadcrumb\",\"itemListElement\":[{\"@type\":\"ListItem\",\"position\":1,\"name\":\"Inicio\",\"item\":\"https:\/\/esbozodeportivo.com\/\"},{\"@type\":\"ListItem\",\"position\":2,\"name\":\"Cruz Azul recuper\u00f3 la memoria\"}]},{\"@type\":\"WebSite\",\"@id\":\"https:\/\/esbozodeportivo.com\/#website\",\"url\":\"https:\/\/esbozodeportivo.com\/\",\"name\":\"Esbozo Deportivo\",\"description\":\"Lo m\u00e1s importante del Deporte\",\"publisher\":{\"@id\":\"https:\/\/esbozodeportivo.com\/#organization\"},\"potentialAction\":[{\"@type\":\"SearchAction\",\"target\":{\"@type\":\"EntryPoint\",\"urlTemplate\":\"https:\/\/esbozodeportivo.com\/?s={search_term_string}\"},\"query-input\":{\"@type\":\"PropertyValueSpecification\",\"valueRequired\":true,\"valueName\":\"search_term_string\"}}],\"inLanguage\":\"es\"},{\"@type\":\"Organization\",\"@id\":\"https:\/\/esbozodeportivo.com\/#organization\",\"name\":\"Esbozo Deportivo\",\"url\":\"https:\/\/esbozodeportivo.com\/\",\"logo\":{\"@type\":\"ImageObject\",\"inLanguage\":\"es\",\"@id\":\"https:\/\/esbozodeportivo.com\/#\/schema\/logo\/image\/\",\"url\":\"https:\/\/esbozodeportivo.com\/wp-content\/uploads\/2022\/08\/cropped-Logo-Esbozo-Web-2.png\",\"contentUrl\":\"https:\/\/esbozodeportivo.com\/wp-content\/uploads\/2022\/08\/cropped-Logo-Esbozo-Web-2.png\",\"width\":180,\"height\":50,\"caption\":\"Esbozo Deportivo\"},\"image\":{\"@id\":\"https:\/\/esbozodeportivo.com\/#\/schema\/logo\/image\/\"}},{\"@type\":\"Person\",\"@id\":\"https:\/\/esbozodeportivo.com\/#\/schema\/person\/0f6df9196dfe6740dd0bb31bae50d374\",\"name\":\"Redacci\u00f3n\",\"image\":{\"@type\":\"ImageObject\",\"inLanguage\":\"es\",\"@id\":\"https:\/\/esbozodeportivo.com\/#\/schema\/person\/image\/\",\"url\":\"https:\/\/secure.gravatar.com\/avatar\/f55268a89c3b418f2ef172ff52ab0d09b3e653c58de29539fe329fb93d78ebf3?s=96&d=mm&r=g\",\"contentUrl\":\"https:\/\/secure.gravatar.com\/avatar\/f55268a89c3b418f2ef172ff52ab0d09b3e653c58de29539fe329fb93d78ebf3?s=96&d=mm&r=g\",\"caption\":\"Redacci\u00f3n\"},\"url\":\"https:\/\/esbozodeportivo.com\/index.php\/author\/redaccion\/\"}]}<\/script>\n<!-- \/ Yoast SEO plugin. -->","yoast_head_json":{"title":"Cruz Azul recuper\u00f3 la memoria - Esbozo Deportivo","description":"El estreno de Joel Huiqui como entrenador de Cruz Azul tuvo como marco una victoria de 4-1 ante Necaxa, resultado con el que \u201cLa M\u00e1quina\u201d cerr\u00f3 3ro en la clasificaci\u00f3n del torneo Clausura de la Liga MX.","robots":{"index":"index","follow":"follow","max-snippet":"max-snippet:-1","max-image-preview":"max-image-preview:large","max-video-preview":"max-video-preview:-1"},"canonical":"https:\/\/esbozodeportivo.com\/index.php\/2026\/04\/27\/cruz-azul-recupero-la-memoria\/","og_locale":"es_MX","og_type":"article","og_title":"Cruz Azul recuper\u00f3 la memoria - Esbozo Deportivo","og_description":"El estreno de Joel Huiqui como entrenador de Cruz Azul tuvo como marco una victoria de 4-1 ante Necaxa, resultado con el que \u201cLa M\u00e1quina\u201d cerr\u00f3 3ro en la clasificaci\u00f3n del torneo Clausura de la Liga MX.","og_url":"https:\/\/esbozodeportivo.com\/index.php\/2026\/04\/27\/cruz-azul-recupero-la-memoria\/","og_site_name":"Esbozo Deportivo","article_published_time":"2026-04-28T01:23:28+00:00","article_modified_time":"2026-04-28T01:23:36+00:00","og_image":[{"width":813,"height":542,"url":"https:\/\/esbozodeportivo.com\/wp-content\/uploads\/2026\/04\/8d28a1a8-39f5-47a2-b0b5-cc52356e0dda.jpg","type":"image\/jpeg"}],"author":"Redacci\u00f3n","twitter_card":"summary_large_image","twitter_misc":{"Escrito por":"Redacci\u00f3n","Tiempo de lectura":"4 minutos"},"schema":{"@context":"https:\/\/schema.org","@graph":[{"@type":"Article","@id":"https:\/\/esbozodeportivo.com\/index.php\/2026\/04\/27\/cruz-azul-recupero-la-memoria\/#article","isPartOf":{"@id":"https:\/\/esbozodeportivo.com\/index.php\/2026\/04\/27\/cruz-azul-recupero-la-memoria\/"},"author":{"name":"Redacci\u00f3n","@id":"https:\/\/esbozodeportivo.com\/#\/schema\/person\/0f6df9196dfe6740dd0bb31bae50d374"},"headline":"Cruz Azul recuper\u00f3 la memoria","datePublished":"2026-04-28T01:23:28+00:00","dateModified":"2026-04-28T01:23:36+00:00","mainEntityOfPage":{"@id":"https:\/\/esbozodeportivo.com\/index.php\/2026\/04\/27\/cruz-azul-recupero-la-memoria\/"},"wordCount":651,"publisher":{"@id":"https:\/\/esbozodeportivo.com\/#organization"},"image":{"@id":"https:\/\/esbozodeportivo.com\/index.php\/2026\/04\/27\/cruz-azul-recupero-la-memoria\/#primaryimage"},"thumbnailUrl":"https:\/\/esbozodeportivo.com\/wp-content\/uploads\/2026\/04\/8d28a1a8-39f5-47a2-b0b5-cc52356e0dda.jpg","articleSection":["Liga MX"],"inLanguage":"es"},{"@type":"WebPage","@id":"https:\/\/esbozodeportivo.com\/index.php\/2026\/04\/27\/cruz-azul-recupero-la-memoria\/","url":"https:\/\/esbozodeportivo.com\/index.php\/2026\/04\/27\/cruz-azul-recupero-la-memoria\/","name":"Cruz Azul recuper\u00f3 la memoria - Esbozo Deportivo","isPartOf":{"@id":"https:\/\/esbozodeportivo.com\/#website"},"primaryImageOfPage":{"@id":"https:\/\/esbozodeportivo.com\/index.php\/2026\/04\/27\/cruz-azul-recupero-la-memoria\/#primaryimage"},"image":{"@id":"https:\/\/esbozodeportivo.com\/index.php\/2026\/04\/27\/cruz-azul-recupero-la-memoria\/#primaryimage"},"thumbnailUrl":"https:\/\/esbozodeportivo.com\/wp-content\/uploads\/2026\/04\/8d28a1a8-39f5-47a2-b0b5-cc52356e0dda.jpg","datePublished":"2026-04-28T01:23:28+00:00","dateModified":"2026-04-28T01:23:36+00:00","description":"El estreno de Joel Huiqui como entrenador de Cruz Azul tuvo como marco una victoria de 4-1 ante Necaxa, resultado con el que \u201cLa M\u00e1quina\u201d cerr\u00f3 3ro en la clasificaci\u00f3n del torneo Clausura de la Liga MX.","breadcrumb":{"@id":"https:\/\/esbozodeportivo.com\/index.php\/2026\/04\/27\/cruz-azul-recupero-la-memoria\/#breadcrumb"},"inLanguage":"es","potentialAction":[{"@type":"ReadAction","target":["https:\/\/esbozodeportivo.com\/index.php\/2026\/04\/27\/cruz-azul-recupero-la-memoria\/"]}]},{"@type":"ImageObject","inLanguage":"es","@id":"https:\/\/esbozodeportivo.com\/index.php\/2026\/04\/27\/cruz-azul-recupero-la-memoria\/#primaryimage","url":"https:\/\/esbozodeportivo.com\/wp-content\/uploads\/2026\/04\/8d28a1a8-39f5-47a2-b0b5-cc52356e0dda.jpg","contentUrl":"https:\/\/esbozodeportivo.com\/wp-content\/uploads\/2026\/04\/8d28a1a8-39f5-47a2-b0b5-cc52356e0dda.jpg","width":813,"height":542},{"@type":"BreadcrumbList","@id":"https:\/\/esbozodeportivo.com\/index.php\/2026\/04\/27\/cruz-azul-recupero-la-memoria\/#breadcrumb","itemListElement":[{"@type":"ListItem","position":1,"name":"Inicio","item":"https:\/\/esbozodeportivo.com\/"},{"@type":"ListItem","position":2,"name":"Cruz Azul recuper\u00f3 la memoria"}]},{"@type":"WebSite","@id":"https:\/\/esbozodeportivo.com\/#website","url":"https:\/\/esbozodeportivo.com\/","name":"Esbozo Deportivo","description":"Lo m\u00e1s importante del Deporte","publisher":{"@id":"https:\/\/esbozodeportivo.com\/#organization"},"potentialAction":[{"@type":"SearchAction","target":{"@type":"EntryPoint","urlTemplate":"https:\/\/esbozodeportivo.com\/?s={search_term_string}"},"query-input":{"@type":"PropertyValueSpecification","valueRequired":true,"valueName":"search_term_string"}}],"inLanguage":"es"},{"@type":"Organization","@id":"https:\/\/esbozodeportivo.com\/#organization","name":"Esbozo Deportivo","url":"https:\/\/esbozodeportivo.com\/","logo":{"@type":"ImageObject","inLanguage":"es","@id":"https:\/\/esbozodeportivo.com\/#\/schema\/logo\/image\/","url":"https:\/\/esbozodeportivo.com\/wp-content\/uploads\/2022\/08\/cropped-Logo-Esbozo-Web-2.png","contentUrl":"https:\/\/esbozodeportivo.com\/wp-content\/uploads\/2022\/08\/cropped-Logo-Esbozo-Web-2.png","width":180,"height":50,"caption":"Esbozo Deportivo"},"image":{"@id":"https:\/\/esbozodeportivo.com\/#\/schema\/logo\/image\/"}},{"@type":"Person","@id":"https:\/\/esbozodeportivo.com\/#\/schema\/person\/0f6df9196dfe6740dd0bb31bae50d374","name":"Redacci\u00f3n","image":{"@type":"ImageObject","inLanguage":"es","@id":"https:\/\/esbozodeportivo.com\/#\/schema\/person\/image\/","url":"https:\/\/secure.gravatar.com\/avatar\/f55268a89c3b418f2ef172ff52ab0d09b3e653c58de29539fe329fb93d78ebf3?s=96&d=mm&r=g","contentUrl":"https:\/\/secure.gravatar.com\/avatar\/f55268a89c3b418f2ef172ff52ab0d09b3e653c58de29539fe329fb93d78ebf3?s=96&d=mm&r=g","caption":"Redacci\u00f3n"},"url":"https:\/\/esbozodeportivo.com\/index.php\/author\/redaccion\/"}]}},"jetpack_featured_media_url":"https:\/\/esbozodeportivo.com\/wp-content\/uploads\/2026\/04\/8d28a1a8-39f5-47a2-b0b5-cc52356e0dda.jpg","jetpack_sharing_enabled":true,"_links":{"self":[{"href":"https:\/\/esbozodeportivo.com\/index.php\/wp-json\/wp\/v2\/posts\/14344","targetHints":{"allow":["GET"]}}],"collection":[{"href":"https:\/\/esbozodeportivo.com\/index.php\/wp-json\/wp\/v2\/posts"}],"about":[{"href":"https:\/\/esbozodeportivo.com\/index.php\/wp-json\/wp\/v2\/types\/post"}],"author":[{"embeddable":true,"href":"https:\/\/esbozodeportivo.com\/index.php\/wp-json\/wp\/v2\/users\/4"}],"replies":[{"embeddable":true,"href":"https:\/\/esbozodeportivo.com\/index.php\/wp-json\/wp\/v2\/comments?post=14344"}],"version-history":[{"count":1,"href":"https:\/\/esbozodeportivo.com\/index.php\/wp-json\/wp\/v2\/posts\/14344\/revisions"}],"predecessor-version":[{"id":14345,"href":"https:\/\/esbozodeportivo.com\/index.php\/wp-json\/wp\/v2\/posts\/14344\/revisions\/14345"}],"wp:featuredmedia":[{"embeddable":true,"href":"https:\/\/esbozodeportivo.com\/index.php\/wp-json\/wp\/v2\/media\/14339"}],"wp:attachment":[{"href":"https:\/\/esbozodeportivo.com\/index.php\/wp-json\/wp\/v2\/media?parent=14344"}],"wp:term":[{"taxonomy":"category","embeddable":true,"href":"https:\/\/esbozodeportivo.com\/index.php\/wp-json\/wp\/v2\/categories?post=14344"},{"taxonomy":"post_tag","embeddable":true,"href":"https:\/\/esbozodeportivo.com\/index.php\/wp-json\/wp\/v2\/tags?post=14344"}],"curies":[{"name":"wp","href":"https:\/\/api.w.org\/{rel}","templated":true}]}}