{"id":14348,"date":"2026-04-27T19:27:48","date_gmt":"2026-04-28T01:27:48","guid":{"rendered":"https:\/\/esbozodeportivo.com\/?p=14348"},"modified":"2026-04-27T19:27:50","modified_gmt":"2026-04-28T01:27:50","slug":"psg-bayern-una-final-adelantada","status":"publish","type":"post","link":"https:\/\/esbozodeportivo.com\/index.php\/2026\/04\/27\/psg-bayern-una-final-adelantada\/","title":{"rendered":"PSG-Bayern, una final adelantada"},"content":{"rendered":"\n<p><strong>(Foto: Agencias) <\/strong><\/p>\n\n\n\n<p>Las dos semifinales de la Liga de Campeones que comienzan esta semana est\u00e1n marcadas por contrastes.<\/p>\n\n\n\n<p>El cruce entre el reinante campe\u00f3n Paris Saint-Germain y el gigante alem\u00e1n Bayern M\u00fanich que arranca el martes enfrenta a dos equipos de vocaci\u00f3n ofensiva y que practican, posiblemente, el f\u00fatbol t\u00e9cnico de mayor calidad del mundo en la actualidad.<\/p>\n\n\n\n<p>En tanto, el duelo entre el Atl\u00e9tico de Madrid y Arsenal a partir del mi\u00e9rcoles ofrece un choque de estilos combativos y solidez defensiva.<\/p>\n\n\n\n<p>Mientras que el PSG y el Bayern han ganado cada uno la Champions en las \u00faltimas seis temporadas, el Atl\u00e9tico y Arsenal nunca han sido campeones de Europa y suman cuatro derrotas entre ambos en finales.<\/p>\n\n\n\n<p>El PSG y el Bayern acumulan en total 24 t\u00edtulos de liga dom\u00e9stica entre ambos en las \u00faltimas 14 temporadas. El Bayern ya es campe\u00f3n de la Bundesliga esta temporada y es probable que otro t\u00edtulo franc\u00e9s llegue a Par\u00eds el pr\u00f3ximo mes.<\/p>\n\n\n\n<p>El Atl\u00e9tico fue campe\u00f3n de Espa\u00f1a dos veces en ese periodo, mientras que Arsenal est\u00e1 inmerso en un duelo con el Manchester City para conseguir su primer t\u00edtulo ingl\u00e9s en 22 a\u00f1os.<\/p>\n\n\n\n<p>Lo que tienen en com\u00fan las semifinales es que son revanchas de la fase de liga de esta temporada, que ganaron el Bayern y el Arsenal.<\/p>\n\n\n\n<p>Un PSG-Bayern ser\u00eda la elecci\u00f3n de muchas personas como la final ideal, despu\u00e9s de sus majestuosas actuaciones en cuartos de final para eliminar, respectivamente, a Liverpool y Real Madrid. Son col\u00edderes goleadores del torneo esta temporada, con 38 tantos cada uno.<\/p>\n\n\n\n<p>Fue la final de 2020, cuando el Bayern se coron\u00f3 campe\u00f3n de Europa por sexta vez y el PSG perdi\u00f3 en su primera aparici\u00f3n en un partido por el t\u00edtulo.<\/p>\n\n\n\n<p>Aquel partido en Lisboa fue el extra\u00f1o cl\u00edmax de la temporada que se retras\u00f3 por la pandemia, disputado en un estadio vac\u00edo a mediados de agosto. Se decidi\u00f3 por Kingsley Coman, el ex canterano del PSG que finalmente brill\u00f3 en M\u00fanich.<\/p>\n\n\n\n<p>Tambi\u00e9n fue la \u00fanica vez que el Bayern avanz\u00f3 a la final en sus \u00faltimas seis apariciones en semifinales. Las cinco derrotas fueron ante rivales espa\u00f1oles y la \u00fanica victoria fue contra un equipo franc\u00e9s. Lyon fue derrotado en un partido a eliminaci\u00f3n directa en el minitorneo de Lisboa durante el confinamiento.<\/p>\n\n\n\n<p>El Bayern gan\u00f3 en su visita a Par\u00eds en noviembre. Luis D\u00edaz anot\u00f3 dos veces y luego fue expulsado antes del descanso por una entrada sobre Achraf Hakimi.<\/p>\n\n\n\n<p>Aun as\u00ed, el PSG del entrenador Luis Enrique llega a tope en la segunda mitad de la temporada, encontrando un nuevo nivel desde que fich\u00f3 al extremo georgiano Khvicha Kvaratskhelia en enero del a\u00f1o pasado.<\/p>\n\n\n\n<p>El partido de vuelta se jugar\u00e1 el mi\u00e9rcoles de la pr\u00f3xima semana en M\u00fanich, donde el PSG arroll\u00f3 al Inter de Mil\u00e1n para ganar su primer t\u00edtulo europeo.<\/p>\n\n\n\n<p>El registro de Arsenal como el \u00fanico equipo invicto en esta edici\u00f3n de la Liga de Campeones ser\u00e1 puesto a prueba en la caldera del Estadio Metropolitano.<\/p>\n\n\n\n<p>Arsenal ha encajado apenas cinco goles en 12 partidos hasta ahora, el tipo de despliegue defensivo que ha sido asociado al Atl\u00e9tico durante el largo ciclo del t\u00e9cnico argentino Diego Simeone.<\/p>\n\n\n\n<p>Este Atl\u00e9tico se ha mostrado m\u00e1s vulnerable. Ha recibido 26 goles en 14 partidos de la Champions esta temporada. El atacante argentino Juli\u00e1n \u00c1lvarez ha marcado nueve de los 34 anotados en el otro extremo.<\/p>\n\n\n\n<p>La semifinal enfrenta a dos de los t\u00e9cnicos de \u00e9lite con m\u00e1s tiempo en Europa. Simeone cumple una notable 15ta temporada y se dice que es el entrenador de club mejor pagado del f\u00fatbol mundial, con ingresos de unos 35 millones de d\u00f3lares. Arteta est\u00e1 en su s\u00e9ptima temporada al mando de Arsenal.<\/p>\n\n\n\n<p>El triunfo 4-0 de Arsenal sobre el Atl\u00e9tico en octubre parece tan distante. Una r\u00e1faga de cuatro goles en 15 minutos del segundo tiempo, incluidos dos de Viktor Gyokeres, mostr\u00f3 una faceta ofensiva que Arsenal no ha logrado mostrar en la segunda mitad de la temporada.<\/p>\n\n\n\n<p><\/p>\n","protected":false},"excerpt":{"rendered":"<p>(Foto: Agencias) Las dos semifinales de la Liga de Campeones que comienzan esta semana est\u00e1n<\/p>\n","protected":false},"author":4,"featured_media":14342,"comment_status":"closed","ping_status":"open","sticky":false,"template":"","format":"standard","meta":{"_jetpack_memberships_contains_paid_content":false,"footnotes":""},"categories":[24],"tags":[],"class_list":["post-14348","post","type-post","status-publish","format-standard","has-post-thumbnail","hentry","category-futbol-2"],"yoast_head":"<!-- This site is optimized with the Yoast SEO plugin v25.7 - https:\/\/yoast.com\/wordpress\/plugins\/seo\/ -->\n<title>PSG-Bayern, una final adelantada - Esbozo Deportivo<\/title>\n<meta name=\"description\" content=\"El cruce entre el reinante campe\u00f3n Paris Saint-Germain y el gigante alem\u00e1n Bayern M\u00fanich que arranca el martes enfrenta a dos equipos de vocaci\u00f3n ofensiva y que practican, posiblemente, el f\u00fatbol t\u00e9cnico de mayor calidad del mundo en la actualidad.\" \/>\n<meta name=\"robots\" content=\"index, follow, max-snippet:-1, max-image-preview:large, max-video-preview:-1\" \/>\n<link rel=\"canonical\" href=\"https:\/\/esbozodeportivo.com\/index.php\/2026\/04\/27\/psg-bayern-una-final-adelantada\/\" \/>\n<meta property=\"og:locale\" content=\"es_MX\" \/>\n<meta property=\"og:type\" content=\"article\" \/>\n<meta property=\"og:title\" content=\"PSG-Bayern, una final adelantada - Esbozo Deportivo\" \/>\n<meta property=\"og:description\" content=\"El cruce entre el reinante campe\u00f3n Paris Saint-Germain y el gigante alem\u00e1n Bayern M\u00fanich que arranca el martes enfrenta a dos equipos de vocaci\u00f3n ofensiva y que practican, posiblemente, el f\u00fatbol t\u00e9cnico de mayor calidad del mundo en la actualidad.\" \/>\n<meta property=\"og:url\" content=\"https:\/\/esbozodeportivo.com\/index.php\/2026\/04\/27\/psg-bayern-una-final-adelantada\/\" \/>\n<meta property=\"og:site_name\" content=\"Esbozo Deportivo\" \/>\n<meta property=\"article:published_time\" content=\"2026-04-28T01:27:48+00:00\" \/>\n<meta property=\"article:modified_time\" content=\"2026-04-28T01:27:50+00:00\" \/>\n<meta property=\"og:image\" content=\"https:\/\/esbozodeportivo.com\/wp-content\/uploads\/2026\/04\/b30b3fdf-332a-42ca-81b4-904605d77600.jpg\" \/>\n\t<meta property=\"og:image:width\" content=\"1600\" \/>\n\t<meta property=\"og:image:height\" content=\"1066\" \/>\n\t<meta property=\"og:image:type\" content=\"image\/jpeg\" \/>\n<meta name=\"author\" content=\"Redacci\u00f3n\" \/>\n<meta name=\"twitter:card\" content=\"summary_large_image\" \/>\n<meta name=\"twitter:label1\" content=\"Escrito por\" \/>\n\t<meta name=\"twitter:data1\" content=\"Redacci\u00f3n\" \/>\n\t<meta name=\"twitter:label2\" content=\"Tiempo de lectura\" \/>\n\t<meta name=\"twitter:data2\" content=\"4 minutos\" \/>\n<script type=\"application\/ld+json\" class=\"yoast-schema-graph\">{\"@context\":\"https:\/\/schema.org\",\"@graph\":[{\"@type\":\"Article\",\"@id\":\"https:\/\/esbozodeportivo.com\/index.php\/2026\/04\/27\/psg-bayern-una-final-adelantada\/#article\",\"isPartOf\":{\"@id\":\"https:\/\/esbozodeportivo.com\/index.php\/2026\/04\/27\/psg-bayern-una-final-adelantada\/\"},\"author\":{\"name\":\"Redacci\u00f3n\",\"@id\":\"https:\/\/esbozodeportivo.com\/#\/schema\/person\/0f6df9196dfe6740dd0bb31bae50d374\"},\"headline\":\"PSG-Bayern, una final adelantada\",\"datePublished\":\"2026-04-28T01:27:48+00:00\",\"dateModified\":\"2026-04-28T01:27:50+00:00\",\"mainEntityOfPage\":{\"@id\":\"https:\/\/esbozodeportivo.com\/index.php\/2026\/04\/27\/psg-bayern-una-final-adelantada\/\"},\"wordCount\":719,\"publisher\":{\"@id\":\"https:\/\/esbozodeportivo.com\/#organization\"},\"image\":{\"@id\":\"https:\/\/esbozodeportivo.com\/index.php\/2026\/04\/27\/psg-bayern-una-final-adelantada\/#primaryimage\"},\"thumbnailUrl\":\"https:\/\/esbozodeportivo.com\/wp-content\/uploads\/2026\/04\/b30b3fdf-332a-42ca-81b4-904605d77600.jpg\",\"articleSection\":[\"Champions League\"],\"inLanguage\":\"es\"},{\"@type\":\"WebPage\",\"@id\":\"https:\/\/esbozodeportivo.com\/index.php\/2026\/04\/27\/psg-bayern-una-final-adelantada\/\",\"url\":\"https:\/\/esbozodeportivo.com\/index.php\/2026\/04\/27\/psg-bayern-una-final-adelantada\/\",\"name\":\"PSG-Bayern, una final adelantada - Esbozo Deportivo\",\"isPartOf\":{\"@id\":\"https:\/\/esbozodeportivo.com\/#website\"},\"primaryImageOfPage\":{\"@id\":\"https:\/\/esbozodeportivo.com\/index.php\/2026\/04\/27\/psg-bayern-una-final-adelantada\/#primaryimage\"},\"image\":{\"@id\":\"https:\/\/esbozodeportivo.com\/index.php\/2026\/04\/27\/psg-bayern-una-final-adelantada\/#primaryimage\"},\"thumbnailUrl\":\"https:\/\/esbozodeportivo.com\/wp-content\/uploads\/2026\/04\/b30b3fdf-332a-42ca-81b4-904605d77600.jpg\",\"datePublished\":\"2026-04-28T01:27:48+00:00\",\"dateModified\":\"2026-04-28T01:27:50+00:00\",\"description\":\"El cruce entre el reinante campe\u00f3n Paris Saint-Germain y el gigante alem\u00e1n Bayern M\u00fanich que arranca el martes enfrenta a dos equipos de vocaci\u00f3n ofensiva y que practican, posiblemente, el f\u00fatbol t\u00e9cnico de mayor calidad del mundo en la actualidad.\",\"breadcrumb\":{\"@id\":\"https:\/\/esbozodeportivo.com\/index.php\/2026\/04\/27\/psg-bayern-una-final-adelantada\/#breadcrumb\"},\"inLanguage\":\"es\",\"potentialAction\":[{\"@type\":\"ReadAction\",\"target\":[\"https:\/\/esbozodeportivo.com\/index.php\/2026\/04\/27\/psg-bayern-una-final-adelantada\/\"]}]},{\"@type\":\"ImageObject\",\"inLanguage\":\"es\",\"@id\":\"https:\/\/esbozodeportivo.com\/index.php\/2026\/04\/27\/psg-bayern-una-final-adelantada\/#primaryimage\",\"url\":\"https:\/\/esbozodeportivo.com\/wp-content\/uploads\/2026\/04\/b30b3fdf-332a-42ca-81b4-904605d77600.jpg\",\"contentUrl\":\"https:\/\/esbozodeportivo.com\/wp-content\/uploads\/2026\/04\/b30b3fdf-332a-42ca-81b4-904605d77600.jpg\",\"width\":1600,\"height\":1066},{\"@type\":\"BreadcrumbList\",\"@id\":\"https:\/\/esbozodeportivo.com\/index.php\/2026\/04\/27\/psg-bayern-una-final-adelantada\/#breadcrumb\",\"itemListElement\":[{\"@type\":\"ListItem\",\"position\":1,\"name\":\"Inicio\",\"item\":\"https:\/\/esbozodeportivo.com\/\"},{\"@type\":\"ListItem\",\"position\":2,\"name\":\"PSG-Bayern, una final adelantada\"}]},{\"@type\":\"WebSite\",\"@id\":\"https:\/\/esbozodeportivo.com\/#website\",\"url\":\"https:\/\/esbozodeportivo.com\/\",\"name\":\"Esbozo Deportivo\",\"description\":\"Lo m\u00e1s importante del Deporte\",\"publisher\":{\"@id\":\"https:\/\/esbozodeportivo.com\/#organization\"},\"potentialAction\":[{\"@type\":\"SearchAction\",\"target\":{\"@type\":\"EntryPoint\",\"urlTemplate\":\"https:\/\/esbozodeportivo.com\/?s={search_term_string}\"},\"query-input\":{\"@type\":\"PropertyValueSpecification\",\"valueRequired\":true,\"valueName\":\"search_term_string\"}}],\"inLanguage\":\"es\"},{\"@type\":\"Organization\",\"@id\":\"https:\/\/esbozodeportivo.com\/#organization\",\"name\":\"Esbozo Deportivo\",\"url\":\"https:\/\/esbozodeportivo.com\/\",\"logo\":{\"@type\":\"ImageObject\",\"inLanguage\":\"es\",\"@id\":\"https:\/\/esbozodeportivo.com\/#\/schema\/logo\/image\/\",\"url\":\"https:\/\/esbozodeportivo.com\/wp-content\/uploads\/2022\/08\/cropped-Logo-Esbozo-Web-2.png\",\"contentUrl\":\"https:\/\/esbozodeportivo.com\/wp-content\/uploads\/2022\/08\/cropped-Logo-Esbozo-Web-2.png\",\"width\":180,\"height\":50,\"caption\":\"Esbozo Deportivo\"},\"image\":{\"@id\":\"https:\/\/esbozodeportivo.com\/#\/schema\/logo\/image\/\"}},{\"@type\":\"Person\",\"@id\":\"https:\/\/esbozodeportivo.com\/#\/schema\/person\/0f6df9196dfe6740dd0bb31bae50d374\",\"name\":\"Redacci\u00f3n\",\"image\":{\"@type\":\"ImageObject\",\"inLanguage\":\"es\",\"@id\":\"https:\/\/esbozodeportivo.com\/#\/schema\/person\/image\/\",\"url\":\"https:\/\/secure.gravatar.com\/avatar\/f55268a89c3b418f2ef172ff52ab0d09b3e653c58de29539fe329fb93d78ebf3?s=96&d=mm&r=g\",\"contentUrl\":\"https:\/\/secure.gravatar.com\/avatar\/f55268a89c3b418f2ef172ff52ab0d09b3e653c58de29539fe329fb93d78ebf3?s=96&d=mm&r=g\",\"caption\":\"Redacci\u00f3n\"},\"url\":\"https:\/\/esbozodeportivo.com\/index.php\/author\/redaccion\/\"}]}<\/script>\n<!-- \/ Yoast SEO plugin. -->","yoast_head_json":{"title":"PSG-Bayern, una final adelantada - Esbozo Deportivo","description":"El cruce entre el reinante campe\u00f3n Paris Saint-Germain y el gigante alem\u00e1n Bayern M\u00fanich que arranca el martes enfrenta a dos equipos de vocaci\u00f3n ofensiva y que practican, posiblemente, el f\u00fatbol t\u00e9cnico de mayor calidad del mundo en la actualidad.","robots":{"index":"index","follow":"follow","max-snippet":"max-snippet:-1","max-image-preview":"max-image-preview:large","max-video-preview":"max-video-preview:-1"},"canonical":"https:\/\/esbozodeportivo.com\/index.php\/2026\/04\/27\/psg-bayern-una-final-adelantada\/","og_locale":"es_MX","og_type":"article","og_title":"PSG-Bayern, una final adelantada - Esbozo Deportivo","og_description":"El cruce entre el reinante campe\u00f3n Paris Saint-Germain y el gigante alem\u00e1n Bayern M\u00fanich que arranca el martes enfrenta a dos equipos de vocaci\u00f3n ofensiva y que practican, posiblemente, el f\u00fatbol t\u00e9cnico de mayor calidad del mundo en la actualidad.","og_url":"https:\/\/esbozodeportivo.com\/index.php\/2026\/04\/27\/psg-bayern-una-final-adelantada\/","og_site_name":"Esbozo Deportivo","article_published_time":"2026-04-28T01:27:48+00:00","article_modified_time":"2026-04-28T01:27:50+00:00","og_image":[{"width":1600,"height":1066,"url":"https:\/\/esbozodeportivo.com\/wp-content\/uploads\/2026\/04\/b30b3fdf-332a-42ca-81b4-904605d77600.jpg","type":"image\/jpeg"}],"author":"Redacci\u00f3n","twitter_card":"summary_large_image","twitter_misc":{"Escrito por":"Redacci\u00f3n","Tiempo de lectura":"4 minutos"},"schema":{"@context":"https:\/\/schema.org","@graph":[{"@type":"Article","@id":"https:\/\/esbozodeportivo.com\/index.php\/2026\/04\/27\/psg-bayern-una-final-adelantada\/#article","isPartOf":{"@id":"https:\/\/esbozodeportivo.com\/index.php\/2026\/04\/27\/psg-bayern-una-final-adelantada\/"},"author":{"name":"Redacci\u00f3n","@id":"https:\/\/esbozodeportivo.com\/#\/schema\/person\/0f6df9196dfe6740dd0bb31bae50d374"},"headline":"PSG-Bayern, una final adelantada","datePublished":"2026-04-28T01:27:48+00:00","dateModified":"2026-04-28T01:27:50+00:00","mainEntityOfPage":{"@id":"https:\/\/esbozodeportivo.com\/index.php\/2026\/04\/27\/psg-bayern-una-final-adelantada\/"},"wordCount":719,"publisher":{"@id":"https:\/\/esbozodeportivo.com\/#organization"},"image":{"@id":"https:\/\/esbozodeportivo.com\/index.php\/2026\/04\/27\/psg-bayern-una-final-adelantada\/#primaryimage"},"thumbnailUrl":"https:\/\/esbozodeportivo.com\/wp-content\/uploads\/2026\/04\/b30b3fdf-332a-42ca-81b4-904605d77600.jpg","articleSection":["Champions League"],"inLanguage":"es"},{"@type":"WebPage","@id":"https:\/\/esbozodeportivo.com\/index.php\/2026\/04\/27\/psg-bayern-una-final-adelantada\/","url":"https:\/\/esbozodeportivo.com\/index.php\/2026\/04\/27\/psg-bayern-una-final-adelantada\/","name":"PSG-Bayern, una final adelantada - Esbozo Deportivo","isPartOf":{"@id":"https:\/\/esbozodeportivo.com\/#website"},"primaryImageOfPage":{"@id":"https:\/\/esbozodeportivo.com\/index.php\/2026\/04\/27\/psg-bayern-una-final-adelantada\/#primaryimage"},"image":{"@id":"https:\/\/esbozodeportivo.com\/index.php\/2026\/04\/27\/psg-bayern-una-final-adelantada\/#primaryimage"},"thumbnailUrl":"https:\/\/esbozodeportivo.com\/wp-content\/uploads\/2026\/04\/b30b3fdf-332a-42ca-81b4-904605d77600.jpg","datePublished":"2026-04-28T01:27:48+00:00","dateModified":"2026-04-28T01:27:50+00:00","description":"El cruce entre el reinante campe\u00f3n Paris Saint-Germain y el gigante alem\u00e1n Bayern M\u00fanich que arranca el martes enfrenta a dos equipos de vocaci\u00f3n ofensiva y que practican, posiblemente, el f\u00fatbol t\u00e9cnico de mayor calidad del mundo en la actualidad.","breadcrumb":{"@id":"https:\/\/esbozodeportivo.com\/index.php\/2026\/04\/27\/psg-bayern-una-final-adelantada\/#breadcrumb"},"inLanguage":"es","potentialAction":[{"@type":"ReadAction","target":["https:\/\/esbozodeportivo.com\/index.php\/2026\/04\/27\/psg-bayern-una-final-adelantada\/"]}]},{"@type":"ImageObject","inLanguage":"es","@id":"https:\/\/esbozodeportivo.com\/index.php\/2026\/04\/27\/psg-bayern-una-final-adelantada\/#primaryimage","url":"https:\/\/esbozodeportivo.com\/wp-content\/uploads\/2026\/04\/b30b3fdf-332a-42ca-81b4-904605d77600.jpg","contentUrl":"https:\/\/esbozodeportivo.com\/wp-content\/uploads\/2026\/04\/b30b3fdf-332a-42ca-81b4-904605d77600.jpg","width":1600,"height":1066},{"@type":"BreadcrumbList","@id":"https:\/\/esbozodeportivo.com\/index.php\/2026\/04\/27\/psg-bayern-una-final-adelantada\/#breadcrumb","itemListElement":[{"@type":"ListItem","position":1,"name":"Inicio","item":"https:\/\/esbozodeportivo.com\/"},{"@type":"ListItem","position":2,"name":"PSG-Bayern, una final adelantada"}]},{"@type":"WebSite","@id":"https:\/\/esbozodeportivo.com\/#website","url":"https:\/\/esbozodeportivo.com\/","name":"Esbozo Deportivo","description":"Lo m\u00e1s importante del Deporte","publisher":{"@id":"https:\/\/esbozodeportivo.com\/#organization"},"potentialAction":[{"@type":"SearchAction","target":{"@type":"EntryPoint","urlTemplate":"https:\/\/esbozodeportivo.com\/?s={search_term_string}"},"query-input":{"@type":"PropertyValueSpecification","valueRequired":true,"valueName":"search_term_string"}}],"inLanguage":"es"},{"@type":"Organization","@id":"https:\/\/esbozodeportivo.com\/#organization","name":"Esbozo Deportivo","url":"https:\/\/esbozodeportivo.com\/","logo":{"@type":"ImageObject","inLanguage":"es","@id":"https:\/\/esbozodeportivo.com\/#\/schema\/logo\/image\/","url":"https:\/\/esbozodeportivo.com\/wp-content\/uploads\/2022\/08\/cropped-Logo-Esbozo-Web-2.png","contentUrl":"https:\/\/esbozodeportivo.com\/wp-content\/uploads\/2022\/08\/cropped-Logo-Esbozo-Web-2.png","width":180,"height":50,"caption":"Esbozo Deportivo"},"image":{"@id":"https:\/\/esbozodeportivo.com\/#\/schema\/logo\/image\/"}},{"@type":"Person","@id":"https:\/\/esbozodeportivo.com\/#\/schema\/person\/0f6df9196dfe6740dd0bb31bae50d374","name":"Redacci\u00f3n","image":{"@type":"ImageObject","inLanguage":"es","@id":"https:\/\/esbozodeportivo.com\/#\/schema\/person\/image\/","url":"https:\/\/secure.gravatar.com\/avatar\/f55268a89c3b418f2ef172ff52ab0d09b3e653c58de29539fe329fb93d78ebf3?s=96&d=mm&r=g","contentUrl":"https:\/\/secure.gravatar.com\/avatar\/f55268a89c3b418f2ef172ff52ab0d09b3e653c58de29539fe329fb93d78ebf3?s=96&d=mm&r=g","caption":"Redacci\u00f3n"},"url":"https:\/\/esbozodeportivo.com\/index.php\/author\/redaccion\/"}]}},"jetpack_featured_media_url":"https:\/\/esbozodeportivo.com\/wp-content\/uploads\/2026\/04\/b30b3fdf-332a-42ca-81b4-904605d77600.jpg","jetpack_sharing_enabled":true,"_links":{"self":[{"href":"https:\/\/esbozodeportivo.com\/index.php\/wp-json\/wp\/v2\/posts\/14348","targetHints":{"allow":["GET"]}}],"collection":[{"href":"https:\/\/esbozodeportivo.com\/index.php\/wp-json\/wp\/v2\/posts"}],"about":[{"href":"https:\/\/esbozodeportivo.com\/index.php\/wp-json\/wp\/v2\/types\/post"}],"author":[{"embeddable":true,"href":"https:\/\/esbozodeportivo.com\/index.php\/wp-json\/wp\/v2\/users\/4"}],"replies":[{"embeddable":true,"href":"https:\/\/esbozodeportivo.com\/index.php\/wp-json\/wp\/v2\/comments?post=14348"}],"version-history":[{"count":1,"href":"https:\/\/esbozodeportivo.com\/index.php\/wp-json\/wp\/v2\/posts\/14348\/revisions"}],"predecessor-version":[{"id":14349,"href":"https:\/\/esbozodeportivo.com\/index.php\/wp-json\/wp\/v2\/posts\/14348\/revisions\/14349"}],"wp:featuredmedia":[{"embeddable":true,"href":"https:\/\/esbozodeportivo.com\/index.php\/wp-json\/wp\/v2\/media\/14342"}],"wp:attachment":[{"href":"https:\/\/esbozodeportivo.com\/index.php\/wp-json\/wp\/v2\/media?parent=14348"}],"wp:term":[{"taxonomy":"category","embeddable":true,"href":"https:\/\/esbozodeportivo.com\/index.php\/wp-json\/wp\/v2\/categories?post=14348"},{"taxonomy":"post_tag","embeddable":true,"href":"https:\/\/esbozodeportivo.com\/index.php\/wp-json\/wp\/v2\/tags?post=14348"}],"curies":[{"name":"wp","href":"https:\/\/api.w.org\/{rel}","templated":true}]}}