{"id":14350,"date":"2026-04-28T01:47:00","date_gmt":"2026-04-28T07:47:00","guid":{"rendered":"https:\/\/esbozodeportivo.com\/?p=14350"},"modified":"2026-04-28T01:49:23","modified_gmt":"2026-04-28T07:49:23","slug":"a-sus-97-anos-gonzalo-martre-presenta-las-aranas-salvajes-y-reivindica-a-sus-personajes-femeninos","status":"publish","type":"post","link":"https:\/\/esbozodeportivo.com\/index.php\/2026\/04\/28\/a-sus-97-anos-gonzalo-martre-presenta-las-aranas-salvajes-y-reivindica-a-sus-personajes-femeninos\/","title":{"rendered":"A sus 97 a\u00f1os, Gonzalo Martr\u00e9 presenta Las Ara\u00f1as Salvajes y reivindica a sus personajes femeninos"},"content":{"rendered":"\n<p><strong>Fotos:(esbozodeportivo)<\/strong><\/p>\n\n\n\n<p><strong>Por Javier de la Cruz<\/strong><\/p>\n\n\n\n<p>La presentaci\u00f3n de <strong><em>Las Ara\u00f1as Salvajes<\/em><\/strong>, organizada por el <strong>Grupo de Reflexi\u00f3n Humanista y Pol\u00edtica<\/strong> \u2014encabezado por <strong>Genaro Rodr\u00edguez<\/strong>\u2014, abri\u00f3 con la intervenci\u00f3n del investigador, escritor y poeta <strong>Carlos G\u00f3mez Carro<\/strong>, quien deline\u00f3 desde el inicio la figura de <strong>Gonzalo Martr\u00e9<\/strong> como una rareza viva dentro de la literatura mexicana. \u201cUn escritor de 97 a\u00f1os que todav\u00eda experimenta como un adolescente\u201d, afirm\u00f3, al tiempo que lo describi\u00f3 como un autor que \u201cha muerto varias veces y ha regresado, f\u00edsica y literariamente\u201d. <strong>G\u00f3mez Carro<\/strong> subray\u00f3 adem\u00e1s el car\u00e1cter sat\u00edrico de su obra, particularmente en <strong>Los s\u00edmbolos transparentes<\/strong>, y destac\u00f3 la vigencia de un escritor que, pese a su edad, contin\u00faa desafiando convenciones narrativas.<\/p>\n\n\n\n<figure class=\"wp-block-image size-large\"><img loading=\"lazy\" decoding=\"async\" width=\"1024\" height=\"541\" src=\"https:\/\/esbozodeportivo.com\/wp-content\/uploads\/2026\/04\/DSC04976-1024x541.jpg\" alt=\"\" class=\"wp-image-14375\" srcset=\"https:\/\/esbozodeportivo.com\/wp-content\/uploads\/2026\/04\/DSC04976-1024x541.jpg 1024w, https:\/\/esbozodeportivo.com\/wp-content\/uploads\/2026\/04\/DSC04976-300x158.jpg 300w, https:\/\/esbozodeportivo.com\/wp-content\/uploads\/2026\/04\/DSC04976-768x405.jpg 768w, https:\/\/esbozodeportivo.com\/wp-content\/uploads\/2026\/04\/DSC04976-1536x811.jpg 1536w, https:\/\/esbozodeportivo.com\/wp-content\/uploads\/2026\/04\/DSC04976-2048x1081.jpg 2048w\" sizes=\"auto, (max-width: 1024px) 100vw, 1024px\" \/><\/figure>\n\n\n\n<p>Tras esta introducci\u00f3n, <strong>Martr\u00e9<\/strong> tom\u00f3 la palabra para responder \u2014con iron\u00eda y frontalidad\u2014 a una de las cr\u00edticas recurrentes hacia su obra: la supuesta misoginia. \u201cAlgunos amigos y lectores me han dicho que yo soy mis\u00f3gino: <strong>26 novelas y 125 cuentos<\/strong>, todos los personajes son <strong>hombres<\/strong>\u201d, dijo. Sin embargo, matiz\u00f3 esa percepci\u00f3n al recordar que hace dos d\u00e9cadas comenz\u00f3 a construir personajes femeninos s\u00f3lidos. Cit\u00f3 como ejemplo <strong><em>P\u00e1jaros en el alambre<\/em><\/strong>, donde una mujer resuelve un caso que un agente judicial no puede atender, y <strong><em>La casa de todos<\/em><\/strong>, en la que la protagonista act\u00faa de manera independiente y eficaz. \u201cEso de la misoginia se rompe en esas dos novelas\u201d, afirm\u00f3.<\/p>\n\n\n\n<p>El autor profundiz\u00f3 en esta l\u00ednea con <strong><em>Extra\u00f1as en la noche<\/em><\/strong>, inspirada en Extra\u00f1os en un tren, donde dos mujeres v\u00edctimas de violencia dom\u00e9stica pactan asesinar a sus maridos y posteriormente se involucran en una cadena de cr\u00edmenes ligados al crimen organizado. La evoluci\u00f3n de sus personajes femeninos, explic\u00f3, culmina en su obra m\u00e1s reciente, <strong><em>Las Ara\u00f1as Salvajes<\/em><\/strong>, que defini\u00f3 como \u201ctotalmente feminista\u201d.<\/p>\n\n\n\n<figure class=\"wp-block-image size-large\"><img loading=\"lazy\" decoding=\"async\" width=\"1024\" height=\"361\" src=\"https:\/\/esbozodeportivo.com\/wp-content\/uploads\/2026\/04\/DSC04980-1024x361.jpg\" alt=\"\" class=\"wp-image-14376\" srcset=\"https:\/\/esbozodeportivo.com\/wp-content\/uploads\/2026\/04\/DSC04980-1024x361.jpg 1024w, https:\/\/esbozodeportivo.com\/wp-content\/uploads\/2026\/04\/DSC04980-300x106.jpg 300w, https:\/\/esbozodeportivo.com\/wp-content\/uploads\/2026\/04\/DSC04980-768x271.jpg 768w, https:\/\/esbozodeportivo.com\/wp-content\/uploads\/2026\/04\/DSC04980-1536x541.jpg 1536w, https:\/\/esbozodeportivo.com\/wp-content\/uploads\/2026\/04\/DSC04980-2048x721.jpg 2048w\" sizes=\"auto, (max-width: 1024px) 100vw, 1024px\" \/><\/figure>\n\n\n\n<p>Sobre esta novela, relat\u00f3 que sigue a dos mujeres universitarias que, tras una fiesta en Texcoco, roban una avioneta \u2014con droga a bordo\u2014 y vuelan hacia Acapulco. A partir de ese punto, la historia se convierte en una serie de episodios de riesgo, violencia y supervivencia. \u201cNo se tientan el coraz\u00f3n para matar hombres y saquearlos\u201d, resumi\u00f3 <strong>Martr\u00e9,<\/strong> destacando la inteligencia y determinaci\u00f3n de sus protagonistas, quienes logran salir victoriosas.<\/p>\n\n\n\n<p>En la parte final de la presentaci\u00f3n, <strong>G\u00f3mez Carro<\/strong> retom\u00f3 la palabra para ampliar el retrato del autor. Record\u00f3 que <strong>Martr\u00e9<\/strong>, nacido en 1928 \u2014el mismo a\u00f1o que <strong>Carlos Fuentes<\/strong>\u2014, es considerado \u201cel escritor desconocido m\u00e1s conocido de M\u00e9xico\u201d. Destac\u00f3 tambi\u00e9n los episodios l\u00edmite que han marcado su vida, como el infarto que sufri\u00f3 hace 26 a\u00f1os y que le dej\u00f3 apenas el 20% de capacidad card\u00edaca, hecho por el cual \u2014dijo\u2014 \u201ccelebra dos cumplea\u00f1os\u201d.<\/p>\n\n\n\n<figure class=\"wp-block-image size-large\"><img loading=\"lazy\" decoding=\"async\" width=\"1024\" height=\"830\" src=\"https:\/\/esbozodeportivo.com\/wp-content\/uploads\/2026\/04\/DSC04991-1024x830.jpg\" alt=\"\" class=\"wp-image-14378\" srcset=\"https:\/\/esbozodeportivo.com\/wp-content\/uploads\/2026\/04\/DSC04991-1024x830.jpg 1024w, https:\/\/esbozodeportivo.com\/wp-content\/uploads\/2026\/04\/DSC04991-300x243.jpg 300w, https:\/\/esbozodeportivo.com\/wp-content\/uploads\/2026\/04\/DSC04991-768x622.jpg 768w, https:\/\/esbozodeportivo.com\/wp-content\/uploads\/2026\/04\/DSC04991-1536x1245.jpg 1536w, https:\/\/esbozodeportivo.com\/wp-content\/uploads\/2026\/04\/DSC04991-2048x1660.jpg 2048w\" sizes=\"auto, (max-width: 1024px) 100vw, 1024px\" \/><\/figure>\n\n\n\n<p>El investigador evoc\u00f3 adem\u00e1s su participaci\u00f3n en el movimiento estudiantil de 1968, experiencia que nutri\u00f3 la escritura de <strong><em>Los s\u00edmbolos transparentes<\/em><\/strong>, obra clave en su trayectoria. Tambi\u00e9n subray\u00f3 su trabajo como guionista en la historieta <strong>Fantomas<\/strong>, la amenaza elegante dentro de Editorial Novaro, donde demostr\u00f3 una notable capacidad creativa al desarrollar guiones en pocas horas, pese a la censura que enfrentaron varias publicaciones durante el gobierno de Luis Echeverr\u00eda.<\/p>\n\n\n\n<p>Finalmente, <strong>G\u00f3mez Carro<\/strong> abord\u00f3 uno de los momentos m\u00e1s cr\u00edticos en la carrera del autor: la publicaci\u00f3n de <strong><em>Los s\u00edmbolos transparentes<\/em><\/strong>. Aunque la novela obtuvo el reconocimiento en el Premio Internacional de Novela en M\u00e9xico, la censura \u2014reforzada por posturas como la de Luis Guillermo Piazza\u2014 impidi\u00f3 su consagraci\u00f3n inmediata y limit\u00f3 su proyecci\u00f3n editorial. Aun as\u00ed, concluy\u00f3, <strong>Martr\u00e9 <\/strong>ha mantenido una escritura \u201cdesde abajo\u201d, centrada en personajes populares y en una mirada cr\u00edtica hacia la realidad mexicana, lo que lo hace un escritor singular y persistente dentro de la literatura nacional.<\/p>\n\n\n\n<figure class=\"wp-block-image size-large\"><img loading=\"lazy\" decoding=\"async\" width=\"877\" height=\"1024\" src=\"https:\/\/esbozodeportivo.com\/wp-content\/uploads\/2026\/04\/DSC04968-877x1024.jpg\" alt=\"\" class=\"wp-image-14374\" srcset=\"https:\/\/esbozodeportivo.com\/wp-content\/uploads\/2026\/04\/DSC04968-877x1024.jpg 877w, https:\/\/esbozodeportivo.com\/wp-content\/uploads\/2026\/04\/DSC04968-257x300.jpg 257w, https:\/\/esbozodeportivo.com\/wp-content\/uploads\/2026\/04\/DSC04968-768x897.jpg 768w, https:\/\/esbozodeportivo.com\/wp-content\/uploads\/2026\/04\/DSC04968-1316x1536.jpg 1316w, https:\/\/esbozodeportivo.com\/wp-content\/uploads\/2026\/04\/DSC04968-1754x2048.jpg 1754w, https:\/\/esbozodeportivo.com\/wp-content\/uploads\/2026\/04\/DSC04968-1024x1195.jpg 1024w\" sizes=\"auto, (max-width: 877px) 100vw, 877px\" \/><\/figure>\n\n\n\n<figure class=\"wp-block-image size-large is-resized\"><img loading=\"lazy\" decoding=\"async\" width=\"682\" height=\"1024\" src=\"https:\/\/esbozodeportivo.com\/wp-content\/uploads\/2026\/04\/DSC04947-682x1024.jpg\" alt=\"\" class=\"wp-image-14371\" style=\"width:720px;height:auto\" srcset=\"https:\/\/esbozodeportivo.com\/wp-content\/uploads\/2026\/04\/DSC04947-682x1024.jpg 682w, https:\/\/esbozodeportivo.com\/wp-content\/uploads\/2026\/04\/DSC04947-200x300.jpg 200w, https:\/\/esbozodeportivo.com\/wp-content\/uploads\/2026\/04\/DSC04947-768x1154.jpg 768w, https:\/\/esbozodeportivo.com\/wp-content\/uploads\/2026\/04\/DSC04947-1022x1536.jpg 1022w, https:\/\/esbozodeportivo.com\/wp-content\/uploads\/2026\/04\/DSC04947-1363x2048.jpg 1363w, https:\/\/esbozodeportivo.com\/wp-content\/uploads\/2026\/04\/DSC04947-1024x1538.jpg 1024w, https:\/\/esbozodeportivo.com\/wp-content\/uploads\/2026\/04\/DSC04947-scaled.jpg 1704w\" sizes=\"auto, (max-width: 682px) 100vw, 682px\" \/><\/figure>\n\n\n\n<figure class=\"wp-block-image size-large\"><img loading=\"lazy\" decoding=\"async\" width=\"1024\" height=\"682\" src=\"https:\/\/esbozodeportivo.com\/wp-content\/uploads\/2026\/04\/DSC04938-1024x682.jpg\" alt=\"\" class=\"wp-image-14370\" srcset=\"https:\/\/esbozodeportivo.com\/wp-content\/uploads\/2026\/04\/DSC04938-1024x682.jpg 1024w, https:\/\/esbozodeportivo.com\/wp-content\/uploads\/2026\/04\/DSC04938-300x200.jpg 300w, https:\/\/esbozodeportivo.com\/wp-content\/uploads\/2026\/04\/DSC04938-768x511.jpg 768w, https:\/\/esbozodeportivo.com\/wp-content\/uploads\/2026\/04\/DSC04938-1536x1022.jpg 1536w, https:\/\/esbozodeportivo.com\/wp-content\/uploads\/2026\/04\/DSC04938-2048x1363.jpg 2048w\" sizes=\"auto, (max-width: 1024px) 100vw, 1024px\" \/><\/figure>\n\n\n\n<figure class=\"wp-block-image size-large\"><img loading=\"lazy\" decoding=\"async\" width=\"1024\" height=\"529\" src=\"https:\/\/esbozodeportivo.com\/wp-content\/uploads\/2026\/04\/DSC04909-1-1024x529.jpg\" alt=\"\" class=\"wp-image-14366\" srcset=\"https:\/\/esbozodeportivo.com\/wp-content\/uploads\/2026\/04\/DSC04909-1-1024x529.jpg 1024w, https:\/\/esbozodeportivo.com\/wp-content\/uploads\/2026\/04\/DSC04909-1-300x155.jpg 300w, https:\/\/esbozodeportivo.com\/wp-content\/uploads\/2026\/04\/DSC04909-1-768x396.jpg 768w, https:\/\/esbozodeportivo.com\/wp-content\/uploads\/2026\/04\/DSC04909-1-1536x793.jpg 1536w, https:\/\/esbozodeportivo.com\/wp-content\/uploads\/2026\/04\/DSC04909-1-2048x1057.jpg 2048w\" sizes=\"auto, (max-width: 1024px) 100vw, 1024px\" \/><\/figure>\n\n\n\n<figure class=\"wp-block-image size-large\"><img loading=\"lazy\" decoding=\"async\" width=\"1024\" height=\"771\" src=\"https:\/\/esbozodeportivo.com\/wp-content\/uploads\/2026\/04\/DSC04935-1024x771.jpg\" alt=\"\" class=\"wp-image-14369\" srcset=\"https:\/\/esbozodeportivo.com\/wp-content\/uploads\/2026\/04\/DSC04935-1024x771.jpg 1024w, https:\/\/esbozodeportivo.com\/wp-content\/uploads\/2026\/04\/DSC04935-300x226.jpg 300w, https:\/\/esbozodeportivo.com\/wp-content\/uploads\/2026\/04\/DSC04935-768x578.jpg 768w, https:\/\/esbozodeportivo.com\/wp-content\/uploads\/2026\/04\/DSC04935-1536x1156.jpg 1536w, https:\/\/esbozodeportivo.com\/wp-content\/uploads\/2026\/04\/DSC04935-2048x1542.jpg 2048w\" sizes=\"auto, (max-width: 1024px) 100vw, 1024px\" \/><\/figure>\n\n\n\n<figure class=\"wp-block-image size-large\"><img loading=\"lazy\" decoding=\"async\" width=\"1024\" height=\"428\" src=\"https:\/\/esbozodeportivo.com\/wp-content\/uploads\/2026\/04\/DSC04929-1024x428.jpg\" alt=\"\" class=\"wp-image-14368\" srcset=\"https:\/\/esbozodeportivo.com\/wp-content\/uploads\/2026\/04\/DSC04929-1024x428.jpg 1024w, https:\/\/esbozodeportivo.com\/wp-content\/uploads\/2026\/04\/DSC04929-300x126.jpg 300w, https:\/\/esbozodeportivo.com\/wp-content\/uploads\/2026\/04\/DSC04929-768x321.jpg 768w, https:\/\/esbozodeportivo.com\/wp-content\/uploads\/2026\/04\/DSC04929-1536x643.jpg 1536w, https:\/\/esbozodeportivo.com\/wp-content\/uploads\/2026\/04\/DSC04929-2048x857.jpg 2048w\" sizes=\"auto, (max-width: 1024px) 100vw, 1024px\" \/><\/figure>\n\n\n\n<figure class=\"wp-block-image size-large is-resized\"><img loading=\"lazy\" decoding=\"async\" width=\"682\" height=\"1024\" src=\"https:\/\/esbozodeportivo.com\/wp-content\/uploads\/2026\/04\/DSC04911-682x1024.jpg\" alt=\"\" class=\"wp-image-14367\" style=\"width:715px;height:auto\" srcset=\"https:\/\/esbozodeportivo.com\/wp-content\/uploads\/2026\/04\/DSC04911-682x1024.jpg 682w, https:\/\/esbozodeportivo.com\/wp-content\/uploads\/2026\/04\/DSC04911-200x300.jpg 200w, https:\/\/esbozodeportivo.com\/wp-content\/uploads\/2026\/04\/DSC04911-768x1154.jpg 768w, https:\/\/esbozodeportivo.com\/wp-content\/uploads\/2026\/04\/DSC04911-1022x1536.jpg 1022w, https:\/\/esbozodeportivo.com\/wp-content\/uploads\/2026\/04\/DSC04911-1363x2048.jpg 1363w, https:\/\/esbozodeportivo.com\/wp-content\/uploads\/2026\/04\/DSC04911-1024x1538.jpg 1024w, https:\/\/esbozodeportivo.com\/wp-content\/uploads\/2026\/04\/DSC04911-scaled.jpg 1704w\" sizes=\"auto, (max-width: 682px) 100vw, 682px\" \/><\/figure>\n","protected":false},"excerpt":{"rendered":"<p>Fotos:(esbozodeportivo) Por Javier de la Cruz La presentaci\u00f3n de Las Ara\u00f1as Salvajes, organizada por el<\/p>\n","protected":false},"author":2,"featured_media":14365,"comment_status":"closed","ping_status":"open","sticky":false,"template":"","format":"standard","meta":{"_jetpack_memberships_contains_paid_content":false,"footnotes":""},"categories":[49],"tags":[],"class_list":["post-14350","post","type-post","status-publish","format-standard","has-post-thumbnail","hentry","category-cultura"],"yoast_head":"<!-- This site is optimized with the Yoast SEO plugin v25.7 - https:\/\/yoast.com\/wordpress\/plugins\/seo\/ -->\n<title>A sus 97 a\u00f1os, Gonzalo Martr\u00e9 presenta Las Ara\u00f1as Salvajes y reivindica a sus personajes femeninos - Esbozo Deportivo<\/title>\n<meta name=\"description\" content=\"La presentaci\u00f3n de Las Ara\u00f1as Salvajes, organizada por el Grupo de Reflexi\u00f3n Humanista y Pol\u00edtica \u2014encabezado por Genaro Rodr\u00edguez\u2014, abri\u00f3 con la intervenci\u00f3n del investigador, escritor y poeta Carlos G\u00f3mez Carro, quien deline\u00f3 desde el inicio la figura de Gonzalo Martr\u00e9 como una rareza viva dentro de la literatura mexicana. \u201cUn escritor de 97 a\u00f1os que todav\u00eda experimenta como un adolescente\u201d, afirm\u00f3, al tiempo que lo describi\u00f3 como un autor que \u201cha muerto varias veces y ha regresado, f\u00edsica y literariamente\u201d. G\u00f3mez Carro subray\u00f3 adem\u00e1s el car\u00e1cter sat\u00edrico de su obra, particularmente en Los s\u00edmbolos transparentes, y destac\u00f3 la vigencia de un escritor que, pese a su edad, contin\u00faa desafiando convenciones narrativas.\" \/>\n<meta name=\"robots\" content=\"index, follow, max-snippet:-1, max-image-preview:large, max-video-preview:-1\" \/>\n<link rel=\"canonical\" href=\"https:\/\/esbozodeportivo.com\/index.php\/2026\/04\/28\/a-sus-97-anos-gonzalo-martre-presenta-las-aranas-salvajes-y-reivindica-a-sus-personajes-femeninos\/\" \/>\n<meta property=\"og:locale\" content=\"es_MX\" \/>\n<meta property=\"og:type\" content=\"article\" \/>\n<meta property=\"og:title\" content=\"A sus 97 a\u00f1os, Gonzalo Martr\u00e9 presenta Las Ara\u00f1as Salvajes y reivindica a sus personajes femeninos - Esbozo Deportivo\" \/>\n<meta property=\"og:description\" content=\"La presentaci\u00f3n de Las Ara\u00f1as Salvajes, organizada por el Grupo de Reflexi\u00f3n Humanista y Pol\u00edtica \u2014encabezado por Genaro Rodr\u00edguez\u2014, abri\u00f3 con la intervenci\u00f3n del investigador, escritor y poeta Carlos G\u00f3mez Carro, quien deline\u00f3 desde el inicio la figura de Gonzalo Martr\u00e9 como una rareza viva dentro de la literatura mexicana. \u201cUn escritor de 97 a\u00f1os que todav\u00eda experimenta como un adolescente\u201d, afirm\u00f3, al tiempo que lo describi\u00f3 como un autor que \u201cha muerto varias veces y ha regresado, f\u00edsica y literariamente\u201d. G\u00f3mez Carro subray\u00f3 adem\u00e1s el car\u00e1cter sat\u00edrico de su obra, particularmente en Los s\u00edmbolos transparentes, y destac\u00f3 la vigencia de un escritor que, pese a su edad, contin\u00faa desafiando convenciones narrativas.\" \/>\n<meta property=\"og:url\" content=\"https:\/\/esbozodeportivo.com\/index.php\/2026\/04\/28\/a-sus-97-anos-gonzalo-martre-presenta-las-aranas-salvajes-y-reivindica-a-sus-personajes-femeninos\/\" \/>\n<meta property=\"og:site_name\" content=\"Esbozo Deportivo\" \/>\n<meta property=\"article:published_time\" content=\"2026-04-28T07:47:00+00:00\" \/>\n<meta property=\"article:modified_time\" content=\"2026-04-28T07:49:23+00:00\" \/>\n<meta property=\"og:image\" content=\"https:\/\/esbozodeportivo.com\/wp-content\/uploads\/2026\/04\/DSC04898-scaled.jpg\" \/>\n\t<meta property=\"og:image:width\" content=\"1992\" \/>\n\t<meta property=\"og:image:height\" content=\"2560\" \/>\n\t<meta property=\"og:image:type\" content=\"image\/jpeg\" \/>\n<meta name=\"author\" content=\"Javier De La Cruz\" \/>\n<meta name=\"twitter:card\" content=\"summary_large_image\" \/>\n<meta name=\"twitter:label1\" content=\"Escrito por\" \/>\n\t<meta name=\"twitter:data1\" content=\"Javier De La Cruz\" \/>\n\t<meta name=\"twitter:label2\" content=\"Tiempo de lectura\" \/>\n\t<meta name=\"twitter:data2\" content=\"5 minutos\" \/>\n<script type=\"application\/ld+json\" class=\"yoast-schema-graph\">{\"@context\":\"https:\/\/schema.org\",\"@graph\":[{\"@type\":\"Article\",\"@id\":\"https:\/\/esbozodeportivo.com\/index.php\/2026\/04\/28\/a-sus-97-anos-gonzalo-martre-presenta-las-aranas-salvajes-y-reivindica-a-sus-personajes-femeninos\/#article\",\"isPartOf\":{\"@id\":\"https:\/\/esbozodeportivo.com\/index.php\/2026\/04\/28\/a-sus-97-anos-gonzalo-martre-presenta-las-aranas-salvajes-y-reivindica-a-sus-personajes-femeninos\/\"},\"author\":{\"name\":\"Javier De La Cruz\",\"@id\":\"https:\/\/esbozodeportivo.com\/#\/schema\/person\/7277119c98823aec37bbb84e125efd44\"},\"headline\":\"A sus 97 a\u00f1os, Gonzalo Martr\u00e9 presenta Las Ara\u00f1as Salvajes y reivindica a sus personajes femeninos\",\"datePublished\":\"2026-04-28T07:47:00+00:00\",\"dateModified\":\"2026-04-28T07:49:23+00:00\",\"mainEntityOfPage\":{\"@id\":\"https:\/\/esbozodeportivo.com\/index.php\/2026\/04\/28\/a-sus-97-anos-gonzalo-martre-presenta-las-aranas-salvajes-y-reivindica-a-sus-personajes-femeninos\/\"},\"wordCount\":669,\"publisher\":{\"@id\":\"https:\/\/esbozodeportivo.com\/#organization\"},\"image\":{\"@id\":\"https:\/\/esbozodeportivo.com\/index.php\/2026\/04\/28\/a-sus-97-anos-gonzalo-martre-presenta-las-aranas-salvajes-y-reivindica-a-sus-personajes-femeninos\/#primaryimage\"},\"thumbnailUrl\":\"https:\/\/esbozodeportivo.com\/wp-content\/uploads\/2026\/04\/DSC04898-scaled.jpg\",\"articleSection\":[\"Cultura\"],\"inLanguage\":\"es\"},{\"@type\":\"WebPage\",\"@id\":\"https:\/\/esbozodeportivo.com\/index.php\/2026\/04\/28\/a-sus-97-anos-gonzalo-martre-presenta-las-aranas-salvajes-y-reivindica-a-sus-personajes-femeninos\/\",\"url\":\"https:\/\/esbozodeportivo.com\/index.php\/2026\/04\/28\/a-sus-97-anos-gonzalo-martre-presenta-las-aranas-salvajes-y-reivindica-a-sus-personajes-femeninos\/\",\"name\":\"A sus 97 a\u00f1os, Gonzalo Martr\u00e9 presenta Las Ara\u00f1as Salvajes y reivindica a sus personajes femeninos - Esbozo Deportivo\",\"isPartOf\":{\"@id\":\"https:\/\/esbozodeportivo.com\/#website\"},\"primaryImageOfPage\":{\"@id\":\"https:\/\/esbozodeportivo.com\/index.php\/2026\/04\/28\/a-sus-97-anos-gonzalo-martre-presenta-las-aranas-salvajes-y-reivindica-a-sus-personajes-femeninos\/#primaryimage\"},\"image\":{\"@id\":\"https:\/\/esbozodeportivo.com\/index.php\/2026\/04\/28\/a-sus-97-anos-gonzalo-martre-presenta-las-aranas-salvajes-y-reivindica-a-sus-personajes-femeninos\/#primaryimage\"},\"thumbnailUrl\":\"https:\/\/esbozodeportivo.com\/wp-content\/uploads\/2026\/04\/DSC04898-scaled.jpg\",\"datePublished\":\"2026-04-28T07:47:00+00:00\",\"dateModified\":\"2026-04-28T07:49:23+00:00\",\"description\":\"La presentaci\u00f3n de Las Ara\u00f1as Salvajes, organizada por el Grupo de Reflexi\u00f3n Humanista y Pol\u00edtica \u2014encabezado por Genaro Rodr\u00edguez\u2014, abri\u00f3 con la intervenci\u00f3n del investigador, escritor y poeta Carlos G\u00f3mez Carro, quien deline\u00f3 desde el inicio la figura de Gonzalo Martr\u00e9 como una rareza viva dentro de la literatura mexicana. \u201cUn escritor de 97 a\u00f1os que todav\u00eda experimenta como un adolescente\u201d, afirm\u00f3, al tiempo que lo describi\u00f3 como un autor que \u201cha muerto varias veces y ha regresado, f\u00edsica y literariamente\u201d. G\u00f3mez Carro subray\u00f3 adem\u00e1s el car\u00e1cter sat\u00edrico de su obra, particularmente en Los s\u00edmbolos transparentes, y destac\u00f3 la vigencia de un escritor que, pese a su edad, contin\u00faa desafiando convenciones narrativas.\",\"breadcrumb\":{\"@id\":\"https:\/\/esbozodeportivo.com\/index.php\/2026\/04\/28\/a-sus-97-anos-gonzalo-martre-presenta-las-aranas-salvajes-y-reivindica-a-sus-personajes-femeninos\/#breadcrumb\"},\"inLanguage\":\"es\",\"potentialAction\":[{\"@type\":\"ReadAction\",\"target\":[\"https:\/\/esbozodeportivo.com\/index.php\/2026\/04\/28\/a-sus-97-anos-gonzalo-martre-presenta-las-aranas-salvajes-y-reivindica-a-sus-personajes-femeninos\/\"]}]},{\"@type\":\"ImageObject\",\"inLanguage\":\"es\",\"@id\":\"https:\/\/esbozodeportivo.com\/index.php\/2026\/04\/28\/a-sus-97-anos-gonzalo-martre-presenta-las-aranas-salvajes-y-reivindica-a-sus-personajes-femeninos\/#primaryimage\",\"url\":\"https:\/\/esbozodeportivo.com\/wp-content\/uploads\/2026\/04\/DSC04898-scaled.jpg\",\"contentUrl\":\"https:\/\/esbozodeportivo.com\/wp-content\/uploads\/2026\/04\/DSC04898-scaled.jpg\",\"width\":1992,\"height\":2560},{\"@type\":\"BreadcrumbList\",\"@id\":\"https:\/\/esbozodeportivo.com\/index.php\/2026\/04\/28\/a-sus-97-anos-gonzalo-martre-presenta-las-aranas-salvajes-y-reivindica-a-sus-personajes-femeninos\/#breadcrumb\",\"itemListElement\":[{\"@type\":\"ListItem\",\"position\":1,\"name\":\"Inicio\",\"item\":\"https:\/\/esbozodeportivo.com\/\"},{\"@type\":\"ListItem\",\"position\":2,\"name\":\"A sus 97 a\u00f1os, Gonzalo Martr\u00e9 presenta Las Ara\u00f1as Salvajes y reivindica a sus personajes femeninos\"}]},{\"@type\":\"WebSite\",\"@id\":\"https:\/\/esbozodeportivo.com\/#website\",\"url\":\"https:\/\/esbozodeportivo.com\/\",\"name\":\"Esbozo Deportivo\",\"description\":\"Lo m\u00e1s importante del Deporte\",\"publisher\":{\"@id\":\"https:\/\/esbozodeportivo.com\/#organization\"},\"potentialAction\":[{\"@type\":\"SearchAction\",\"target\":{\"@type\":\"EntryPoint\",\"urlTemplate\":\"https:\/\/esbozodeportivo.com\/?s={search_term_string}\"},\"query-input\":{\"@type\":\"PropertyValueSpecification\",\"valueRequired\":true,\"valueName\":\"search_term_string\"}}],\"inLanguage\":\"es\"},{\"@type\":\"Organization\",\"@id\":\"https:\/\/esbozodeportivo.com\/#organization\",\"name\":\"Esbozo Deportivo\",\"url\":\"https:\/\/esbozodeportivo.com\/\",\"logo\":{\"@type\":\"ImageObject\",\"inLanguage\":\"es\",\"@id\":\"https:\/\/esbozodeportivo.com\/#\/schema\/logo\/image\/\",\"url\":\"https:\/\/esbozodeportivo.com\/wp-content\/uploads\/2022\/08\/cropped-Logo-Esbozo-Web-2.png\",\"contentUrl\":\"https:\/\/esbozodeportivo.com\/wp-content\/uploads\/2022\/08\/cropped-Logo-Esbozo-Web-2.png\",\"width\":180,\"height\":50,\"caption\":\"Esbozo Deportivo\"},\"image\":{\"@id\":\"https:\/\/esbozodeportivo.com\/#\/schema\/logo\/image\/\"}},{\"@type\":\"Person\",\"@id\":\"https:\/\/esbozodeportivo.com\/#\/schema\/person\/7277119c98823aec37bbb84e125efd44\",\"name\":\"Javier De La Cruz\",\"image\":{\"@type\":\"ImageObject\",\"inLanguage\":\"es\",\"@id\":\"https:\/\/esbozodeportivo.com\/#\/schema\/person\/image\/\",\"url\":\"https:\/\/secure.gravatar.com\/avatar\/366235a56d20f1a6e8e3d0b295897639357bea880470ddf261d17bb0bc052eb1?s=96&d=mm&r=g\",\"contentUrl\":\"https:\/\/secure.gravatar.com\/avatar\/366235a56d20f1a6e8e3d0b295897639357bea880470ddf261d17bb0bc052eb1?s=96&d=mm&r=g\",\"caption\":\"Javier De La Cruz\"},\"url\":\"https:\/\/esbozodeportivo.com\/index.php\/author\/javier-de-la-cruz-de-la-cruz\/\"}]}<\/script>\n<!-- \/ Yoast SEO plugin. -->","yoast_head_json":{"title":"A sus 97 a\u00f1os, Gonzalo Martr\u00e9 presenta Las Ara\u00f1as Salvajes y reivindica a sus personajes femeninos - Esbozo Deportivo","description":"La presentaci\u00f3n de Las Ara\u00f1as Salvajes, organizada por el Grupo de Reflexi\u00f3n Humanista y Pol\u00edtica \u2014encabezado por Genaro Rodr\u00edguez\u2014, abri\u00f3 con la intervenci\u00f3n del investigador, escritor y poeta Carlos G\u00f3mez Carro, quien deline\u00f3 desde el inicio la figura de Gonzalo Martr\u00e9 como una rareza viva dentro de la literatura mexicana. \u201cUn escritor de 97 a\u00f1os que todav\u00eda experimenta como un adolescente\u201d, afirm\u00f3, al tiempo que lo describi\u00f3 como un autor que \u201cha muerto varias veces y ha regresado, f\u00edsica y literariamente\u201d. G\u00f3mez Carro subray\u00f3 adem\u00e1s el car\u00e1cter sat\u00edrico de su obra, particularmente en Los s\u00edmbolos transparentes, y destac\u00f3 la vigencia de un escritor que, pese a su edad, contin\u00faa desafiando convenciones narrativas.","robots":{"index":"index","follow":"follow","max-snippet":"max-snippet:-1","max-image-preview":"max-image-preview:large","max-video-preview":"max-video-preview:-1"},"canonical":"https:\/\/esbozodeportivo.com\/index.php\/2026\/04\/28\/a-sus-97-anos-gonzalo-martre-presenta-las-aranas-salvajes-y-reivindica-a-sus-personajes-femeninos\/","og_locale":"es_MX","og_type":"article","og_title":"A sus 97 a\u00f1os, Gonzalo Martr\u00e9 presenta Las Ara\u00f1as Salvajes y reivindica a sus personajes femeninos - Esbozo Deportivo","og_description":"La presentaci\u00f3n de Las Ara\u00f1as Salvajes, organizada por el Grupo de Reflexi\u00f3n Humanista y Pol\u00edtica \u2014encabezado por Genaro Rodr\u00edguez\u2014, abri\u00f3 con la intervenci\u00f3n del investigador, escritor y poeta Carlos G\u00f3mez Carro, quien deline\u00f3 desde el inicio la figura de Gonzalo Martr\u00e9 como una rareza viva dentro de la literatura mexicana. \u201cUn escritor de 97 a\u00f1os que todav\u00eda experimenta como un adolescente\u201d, afirm\u00f3, al tiempo que lo describi\u00f3 como un autor que \u201cha muerto varias veces y ha regresado, f\u00edsica y literariamente\u201d. G\u00f3mez Carro subray\u00f3 adem\u00e1s el car\u00e1cter sat\u00edrico de su obra, particularmente en Los s\u00edmbolos transparentes, y destac\u00f3 la vigencia de un escritor que, pese a su edad, contin\u00faa desafiando convenciones narrativas.","og_url":"https:\/\/esbozodeportivo.com\/index.php\/2026\/04\/28\/a-sus-97-anos-gonzalo-martre-presenta-las-aranas-salvajes-y-reivindica-a-sus-personajes-femeninos\/","og_site_name":"Esbozo Deportivo","article_published_time":"2026-04-28T07:47:00+00:00","article_modified_time":"2026-04-28T07:49:23+00:00","og_image":[{"width":1992,"height":2560,"url":"https:\/\/esbozodeportivo.com\/wp-content\/uploads\/2026\/04\/DSC04898-scaled.jpg","type":"image\/jpeg"}],"author":"Javier De La Cruz","twitter_card":"summary_large_image","twitter_misc":{"Escrito por":"Javier De La Cruz","Tiempo de lectura":"5 minutos"},"schema":{"@context":"https:\/\/schema.org","@graph":[{"@type":"Article","@id":"https:\/\/esbozodeportivo.com\/index.php\/2026\/04\/28\/a-sus-97-anos-gonzalo-martre-presenta-las-aranas-salvajes-y-reivindica-a-sus-personajes-femeninos\/#article","isPartOf":{"@id":"https:\/\/esbozodeportivo.com\/index.php\/2026\/04\/28\/a-sus-97-anos-gonzalo-martre-presenta-las-aranas-salvajes-y-reivindica-a-sus-personajes-femeninos\/"},"author":{"name":"Javier De La Cruz","@id":"https:\/\/esbozodeportivo.com\/#\/schema\/person\/7277119c98823aec37bbb84e125efd44"},"headline":"A sus 97 a\u00f1os, Gonzalo Martr\u00e9 presenta Las Ara\u00f1as Salvajes y reivindica a sus personajes femeninos","datePublished":"2026-04-28T07:47:00+00:00","dateModified":"2026-04-28T07:49:23+00:00","mainEntityOfPage":{"@id":"https:\/\/esbozodeportivo.com\/index.php\/2026\/04\/28\/a-sus-97-anos-gonzalo-martre-presenta-las-aranas-salvajes-y-reivindica-a-sus-personajes-femeninos\/"},"wordCount":669,"publisher":{"@id":"https:\/\/esbozodeportivo.com\/#organization"},"image":{"@id":"https:\/\/esbozodeportivo.com\/index.php\/2026\/04\/28\/a-sus-97-anos-gonzalo-martre-presenta-las-aranas-salvajes-y-reivindica-a-sus-personajes-femeninos\/#primaryimage"},"thumbnailUrl":"https:\/\/esbozodeportivo.com\/wp-content\/uploads\/2026\/04\/DSC04898-scaled.jpg","articleSection":["Cultura"],"inLanguage":"es"},{"@type":"WebPage","@id":"https:\/\/esbozodeportivo.com\/index.php\/2026\/04\/28\/a-sus-97-anos-gonzalo-martre-presenta-las-aranas-salvajes-y-reivindica-a-sus-personajes-femeninos\/","url":"https:\/\/esbozodeportivo.com\/index.php\/2026\/04\/28\/a-sus-97-anos-gonzalo-martre-presenta-las-aranas-salvajes-y-reivindica-a-sus-personajes-femeninos\/","name":"A sus 97 a\u00f1os, Gonzalo Martr\u00e9 presenta Las Ara\u00f1as Salvajes y reivindica a sus personajes femeninos - Esbozo Deportivo","isPartOf":{"@id":"https:\/\/esbozodeportivo.com\/#website"},"primaryImageOfPage":{"@id":"https:\/\/esbozodeportivo.com\/index.php\/2026\/04\/28\/a-sus-97-anos-gonzalo-martre-presenta-las-aranas-salvajes-y-reivindica-a-sus-personajes-femeninos\/#primaryimage"},"image":{"@id":"https:\/\/esbozodeportivo.com\/index.php\/2026\/04\/28\/a-sus-97-anos-gonzalo-martre-presenta-las-aranas-salvajes-y-reivindica-a-sus-personajes-femeninos\/#primaryimage"},"thumbnailUrl":"https:\/\/esbozodeportivo.com\/wp-content\/uploads\/2026\/04\/DSC04898-scaled.jpg","datePublished":"2026-04-28T07:47:00+00:00","dateModified":"2026-04-28T07:49:23+00:00","description":"La presentaci\u00f3n de Las Ara\u00f1as Salvajes, organizada por el Grupo de Reflexi\u00f3n Humanista y Pol\u00edtica \u2014encabezado por Genaro Rodr\u00edguez\u2014, abri\u00f3 con la intervenci\u00f3n del investigador, escritor y poeta Carlos G\u00f3mez Carro, quien deline\u00f3 desde el inicio la figura de Gonzalo Martr\u00e9 como una rareza viva dentro de la literatura mexicana. \u201cUn escritor de 97 a\u00f1os que todav\u00eda experimenta como un adolescente\u201d, afirm\u00f3, al tiempo que lo describi\u00f3 como un autor que \u201cha muerto varias veces y ha regresado, f\u00edsica y literariamente\u201d. G\u00f3mez Carro subray\u00f3 adem\u00e1s el car\u00e1cter sat\u00edrico de su obra, particularmente en Los s\u00edmbolos transparentes, y destac\u00f3 la vigencia de un escritor que, pese a su edad, contin\u00faa desafiando convenciones narrativas.","breadcrumb":{"@id":"https:\/\/esbozodeportivo.com\/index.php\/2026\/04\/28\/a-sus-97-anos-gonzalo-martre-presenta-las-aranas-salvajes-y-reivindica-a-sus-personajes-femeninos\/#breadcrumb"},"inLanguage":"es","potentialAction":[{"@type":"ReadAction","target":["https:\/\/esbozodeportivo.com\/index.php\/2026\/04\/28\/a-sus-97-anos-gonzalo-martre-presenta-las-aranas-salvajes-y-reivindica-a-sus-personajes-femeninos\/"]}]},{"@type":"ImageObject","inLanguage":"es","@id":"https:\/\/esbozodeportivo.com\/index.php\/2026\/04\/28\/a-sus-97-anos-gonzalo-martre-presenta-las-aranas-salvajes-y-reivindica-a-sus-personajes-femeninos\/#primaryimage","url":"https:\/\/esbozodeportivo.com\/wp-content\/uploads\/2026\/04\/DSC04898-scaled.jpg","contentUrl":"https:\/\/esbozodeportivo.com\/wp-content\/uploads\/2026\/04\/DSC04898-scaled.jpg","width":1992,"height":2560},{"@type":"BreadcrumbList","@id":"https:\/\/esbozodeportivo.com\/index.php\/2026\/04\/28\/a-sus-97-anos-gonzalo-martre-presenta-las-aranas-salvajes-y-reivindica-a-sus-personajes-femeninos\/#breadcrumb","itemListElement":[{"@type":"ListItem","position":1,"name":"Inicio","item":"https:\/\/esbozodeportivo.com\/"},{"@type":"ListItem","position":2,"name":"A sus 97 a\u00f1os, Gonzalo Martr\u00e9 presenta Las Ara\u00f1as Salvajes y reivindica a sus personajes femeninos"}]},{"@type":"WebSite","@id":"https:\/\/esbozodeportivo.com\/#website","url":"https:\/\/esbozodeportivo.com\/","name":"Esbozo Deportivo","description":"Lo m\u00e1s importante del Deporte","publisher":{"@id":"https:\/\/esbozodeportivo.com\/#organization"},"potentialAction":[{"@type":"SearchAction","target":{"@type":"EntryPoint","urlTemplate":"https:\/\/esbozodeportivo.com\/?s={search_term_string}"},"query-input":{"@type":"PropertyValueSpecification","valueRequired":true,"valueName":"search_term_string"}}],"inLanguage":"es"},{"@type":"Organization","@id":"https:\/\/esbozodeportivo.com\/#organization","name":"Esbozo Deportivo","url":"https:\/\/esbozodeportivo.com\/","logo":{"@type":"ImageObject","inLanguage":"es","@id":"https:\/\/esbozodeportivo.com\/#\/schema\/logo\/image\/","url":"https:\/\/esbozodeportivo.com\/wp-content\/uploads\/2022\/08\/cropped-Logo-Esbozo-Web-2.png","contentUrl":"https:\/\/esbozodeportivo.com\/wp-content\/uploads\/2022\/08\/cropped-Logo-Esbozo-Web-2.png","width":180,"height":50,"caption":"Esbozo Deportivo"},"image":{"@id":"https:\/\/esbozodeportivo.com\/#\/schema\/logo\/image\/"}},{"@type":"Person","@id":"https:\/\/esbozodeportivo.com\/#\/schema\/person\/7277119c98823aec37bbb84e125efd44","name":"Javier De La Cruz","image":{"@type":"ImageObject","inLanguage":"es","@id":"https:\/\/esbozodeportivo.com\/#\/schema\/person\/image\/","url":"https:\/\/secure.gravatar.com\/avatar\/366235a56d20f1a6e8e3d0b295897639357bea880470ddf261d17bb0bc052eb1?s=96&d=mm&r=g","contentUrl":"https:\/\/secure.gravatar.com\/avatar\/366235a56d20f1a6e8e3d0b295897639357bea880470ddf261d17bb0bc052eb1?s=96&d=mm&r=g","caption":"Javier De La Cruz"},"url":"https:\/\/esbozodeportivo.com\/index.php\/author\/javier-de-la-cruz-de-la-cruz\/"}]}},"jetpack_featured_media_url":"https:\/\/esbozodeportivo.com\/wp-content\/uploads\/2026\/04\/DSC04898-scaled.jpg","jetpack_sharing_enabled":true,"_links":{"self":[{"href":"https:\/\/esbozodeportivo.com\/index.php\/wp-json\/wp\/v2\/posts\/14350","targetHints":{"allow":["GET"]}}],"collection":[{"href":"https:\/\/esbozodeportivo.com\/index.php\/wp-json\/wp\/v2\/posts"}],"about":[{"href":"https:\/\/esbozodeportivo.com\/index.php\/wp-json\/wp\/v2\/types\/post"}],"author":[{"embeddable":true,"href":"https:\/\/esbozodeportivo.com\/index.php\/wp-json\/wp\/v2\/users\/2"}],"replies":[{"embeddable":true,"href":"https:\/\/esbozodeportivo.com\/index.php\/wp-json\/wp\/v2\/comments?post=14350"}],"version-history":[{"count":2,"href":"https:\/\/esbozodeportivo.com\/index.php\/wp-json\/wp\/v2\/posts\/14350\/revisions"}],"predecessor-version":[{"id":14381,"href":"https:\/\/esbozodeportivo.com\/index.php\/wp-json\/wp\/v2\/posts\/14350\/revisions\/14381"}],"wp:featuredmedia":[{"embeddable":true,"href":"https:\/\/esbozodeportivo.com\/index.php\/wp-json\/wp\/v2\/media\/14365"}],"wp:attachment":[{"href":"https:\/\/esbozodeportivo.com\/index.php\/wp-json\/wp\/v2\/media?parent=14350"}],"wp:term":[{"taxonomy":"category","embeddable":true,"href":"https:\/\/esbozodeportivo.com\/index.php\/wp-json\/wp\/v2\/categories?post=14350"},{"taxonomy":"post_tag","embeddable":true,"href":"https:\/\/esbozodeportivo.com\/index.php\/wp-json\/wp\/v2\/tags?post=14350"}],"curies":[{"name":"wp","href":"https:\/\/api.w.org\/{rel}","templated":true}]}}