{"id":14386,"date":"2026-04-28T21:08:48","date_gmt":"2026-04-29T03:08:48","guid":{"rendered":"https:\/\/esbozodeportivo.com\/?p=14386"},"modified":"2026-04-28T21:08:49","modified_gmt":"2026-04-29T03:08:49","slug":"ledezma-se-quedo-fuera-del-tri","status":"publish","type":"post","link":"https:\/\/esbozodeportivo.com\/index.php\/2026\/04\/28\/ledezma-se-quedo-fuera-del-tri\/","title":{"rendered":"Ledezma se qued\u00f3 fuera del Tri"},"content":{"rendered":"\n<p>(Foto: Agencias) <\/p>\n\n\n\n<p>Richard Ledezma se qued\u00f3 a la orilla de ser citado para jugar su primera Copa del Mundo, pero lejos de estar triste, el zaguero lo toma con sabidur\u00eda. Podr\u00e1 concentrarse en pelear por el campeonato de la liga mexicana con Chivas.<\/p>\n\n\n\n<p>El lateral derecho de 25 a\u00f1os no fue citado el martes por Javier Aguirre para disputar el pr\u00f3ximo Mundial y ahora podr\u00e1 pelear con el resto de sus compa\u00f1eros en Guadalajara por conseguir un t\u00edtulo de liga que se les ha negado desde el torneo Clausura 2017.<\/p>\n\n\n\n<p>\u201cEs una situaci\u00f3n de ganar-ganar, el ir a un Mundial es un sue\u00f1o m\u00edo, pero tambi\u00e9n lo es ganar un campeonato nacional con Chivas\u201d, dijo Ledezma a The Associated Press.<\/p>\n\n\n\n<p>Ledezma, quien naci\u00f3 en Phoenix, Arizona, desembarc\u00f3 con Chivas como fichaje invernal y en su primera temporada en M\u00e9xico, fue titular en 14 partidos del torneo regular y fue citado con la selecci\u00f3n para los pasados cinco amistosos.<\/p>\n\n\n\n<p>\u201cEs una liga muy f\u00edsica, pero me adapt\u00e9 muy r\u00e1pido gracias al entrenador y tambi\u00e9n el tener de compa\u00f1eros a tantos mexicanos me ayudo, eso es un hecho\u201d, dijo Ledezma, quien arrib\u00f3 al equipo en enero luego de militar cinco a\u00f1os con el PSV Eindhoven de Holanda.<\/p>\n\n\n\n<p>El \u201cVasco\u201d Aguirre cit\u00f3 a cinco compa\u00f1eros de Ledezma para disputar el Mundial que arranca el 11 de junio cuando M\u00e9xico enfrente a Sud\u00e1frica en el estadio Azteca, uno de esos Brian Guti\u00e9rrez, quien al igual que Ledezma naci\u00f3 en Estados Unidos.<\/p>\n\n\n\n<p>Ledezma complet\u00f3 en enero pasado el proceso con la FIFA para poder jugar con M\u00e9xico debido a que hab\u00eda jugado el Mundial Sub20 en Polonia y tuvo una aparici\u00f3n con la selecci\u00f3n absoluta de Estados Unidos en un partido amistoso contra Panam\u00e1 el 16 de noviembre de 2020.<\/p>\n\n\n\n<p>Su ausencia en la lista final sorprende porque por el costado derecho, a diferencia del izquierdo, no hay un titular indiscutido y Aguirre ha probado a media docena de elementos.<\/p>\n\n\n\n<p>Ahora Ledezma comenzar\u00e1 la b\u00fasqueda de ese esquivo t\u00edtulo el pr\u00f3ximo fin de semana, cuando Chivas enfrente a Tigres por los cuartos de final y tendr\u00e1 que esperar hasta 2030 para jugar su primer Mundial.<\/p>\n\n\n\n<p><\/p>\n","protected":false},"excerpt":{"rendered":"<p>(Foto: Agencias) Richard Ledezma se qued\u00f3 a la orilla de ser citado para jugar su<\/p>\n","protected":false},"author":4,"featured_media":14390,"comment_status":"closed","ping_status":"open","sticky":false,"template":"","format":"standard","meta":{"_jetpack_memberships_contains_paid_content":false,"footnotes":""},"categories":[71],"tags":[],"class_list":["post-14386","post","type-post","status-publish","format-standard","has-post-thumbnail","hentry","category-mundial-2026"],"yoast_head":"<!-- This site is optimized with the Yoast SEO plugin v25.7 - https:\/\/yoast.com\/wordpress\/plugins\/seo\/ -->\n<title>Ledezma se qued\u00f3 fuera del Tri - Esbozo Deportivo<\/title>\n<meta name=\"description\" content=\"Richard Ledezma se qued\u00f3 a la orilla de ser citado para jugar su primera Copa del Mundo, pero lejos de estar triste, el zaguero lo toma con sabidur\u00eda. Podr\u00e1 concentrarse en pelear por el campeonato de la liga mexicana con Chivas.\" \/>\n<meta name=\"robots\" content=\"index, follow, max-snippet:-1, max-image-preview:large, max-video-preview:-1\" \/>\n<link rel=\"canonical\" href=\"https:\/\/esbozodeportivo.com\/index.php\/2026\/04\/28\/ledezma-se-quedo-fuera-del-tri\/\" \/>\n<meta property=\"og:locale\" content=\"es_MX\" \/>\n<meta property=\"og:type\" content=\"article\" \/>\n<meta property=\"og:title\" content=\"Ledezma se qued\u00f3 fuera del Tri - Esbozo Deportivo\" \/>\n<meta property=\"og:description\" content=\"Richard Ledezma se qued\u00f3 a la orilla de ser citado para jugar su primera Copa del Mundo, pero lejos de estar triste, el zaguero lo toma con sabidur\u00eda. Podr\u00e1 concentrarse en pelear por el campeonato de la liga mexicana con Chivas.\" \/>\n<meta property=\"og:url\" content=\"https:\/\/esbozodeportivo.com\/index.php\/2026\/04\/28\/ledezma-se-quedo-fuera-del-tri\/\" \/>\n<meta property=\"og:site_name\" content=\"Esbozo Deportivo\" \/>\n<meta property=\"article:published_time\" content=\"2026-04-29T03:08:48+00:00\" \/>\n<meta property=\"article:modified_time\" content=\"2026-04-29T03:08:49+00:00\" \/>\n<meta property=\"og:image\" content=\"https:\/\/esbozodeportivo.com\/wp-content\/uploads\/2026\/04\/55318fb8-6177-4a97-a7f9-c6c606d09e56.jpg\" \/>\n\t<meta property=\"og:image:width\" content=\"1600\" \/>\n\t<meta property=\"og:image:height\" content=\"899\" \/>\n\t<meta property=\"og:image:type\" content=\"image\/jpeg\" \/>\n<meta name=\"author\" content=\"Redacci\u00f3n\" \/>\n<meta name=\"twitter:card\" content=\"summary_large_image\" \/>\n<meta name=\"twitter:label1\" content=\"Escrito por\" \/>\n\t<meta name=\"twitter:data1\" content=\"Redacci\u00f3n\" \/>\n\t<meta name=\"twitter:label2\" content=\"Tiempo de lectura\" \/>\n\t<meta name=\"twitter:data2\" content=\"2 minutos\" \/>\n<script type=\"application\/ld+json\" class=\"yoast-schema-graph\">{\"@context\":\"https:\/\/schema.org\",\"@graph\":[{\"@type\":\"Article\",\"@id\":\"https:\/\/esbozodeportivo.com\/index.php\/2026\/04\/28\/ledezma-se-quedo-fuera-del-tri\/#article\",\"isPartOf\":{\"@id\":\"https:\/\/esbozodeportivo.com\/index.php\/2026\/04\/28\/ledezma-se-quedo-fuera-del-tri\/\"},\"author\":{\"name\":\"Redacci\u00f3n\",\"@id\":\"https:\/\/esbozodeportivo.com\/#\/schema\/person\/0f6df9196dfe6740dd0bb31bae50d374\"},\"headline\":\"Ledezma se qued\u00f3 fuera del Tri\",\"datePublished\":\"2026-04-29T03:08:48+00:00\",\"dateModified\":\"2026-04-29T03:08:49+00:00\",\"mainEntityOfPage\":{\"@id\":\"https:\/\/esbozodeportivo.com\/index.php\/2026\/04\/28\/ledezma-se-quedo-fuera-del-tri\/\"},\"wordCount\":386,\"publisher\":{\"@id\":\"https:\/\/esbozodeportivo.com\/#organization\"},\"image\":{\"@id\":\"https:\/\/esbozodeportivo.com\/index.php\/2026\/04\/28\/ledezma-se-quedo-fuera-del-tri\/#primaryimage\"},\"thumbnailUrl\":\"https:\/\/esbozodeportivo.com\/wp-content\/uploads\/2026\/04\/55318fb8-6177-4a97-a7f9-c6c606d09e56.jpg\",\"articleSection\":[\"Mundial 2026\"],\"inLanguage\":\"es\"},{\"@type\":\"WebPage\",\"@id\":\"https:\/\/esbozodeportivo.com\/index.php\/2026\/04\/28\/ledezma-se-quedo-fuera-del-tri\/\",\"url\":\"https:\/\/esbozodeportivo.com\/index.php\/2026\/04\/28\/ledezma-se-quedo-fuera-del-tri\/\",\"name\":\"Ledezma se qued\u00f3 fuera del Tri - Esbozo Deportivo\",\"isPartOf\":{\"@id\":\"https:\/\/esbozodeportivo.com\/#website\"},\"primaryImageOfPage\":{\"@id\":\"https:\/\/esbozodeportivo.com\/index.php\/2026\/04\/28\/ledezma-se-quedo-fuera-del-tri\/#primaryimage\"},\"image\":{\"@id\":\"https:\/\/esbozodeportivo.com\/index.php\/2026\/04\/28\/ledezma-se-quedo-fuera-del-tri\/#primaryimage\"},\"thumbnailUrl\":\"https:\/\/esbozodeportivo.com\/wp-content\/uploads\/2026\/04\/55318fb8-6177-4a97-a7f9-c6c606d09e56.jpg\",\"datePublished\":\"2026-04-29T03:08:48+00:00\",\"dateModified\":\"2026-04-29T03:08:49+00:00\",\"description\":\"Richard Ledezma se qued\u00f3 a la orilla de ser citado para jugar su primera Copa del Mundo, pero lejos de estar triste, el zaguero lo toma con sabidur\u00eda. Podr\u00e1 concentrarse en pelear por el campeonato de la liga mexicana con Chivas.\",\"breadcrumb\":{\"@id\":\"https:\/\/esbozodeportivo.com\/index.php\/2026\/04\/28\/ledezma-se-quedo-fuera-del-tri\/#breadcrumb\"},\"inLanguage\":\"es\",\"potentialAction\":[{\"@type\":\"ReadAction\",\"target\":[\"https:\/\/esbozodeportivo.com\/index.php\/2026\/04\/28\/ledezma-se-quedo-fuera-del-tri\/\"]}]},{\"@type\":\"ImageObject\",\"inLanguage\":\"es\",\"@id\":\"https:\/\/esbozodeportivo.com\/index.php\/2026\/04\/28\/ledezma-se-quedo-fuera-del-tri\/#primaryimage\",\"url\":\"https:\/\/esbozodeportivo.com\/wp-content\/uploads\/2026\/04\/55318fb8-6177-4a97-a7f9-c6c606d09e56.jpg\",\"contentUrl\":\"https:\/\/esbozodeportivo.com\/wp-content\/uploads\/2026\/04\/55318fb8-6177-4a97-a7f9-c6c606d09e56.jpg\",\"width\":1600,\"height\":899},{\"@type\":\"BreadcrumbList\",\"@id\":\"https:\/\/esbozodeportivo.com\/index.php\/2026\/04\/28\/ledezma-se-quedo-fuera-del-tri\/#breadcrumb\",\"itemListElement\":[{\"@type\":\"ListItem\",\"position\":1,\"name\":\"Inicio\",\"item\":\"https:\/\/esbozodeportivo.com\/\"},{\"@type\":\"ListItem\",\"position\":2,\"name\":\"Ledezma se qued\u00f3 fuera del Tri\"}]},{\"@type\":\"WebSite\",\"@id\":\"https:\/\/esbozodeportivo.com\/#website\",\"url\":\"https:\/\/esbozodeportivo.com\/\",\"name\":\"Esbozo Deportivo\",\"description\":\"Lo m\u00e1s importante del Deporte\",\"publisher\":{\"@id\":\"https:\/\/esbozodeportivo.com\/#organization\"},\"potentialAction\":[{\"@type\":\"SearchAction\",\"target\":{\"@type\":\"EntryPoint\",\"urlTemplate\":\"https:\/\/esbozodeportivo.com\/?s={search_term_string}\"},\"query-input\":{\"@type\":\"PropertyValueSpecification\",\"valueRequired\":true,\"valueName\":\"search_term_string\"}}],\"inLanguage\":\"es\"},{\"@type\":\"Organization\",\"@id\":\"https:\/\/esbozodeportivo.com\/#organization\",\"name\":\"Esbozo Deportivo\",\"url\":\"https:\/\/esbozodeportivo.com\/\",\"logo\":{\"@type\":\"ImageObject\",\"inLanguage\":\"es\",\"@id\":\"https:\/\/esbozodeportivo.com\/#\/schema\/logo\/image\/\",\"url\":\"https:\/\/esbozodeportivo.com\/wp-content\/uploads\/2022\/08\/cropped-Logo-Esbozo-Web-2.png\",\"contentUrl\":\"https:\/\/esbozodeportivo.com\/wp-content\/uploads\/2022\/08\/cropped-Logo-Esbozo-Web-2.png\",\"width\":180,\"height\":50,\"caption\":\"Esbozo Deportivo\"},\"image\":{\"@id\":\"https:\/\/esbozodeportivo.com\/#\/schema\/logo\/image\/\"}},{\"@type\":\"Person\",\"@id\":\"https:\/\/esbozodeportivo.com\/#\/schema\/person\/0f6df9196dfe6740dd0bb31bae50d374\",\"name\":\"Redacci\u00f3n\",\"image\":{\"@type\":\"ImageObject\",\"inLanguage\":\"es\",\"@id\":\"https:\/\/esbozodeportivo.com\/#\/schema\/person\/image\/\",\"url\":\"https:\/\/secure.gravatar.com\/avatar\/f55268a89c3b418f2ef172ff52ab0d09b3e653c58de29539fe329fb93d78ebf3?s=96&d=mm&r=g\",\"contentUrl\":\"https:\/\/secure.gravatar.com\/avatar\/f55268a89c3b418f2ef172ff52ab0d09b3e653c58de29539fe329fb93d78ebf3?s=96&d=mm&r=g\",\"caption\":\"Redacci\u00f3n\"},\"url\":\"https:\/\/esbozodeportivo.com\/index.php\/author\/redaccion\/\"}]}<\/script>\n<!-- \/ Yoast SEO plugin. -->","yoast_head_json":{"title":"Ledezma se qued\u00f3 fuera del Tri - Esbozo Deportivo","description":"Richard Ledezma se qued\u00f3 a la orilla de ser citado para jugar su primera Copa del Mundo, pero lejos de estar triste, el zaguero lo toma con sabidur\u00eda. Podr\u00e1 concentrarse en pelear por el campeonato de la liga mexicana con Chivas.","robots":{"index":"index","follow":"follow","max-snippet":"max-snippet:-1","max-image-preview":"max-image-preview:large","max-video-preview":"max-video-preview:-1"},"canonical":"https:\/\/esbozodeportivo.com\/index.php\/2026\/04\/28\/ledezma-se-quedo-fuera-del-tri\/","og_locale":"es_MX","og_type":"article","og_title":"Ledezma se qued\u00f3 fuera del Tri - Esbozo Deportivo","og_description":"Richard Ledezma se qued\u00f3 a la orilla de ser citado para jugar su primera Copa del Mundo, pero lejos de estar triste, el zaguero lo toma con sabidur\u00eda. Podr\u00e1 concentrarse en pelear por el campeonato de la liga mexicana con Chivas.","og_url":"https:\/\/esbozodeportivo.com\/index.php\/2026\/04\/28\/ledezma-se-quedo-fuera-del-tri\/","og_site_name":"Esbozo Deportivo","article_published_time":"2026-04-29T03:08:48+00:00","article_modified_time":"2026-04-29T03:08:49+00:00","og_image":[{"width":1600,"height":899,"url":"https:\/\/esbozodeportivo.com\/wp-content\/uploads\/2026\/04\/55318fb8-6177-4a97-a7f9-c6c606d09e56.jpg","type":"image\/jpeg"}],"author":"Redacci\u00f3n","twitter_card":"summary_large_image","twitter_misc":{"Escrito por":"Redacci\u00f3n","Tiempo de lectura":"2 minutos"},"schema":{"@context":"https:\/\/schema.org","@graph":[{"@type":"Article","@id":"https:\/\/esbozodeportivo.com\/index.php\/2026\/04\/28\/ledezma-se-quedo-fuera-del-tri\/#article","isPartOf":{"@id":"https:\/\/esbozodeportivo.com\/index.php\/2026\/04\/28\/ledezma-se-quedo-fuera-del-tri\/"},"author":{"name":"Redacci\u00f3n","@id":"https:\/\/esbozodeportivo.com\/#\/schema\/person\/0f6df9196dfe6740dd0bb31bae50d374"},"headline":"Ledezma se qued\u00f3 fuera del Tri","datePublished":"2026-04-29T03:08:48+00:00","dateModified":"2026-04-29T03:08:49+00:00","mainEntityOfPage":{"@id":"https:\/\/esbozodeportivo.com\/index.php\/2026\/04\/28\/ledezma-se-quedo-fuera-del-tri\/"},"wordCount":386,"publisher":{"@id":"https:\/\/esbozodeportivo.com\/#organization"},"image":{"@id":"https:\/\/esbozodeportivo.com\/index.php\/2026\/04\/28\/ledezma-se-quedo-fuera-del-tri\/#primaryimage"},"thumbnailUrl":"https:\/\/esbozodeportivo.com\/wp-content\/uploads\/2026\/04\/55318fb8-6177-4a97-a7f9-c6c606d09e56.jpg","articleSection":["Mundial 2026"],"inLanguage":"es"},{"@type":"WebPage","@id":"https:\/\/esbozodeportivo.com\/index.php\/2026\/04\/28\/ledezma-se-quedo-fuera-del-tri\/","url":"https:\/\/esbozodeportivo.com\/index.php\/2026\/04\/28\/ledezma-se-quedo-fuera-del-tri\/","name":"Ledezma se qued\u00f3 fuera del Tri - Esbozo Deportivo","isPartOf":{"@id":"https:\/\/esbozodeportivo.com\/#website"},"primaryImageOfPage":{"@id":"https:\/\/esbozodeportivo.com\/index.php\/2026\/04\/28\/ledezma-se-quedo-fuera-del-tri\/#primaryimage"},"image":{"@id":"https:\/\/esbozodeportivo.com\/index.php\/2026\/04\/28\/ledezma-se-quedo-fuera-del-tri\/#primaryimage"},"thumbnailUrl":"https:\/\/esbozodeportivo.com\/wp-content\/uploads\/2026\/04\/55318fb8-6177-4a97-a7f9-c6c606d09e56.jpg","datePublished":"2026-04-29T03:08:48+00:00","dateModified":"2026-04-29T03:08:49+00:00","description":"Richard Ledezma se qued\u00f3 a la orilla de ser citado para jugar su primera Copa del Mundo, pero lejos de estar triste, el zaguero lo toma con sabidur\u00eda. Podr\u00e1 concentrarse en pelear por el campeonato de la liga mexicana con Chivas.","breadcrumb":{"@id":"https:\/\/esbozodeportivo.com\/index.php\/2026\/04\/28\/ledezma-se-quedo-fuera-del-tri\/#breadcrumb"},"inLanguage":"es","potentialAction":[{"@type":"ReadAction","target":["https:\/\/esbozodeportivo.com\/index.php\/2026\/04\/28\/ledezma-se-quedo-fuera-del-tri\/"]}]},{"@type":"ImageObject","inLanguage":"es","@id":"https:\/\/esbozodeportivo.com\/index.php\/2026\/04\/28\/ledezma-se-quedo-fuera-del-tri\/#primaryimage","url":"https:\/\/esbozodeportivo.com\/wp-content\/uploads\/2026\/04\/55318fb8-6177-4a97-a7f9-c6c606d09e56.jpg","contentUrl":"https:\/\/esbozodeportivo.com\/wp-content\/uploads\/2026\/04\/55318fb8-6177-4a97-a7f9-c6c606d09e56.jpg","width":1600,"height":899},{"@type":"BreadcrumbList","@id":"https:\/\/esbozodeportivo.com\/index.php\/2026\/04\/28\/ledezma-se-quedo-fuera-del-tri\/#breadcrumb","itemListElement":[{"@type":"ListItem","position":1,"name":"Inicio","item":"https:\/\/esbozodeportivo.com\/"},{"@type":"ListItem","position":2,"name":"Ledezma se qued\u00f3 fuera del Tri"}]},{"@type":"WebSite","@id":"https:\/\/esbozodeportivo.com\/#website","url":"https:\/\/esbozodeportivo.com\/","name":"Esbozo Deportivo","description":"Lo m\u00e1s importante del Deporte","publisher":{"@id":"https:\/\/esbozodeportivo.com\/#organization"},"potentialAction":[{"@type":"SearchAction","target":{"@type":"EntryPoint","urlTemplate":"https:\/\/esbozodeportivo.com\/?s={search_term_string}"},"query-input":{"@type":"PropertyValueSpecification","valueRequired":true,"valueName":"search_term_string"}}],"inLanguage":"es"},{"@type":"Organization","@id":"https:\/\/esbozodeportivo.com\/#organization","name":"Esbozo Deportivo","url":"https:\/\/esbozodeportivo.com\/","logo":{"@type":"ImageObject","inLanguage":"es","@id":"https:\/\/esbozodeportivo.com\/#\/schema\/logo\/image\/","url":"https:\/\/esbozodeportivo.com\/wp-content\/uploads\/2022\/08\/cropped-Logo-Esbozo-Web-2.png","contentUrl":"https:\/\/esbozodeportivo.com\/wp-content\/uploads\/2022\/08\/cropped-Logo-Esbozo-Web-2.png","width":180,"height":50,"caption":"Esbozo Deportivo"},"image":{"@id":"https:\/\/esbozodeportivo.com\/#\/schema\/logo\/image\/"}},{"@type":"Person","@id":"https:\/\/esbozodeportivo.com\/#\/schema\/person\/0f6df9196dfe6740dd0bb31bae50d374","name":"Redacci\u00f3n","image":{"@type":"ImageObject","inLanguage":"es","@id":"https:\/\/esbozodeportivo.com\/#\/schema\/person\/image\/","url":"https:\/\/secure.gravatar.com\/avatar\/f55268a89c3b418f2ef172ff52ab0d09b3e653c58de29539fe329fb93d78ebf3?s=96&d=mm&r=g","contentUrl":"https:\/\/secure.gravatar.com\/avatar\/f55268a89c3b418f2ef172ff52ab0d09b3e653c58de29539fe329fb93d78ebf3?s=96&d=mm&r=g","caption":"Redacci\u00f3n"},"url":"https:\/\/esbozodeportivo.com\/index.php\/author\/redaccion\/"}]}},"jetpack_featured_media_url":"https:\/\/esbozodeportivo.com\/wp-content\/uploads\/2026\/04\/55318fb8-6177-4a97-a7f9-c6c606d09e56.jpg","jetpack_sharing_enabled":true,"_links":{"self":[{"href":"https:\/\/esbozodeportivo.com\/index.php\/wp-json\/wp\/v2\/posts\/14386","targetHints":{"allow":["GET"]}}],"collection":[{"href":"https:\/\/esbozodeportivo.com\/index.php\/wp-json\/wp\/v2\/posts"}],"about":[{"href":"https:\/\/esbozodeportivo.com\/index.php\/wp-json\/wp\/v2\/types\/post"}],"author":[{"embeddable":true,"href":"https:\/\/esbozodeportivo.com\/index.php\/wp-json\/wp\/v2\/users\/4"}],"replies":[{"embeddable":true,"href":"https:\/\/esbozodeportivo.com\/index.php\/wp-json\/wp\/v2\/comments?post=14386"}],"version-history":[{"count":1,"href":"https:\/\/esbozodeportivo.com\/index.php\/wp-json\/wp\/v2\/posts\/14386\/revisions"}],"predecessor-version":[{"id":14394,"href":"https:\/\/esbozodeportivo.com\/index.php\/wp-json\/wp\/v2\/posts\/14386\/revisions\/14394"}],"wp:featuredmedia":[{"embeddable":true,"href":"https:\/\/esbozodeportivo.com\/index.php\/wp-json\/wp\/v2\/media\/14390"}],"wp:attachment":[{"href":"https:\/\/esbozodeportivo.com\/index.php\/wp-json\/wp\/v2\/media?parent=14386"}],"wp:term":[{"taxonomy":"category","embeddable":true,"href":"https:\/\/esbozodeportivo.com\/index.php\/wp-json\/wp\/v2\/categories?post=14386"},{"taxonomy":"post_tag","embeddable":true,"href":"https:\/\/esbozodeportivo.com\/index.php\/wp-json\/wp\/v2\/tags?post=14386"}],"curies":[{"name":"wp","href":"https:\/\/api.w.org\/{rel}","templated":true}]}}