{"id":14397,"date":"2026-04-28T21:11:52","date_gmt":"2026-04-29T03:11:52","guid":{"rendered":"https:\/\/esbozodeportivo.com\/?p=14397"},"modified":"2026-04-28T21:11:53","modified_gmt":"2026-04-29T03:11:53","slug":"mora-tiene-una-cita-con-la-historia","status":"publish","type":"post","link":"https:\/\/esbozodeportivo.com\/index.php\/2026\/04\/28\/mora-tiene-una-cita-con-la-historia\/","title":{"rendered":"Mora tiene una cita con la historia"},"content":{"rendered":"\n<p>(Foto: Agencias) <\/p>\n\n\n\n<p>El juvenil mediocampista Gilberto Mora fue convocado el martes a la selecci\u00f3n de M\u00e9xico para el Mundial 2026 y, si se mantiene sano, podr\u00eda convertirse en el jugador mexicano m\u00e1s joven en participar en una Copa del Mundo.<\/p>\n\n\n\n<p>El entrenador Javier Aguirre dio a conocer una lista de 12 jugadores de la Liga MX que aseguraron su lugar en el Mundial y comenzar\u00e1n a entrenar el pr\u00f3ximo lunes. Tambi\u00e9n convoc\u00f3 a ocho jugadores m\u00e1s para completar los entrenamientos mientras los jugadores europeos llegan a finales de mayo.<\/p>\n\n\n\n<p>Mora, de 17 a\u00f1os y que acaba de retomar su actividad tras una lesi\u00f3n en la ingle que lo mantuvo fuera de juego con Tijuana durante dos meses, superar\u00eda el r\u00e9cord para un jugador mexicano que actualmente ostenta Manuel Rosas, quien debut\u00f3 en el Mundial de 1930 con 18 a\u00f1os y 88 d\u00edas.<\/p>\n\n\n\n<p>\u201cTuve una lesi\u00f3n en la que no pude estar la mayor parte del torneo, pero pues contento de poder volver. Fue un poco larga la recuperaci\u00f3n, pero gracias a Dios ya estoy bien, me siento muy bien f\u00edsicamente y listo para lo que viene\u201d, dijo Mora el fin de semana. \u201cYa estoy al cien por ciento en todos los aspectos.\u201d<\/p>\n\n\n\n<p>El norirland\u00e9s Norman Whiteside ostenta el r\u00e9cord como el jugador m\u00e1s joven en debutar en un Mundial. Ten\u00eda 17 a\u00f1os y 40 d\u00edas cuando jug\u00f3 en Espa\u00f1a 1982.<\/p>\n\n\n\n<p>Mora cumplir\u00e1 18 a\u00f1os el 14 de octubre y no alcanzar\u00eda ese r\u00e9cord.<\/p>\n\n\n\n<p>M\u00e9xico inaugurar\u00e1 el Mundial el 11 de junio contra Sud\u00e1frica.<\/p>\n\n\n\n<p>Sensaci\u00f3n en el torneo local, Mora fue titular con la selecci\u00f3n mexicana que gan\u00f3 la Copa Oro 2025, pero una lesi\u00f3n lo dej\u00f3 fuera de los \u00faltimos seis partidos con la selecci\u00f3n.<\/p>\n\n\n\n<p>\u201cMorita\u201d podr\u00eda regresar a jugar con M\u00e9xico el pr\u00f3ximo 22 de mayo en un partido amistoso contra Ghana, en Puebla, M\u00e9xico.<\/p>\n\n\n\n<p>Mora ya posee varios r\u00e9cords. En agosto de 2024 se convirti\u00f3 en el jugador m\u00e1s joven en ser titular y anotar en la primera divisi\u00f3n mexicana, con 15 a\u00f1os y 320 d\u00edas. Tambi\u00e9n es el jugador m\u00e1s joven en debutar con la selecci\u00f3n mexicana, haciendo su aparici\u00f3n oficial a los 16 a\u00f1os y 94 d\u00edas en enero de 2025.<\/p>\n\n\n\n<p>Entre las sorpresas se encuentra el llamado de Guillermo Mart\u00ednez. El atacante de Pumas UNAM se ve\u00eda con pocas posibilidades por jugar en la posici\u00f3n de centro delantero, compitiendo con Ra\u00fal Jim\u00e9nez (Fulham), Santiago Gim\u00e9nez (AC Milan) y Armando \u201cHormiga\u201d Gonz\u00e1lez (Chivas).<\/p>\n\n\n\n<p>Aguirre declar\u00f3 hace un par de meses que s\u00f3lo pensaba llevar dos centro delanteros al Mundial. El llamado de Mart\u00ednez podr\u00eda cerrar la puerta a Germ\u00e1n Berterame, un naturalizado de origen argentino que milita en el Inter Miami de la MLS.<\/p>\n\n\n\n<p>El entrenador, que dirigir\u00e1 su tercera Copa del Mundo con M\u00e9xico, tambi\u00e9n dej\u00f3 fuera de la lista a Marcel Ruiz, el volante de Toluca que se lesion\u00f3 los ligamentos cruzados de la rodilla derecha y decidi\u00f3 no operarse para tratar de ganarse un sitio. Al final qued\u00f3 fuera.<\/p>\n\n\n\n<p>Al llamar a s\u00f3lo dos porteros locales, el entrenador tambi\u00e9n garantiz\u00f3 la presencia del veterano Guillermo Ochoa, quien disputar\u00e1 su sexto Mundial, para superar lo conseguido por Rafael M\u00e1rquez, Andr\u00e9s Guardado y Antonio Carvajal, quienes acudieron a cinco.<\/p>\n\n\n\n<p>Igualmente el argentino Lionel Messi y el portugu\u00e9s Cristiano Ronaldo podr\u00edan alcanzar su sexta aparici\u00f3n en un Mundial.<\/p>\n\n\n\n<p>_<\/p>\n\n\n\n<p>Plantel:<\/p>\n\n\n\n<p>Arqueros: Raul Rangel (Chivas), Carlos Acevedo (Santos).<\/p>\n\n\n\n<p>Defensas: Israel Reyes (Am\u00e9rica), Jesus Gallardo (Toluca), Luis Romo (Chivas)<\/p>\n\n\n\n<p>Volantes: Erik Lira (Cruz Azul), Brian Guti\u00e9rrez (Chivas), Gilberto Mora (Tijuana), Roberto Alvarado (Chivas)<\/p>\n\n\n\n<p>Delanteros: Alexis Vega (Toluca), Guillermo Martinez (Pumas), Armando Gonz\u00e1lez (Chivas).<\/p>\n\n\n\n<p><\/p>\n","protected":false},"excerpt":{"rendered":"<p>(Foto: Agencias) El juvenil mediocampista Gilberto Mora fue convocado el martes a la selecci\u00f3n de<\/p>\n","protected":false},"author":4,"featured_media":14393,"comment_status":"closed","ping_status":"open","sticky":false,"template":"","format":"standard","meta":{"_jetpack_memberships_contains_paid_content":false,"footnotes":""},"categories":[71],"tags":[],"class_list":["post-14397","post","type-post","status-publish","format-standard","has-post-thumbnail","hentry","category-mundial-2026"],"yoast_head":"<!-- This site is optimized with the Yoast SEO plugin v25.7 - https:\/\/yoast.com\/wordpress\/plugins\/seo\/ -->\n<title>Mora tiene una cita con la historia - Esbozo Deportivo<\/title>\n<meta name=\"description\" content=\"El juvenil mediocampista Gilberto Mora fue convocado el martes a la selecci\u00f3n de M\u00e9xico para el Mundial 2026 y, si se mantiene sano, podr\u00eda convertirse en el jugador mexicano m\u00e1s joven en participar en una Copa del Mundo.\" \/>\n<meta name=\"robots\" content=\"index, follow, max-snippet:-1, max-image-preview:large, max-video-preview:-1\" \/>\n<link rel=\"canonical\" href=\"https:\/\/esbozodeportivo.com\/index.php\/2026\/04\/28\/mora-tiene-una-cita-con-la-historia\/\" \/>\n<meta property=\"og:locale\" content=\"es_MX\" \/>\n<meta property=\"og:type\" content=\"article\" \/>\n<meta property=\"og:title\" content=\"Mora tiene una cita con la historia - Esbozo Deportivo\" \/>\n<meta property=\"og:description\" content=\"El juvenil mediocampista Gilberto Mora fue convocado el martes a la selecci\u00f3n de M\u00e9xico para el Mundial 2026 y, si se mantiene sano, podr\u00eda convertirse en el jugador mexicano m\u00e1s joven en participar en una Copa del Mundo.\" \/>\n<meta property=\"og:url\" content=\"https:\/\/esbozodeportivo.com\/index.php\/2026\/04\/28\/mora-tiene-una-cita-con-la-historia\/\" \/>\n<meta property=\"og:site_name\" content=\"Esbozo Deportivo\" \/>\n<meta property=\"article:published_time\" content=\"2026-04-29T03:11:52+00:00\" \/>\n<meta property=\"article:modified_time\" content=\"2026-04-29T03:11:53+00:00\" \/>\n<meta property=\"og:image\" content=\"https:\/\/esbozodeportivo.com\/wp-content\/uploads\/2026\/04\/f22fb1bb-9b95-4594-9dac-22948793c227.jpg\" \/>\n\t<meta property=\"og:image:width\" content=\"979\" \/>\n\t<meta property=\"og:image:height\" content=\"653\" \/>\n\t<meta property=\"og:image:type\" content=\"image\/jpeg\" \/>\n<meta name=\"author\" content=\"Redacci\u00f3n\" \/>\n<meta name=\"twitter:card\" content=\"summary_large_image\" \/>\n<meta name=\"twitter:label1\" content=\"Escrito por\" \/>\n\t<meta name=\"twitter:data1\" content=\"Redacci\u00f3n\" \/>\n\t<meta name=\"twitter:label2\" content=\"Tiempo de lectura\" \/>\n\t<meta name=\"twitter:data2\" content=\"3 minutos\" \/>\n<script type=\"application\/ld+json\" class=\"yoast-schema-graph\">{\"@context\":\"https:\/\/schema.org\",\"@graph\":[{\"@type\":\"Article\",\"@id\":\"https:\/\/esbozodeportivo.com\/index.php\/2026\/04\/28\/mora-tiene-una-cita-con-la-historia\/#article\",\"isPartOf\":{\"@id\":\"https:\/\/esbozodeportivo.com\/index.php\/2026\/04\/28\/mora-tiene-una-cita-con-la-historia\/\"},\"author\":{\"name\":\"Redacci\u00f3n\",\"@id\":\"https:\/\/esbozodeportivo.com\/#\/schema\/person\/0f6df9196dfe6740dd0bb31bae50d374\"},\"headline\":\"Mora tiene una cita con la historia\",\"datePublished\":\"2026-04-29T03:11:52+00:00\",\"dateModified\":\"2026-04-29T03:11:53+00:00\",\"mainEntityOfPage\":{\"@id\":\"https:\/\/esbozodeportivo.com\/index.php\/2026\/04\/28\/mora-tiene-una-cita-con-la-historia\/\"},\"wordCount\":652,\"publisher\":{\"@id\":\"https:\/\/esbozodeportivo.com\/#organization\"},\"image\":{\"@id\":\"https:\/\/esbozodeportivo.com\/index.php\/2026\/04\/28\/mora-tiene-una-cita-con-la-historia\/#primaryimage\"},\"thumbnailUrl\":\"https:\/\/esbozodeportivo.com\/wp-content\/uploads\/2026\/04\/f22fb1bb-9b95-4594-9dac-22948793c227.jpg\",\"articleSection\":[\"Mundial 2026\"],\"inLanguage\":\"es\"},{\"@type\":\"WebPage\",\"@id\":\"https:\/\/esbozodeportivo.com\/index.php\/2026\/04\/28\/mora-tiene-una-cita-con-la-historia\/\",\"url\":\"https:\/\/esbozodeportivo.com\/index.php\/2026\/04\/28\/mora-tiene-una-cita-con-la-historia\/\",\"name\":\"Mora tiene una cita con la historia - Esbozo Deportivo\",\"isPartOf\":{\"@id\":\"https:\/\/esbozodeportivo.com\/#website\"},\"primaryImageOfPage\":{\"@id\":\"https:\/\/esbozodeportivo.com\/index.php\/2026\/04\/28\/mora-tiene-una-cita-con-la-historia\/#primaryimage\"},\"image\":{\"@id\":\"https:\/\/esbozodeportivo.com\/index.php\/2026\/04\/28\/mora-tiene-una-cita-con-la-historia\/#primaryimage\"},\"thumbnailUrl\":\"https:\/\/esbozodeportivo.com\/wp-content\/uploads\/2026\/04\/f22fb1bb-9b95-4594-9dac-22948793c227.jpg\",\"datePublished\":\"2026-04-29T03:11:52+00:00\",\"dateModified\":\"2026-04-29T03:11:53+00:00\",\"description\":\"El juvenil mediocampista Gilberto Mora fue convocado el martes a la selecci\u00f3n de M\u00e9xico para el Mundial 2026 y, si se mantiene sano, podr\u00eda convertirse en el jugador mexicano m\u00e1s joven en participar en una Copa del Mundo.\",\"breadcrumb\":{\"@id\":\"https:\/\/esbozodeportivo.com\/index.php\/2026\/04\/28\/mora-tiene-una-cita-con-la-historia\/#breadcrumb\"},\"inLanguage\":\"es\",\"potentialAction\":[{\"@type\":\"ReadAction\",\"target\":[\"https:\/\/esbozodeportivo.com\/index.php\/2026\/04\/28\/mora-tiene-una-cita-con-la-historia\/\"]}]},{\"@type\":\"ImageObject\",\"inLanguage\":\"es\",\"@id\":\"https:\/\/esbozodeportivo.com\/index.php\/2026\/04\/28\/mora-tiene-una-cita-con-la-historia\/#primaryimage\",\"url\":\"https:\/\/esbozodeportivo.com\/wp-content\/uploads\/2026\/04\/f22fb1bb-9b95-4594-9dac-22948793c227.jpg\",\"contentUrl\":\"https:\/\/esbozodeportivo.com\/wp-content\/uploads\/2026\/04\/f22fb1bb-9b95-4594-9dac-22948793c227.jpg\",\"width\":979,\"height\":653},{\"@type\":\"BreadcrumbList\",\"@id\":\"https:\/\/esbozodeportivo.com\/index.php\/2026\/04\/28\/mora-tiene-una-cita-con-la-historia\/#breadcrumb\",\"itemListElement\":[{\"@type\":\"ListItem\",\"position\":1,\"name\":\"Inicio\",\"item\":\"https:\/\/esbozodeportivo.com\/\"},{\"@type\":\"ListItem\",\"position\":2,\"name\":\"Mora tiene una cita con la historia\"}]},{\"@type\":\"WebSite\",\"@id\":\"https:\/\/esbozodeportivo.com\/#website\",\"url\":\"https:\/\/esbozodeportivo.com\/\",\"name\":\"Esbozo Deportivo\",\"description\":\"Lo m\u00e1s importante del Deporte\",\"publisher\":{\"@id\":\"https:\/\/esbozodeportivo.com\/#organization\"},\"potentialAction\":[{\"@type\":\"SearchAction\",\"target\":{\"@type\":\"EntryPoint\",\"urlTemplate\":\"https:\/\/esbozodeportivo.com\/?s={search_term_string}\"},\"query-input\":{\"@type\":\"PropertyValueSpecification\",\"valueRequired\":true,\"valueName\":\"search_term_string\"}}],\"inLanguage\":\"es\"},{\"@type\":\"Organization\",\"@id\":\"https:\/\/esbozodeportivo.com\/#organization\",\"name\":\"Esbozo Deportivo\",\"url\":\"https:\/\/esbozodeportivo.com\/\",\"logo\":{\"@type\":\"ImageObject\",\"inLanguage\":\"es\",\"@id\":\"https:\/\/esbozodeportivo.com\/#\/schema\/logo\/image\/\",\"url\":\"https:\/\/esbozodeportivo.com\/wp-content\/uploads\/2022\/08\/cropped-Logo-Esbozo-Web-2.png\",\"contentUrl\":\"https:\/\/esbozodeportivo.com\/wp-content\/uploads\/2022\/08\/cropped-Logo-Esbozo-Web-2.png\",\"width\":180,\"height\":50,\"caption\":\"Esbozo Deportivo\"},\"image\":{\"@id\":\"https:\/\/esbozodeportivo.com\/#\/schema\/logo\/image\/\"}},{\"@type\":\"Person\",\"@id\":\"https:\/\/esbozodeportivo.com\/#\/schema\/person\/0f6df9196dfe6740dd0bb31bae50d374\",\"name\":\"Redacci\u00f3n\",\"image\":{\"@type\":\"ImageObject\",\"inLanguage\":\"es\",\"@id\":\"https:\/\/esbozodeportivo.com\/#\/schema\/person\/image\/\",\"url\":\"https:\/\/secure.gravatar.com\/avatar\/f55268a89c3b418f2ef172ff52ab0d09b3e653c58de29539fe329fb93d78ebf3?s=96&d=mm&r=g\",\"contentUrl\":\"https:\/\/secure.gravatar.com\/avatar\/f55268a89c3b418f2ef172ff52ab0d09b3e653c58de29539fe329fb93d78ebf3?s=96&d=mm&r=g\",\"caption\":\"Redacci\u00f3n\"},\"url\":\"https:\/\/esbozodeportivo.com\/index.php\/author\/redaccion\/\"}]}<\/script>\n<!-- \/ Yoast SEO plugin. -->","yoast_head_json":{"title":"Mora tiene una cita con la historia - Esbozo Deportivo","description":"El juvenil mediocampista Gilberto Mora fue convocado el martes a la selecci\u00f3n de M\u00e9xico para el Mundial 2026 y, si se mantiene sano, podr\u00eda convertirse en el jugador mexicano m\u00e1s joven en participar en una Copa del Mundo.","robots":{"index":"index","follow":"follow","max-snippet":"max-snippet:-1","max-image-preview":"max-image-preview:large","max-video-preview":"max-video-preview:-1"},"canonical":"https:\/\/esbozodeportivo.com\/index.php\/2026\/04\/28\/mora-tiene-una-cita-con-la-historia\/","og_locale":"es_MX","og_type":"article","og_title":"Mora tiene una cita con la historia - Esbozo Deportivo","og_description":"El juvenil mediocampista Gilberto Mora fue convocado el martes a la selecci\u00f3n de M\u00e9xico para el Mundial 2026 y, si se mantiene sano, podr\u00eda convertirse en el jugador mexicano m\u00e1s joven en participar en una Copa del Mundo.","og_url":"https:\/\/esbozodeportivo.com\/index.php\/2026\/04\/28\/mora-tiene-una-cita-con-la-historia\/","og_site_name":"Esbozo Deportivo","article_published_time":"2026-04-29T03:11:52+00:00","article_modified_time":"2026-04-29T03:11:53+00:00","og_image":[{"width":979,"height":653,"url":"https:\/\/esbozodeportivo.com\/wp-content\/uploads\/2026\/04\/f22fb1bb-9b95-4594-9dac-22948793c227.jpg","type":"image\/jpeg"}],"author":"Redacci\u00f3n","twitter_card":"summary_large_image","twitter_misc":{"Escrito por":"Redacci\u00f3n","Tiempo de lectura":"3 minutos"},"schema":{"@context":"https:\/\/schema.org","@graph":[{"@type":"Article","@id":"https:\/\/esbozodeportivo.com\/index.php\/2026\/04\/28\/mora-tiene-una-cita-con-la-historia\/#article","isPartOf":{"@id":"https:\/\/esbozodeportivo.com\/index.php\/2026\/04\/28\/mora-tiene-una-cita-con-la-historia\/"},"author":{"name":"Redacci\u00f3n","@id":"https:\/\/esbozodeportivo.com\/#\/schema\/person\/0f6df9196dfe6740dd0bb31bae50d374"},"headline":"Mora tiene una cita con la historia","datePublished":"2026-04-29T03:11:52+00:00","dateModified":"2026-04-29T03:11:53+00:00","mainEntityOfPage":{"@id":"https:\/\/esbozodeportivo.com\/index.php\/2026\/04\/28\/mora-tiene-una-cita-con-la-historia\/"},"wordCount":652,"publisher":{"@id":"https:\/\/esbozodeportivo.com\/#organization"},"image":{"@id":"https:\/\/esbozodeportivo.com\/index.php\/2026\/04\/28\/mora-tiene-una-cita-con-la-historia\/#primaryimage"},"thumbnailUrl":"https:\/\/esbozodeportivo.com\/wp-content\/uploads\/2026\/04\/f22fb1bb-9b95-4594-9dac-22948793c227.jpg","articleSection":["Mundial 2026"],"inLanguage":"es"},{"@type":"WebPage","@id":"https:\/\/esbozodeportivo.com\/index.php\/2026\/04\/28\/mora-tiene-una-cita-con-la-historia\/","url":"https:\/\/esbozodeportivo.com\/index.php\/2026\/04\/28\/mora-tiene-una-cita-con-la-historia\/","name":"Mora tiene una cita con la historia - Esbozo Deportivo","isPartOf":{"@id":"https:\/\/esbozodeportivo.com\/#website"},"primaryImageOfPage":{"@id":"https:\/\/esbozodeportivo.com\/index.php\/2026\/04\/28\/mora-tiene-una-cita-con-la-historia\/#primaryimage"},"image":{"@id":"https:\/\/esbozodeportivo.com\/index.php\/2026\/04\/28\/mora-tiene-una-cita-con-la-historia\/#primaryimage"},"thumbnailUrl":"https:\/\/esbozodeportivo.com\/wp-content\/uploads\/2026\/04\/f22fb1bb-9b95-4594-9dac-22948793c227.jpg","datePublished":"2026-04-29T03:11:52+00:00","dateModified":"2026-04-29T03:11:53+00:00","description":"El juvenil mediocampista Gilberto Mora fue convocado el martes a la selecci\u00f3n de M\u00e9xico para el Mundial 2026 y, si se mantiene sano, podr\u00eda convertirse en el jugador mexicano m\u00e1s joven en participar en una Copa del Mundo.","breadcrumb":{"@id":"https:\/\/esbozodeportivo.com\/index.php\/2026\/04\/28\/mora-tiene-una-cita-con-la-historia\/#breadcrumb"},"inLanguage":"es","potentialAction":[{"@type":"ReadAction","target":["https:\/\/esbozodeportivo.com\/index.php\/2026\/04\/28\/mora-tiene-una-cita-con-la-historia\/"]}]},{"@type":"ImageObject","inLanguage":"es","@id":"https:\/\/esbozodeportivo.com\/index.php\/2026\/04\/28\/mora-tiene-una-cita-con-la-historia\/#primaryimage","url":"https:\/\/esbozodeportivo.com\/wp-content\/uploads\/2026\/04\/f22fb1bb-9b95-4594-9dac-22948793c227.jpg","contentUrl":"https:\/\/esbozodeportivo.com\/wp-content\/uploads\/2026\/04\/f22fb1bb-9b95-4594-9dac-22948793c227.jpg","width":979,"height":653},{"@type":"BreadcrumbList","@id":"https:\/\/esbozodeportivo.com\/index.php\/2026\/04\/28\/mora-tiene-una-cita-con-la-historia\/#breadcrumb","itemListElement":[{"@type":"ListItem","position":1,"name":"Inicio","item":"https:\/\/esbozodeportivo.com\/"},{"@type":"ListItem","position":2,"name":"Mora tiene una cita con la historia"}]},{"@type":"WebSite","@id":"https:\/\/esbozodeportivo.com\/#website","url":"https:\/\/esbozodeportivo.com\/","name":"Esbozo Deportivo","description":"Lo m\u00e1s importante del Deporte","publisher":{"@id":"https:\/\/esbozodeportivo.com\/#organization"},"potentialAction":[{"@type":"SearchAction","target":{"@type":"EntryPoint","urlTemplate":"https:\/\/esbozodeportivo.com\/?s={search_term_string}"},"query-input":{"@type":"PropertyValueSpecification","valueRequired":true,"valueName":"search_term_string"}}],"inLanguage":"es"},{"@type":"Organization","@id":"https:\/\/esbozodeportivo.com\/#organization","name":"Esbozo Deportivo","url":"https:\/\/esbozodeportivo.com\/","logo":{"@type":"ImageObject","inLanguage":"es","@id":"https:\/\/esbozodeportivo.com\/#\/schema\/logo\/image\/","url":"https:\/\/esbozodeportivo.com\/wp-content\/uploads\/2022\/08\/cropped-Logo-Esbozo-Web-2.png","contentUrl":"https:\/\/esbozodeportivo.com\/wp-content\/uploads\/2022\/08\/cropped-Logo-Esbozo-Web-2.png","width":180,"height":50,"caption":"Esbozo Deportivo"},"image":{"@id":"https:\/\/esbozodeportivo.com\/#\/schema\/logo\/image\/"}},{"@type":"Person","@id":"https:\/\/esbozodeportivo.com\/#\/schema\/person\/0f6df9196dfe6740dd0bb31bae50d374","name":"Redacci\u00f3n","image":{"@type":"ImageObject","inLanguage":"es","@id":"https:\/\/esbozodeportivo.com\/#\/schema\/person\/image\/","url":"https:\/\/secure.gravatar.com\/avatar\/f55268a89c3b418f2ef172ff52ab0d09b3e653c58de29539fe329fb93d78ebf3?s=96&d=mm&r=g","contentUrl":"https:\/\/secure.gravatar.com\/avatar\/f55268a89c3b418f2ef172ff52ab0d09b3e653c58de29539fe329fb93d78ebf3?s=96&d=mm&r=g","caption":"Redacci\u00f3n"},"url":"https:\/\/esbozodeportivo.com\/index.php\/author\/redaccion\/"}]}},"jetpack_featured_media_url":"https:\/\/esbozodeportivo.com\/wp-content\/uploads\/2026\/04\/f22fb1bb-9b95-4594-9dac-22948793c227.jpg","jetpack_sharing_enabled":true,"_links":{"self":[{"href":"https:\/\/esbozodeportivo.com\/index.php\/wp-json\/wp\/v2\/posts\/14397","targetHints":{"allow":["GET"]}}],"collection":[{"href":"https:\/\/esbozodeportivo.com\/index.php\/wp-json\/wp\/v2\/posts"}],"about":[{"href":"https:\/\/esbozodeportivo.com\/index.php\/wp-json\/wp\/v2\/types\/post"}],"author":[{"embeddable":true,"href":"https:\/\/esbozodeportivo.com\/index.php\/wp-json\/wp\/v2\/users\/4"}],"replies":[{"embeddable":true,"href":"https:\/\/esbozodeportivo.com\/index.php\/wp-json\/wp\/v2\/comments?post=14397"}],"version-history":[{"count":1,"href":"https:\/\/esbozodeportivo.com\/index.php\/wp-json\/wp\/v2\/posts\/14397\/revisions"}],"predecessor-version":[{"id":14398,"href":"https:\/\/esbozodeportivo.com\/index.php\/wp-json\/wp\/v2\/posts\/14397\/revisions\/14398"}],"wp:featuredmedia":[{"embeddable":true,"href":"https:\/\/esbozodeportivo.com\/index.php\/wp-json\/wp\/v2\/media\/14393"}],"wp:attachment":[{"href":"https:\/\/esbozodeportivo.com\/index.php\/wp-json\/wp\/v2\/media?parent=14397"}],"wp:term":[{"taxonomy":"category","embeddable":true,"href":"https:\/\/esbozodeportivo.com\/index.php\/wp-json\/wp\/v2\/categories?post=14397"},{"taxonomy":"post_tag","embeddable":true,"href":"https:\/\/esbozodeportivo.com\/index.php\/wp-json\/wp\/v2\/tags?post=14397"}],"curies":[{"name":"wp","href":"https:\/\/api.w.org\/{rel}","templated":true}]}}