{"id":14421,"date":"2026-04-30T00:16:25","date_gmt":"2026-04-30T06:16:25","guid":{"rendered":"https:\/\/esbozodeportivo.com\/?p=14421"},"modified":"2026-04-30T00:16:26","modified_gmt":"2026-04-30T06:16:26","slug":"antorcha-lleva-la-danza-a-las-calles-cultura-como-derecho-del-pueblo-en-el-corazon-del-pais","status":"publish","type":"post","link":"https:\/\/esbozodeportivo.com\/index.php\/2026\/04\/30\/antorcha-lleva-la-danza-a-las-calles-cultura-como-derecho-del-pueblo-en-el-corazon-del-pais\/","title":{"rendered":"Antorcha lleva la danza a las calles: Cultura como derecho del pueblo en el coraz\u00f3n del pa\u00eds"},"content":{"rendered":"\n<p><strong>(Fotos: Cortes\u00eda) <\/strong><\/p>\n\n\n\n<p>La dirigente del antorchismo en la Ciudad de M\u00e9xico, Gloria Brito N\u00e1jera, afirm\u00f3 que para el Movimiento Antorchista el acceso al arte y la cultura debe ser un derecho del pueblo y no un privilegio de unos cuantos, durante la caravana cultural realizada en el marco del D\u00eda Internacional de la Danza en el centro de la capital.<\/p>\n\n\n\n<p>Destac\u00f3 que la danza es una de las expresiones m\u00e1s completas, ya que fomenta disciplina, identidad y sensibilidad social, adem\u00e1s de contribuir a la formaci\u00f3n de j\u00f3venes integrales comprometidos con su entorno.<\/p>\n\n\n\n<figure class=\"wp-block-image size-large\"><img loading=\"lazy\" decoding=\"async\" width=\"1024\" height=\"576\" src=\"https:\/\/esbozodeportivo.com\/wp-content\/uploads\/2026\/04\/9eaa0434-0303-42b0-9c7d-64775f648abf-1024x576.jpg\" alt=\"\" class=\"wp-image-14422\" srcset=\"https:\/\/esbozodeportivo.com\/wp-content\/uploads\/2026\/04\/9eaa0434-0303-42b0-9c7d-64775f648abf-1024x576.jpg 1024w, https:\/\/esbozodeportivo.com\/wp-content\/uploads\/2026\/04\/9eaa0434-0303-42b0-9c7d-64775f648abf-300x169.jpg 300w, https:\/\/esbozodeportivo.com\/wp-content\/uploads\/2026\/04\/9eaa0434-0303-42b0-9c7d-64775f648abf-768x432.jpg 768w, https:\/\/esbozodeportivo.com\/wp-content\/uploads\/2026\/04\/9eaa0434-0303-42b0-9c7d-64775f648abf-1536x864.jpg 1536w, https:\/\/esbozodeportivo.com\/wp-content\/uploads\/2026\/04\/9eaa0434-0303-42b0-9c7d-64775f648abf.jpg 1599w\" sizes=\"auto, (max-width: 1024px) 100vw, 1024px\" \/><\/figure>\n\n\n\n<p>Se\u00f1al\u00f3 que este tipo de actividades reflejan el esfuerzo del movimiento por acercar el arte a las calles y hacerlo accesible para todos, promoviendo valores como el trabajo colectivo, el amor por las ra\u00edces culturales y la conciencia social. Asimismo, reiter\u00f3 que Antorcha impulsa la cultura como una herramienta de transformaci\u00f3n social.<\/p>\n\n\n\n<p>La caravana cultural se llev\u00f3 a cabo con gran afluencia de asistentes, quienes se congregaron a lo largo del recorrido para disfrutar de las presentaciones art\u00edsticas. La presentaci\u00f3n principal se realiz\u00f3 en la explanada del Palacio de Bellas Artes, donde los grupos participantes ofrecieron un espect\u00e1culo lleno de tradici\u00f3n y color, apreciado tanto por p\u00fablico nacional como extranjero, quienes observaron con agrado cada una de las ejecuciones.<\/p>\n\n\n\n<figure class=\"wp-block-image size-large\"><img loading=\"lazy\" decoding=\"async\" width=\"1024\" height=\"576\" src=\"https:\/\/esbozodeportivo.com\/wp-content\/uploads\/2026\/04\/f5f0e540-8ced-4ead-ae7f-38c8352c410d-1024x576.jpg\" alt=\"\" class=\"wp-image-14431\" srcset=\"https:\/\/esbozodeportivo.com\/wp-content\/uploads\/2026\/04\/f5f0e540-8ced-4ead-ae7f-38c8352c410d-1024x576.jpg 1024w, https:\/\/esbozodeportivo.com\/wp-content\/uploads\/2026\/04\/f5f0e540-8ced-4ead-ae7f-38c8352c410d-300x169.jpg 300w, https:\/\/esbozodeportivo.com\/wp-content\/uploads\/2026\/04\/f5f0e540-8ced-4ead-ae7f-38c8352c410d-768x432.jpg 768w, https:\/\/esbozodeportivo.com\/wp-content\/uploads\/2026\/04\/f5f0e540-8ced-4ead-ae7f-38c8352c410d-1536x864.jpg 1536w, https:\/\/esbozodeportivo.com\/wp-content\/uploads\/2026\/04\/f5f0e540-8ced-4ead-ae7f-38c8352c410d.jpg 1599w\" sizes=\"auto, (max-width: 1024px) 100vw, 1024px\" \/><\/figure>\n\n\n\n<p>Entre los participantes destacaron los grupos de danza de la preparatoria L\u00e1zaro C\u00e1rdenas, planteles&nbsp; Gustavo A. Madero y 6 de Junio, que interpretaron bailes tradicionales de Nuevo Le\u00f3n, llenando el ambiente de m\u00fasica y alegr\u00eda.<\/p>\n\n\n\n<p>Tambi\u00e9n particip\u00f3 el grupo de danza de la preparatoria L\u00e1zaro C\u00e1rdenas, plantel Cuautitl\u00e1n Izcalli, que present\u00f3 la &#8220;Danza de Huicholes&#8221;, mostrando la riqueza cultural de los pueblos originarios de M\u00e9xico, qui\u00e9n adem\u00e1s fue ganador del primer lugar en la XXII Espartaqueada Nacional Cultural.<\/p>\n\n\n\n<figure class=\"wp-block-image size-large\"><img loading=\"lazy\" decoding=\"async\" width=\"1024\" height=\"576\" src=\"https:\/\/esbozodeportivo.com\/wp-content\/uploads\/2026\/04\/1095736b-0569-42f1-b55d-216ffc0ff45b-1024x576.jpg\" alt=\"\" class=\"wp-image-14426\" srcset=\"https:\/\/esbozodeportivo.com\/wp-content\/uploads\/2026\/04\/1095736b-0569-42f1-b55d-216ffc0ff45b-1024x576.jpg 1024w, https:\/\/esbozodeportivo.com\/wp-content\/uploads\/2026\/04\/1095736b-0569-42f1-b55d-216ffc0ff45b-300x169.jpg 300w, https:\/\/esbozodeportivo.com\/wp-content\/uploads\/2026\/04\/1095736b-0569-42f1-b55d-216ffc0ff45b-768x432.jpg 768w, https:\/\/esbozodeportivo.com\/wp-content\/uploads\/2026\/04\/1095736b-0569-42f1-b55d-216ffc0ff45b-1536x864.jpg 1536w, https:\/\/esbozodeportivo.com\/wp-content\/uploads\/2026\/04\/1095736b-0569-42f1-b55d-216ffc0ff45b.jpg 1599w\" sizes=\"auto, (max-width: 1024px) 100vw, 1024px\" \/><\/figure>\n\n\n\n<p>El evento concluy\u00f3 con una nutrida participaci\u00f3n del p\u00fablico, que reconoci\u00f3 el esfuerzo de los j\u00f3venes artistas y disfrut\u00f3 de una jornada cultural que llev\u00f3 la danza a las calles del coraz\u00f3n de la ciudad.<\/p>\n\n\n\n<p>Asimismo, los artistas se dijeron muy agradecidos por el reconocimiento y el c\u00e1lido recibimiento que el p\u00fablico les brind\u00f3 durante su presentaci\u00f3n.<\/p>\n\n\n\n<figure class=\"wp-block-image size-large\"><img loading=\"lazy\" decoding=\"async\" width=\"1024\" height=\"576\" src=\"https:\/\/esbozodeportivo.com\/wp-content\/uploads\/2026\/04\/148a7ded-e9e8-4b9b-90cf-7c38e6355085-1024x576.jpg\" alt=\"\" class=\"wp-image-14425\" srcset=\"https:\/\/esbozodeportivo.com\/wp-content\/uploads\/2026\/04\/148a7ded-e9e8-4b9b-90cf-7c38e6355085-1024x576.jpg 1024w, https:\/\/esbozodeportivo.com\/wp-content\/uploads\/2026\/04\/148a7ded-e9e8-4b9b-90cf-7c38e6355085-300x169.jpg 300w, https:\/\/esbozodeportivo.com\/wp-content\/uploads\/2026\/04\/148a7ded-e9e8-4b9b-90cf-7c38e6355085-768x432.jpg 768w, https:\/\/esbozodeportivo.com\/wp-content\/uploads\/2026\/04\/148a7ded-e9e8-4b9b-90cf-7c38e6355085-1536x864.jpg 1536w, https:\/\/esbozodeportivo.com\/wp-content\/uploads\/2026\/04\/148a7ded-e9e8-4b9b-90cf-7c38e6355085.jpg 1599w\" sizes=\"auto, (max-width: 1024px) 100vw, 1024px\" \/><\/figure>\n\n\n\n<figure class=\"wp-block-image size-large\"><img loading=\"lazy\" decoding=\"async\" width=\"1024\" height=\"576\" src=\"https:\/\/esbozodeportivo.com\/wp-content\/uploads\/2026\/04\/35df99f9-0996-4180-82d1-925b7ee3d383-1024x576.jpg\" alt=\"\" class=\"wp-image-14423\" srcset=\"https:\/\/esbozodeportivo.com\/wp-content\/uploads\/2026\/04\/35df99f9-0996-4180-82d1-925b7ee3d383-1024x576.jpg 1024w, https:\/\/esbozodeportivo.com\/wp-content\/uploads\/2026\/04\/35df99f9-0996-4180-82d1-925b7ee3d383-300x169.jpg 300w, https:\/\/esbozodeportivo.com\/wp-content\/uploads\/2026\/04\/35df99f9-0996-4180-82d1-925b7ee3d383-768x432.jpg 768w, https:\/\/esbozodeportivo.com\/wp-content\/uploads\/2026\/04\/35df99f9-0996-4180-82d1-925b7ee3d383-1536x864.jpg 1536w, https:\/\/esbozodeportivo.com\/wp-content\/uploads\/2026\/04\/35df99f9-0996-4180-82d1-925b7ee3d383.jpg 1599w\" sizes=\"auto, (max-width: 1024px) 100vw, 1024px\" \/><\/figure>\n","protected":false},"excerpt":{"rendered":"<p>(Fotos: Cortes\u00eda) La dirigente del antorchismo en la Ciudad de M\u00e9xico, Gloria Brito N\u00e1jera, afirm\u00f3<\/p>\n","protected":false},"author":4,"featured_media":14424,"comment_status":"closed","ping_status":"open","sticky":false,"template":"","format":"standard","meta":{"_jetpack_memberships_contains_paid_content":false,"footnotes":""},"categories":[49],"tags":[],"class_list":["post-14421","post","type-post","status-publish","format-standard","has-post-thumbnail","hentry","category-cultura"],"yoast_head":"<!-- This site is optimized with the Yoast SEO plugin v25.7 - https:\/\/yoast.com\/wordpress\/plugins\/seo\/ -->\n<title>Antorcha lleva la danza a las calles: Cultura como derecho del pueblo en el coraz\u00f3n del pa\u00eds - Esbozo Deportivo<\/title>\n<meta name=\"description\" content=\"La dirigente del antorchismo en la Ciudad de M\u00e9xico, Gloria Brito N\u00e1jera, afirm\u00f3 que para el Movimiento Antorchista el acceso al arte y la cultura debe ser un derecho del pueblo y no un privilegio de unos cuantos, durante la caravana cultural realizada en el marco del D\u00eda Internacional de la Danza en el centro de la capital.\" \/>\n<meta name=\"robots\" content=\"index, follow, max-snippet:-1, max-image-preview:large, max-video-preview:-1\" \/>\n<link rel=\"canonical\" href=\"https:\/\/esbozodeportivo.com\/index.php\/2026\/04\/30\/antorcha-lleva-la-danza-a-las-calles-cultura-como-derecho-del-pueblo-en-el-corazon-del-pais\/\" \/>\n<meta property=\"og:locale\" content=\"es_MX\" \/>\n<meta property=\"og:type\" content=\"article\" \/>\n<meta property=\"og:title\" content=\"Antorcha lleva la danza a las calles: Cultura como derecho del pueblo en el coraz\u00f3n del pa\u00eds - Esbozo Deportivo\" \/>\n<meta property=\"og:description\" content=\"La dirigente del antorchismo en la Ciudad de M\u00e9xico, Gloria Brito N\u00e1jera, afirm\u00f3 que para el Movimiento Antorchista el acceso al arte y la cultura debe ser un derecho del pueblo y no un privilegio de unos cuantos, durante la caravana cultural realizada en el marco del D\u00eda Internacional de la Danza en el centro de la capital.\" \/>\n<meta property=\"og:url\" content=\"https:\/\/esbozodeportivo.com\/index.php\/2026\/04\/30\/antorcha-lleva-la-danza-a-las-calles-cultura-como-derecho-del-pueblo-en-el-corazon-del-pais\/\" \/>\n<meta property=\"og:site_name\" content=\"Esbozo Deportivo\" \/>\n<meta property=\"article:published_time\" content=\"2026-04-30T06:16:25+00:00\" \/>\n<meta property=\"article:modified_time\" content=\"2026-04-30T06:16:26+00:00\" \/>\n<meta property=\"og:image\" content=\"https:\/\/esbozodeportivo.com\/wp-content\/uploads\/2026\/04\/077cc4e4-7710-472e-8be8-6ba468c8f04a.jpg\" \/>\n\t<meta property=\"og:image:width\" content=\"1599\" \/>\n\t<meta property=\"og:image:height\" content=\"899\" \/>\n\t<meta property=\"og:image:type\" content=\"image\/jpeg\" \/>\n<meta name=\"author\" content=\"Redacci\u00f3n\" \/>\n<meta name=\"twitter:card\" content=\"summary_large_image\" \/>\n<meta name=\"twitter:label1\" content=\"Escrito por\" \/>\n\t<meta name=\"twitter:data1\" content=\"Redacci\u00f3n\" \/>\n\t<meta name=\"twitter:label2\" content=\"Tiempo de lectura\" \/>\n\t<meta name=\"twitter:data2\" content=\"3 minutos\" \/>\n<script type=\"application\/ld+json\" class=\"yoast-schema-graph\">{\"@context\":\"https:\/\/schema.org\",\"@graph\":[{\"@type\":\"Article\",\"@id\":\"https:\/\/esbozodeportivo.com\/index.php\/2026\/04\/30\/antorcha-lleva-la-danza-a-las-calles-cultura-como-derecho-del-pueblo-en-el-corazon-del-pais\/#article\",\"isPartOf\":{\"@id\":\"https:\/\/esbozodeportivo.com\/index.php\/2026\/04\/30\/antorcha-lleva-la-danza-a-las-calles-cultura-como-derecho-del-pueblo-en-el-corazon-del-pais\/\"},\"author\":{\"name\":\"Redacci\u00f3n\",\"@id\":\"https:\/\/esbozodeportivo.com\/#\/schema\/person\/0f6df9196dfe6740dd0bb31bae50d374\"},\"headline\":\"Antorcha lleva la danza a las calles: Cultura como derecho del pueblo en el coraz\u00f3n del pa\u00eds\",\"datePublished\":\"2026-04-30T06:16:25+00:00\",\"dateModified\":\"2026-04-30T06:16:26+00:00\",\"mainEntityOfPage\":{\"@id\":\"https:\/\/esbozodeportivo.com\/index.php\/2026\/04\/30\/antorcha-lleva-la-danza-a-las-calles-cultura-como-derecho-del-pueblo-en-el-corazon-del-pais\/\"},\"wordCount\":400,\"publisher\":{\"@id\":\"https:\/\/esbozodeportivo.com\/#organization\"},\"image\":{\"@id\":\"https:\/\/esbozodeportivo.com\/index.php\/2026\/04\/30\/antorcha-lleva-la-danza-a-las-calles-cultura-como-derecho-del-pueblo-en-el-corazon-del-pais\/#primaryimage\"},\"thumbnailUrl\":\"https:\/\/esbozodeportivo.com\/wp-content\/uploads\/2026\/04\/077cc4e4-7710-472e-8be8-6ba468c8f04a.jpg\",\"articleSection\":[\"Cultura\"],\"inLanguage\":\"es\"},{\"@type\":\"WebPage\",\"@id\":\"https:\/\/esbozodeportivo.com\/index.php\/2026\/04\/30\/antorcha-lleva-la-danza-a-las-calles-cultura-como-derecho-del-pueblo-en-el-corazon-del-pais\/\",\"url\":\"https:\/\/esbozodeportivo.com\/index.php\/2026\/04\/30\/antorcha-lleva-la-danza-a-las-calles-cultura-como-derecho-del-pueblo-en-el-corazon-del-pais\/\",\"name\":\"Antorcha lleva la danza a las calles: Cultura como derecho del pueblo en el coraz\u00f3n del pa\u00eds - Esbozo Deportivo\",\"isPartOf\":{\"@id\":\"https:\/\/esbozodeportivo.com\/#website\"},\"primaryImageOfPage\":{\"@id\":\"https:\/\/esbozodeportivo.com\/index.php\/2026\/04\/30\/antorcha-lleva-la-danza-a-las-calles-cultura-como-derecho-del-pueblo-en-el-corazon-del-pais\/#primaryimage\"},\"image\":{\"@id\":\"https:\/\/esbozodeportivo.com\/index.php\/2026\/04\/30\/antorcha-lleva-la-danza-a-las-calles-cultura-como-derecho-del-pueblo-en-el-corazon-del-pais\/#primaryimage\"},\"thumbnailUrl\":\"https:\/\/esbozodeportivo.com\/wp-content\/uploads\/2026\/04\/077cc4e4-7710-472e-8be8-6ba468c8f04a.jpg\",\"datePublished\":\"2026-04-30T06:16:25+00:00\",\"dateModified\":\"2026-04-30T06:16:26+00:00\",\"description\":\"La dirigente del antorchismo en la Ciudad de M\u00e9xico, Gloria Brito N\u00e1jera, afirm\u00f3 que para el Movimiento Antorchista el acceso al arte y la cultura debe ser un derecho del pueblo y no un privilegio de unos cuantos, durante la caravana cultural realizada en el marco del D\u00eda Internacional de la Danza en el centro de la capital.\",\"breadcrumb\":{\"@id\":\"https:\/\/esbozodeportivo.com\/index.php\/2026\/04\/30\/antorcha-lleva-la-danza-a-las-calles-cultura-como-derecho-del-pueblo-en-el-corazon-del-pais\/#breadcrumb\"},\"inLanguage\":\"es\",\"potentialAction\":[{\"@type\":\"ReadAction\",\"target\":[\"https:\/\/esbozodeportivo.com\/index.php\/2026\/04\/30\/antorcha-lleva-la-danza-a-las-calles-cultura-como-derecho-del-pueblo-en-el-corazon-del-pais\/\"]}]},{\"@type\":\"ImageObject\",\"inLanguage\":\"es\",\"@id\":\"https:\/\/esbozodeportivo.com\/index.php\/2026\/04\/30\/antorcha-lleva-la-danza-a-las-calles-cultura-como-derecho-del-pueblo-en-el-corazon-del-pais\/#primaryimage\",\"url\":\"https:\/\/esbozodeportivo.com\/wp-content\/uploads\/2026\/04\/077cc4e4-7710-472e-8be8-6ba468c8f04a.jpg\",\"contentUrl\":\"https:\/\/esbozodeportivo.com\/wp-content\/uploads\/2026\/04\/077cc4e4-7710-472e-8be8-6ba468c8f04a.jpg\",\"width\":1599,\"height\":899},{\"@type\":\"BreadcrumbList\",\"@id\":\"https:\/\/esbozodeportivo.com\/index.php\/2026\/04\/30\/antorcha-lleva-la-danza-a-las-calles-cultura-como-derecho-del-pueblo-en-el-corazon-del-pais\/#breadcrumb\",\"itemListElement\":[{\"@type\":\"ListItem\",\"position\":1,\"name\":\"Inicio\",\"item\":\"https:\/\/esbozodeportivo.com\/\"},{\"@type\":\"ListItem\",\"position\":2,\"name\":\"Antorcha lleva la danza a las calles: Cultura como derecho del pueblo en el coraz\u00f3n del pa\u00eds\"}]},{\"@type\":\"WebSite\",\"@id\":\"https:\/\/esbozodeportivo.com\/#website\",\"url\":\"https:\/\/esbozodeportivo.com\/\",\"name\":\"Esbozo Deportivo\",\"description\":\"Lo m\u00e1s importante del Deporte\",\"publisher\":{\"@id\":\"https:\/\/esbozodeportivo.com\/#organization\"},\"potentialAction\":[{\"@type\":\"SearchAction\",\"target\":{\"@type\":\"EntryPoint\",\"urlTemplate\":\"https:\/\/esbozodeportivo.com\/?s={search_term_string}\"},\"query-input\":{\"@type\":\"PropertyValueSpecification\",\"valueRequired\":true,\"valueName\":\"search_term_string\"}}],\"inLanguage\":\"es\"},{\"@type\":\"Organization\",\"@id\":\"https:\/\/esbozodeportivo.com\/#organization\",\"name\":\"Esbozo Deportivo\",\"url\":\"https:\/\/esbozodeportivo.com\/\",\"logo\":{\"@type\":\"ImageObject\",\"inLanguage\":\"es\",\"@id\":\"https:\/\/esbozodeportivo.com\/#\/schema\/logo\/image\/\",\"url\":\"https:\/\/esbozodeportivo.com\/wp-content\/uploads\/2022\/08\/cropped-Logo-Esbozo-Web-2.png\",\"contentUrl\":\"https:\/\/esbozodeportivo.com\/wp-content\/uploads\/2022\/08\/cropped-Logo-Esbozo-Web-2.png\",\"width\":180,\"height\":50,\"caption\":\"Esbozo Deportivo\"},\"image\":{\"@id\":\"https:\/\/esbozodeportivo.com\/#\/schema\/logo\/image\/\"}},{\"@type\":\"Person\",\"@id\":\"https:\/\/esbozodeportivo.com\/#\/schema\/person\/0f6df9196dfe6740dd0bb31bae50d374\",\"name\":\"Redacci\u00f3n\",\"image\":{\"@type\":\"ImageObject\",\"inLanguage\":\"es\",\"@id\":\"https:\/\/esbozodeportivo.com\/#\/schema\/person\/image\/\",\"url\":\"https:\/\/secure.gravatar.com\/avatar\/f55268a89c3b418f2ef172ff52ab0d09b3e653c58de29539fe329fb93d78ebf3?s=96&d=mm&r=g\",\"contentUrl\":\"https:\/\/secure.gravatar.com\/avatar\/f55268a89c3b418f2ef172ff52ab0d09b3e653c58de29539fe329fb93d78ebf3?s=96&d=mm&r=g\",\"caption\":\"Redacci\u00f3n\"},\"url\":\"https:\/\/esbozodeportivo.com\/index.php\/author\/redaccion\/\"}]}<\/script>\n<!-- \/ Yoast SEO plugin. -->","yoast_head_json":{"title":"Antorcha lleva la danza a las calles: Cultura como derecho del pueblo en el coraz\u00f3n del pa\u00eds - Esbozo Deportivo","description":"La dirigente del antorchismo en la Ciudad de M\u00e9xico, Gloria Brito N\u00e1jera, afirm\u00f3 que para el Movimiento Antorchista el acceso al arte y la cultura debe ser un derecho del pueblo y no un privilegio de unos cuantos, durante la caravana cultural realizada en el marco del D\u00eda Internacional de la Danza en el centro de la capital.","robots":{"index":"index","follow":"follow","max-snippet":"max-snippet:-1","max-image-preview":"max-image-preview:large","max-video-preview":"max-video-preview:-1"},"canonical":"https:\/\/esbozodeportivo.com\/index.php\/2026\/04\/30\/antorcha-lleva-la-danza-a-las-calles-cultura-como-derecho-del-pueblo-en-el-corazon-del-pais\/","og_locale":"es_MX","og_type":"article","og_title":"Antorcha lleva la danza a las calles: Cultura como derecho del pueblo en el coraz\u00f3n del pa\u00eds - Esbozo Deportivo","og_description":"La dirigente del antorchismo en la Ciudad de M\u00e9xico, Gloria Brito N\u00e1jera, afirm\u00f3 que para el Movimiento Antorchista el acceso al arte y la cultura debe ser un derecho del pueblo y no un privilegio de unos cuantos, durante la caravana cultural realizada en el marco del D\u00eda Internacional de la Danza en el centro de la capital.","og_url":"https:\/\/esbozodeportivo.com\/index.php\/2026\/04\/30\/antorcha-lleva-la-danza-a-las-calles-cultura-como-derecho-del-pueblo-en-el-corazon-del-pais\/","og_site_name":"Esbozo Deportivo","article_published_time":"2026-04-30T06:16:25+00:00","article_modified_time":"2026-04-30T06:16:26+00:00","og_image":[{"width":1599,"height":899,"url":"https:\/\/esbozodeportivo.com\/wp-content\/uploads\/2026\/04\/077cc4e4-7710-472e-8be8-6ba468c8f04a.jpg","type":"image\/jpeg"}],"author":"Redacci\u00f3n","twitter_card":"summary_large_image","twitter_misc":{"Escrito por":"Redacci\u00f3n","Tiempo de lectura":"3 minutos"},"schema":{"@context":"https:\/\/schema.org","@graph":[{"@type":"Article","@id":"https:\/\/esbozodeportivo.com\/index.php\/2026\/04\/30\/antorcha-lleva-la-danza-a-las-calles-cultura-como-derecho-del-pueblo-en-el-corazon-del-pais\/#article","isPartOf":{"@id":"https:\/\/esbozodeportivo.com\/index.php\/2026\/04\/30\/antorcha-lleva-la-danza-a-las-calles-cultura-como-derecho-del-pueblo-en-el-corazon-del-pais\/"},"author":{"name":"Redacci\u00f3n","@id":"https:\/\/esbozodeportivo.com\/#\/schema\/person\/0f6df9196dfe6740dd0bb31bae50d374"},"headline":"Antorcha lleva la danza a las calles: Cultura como derecho del pueblo en el coraz\u00f3n del pa\u00eds","datePublished":"2026-04-30T06:16:25+00:00","dateModified":"2026-04-30T06:16:26+00:00","mainEntityOfPage":{"@id":"https:\/\/esbozodeportivo.com\/index.php\/2026\/04\/30\/antorcha-lleva-la-danza-a-las-calles-cultura-como-derecho-del-pueblo-en-el-corazon-del-pais\/"},"wordCount":400,"publisher":{"@id":"https:\/\/esbozodeportivo.com\/#organization"},"image":{"@id":"https:\/\/esbozodeportivo.com\/index.php\/2026\/04\/30\/antorcha-lleva-la-danza-a-las-calles-cultura-como-derecho-del-pueblo-en-el-corazon-del-pais\/#primaryimage"},"thumbnailUrl":"https:\/\/esbozodeportivo.com\/wp-content\/uploads\/2026\/04\/077cc4e4-7710-472e-8be8-6ba468c8f04a.jpg","articleSection":["Cultura"],"inLanguage":"es"},{"@type":"WebPage","@id":"https:\/\/esbozodeportivo.com\/index.php\/2026\/04\/30\/antorcha-lleva-la-danza-a-las-calles-cultura-como-derecho-del-pueblo-en-el-corazon-del-pais\/","url":"https:\/\/esbozodeportivo.com\/index.php\/2026\/04\/30\/antorcha-lleva-la-danza-a-las-calles-cultura-como-derecho-del-pueblo-en-el-corazon-del-pais\/","name":"Antorcha lleva la danza a las calles: Cultura como derecho del pueblo en el coraz\u00f3n del pa\u00eds - Esbozo Deportivo","isPartOf":{"@id":"https:\/\/esbozodeportivo.com\/#website"},"primaryImageOfPage":{"@id":"https:\/\/esbozodeportivo.com\/index.php\/2026\/04\/30\/antorcha-lleva-la-danza-a-las-calles-cultura-como-derecho-del-pueblo-en-el-corazon-del-pais\/#primaryimage"},"image":{"@id":"https:\/\/esbozodeportivo.com\/index.php\/2026\/04\/30\/antorcha-lleva-la-danza-a-las-calles-cultura-como-derecho-del-pueblo-en-el-corazon-del-pais\/#primaryimage"},"thumbnailUrl":"https:\/\/esbozodeportivo.com\/wp-content\/uploads\/2026\/04\/077cc4e4-7710-472e-8be8-6ba468c8f04a.jpg","datePublished":"2026-04-30T06:16:25+00:00","dateModified":"2026-04-30T06:16:26+00:00","description":"La dirigente del antorchismo en la Ciudad de M\u00e9xico, Gloria Brito N\u00e1jera, afirm\u00f3 que para el Movimiento Antorchista el acceso al arte y la cultura debe ser un derecho del pueblo y no un privilegio de unos cuantos, durante la caravana cultural realizada en el marco del D\u00eda Internacional de la Danza en el centro de la capital.","breadcrumb":{"@id":"https:\/\/esbozodeportivo.com\/index.php\/2026\/04\/30\/antorcha-lleva-la-danza-a-las-calles-cultura-como-derecho-del-pueblo-en-el-corazon-del-pais\/#breadcrumb"},"inLanguage":"es","potentialAction":[{"@type":"ReadAction","target":["https:\/\/esbozodeportivo.com\/index.php\/2026\/04\/30\/antorcha-lleva-la-danza-a-las-calles-cultura-como-derecho-del-pueblo-en-el-corazon-del-pais\/"]}]},{"@type":"ImageObject","inLanguage":"es","@id":"https:\/\/esbozodeportivo.com\/index.php\/2026\/04\/30\/antorcha-lleva-la-danza-a-las-calles-cultura-como-derecho-del-pueblo-en-el-corazon-del-pais\/#primaryimage","url":"https:\/\/esbozodeportivo.com\/wp-content\/uploads\/2026\/04\/077cc4e4-7710-472e-8be8-6ba468c8f04a.jpg","contentUrl":"https:\/\/esbozodeportivo.com\/wp-content\/uploads\/2026\/04\/077cc4e4-7710-472e-8be8-6ba468c8f04a.jpg","width":1599,"height":899},{"@type":"BreadcrumbList","@id":"https:\/\/esbozodeportivo.com\/index.php\/2026\/04\/30\/antorcha-lleva-la-danza-a-las-calles-cultura-como-derecho-del-pueblo-en-el-corazon-del-pais\/#breadcrumb","itemListElement":[{"@type":"ListItem","position":1,"name":"Inicio","item":"https:\/\/esbozodeportivo.com\/"},{"@type":"ListItem","position":2,"name":"Antorcha lleva la danza a las calles: Cultura como derecho del pueblo en el coraz\u00f3n del pa\u00eds"}]},{"@type":"WebSite","@id":"https:\/\/esbozodeportivo.com\/#website","url":"https:\/\/esbozodeportivo.com\/","name":"Esbozo Deportivo","description":"Lo m\u00e1s importante del Deporte","publisher":{"@id":"https:\/\/esbozodeportivo.com\/#organization"},"potentialAction":[{"@type":"SearchAction","target":{"@type":"EntryPoint","urlTemplate":"https:\/\/esbozodeportivo.com\/?s={search_term_string}"},"query-input":{"@type":"PropertyValueSpecification","valueRequired":true,"valueName":"search_term_string"}}],"inLanguage":"es"},{"@type":"Organization","@id":"https:\/\/esbozodeportivo.com\/#organization","name":"Esbozo Deportivo","url":"https:\/\/esbozodeportivo.com\/","logo":{"@type":"ImageObject","inLanguage":"es","@id":"https:\/\/esbozodeportivo.com\/#\/schema\/logo\/image\/","url":"https:\/\/esbozodeportivo.com\/wp-content\/uploads\/2022\/08\/cropped-Logo-Esbozo-Web-2.png","contentUrl":"https:\/\/esbozodeportivo.com\/wp-content\/uploads\/2022\/08\/cropped-Logo-Esbozo-Web-2.png","width":180,"height":50,"caption":"Esbozo Deportivo"},"image":{"@id":"https:\/\/esbozodeportivo.com\/#\/schema\/logo\/image\/"}},{"@type":"Person","@id":"https:\/\/esbozodeportivo.com\/#\/schema\/person\/0f6df9196dfe6740dd0bb31bae50d374","name":"Redacci\u00f3n","image":{"@type":"ImageObject","inLanguage":"es","@id":"https:\/\/esbozodeportivo.com\/#\/schema\/person\/image\/","url":"https:\/\/secure.gravatar.com\/avatar\/f55268a89c3b418f2ef172ff52ab0d09b3e653c58de29539fe329fb93d78ebf3?s=96&d=mm&r=g","contentUrl":"https:\/\/secure.gravatar.com\/avatar\/f55268a89c3b418f2ef172ff52ab0d09b3e653c58de29539fe329fb93d78ebf3?s=96&d=mm&r=g","caption":"Redacci\u00f3n"},"url":"https:\/\/esbozodeportivo.com\/index.php\/author\/redaccion\/"}]}},"jetpack_featured_media_url":"https:\/\/esbozodeportivo.com\/wp-content\/uploads\/2026\/04\/077cc4e4-7710-472e-8be8-6ba468c8f04a.jpg","jetpack_sharing_enabled":true,"_links":{"self":[{"href":"https:\/\/esbozodeportivo.com\/index.php\/wp-json\/wp\/v2\/posts\/14421","targetHints":{"allow":["GET"]}}],"collection":[{"href":"https:\/\/esbozodeportivo.com\/index.php\/wp-json\/wp\/v2\/posts"}],"about":[{"href":"https:\/\/esbozodeportivo.com\/index.php\/wp-json\/wp\/v2\/types\/post"}],"author":[{"embeddable":true,"href":"https:\/\/esbozodeportivo.com\/index.php\/wp-json\/wp\/v2\/users\/4"}],"replies":[{"embeddable":true,"href":"https:\/\/esbozodeportivo.com\/index.php\/wp-json\/wp\/v2\/comments?post=14421"}],"version-history":[{"count":1,"href":"https:\/\/esbozodeportivo.com\/index.php\/wp-json\/wp\/v2\/posts\/14421\/revisions"}],"predecessor-version":[{"id":14432,"href":"https:\/\/esbozodeportivo.com\/index.php\/wp-json\/wp\/v2\/posts\/14421\/revisions\/14432"}],"wp:featuredmedia":[{"embeddable":true,"href":"https:\/\/esbozodeportivo.com\/index.php\/wp-json\/wp\/v2\/media\/14424"}],"wp:attachment":[{"href":"https:\/\/esbozodeportivo.com\/index.php\/wp-json\/wp\/v2\/media?parent=14421"}],"wp:term":[{"taxonomy":"category","embeddable":true,"href":"https:\/\/esbozodeportivo.com\/index.php\/wp-json\/wp\/v2\/categories?post=14421"},{"taxonomy":"post_tag","embeddable":true,"href":"https:\/\/esbozodeportivo.com\/index.php\/wp-json\/wp\/v2\/tags?post=14421"}],"curies":[{"name":"wp","href":"https:\/\/api.w.org\/{rel}","templated":true}]}}