{"id":14433,"date":"2026-04-30T00:18:45","date_gmt":"2026-04-30T06:18:45","guid":{"rendered":"https:\/\/esbozodeportivo.com\/?p=14433"},"modified":"2026-04-30T00:18:46","modified_gmt":"2026-04-30T06:18:46","slug":"anuncian-conmemoracion-del-45-aniversario-de-la-casa-del-estudiante-y-27-anos-de-la-fnerrr-en-puebla","status":"publish","type":"post","link":"https:\/\/esbozodeportivo.com\/index.php\/2026\/04\/30\/anuncian-conmemoracion-del-45-aniversario-de-la-casa-del-estudiante-y-27-anos-de-la-fnerrr-en-puebla\/","title":{"rendered":"Anuncian conmemoraci\u00f3n del 45 aniversario de la Casa del Estudiante y 27 a\u00f1os de la FNERRR en Puebla"},"content":{"rendered":"\n<p><strong>(Fotos: esbozodeportivo)<\/strong><\/p>\n\n\n\n<p><strong>Por Irma de la Cruz<\/strong><\/p>\n\n\n\n<p>En conferencia de prensa, la l\u00edder nacional de la Federaci\u00f3n Nacional de Estudiantes Revolucionarios \u201cRafael Ram\u00edrez\u201d (FNERRR), Isolda Mor\u00e1n Reyes, anunci\u00f3 la realizaci\u00f3n de un evento pol\u00edtico-cultural el pr\u00f3ximo 2 de mayo en el Centro Cultural Universitario de Puebla, en el marco de la conmemoraci\u00f3n del 45 aniversario de la Casa del Estudiante en el estado y el 27 aniversario de la organizaci\u00f3n estudiantil.<\/p>\n\n\n\n<p>Durante su intervenci\u00f3n, Mor\u00e1n Reyes destac\u00f3 la importancia hist\u00f3rica de la Casa del Estudiante como un espacio que ha brindado oportunidades de vivienda, formaci\u00f3n acad\u00e9mica y organizaci\u00f3n a j\u00f3venes de escasos recursos provenientes de distintas regiones del pa\u00eds. Se\u00f1al\u00f3 que, a lo largo de m\u00e1s de cuatro d\u00e9cadas, este proyecto ha contribuido a que cientos de estudiantes puedan continuar sus estudios profesionales.<\/p>\n\n\n\n<figure class=\"wp-block-image size-large\"><img loading=\"lazy\" decoding=\"async\" width=\"1024\" height=\"533\" src=\"https:\/\/esbozodeportivo.com\/wp-content\/uploads\/2026\/04\/DSC05093-1024x533.jpg\" alt=\"\" class=\"wp-image-14427\" srcset=\"https:\/\/esbozodeportivo.com\/wp-content\/uploads\/2026\/04\/DSC05093-1024x533.jpg 1024w, https:\/\/esbozodeportivo.com\/wp-content\/uploads\/2026\/04\/DSC05093-300x156.jpg 300w, https:\/\/esbozodeportivo.com\/wp-content\/uploads\/2026\/04\/DSC05093-768x400.jpg 768w, https:\/\/esbozodeportivo.com\/wp-content\/uploads\/2026\/04\/DSC05093-1536x800.jpg 1536w, https:\/\/esbozodeportivo.com\/wp-content\/uploads\/2026\/04\/DSC05093-2048x1067.jpg 2048w\" sizes=\"auto, (max-width: 1024px) 100vw, 1024px\" \/><\/figure>\n\n\n\n<p>Asimismo, resalt\u00f3 el papel de la FNERRR como una organizaci\u00f3n que ha impulsado la defensa del derecho a la educaci\u00f3n p\u00fablica, gratuita y de calidad, adem\u00e1s de fomentar la participaci\u00f3n pol\u00edtica de los j\u00f3venes en la transformaci\u00f3n social del pa\u00eds.<\/p>\n\n\n\n<p>\u201cEl aniversario no solo es una celebraci\u00f3n, sino tambi\u00e9n un momento para reflexionar sobre los retos que enfrentan los estudiantes en M\u00e9xico, como la falta de espacios educativos, apoyos econ\u00f3micos y condiciones dignas para su desarrollo acad\u00e9mico\u201d, expres\u00f3.<\/p>\n\n\n\n<figure class=\"wp-block-image size-large\"><img loading=\"lazy\" decoding=\"async\" width=\"1024\" height=\"682\" src=\"https:\/\/esbozodeportivo.com\/wp-content\/uploads\/2026\/04\/DSC05118-1024x682.jpg\" alt=\"\" class=\"wp-image-14429\" srcset=\"https:\/\/esbozodeportivo.com\/wp-content\/uploads\/2026\/04\/DSC05118-1024x682.jpg 1024w, https:\/\/esbozodeportivo.com\/wp-content\/uploads\/2026\/04\/DSC05118-300x200.jpg 300w, https:\/\/esbozodeportivo.com\/wp-content\/uploads\/2026\/04\/DSC05118-768x511.jpg 768w, https:\/\/esbozodeportivo.com\/wp-content\/uploads\/2026\/04\/DSC05118-1536x1022.jpg 1536w, https:\/\/esbozodeportivo.com\/wp-content\/uploads\/2026\/04\/DSC05118-2048x1363.jpg 2048w\" sizes=\"auto, (max-width: 1024px) 100vw, 1024px\" \/><\/figure>\n\n\n\n<p>El evento programado para el 2 de mayo reunir\u00e1 a estudiantes, egresados y representantes de diversas instituciones educativas, e incluir\u00e1 actividades culturales, mensajes pol\u00edticos y la participaci\u00f3n de invitados especiales. Se espera que tambi\u00e9n se aborden temas relacionados con la situaci\u00f3n actual del sector educativo y las demandas del movimiento estudiantil.<\/p>\n\n\n\n<p>Finalmente, los organizadores hicieron una invitaci\u00f3n abierta a la comunidad universitaria y al p\u00fablico en general a asistir a esta conmemoraci\u00f3n, que busca fortalecer la unidad estudiantil y reafirmar el compromiso con la educaci\u00f3n y la justicia social.<\/p>\n\n\n\n<figure class=\"wp-block-image size-large\"><img loading=\"lazy\" decoding=\"async\" width=\"1024\" height=\"513\" src=\"https:\/\/esbozodeportivo.com\/wp-content\/uploads\/2026\/04\/DSC05139-1024x513.jpg\" alt=\"\" class=\"wp-image-14430\" srcset=\"https:\/\/esbozodeportivo.com\/wp-content\/uploads\/2026\/04\/DSC05139-1024x513.jpg 1024w, https:\/\/esbozodeportivo.com\/wp-content\/uploads\/2026\/04\/DSC05139-300x150.jpg 300w, https:\/\/esbozodeportivo.com\/wp-content\/uploads\/2026\/04\/DSC05139-768x384.jpg 768w, https:\/\/esbozodeportivo.com\/wp-content\/uploads\/2026\/04\/DSC05139-1536x769.jpg 1536w, https:\/\/esbozodeportivo.com\/wp-content\/uploads\/2026\/04\/DSC05139-2048x1025.jpg 2048w\" sizes=\"auto, (max-width: 1024px) 100vw, 1024px\" \/><\/figure>\n","protected":false},"excerpt":{"rendered":"<p>(Fotos: esbozodeportivo) Por Irma de la Cruz En conferencia de prensa, la l\u00edder nacional de<\/p>\n","protected":false},"author":4,"featured_media":14428,"comment_status":"closed","ping_status":"open","sticky":false,"template":"","format":"standard","meta":{"_jetpack_memberships_contains_paid_content":false,"footnotes":""},"categories":[36],"tags":[],"class_list":["post-14433","post","type-post","status-publish","format-standard","has-post-thumbnail","hentry","category-nacional"],"yoast_head":"<!-- This site is optimized with the Yoast SEO plugin v25.7 - https:\/\/yoast.com\/wordpress\/plugins\/seo\/ -->\n<title>Anuncian conmemoraci\u00f3n del 45 aniversario de la Casa del Estudiante y 27 a\u00f1os de la FNERRR en Puebla - Esbozo Deportivo<\/title>\n<meta name=\"description\" content=\"En conferencia de prensa, la l\u00edder nacional de la Federaci\u00f3n Nacional de Estudiantes Revolucionarios \u201cRafael Ram\u00edrez\u201d (FNERRR), Isolda Mor\u00e1n Reyes, anunci\u00f3 la realizaci\u00f3n de un evento pol\u00edtico-cultural el pr\u00f3ximo 2 de mayo en el Centro Cultural Universitario de Puebla, en el marco de la conmemoraci\u00f3n del 45 aniversario de la Casa del Estudiante en el estado y el 27 aniversario de la organizaci\u00f3n estudiantil.\" \/>\n<meta name=\"robots\" content=\"index, follow, max-snippet:-1, max-image-preview:large, max-video-preview:-1\" \/>\n<link rel=\"canonical\" href=\"https:\/\/esbozodeportivo.com\/index.php\/2026\/04\/30\/anuncian-conmemoracion-del-45-aniversario-de-la-casa-del-estudiante-y-27-anos-de-la-fnerrr-en-puebla\/\" \/>\n<meta property=\"og:locale\" content=\"es_MX\" \/>\n<meta property=\"og:type\" content=\"article\" \/>\n<meta property=\"og:title\" content=\"Anuncian conmemoraci\u00f3n del 45 aniversario de la Casa del Estudiante y 27 a\u00f1os de la FNERRR en Puebla - Esbozo Deportivo\" \/>\n<meta property=\"og:description\" content=\"En conferencia de prensa, la l\u00edder nacional de la Federaci\u00f3n Nacional de Estudiantes Revolucionarios \u201cRafael Ram\u00edrez\u201d (FNERRR), Isolda Mor\u00e1n Reyes, anunci\u00f3 la realizaci\u00f3n de un evento pol\u00edtico-cultural el pr\u00f3ximo 2 de mayo en el Centro Cultural Universitario de Puebla, en el marco de la conmemoraci\u00f3n del 45 aniversario de la Casa del Estudiante en el estado y el 27 aniversario de la organizaci\u00f3n estudiantil.\" \/>\n<meta property=\"og:url\" content=\"https:\/\/esbozodeportivo.com\/index.php\/2026\/04\/30\/anuncian-conmemoracion-del-45-aniversario-de-la-casa-del-estudiante-y-27-anos-de-la-fnerrr-en-puebla\/\" \/>\n<meta property=\"og:site_name\" content=\"Esbozo Deportivo\" \/>\n<meta property=\"article:published_time\" content=\"2026-04-30T06:18:45+00:00\" \/>\n<meta property=\"article:modified_time\" content=\"2026-04-30T06:18:46+00:00\" \/>\n<meta property=\"og:image\" content=\"https:\/\/esbozodeportivo.com\/wp-content\/uploads\/2026\/04\/DSC05110-scaled.jpg\" \/>\n\t<meta property=\"og:image:width\" content=\"2560\" \/>\n\t<meta property=\"og:image:height\" content=\"976\" \/>\n\t<meta property=\"og:image:type\" content=\"image\/jpeg\" \/>\n<meta name=\"author\" content=\"Redacci\u00f3n\" \/>\n<meta name=\"twitter:card\" content=\"summary_large_image\" \/>\n<meta name=\"twitter:label1\" content=\"Escrito por\" \/>\n\t<meta name=\"twitter:data1\" content=\"Redacci\u00f3n\" \/>\n\t<meta name=\"twitter:label2\" content=\"Tiempo de lectura\" \/>\n\t<meta name=\"twitter:data2\" content=\"3 minutos\" \/>\n<script type=\"application\/ld+json\" class=\"yoast-schema-graph\">{\"@context\":\"https:\/\/schema.org\",\"@graph\":[{\"@type\":\"Article\",\"@id\":\"https:\/\/esbozodeportivo.com\/index.php\/2026\/04\/30\/anuncian-conmemoracion-del-45-aniversario-de-la-casa-del-estudiante-y-27-anos-de-la-fnerrr-en-puebla\/#article\",\"isPartOf\":{\"@id\":\"https:\/\/esbozodeportivo.com\/index.php\/2026\/04\/30\/anuncian-conmemoracion-del-45-aniversario-de-la-casa-del-estudiante-y-27-anos-de-la-fnerrr-en-puebla\/\"},\"author\":{\"name\":\"Redacci\u00f3n\",\"@id\":\"https:\/\/esbozodeportivo.com\/#\/schema\/person\/0f6df9196dfe6740dd0bb31bae50d374\"},\"headline\":\"Anuncian conmemoraci\u00f3n del 45 aniversario de la Casa del Estudiante y 27 a\u00f1os de la FNERRR en Puebla\",\"datePublished\":\"2026-04-30T06:18:45+00:00\",\"dateModified\":\"2026-04-30T06:18:46+00:00\",\"mainEntityOfPage\":{\"@id\":\"https:\/\/esbozodeportivo.com\/index.php\/2026\/04\/30\/anuncian-conmemoracion-del-45-aniversario-de-la-casa-del-estudiante-y-27-anos-de-la-fnerrr-en-puebla\/\"},\"wordCount\":356,\"publisher\":{\"@id\":\"https:\/\/esbozodeportivo.com\/#organization\"},\"image\":{\"@id\":\"https:\/\/esbozodeportivo.com\/index.php\/2026\/04\/30\/anuncian-conmemoracion-del-45-aniversario-de-la-casa-del-estudiante-y-27-anos-de-la-fnerrr-en-puebla\/#primaryimage\"},\"thumbnailUrl\":\"https:\/\/esbozodeportivo.com\/wp-content\/uploads\/2026\/04\/DSC05110-scaled.jpg\",\"articleSection\":[\"Nacional\"],\"inLanguage\":\"es\"},{\"@type\":\"WebPage\",\"@id\":\"https:\/\/esbozodeportivo.com\/index.php\/2026\/04\/30\/anuncian-conmemoracion-del-45-aniversario-de-la-casa-del-estudiante-y-27-anos-de-la-fnerrr-en-puebla\/\",\"url\":\"https:\/\/esbozodeportivo.com\/index.php\/2026\/04\/30\/anuncian-conmemoracion-del-45-aniversario-de-la-casa-del-estudiante-y-27-anos-de-la-fnerrr-en-puebla\/\",\"name\":\"Anuncian conmemoraci\u00f3n del 45 aniversario de la Casa del Estudiante y 27 a\u00f1os de la FNERRR en Puebla - Esbozo Deportivo\",\"isPartOf\":{\"@id\":\"https:\/\/esbozodeportivo.com\/#website\"},\"primaryImageOfPage\":{\"@id\":\"https:\/\/esbozodeportivo.com\/index.php\/2026\/04\/30\/anuncian-conmemoracion-del-45-aniversario-de-la-casa-del-estudiante-y-27-anos-de-la-fnerrr-en-puebla\/#primaryimage\"},\"image\":{\"@id\":\"https:\/\/esbozodeportivo.com\/index.php\/2026\/04\/30\/anuncian-conmemoracion-del-45-aniversario-de-la-casa-del-estudiante-y-27-anos-de-la-fnerrr-en-puebla\/#primaryimage\"},\"thumbnailUrl\":\"https:\/\/esbozodeportivo.com\/wp-content\/uploads\/2026\/04\/DSC05110-scaled.jpg\",\"datePublished\":\"2026-04-30T06:18:45+00:00\",\"dateModified\":\"2026-04-30T06:18:46+00:00\",\"description\":\"En conferencia de prensa, la l\u00edder nacional de la Federaci\u00f3n Nacional de Estudiantes Revolucionarios \u201cRafael Ram\u00edrez\u201d (FNERRR), Isolda Mor\u00e1n Reyes, anunci\u00f3 la realizaci\u00f3n de un evento pol\u00edtico-cultural el pr\u00f3ximo 2 de mayo en el Centro Cultural Universitario de Puebla, en el marco de la conmemoraci\u00f3n del 45 aniversario de la Casa del Estudiante en el estado y el 27 aniversario de la organizaci\u00f3n estudiantil.\",\"breadcrumb\":{\"@id\":\"https:\/\/esbozodeportivo.com\/index.php\/2026\/04\/30\/anuncian-conmemoracion-del-45-aniversario-de-la-casa-del-estudiante-y-27-anos-de-la-fnerrr-en-puebla\/#breadcrumb\"},\"inLanguage\":\"es\",\"potentialAction\":[{\"@type\":\"ReadAction\",\"target\":[\"https:\/\/esbozodeportivo.com\/index.php\/2026\/04\/30\/anuncian-conmemoracion-del-45-aniversario-de-la-casa-del-estudiante-y-27-anos-de-la-fnerrr-en-puebla\/\"]}]},{\"@type\":\"ImageObject\",\"inLanguage\":\"es\",\"@id\":\"https:\/\/esbozodeportivo.com\/index.php\/2026\/04\/30\/anuncian-conmemoracion-del-45-aniversario-de-la-casa-del-estudiante-y-27-anos-de-la-fnerrr-en-puebla\/#primaryimage\",\"url\":\"https:\/\/esbozodeportivo.com\/wp-content\/uploads\/2026\/04\/DSC05110-scaled.jpg\",\"contentUrl\":\"https:\/\/esbozodeportivo.com\/wp-content\/uploads\/2026\/04\/DSC05110-scaled.jpg\",\"width\":2560,\"height\":976},{\"@type\":\"BreadcrumbList\",\"@id\":\"https:\/\/esbozodeportivo.com\/index.php\/2026\/04\/30\/anuncian-conmemoracion-del-45-aniversario-de-la-casa-del-estudiante-y-27-anos-de-la-fnerrr-en-puebla\/#breadcrumb\",\"itemListElement\":[{\"@type\":\"ListItem\",\"position\":1,\"name\":\"Inicio\",\"item\":\"https:\/\/esbozodeportivo.com\/\"},{\"@type\":\"ListItem\",\"position\":2,\"name\":\"Anuncian conmemoraci\u00f3n del 45 aniversario de la Casa del Estudiante y 27 a\u00f1os de la FNERRR en Puebla\"}]},{\"@type\":\"WebSite\",\"@id\":\"https:\/\/esbozodeportivo.com\/#website\",\"url\":\"https:\/\/esbozodeportivo.com\/\",\"name\":\"Esbozo Deportivo\",\"description\":\"Lo m\u00e1s importante del Deporte\",\"publisher\":{\"@id\":\"https:\/\/esbozodeportivo.com\/#organization\"},\"potentialAction\":[{\"@type\":\"SearchAction\",\"target\":{\"@type\":\"EntryPoint\",\"urlTemplate\":\"https:\/\/esbozodeportivo.com\/?s={search_term_string}\"},\"query-input\":{\"@type\":\"PropertyValueSpecification\",\"valueRequired\":true,\"valueName\":\"search_term_string\"}}],\"inLanguage\":\"es\"},{\"@type\":\"Organization\",\"@id\":\"https:\/\/esbozodeportivo.com\/#organization\",\"name\":\"Esbozo Deportivo\",\"url\":\"https:\/\/esbozodeportivo.com\/\",\"logo\":{\"@type\":\"ImageObject\",\"inLanguage\":\"es\",\"@id\":\"https:\/\/esbozodeportivo.com\/#\/schema\/logo\/image\/\",\"url\":\"https:\/\/esbozodeportivo.com\/wp-content\/uploads\/2022\/08\/cropped-Logo-Esbozo-Web-2.png\",\"contentUrl\":\"https:\/\/esbozodeportivo.com\/wp-content\/uploads\/2022\/08\/cropped-Logo-Esbozo-Web-2.png\",\"width\":180,\"height\":50,\"caption\":\"Esbozo Deportivo\"},\"image\":{\"@id\":\"https:\/\/esbozodeportivo.com\/#\/schema\/logo\/image\/\"}},{\"@type\":\"Person\",\"@id\":\"https:\/\/esbozodeportivo.com\/#\/schema\/person\/0f6df9196dfe6740dd0bb31bae50d374\",\"name\":\"Redacci\u00f3n\",\"image\":{\"@type\":\"ImageObject\",\"inLanguage\":\"es\",\"@id\":\"https:\/\/esbozodeportivo.com\/#\/schema\/person\/image\/\",\"url\":\"https:\/\/secure.gravatar.com\/avatar\/f55268a89c3b418f2ef172ff52ab0d09b3e653c58de29539fe329fb93d78ebf3?s=96&d=mm&r=g\",\"contentUrl\":\"https:\/\/secure.gravatar.com\/avatar\/f55268a89c3b418f2ef172ff52ab0d09b3e653c58de29539fe329fb93d78ebf3?s=96&d=mm&r=g\",\"caption\":\"Redacci\u00f3n\"},\"url\":\"https:\/\/esbozodeportivo.com\/index.php\/author\/redaccion\/\"}]}<\/script>\n<!-- \/ Yoast SEO plugin. -->","yoast_head_json":{"title":"Anuncian conmemoraci\u00f3n del 45 aniversario de la Casa del Estudiante y 27 a\u00f1os de la FNERRR en Puebla - Esbozo Deportivo","description":"En conferencia de prensa, la l\u00edder nacional de la Federaci\u00f3n Nacional de Estudiantes Revolucionarios \u201cRafael Ram\u00edrez\u201d (FNERRR), Isolda Mor\u00e1n Reyes, anunci\u00f3 la realizaci\u00f3n de un evento pol\u00edtico-cultural el pr\u00f3ximo 2 de mayo en el Centro Cultural Universitario de Puebla, en el marco de la conmemoraci\u00f3n del 45 aniversario de la Casa del Estudiante en el estado y el 27 aniversario de la organizaci\u00f3n estudiantil.","robots":{"index":"index","follow":"follow","max-snippet":"max-snippet:-1","max-image-preview":"max-image-preview:large","max-video-preview":"max-video-preview:-1"},"canonical":"https:\/\/esbozodeportivo.com\/index.php\/2026\/04\/30\/anuncian-conmemoracion-del-45-aniversario-de-la-casa-del-estudiante-y-27-anos-de-la-fnerrr-en-puebla\/","og_locale":"es_MX","og_type":"article","og_title":"Anuncian conmemoraci\u00f3n del 45 aniversario de la Casa del Estudiante y 27 a\u00f1os de la FNERRR en Puebla - Esbozo Deportivo","og_description":"En conferencia de prensa, la l\u00edder nacional de la Federaci\u00f3n Nacional de Estudiantes Revolucionarios \u201cRafael Ram\u00edrez\u201d (FNERRR), Isolda Mor\u00e1n Reyes, anunci\u00f3 la realizaci\u00f3n de un evento pol\u00edtico-cultural el pr\u00f3ximo 2 de mayo en el Centro Cultural Universitario de Puebla, en el marco de la conmemoraci\u00f3n del 45 aniversario de la Casa del Estudiante en el estado y el 27 aniversario de la organizaci\u00f3n estudiantil.","og_url":"https:\/\/esbozodeportivo.com\/index.php\/2026\/04\/30\/anuncian-conmemoracion-del-45-aniversario-de-la-casa-del-estudiante-y-27-anos-de-la-fnerrr-en-puebla\/","og_site_name":"Esbozo Deportivo","article_published_time":"2026-04-30T06:18:45+00:00","article_modified_time":"2026-04-30T06:18:46+00:00","og_image":[{"width":2560,"height":976,"url":"https:\/\/esbozodeportivo.com\/wp-content\/uploads\/2026\/04\/DSC05110-scaled.jpg","type":"image\/jpeg"}],"author":"Redacci\u00f3n","twitter_card":"summary_large_image","twitter_misc":{"Escrito por":"Redacci\u00f3n","Tiempo de lectura":"3 minutos"},"schema":{"@context":"https:\/\/schema.org","@graph":[{"@type":"Article","@id":"https:\/\/esbozodeportivo.com\/index.php\/2026\/04\/30\/anuncian-conmemoracion-del-45-aniversario-de-la-casa-del-estudiante-y-27-anos-de-la-fnerrr-en-puebla\/#article","isPartOf":{"@id":"https:\/\/esbozodeportivo.com\/index.php\/2026\/04\/30\/anuncian-conmemoracion-del-45-aniversario-de-la-casa-del-estudiante-y-27-anos-de-la-fnerrr-en-puebla\/"},"author":{"name":"Redacci\u00f3n","@id":"https:\/\/esbozodeportivo.com\/#\/schema\/person\/0f6df9196dfe6740dd0bb31bae50d374"},"headline":"Anuncian conmemoraci\u00f3n del 45 aniversario de la Casa del Estudiante y 27 a\u00f1os de la FNERRR en Puebla","datePublished":"2026-04-30T06:18:45+00:00","dateModified":"2026-04-30T06:18:46+00:00","mainEntityOfPage":{"@id":"https:\/\/esbozodeportivo.com\/index.php\/2026\/04\/30\/anuncian-conmemoracion-del-45-aniversario-de-la-casa-del-estudiante-y-27-anos-de-la-fnerrr-en-puebla\/"},"wordCount":356,"publisher":{"@id":"https:\/\/esbozodeportivo.com\/#organization"},"image":{"@id":"https:\/\/esbozodeportivo.com\/index.php\/2026\/04\/30\/anuncian-conmemoracion-del-45-aniversario-de-la-casa-del-estudiante-y-27-anos-de-la-fnerrr-en-puebla\/#primaryimage"},"thumbnailUrl":"https:\/\/esbozodeportivo.com\/wp-content\/uploads\/2026\/04\/DSC05110-scaled.jpg","articleSection":["Nacional"],"inLanguage":"es"},{"@type":"WebPage","@id":"https:\/\/esbozodeportivo.com\/index.php\/2026\/04\/30\/anuncian-conmemoracion-del-45-aniversario-de-la-casa-del-estudiante-y-27-anos-de-la-fnerrr-en-puebla\/","url":"https:\/\/esbozodeportivo.com\/index.php\/2026\/04\/30\/anuncian-conmemoracion-del-45-aniversario-de-la-casa-del-estudiante-y-27-anos-de-la-fnerrr-en-puebla\/","name":"Anuncian conmemoraci\u00f3n del 45 aniversario de la Casa del Estudiante y 27 a\u00f1os de la FNERRR en Puebla - Esbozo Deportivo","isPartOf":{"@id":"https:\/\/esbozodeportivo.com\/#website"},"primaryImageOfPage":{"@id":"https:\/\/esbozodeportivo.com\/index.php\/2026\/04\/30\/anuncian-conmemoracion-del-45-aniversario-de-la-casa-del-estudiante-y-27-anos-de-la-fnerrr-en-puebla\/#primaryimage"},"image":{"@id":"https:\/\/esbozodeportivo.com\/index.php\/2026\/04\/30\/anuncian-conmemoracion-del-45-aniversario-de-la-casa-del-estudiante-y-27-anos-de-la-fnerrr-en-puebla\/#primaryimage"},"thumbnailUrl":"https:\/\/esbozodeportivo.com\/wp-content\/uploads\/2026\/04\/DSC05110-scaled.jpg","datePublished":"2026-04-30T06:18:45+00:00","dateModified":"2026-04-30T06:18:46+00:00","description":"En conferencia de prensa, la l\u00edder nacional de la Federaci\u00f3n Nacional de Estudiantes Revolucionarios \u201cRafael Ram\u00edrez\u201d (FNERRR), Isolda Mor\u00e1n Reyes, anunci\u00f3 la realizaci\u00f3n de un evento pol\u00edtico-cultural el pr\u00f3ximo 2 de mayo en el Centro Cultural Universitario de Puebla, en el marco de la conmemoraci\u00f3n del 45 aniversario de la Casa del Estudiante en el estado y el 27 aniversario de la organizaci\u00f3n estudiantil.","breadcrumb":{"@id":"https:\/\/esbozodeportivo.com\/index.php\/2026\/04\/30\/anuncian-conmemoracion-del-45-aniversario-de-la-casa-del-estudiante-y-27-anos-de-la-fnerrr-en-puebla\/#breadcrumb"},"inLanguage":"es","potentialAction":[{"@type":"ReadAction","target":["https:\/\/esbozodeportivo.com\/index.php\/2026\/04\/30\/anuncian-conmemoracion-del-45-aniversario-de-la-casa-del-estudiante-y-27-anos-de-la-fnerrr-en-puebla\/"]}]},{"@type":"ImageObject","inLanguage":"es","@id":"https:\/\/esbozodeportivo.com\/index.php\/2026\/04\/30\/anuncian-conmemoracion-del-45-aniversario-de-la-casa-del-estudiante-y-27-anos-de-la-fnerrr-en-puebla\/#primaryimage","url":"https:\/\/esbozodeportivo.com\/wp-content\/uploads\/2026\/04\/DSC05110-scaled.jpg","contentUrl":"https:\/\/esbozodeportivo.com\/wp-content\/uploads\/2026\/04\/DSC05110-scaled.jpg","width":2560,"height":976},{"@type":"BreadcrumbList","@id":"https:\/\/esbozodeportivo.com\/index.php\/2026\/04\/30\/anuncian-conmemoracion-del-45-aniversario-de-la-casa-del-estudiante-y-27-anos-de-la-fnerrr-en-puebla\/#breadcrumb","itemListElement":[{"@type":"ListItem","position":1,"name":"Inicio","item":"https:\/\/esbozodeportivo.com\/"},{"@type":"ListItem","position":2,"name":"Anuncian conmemoraci\u00f3n del 45 aniversario de la Casa del Estudiante y 27 a\u00f1os de la FNERRR en Puebla"}]},{"@type":"WebSite","@id":"https:\/\/esbozodeportivo.com\/#website","url":"https:\/\/esbozodeportivo.com\/","name":"Esbozo Deportivo","description":"Lo m\u00e1s importante del Deporte","publisher":{"@id":"https:\/\/esbozodeportivo.com\/#organization"},"potentialAction":[{"@type":"SearchAction","target":{"@type":"EntryPoint","urlTemplate":"https:\/\/esbozodeportivo.com\/?s={search_term_string}"},"query-input":{"@type":"PropertyValueSpecification","valueRequired":true,"valueName":"search_term_string"}}],"inLanguage":"es"},{"@type":"Organization","@id":"https:\/\/esbozodeportivo.com\/#organization","name":"Esbozo Deportivo","url":"https:\/\/esbozodeportivo.com\/","logo":{"@type":"ImageObject","inLanguage":"es","@id":"https:\/\/esbozodeportivo.com\/#\/schema\/logo\/image\/","url":"https:\/\/esbozodeportivo.com\/wp-content\/uploads\/2022\/08\/cropped-Logo-Esbozo-Web-2.png","contentUrl":"https:\/\/esbozodeportivo.com\/wp-content\/uploads\/2022\/08\/cropped-Logo-Esbozo-Web-2.png","width":180,"height":50,"caption":"Esbozo Deportivo"},"image":{"@id":"https:\/\/esbozodeportivo.com\/#\/schema\/logo\/image\/"}},{"@type":"Person","@id":"https:\/\/esbozodeportivo.com\/#\/schema\/person\/0f6df9196dfe6740dd0bb31bae50d374","name":"Redacci\u00f3n","image":{"@type":"ImageObject","inLanguage":"es","@id":"https:\/\/esbozodeportivo.com\/#\/schema\/person\/image\/","url":"https:\/\/secure.gravatar.com\/avatar\/f55268a89c3b418f2ef172ff52ab0d09b3e653c58de29539fe329fb93d78ebf3?s=96&d=mm&r=g","contentUrl":"https:\/\/secure.gravatar.com\/avatar\/f55268a89c3b418f2ef172ff52ab0d09b3e653c58de29539fe329fb93d78ebf3?s=96&d=mm&r=g","caption":"Redacci\u00f3n"},"url":"https:\/\/esbozodeportivo.com\/index.php\/author\/redaccion\/"}]}},"jetpack_featured_media_url":"https:\/\/esbozodeportivo.com\/wp-content\/uploads\/2026\/04\/DSC05110-scaled.jpg","jetpack_sharing_enabled":true,"_links":{"self":[{"href":"https:\/\/esbozodeportivo.com\/index.php\/wp-json\/wp\/v2\/posts\/14433","targetHints":{"allow":["GET"]}}],"collection":[{"href":"https:\/\/esbozodeportivo.com\/index.php\/wp-json\/wp\/v2\/posts"}],"about":[{"href":"https:\/\/esbozodeportivo.com\/index.php\/wp-json\/wp\/v2\/types\/post"}],"author":[{"embeddable":true,"href":"https:\/\/esbozodeportivo.com\/index.php\/wp-json\/wp\/v2\/users\/4"}],"replies":[{"embeddable":true,"href":"https:\/\/esbozodeportivo.com\/index.php\/wp-json\/wp\/v2\/comments?post=14433"}],"version-history":[{"count":1,"href":"https:\/\/esbozodeportivo.com\/index.php\/wp-json\/wp\/v2\/posts\/14433\/revisions"}],"predecessor-version":[{"id":14434,"href":"https:\/\/esbozodeportivo.com\/index.php\/wp-json\/wp\/v2\/posts\/14433\/revisions\/14434"}],"wp:featuredmedia":[{"embeddable":true,"href":"https:\/\/esbozodeportivo.com\/index.php\/wp-json\/wp\/v2\/media\/14428"}],"wp:attachment":[{"href":"https:\/\/esbozodeportivo.com\/index.php\/wp-json\/wp\/v2\/media?parent=14433"}],"wp:term":[{"taxonomy":"category","embeddable":true,"href":"https:\/\/esbozodeportivo.com\/index.php\/wp-json\/wp\/v2\/categories?post=14433"},{"taxonomy":"post_tag","embeddable":true,"href":"https:\/\/esbozodeportivo.com\/index.php\/wp-json\/wp\/v2\/tags?post=14433"}],"curies":[{"name":"wp","href":"https:\/\/api.w.org\/{rel}","templated":true}]}}