{"id":14449,"date":"2026-04-30T20:49:56","date_gmt":"2026-05-01T02:49:56","guid":{"rendered":"https:\/\/esbozodeportivo.com\/?p=14449"},"modified":"2026-04-30T20:49:57","modified_gmt":"2026-05-01T02:49:57","slug":"ochoa-se-retira-luego-del-mundial","status":"publish","type":"post","link":"https:\/\/esbozodeportivo.com\/index.php\/2026\/04\/30\/ochoa-se-retira-luego-del-mundial\/","title":{"rendered":"Ochoa se retira luego del Mundial"},"content":{"rendered":"\n<p>(Foto: Agencias) <\/p>\n\n\n\n<p>El arquero mexicano Guillermo Ochoa dijo el jueves que se retirar\u00e1 de la selecci\u00f3n de M\u00e9xico tras el Mundial 2026 y que el torneo podr\u00eda tambi\u00e9n marcar el punto final de su carrera deportiva.<\/p>\n\n\n\n<p>Ochoa, quien cumplir\u00e1 41 a\u00f1os durante la Copa del Mundo, ha sido cinco veces mundialista y se perfila para aparecer por sexta ocasi\u00f3n, aunque su sitio en el plantel del t\u00e9cnico Javier Aguirre no ha sido confirmado oficialmente.<\/p>\n\n\n\n<p>El arquero, quien juega para el AEL Limassol de Chipre, dijo en una entrevista con TUDN que su despedida de la selecci\u00f3n es un hecho y que el retiro definitivo \u201cpodr\u00eda ser tambi\u00e9n\u201d.<\/p>\n\n\n\n<p>Aguirre dio a conocer una n\u00f3mina parcial con dos arqueros de la Liga MX y dej\u00f3 abierto un espacio para un tercer arquero que milita en el extranjero. Aunque no lo nombr\u00f3, Ochoa es el \u00fanico de los dos en Europa que ha sido citado recientemente.<\/p>\n\n\n\n<p>\u201cEs dif\u00edcil (retirarse) sin duda, pero en mi caso no va a ser tan dif\u00edcil porque lo he disfrutado muchos a\u00f1os, mucho tiempo\u201d, dijo Ochoa a la cadena. \u201cLlega un punto en que tu cabeza y tu cuerpo dice: \u2018lo has dado todo\u2019 y te vas tranquilo, y ese va a ser mi caso\u201d.<\/p>\n\n\n\n<p>Ochoa es uno de cuatro mexicanos con cinco presencias mundialistas. Los otros son Antonio Carvajal, Rafael M\u00e1rquez y Andr\u00e9s Guardado.<\/p>\n\n\n\n<p>Si es citado por Aguirre podr\u00eda unirse a Cristiano Ronaldo y a Lionel Messi, quienes tambi\u00e9n aparecer\u00edan en un sexto Mundial.<\/p>\n\n\n\n<p>El \u201cMemo\u201d Ochoa fue titular en tres mundiales: Brasil 2014, Rusia 2018 y Qatar 2022. Para la pr\u00f3xima edici\u00f3n, por ahora, todo indica que ser\u00e1 el suplente de Ra\u00fal Rangel.<\/p>\n\n\n\n<p>A Ochoa se le considera como uno de los mejores porteros mexicanos de la historia junto a Carvajal, Jorge Campos y Pablo Larios.<\/p>\n\n\n\n<p>El otro portero mexicano en ligas europeas es Alex Padilla, de nacionalidad espa\u00f1ola y mexicana, actualmente enrolado con el Athletic Bilbao de La Liga de Espa\u00f1a.<\/p>\n\n\n\n<p><\/p>\n","protected":false},"excerpt":{"rendered":"<p>(Foto: Agencias) El arquero mexicano Guillermo Ochoa dijo el jueves que se retirar\u00e1 de la<\/p>\n","protected":false},"author":4,"featured_media":14438,"comment_status":"closed","ping_status":"open","sticky":false,"template":"","format":"standard","meta":{"_jetpack_memberships_contains_paid_content":false,"footnotes":""},"categories":[71],"tags":[],"class_list":["post-14449","post","type-post","status-publish","format-standard","has-post-thumbnail","hentry","category-mundial-2026"],"yoast_head":"<!-- This site is optimized with the Yoast SEO plugin v25.7 - https:\/\/yoast.com\/wordpress\/plugins\/seo\/ -->\n<title>Ochoa se retira luego del Mundial - Esbozo Deportivo<\/title>\n<meta name=\"description\" content=\"El arquero mexicano Guillermo Ochoa dijo el jueves que se retirar\u00e1 de la selecci\u00f3n de M\u00e9xico tras el Mundial 2026 y que el torneo podr\u00eda tambi\u00e9n marcar el punto final de su carrera deportiva.\" \/>\n<meta name=\"robots\" content=\"index, follow, max-snippet:-1, max-image-preview:large, max-video-preview:-1\" \/>\n<link rel=\"canonical\" href=\"https:\/\/esbozodeportivo.com\/index.php\/2026\/04\/30\/ochoa-se-retira-luego-del-mundial\/\" \/>\n<meta property=\"og:locale\" content=\"es_MX\" \/>\n<meta property=\"og:type\" content=\"article\" \/>\n<meta property=\"og:title\" content=\"Ochoa se retira luego del Mundial - Esbozo Deportivo\" \/>\n<meta property=\"og:description\" content=\"El arquero mexicano Guillermo Ochoa dijo el jueves que se retirar\u00e1 de la selecci\u00f3n de M\u00e9xico tras el Mundial 2026 y que el torneo podr\u00eda tambi\u00e9n marcar el punto final de su carrera deportiva.\" \/>\n<meta property=\"og:url\" content=\"https:\/\/esbozodeportivo.com\/index.php\/2026\/04\/30\/ochoa-se-retira-luego-del-mundial\/\" \/>\n<meta property=\"og:site_name\" content=\"Esbozo Deportivo\" \/>\n<meta property=\"article:published_time\" content=\"2026-05-01T02:49:56+00:00\" \/>\n<meta property=\"article:modified_time\" content=\"2026-05-01T02:49:57+00:00\" \/>\n<meta property=\"og:image\" content=\"https:\/\/esbozodeportivo.com\/wp-content\/uploads\/2026\/04\/96ac3373-b517-4a90-8e86-3181aed5c44e.jpg\" \/>\n\t<meta property=\"og:image:width\" content=\"980\" \/>\n\t<meta property=\"og:image:height\" content=\"653\" \/>\n\t<meta property=\"og:image:type\" content=\"image\/jpeg\" \/>\n<meta name=\"author\" content=\"Redacci\u00f3n\" \/>\n<meta name=\"twitter:card\" content=\"summary_large_image\" \/>\n<meta name=\"twitter:label1\" content=\"Escrito por\" \/>\n\t<meta name=\"twitter:data1\" content=\"Redacci\u00f3n\" \/>\n\t<meta name=\"twitter:label2\" content=\"Tiempo de lectura\" \/>\n\t<meta name=\"twitter:data2\" content=\"2 minutos\" \/>\n<script type=\"application\/ld+json\" class=\"yoast-schema-graph\">{\"@context\":\"https:\/\/schema.org\",\"@graph\":[{\"@type\":\"Article\",\"@id\":\"https:\/\/esbozodeportivo.com\/index.php\/2026\/04\/30\/ochoa-se-retira-luego-del-mundial\/#article\",\"isPartOf\":{\"@id\":\"https:\/\/esbozodeportivo.com\/index.php\/2026\/04\/30\/ochoa-se-retira-luego-del-mundial\/\"},\"author\":{\"name\":\"Redacci\u00f3n\",\"@id\":\"https:\/\/esbozodeportivo.com\/#\/schema\/person\/0f6df9196dfe6740dd0bb31bae50d374\"},\"headline\":\"Ochoa se retira luego del Mundial\",\"datePublished\":\"2026-05-01T02:49:56+00:00\",\"dateModified\":\"2026-05-01T02:49:57+00:00\",\"mainEntityOfPage\":{\"@id\":\"https:\/\/esbozodeportivo.com\/index.php\/2026\/04\/30\/ochoa-se-retira-luego-del-mundial\/\"},\"wordCount\":352,\"publisher\":{\"@id\":\"https:\/\/esbozodeportivo.com\/#organization\"},\"image\":{\"@id\":\"https:\/\/esbozodeportivo.com\/index.php\/2026\/04\/30\/ochoa-se-retira-luego-del-mundial\/#primaryimage\"},\"thumbnailUrl\":\"https:\/\/esbozodeportivo.com\/wp-content\/uploads\/2026\/04\/96ac3373-b517-4a90-8e86-3181aed5c44e.jpg\",\"articleSection\":[\"Mundial 2026\"],\"inLanguage\":\"es\"},{\"@type\":\"WebPage\",\"@id\":\"https:\/\/esbozodeportivo.com\/index.php\/2026\/04\/30\/ochoa-se-retira-luego-del-mundial\/\",\"url\":\"https:\/\/esbozodeportivo.com\/index.php\/2026\/04\/30\/ochoa-se-retira-luego-del-mundial\/\",\"name\":\"Ochoa se retira luego del Mundial - Esbozo Deportivo\",\"isPartOf\":{\"@id\":\"https:\/\/esbozodeportivo.com\/#website\"},\"primaryImageOfPage\":{\"@id\":\"https:\/\/esbozodeportivo.com\/index.php\/2026\/04\/30\/ochoa-se-retira-luego-del-mundial\/#primaryimage\"},\"image\":{\"@id\":\"https:\/\/esbozodeportivo.com\/index.php\/2026\/04\/30\/ochoa-se-retira-luego-del-mundial\/#primaryimage\"},\"thumbnailUrl\":\"https:\/\/esbozodeportivo.com\/wp-content\/uploads\/2026\/04\/96ac3373-b517-4a90-8e86-3181aed5c44e.jpg\",\"datePublished\":\"2026-05-01T02:49:56+00:00\",\"dateModified\":\"2026-05-01T02:49:57+00:00\",\"description\":\"El arquero mexicano Guillermo Ochoa dijo el jueves que se retirar\u00e1 de la selecci\u00f3n de M\u00e9xico tras el Mundial 2026 y que el torneo podr\u00eda tambi\u00e9n marcar el punto final de su carrera deportiva.\",\"breadcrumb\":{\"@id\":\"https:\/\/esbozodeportivo.com\/index.php\/2026\/04\/30\/ochoa-se-retira-luego-del-mundial\/#breadcrumb\"},\"inLanguage\":\"es\",\"potentialAction\":[{\"@type\":\"ReadAction\",\"target\":[\"https:\/\/esbozodeportivo.com\/index.php\/2026\/04\/30\/ochoa-se-retira-luego-del-mundial\/\"]}]},{\"@type\":\"ImageObject\",\"inLanguage\":\"es\",\"@id\":\"https:\/\/esbozodeportivo.com\/index.php\/2026\/04\/30\/ochoa-se-retira-luego-del-mundial\/#primaryimage\",\"url\":\"https:\/\/esbozodeportivo.com\/wp-content\/uploads\/2026\/04\/96ac3373-b517-4a90-8e86-3181aed5c44e.jpg\",\"contentUrl\":\"https:\/\/esbozodeportivo.com\/wp-content\/uploads\/2026\/04\/96ac3373-b517-4a90-8e86-3181aed5c44e.jpg\",\"width\":980,\"height\":653},{\"@type\":\"BreadcrumbList\",\"@id\":\"https:\/\/esbozodeportivo.com\/index.php\/2026\/04\/30\/ochoa-se-retira-luego-del-mundial\/#breadcrumb\",\"itemListElement\":[{\"@type\":\"ListItem\",\"position\":1,\"name\":\"Inicio\",\"item\":\"https:\/\/esbozodeportivo.com\/\"},{\"@type\":\"ListItem\",\"position\":2,\"name\":\"Ochoa se retira luego del Mundial\"}]},{\"@type\":\"WebSite\",\"@id\":\"https:\/\/esbozodeportivo.com\/#website\",\"url\":\"https:\/\/esbozodeportivo.com\/\",\"name\":\"Esbozo Deportivo\",\"description\":\"Lo m\u00e1s importante del Deporte\",\"publisher\":{\"@id\":\"https:\/\/esbozodeportivo.com\/#organization\"},\"potentialAction\":[{\"@type\":\"SearchAction\",\"target\":{\"@type\":\"EntryPoint\",\"urlTemplate\":\"https:\/\/esbozodeportivo.com\/?s={search_term_string}\"},\"query-input\":{\"@type\":\"PropertyValueSpecification\",\"valueRequired\":true,\"valueName\":\"search_term_string\"}}],\"inLanguage\":\"es\"},{\"@type\":\"Organization\",\"@id\":\"https:\/\/esbozodeportivo.com\/#organization\",\"name\":\"Esbozo Deportivo\",\"url\":\"https:\/\/esbozodeportivo.com\/\",\"logo\":{\"@type\":\"ImageObject\",\"inLanguage\":\"es\",\"@id\":\"https:\/\/esbozodeportivo.com\/#\/schema\/logo\/image\/\",\"url\":\"https:\/\/esbozodeportivo.com\/wp-content\/uploads\/2022\/08\/cropped-Logo-Esbozo-Web-2.png\",\"contentUrl\":\"https:\/\/esbozodeportivo.com\/wp-content\/uploads\/2022\/08\/cropped-Logo-Esbozo-Web-2.png\",\"width\":180,\"height\":50,\"caption\":\"Esbozo Deportivo\"},\"image\":{\"@id\":\"https:\/\/esbozodeportivo.com\/#\/schema\/logo\/image\/\"}},{\"@type\":\"Person\",\"@id\":\"https:\/\/esbozodeportivo.com\/#\/schema\/person\/0f6df9196dfe6740dd0bb31bae50d374\",\"name\":\"Redacci\u00f3n\",\"image\":{\"@type\":\"ImageObject\",\"inLanguage\":\"es\",\"@id\":\"https:\/\/esbozodeportivo.com\/#\/schema\/person\/image\/\",\"url\":\"https:\/\/secure.gravatar.com\/avatar\/f55268a89c3b418f2ef172ff52ab0d09b3e653c58de29539fe329fb93d78ebf3?s=96&d=mm&r=g\",\"contentUrl\":\"https:\/\/secure.gravatar.com\/avatar\/f55268a89c3b418f2ef172ff52ab0d09b3e653c58de29539fe329fb93d78ebf3?s=96&d=mm&r=g\",\"caption\":\"Redacci\u00f3n\"},\"url\":\"https:\/\/esbozodeportivo.com\/index.php\/author\/redaccion\/\"}]}<\/script>\n<!-- \/ Yoast SEO plugin. -->","yoast_head_json":{"title":"Ochoa se retira luego del Mundial - Esbozo Deportivo","description":"El arquero mexicano Guillermo Ochoa dijo el jueves que se retirar\u00e1 de la selecci\u00f3n de M\u00e9xico tras el Mundial 2026 y que el torneo podr\u00eda tambi\u00e9n marcar el punto final de su carrera deportiva.","robots":{"index":"index","follow":"follow","max-snippet":"max-snippet:-1","max-image-preview":"max-image-preview:large","max-video-preview":"max-video-preview:-1"},"canonical":"https:\/\/esbozodeportivo.com\/index.php\/2026\/04\/30\/ochoa-se-retira-luego-del-mundial\/","og_locale":"es_MX","og_type":"article","og_title":"Ochoa se retira luego del Mundial - Esbozo Deportivo","og_description":"El arquero mexicano Guillermo Ochoa dijo el jueves que se retirar\u00e1 de la selecci\u00f3n de M\u00e9xico tras el Mundial 2026 y que el torneo podr\u00eda tambi\u00e9n marcar el punto final de su carrera deportiva.","og_url":"https:\/\/esbozodeportivo.com\/index.php\/2026\/04\/30\/ochoa-se-retira-luego-del-mundial\/","og_site_name":"Esbozo Deportivo","article_published_time":"2026-05-01T02:49:56+00:00","article_modified_time":"2026-05-01T02:49:57+00:00","og_image":[{"width":980,"height":653,"url":"https:\/\/esbozodeportivo.com\/wp-content\/uploads\/2026\/04\/96ac3373-b517-4a90-8e86-3181aed5c44e.jpg","type":"image\/jpeg"}],"author":"Redacci\u00f3n","twitter_card":"summary_large_image","twitter_misc":{"Escrito por":"Redacci\u00f3n","Tiempo de lectura":"2 minutos"},"schema":{"@context":"https:\/\/schema.org","@graph":[{"@type":"Article","@id":"https:\/\/esbozodeportivo.com\/index.php\/2026\/04\/30\/ochoa-se-retira-luego-del-mundial\/#article","isPartOf":{"@id":"https:\/\/esbozodeportivo.com\/index.php\/2026\/04\/30\/ochoa-se-retira-luego-del-mundial\/"},"author":{"name":"Redacci\u00f3n","@id":"https:\/\/esbozodeportivo.com\/#\/schema\/person\/0f6df9196dfe6740dd0bb31bae50d374"},"headline":"Ochoa se retira luego del Mundial","datePublished":"2026-05-01T02:49:56+00:00","dateModified":"2026-05-01T02:49:57+00:00","mainEntityOfPage":{"@id":"https:\/\/esbozodeportivo.com\/index.php\/2026\/04\/30\/ochoa-se-retira-luego-del-mundial\/"},"wordCount":352,"publisher":{"@id":"https:\/\/esbozodeportivo.com\/#organization"},"image":{"@id":"https:\/\/esbozodeportivo.com\/index.php\/2026\/04\/30\/ochoa-se-retira-luego-del-mundial\/#primaryimage"},"thumbnailUrl":"https:\/\/esbozodeportivo.com\/wp-content\/uploads\/2026\/04\/96ac3373-b517-4a90-8e86-3181aed5c44e.jpg","articleSection":["Mundial 2026"],"inLanguage":"es"},{"@type":"WebPage","@id":"https:\/\/esbozodeportivo.com\/index.php\/2026\/04\/30\/ochoa-se-retira-luego-del-mundial\/","url":"https:\/\/esbozodeportivo.com\/index.php\/2026\/04\/30\/ochoa-se-retira-luego-del-mundial\/","name":"Ochoa se retira luego del Mundial - Esbozo Deportivo","isPartOf":{"@id":"https:\/\/esbozodeportivo.com\/#website"},"primaryImageOfPage":{"@id":"https:\/\/esbozodeportivo.com\/index.php\/2026\/04\/30\/ochoa-se-retira-luego-del-mundial\/#primaryimage"},"image":{"@id":"https:\/\/esbozodeportivo.com\/index.php\/2026\/04\/30\/ochoa-se-retira-luego-del-mundial\/#primaryimage"},"thumbnailUrl":"https:\/\/esbozodeportivo.com\/wp-content\/uploads\/2026\/04\/96ac3373-b517-4a90-8e86-3181aed5c44e.jpg","datePublished":"2026-05-01T02:49:56+00:00","dateModified":"2026-05-01T02:49:57+00:00","description":"El arquero mexicano Guillermo Ochoa dijo el jueves que se retirar\u00e1 de la selecci\u00f3n de M\u00e9xico tras el Mundial 2026 y que el torneo podr\u00eda tambi\u00e9n marcar el punto final de su carrera deportiva.","breadcrumb":{"@id":"https:\/\/esbozodeportivo.com\/index.php\/2026\/04\/30\/ochoa-se-retira-luego-del-mundial\/#breadcrumb"},"inLanguage":"es","potentialAction":[{"@type":"ReadAction","target":["https:\/\/esbozodeportivo.com\/index.php\/2026\/04\/30\/ochoa-se-retira-luego-del-mundial\/"]}]},{"@type":"ImageObject","inLanguage":"es","@id":"https:\/\/esbozodeportivo.com\/index.php\/2026\/04\/30\/ochoa-se-retira-luego-del-mundial\/#primaryimage","url":"https:\/\/esbozodeportivo.com\/wp-content\/uploads\/2026\/04\/96ac3373-b517-4a90-8e86-3181aed5c44e.jpg","contentUrl":"https:\/\/esbozodeportivo.com\/wp-content\/uploads\/2026\/04\/96ac3373-b517-4a90-8e86-3181aed5c44e.jpg","width":980,"height":653},{"@type":"BreadcrumbList","@id":"https:\/\/esbozodeportivo.com\/index.php\/2026\/04\/30\/ochoa-se-retira-luego-del-mundial\/#breadcrumb","itemListElement":[{"@type":"ListItem","position":1,"name":"Inicio","item":"https:\/\/esbozodeportivo.com\/"},{"@type":"ListItem","position":2,"name":"Ochoa se retira luego del Mundial"}]},{"@type":"WebSite","@id":"https:\/\/esbozodeportivo.com\/#website","url":"https:\/\/esbozodeportivo.com\/","name":"Esbozo Deportivo","description":"Lo m\u00e1s importante del Deporte","publisher":{"@id":"https:\/\/esbozodeportivo.com\/#organization"},"potentialAction":[{"@type":"SearchAction","target":{"@type":"EntryPoint","urlTemplate":"https:\/\/esbozodeportivo.com\/?s={search_term_string}"},"query-input":{"@type":"PropertyValueSpecification","valueRequired":true,"valueName":"search_term_string"}}],"inLanguage":"es"},{"@type":"Organization","@id":"https:\/\/esbozodeportivo.com\/#organization","name":"Esbozo Deportivo","url":"https:\/\/esbozodeportivo.com\/","logo":{"@type":"ImageObject","inLanguage":"es","@id":"https:\/\/esbozodeportivo.com\/#\/schema\/logo\/image\/","url":"https:\/\/esbozodeportivo.com\/wp-content\/uploads\/2022\/08\/cropped-Logo-Esbozo-Web-2.png","contentUrl":"https:\/\/esbozodeportivo.com\/wp-content\/uploads\/2022\/08\/cropped-Logo-Esbozo-Web-2.png","width":180,"height":50,"caption":"Esbozo Deportivo"},"image":{"@id":"https:\/\/esbozodeportivo.com\/#\/schema\/logo\/image\/"}},{"@type":"Person","@id":"https:\/\/esbozodeportivo.com\/#\/schema\/person\/0f6df9196dfe6740dd0bb31bae50d374","name":"Redacci\u00f3n","image":{"@type":"ImageObject","inLanguage":"es","@id":"https:\/\/esbozodeportivo.com\/#\/schema\/person\/image\/","url":"https:\/\/secure.gravatar.com\/avatar\/f55268a89c3b418f2ef172ff52ab0d09b3e653c58de29539fe329fb93d78ebf3?s=96&d=mm&r=g","contentUrl":"https:\/\/secure.gravatar.com\/avatar\/f55268a89c3b418f2ef172ff52ab0d09b3e653c58de29539fe329fb93d78ebf3?s=96&d=mm&r=g","caption":"Redacci\u00f3n"},"url":"https:\/\/esbozodeportivo.com\/index.php\/author\/redaccion\/"}]}},"jetpack_featured_media_url":"https:\/\/esbozodeportivo.com\/wp-content\/uploads\/2026\/04\/96ac3373-b517-4a90-8e86-3181aed5c44e.jpg","jetpack_sharing_enabled":true,"_links":{"self":[{"href":"https:\/\/esbozodeportivo.com\/index.php\/wp-json\/wp\/v2\/posts\/14449","targetHints":{"allow":["GET"]}}],"collection":[{"href":"https:\/\/esbozodeportivo.com\/index.php\/wp-json\/wp\/v2\/posts"}],"about":[{"href":"https:\/\/esbozodeportivo.com\/index.php\/wp-json\/wp\/v2\/types\/post"}],"author":[{"embeddable":true,"href":"https:\/\/esbozodeportivo.com\/index.php\/wp-json\/wp\/v2\/users\/4"}],"replies":[{"embeddable":true,"href":"https:\/\/esbozodeportivo.com\/index.php\/wp-json\/wp\/v2\/comments?post=14449"}],"version-history":[{"count":1,"href":"https:\/\/esbozodeportivo.com\/index.php\/wp-json\/wp\/v2\/posts\/14449\/revisions"}],"predecessor-version":[{"id":14450,"href":"https:\/\/esbozodeportivo.com\/index.php\/wp-json\/wp\/v2\/posts\/14449\/revisions\/14450"}],"wp:featuredmedia":[{"embeddable":true,"href":"https:\/\/esbozodeportivo.com\/index.php\/wp-json\/wp\/v2\/media\/14438"}],"wp:attachment":[{"href":"https:\/\/esbozodeportivo.com\/index.php\/wp-json\/wp\/v2\/media?parent=14449"}],"wp:term":[{"taxonomy":"category","embeddable":true,"href":"https:\/\/esbozodeportivo.com\/index.php\/wp-json\/wp\/v2\/categories?post=14449"},{"taxonomy":"post_tag","embeddable":true,"href":"https:\/\/esbozodeportivo.com\/index.php\/wp-json\/wp\/v2\/tags?post=14449"}],"curies":[{"name":"wp","href":"https:\/\/api.w.org\/{rel}","templated":true}]}}