{"id":14451,"date":"2026-04-30T20:53:10","date_gmt":"2026-05-01T02:53:10","guid":{"rendered":"https:\/\/esbozodeportivo.com\/?p=14451"},"modified":"2026-04-30T20:53:12","modified_gmt":"2026-05-01T02:53:12","slug":"gianni-infantino-quiere-reelegirse","status":"publish","type":"post","link":"https:\/\/esbozodeportivo.com\/index.php\/2026\/04\/30\/gianni-infantino-quiere-reelegirse\/","title":{"rendered":"Gianni Infantino quiere reelegirse"},"content":{"rendered":"\n<p>(Foto: Agencias) <\/p>\n\n\n\n<p>La votaci\u00f3n presidencial de la FIFA en 2027, que se prev\u00e9 le otorgue a Gianni Infantino un \u00faltimo mandato de cuatro a\u00f1os al frente, se realizar\u00e1 en Marruecos \u2014la segunda reuni\u00f3n electoral consecutiva del organismo en \u00c1frica, donde ha establecido s\u00f3lidos v\u00ednculos pol\u00edticos.<\/p>\n\n\n\n<p>Infantino anunci\u00f3 el jueves que el coanfitri\u00f3n del Mundial de 2030 organizar\u00e1 la reuni\u00f3n electoral del 18 de marzo con las 211 federaciones miembro de la FIFA, que actualmente se perfilan para reelegirlo sin oposici\u00f3n por tercera vez desde su primer triunfo en 2016 en una contienda de cinco candidatos.<\/p>\n\n\n\n<p>\u201cMe siento honrado y, al mismo tiempo, humilde\u201d, le dijo Infantino a los l\u00edderes del f\u00fatbol mundial antes de confirmar su inevitable candidatura para la elecci\u00f3n.<\/p>\n\n\n\n<p>La seguridad financiera de la FIFA, con reservas de varios miles de millones de d\u00f3lares impulsadas por un Mundial de 2026 en Norteam\u00e9rica de altos ingresos, permite pagar al menos 8 millones de d\u00f3lares durante este mandato presidencial a cada federaci\u00f3n miembro con derecho a voto.<\/p>\n\n\n\n<p>La FIFA le pag\u00f3 a Infantino m\u00e1s de 6 millones de d\u00f3lares el a\u00f1o pasado, en un cargo que le ha dado un perfil global como visitante habitual del presidente estadounidense Donald Trump, y del pr\u00edncipe heredero Mohammed bin Salman en Arabia Saud\u00ed, que albergar\u00e1 el Mundial de 2034.<\/p>\n\n\n\n<p>El Congreso de la FIFA de 2027 parec\u00eda que probablemente le tocar\u00eda a Europa u Ocean\u00eda, tras una serie de reuniones anuales en Canad\u00e1, Paraguay, Tailandia, Ruanda y Qatar.<\/p>\n\n\n\n<p>La FIFA eligi\u00f3 la capital ruandesa, Kigali, para su elecci\u00f3n de 2023, que Infantino gan\u00f3 por aclamaci\u00f3n. Desde 2021, se ha aliado con la Confederaci\u00f3n Africana de F\u00fatbol (CAF, por sus siglas en ingl\u00e9s) bajo el liderazgo del magnate minero sudafricano Patrice Motsepe.<\/p>\n\n\n\n<p>Esa elecci\u00f3n de la CAF tambi\u00e9n se celebr\u00f3 en Marruecos, que ahora es la principal potencia futbol\u00edstica de \u00c1frica.<\/p>\n\n\n\n<p>Durante d\u00e9cadas, se ha considerado que los votantes africanos \u2014un bloque de 54 entre los 211 miembros\u2014 son decisivos en las elecciones presidenciales de la FIFA.<\/p>\n\n\n\n<p>La CAF y Motsepe ya prometieron su apoyo a Infantino en Vancouver esta semana, incluso antes de que el periodo electoral se abra formalmente el jueves en el Congreso de la FIFA.<\/p>\n\n\n\n<p>El ascenso de Marruecos<\/p>\n\n\n\n<p>Marruecos ha sido uno de los grandes ganadores durante la presidencia de Infantino y albergar\u00e1 el Congreso de la FIFA de 2027 en Rabat, donde el organismo abri\u00f3 el a\u00f1o pasado su oficina regional africana.<\/p>\n\n\n\n<p>La naci\u00f3n del norte de \u00c1frica coorganizar\u00e1 el Mundial de 2030 con Espa\u00f1a y Portugal. Pero la organizaci\u00f3n de la reuni\u00f3n de la FIFA con funcionarios, socios comerciales y medios de comunicaci\u00f3n se perfila como una vitrina para el f\u00fatbol marroqu\u00ed y para su influyente dirigente, Fouzi Lekjaa, quien adem\u00e1s es ministro de Presupuesto del gobierno, nombrado por el rey Mohammed VI.<\/p>\n\n\n\n<p>Lekjaa es el vicepresidente de mayor rango de Motsepe en la CAF y forma parte del Consejo de la FIFA, que aprueba las estrategias del organismo y cuenta con 37 miembros y que preside el propio Infantino.<\/p>\n\n\n\n<p>Durante los 12 a\u00f1os de Lekjaa al frente de la federaci\u00f3n marroqu\u00ed de f\u00fatbol, la selecci\u00f3n masculina hizo historia en el Mundial de 2022 al convertirse en el primer equipo africano en alcanzar las semifinales.<\/p>\n\n\n\n<p>Eso impuls\u00f3 la campa\u00f1a de Marruecos para sumarse al proyecto Espa\u00f1a-Portugal para organizar el Mundial, que durante mucho tiempo se esperaba que fuera para Europa. Argentina, Paraguay y Uruguay, con sus respectivas selecciones, albergar\u00e1n partidos inaugurales en conmemoraci\u00f3n del centenario del primer Mundial.<\/p>\n\n\n\n<p>Marruecos organiz\u00f3 este a\u00f1o la Copa Africana de Naciones masculina, que termin\u00f3 en una final ca\u00f3tica y controvertida. Senegal gan\u00f3 el t\u00edtulo en el campo, Marruecos lo recibi\u00f3 por decisi\u00f3n de un panel de apelaciones de la CAF, y el resultado se resolver\u00e1 por la apelaci\u00f3n de Senegal, pendiente ante el Tribunal de Arbitraje Deportivo en Suiza.<\/p>\n\n\n\n<p>L\u00edmites de mandato en la FIFA<\/p>\n\n\n\n<p>Se espera que la presidencia de Infantino se extienda a 15 a\u00f1os, cuando alcanzar\u00e1 su l\u00edmite estatutario de mandato en 2031.<\/p>\n\n\n\n<p>Cuando Infantino fue elegido en febrero de 2016 en Z\u00farich, los miembros de la FIFA tambi\u00e9n aprobaron un l\u00edmite presidencial de 12 a\u00f1os dentro de un paquete de reformas de gobernanza impuesto por investigaciones federales en Estados Unidos sobre corrupci\u00f3n que implicaron a altos dirigentes del f\u00fatbol en todo el mundo.<\/p>\n\n\n\n<p>El mandato inicial de Infantino, de tres a\u00f1os hasta 2019 \u2014para completar el periodo de Sepp Blatter, quien fue destituido tras las consecuencias de las investigaciones\u2014, finalmente se decidi\u00f3 que no contara para el l\u00edmite de 12 a\u00f1os. Su primera reelecci\u00f3n la gan\u00f3 en Par\u00eds.<\/p>\n\n\n\n<p><\/p>\n","protected":false},"excerpt":{"rendered":"<p>(Foto: Agencias) La votaci\u00f3n presidencial de la FIFA en 2027, que se prev\u00e9 le otorgue<\/p>\n","protected":false},"author":4,"featured_media":14437,"comment_status":"closed","ping_status":"open","sticky":false,"template":"","format":"standard","meta":{"_jetpack_memberships_contains_paid_content":false,"footnotes":""},"categories":[138],"tags":[],"class_list":["post-14451","post","type-post","status-publish","format-standard","has-post-thumbnail","hentry","category-fifa"],"yoast_head":"<!-- This site is optimized with the Yoast SEO plugin v25.7 - https:\/\/yoast.com\/wordpress\/plugins\/seo\/ -->\n<title>Gianni Infantino quiere reelegirse - Esbozo Deportivo<\/title>\n<meta name=\"description\" content=\"La votaci\u00f3n presidencial de la FIFA en 2027, que se prev\u00e9 le otorgue a Gianni Infantino un \u00faltimo mandato de cuatro a\u00f1os al frente, se realizar\u00e1 en Marruecos \u2014la segunda reuni\u00f3n electoral consecutiva del organismo en \u00c1frica, donde ha establecido s\u00f3lidos v\u00ednculos pol\u00edticos.\" \/>\n<meta name=\"robots\" content=\"index, follow, max-snippet:-1, max-image-preview:large, max-video-preview:-1\" \/>\n<link rel=\"canonical\" href=\"https:\/\/esbozodeportivo.com\/index.php\/2026\/04\/30\/gianni-infantino-quiere-reelegirse\/\" \/>\n<meta property=\"og:locale\" content=\"es_MX\" \/>\n<meta property=\"og:type\" content=\"article\" \/>\n<meta property=\"og:title\" content=\"Gianni Infantino quiere reelegirse - Esbozo Deportivo\" \/>\n<meta property=\"og:description\" content=\"La votaci\u00f3n presidencial de la FIFA en 2027, que se prev\u00e9 le otorgue a Gianni Infantino un \u00faltimo mandato de cuatro a\u00f1os al frente, se realizar\u00e1 en Marruecos \u2014la segunda reuni\u00f3n electoral consecutiva del organismo en \u00c1frica, donde ha establecido s\u00f3lidos v\u00ednculos pol\u00edticos.\" \/>\n<meta property=\"og:url\" content=\"https:\/\/esbozodeportivo.com\/index.php\/2026\/04\/30\/gianni-infantino-quiere-reelegirse\/\" \/>\n<meta property=\"og:site_name\" content=\"Esbozo Deportivo\" \/>\n<meta property=\"article:published_time\" content=\"2026-05-01T02:53:10+00:00\" \/>\n<meta property=\"article:modified_time\" content=\"2026-05-01T02:53:12+00:00\" \/>\n<meta property=\"og:image\" content=\"https:\/\/esbozodeportivo.com\/wp-content\/uploads\/2026\/04\/35dada95-47ba-44af-bc96-f46829e87850.jpg\" \/>\n\t<meta property=\"og:image:width\" content=\"950\" \/>\n\t<meta property=\"og:image:height\" content=\"653\" \/>\n\t<meta property=\"og:image:type\" content=\"image\/jpeg\" \/>\n<meta name=\"author\" content=\"Redacci\u00f3n\" \/>\n<meta name=\"twitter:card\" content=\"summary_large_image\" \/>\n<meta name=\"twitter:label1\" content=\"Escrito por\" \/>\n\t<meta name=\"twitter:data1\" content=\"Redacci\u00f3n\" \/>\n\t<meta name=\"twitter:label2\" content=\"Tiempo de lectura\" \/>\n\t<meta name=\"twitter:data2\" content=\"4 minutos\" \/>\n<script type=\"application\/ld+json\" class=\"yoast-schema-graph\">{\"@context\":\"https:\/\/schema.org\",\"@graph\":[{\"@type\":\"Article\",\"@id\":\"https:\/\/esbozodeportivo.com\/index.php\/2026\/04\/30\/gianni-infantino-quiere-reelegirse\/#article\",\"isPartOf\":{\"@id\":\"https:\/\/esbozodeportivo.com\/index.php\/2026\/04\/30\/gianni-infantino-quiere-reelegirse\/\"},\"author\":{\"name\":\"Redacci\u00f3n\",\"@id\":\"https:\/\/esbozodeportivo.com\/#\/schema\/person\/0f6df9196dfe6740dd0bb31bae50d374\"},\"headline\":\"Gianni Infantino quiere reelegirse\",\"datePublished\":\"2026-05-01T02:53:10+00:00\",\"dateModified\":\"2026-05-01T02:53:12+00:00\",\"mainEntityOfPage\":{\"@id\":\"https:\/\/esbozodeportivo.com\/index.php\/2026\/04\/30\/gianni-infantino-quiere-reelegirse\/\"},\"wordCount\":807,\"publisher\":{\"@id\":\"https:\/\/esbozodeportivo.com\/#organization\"},\"image\":{\"@id\":\"https:\/\/esbozodeportivo.com\/index.php\/2026\/04\/30\/gianni-infantino-quiere-reelegirse\/#primaryimage\"},\"thumbnailUrl\":\"https:\/\/esbozodeportivo.com\/wp-content\/uploads\/2026\/04\/35dada95-47ba-44af-bc96-f46829e87850.jpg\",\"articleSection\":[\"FIFA\"],\"inLanguage\":\"es\"},{\"@type\":\"WebPage\",\"@id\":\"https:\/\/esbozodeportivo.com\/index.php\/2026\/04\/30\/gianni-infantino-quiere-reelegirse\/\",\"url\":\"https:\/\/esbozodeportivo.com\/index.php\/2026\/04\/30\/gianni-infantino-quiere-reelegirse\/\",\"name\":\"Gianni Infantino quiere reelegirse - Esbozo Deportivo\",\"isPartOf\":{\"@id\":\"https:\/\/esbozodeportivo.com\/#website\"},\"primaryImageOfPage\":{\"@id\":\"https:\/\/esbozodeportivo.com\/index.php\/2026\/04\/30\/gianni-infantino-quiere-reelegirse\/#primaryimage\"},\"image\":{\"@id\":\"https:\/\/esbozodeportivo.com\/index.php\/2026\/04\/30\/gianni-infantino-quiere-reelegirse\/#primaryimage\"},\"thumbnailUrl\":\"https:\/\/esbozodeportivo.com\/wp-content\/uploads\/2026\/04\/35dada95-47ba-44af-bc96-f46829e87850.jpg\",\"datePublished\":\"2026-05-01T02:53:10+00:00\",\"dateModified\":\"2026-05-01T02:53:12+00:00\",\"description\":\"La votaci\u00f3n presidencial de la FIFA en 2027, que se prev\u00e9 le otorgue a Gianni Infantino un \u00faltimo mandato de cuatro a\u00f1os al frente, se realizar\u00e1 en Marruecos \u2014la segunda reuni\u00f3n electoral consecutiva del organismo en \u00c1frica, donde ha establecido s\u00f3lidos v\u00ednculos pol\u00edticos.\",\"breadcrumb\":{\"@id\":\"https:\/\/esbozodeportivo.com\/index.php\/2026\/04\/30\/gianni-infantino-quiere-reelegirse\/#breadcrumb\"},\"inLanguage\":\"es\",\"potentialAction\":[{\"@type\":\"ReadAction\",\"target\":[\"https:\/\/esbozodeportivo.com\/index.php\/2026\/04\/30\/gianni-infantino-quiere-reelegirse\/\"]}]},{\"@type\":\"ImageObject\",\"inLanguage\":\"es\",\"@id\":\"https:\/\/esbozodeportivo.com\/index.php\/2026\/04\/30\/gianni-infantino-quiere-reelegirse\/#primaryimage\",\"url\":\"https:\/\/esbozodeportivo.com\/wp-content\/uploads\/2026\/04\/35dada95-47ba-44af-bc96-f46829e87850.jpg\",\"contentUrl\":\"https:\/\/esbozodeportivo.com\/wp-content\/uploads\/2026\/04\/35dada95-47ba-44af-bc96-f46829e87850.jpg\",\"width\":950,\"height\":653},{\"@type\":\"BreadcrumbList\",\"@id\":\"https:\/\/esbozodeportivo.com\/index.php\/2026\/04\/30\/gianni-infantino-quiere-reelegirse\/#breadcrumb\",\"itemListElement\":[{\"@type\":\"ListItem\",\"position\":1,\"name\":\"Inicio\",\"item\":\"https:\/\/esbozodeportivo.com\/\"},{\"@type\":\"ListItem\",\"position\":2,\"name\":\"Gianni Infantino quiere reelegirse\"}]},{\"@type\":\"WebSite\",\"@id\":\"https:\/\/esbozodeportivo.com\/#website\",\"url\":\"https:\/\/esbozodeportivo.com\/\",\"name\":\"Esbozo Deportivo\",\"description\":\"Lo m\u00e1s importante del Deporte\",\"publisher\":{\"@id\":\"https:\/\/esbozodeportivo.com\/#organization\"},\"potentialAction\":[{\"@type\":\"SearchAction\",\"target\":{\"@type\":\"EntryPoint\",\"urlTemplate\":\"https:\/\/esbozodeportivo.com\/?s={search_term_string}\"},\"query-input\":{\"@type\":\"PropertyValueSpecification\",\"valueRequired\":true,\"valueName\":\"search_term_string\"}}],\"inLanguage\":\"es\"},{\"@type\":\"Organization\",\"@id\":\"https:\/\/esbozodeportivo.com\/#organization\",\"name\":\"Esbozo Deportivo\",\"url\":\"https:\/\/esbozodeportivo.com\/\",\"logo\":{\"@type\":\"ImageObject\",\"inLanguage\":\"es\",\"@id\":\"https:\/\/esbozodeportivo.com\/#\/schema\/logo\/image\/\",\"url\":\"https:\/\/esbozodeportivo.com\/wp-content\/uploads\/2022\/08\/cropped-Logo-Esbozo-Web-2.png\",\"contentUrl\":\"https:\/\/esbozodeportivo.com\/wp-content\/uploads\/2022\/08\/cropped-Logo-Esbozo-Web-2.png\",\"width\":180,\"height\":50,\"caption\":\"Esbozo Deportivo\"},\"image\":{\"@id\":\"https:\/\/esbozodeportivo.com\/#\/schema\/logo\/image\/\"}},{\"@type\":\"Person\",\"@id\":\"https:\/\/esbozodeportivo.com\/#\/schema\/person\/0f6df9196dfe6740dd0bb31bae50d374\",\"name\":\"Redacci\u00f3n\",\"image\":{\"@type\":\"ImageObject\",\"inLanguage\":\"es\",\"@id\":\"https:\/\/esbozodeportivo.com\/#\/schema\/person\/image\/\",\"url\":\"https:\/\/secure.gravatar.com\/avatar\/f55268a89c3b418f2ef172ff52ab0d09b3e653c58de29539fe329fb93d78ebf3?s=96&d=mm&r=g\",\"contentUrl\":\"https:\/\/secure.gravatar.com\/avatar\/f55268a89c3b418f2ef172ff52ab0d09b3e653c58de29539fe329fb93d78ebf3?s=96&d=mm&r=g\",\"caption\":\"Redacci\u00f3n\"},\"url\":\"https:\/\/esbozodeportivo.com\/index.php\/author\/redaccion\/\"}]}<\/script>\n<!-- \/ Yoast SEO plugin. -->","yoast_head_json":{"title":"Gianni Infantino quiere reelegirse - Esbozo Deportivo","description":"La votaci\u00f3n presidencial de la FIFA en 2027, que se prev\u00e9 le otorgue a Gianni Infantino un \u00faltimo mandato de cuatro a\u00f1os al frente, se realizar\u00e1 en Marruecos \u2014la segunda reuni\u00f3n electoral consecutiva del organismo en \u00c1frica, donde ha establecido s\u00f3lidos v\u00ednculos pol\u00edticos.","robots":{"index":"index","follow":"follow","max-snippet":"max-snippet:-1","max-image-preview":"max-image-preview:large","max-video-preview":"max-video-preview:-1"},"canonical":"https:\/\/esbozodeportivo.com\/index.php\/2026\/04\/30\/gianni-infantino-quiere-reelegirse\/","og_locale":"es_MX","og_type":"article","og_title":"Gianni Infantino quiere reelegirse - Esbozo Deportivo","og_description":"La votaci\u00f3n presidencial de la FIFA en 2027, que se prev\u00e9 le otorgue a Gianni Infantino un \u00faltimo mandato de cuatro a\u00f1os al frente, se realizar\u00e1 en Marruecos \u2014la segunda reuni\u00f3n electoral consecutiva del organismo en \u00c1frica, donde ha establecido s\u00f3lidos v\u00ednculos pol\u00edticos.","og_url":"https:\/\/esbozodeportivo.com\/index.php\/2026\/04\/30\/gianni-infantino-quiere-reelegirse\/","og_site_name":"Esbozo Deportivo","article_published_time":"2026-05-01T02:53:10+00:00","article_modified_time":"2026-05-01T02:53:12+00:00","og_image":[{"width":950,"height":653,"url":"https:\/\/esbozodeportivo.com\/wp-content\/uploads\/2026\/04\/35dada95-47ba-44af-bc96-f46829e87850.jpg","type":"image\/jpeg"}],"author":"Redacci\u00f3n","twitter_card":"summary_large_image","twitter_misc":{"Escrito por":"Redacci\u00f3n","Tiempo de lectura":"4 minutos"},"schema":{"@context":"https:\/\/schema.org","@graph":[{"@type":"Article","@id":"https:\/\/esbozodeportivo.com\/index.php\/2026\/04\/30\/gianni-infantino-quiere-reelegirse\/#article","isPartOf":{"@id":"https:\/\/esbozodeportivo.com\/index.php\/2026\/04\/30\/gianni-infantino-quiere-reelegirse\/"},"author":{"name":"Redacci\u00f3n","@id":"https:\/\/esbozodeportivo.com\/#\/schema\/person\/0f6df9196dfe6740dd0bb31bae50d374"},"headline":"Gianni Infantino quiere reelegirse","datePublished":"2026-05-01T02:53:10+00:00","dateModified":"2026-05-01T02:53:12+00:00","mainEntityOfPage":{"@id":"https:\/\/esbozodeportivo.com\/index.php\/2026\/04\/30\/gianni-infantino-quiere-reelegirse\/"},"wordCount":807,"publisher":{"@id":"https:\/\/esbozodeportivo.com\/#organization"},"image":{"@id":"https:\/\/esbozodeportivo.com\/index.php\/2026\/04\/30\/gianni-infantino-quiere-reelegirse\/#primaryimage"},"thumbnailUrl":"https:\/\/esbozodeportivo.com\/wp-content\/uploads\/2026\/04\/35dada95-47ba-44af-bc96-f46829e87850.jpg","articleSection":["FIFA"],"inLanguage":"es"},{"@type":"WebPage","@id":"https:\/\/esbozodeportivo.com\/index.php\/2026\/04\/30\/gianni-infantino-quiere-reelegirse\/","url":"https:\/\/esbozodeportivo.com\/index.php\/2026\/04\/30\/gianni-infantino-quiere-reelegirse\/","name":"Gianni Infantino quiere reelegirse - Esbozo Deportivo","isPartOf":{"@id":"https:\/\/esbozodeportivo.com\/#website"},"primaryImageOfPage":{"@id":"https:\/\/esbozodeportivo.com\/index.php\/2026\/04\/30\/gianni-infantino-quiere-reelegirse\/#primaryimage"},"image":{"@id":"https:\/\/esbozodeportivo.com\/index.php\/2026\/04\/30\/gianni-infantino-quiere-reelegirse\/#primaryimage"},"thumbnailUrl":"https:\/\/esbozodeportivo.com\/wp-content\/uploads\/2026\/04\/35dada95-47ba-44af-bc96-f46829e87850.jpg","datePublished":"2026-05-01T02:53:10+00:00","dateModified":"2026-05-01T02:53:12+00:00","description":"La votaci\u00f3n presidencial de la FIFA en 2027, que se prev\u00e9 le otorgue a Gianni Infantino un \u00faltimo mandato de cuatro a\u00f1os al frente, se realizar\u00e1 en Marruecos \u2014la segunda reuni\u00f3n electoral consecutiva del organismo en \u00c1frica, donde ha establecido s\u00f3lidos v\u00ednculos pol\u00edticos.","breadcrumb":{"@id":"https:\/\/esbozodeportivo.com\/index.php\/2026\/04\/30\/gianni-infantino-quiere-reelegirse\/#breadcrumb"},"inLanguage":"es","potentialAction":[{"@type":"ReadAction","target":["https:\/\/esbozodeportivo.com\/index.php\/2026\/04\/30\/gianni-infantino-quiere-reelegirse\/"]}]},{"@type":"ImageObject","inLanguage":"es","@id":"https:\/\/esbozodeportivo.com\/index.php\/2026\/04\/30\/gianni-infantino-quiere-reelegirse\/#primaryimage","url":"https:\/\/esbozodeportivo.com\/wp-content\/uploads\/2026\/04\/35dada95-47ba-44af-bc96-f46829e87850.jpg","contentUrl":"https:\/\/esbozodeportivo.com\/wp-content\/uploads\/2026\/04\/35dada95-47ba-44af-bc96-f46829e87850.jpg","width":950,"height":653},{"@type":"BreadcrumbList","@id":"https:\/\/esbozodeportivo.com\/index.php\/2026\/04\/30\/gianni-infantino-quiere-reelegirse\/#breadcrumb","itemListElement":[{"@type":"ListItem","position":1,"name":"Inicio","item":"https:\/\/esbozodeportivo.com\/"},{"@type":"ListItem","position":2,"name":"Gianni Infantino quiere reelegirse"}]},{"@type":"WebSite","@id":"https:\/\/esbozodeportivo.com\/#website","url":"https:\/\/esbozodeportivo.com\/","name":"Esbozo Deportivo","description":"Lo m\u00e1s importante del Deporte","publisher":{"@id":"https:\/\/esbozodeportivo.com\/#organization"},"potentialAction":[{"@type":"SearchAction","target":{"@type":"EntryPoint","urlTemplate":"https:\/\/esbozodeportivo.com\/?s={search_term_string}"},"query-input":{"@type":"PropertyValueSpecification","valueRequired":true,"valueName":"search_term_string"}}],"inLanguage":"es"},{"@type":"Organization","@id":"https:\/\/esbozodeportivo.com\/#organization","name":"Esbozo Deportivo","url":"https:\/\/esbozodeportivo.com\/","logo":{"@type":"ImageObject","inLanguage":"es","@id":"https:\/\/esbozodeportivo.com\/#\/schema\/logo\/image\/","url":"https:\/\/esbozodeportivo.com\/wp-content\/uploads\/2022\/08\/cropped-Logo-Esbozo-Web-2.png","contentUrl":"https:\/\/esbozodeportivo.com\/wp-content\/uploads\/2022\/08\/cropped-Logo-Esbozo-Web-2.png","width":180,"height":50,"caption":"Esbozo Deportivo"},"image":{"@id":"https:\/\/esbozodeportivo.com\/#\/schema\/logo\/image\/"}},{"@type":"Person","@id":"https:\/\/esbozodeportivo.com\/#\/schema\/person\/0f6df9196dfe6740dd0bb31bae50d374","name":"Redacci\u00f3n","image":{"@type":"ImageObject","inLanguage":"es","@id":"https:\/\/esbozodeportivo.com\/#\/schema\/person\/image\/","url":"https:\/\/secure.gravatar.com\/avatar\/f55268a89c3b418f2ef172ff52ab0d09b3e653c58de29539fe329fb93d78ebf3?s=96&d=mm&r=g","contentUrl":"https:\/\/secure.gravatar.com\/avatar\/f55268a89c3b418f2ef172ff52ab0d09b3e653c58de29539fe329fb93d78ebf3?s=96&d=mm&r=g","caption":"Redacci\u00f3n"},"url":"https:\/\/esbozodeportivo.com\/index.php\/author\/redaccion\/"}]}},"jetpack_featured_media_url":"https:\/\/esbozodeportivo.com\/wp-content\/uploads\/2026\/04\/35dada95-47ba-44af-bc96-f46829e87850.jpg","jetpack_sharing_enabled":true,"_links":{"self":[{"href":"https:\/\/esbozodeportivo.com\/index.php\/wp-json\/wp\/v2\/posts\/14451","targetHints":{"allow":["GET"]}}],"collection":[{"href":"https:\/\/esbozodeportivo.com\/index.php\/wp-json\/wp\/v2\/posts"}],"about":[{"href":"https:\/\/esbozodeportivo.com\/index.php\/wp-json\/wp\/v2\/types\/post"}],"author":[{"embeddable":true,"href":"https:\/\/esbozodeportivo.com\/index.php\/wp-json\/wp\/v2\/users\/4"}],"replies":[{"embeddable":true,"href":"https:\/\/esbozodeportivo.com\/index.php\/wp-json\/wp\/v2\/comments?post=14451"}],"version-history":[{"count":1,"href":"https:\/\/esbozodeportivo.com\/index.php\/wp-json\/wp\/v2\/posts\/14451\/revisions"}],"predecessor-version":[{"id":14452,"href":"https:\/\/esbozodeportivo.com\/index.php\/wp-json\/wp\/v2\/posts\/14451\/revisions\/14452"}],"wp:featuredmedia":[{"embeddable":true,"href":"https:\/\/esbozodeportivo.com\/index.php\/wp-json\/wp\/v2\/media\/14437"}],"wp:attachment":[{"href":"https:\/\/esbozodeportivo.com\/index.php\/wp-json\/wp\/v2\/media?parent=14451"}],"wp:term":[{"taxonomy":"category","embeddable":true,"href":"https:\/\/esbozodeportivo.com\/index.php\/wp-json\/wp\/v2\/categories?post=14451"},{"taxonomy":"post_tag","embeddable":true,"href":"https:\/\/esbozodeportivo.com\/index.php\/wp-json\/wp\/v2\/tags?post=14451"}],"curies":[{"name":"wp","href":"https:\/\/api.w.org\/{rel}","templated":true}]}}