{"id":14455,"date":"2026-04-30T20:57:10","date_gmt":"2026-05-01T02:57:10","guid":{"rendered":"https:\/\/esbozodeportivo.com\/?p=14455"},"modified":"2026-04-30T20:57:11","modified_gmt":"2026-05-01T02:57:11","slug":"iran-estara-en-la-copa-del-mundo-fifa","status":"publish","type":"post","link":"https:\/\/esbozodeportivo.com\/index.php\/2026\/04\/30\/iran-estara-en-la-copa-del-mundo-fifa\/","title":{"rendered":"Ir\u00e1n estar\u00e1 en la Copa del Mundo: FIFA"},"content":{"rendered":"\n<p>(Foto: Agencias) <\/p>\n\n\n\n<p>El presidente de la FIFA Gianni Infantino abri\u00f3 su discurso en el Congreso de la FIFA con una reiteraci\u00f3n de que Ir\u00e1n participar\u00e1 en el Mundial y que el equipo jugar\u00e1 en Estados Unidos pese al conflicto entre ambas naciones.<\/p>\n\n\n\n<p>\u201cY la raz\u00f3n de eso es muy simple, queridos amigos, es porque tenemos que unirnos. Tenemos que reunir a la gente. Es mi responsabilidad. Es nuestra responsabilidad\u201d, manifest\u00f3 Infantino. \u201cEl f\u00fatbol une al mundo. La FIFA une al mundo. Ustedes unen al mundo. Nosotros unimos al mundo\u201d.<\/p>\n\n\n\n<p>Como indicio de lo delicada que es la situaci\u00f3n con la participaci\u00f3n de Ir\u00e1n en la Copa del Mundo, a representantes de la federaci\u00f3n iran\u00ed de f\u00fatbol se les neg\u00f3 la entrada a Canad\u00e1 esta semana.<\/p>\n\n\n\n<p>La ministra canadiense de Asuntos Exteriores, Anita Anand, se\u00f1al\u00f3 que ten\u00eda el \u201centendimiento\u201d de que a los funcionarios iran\u00edes se les impidi\u00f3 el ingreso, tras un reporte de Tasnim, una agencia de noticias iran\u00ed asociada con el Cuerpo de la Guardia Revolucionaria Isl\u00e1mica. El informe indic\u00f3 que al presidente de la federaci\u00f3n iran\u00ed de f\u00fatbol, Mehdi Taj, y a otros dos funcionarios se les neg\u00f3 la entrada en el aeropuerto de Toronto.<\/p>\n\n\n\n<p>A comienzos de la semana, en el congreso de la confederaci\u00f3n asi\u00e1tica de f\u00fatbol en Vancouver, no se abord\u00f3 la participaci\u00f3n de Ir\u00e1n en el Mundial ni si los partidos del equipo deber\u00edan trasladarse fuera de Estados Unidos.<\/p>\n\n\n\n<p>En el pase de lista del Congreso de la FIFA, en el que se nombr\u00f3 a todas las naciones, se anunci\u00f3 que Ir\u00e1n estaba ausente. Fuera del evento, en el Centro de Convenciones de Vancouver, hab\u00eda un peque\u00f1o grupo de manifestantes que sosten\u00eda banderas iran\u00edes.<\/p>\n\n\n\n<p>Infantino no ha vacilado respecto a la participaci\u00f3n de Ir\u00e1n en el Mundial ni en cuanto a que dispute sus partidos en Estados Unidos. En un momento, Ir\u00e1n pidi\u00f3 trasladar sus partidos a M\u00e9xico, pero esa solicitud fue rechazada.<\/p>\n\n\n\n<p>La Copa del Mundo arranca el 11 de junio y la final est\u00e1 programada para el 19 de julio, con partidos en Estados Unidos, Canad\u00e1 y M\u00e9xico.<\/p>\n\n\n\n<p><\/p>\n","protected":false},"excerpt":{"rendered":"<p>(Foto: Agencias) El presidente de la FIFA Gianni Infantino abri\u00f3 su discurso en el Congreso<\/p>\n","protected":false},"author":4,"featured_media":14442,"comment_status":"closed","ping_status":"open","sticky":false,"template":"","format":"standard","meta":{"_jetpack_memberships_contains_paid_content":false,"footnotes":""},"categories":[71],"tags":[],"class_list":["post-14455","post","type-post","status-publish","format-standard","has-post-thumbnail","hentry","category-mundial-2026"],"yoast_head":"<!-- This site is optimized with the Yoast SEO plugin v25.7 - https:\/\/yoast.com\/wordpress\/plugins\/seo\/ -->\n<title>Ir\u00e1n estar\u00e1 en la Copa del Mundo: FIFA - Esbozo Deportivo<\/title>\n<meta name=\"description\" content=\"El presidente de la FIFA Gianni Infantino abri\u00f3 su discurso en el Congreso de la FIFA con una reiteraci\u00f3n de que Ir\u00e1n participar\u00e1 en el Mundial y que el equipo jugar\u00e1 en Estados Unidos pese al conflicto entre ambas naciones.\" \/>\n<meta name=\"robots\" content=\"index, follow, max-snippet:-1, max-image-preview:large, max-video-preview:-1\" \/>\n<link rel=\"canonical\" href=\"https:\/\/esbozodeportivo.com\/index.php\/2026\/04\/30\/iran-estara-en-la-copa-del-mundo-fifa\/\" \/>\n<meta property=\"og:locale\" content=\"es_MX\" \/>\n<meta property=\"og:type\" content=\"article\" \/>\n<meta property=\"og:title\" content=\"Ir\u00e1n estar\u00e1 en la Copa del Mundo: FIFA - Esbozo Deportivo\" \/>\n<meta property=\"og:description\" content=\"El presidente de la FIFA Gianni Infantino abri\u00f3 su discurso en el Congreso de la FIFA con una reiteraci\u00f3n de que Ir\u00e1n participar\u00e1 en el Mundial y que el equipo jugar\u00e1 en Estados Unidos pese al conflicto entre ambas naciones.\" \/>\n<meta property=\"og:url\" content=\"https:\/\/esbozodeportivo.com\/index.php\/2026\/04\/30\/iran-estara-en-la-copa-del-mundo-fifa\/\" \/>\n<meta property=\"og:site_name\" content=\"Esbozo Deportivo\" \/>\n<meta property=\"article:published_time\" content=\"2026-05-01T02:57:10+00:00\" \/>\n<meta property=\"article:modified_time\" content=\"2026-05-01T02:57:11+00:00\" \/>\n<meta property=\"og:image\" content=\"https:\/\/esbozodeportivo.com\/wp-content\/uploads\/2026\/04\/b94e8d41-6024-4302-9696-51e5d54e2e15.jpg\" \/>\n\t<meta property=\"og:image:width\" content=\"980\" \/>\n\t<meta property=\"og:image:height\" content=\"653\" \/>\n\t<meta property=\"og:image:type\" content=\"image\/jpeg\" \/>\n<meta name=\"author\" content=\"Redacci\u00f3n\" \/>\n<meta name=\"twitter:card\" content=\"summary_large_image\" \/>\n<meta name=\"twitter:label1\" content=\"Escrito por\" \/>\n\t<meta name=\"twitter:data1\" content=\"Redacci\u00f3n\" \/>\n\t<meta name=\"twitter:label2\" content=\"Tiempo de lectura\" \/>\n\t<meta name=\"twitter:data2\" content=\"2 minutos\" \/>\n<script type=\"application\/ld+json\" class=\"yoast-schema-graph\">{\"@context\":\"https:\/\/schema.org\",\"@graph\":[{\"@type\":\"Article\",\"@id\":\"https:\/\/esbozodeportivo.com\/index.php\/2026\/04\/30\/iran-estara-en-la-copa-del-mundo-fifa\/#article\",\"isPartOf\":{\"@id\":\"https:\/\/esbozodeportivo.com\/index.php\/2026\/04\/30\/iran-estara-en-la-copa-del-mundo-fifa\/\"},\"author\":{\"name\":\"Redacci\u00f3n\",\"@id\":\"https:\/\/esbozodeportivo.com\/#\/schema\/person\/0f6df9196dfe6740dd0bb31bae50d374\"},\"headline\":\"Ir\u00e1n estar\u00e1 en la Copa del Mundo: FIFA\",\"datePublished\":\"2026-05-01T02:57:10+00:00\",\"dateModified\":\"2026-05-01T02:57:11+00:00\",\"mainEntityOfPage\":{\"@id\":\"https:\/\/esbozodeportivo.com\/index.php\/2026\/04\/30\/iran-estara-en-la-copa-del-mundo-fifa\/\"},\"wordCount\":384,\"publisher\":{\"@id\":\"https:\/\/esbozodeportivo.com\/#organization\"},\"image\":{\"@id\":\"https:\/\/esbozodeportivo.com\/index.php\/2026\/04\/30\/iran-estara-en-la-copa-del-mundo-fifa\/#primaryimage\"},\"thumbnailUrl\":\"https:\/\/esbozodeportivo.com\/wp-content\/uploads\/2026\/04\/b94e8d41-6024-4302-9696-51e5d54e2e15.jpg\",\"articleSection\":[\"Mundial 2026\"],\"inLanguage\":\"es\"},{\"@type\":\"WebPage\",\"@id\":\"https:\/\/esbozodeportivo.com\/index.php\/2026\/04\/30\/iran-estara-en-la-copa-del-mundo-fifa\/\",\"url\":\"https:\/\/esbozodeportivo.com\/index.php\/2026\/04\/30\/iran-estara-en-la-copa-del-mundo-fifa\/\",\"name\":\"Ir\u00e1n estar\u00e1 en la Copa del Mundo: FIFA - Esbozo Deportivo\",\"isPartOf\":{\"@id\":\"https:\/\/esbozodeportivo.com\/#website\"},\"primaryImageOfPage\":{\"@id\":\"https:\/\/esbozodeportivo.com\/index.php\/2026\/04\/30\/iran-estara-en-la-copa-del-mundo-fifa\/#primaryimage\"},\"image\":{\"@id\":\"https:\/\/esbozodeportivo.com\/index.php\/2026\/04\/30\/iran-estara-en-la-copa-del-mundo-fifa\/#primaryimage\"},\"thumbnailUrl\":\"https:\/\/esbozodeportivo.com\/wp-content\/uploads\/2026\/04\/b94e8d41-6024-4302-9696-51e5d54e2e15.jpg\",\"datePublished\":\"2026-05-01T02:57:10+00:00\",\"dateModified\":\"2026-05-01T02:57:11+00:00\",\"description\":\"El presidente de la FIFA Gianni Infantino abri\u00f3 su discurso en el Congreso de la FIFA con una reiteraci\u00f3n de que Ir\u00e1n participar\u00e1 en el Mundial y que el equipo jugar\u00e1 en Estados Unidos pese al conflicto entre ambas naciones.\",\"breadcrumb\":{\"@id\":\"https:\/\/esbozodeportivo.com\/index.php\/2026\/04\/30\/iran-estara-en-la-copa-del-mundo-fifa\/#breadcrumb\"},\"inLanguage\":\"es\",\"potentialAction\":[{\"@type\":\"ReadAction\",\"target\":[\"https:\/\/esbozodeportivo.com\/index.php\/2026\/04\/30\/iran-estara-en-la-copa-del-mundo-fifa\/\"]}]},{\"@type\":\"ImageObject\",\"inLanguage\":\"es\",\"@id\":\"https:\/\/esbozodeportivo.com\/index.php\/2026\/04\/30\/iran-estara-en-la-copa-del-mundo-fifa\/#primaryimage\",\"url\":\"https:\/\/esbozodeportivo.com\/wp-content\/uploads\/2026\/04\/b94e8d41-6024-4302-9696-51e5d54e2e15.jpg\",\"contentUrl\":\"https:\/\/esbozodeportivo.com\/wp-content\/uploads\/2026\/04\/b94e8d41-6024-4302-9696-51e5d54e2e15.jpg\",\"width\":980,\"height\":653},{\"@type\":\"BreadcrumbList\",\"@id\":\"https:\/\/esbozodeportivo.com\/index.php\/2026\/04\/30\/iran-estara-en-la-copa-del-mundo-fifa\/#breadcrumb\",\"itemListElement\":[{\"@type\":\"ListItem\",\"position\":1,\"name\":\"Inicio\",\"item\":\"https:\/\/esbozodeportivo.com\/\"},{\"@type\":\"ListItem\",\"position\":2,\"name\":\"Ir\u00e1n estar\u00e1 en la Copa del Mundo: FIFA\"}]},{\"@type\":\"WebSite\",\"@id\":\"https:\/\/esbozodeportivo.com\/#website\",\"url\":\"https:\/\/esbozodeportivo.com\/\",\"name\":\"Esbozo Deportivo\",\"description\":\"Lo m\u00e1s importante del Deporte\",\"publisher\":{\"@id\":\"https:\/\/esbozodeportivo.com\/#organization\"},\"potentialAction\":[{\"@type\":\"SearchAction\",\"target\":{\"@type\":\"EntryPoint\",\"urlTemplate\":\"https:\/\/esbozodeportivo.com\/?s={search_term_string}\"},\"query-input\":{\"@type\":\"PropertyValueSpecification\",\"valueRequired\":true,\"valueName\":\"search_term_string\"}}],\"inLanguage\":\"es\"},{\"@type\":\"Organization\",\"@id\":\"https:\/\/esbozodeportivo.com\/#organization\",\"name\":\"Esbozo Deportivo\",\"url\":\"https:\/\/esbozodeportivo.com\/\",\"logo\":{\"@type\":\"ImageObject\",\"inLanguage\":\"es\",\"@id\":\"https:\/\/esbozodeportivo.com\/#\/schema\/logo\/image\/\",\"url\":\"https:\/\/esbozodeportivo.com\/wp-content\/uploads\/2022\/08\/cropped-Logo-Esbozo-Web-2.png\",\"contentUrl\":\"https:\/\/esbozodeportivo.com\/wp-content\/uploads\/2022\/08\/cropped-Logo-Esbozo-Web-2.png\",\"width\":180,\"height\":50,\"caption\":\"Esbozo Deportivo\"},\"image\":{\"@id\":\"https:\/\/esbozodeportivo.com\/#\/schema\/logo\/image\/\"}},{\"@type\":\"Person\",\"@id\":\"https:\/\/esbozodeportivo.com\/#\/schema\/person\/0f6df9196dfe6740dd0bb31bae50d374\",\"name\":\"Redacci\u00f3n\",\"image\":{\"@type\":\"ImageObject\",\"inLanguage\":\"es\",\"@id\":\"https:\/\/esbozodeportivo.com\/#\/schema\/person\/image\/\",\"url\":\"https:\/\/secure.gravatar.com\/avatar\/f55268a89c3b418f2ef172ff52ab0d09b3e653c58de29539fe329fb93d78ebf3?s=96&d=mm&r=g\",\"contentUrl\":\"https:\/\/secure.gravatar.com\/avatar\/f55268a89c3b418f2ef172ff52ab0d09b3e653c58de29539fe329fb93d78ebf3?s=96&d=mm&r=g\",\"caption\":\"Redacci\u00f3n\"},\"url\":\"https:\/\/esbozodeportivo.com\/index.php\/author\/redaccion\/\"}]}<\/script>\n<!-- \/ Yoast SEO plugin. -->","yoast_head_json":{"title":"Ir\u00e1n estar\u00e1 en la Copa del Mundo: FIFA - Esbozo Deportivo","description":"El presidente de la FIFA Gianni Infantino abri\u00f3 su discurso en el Congreso de la FIFA con una reiteraci\u00f3n de que Ir\u00e1n participar\u00e1 en el Mundial y que el equipo jugar\u00e1 en Estados Unidos pese al conflicto entre ambas naciones.","robots":{"index":"index","follow":"follow","max-snippet":"max-snippet:-1","max-image-preview":"max-image-preview:large","max-video-preview":"max-video-preview:-1"},"canonical":"https:\/\/esbozodeportivo.com\/index.php\/2026\/04\/30\/iran-estara-en-la-copa-del-mundo-fifa\/","og_locale":"es_MX","og_type":"article","og_title":"Ir\u00e1n estar\u00e1 en la Copa del Mundo: FIFA - Esbozo Deportivo","og_description":"El presidente de la FIFA Gianni Infantino abri\u00f3 su discurso en el Congreso de la FIFA con una reiteraci\u00f3n de que Ir\u00e1n participar\u00e1 en el Mundial y que el equipo jugar\u00e1 en Estados Unidos pese al conflicto entre ambas naciones.","og_url":"https:\/\/esbozodeportivo.com\/index.php\/2026\/04\/30\/iran-estara-en-la-copa-del-mundo-fifa\/","og_site_name":"Esbozo Deportivo","article_published_time":"2026-05-01T02:57:10+00:00","article_modified_time":"2026-05-01T02:57:11+00:00","og_image":[{"width":980,"height":653,"url":"https:\/\/esbozodeportivo.com\/wp-content\/uploads\/2026\/04\/b94e8d41-6024-4302-9696-51e5d54e2e15.jpg","type":"image\/jpeg"}],"author":"Redacci\u00f3n","twitter_card":"summary_large_image","twitter_misc":{"Escrito por":"Redacci\u00f3n","Tiempo de lectura":"2 minutos"},"schema":{"@context":"https:\/\/schema.org","@graph":[{"@type":"Article","@id":"https:\/\/esbozodeportivo.com\/index.php\/2026\/04\/30\/iran-estara-en-la-copa-del-mundo-fifa\/#article","isPartOf":{"@id":"https:\/\/esbozodeportivo.com\/index.php\/2026\/04\/30\/iran-estara-en-la-copa-del-mundo-fifa\/"},"author":{"name":"Redacci\u00f3n","@id":"https:\/\/esbozodeportivo.com\/#\/schema\/person\/0f6df9196dfe6740dd0bb31bae50d374"},"headline":"Ir\u00e1n estar\u00e1 en la Copa del Mundo: FIFA","datePublished":"2026-05-01T02:57:10+00:00","dateModified":"2026-05-01T02:57:11+00:00","mainEntityOfPage":{"@id":"https:\/\/esbozodeportivo.com\/index.php\/2026\/04\/30\/iran-estara-en-la-copa-del-mundo-fifa\/"},"wordCount":384,"publisher":{"@id":"https:\/\/esbozodeportivo.com\/#organization"},"image":{"@id":"https:\/\/esbozodeportivo.com\/index.php\/2026\/04\/30\/iran-estara-en-la-copa-del-mundo-fifa\/#primaryimage"},"thumbnailUrl":"https:\/\/esbozodeportivo.com\/wp-content\/uploads\/2026\/04\/b94e8d41-6024-4302-9696-51e5d54e2e15.jpg","articleSection":["Mundial 2026"],"inLanguage":"es"},{"@type":"WebPage","@id":"https:\/\/esbozodeportivo.com\/index.php\/2026\/04\/30\/iran-estara-en-la-copa-del-mundo-fifa\/","url":"https:\/\/esbozodeportivo.com\/index.php\/2026\/04\/30\/iran-estara-en-la-copa-del-mundo-fifa\/","name":"Ir\u00e1n estar\u00e1 en la Copa del Mundo: FIFA - Esbozo Deportivo","isPartOf":{"@id":"https:\/\/esbozodeportivo.com\/#website"},"primaryImageOfPage":{"@id":"https:\/\/esbozodeportivo.com\/index.php\/2026\/04\/30\/iran-estara-en-la-copa-del-mundo-fifa\/#primaryimage"},"image":{"@id":"https:\/\/esbozodeportivo.com\/index.php\/2026\/04\/30\/iran-estara-en-la-copa-del-mundo-fifa\/#primaryimage"},"thumbnailUrl":"https:\/\/esbozodeportivo.com\/wp-content\/uploads\/2026\/04\/b94e8d41-6024-4302-9696-51e5d54e2e15.jpg","datePublished":"2026-05-01T02:57:10+00:00","dateModified":"2026-05-01T02:57:11+00:00","description":"El presidente de la FIFA Gianni Infantino abri\u00f3 su discurso en el Congreso de la FIFA con una reiteraci\u00f3n de que Ir\u00e1n participar\u00e1 en el Mundial y que el equipo jugar\u00e1 en Estados Unidos pese al conflicto entre ambas naciones.","breadcrumb":{"@id":"https:\/\/esbozodeportivo.com\/index.php\/2026\/04\/30\/iran-estara-en-la-copa-del-mundo-fifa\/#breadcrumb"},"inLanguage":"es","potentialAction":[{"@type":"ReadAction","target":["https:\/\/esbozodeportivo.com\/index.php\/2026\/04\/30\/iran-estara-en-la-copa-del-mundo-fifa\/"]}]},{"@type":"ImageObject","inLanguage":"es","@id":"https:\/\/esbozodeportivo.com\/index.php\/2026\/04\/30\/iran-estara-en-la-copa-del-mundo-fifa\/#primaryimage","url":"https:\/\/esbozodeportivo.com\/wp-content\/uploads\/2026\/04\/b94e8d41-6024-4302-9696-51e5d54e2e15.jpg","contentUrl":"https:\/\/esbozodeportivo.com\/wp-content\/uploads\/2026\/04\/b94e8d41-6024-4302-9696-51e5d54e2e15.jpg","width":980,"height":653},{"@type":"BreadcrumbList","@id":"https:\/\/esbozodeportivo.com\/index.php\/2026\/04\/30\/iran-estara-en-la-copa-del-mundo-fifa\/#breadcrumb","itemListElement":[{"@type":"ListItem","position":1,"name":"Inicio","item":"https:\/\/esbozodeportivo.com\/"},{"@type":"ListItem","position":2,"name":"Ir\u00e1n estar\u00e1 en la Copa del Mundo: FIFA"}]},{"@type":"WebSite","@id":"https:\/\/esbozodeportivo.com\/#website","url":"https:\/\/esbozodeportivo.com\/","name":"Esbozo Deportivo","description":"Lo m\u00e1s importante del Deporte","publisher":{"@id":"https:\/\/esbozodeportivo.com\/#organization"},"potentialAction":[{"@type":"SearchAction","target":{"@type":"EntryPoint","urlTemplate":"https:\/\/esbozodeportivo.com\/?s={search_term_string}"},"query-input":{"@type":"PropertyValueSpecification","valueRequired":true,"valueName":"search_term_string"}}],"inLanguage":"es"},{"@type":"Organization","@id":"https:\/\/esbozodeportivo.com\/#organization","name":"Esbozo Deportivo","url":"https:\/\/esbozodeportivo.com\/","logo":{"@type":"ImageObject","inLanguage":"es","@id":"https:\/\/esbozodeportivo.com\/#\/schema\/logo\/image\/","url":"https:\/\/esbozodeportivo.com\/wp-content\/uploads\/2022\/08\/cropped-Logo-Esbozo-Web-2.png","contentUrl":"https:\/\/esbozodeportivo.com\/wp-content\/uploads\/2022\/08\/cropped-Logo-Esbozo-Web-2.png","width":180,"height":50,"caption":"Esbozo Deportivo"},"image":{"@id":"https:\/\/esbozodeportivo.com\/#\/schema\/logo\/image\/"}},{"@type":"Person","@id":"https:\/\/esbozodeportivo.com\/#\/schema\/person\/0f6df9196dfe6740dd0bb31bae50d374","name":"Redacci\u00f3n","image":{"@type":"ImageObject","inLanguage":"es","@id":"https:\/\/esbozodeportivo.com\/#\/schema\/person\/image\/","url":"https:\/\/secure.gravatar.com\/avatar\/f55268a89c3b418f2ef172ff52ab0d09b3e653c58de29539fe329fb93d78ebf3?s=96&d=mm&r=g","contentUrl":"https:\/\/secure.gravatar.com\/avatar\/f55268a89c3b418f2ef172ff52ab0d09b3e653c58de29539fe329fb93d78ebf3?s=96&d=mm&r=g","caption":"Redacci\u00f3n"},"url":"https:\/\/esbozodeportivo.com\/index.php\/author\/redaccion\/"}]}},"jetpack_featured_media_url":"https:\/\/esbozodeportivo.com\/wp-content\/uploads\/2026\/04\/b94e8d41-6024-4302-9696-51e5d54e2e15.jpg","jetpack_sharing_enabled":true,"_links":{"self":[{"href":"https:\/\/esbozodeportivo.com\/index.php\/wp-json\/wp\/v2\/posts\/14455","targetHints":{"allow":["GET"]}}],"collection":[{"href":"https:\/\/esbozodeportivo.com\/index.php\/wp-json\/wp\/v2\/posts"}],"about":[{"href":"https:\/\/esbozodeportivo.com\/index.php\/wp-json\/wp\/v2\/types\/post"}],"author":[{"embeddable":true,"href":"https:\/\/esbozodeportivo.com\/index.php\/wp-json\/wp\/v2\/users\/4"}],"replies":[{"embeddable":true,"href":"https:\/\/esbozodeportivo.com\/index.php\/wp-json\/wp\/v2\/comments?post=14455"}],"version-history":[{"count":1,"href":"https:\/\/esbozodeportivo.com\/index.php\/wp-json\/wp\/v2\/posts\/14455\/revisions"}],"predecessor-version":[{"id":14456,"href":"https:\/\/esbozodeportivo.com\/index.php\/wp-json\/wp\/v2\/posts\/14455\/revisions\/14456"}],"wp:featuredmedia":[{"embeddable":true,"href":"https:\/\/esbozodeportivo.com\/index.php\/wp-json\/wp\/v2\/media\/14442"}],"wp:attachment":[{"href":"https:\/\/esbozodeportivo.com\/index.php\/wp-json\/wp\/v2\/media?parent=14455"}],"wp:term":[{"taxonomy":"category","embeddable":true,"href":"https:\/\/esbozodeportivo.com\/index.php\/wp-json\/wp\/v2\/categories?post=14455"},{"taxonomy":"post_tag","embeddable":true,"href":"https:\/\/esbozodeportivo.com\/index.php\/wp-json\/wp\/v2\/tags?post=14455"}],"curies":[{"name":"wp","href":"https:\/\/api.w.org\/{rel}","templated":true}]}}