{"id":14458,"date":"2026-04-30T21:03:01","date_gmt":"2026-05-01T03:03:01","guid":{"rendered":"https:\/\/esbozodeportivo.com\/?p=14458"},"modified":"2026-04-30T21:03:03","modified_gmt":"2026-05-01T03:03:03","slug":"se-inaugura-con-exito-la-vi-copa-norte-alvaro-de-cosio","status":"publish","type":"post","link":"https:\/\/esbozodeportivo.com\/index.php\/2026\/04\/30\/se-inaugura-con-exito-la-vi-copa-norte-alvaro-de-cosio\/","title":{"rendered":"Se inaugura con \u00e9xito la Vi Copa Norte \u00c1lvaro de Cos\u00edo"},"content":{"rendered":"\n<p><strong>Fernanda Rosales <\/strong><\/p>\n\n\n\n<p><strong>(Fotos: FMG)<\/strong><\/p>\n\n\n\n<ul class=\"wp-block-list\">\n<li>Se llevar\u00e1 a cabo del 30 de abril al 03 de mayo<\/li>\n\n\n\n<li>El Club Campestre de Tampico ser\u00e1 la sede<\/li>\n\n\n\n<li>En memoria del Director del Campestre de Monterrey, esta edici\u00f3n llevar\u00e1 el nombre de \u00c1lvaro de Cos\u00edo<\/li>\n\n\n\n<li>Copa Norte ofrece oportunidades de acceder a torneos internacionales<\/li>\n<\/ul>\n\n\n\n<p>Tampico, Tamaulipas (30 de abril de 2026) \u2013 Este jueves se inaugur\u00f3 exitosamente la sexta edici\u00f3n de la <strong>Copa Norte del calendario CNIJ la Federaci\u00f3n Mexicana de Golf<\/strong>, en esta ocasi\u00f3n, lleva el nombre en memoria del Director del Club Campestre de Monterrey, <strong>\u00c1lvaro de Cos\u00edo<\/strong>, quien dedic\u00f3 gran parte de su vida al desarrollo del golf en nuestro pa\u00eds.<\/p>\n\n\n\n<p>Se disputar\u00e1 del <strong>30 de abril al 03 de mayo<\/strong> en el <strong>Club Campestre de Tampico<\/strong>.<\/p>\n\n\n\n<p>El evento cont\u00f3 con la presencia del Presidente del CNIJ, <strong>Eric Aguirre Palencia<\/strong>, el Presidente de la zona sede (Norte), <strong>Juan Enrique Montemayor<\/strong>; <strong>Julio Villarreal<\/strong>, Presidente de Infantiles Juveniles de Zona Norte; <strong>Cecilia Rodr\u00edguez<\/strong>, Miembro del Comit\u00e9 Infantil Juvenil de Zona Norte; <strong>Yayoi Garc\u00eda<\/strong>, Presidenta de Infantiles Juveniles de Zona Centro; <strong>David Fuentes<\/strong>, Presidente de Infantiles Juveniles Zona GADO; <strong>Diego Camelo<\/strong>, Presidente de Infantiles Juveniles de Zona Sur; <strong>Leando Ren\u00e9 Elizondo<\/strong>, Presidente del Consejo de Administraci\u00f3n del Club Campestre de Tampico; <strong>Antolin Sierra G\u00e1mez<\/strong>, Director del Comit\u00e9 de Golf del Campestre de Tampico; <strong>Carlos Guti\u00e9rrez Riera<\/strong>, Presidente del Comit\u00e9 Infantil Juvenil del club sede; <strong>Walter D\u00edaz Avilan<\/strong>, Director de Golf del Club Campestre de Tampico; <strong>Francisco Pier<\/strong>, Presidente del Comit\u00e9 Infantil Juvenil del Club Lagunas de Miralta y como invitada especial<strong>, Lorena Susana Aguilar Almada<\/strong>, esposa de \u00c1lvaro de Cos\u00edo.<\/p>\n\n\n\n<figure class=\"wp-block-image size-large\"><img loading=\"lazy\" decoding=\"async\" width=\"1024\" height=\"622\" src=\"https:\/\/esbozodeportivo.com\/wp-content\/uploads\/2026\/04\/18b838a1-f0ff-4007-8891-97d20ea80e13-1024x622.jpg\" alt=\"\" class=\"wp-image-14436\" srcset=\"https:\/\/esbozodeportivo.com\/wp-content\/uploads\/2026\/04\/18b838a1-f0ff-4007-8891-97d20ea80e13-1024x622.jpg 1024w, https:\/\/esbozodeportivo.com\/wp-content\/uploads\/2026\/04\/18b838a1-f0ff-4007-8891-97d20ea80e13-300x182.jpg 300w, https:\/\/esbozodeportivo.com\/wp-content\/uploads\/2026\/04\/18b838a1-f0ff-4007-8891-97d20ea80e13-768x466.jpg 768w, https:\/\/esbozodeportivo.com\/wp-content\/uploads\/2026\/04\/18b838a1-f0ff-4007-8891-97d20ea80e13-1536x933.jpg 1536w, https:\/\/esbozodeportivo.com\/wp-content\/uploads\/2026\/04\/18b838a1-f0ff-4007-8891-97d20ea80e13.jpg 1550w\" sizes=\"auto, (max-width: 1024px) 100vw, 1024px\" \/><\/figure>\n\n\n\n<p><strong>Drive inaugural<\/strong><\/p>\n\n\n\n<p>La ceremonia de inauguraci\u00f3n cont\u00f3 con una breve conmemoraci\u00f3n hacia \u00c1lvaro de Cosio, en el cual, Juan Enrique Montemayor y Julio Villarreal dedicaron un emotivo mensaje, as\u00ed como un reconocimiento que se le otorg\u00f3 a su esposa por la labor que \u00c1lvaro brind\u00f3 al golf nacional.<\/p>\n\n\n\n<p>Cerca de 180 jugadores competir\u00e1n en esta sexta edici\u00f3n con el incentivo de los premios que otorga este evento como: <strong>AJGA Junior All Star, AJGA Invitational, The Florida Legacy Cup, 19th Annual FCG International, 19th Annual Mid-Season-Invitational at Reunion Presented by Srixon, XXVII International Junior Championship y XXV Copa Enrique Santos C\u00f3rdova<\/strong>, entre otros.<\/p>\n\n\n\n<p><\/p>\n","protected":false},"excerpt":{"rendered":"<p>Fernanda Rosales (Fotos: FMG) Tampico, Tamaulipas (30 de abril de 2026) \u2013 Este jueves se<\/p>\n","protected":false},"author":4,"featured_media":14446,"comment_status":"closed","ping_status":"open","sticky":false,"template":"","format":"standard","meta":{"_jetpack_memberships_contains_paid_content":false,"footnotes":""},"categories":[83],"tags":[],"class_list":["post-14458","post","type-post","status-publish","format-standard","has-post-thumbnail","hentry","category-federacion-mexicana-de-golf"],"yoast_head":"<!-- This site is optimized with the Yoast SEO plugin v25.7 - https:\/\/yoast.com\/wordpress\/plugins\/seo\/ -->\n<title>Se inaugura con \u00e9xito la Vi Copa Norte \u00c1lvaro de Cos\u00edo - Esbozo Deportivo<\/title>\n<meta name=\"description\" content=\"Este jueves se inaugur\u00f3 exitosamente la sexta edici\u00f3n de la Copa Norte del calendario CNIJ la Federaci\u00f3n Mexicana de Golf, en esta ocasi\u00f3n, lleva el nombre en memoria del Director del Club Campestre de Monterrey, \u00c1lvaro de Cos\u00edo, quien dedic\u00f3 gran parte de su vida al desarrollo del golf en nuestro pa\u00eds.\" \/>\n<meta name=\"robots\" content=\"index, follow, max-snippet:-1, max-image-preview:large, max-video-preview:-1\" \/>\n<link rel=\"canonical\" href=\"https:\/\/esbozodeportivo.com\/index.php\/2026\/04\/30\/se-inaugura-con-exito-la-vi-copa-norte-alvaro-de-cosio\/\" \/>\n<meta property=\"og:locale\" content=\"es_MX\" \/>\n<meta property=\"og:type\" content=\"article\" \/>\n<meta property=\"og:title\" content=\"Se inaugura con \u00e9xito la Vi Copa Norte \u00c1lvaro de Cos\u00edo - Esbozo Deportivo\" \/>\n<meta property=\"og:description\" content=\"Este jueves se inaugur\u00f3 exitosamente la sexta edici\u00f3n de la Copa Norte del calendario CNIJ la Federaci\u00f3n Mexicana de Golf, en esta ocasi\u00f3n, lleva el nombre en memoria del Director del Club Campestre de Monterrey, \u00c1lvaro de Cos\u00edo, quien dedic\u00f3 gran parte de su vida al desarrollo del golf en nuestro pa\u00eds.\" \/>\n<meta property=\"og:url\" content=\"https:\/\/esbozodeportivo.com\/index.php\/2026\/04\/30\/se-inaugura-con-exito-la-vi-copa-norte-alvaro-de-cosio\/\" \/>\n<meta property=\"og:site_name\" content=\"Esbozo Deportivo\" \/>\n<meta property=\"article:published_time\" content=\"2026-05-01T03:03:01+00:00\" \/>\n<meta property=\"article:modified_time\" content=\"2026-05-01T03:03:03+00:00\" \/>\n<meta property=\"og:image\" content=\"https:\/\/esbozodeportivo.com\/wp-content\/uploads\/2026\/04\/d1ba65f9-47ad-4840-b425-2219def7fe1c.jpg\" \/>\n\t<meta property=\"og:image:width\" content=\"1550\" \/>\n\t<meta property=\"og:image:height\" content=\"941\" \/>\n\t<meta property=\"og:image:type\" content=\"image\/jpeg\" \/>\n<meta name=\"author\" content=\"Redacci\u00f3n\" \/>\n<meta name=\"twitter:card\" content=\"summary_large_image\" \/>\n<meta name=\"twitter:label1\" content=\"Escrito por\" \/>\n\t<meta name=\"twitter:data1\" content=\"Redacci\u00f3n\" \/>\n\t<meta name=\"twitter:label2\" content=\"Tiempo de lectura\" \/>\n\t<meta name=\"twitter:data2\" content=\"3 minutos\" \/>\n<script type=\"application\/ld+json\" class=\"yoast-schema-graph\">{\"@context\":\"https:\/\/schema.org\",\"@graph\":[{\"@type\":\"Article\",\"@id\":\"https:\/\/esbozodeportivo.com\/index.php\/2026\/04\/30\/se-inaugura-con-exito-la-vi-copa-norte-alvaro-de-cosio\/#article\",\"isPartOf\":{\"@id\":\"https:\/\/esbozodeportivo.com\/index.php\/2026\/04\/30\/se-inaugura-con-exito-la-vi-copa-norte-alvaro-de-cosio\/\"},\"author\":{\"name\":\"Redacci\u00f3n\",\"@id\":\"https:\/\/esbozodeportivo.com\/#\/schema\/person\/0f6df9196dfe6740dd0bb31bae50d374\"},\"headline\":\"Se inaugura con \u00e9xito la Vi Copa Norte \u00c1lvaro de Cos\u00edo\",\"datePublished\":\"2026-05-01T03:03:01+00:00\",\"dateModified\":\"2026-05-01T03:03:03+00:00\",\"mainEntityOfPage\":{\"@id\":\"https:\/\/esbozodeportivo.com\/index.php\/2026\/04\/30\/se-inaugura-con-exito-la-vi-copa-norte-alvaro-de-cosio\/\"},\"wordCount\":391,\"publisher\":{\"@id\":\"https:\/\/esbozodeportivo.com\/#organization\"},\"image\":{\"@id\":\"https:\/\/esbozodeportivo.com\/index.php\/2026\/04\/30\/se-inaugura-con-exito-la-vi-copa-norte-alvaro-de-cosio\/#primaryimage\"},\"thumbnailUrl\":\"https:\/\/esbozodeportivo.com\/wp-content\/uploads\/2026\/04\/d1ba65f9-47ad-4840-b425-2219def7fe1c.jpg\",\"articleSection\":[\"Federaci\u00f3n Mexicana de Golf\"],\"inLanguage\":\"es\"},{\"@type\":\"WebPage\",\"@id\":\"https:\/\/esbozodeportivo.com\/index.php\/2026\/04\/30\/se-inaugura-con-exito-la-vi-copa-norte-alvaro-de-cosio\/\",\"url\":\"https:\/\/esbozodeportivo.com\/index.php\/2026\/04\/30\/se-inaugura-con-exito-la-vi-copa-norte-alvaro-de-cosio\/\",\"name\":\"Se inaugura con \u00e9xito la Vi Copa Norte \u00c1lvaro de Cos\u00edo - Esbozo Deportivo\",\"isPartOf\":{\"@id\":\"https:\/\/esbozodeportivo.com\/#website\"},\"primaryImageOfPage\":{\"@id\":\"https:\/\/esbozodeportivo.com\/index.php\/2026\/04\/30\/se-inaugura-con-exito-la-vi-copa-norte-alvaro-de-cosio\/#primaryimage\"},\"image\":{\"@id\":\"https:\/\/esbozodeportivo.com\/index.php\/2026\/04\/30\/se-inaugura-con-exito-la-vi-copa-norte-alvaro-de-cosio\/#primaryimage\"},\"thumbnailUrl\":\"https:\/\/esbozodeportivo.com\/wp-content\/uploads\/2026\/04\/d1ba65f9-47ad-4840-b425-2219def7fe1c.jpg\",\"datePublished\":\"2026-05-01T03:03:01+00:00\",\"dateModified\":\"2026-05-01T03:03:03+00:00\",\"description\":\"Este jueves se inaugur\u00f3 exitosamente la sexta edici\u00f3n de la Copa Norte del calendario CNIJ la Federaci\u00f3n Mexicana de Golf, en esta ocasi\u00f3n, lleva el nombre en memoria del Director del Club Campestre de Monterrey, \u00c1lvaro de Cos\u00edo, quien dedic\u00f3 gran parte de su vida al desarrollo del golf en nuestro pa\u00eds.\",\"breadcrumb\":{\"@id\":\"https:\/\/esbozodeportivo.com\/index.php\/2026\/04\/30\/se-inaugura-con-exito-la-vi-copa-norte-alvaro-de-cosio\/#breadcrumb\"},\"inLanguage\":\"es\",\"potentialAction\":[{\"@type\":\"ReadAction\",\"target\":[\"https:\/\/esbozodeportivo.com\/index.php\/2026\/04\/30\/se-inaugura-con-exito-la-vi-copa-norte-alvaro-de-cosio\/\"]}]},{\"@type\":\"ImageObject\",\"inLanguage\":\"es\",\"@id\":\"https:\/\/esbozodeportivo.com\/index.php\/2026\/04\/30\/se-inaugura-con-exito-la-vi-copa-norte-alvaro-de-cosio\/#primaryimage\",\"url\":\"https:\/\/esbozodeportivo.com\/wp-content\/uploads\/2026\/04\/d1ba65f9-47ad-4840-b425-2219def7fe1c.jpg\",\"contentUrl\":\"https:\/\/esbozodeportivo.com\/wp-content\/uploads\/2026\/04\/d1ba65f9-47ad-4840-b425-2219def7fe1c.jpg\",\"width\":1550,\"height\":941},{\"@type\":\"BreadcrumbList\",\"@id\":\"https:\/\/esbozodeportivo.com\/index.php\/2026\/04\/30\/se-inaugura-con-exito-la-vi-copa-norte-alvaro-de-cosio\/#breadcrumb\",\"itemListElement\":[{\"@type\":\"ListItem\",\"position\":1,\"name\":\"Inicio\",\"item\":\"https:\/\/esbozodeportivo.com\/\"},{\"@type\":\"ListItem\",\"position\":2,\"name\":\"Se inaugura con \u00e9xito la Vi Copa Norte \u00c1lvaro de Cos\u00edo\"}]},{\"@type\":\"WebSite\",\"@id\":\"https:\/\/esbozodeportivo.com\/#website\",\"url\":\"https:\/\/esbozodeportivo.com\/\",\"name\":\"Esbozo Deportivo\",\"description\":\"Lo m\u00e1s importante del Deporte\",\"publisher\":{\"@id\":\"https:\/\/esbozodeportivo.com\/#organization\"},\"potentialAction\":[{\"@type\":\"SearchAction\",\"target\":{\"@type\":\"EntryPoint\",\"urlTemplate\":\"https:\/\/esbozodeportivo.com\/?s={search_term_string}\"},\"query-input\":{\"@type\":\"PropertyValueSpecification\",\"valueRequired\":true,\"valueName\":\"search_term_string\"}}],\"inLanguage\":\"es\"},{\"@type\":\"Organization\",\"@id\":\"https:\/\/esbozodeportivo.com\/#organization\",\"name\":\"Esbozo Deportivo\",\"url\":\"https:\/\/esbozodeportivo.com\/\",\"logo\":{\"@type\":\"ImageObject\",\"inLanguage\":\"es\",\"@id\":\"https:\/\/esbozodeportivo.com\/#\/schema\/logo\/image\/\",\"url\":\"https:\/\/esbozodeportivo.com\/wp-content\/uploads\/2022\/08\/cropped-Logo-Esbozo-Web-2.png\",\"contentUrl\":\"https:\/\/esbozodeportivo.com\/wp-content\/uploads\/2022\/08\/cropped-Logo-Esbozo-Web-2.png\",\"width\":180,\"height\":50,\"caption\":\"Esbozo Deportivo\"},\"image\":{\"@id\":\"https:\/\/esbozodeportivo.com\/#\/schema\/logo\/image\/\"}},{\"@type\":\"Person\",\"@id\":\"https:\/\/esbozodeportivo.com\/#\/schema\/person\/0f6df9196dfe6740dd0bb31bae50d374\",\"name\":\"Redacci\u00f3n\",\"image\":{\"@type\":\"ImageObject\",\"inLanguage\":\"es\",\"@id\":\"https:\/\/esbozodeportivo.com\/#\/schema\/person\/image\/\",\"url\":\"https:\/\/secure.gravatar.com\/avatar\/f55268a89c3b418f2ef172ff52ab0d09b3e653c58de29539fe329fb93d78ebf3?s=96&d=mm&r=g\",\"contentUrl\":\"https:\/\/secure.gravatar.com\/avatar\/f55268a89c3b418f2ef172ff52ab0d09b3e653c58de29539fe329fb93d78ebf3?s=96&d=mm&r=g\",\"caption\":\"Redacci\u00f3n\"},\"url\":\"https:\/\/esbozodeportivo.com\/index.php\/author\/redaccion\/\"}]}<\/script>\n<!-- \/ Yoast SEO plugin. -->","yoast_head_json":{"title":"Se inaugura con \u00e9xito la Vi Copa Norte \u00c1lvaro de Cos\u00edo - Esbozo Deportivo","description":"Este jueves se inaugur\u00f3 exitosamente la sexta edici\u00f3n de la Copa Norte del calendario CNIJ la Federaci\u00f3n Mexicana de Golf, en esta ocasi\u00f3n, lleva el nombre en memoria del Director del Club Campestre de Monterrey, \u00c1lvaro de Cos\u00edo, quien dedic\u00f3 gran parte de su vida al desarrollo del golf en nuestro pa\u00eds.","robots":{"index":"index","follow":"follow","max-snippet":"max-snippet:-1","max-image-preview":"max-image-preview:large","max-video-preview":"max-video-preview:-1"},"canonical":"https:\/\/esbozodeportivo.com\/index.php\/2026\/04\/30\/se-inaugura-con-exito-la-vi-copa-norte-alvaro-de-cosio\/","og_locale":"es_MX","og_type":"article","og_title":"Se inaugura con \u00e9xito la Vi Copa Norte \u00c1lvaro de Cos\u00edo - Esbozo Deportivo","og_description":"Este jueves se inaugur\u00f3 exitosamente la sexta edici\u00f3n de la Copa Norte del calendario CNIJ la Federaci\u00f3n Mexicana de Golf, en esta ocasi\u00f3n, lleva el nombre en memoria del Director del Club Campestre de Monterrey, \u00c1lvaro de Cos\u00edo, quien dedic\u00f3 gran parte de su vida al desarrollo del golf en nuestro pa\u00eds.","og_url":"https:\/\/esbozodeportivo.com\/index.php\/2026\/04\/30\/se-inaugura-con-exito-la-vi-copa-norte-alvaro-de-cosio\/","og_site_name":"Esbozo Deportivo","article_published_time":"2026-05-01T03:03:01+00:00","article_modified_time":"2026-05-01T03:03:03+00:00","og_image":[{"width":1550,"height":941,"url":"https:\/\/esbozodeportivo.com\/wp-content\/uploads\/2026\/04\/d1ba65f9-47ad-4840-b425-2219def7fe1c.jpg","type":"image\/jpeg"}],"author":"Redacci\u00f3n","twitter_card":"summary_large_image","twitter_misc":{"Escrito por":"Redacci\u00f3n","Tiempo de lectura":"3 minutos"},"schema":{"@context":"https:\/\/schema.org","@graph":[{"@type":"Article","@id":"https:\/\/esbozodeportivo.com\/index.php\/2026\/04\/30\/se-inaugura-con-exito-la-vi-copa-norte-alvaro-de-cosio\/#article","isPartOf":{"@id":"https:\/\/esbozodeportivo.com\/index.php\/2026\/04\/30\/se-inaugura-con-exito-la-vi-copa-norte-alvaro-de-cosio\/"},"author":{"name":"Redacci\u00f3n","@id":"https:\/\/esbozodeportivo.com\/#\/schema\/person\/0f6df9196dfe6740dd0bb31bae50d374"},"headline":"Se inaugura con \u00e9xito la Vi Copa Norte \u00c1lvaro de Cos\u00edo","datePublished":"2026-05-01T03:03:01+00:00","dateModified":"2026-05-01T03:03:03+00:00","mainEntityOfPage":{"@id":"https:\/\/esbozodeportivo.com\/index.php\/2026\/04\/30\/se-inaugura-con-exito-la-vi-copa-norte-alvaro-de-cosio\/"},"wordCount":391,"publisher":{"@id":"https:\/\/esbozodeportivo.com\/#organization"},"image":{"@id":"https:\/\/esbozodeportivo.com\/index.php\/2026\/04\/30\/se-inaugura-con-exito-la-vi-copa-norte-alvaro-de-cosio\/#primaryimage"},"thumbnailUrl":"https:\/\/esbozodeportivo.com\/wp-content\/uploads\/2026\/04\/d1ba65f9-47ad-4840-b425-2219def7fe1c.jpg","articleSection":["Federaci\u00f3n Mexicana de Golf"],"inLanguage":"es"},{"@type":"WebPage","@id":"https:\/\/esbozodeportivo.com\/index.php\/2026\/04\/30\/se-inaugura-con-exito-la-vi-copa-norte-alvaro-de-cosio\/","url":"https:\/\/esbozodeportivo.com\/index.php\/2026\/04\/30\/se-inaugura-con-exito-la-vi-copa-norte-alvaro-de-cosio\/","name":"Se inaugura con \u00e9xito la Vi Copa Norte \u00c1lvaro de Cos\u00edo - Esbozo Deportivo","isPartOf":{"@id":"https:\/\/esbozodeportivo.com\/#website"},"primaryImageOfPage":{"@id":"https:\/\/esbozodeportivo.com\/index.php\/2026\/04\/30\/se-inaugura-con-exito-la-vi-copa-norte-alvaro-de-cosio\/#primaryimage"},"image":{"@id":"https:\/\/esbozodeportivo.com\/index.php\/2026\/04\/30\/se-inaugura-con-exito-la-vi-copa-norte-alvaro-de-cosio\/#primaryimage"},"thumbnailUrl":"https:\/\/esbozodeportivo.com\/wp-content\/uploads\/2026\/04\/d1ba65f9-47ad-4840-b425-2219def7fe1c.jpg","datePublished":"2026-05-01T03:03:01+00:00","dateModified":"2026-05-01T03:03:03+00:00","description":"Este jueves se inaugur\u00f3 exitosamente la sexta edici\u00f3n de la Copa Norte del calendario CNIJ la Federaci\u00f3n Mexicana de Golf, en esta ocasi\u00f3n, lleva el nombre en memoria del Director del Club Campestre de Monterrey, \u00c1lvaro de Cos\u00edo, quien dedic\u00f3 gran parte de su vida al desarrollo del golf en nuestro pa\u00eds.","breadcrumb":{"@id":"https:\/\/esbozodeportivo.com\/index.php\/2026\/04\/30\/se-inaugura-con-exito-la-vi-copa-norte-alvaro-de-cosio\/#breadcrumb"},"inLanguage":"es","potentialAction":[{"@type":"ReadAction","target":["https:\/\/esbozodeportivo.com\/index.php\/2026\/04\/30\/se-inaugura-con-exito-la-vi-copa-norte-alvaro-de-cosio\/"]}]},{"@type":"ImageObject","inLanguage":"es","@id":"https:\/\/esbozodeportivo.com\/index.php\/2026\/04\/30\/se-inaugura-con-exito-la-vi-copa-norte-alvaro-de-cosio\/#primaryimage","url":"https:\/\/esbozodeportivo.com\/wp-content\/uploads\/2026\/04\/d1ba65f9-47ad-4840-b425-2219def7fe1c.jpg","contentUrl":"https:\/\/esbozodeportivo.com\/wp-content\/uploads\/2026\/04\/d1ba65f9-47ad-4840-b425-2219def7fe1c.jpg","width":1550,"height":941},{"@type":"BreadcrumbList","@id":"https:\/\/esbozodeportivo.com\/index.php\/2026\/04\/30\/se-inaugura-con-exito-la-vi-copa-norte-alvaro-de-cosio\/#breadcrumb","itemListElement":[{"@type":"ListItem","position":1,"name":"Inicio","item":"https:\/\/esbozodeportivo.com\/"},{"@type":"ListItem","position":2,"name":"Se inaugura con \u00e9xito la Vi Copa Norte \u00c1lvaro de Cos\u00edo"}]},{"@type":"WebSite","@id":"https:\/\/esbozodeportivo.com\/#website","url":"https:\/\/esbozodeportivo.com\/","name":"Esbozo Deportivo","description":"Lo m\u00e1s importante del Deporte","publisher":{"@id":"https:\/\/esbozodeportivo.com\/#organization"},"potentialAction":[{"@type":"SearchAction","target":{"@type":"EntryPoint","urlTemplate":"https:\/\/esbozodeportivo.com\/?s={search_term_string}"},"query-input":{"@type":"PropertyValueSpecification","valueRequired":true,"valueName":"search_term_string"}}],"inLanguage":"es"},{"@type":"Organization","@id":"https:\/\/esbozodeportivo.com\/#organization","name":"Esbozo Deportivo","url":"https:\/\/esbozodeportivo.com\/","logo":{"@type":"ImageObject","inLanguage":"es","@id":"https:\/\/esbozodeportivo.com\/#\/schema\/logo\/image\/","url":"https:\/\/esbozodeportivo.com\/wp-content\/uploads\/2022\/08\/cropped-Logo-Esbozo-Web-2.png","contentUrl":"https:\/\/esbozodeportivo.com\/wp-content\/uploads\/2022\/08\/cropped-Logo-Esbozo-Web-2.png","width":180,"height":50,"caption":"Esbozo Deportivo"},"image":{"@id":"https:\/\/esbozodeportivo.com\/#\/schema\/logo\/image\/"}},{"@type":"Person","@id":"https:\/\/esbozodeportivo.com\/#\/schema\/person\/0f6df9196dfe6740dd0bb31bae50d374","name":"Redacci\u00f3n","image":{"@type":"ImageObject","inLanguage":"es","@id":"https:\/\/esbozodeportivo.com\/#\/schema\/person\/image\/","url":"https:\/\/secure.gravatar.com\/avatar\/f55268a89c3b418f2ef172ff52ab0d09b3e653c58de29539fe329fb93d78ebf3?s=96&d=mm&r=g","contentUrl":"https:\/\/secure.gravatar.com\/avatar\/f55268a89c3b418f2ef172ff52ab0d09b3e653c58de29539fe329fb93d78ebf3?s=96&d=mm&r=g","caption":"Redacci\u00f3n"},"url":"https:\/\/esbozodeportivo.com\/index.php\/author\/redaccion\/"}]}},"jetpack_featured_media_url":"https:\/\/esbozodeportivo.com\/wp-content\/uploads\/2026\/04\/d1ba65f9-47ad-4840-b425-2219def7fe1c.jpg","jetpack_sharing_enabled":true,"_links":{"self":[{"href":"https:\/\/esbozodeportivo.com\/index.php\/wp-json\/wp\/v2\/posts\/14458","targetHints":{"allow":["GET"]}}],"collection":[{"href":"https:\/\/esbozodeportivo.com\/index.php\/wp-json\/wp\/v2\/posts"}],"about":[{"href":"https:\/\/esbozodeportivo.com\/index.php\/wp-json\/wp\/v2\/types\/post"}],"author":[{"embeddable":true,"href":"https:\/\/esbozodeportivo.com\/index.php\/wp-json\/wp\/v2\/users\/4"}],"replies":[{"embeddable":true,"href":"https:\/\/esbozodeportivo.com\/index.php\/wp-json\/wp\/v2\/comments?post=14458"}],"version-history":[{"count":1,"href":"https:\/\/esbozodeportivo.com\/index.php\/wp-json\/wp\/v2\/posts\/14458\/revisions"}],"predecessor-version":[{"id":14459,"href":"https:\/\/esbozodeportivo.com\/index.php\/wp-json\/wp\/v2\/posts\/14458\/revisions\/14459"}],"wp:featuredmedia":[{"embeddable":true,"href":"https:\/\/esbozodeportivo.com\/index.php\/wp-json\/wp\/v2\/media\/14446"}],"wp:attachment":[{"href":"https:\/\/esbozodeportivo.com\/index.php\/wp-json\/wp\/v2\/media?parent=14458"}],"wp:term":[{"taxonomy":"category","embeddable":true,"href":"https:\/\/esbozodeportivo.com\/index.php\/wp-json\/wp\/v2\/categories?post=14458"},{"taxonomy":"post_tag","embeddable":true,"href":"https:\/\/esbozodeportivo.com\/index.php\/wp-json\/wp\/v2\/tags?post=14458"}],"curies":[{"name":"wp","href":"https:\/\/api.w.org\/{rel}","templated":true}]}}