{"id":1447,"date":"2023-04-24T06:58:32","date_gmt":"2023-04-24T06:58:32","guid":{"rendered":"https:\/\/esbozodeportivo.com\/?p=1447"},"modified":"2023-04-24T07:03:42","modified_gmt":"2023-04-24T07:03:42","slug":"evangelina-prado-y-omar-rodriguez-ganadores-de-la-carrera-anahuac-5-kilometros","status":"publish","type":"post","link":"https:\/\/esbozodeportivo.com\/index.php\/2023\/04\/24\/evangelina-prado-y-omar-rodriguez-ganadores-de-la-carrera-anahuac-5-kilometros\/","title":{"rendered":"Evangelina Prado y Omar Rodr\u00edguez, ganadores de la carrera An\u00e1huac 5 kil\u00f3metros"},"content":{"rendered":"<style>\/*! elementor - v3.12.2 - 23-04-2023 *\/\n.elementor-widget-image{text-align:center}.elementor-widget-image a{display:inline-block}.elementor-widget-image a img[src$=\".svg\"]{width:48px}.elementor-widget-image img{vertical-align:middle;display:inline-block}<\/style>\n<p>\t\t\t\t\t\t\t\t\t\t\t\t<img decoding=\"async\" width=\"640\" height=\"426\" src=\"https:\/\/esbozodeportivo.com\/wp-content\/uploads\/2023\/04\/Carrera-Anahuac-5-1024x682.jpg\" alt=\"\" loading=\"lazy\" srcset=\"https:\/\/esbozodeportivo.com\/wp-content\/uploads\/2023\/04\/Carrera-Anahuac-5-1024x682.jpg 1024w, https:\/\/esbozodeportivo.com\/wp-content\/uploads\/2023\/04\/Carrera-Anahuac-5-300x200.jpg 300w, https:\/\/esbozodeportivo.com\/wp-content\/uploads\/2023\/04\/Carrera-Anahuac-5-768x512.jpg 768w, https:\/\/esbozodeportivo.com\/wp-content\/uploads\/2023\/04\/Carrera-Anahuac-5.jpg 1280w\" sizes=\"auto, (max-width: 640px) 100vw, 640px\" \/>\t\t\t\t\t\t\t\t\t\t\t\t\t\t\t<\/p>\n<p>(Foto: INDEPORTE)\u00a0<\/p>\n<p>Ciudad de M\u00e9xico.- Este domingo se llev\u00f3 a cabo la Carrera \u201cPonte Pila\u201d An\u00e1huac 5 kil\u00f3metros en la alcald\u00eda Miguel Hidalgo, donde asistieron 4 mil corredoras y corredores que encabez\u00f3 el director de INDEPORTE, Javier Hidalgo Ponce.<\/p>\n<p>El evento forma parte de los entrenamientos que tiene contemplado el Instituto del Deporte rumbo al Marat\u00f3n de la Ciudad de M\u00e9xico 2023, que se llevar\u00e1 a cabo el domingo 27 de agosto.<\/p>\n<p>\t\t\t\t\t\t\t\t\t\t\t\t\t\t\t<img decoding=\"async\" width=\"640\" height=\"426\" src=\"https:\/\/esbozodeportivo.com\/wp-content\/uploads\/2023\/04\/Carrera-Anahuac-1-1024x682.jpg\" alt=\"\" loading=\"lazy\" srcset=\"https:\/\/esbozodeportivo.com\/wp-content\/uploads\/2023\/04\/Carrera-Anahuac-1-1024x682.jpg 1024w, https:\/\/esbozodeportivo.com\/wp-content\/uploads\/2023\/04\/Carrera-Anahuac-1-300x200.jpg 300w, https:\/\/esbozodeportivo.com\/wp-content\/uploads\/2023\/04\/Carrera-Anahuac-1-768x512.jpg 768w, https:\/\/esbozodeportivo.com\/wp-content\/uploads\/2023\/04\/Carrera-Anahuac-1.jpg 1280w\" sizes=\"auto, (max-width: 640px) 100vw, 640px\" \/>\t\t\t\t\t\t\t\t\t\t\t\t\t\t\t<\/p>\n<p>(Foto: INDEPORTE)\u00a0<\/p>\n<p>La salida de los corredores fue en el Punto de Innovaci\u00f3n, Libertad, Arte, Educaci\u00f3n y Saberes (PILARES) del parque Salesiano, el encargado de dar el disparo inicial estuvo a cargo de Javier Hidalgo, quien antes dijo.<\/p>\n<p>\u201cEs una carrera a la que vienen corredoras y corredores de diferentes puntos de la Ciudad de M\u00e9xico. De Alcald\u00edas como Benito Ju\u00e1rez, Iztapalapa, Miguel Hidalgo, Gustavo A. Madero, Venustiano Carranza, entre otras, adem\u00e1s de Naucalpan, Tec\u00e1mac, Ecatepec y otros municipios, por eso estamos muy contentos\u201d.<\/p>\n<p>\t\t\t\t\t\t\t\t\t\t\t\t\t\t\t<img decoding=\"async\" width=\"640\" height=\"426\" src=\"https:\/\/esbozodeportivo.com\/wp-content\/uploads\/2023\/04\/Carrera-Anahuac-3-1024x682.jpg\" alt=\"\" loading=\"lazy\" srcset=\"https:\/\/esbozodeportivo.com\/wp-content\/uploads\/2023\/04\/Carrera-Anahuac-3-1024x682.jpg 1024w, https:\/\/esbozodeportivo.com\/wp-content\/uploads\/2023\/04\/Carrera-Anahuac-3-300x200.jpg 300w, https:\/\/esbozodeportivo.com\/wp-content\/uploads\/2023\/04\/Carrera-Anahuac-3-768x512.jpg 768w, https:\/\/esbozodeportivo.com\/wp-content\/uploads\/2023\/04\/Carrera-Anahuac-3.jpg 1496w\" sizes=\"auto, (max-width: 640px) 100vw, 640px\" \/>\t\t\t\t\t\t\t\t\t\t\t\t\t\t\t<\/p>\n<p>(Foto: INDEPORTE)\u00a0<\/p>\n<p>Evangelina Prado M\u00e1rquez y Omar Rodr\u00edguez Alav\u00e9s, fueron los ganadores de la carrera \u201cPonte Pila\u201d An\u00e1huac 5 kil\u00f3metros, al realizar un tiempo de 20:46 y 17:57 respectivamente.<\/p>\n<p>El segundo y tercer lugar en la rama femenil fue para Brenda Hern\u00e1ndez, con un tiempo de 21:18 segundos, mientras que Teresa L\u00f3pez, hizo 21:23 segundos.<\/p>\n<p>\t\t\t\t\t\t\t\t\t\t\t\t\t\t\t<img decoding=\"async\" width=\"640\" height=\"426\" src=\"https:\/\/esbozodeportivo.com\/wp-content\/uploads\/2023\/04\/Carrera-Anahuac-4-1024x682.jpg\" alt=\"\" loading=\"lazy\" srcset=\"https:\/\/esbozodeportivo.com\/wp-content\/uploads\/2023\/04\/Carrera-Anahuac-4-1024x682.jpg 1024w, https:\/\/esbozodeportivo.com\/wp-content\/uploads\/2023\/04\/Carrera-Anahuac-4-300x200.jpg 300w, https:\/\/esbozodeportivo.com\/wp-content\/uploads\/2023\/04\/Carrera-Anahuac-4-768x512.jpg 768w, https:\/\/esbozodeportivo.com\/wp-content\/uploads\/2023\/04\/Carrera-Anahuac-4.jpg 1295w\" sizes=\"auto, (max-width: 640px) 100vw, 640px\" \/>\t\t\t\t\t\t\t\t\t\t\t\t\t\t\t<\/p>\n<p>(Foto: INDEPORTE)\u00a0<\/p>\n<p>Por su parte en la rama varonil Jes\u00fas Uribe Garc\u00eda, se qued\u00f3 con el segundo lugar con un tiempo de 18:11 segundo y Margarito Reyes Montes, consigui\u00f3 el tercer puesto con un tiempo de 18:33 segundo.<\/p>\n<p>\t\t\t\t\t\t\t\t\t\t\t\t\t\t\t<img decoding=\"async\" width=\"640\" height=\"426\" src=\"https:\/\/esbozodeportivo.com\/wp-content\/uploads\/2023\/04\/Carrera-Anahuac-2-1024x682.jpg\" alt=\"\" loading=\"lazy\" srcset=\"https:\/\/esbozodeportivo.com\/wp-content\/uploads\/2023\/04\/Carrera-Anahuac-2-1024x682.jpg 1024w, https:\/\/esbozodeportivo.com\/wp-content\/uploads\/2023\/04\/Carrera-Anahuac-2-300x200.jpg 300w, https:\/\/esbozodeportivo.com\/wp-content\/uploads\/2023\/04\/Carrera-Anahuac-2-768x512.jpg 768w, https:\/\/esbozodeportivo.com\/wp-content\/uploads\/2023\/04\/Carrera-Anahuac-2-1536x1024.jpg 1536w, https:\/\/esbozodeportivo.com\/wp-content\/uploads\/2023\/04\/Carrera-Anahuac-2.jpg 1544w\" sizes=\"auto, (max-width: 640px) 100vw, 640px\" \/>\t\t\t\t\t\t\t\t\t\t\t\t\t\t\t<\/p>\n<p>(Foto: INDEPORTE)\u00a0<\/p>\n","protected":false},"excerpt":{"rendered":"<p>(Foto: INDEPORTE)\u00a0 Ciudad de M\u00e9xico.- Este domingo se llev\u00f3 a cabo la Carrera \u201cPonte Pila\u201d<\/p>\n","protected":false},"author":2,"featured_media":0,"comment_status":"open","ping_status":"open","sticky":false,"template":"","format":"standard","meta":{"_jetpack_memberships_contains_paid_content":false,"footnotes":""},"categories":[5],"tags":[],"class_list":["post-1447","post","type-post","status-publish","format-standard","hentry","category-amateur"],"yoast_head":"<!-- This site is optimized with the Yoast SEO plugin v25.7 - https:\/\/yoast.com\/wordpress\/plugins\/seo\/ -->\n<title>Evangelina Prado y Omar Rodr\u00edguez, ganadores de la carrera An\u00e1huac 5 kil\u00f3metros - Esbozo Deportivo<\/title>\n<meta name=\"robots\" content=\"index, follow, max-snippet:-1, max-image-preview:large, max-video-preview:-1\" \/>\n<link rel=\"canonical\" href=\"https:\/\/esbozodeportivo.com\/index.php\/2023\/04\/24\/evangelina-prado-y-omar-rodriguez-ganadores-de-la-carrera-anahuac-5-kilometros\/\" \/>\n<meta property=\"og:locale\" content=\"es_MX\" \/>\n<meta property=\"og:type\" content=\"article\" \/>\n<meta property=\"og:title\" content=\"Evangelina Prado y Omar Rodr\u00edguez, ganadores de la carrera An\u00e1huac 5 kil\u00f3metros - Esbozo Deportivo\" \/>\n<meta property=\"og:description\" content=\"(Foto: INDEPORTE)\u00a0 Ciudad de M\u00e9xico.- Este domingo se llev\u00f3 a cabo la Carrera \u201cPonte Pila\u201d\" \/>\n<meta property=\"og:url\" content=\"https:\/\/esbozodeportivo.com\/index.php\/2023\/04\/24\/evangelina-prado-y-omar-rodriguez-ganadores-de-la-carrera-anahuac-5-kilometros\/\" \/>\n<meta property=\"og:site_name\" content=\"Esbozo Deportivo\" \/>\n<meta property=\"article:published_time\" content=\"2023-04-24T06:58:32+00:00\" \/>\n<meta property=\"article:modified_time\" content=\"2023-04-24T07:03:42+00:00\" \/>\n<meta property=\"og:image\" content=\"https:\/\/esbozodeportivo.com\/wp-content\/uploads\/2023\/04\/Carrera-Anahuac-5-1024x682.jpg\" \/>\n<meta name=\"author\" content=\"Javier De La Cruz\" \/>\n<meta name=\"twitter:card\" content=\"summary_large_image\" \/>\n<meta name=\"twitter:label1\" content=\"Escrito por\" \/>\n\t<meta name=\"twitter:data1\" content=\"Javier De La Cruz\" \/>\n\t<meta name=\"twitter:label2\" content=\"Tiempo de lectura\" \/>\n\t<meta name=\"twitter:data2\" content=\"1 minuto\" \/>\n<script type=\"application\/ld+json\" class=\"yoast-schema-graph\">{\"@context\":\"https:\/\/schema.org\",\"@graph\":[{\"@type\":\"Article\",\"@id\":\"https:\/\/esbozodeportivo.com\/index.php\/2023\/04\/24\/evangelina-prado-y-omar-rodriguez-ganadores-de-la-carrera-anahuac-5-kilometros\/#article\",\"isPartOf\":{\"@id\":\"https:\/\/esbozodeportivo.com\/index.php\/2023\/04\/24\/evangelina-prado-y-omar-rodriguez-ganadores-de-la-carrera-anahuac-5-kilometros\/\"},\"author\":{\"name\":\"Javier De La Cruz\",\"@id\":\"https:\/\/esbozodeportivo.com\/#\/schema\/person\/7277119c98823aec37bbb84e125efd44\"},\"headline\":\"Evangelina Prado y Omar Rodr\u00edguez, ganadores de la carrera An\u00e1huac 5 kil\u00f3metros\",\"datePublished\":\"2023-04-24T06:58:32+00:00\",\"dateModified\":\"2023-04-24T07:03:42+00:00\",\"mainEntityOfPage\":{\"@id\":\"https:\/\/esbozodeportivo.com\/index.php\/2023\/04\/24\/evangelina-prado-y-omar-rodriguez-ganadores-de-la-carrera-anahuac-5-kilometros\/\"},\"wordCount\":277,\"commentCount\":0,\"publisher\":{\"@id\":\"https:\/\/esbozodeportivo.com\/#organization\"},\"image\":{\"@id\":\"https:\/\/esbozodeportivo.com\/index.php\/2023\/04\/24\/evangelina-prado-y-omar-rodriguez-ganadores-de-la-carrera-anahuac-5-kilometros\/#primaryimage\"},\"thumbnailUrl\":\"https:\/\/esbozodeportivo.com\/wp-content\/uploads\/2023\/04\/Carrera-Anahuac-5-1024x682.jpg\",\"articleSection\":[\"Amateur\"],\"inLanguage\":\"es\",\"potentialAction\":[{\"@type\":\"CommentAction\",\"name\":\"Comment\",\"target\":[\"https:\/\/esbozodeportivo.com\/index.php\/2023\/04\/24\/evangelina-prado-y-omar-rodriguez-ganadores-de-la-carrera-anahuac-5-kilometros\/#respond\"]}]},{\"@type\":\"WebPage\",\"@id\":\"https:\/\/esbozodeportivo.com\/index.php\/2023\/04\/24\/evangelina-prado-y-omar-rodriguez-ganadores-de-la-carrera-anahuac-5-kilometros\/\",\"url\":\"https:\/\/esbozodeportivo.com\/index.php\/2023\/04\/24\/evangelina-prado-y-omar-rodriguez-ganadores-de-la-carrera-anahuac-5-kilometros\/\",\"name\":\"Evangelina Prado y Omar Rodr\u00edguez, ganadores de la carrera An\u00e1huac 5 kil\u00f3metros - Esbozo Deportivo\",\"isPartOf\":{\"@id\":\"https:\/\/esbozodeportivo.com\/#website\"},\"primaryImageOfPage\":{\"@id\":\"https:\/\/esbozodeportivo.com\/index.php\/2023\/04\/24\/evangelina-prado-y-omar-rodriguez-ganadores-de-la-carrera-anahuac-5-kilometros\/#primaryimage\"},\"image\":{\"@id\":\"https:\/\/esbozodeportivo.com\/index.php\/2023\/04\/24\/evangelina-prado-y-omar-rodriguez-ganadores-de-la-carrera-anahuac-5-kilometros\/#primaryimage\"},\"thumbnailUrl\":\"https:\/\/esbozodeportivo.com\/wp-content\/uploads\/2023\/04\/Carrera-Anahuac-5-1024x682.jpg\",\"datePublished\":\"2023-04-24T06:58:32+00:00\",\"dateModified\":\"2023-04-24T07:03:42+00:00\",\"breadcrumb\":{\"@id\":\"https:\/\/esbozodeportivo.com\/index.php\/2023\/04\/24\/evangelina-prado-y-omar-rodriguez-ganadores-de-la-carrera-anahuac-5-kilometros\/#breadcrumb\"},\"inLanguage\":\"es\",\"potentialAction\":[{\"@type\":\"ReadAction\",\"target\":[\"https:\/\/esbozodeportivo.com\/index.php\/2023\/04\/24\/evangelina-prado-y-omar-rodriguez-ganadores-de-la-carrera-anahuac-5-kilometros\/\"]}]},{\"@type\":\"ImageObject\",\"inLanguage\":\"es\",\"@id\":\"https:\/\/esbozodeportivo.com\/index.php\/2023\/04\/24\/evangelina-prado-y-omar-rodriguez-ganadores-de-la-carrera-anahuac-5-kilometros\/#primaryimage\",\"url\":\"https:\/\/esbozodeportivo.com\/wp-content\/uploads\/2023\/04\/Carrera-Anahuac-5.jpg\",\"contentUrl\":\"https:\/\/esbozodeportivo.com\/wp-content\/uploads\/2023\/04\/Carrera-Anahuac-5.jpg\",\"width\":1280,\"height\":853},{\"@type\":\"BreadcrumbList\",\"@id\":\"https:\/\/esbozodeportivo.com\/index.php\/2023\/04\/24\/evangelina-prado-y-omar-rodriguez-ganadores-de-la-carrera-anahuac-5-kilometros\/#breadcrumb\",\"itemListElement\":[{\"@type\":\"ListItem\",\"position\":1,\"name\":\"Inicio\",\"item\":\"https:\/\/esbozodeportivo.com\/\"},{\"@type\":\"ListItem\",\"position\":2,\"name\":\"Evangelina Prado y Omar Rodr\u00edguez, ganadores de la carrera An\u00e1huac 5 kil\u00f3metros\"}]},{\"@type\":\"WebSite\",\"@id\":\"https:\/\/esbozodeportivo.com\/#website\",\"url\":\"https:\/\/esbozodeportivo.com\/\",\"name\":\"Esbozo Deportivo\",\"description\":\"Lo m\u00e1s importante del Deporte\",\"publisher\":{\"@id\":\"https:\/\/esbozodeportivo.com\/#organization\"},\"potentialAction\":[{\"@type\":\"SearchAction\",\"target\":{\"@type\":\"EntryPoint\",\"urlTemplate\":\"https:\/\/esbozodeportivo.com\/?s={search_term_string}\"},\"query-input\":{\"@type\":\"PropertyValueSpecification\",\"valueRequired\":true,\"valueName\":\"search_term_string\"}}],\"inLanguage\":\"es\"},{\"@type\":\"Organization\",\"@id\":\"https:\/\/esbozodeportivo.com\/#organization\",\"name\":\"Esbozo Deportivo\",\"url\":\"https:\/\/esbozodeportivo.com\/\",\"logo\":{\"@type\":\"ImageObject\",\"inLanguage\":\"es\",\"@id\":\"https:\/\/esbozodeportivo.com\/#\/schema\/logo\/image\/\",\"url\":\"https:\/\/esbozodeportivo.com\/wp-content\/uploads\/2022\/08\/cropped-Logo-Esbozo-Web-2.png\",\"contentUrl\":\"https:\/\/esbozodeportivo.com\/wp-content\/uploads\/2022\/08\/cropped-Logo-Esbozo-Web-2.png\",\"width\":180,\"height\":50,\"caption\":\"Esbozo Deportivo\"},\"image\":{\"@id\":\"https:\/\/esbozodeportivo.com\/#\/schema\/logo\/image\/\"}},{\"@type\":\"Person\",\"@id\":\"https:\/\/esbozodeportivo.com\/#\/schema\/person\/7277119c98823aec37bbb84e125efd44\",\"name\":\"Javier De La Cruz\",\"image\":{\"@type\":\"ImageObject\",\"inLanguage\":\"es\",\"@id\":\"https:\/\/esbozodeportivo.com\/#\/schema\/person\/image\/\",\"url\":\"https:\/\/secure.gravatar.com\/avatar\/366235a56d20f1a6e8e3d0b295897639357bea880470ddf261d17bb0bc052eb1?s=96&d=mm&r=g\",\"contentUrl\":\"https:\/\/secure.gravatar.com\/avatar\/366235a56d20f1a6e8e3d0b295897639357bea880470ddf261d17bb0bc052eb1?s=96&d=mm&r=g\",\"caption\":\"Javier De La Cruz\"},\"url\":\"https:\/\/esbozodeportivo.com\/index.php\/author\/javier-de-la-cruz-de-la-cruz\/\"}]}<\/script>\n<!-- \/ Yoast SEO plugin. -->","yoast_head_json":{"title":"Evangelina Prado y Omar Rodr\u00edguez, ganadores de la carrera An\u00e1huac 5 kil\u00f3metros - Esbozo Deportivo","robots":{"index":"index","follow":"follow","max-snippet":"max-snippet:-1","max-image-preview":"max-image-preview:large","max-video-preview":"max-video-preview:-1"},"canonical":"https:\/\/esbozodeportivo.com\/index.php\/2023\/04\/24\/evangelina-prado-y-omar-rodriguez-ganadores-de-la-carrera-anahuac-5-kilometros\/","og_locale":"es_MX","og_type":"article","og_title":"Evangelina Prado y Omar Rodr\u00edguez, ganadores de la carrera An\u00e1huac 5 kil\u00f3metros - Esbozo Deportivo","og_description":"(Foto: INDEPORTE)\u00a0 Ciudad de M\u00e9xico.- Este domingo se llev\u00f3 a cabo la Carrera \u201cPonte Pila\u201d","og_url":"https:\/\/esbozodeportivo.com\/index.php\/2023\/04\/24\/evangelina-prado-y-omar-rodriguez-ganadores-de-la-carrera-anahuac-5-kilometros\/","og_site_name":"Esbozo Deportivo","article_published_time":"2023-04-24T06:58:32+00:00","article_modified_time":"2023-04-24T07:03:42+00:00","og_image":[{"url":"https:\/\/esbozodeportivo.com\/wp-content\/uploads\/2023\/04\/Carrera-Anahuac-5-1024x682.jpg","type":"","width":"","height":""}],"author":"Javier De La Cruz","twitter_card":"summary_large_image","twitter_misc":{"Escrito por":"Javier De La Cruz","Tiempo de lectura":"1 minuto"},"schema":{"@context":"https:\/\/schema.org","@graph":[{"@type":"Article","@id":"https:\/\/esbozodeportivo.com\/index.php\/2023\/04\/24\/evangelina-prado-y-omar-rodriguez-ganadores-de-la-carrera-anahuac-5-kilometros\/#article","isPartOf":{"@id":"https:\/\/esbozodeportivo.com\/index.php\/2023\/04\/24\/evangelina-prado-y-omar-rodriguez-ganadores-de-la-carrera-anahuac-5-kilometros\/"},"author":{"name":"Javier De La Cruz","@id":"https:\/\/esbozodeportivo.com\/#\/schema\/person\/7277119c98823aec37bbb84e125efd44"},"headline":"Evangelina Prado y Omar Rodr\u00edguez, ganadores de la carrera An\u00e1huac 5 kil\u00f3metros","datePublished":"2023-04-24T06:58:32+00:00","dateModified":"2023-04-24T07:03:42+00:00","mainEntityOfPage":{"@id":"https:\/\/esbozodeportivo.com\/index.php\/2023\/04\/24\/evangelina-prado-y-omar-rodriguez-ganadores-de-la-carrera-anahuac-5-kilometros\/"},"wordCount":277,"commentCount":0,"publisher":{"@id":"https:\/\/esbozodeportivo.com\/#organization"},"image":{"@id":"https:\/\/esbozodeportivo.com\/index.php\/2023\/04\/24\/evangelina-prado-y-omar-rodriguez-ganadores-de-la-carrera-anahuac-5-kilometros\/#primaryimage"},"thumbnailUrl":"https:\/\/esbozodeportivo.com\/wp-content\/uploads\/2023\/04\/Carrera-Anahuac-5-1024x682.jpg","articleSection":["Amateur"],"inLanguage":"es","potentialAction":[{"@type":"CommentAction","name":"Comment","target":["https:\/\/esbozodeportivo.com\/index.php\/2023\/04\/24\/evangelina-prado-y-omar-rodriguez-ganadores-de-la-carrera-anahuac-5-kilometros\/#respond"]}]},{"@type":"WebPage","@id":"https:\/\/esbozodeportivo.com\/index.php\/2023\/04\/24\/evangelina-prado-y-omar-rodriguez-ganadores-de-la-carrera-anahuac-5-kilometros\/","url":"https:\/\/esbozodeportivo.com\/index.php\/2023\/04\/24\/evangelina-prado-y-omar-rodriguez-ganadores-de-la-carrera-anahuac-5-kilometros\/","name":"Evangelina Prado y Omar Rodr\u00edguez, ganadores de la carrera An\u00e1huac 5 kil\u00f3metros - Esbozo Deportivo","isPartOf":{"@id":"https:\/\/esbozodeportivo.com\/#website"},"primaryImageOfPage":{"@id":"https:\/\/esbozodeportivo.com\/index.php\/2023\/04\/24\/evangelina-prado-y-omar-rodriguez-ganadores-de-la-carrera-anahuac-5-kilometros\/#primaryimage"},"image":{"@id":"https:\/\/esbozodeportivo.com\/index.php\/2023\/04\/24\/evangelina-prado-y-omar-rodriguez-ganadores-de-la-carrera-anahuac-5-kilometros\/#primaryimage"},"thumbnailUrl":"https:\/\/esbozodeportivo.com\/wp-content\/uploads\/2023\/04\/Carrera-Anahuac-5-1024x682.jpg","datePublished":"2023-04-24T06:58:32+00:00","dateModified":"2023-04-24T07:03:42+00:00","breadcrumb":{"@id":"https:\/\/esbozodeportivo.com\/index.php\/2023\/04\/24\/evangelina-prado-y-omar-rodriguez-ganadores-de-la-carrera-anahuac-5-kilometros\/#breadcrumb"},"inLanguage":"es","potentialAction":[{"@type":"ReadAction","target":["https:\/\/esbozodeportivo.com\/index.php\/2023\/04\/24\/evangelina-prado-y-omar-rodriguez-ganadores-de-la-carrera-anahuac-5-kilometros\/"]}]},{"@type":"ImageObject","inLanguage":"es","@id":"https:\/\/esbozodeportivo.com\/index.php\/2023\/04\/24\/evangelina-prado-y-omar-rodriguez-ganadores-de-la-carrera-anahuac-5-kilometros\/#primaryimage","url":"https:\/\/esbozodeportivo.com\/wp-content\/uploads\/2023\/04\/Carrera-Anahuac-5.jpg","contentUrl":"https:\/\/esbozodeportivo.com\/wp-content\/uploads\/2023\/04\/Carrera-Anahuac-5.jpg","width":1280,"height":853},{"@type":"BreadcrumbList","@id":"https:\/\/esbozodeportivo.com\/index.php\/2023\/04\/24\/evangelina-prado-y-omar-rodriguez-ganadores-de-la-carrera-anahuac-5-kilometros\/#breadcrumb","itemListElement":[{"@type":"ListItem","position":1,"name":"Inicio","item":"https:\/\/esbozodeportivo.com\/"},{"@type":"ListItem","position":2,"name":"Evangelina Prado y Omar Rodr\u00edguez, ganadores de la carrera An\u00e1huac 5 kil\u00f3metros"}]},{"@type":"WebSite","@id":"https:\/\/esbozodeportivo.com\/#website","url":"https:\/\/esbozodeportivo.com\/","name":"Esbozo Deportivo","description":"Lo m\u00e1s importante del Deporte","publisher":{"@id":"https:\/\/esbozodeportivo.com\/#organization"},"potentialAction":[{"@type":"SearchAction","target":{"@type":"EntryPoint","urlTemplate":"https:\/\/esbozodeportivo.com\/?s={search_term_string}"},"query-input":{"@type":"PropertyValueSpecification","valueRequired":true,"valueName":"search_term_string"}}],"inLanguage":"es"},{"@type":"Organization","@id":"https:\/\/esbozodeportivo.com\/#organization","name":"Esbozo Deportivo","url":"https:\/\/esbozodeportivo.com\/","logo":{"@type":"ImageObject","inLanguage":"es","@id":"https:\/\/esbozodeportivo.com\/#\/schema\/logo\/image\/","url":"https:\/\/esbozodeportivo.com\/wp-content\/uploads\/2022\/08\/cropped-Logo-Esbozo-Web-2.png","contentUrl":"https:\/\/esbozodeportivo.com\/wp-content\/uploads\/2022\/08\/cropped-Logo-Esbozo-Web-2.png","width":180,"height":50,"caption":"Esbozo Deportivo"},"image":{"@id":"https:\/\/esbozodeportivo.com\/#\/schema\/logo\/image\/"}},{"@type":"Person","@id":"https:\/\/esbozodeportivo.com\/#\/schema\/person\/7277119c98823aec37bbb84e125efd44","name":"Javier De La Cruz","image":{"@type":"ImageObject","inLanguage":"es","@id":"https:\/\/esbozodeportivo.com\/#\/schema\/person\/image\/","url":"https:\/\/secure.gravatar.com\/avatar\/366235a56d20f1a6e8e3d0b295897639357bea880470ddf261d17bb0bc052eb1?s=96&d=mm&r=g","contentUrl":"https:\/\/secure.gravatar.com\/avatar\/366235a56d20f1a6e8e3d0b295897639357bea880470ddf261d17bb0bc052eb1?s=96&d=mm&r=g","caption":"Javier De La Cruz"},"url":"https:\/\/esbozodeportivo.com\/index.php\/author\/javier-de-la-cruz-de-la-cruz\/"}]}},"jetpack_featured_media_url":"","jetpack_sharing_enabled":true,"_links":{"self":[{"href":"https:\/\/esbozodeportivo.com\/index.php\/wp-json\/wp\/v2\/posts\/1447","targetHints":{"allow":["GET"]}}],"collection":[{"href":"https:\/\/esbozodeportivo.com\/index.php\/wp-json\/wp\/v2\/posts"}],"about":[{"href":"https:\/\/esbozodeportivo.com\/index.php\/wp-json\/wp\/v2\/types\/post"}],"author":[{"embeddable":true,"href":"https:\/\/esbozodeportivo.com\/index.php\/wp-json\/wp\/v2\/users\/2"}],"replies":[{"embeddable":true,"href":"https:\/\/esbozodeportivo.com\/index.php\/wp-json\/wp\/v2\/comments?post=1447"}],"version-history":[{"count":4,"href":"https:\/\/esbozodeportivo.com\/index.php\/wp-json\/wp\/v2\/posts\/1447\/revisions"}],"predecessor-version":[{"id":1456,"href":"https:\/\/esbozodeportivo.com\/index.php\/wp-json\/wp\/v2\/posts\/1447\/revisions\/1456"}],"wp:attachment":[{"href":"https:\/\/esbozodeportivo.com\/index.php\/wp-json\/wp\/v2\/media?parent=1447"}],"wp:term":[{"taxonomy":"category","embeddable":true,"href":"https:\/\/esbozodeportivo.com\/index.php\/wp-json\/wp\/v2\/categories?post=1447"},{"taxonomy":"post_tag","embeddable":true,"href":"https:\/\/esbozodeportivo.com\/index.php\/wp-json\/wp\/v2\/tags?post=1447"}],"curies":[{"name":"wp","href":"https:\/\/api.w.org\/{rel}","templated":true}]}}