{"id":14477,"date":"2026-05-01T21:23:44","date_gmt":"2026-05-02T03:23:44","guid":{"rendered":"https:\/\/esbozodeportivo.com\/?p=14477"},"modified":"2026-05-01T21:23:46","modified_gmt":"2026-05-02T03:23:46","slug":"cadillac-y-checo-debuta-en-miami-en-la-f1","status":"publish","type":"post","link":"https:\/\/esbozodeportivo.com\/index.php\/2026\/05\/01\/cadillac-y-checo-debuta-en-miami-en-la-f1\/","title":{"rendered":"Cadillac y Checo debuta en Miami en la F1"},"content":{"rendered":"\n<p>(Foto: Agencias) <\/p>\n\n\n\n<p>Hac\u00eda menos de 14 meses que el frustrante intento de Cadillac por ingresar a la F\u00f3rmula 1 finalmente hab\u00eda llegado a su fin y se aprob\u00f3 que el equipo compitiera en la serie mundial de automovilismo.<\/p>\n\n\n\n<p>El equipo ya ha completado tres carreras, pero su debut m\u00e1s importante llega este fin de semana, en suelo estadounidense, en el Gran Premio de Miami. Cadillac F1 se promociona como el \u00fanico equipo verdaderamente estadounidense en una serie dominada por europeos. Haas F1 es propiedad del empresario californiano Gene Haas.<\/p>\n\n\n\n<p>El empe\u00f1o por entrar a la F1 comenz\u00f3 con Michael Andretti, hijo del ciudadano estadounidense naturalizado m\u00e1s famoso del automovilismo, y el auto de 2026 lleva el nombre de Mario Andretti. Y para su primera carrera en Norteam\u00e9rica, Cadillac present\u00f3 una decoraci\u00f3n especial dada a conocer por el socio principal del equipo, TWG AI.<\/p>\n\n\n\n<p>El dise\u00f1o integra un motivo de estrellas y franjas en el caracter\u00edstico esquema de colores blanco y negro de Cadillac, incluye 50 estrellas en la parte delantera del auto y en el aler\u00f3n trasero aparece estampado \u201cUSA\u201d. Tambi\u00e9n hay un toque de rojo dentro de las ruedas para incorporar el rojo, blanco y azul en el auto.<\/p>\n\n\n\n<p>\u201cCorrer en casa por primera vez es un hito importante para este equipo y algo que hemos esperado durante mucho tiempo\u201d, afirm\u00f3 Dan Towriss, director ejecutivo del equipo y residente a tiempo parcial en Fort Lauderdale. \u201cHay mucho orgullo en representar a Estados Unidos como el equipo estadounidense, especialmente frente a nuestros aficionados locales. Entendemos lo que eso significa y estamos enfocados en presentarnos y cumplir para ellos\u201d.<\/p>\n\n\n\n<p>Cadillac tiene como pilotos al finland\u00e9s Valtteri Bottas y al mexicano Sergio P\u00e9rez, dos veteranos que han ganado en la F1 con otros equipos. En las primeras tres carreras, su mejor resultado fue el 13er puesto de Bottas y 15to de P\u00e9rez en la segunda fecha. Considerado el equipo con peor rendimiento de los 11 \u00fanicamente por tratarse de su a\u00f1o de debut, Cadillac llega a la carrera del domingo ubicado d\u00e9cimo, por delante de Aston Martin, en el campeonato de constructores.<\/p>\n\n\n\n<p>Se espera que Colton Herta, quien dej\u00f3 el equipo Andretti Global de IndyCar para correr en F2 esta temporada con el fin de obtener la superlicencia necesaria para competir en la F1, eventualmente pase a ocupar uno de los asientos de Cadillac. El californiano fue el m\u00e1s r\u00e1pido en la pr\u00e1ctica del viernes de la categor\u00eda telonera y el plan, con el tiempo, lo convertir\u00eda en el \u00fanico piloto estadounidense en la parrilla de la F1.<\/p>\n\n\n\n<p>Una inesperada pausa de cinco semanas debido a la guerra en Ir\u00e1n oblig\u00f3 a la F1 a cancelar dos carreras en Oriente Medio, y Cadillac aprovech\u00f3 ese tiempo para preparar \u201cun paquete de mejoras bastante sustancial\u201d para Miami.<\/p>\n\n\n\n<p>\u201cEst\u00e1 repartido en distintas partes del auto, as\u00ed que probablemente el \u00e1rea principal sea el piso, pero tambi\u00e9n hay cambios en los frenos delanteros y traseros, y en el aler\u00f3n delantero\u201d, indic\u00f3 Graeme \u2060Lowdon, director del equipo. \u201cEs una mezcla de aerodin\u00e1mica y tambi\u00e9n un poco de reducci\u00f3n de peso. Es de un tama\u00f1o razonable. Observaremos con gran inter\u00e9s el rendimiento de la mejora porque hay much\u00edsimo que necesitamos verificar y otros equipos ya estar\u00e1n bastante avanzados en ese camino\u201d.<\/p>\n","protected":false},"excerpt":{"rendered":"<p>(Foto: Agencias) Hac\u00eda menos de 14 meses que el frustrante intento de Cadillac por ingresar<\/p>\n","protected":false},"author":4,"featured_media":14463,"comment_status":"closed","ping_status":"open","sticky":false,"template":"","format":"standard","meta":{"_jetpack_memberships_contains_paid_content":false,"footnotes":""},"categories":[44],"tags":[],"class_list":["post-14477","post","type-post","status-publish","format-standard","has-post-thumbnail","hentry","category-formula-1"],"yoast_head":"<!-- This site is optimized with the Yoast SEO plugin v25.7 - https:\/\/yoast.com\/wordpress\/plugins\/seo\/ -->\n<title>Cadillac y Checo debuta en Miami en la F1 - Esbozo Deportivo<\/title>\n<meta name=\"description\" content=\"Hac\u00eda menos de 14 meses que el frustrante intento de Cadillac por ingresar a la F\u00f3rmula 1 finalmente hab\u00eda llegado a su fin y se aprob\u00f3 que el equipo compitiera en la serie mundial de automovilismo.\" \/>\n<meta name=\"robots\" content=\"index, follow, max-snippet:-1, max-image-preview:large, max-video-preview:-1\" \/>\n<link rel=\"canonical\" href=\"https:\/\/esbozodeportivo.com\/index.php\/2026\/05\/01\/cadillac-y-checo-debuta-en-miami-en-la-f1\/\" \/>\n<meta property=\"og:locale\" content=\"es_MX\" \/>\n<meta property=\"og:type\" content=\"article\" \/>\n<meta property=\"og:title\" content=\"Cadillac y Checo debuta en Miami en la F1 - Esbozo Deportivo\" \/>\n<meta property=\"og:description\" content=\"Hac\u00eda menos de 14 meses que el frustrante intento de Cadillac por ingresar a la F\u00f3rmula 1 finalmente hab\u00eda llegado a su fin y se aprob\u00f3 que el equipo compitiera en la serie mundial de automovilismo.\" \/>\n<meta property=\"og:url\" content=\"https:\/\/esbozodeportivo.com\/index.php\/2026\/05\/01\/cadillac-y-checo-debuta-en-miami-en-la-f1\/\" \/>\n<meta property=\"og:site_name\" content=\"Esbozo Deportivo\" \/>\n<meta property=\"article:published_time\" content=\"2026-05-02T03:23:44+00:00\" \/>\n<meta property=\"article:modified_time\" content=\"2026-05-02T03:23:46+00:00\" \/>\n<meta property=\"og:image\" content=\"https:\/\/esbozodeportivo.com\/wp-content\/uploads\/2026\/05\/37f24659-0761-416a-827b-253b422608fd.jpg\" \/>\n\t<meta property=\"og:image:width\" content=\"980\" \/>\n\t<meta property=\"og:image:height\" content=\"653\" \/>\n\t<meta property=\"og:image:type\" content=\"image\/jpeg\" \/>\n<meta name=\"author\" content=\"Redacci\u00f3n\" \/>\n<meta name=\"twitter:card\" content=\"summary_large_image\" \/>\n<meta name=\"twitter:label1\" content=\"Escrito por\" \/>\n\t<meta name=\"twitter:data1\" content=\"Redacci\u00f3n\" \/>\n\t<meta name=\"twitter:label2\" content=\"Tiempo de lectura\" \/>\n\t<meta name=\"twitter:data2\" content=\"3 minutos\" \/>\n<script type=\"application\/ld+json\" class=\"yoast-schema-graph\">{\"@context\":\"https:\/\/schema.org\",\"@graph\":[{\"@type\":\"Article\",\"@id\":\"https:\/\/esbozodeportivo.com\/index.php\/2026\/05\/01\/cadillac-y-checo-debuta-en-miami-en-la-f1\/#article\",\"isPartOf\":{\"@id\":\"https:\/\/esbozodeportivo.com\/index.php\/2026\/05\/01\/cadillac-y-checo-debuta-en-miami-en-la-f1\/\"},\"author\":{\"name\":\"Redacci\u00f3n\",\"@id\":\"https:\/\/esbozodeportivo.com\/#\/schema\/person\/0f6df9196dfe6740dd0bb31bae50d374\"},\"headline\":\"Cadillac y Checo debuta en Miami en la F1\",\"datePublished\":\"2026-05-02T03:23:44+00:00\",\"dateModified\":\"2026-05-02T03:23:46+00:00\",\"mainEntityOfPage\":{\"@id\":\"https:\/\/esbozodeportivo.com\/index.php\/2026\/05\/01\/cadillac-y-checo-debuta-en-miami-en-la-f1\/\"},\"wordCount\":580,\"publisher\":{\"@id\":\"https:\/\/esbozodeportivo.com\/#organization\"},\"image\":{\"@id\":\"https:\/\/esbozodeportivo.com\/index.php\/2026\/05\/01\/cadillac-y-checo-debuta-en-miami-en-la-f1\/#primaryimage\"},\"thumbnailUrl\":\"https:\/\/esbozodeportivo.com\/wp-content\/uploads\/2026\/05\/37f24659-0761-416a-827b-253b422608fd.jpg\",\"articleSection\":[\"F\u00f3rmula 1\"],\"inLanguage\":\"es\"},{\"@type\":\"WebPage\",\"@id\":\"https:\/\/esbozodeportivo.com\/index.php\/2026\/05\/01\/cadillac-y-checo-debuta-en-miami-en-la-f1\/\",\"url\":\"https:\/\/esbozodeportivo.com\/index.php\/2026\/05\/01\/cadillac-y-checo-debuta-en-miami-en-la-f1\/\",\"name\":\"Cadillac y Checo debuta en Miami en la F1 - Esbozo Deportivo\",\"isPartOf\":{\"@id\":\"https:\/\/esbozodeportivo.com\/#website\"},\"primaryImageOfPage\":{\"@id\":\"https:\/\/esbozodeportivo.com\/index.php\/2026\/05\/01\/cadillac-y-checo-debuta-en-miami-en-la-f1\/#primaryimage\"},\"image\":{\"@id\":\"https:\/\/esbozodeportivo.com\/index.php\/2026\/05\/01\/cadillac-y-checo-debuta-en-miami-en-la-f1\/#primaryimage\"},\"thumbnailUrl\":\"https:\/\/esbozodeportivo.com\/wp-content\/uploads\/2026\/05\/37f24659-0761-416a-827b-253b422608fd.jpg\",\"datePublished\":\"2026-05-02T03:23:44+00:00\",\"dateModified\":\"2026-05-02T03:23:46+00:00\",\"description\":\"Hac\u00eda menos de 14 meses que el frustrante intento de Cadillac por ingresar a la F\u00f3rmula 1 finalmente hab\u00eda llegado a su fin y se aprob\u00f3 que el equipo compitiera en la serie mundial de automovilismo.\",\"breadcrumb\":{\"@id\":\"https:\/\/esbozodeportivo.com\/index.php\/2026\/05\/01\/cadillac-y-checo-debuta-en-miami-en-la-f1\/#breadcrumb\"},\"inLanguage\":\"es\",\"potentialAction\":[{\"@type\":\"ReadAction\",\"target\":[\"https:\/\/esbozodeportivo.com\/index.php\/2026\/05\/01\/cadillac-y-checo-debuta-en-miami-en-la-f1\/\"]}]},{\"@type\":\"ImageObject\",\"inLanguage\":\"es\",\"@id\":\"https:\/\/esbozodeportivo.com\/index.php\/2026\/05\/01\/cadillac-y-checo-debuta-en-miami-en-la-f1\/#primaryimage\",\"url\":\"https:\/\/esbozodeportivo.com\/wp-content\/uploads\/2026\/05\/37f24659-0761-416a-827b-253b422608fd.jpg\",\"contentUrl\":\"https:\/\/esbozodeportivo.com\/wp-content\/uploads\/2026\/05\/37f24659-0761-416a-827b-253b422608fd.jpg\",\"width\":980,\"height\":653},{\"@type\":\"BreadcrumbList\",\"@id\":\"https:\/\/esbozodeportivo.com\/index.php\/2026\/05\/01\/cadillac-y-checo-debuta-en-miami-en-la-f1\/#breadcrumb\",\"itemListElement\":[{\"@type\":\"ListItem\",\"position\":1,\"name\":\"Inicio\",\"item\":\"https:\/\/esbozodeportivo.com\/\"},{\"@type\":\"ListItem\",\"position\":2,\"name\":\"Cadillac y Checo debuta en Miami en la F1\"}]},{\"@type\":\"WebSite\",\"@id\":\"https:\/\/esbozodeportivo.com\/#website\",\"url\":\"https:\/\/esbozodeportivo.com\/\",\"name\":\"Esbozo Deportivo\",\"description\":\"Lo m\u00e1s importante del Deporte\",\"publisher\":{\"@id\":\"https:\/\/esbozodeportivo.com\/#organization\"},\"potentialAction\":[{\"@type\":\"SearchAction\",\"target\":{\"@type\":\"EntryPoint\",\"urlTemplate\":\"https:\/\/esbozodeportivo.com\/?s={search_term_string}\"},\"query-input\":{\"@type\":\"PropertyValueSpecification\",\"valueRequired\":true,\"valueName\":\"search_term_string\"}}],\"inLanguage\":\"es\"},{\"@type\":\"Organization\",\"@id\":\"https:\/\/esbozodeportivo.com\/#organization\",\"name\":\"Esbozo Deportivo\",\"url\":\"https:\/\/esbozodeportivo.com\/\",\"logo\":{\"@type\":\"ImageObject\",\"inLanguage\":\"es\",\"@id\":\"https:\/\/esbozodeportivo.com\/#\/schema\/logo\/image\/\",\"url\":\"https:\/\/esbozodeportivo.com\/wp-content\/uploads\/2022\/08\/cropped-Logo-Esbozo-Web-2.png\",\"contentUrl\":\"https:\/\/esbozodeportivo.com\/wp-content\/uploads\/2022\/08\/cropped-Logo-Esbozo-Web-2.png\",\"width\":180,\"height\":50,\"caption\":\"Esbozo Deportivo\"},\"image\":{\"@id\":\"https:\/\/esbozodeportivo.com\/#\/schema\/logo\/image\/\"}},{\"@type\":\"Person\",\"@id\":\"https:\/\/esbozodeportivo.com\/#\/schema\/person\/0f6df9196dfe6740dd0bb31bae50d374\",\"name\":\"Redacci\u00f3n\",\"image\":{\"@type\":\"ImageObject\",\"inLanguage\":\"es\",\"@id\":\"https:\/\/esbozodeportivo.com\/#\/schema\/person\/image\/\",\"url\":\"https:\/\/secure.gravatar.com\/avatar\/f55268a89c3b418f2ef172ff52ab0d09b3e653c58de29539fe329fb93d78ebf3?s=96&d=mm&r=g\",\"contentUrl\":\"https:\/\/secure.gravatar.com\/avatar\/f55268a89c3b418f2ef172ff52ab0d09b3e653c58de29539fe329fb93d78ebf3?s=96&d=mm&r=g\",\"caption\":\"Redacci\u00f3n\"},\"url\":\"https:\/\/esbozodeportivo.com\/index.php\/author\/redaccion\/\"}]}<\/script>\n<!-- \/ Yoast SEO plugin. -->","yoast_head_json":{"title":"Cadillac y Checo debuta en Miami en la F1 - Esbozo Deportivo","description":"Hac\u00eda menos de 14 meses que el frustrante intento de Cadillac por ingresar a la F\u00f3rmula 1 finalmente hab\u00eda llegado a su fin y se aprob\u00f3 que el equipo compitiera en la serie mundial de automovilismo.","robots":{"index":"index","follow":"follow","max-snippet":"max-snippet:-1","max-image-preview":"max-image-preview:large","max-video-preview":"max-video-preview:-1"},"canonical":"https:\/\/esbozodeportivo.com\/index.php\/2026\/05\/01\/cadillac-y-checo-debuta-en-miami-en-la-f1\/","og_locale":"es_MX","og_type":"article","og_title":"Cadillac y Checo debuta en Miami en la F1 - Esbozo Deportivo","og_description":"Hac\u00eda menos de 14 meses que el frustrante intento de Cadillac por ingresar a la F\u00f3rmula 1 finalmente hab\u00eda llegado a su fin y se aprob\u00f3 que el equipo compitiera en la serie mundial de automovilismo.","og_url":"https:\/\/esbozodeportivo.com\/index.php\/2026\/05\/01\/cadillac-y-checo-debuta-en-miami-en-la-f1\/","og_site_name":"Esbozo Deportivo","article_published_time":"2026-05-02T03:23:44+00:00","article_modified_time":"2026-05-02T03:23:46+00:00","og_image":[{"width":980,"height":653,"url":"https:\/\/esbozodeportivo.com\/wp-content\/uploads\/2026\/05\/37f24659-0761-416a-827b-253b422608fd.jpg","type":"image\/jpeg"}],"author":"Redacci\u00f3n","twitter_card":"summary_large_image","twitter_misc":{"Escrito por":"Redacci\u00f3n","Tiempo de lectura":"3 minutos"},"schema":{"@context":"https:\/\/schema.org","@graph":[{"@type":"Article","@id":"https:\/\/esbozodeportivo.com\/index.php\/2026\/05\/01\/cadillac-y-checo-debuta-en-miami-en-la-f1\/#article","isPartOf":{"@id":"https:\/\/esbozodeportivo.com\/index.php\/2026\/05\/01\/cadillac-y-checo-debuta-en-miami-en-la-f1\/"},"author":{"name":"Redacci\u00f3n","@id":"https:\/\/esbozodeportivo.com\/#\/schema\/person\/0f6df9196dfe6740dd0bb31bae50d374"},"headline":"Cadillac y Checo debuta en Miami en la F1","datePublished":"2026-05-02T03:23:44+00:00","dateModified":"2026-05-02T03:23:46+00:00","mainEntityOfPage":{"@id":"https:\/\/esbozodeportivo.com\/index.php\/2026\/05\/01\/cadillac-y-checo-debuta-en-miami-en-la-f1\/"},"wordCount":580,"publisher":{"@id":"https:\/\/esbozodeportivo.com\/#organization"},"image":{"@id":"https:\/\/esbozodeportivo.com\/index.php\/2026\/05\/01\/cadillac-y-checo-debuta-en-miami-en-la-f1\/#primaryimage"},"thumbnailUrl":"https:\/\/esbozodeportivo.com\/wp-content\/uploads\/2026\/05\/37f24659-0761-416a-827b-253b422608fd.jpg","articleSection":["F\u00f3rmula 1"],"inLanguage":"es"},{"@type":"WebPage","@id":"https:\/\/esbozodeportivo.com\/index.php\/2026\/05\/01\/cadillac-y-checo-debuta-en-miami-en-la-f1\/","url":"https:\/\/esbozodeportivo.com\/index.php\/2026\/05\/01\/cadillac-y-checo-debuta-en-miami-en-la-f1\/","name":"Cadillac y Checo debuta en Miami en la F1 - Esbozo Deportivo","isPartOf":{"@id":"https:\/\/esbozodeportivo.com\/#website"},"primaryImageOfPage":{"@id":"https:\/\/esbozodeportivo.com\/index.php\/2026\/05\/01\/cadillac-y-checo-debuta-en-miami-en-la-f1\/#primaryimage"},"image":{"@id":"https:\/\/esbozodeportivo.com\/index.php\/2026\/05\/01\/cadillac-y-checo-debuta-en-miami-en-la-f1\/#primaryimage"},"thumbnailUrl":"https:\/\/esbozodeportivo.com\/wp-content\/uploads\/2026\/05\/37f24659-0761-416a-827b-253b422608fd.jpg","datePublished":"2026-05-02T03:23:44+00:00","dateModified":"2026-05-02T03:23:46+00:00","description":"Hac\u00eda menos de 14 meses que el frustrante intento de Cadillac por ingresar a la F\u00f3rmula 1 finalmente hab\u00eda llegado a su fin y se aprob\u00f3 que el equipo compitiera en la serie mundial de automovilismo.","breadcrumb":{"@id":"https:\/\/esbozodeportivo.com\/index.php\/2026\/05\/01\/cadillac-y-checo-debuta-en-miami-en-la-f1\/#breadcrumb"},"inLanguage":"es","potentialAction":[{"@type":"ReadAction","target":["https:\/\/esbozodeportivo.com\/index.php\/2026\/05\/01\/cadillac-y-checo-debuta-en-miami-en-la-f1\/"]}]},{"@type":"ImageObject","inLanguage":"es","@id":"https:\/\/esbozodeportivo.com\/index.php\/2026\/05\/01\/cadillac-y-checo-debuta-en-miami-en-la-f1\/#primaryimage","url":"https:\/\/esbozodeportivo.com\/wp-content\/uploads\/2026\/05\/37f24659-0761-416a-827b-253b422608fd.jpg","contentUrl":"https:\/\/esbozodeportivo.com\/wp-content\/uploads\/2026\/05\/37f24659-0761-416a-827b-253b422608fd.jpg","width":980,"height":653},{"@type":"BreadcrumbList","@id":"https:\/\/esbozodeportivo.com\/index.php\/2026\/05\/01\/cadillac-y-checo-debuta-en-miami-en-la-f1\/#breadcrumb","itemListElement":[{"@type":"ListItem","position":1,"name":"Inicio","item":"https:\/\/esbozodeportivo.com\/"},{"@type":"ListItem","position":2,"name":"Cadillac y Checo debuta en Miami en la F1"}]},{"@type":"WebSite","@id":"https:\/\/esbozodeportivo.com\/#website","url":"https:\/\/esbozodeportivo.com\/","name":"Esbozo Deportivo","description":"Lo m\u00e1s importante del Deporte","publisher":{"@id":"https:\/\/esbozodeportivo.com\/#organization"},"potentialAction":[{"@type":"SearchAction","target":{"@type":"EntryPoint","urlTemplate":"https:\/\/esbozodeportivo.com\/?s={search_term_string}"},"query-input":{"@type":"PropertyValueSpecification","valueRequired":true,"valueName":"search_term_string"}}],"inLanguage":"es"},{"@type":"Organization","@id":"https:\/\/esbozodeportivo.com\/#organization","name":"Esbozo Deportivo","url":"https:\/\/esbozodeportivo.com\/","logo":{"@type":"ImageObject","inLanguage":"es","@id":"https:\/\/esbozodeportivo.com\/#\/schema\/logo\/image\/","url":"https:\/\/esbozodeportivo.com\/wp-content\/uploads\/2022\/08\/cropped-Logo-Esbozo-Web-2.png","contentUrl":"https:\/\/esbozodeportivo.com\/wp-content\/uploads\/2022\/08\/cropped-Logo-Esbozo-Web-2.png","width":180,"height":50,"caption":"Esbozo Deportivo"},"image":{"@id":"https:\/\/esbozodeportivo.com\/#\/schema\/logo\/image\/"}},{"@type":"Person","@id":"https:\/\/esbozodeportivo.com\/#\/schema\/person\/0f6df9196dfe6740dd0bb31bae50d374","name":"Redacci\u00f3n","image":{"@type":"ImageObject","inLanguage":"es","@id":"https:\/\/esbozodeportivo.com\/#\/schema\/person\/image\/","url":"https:\/\/secure.gravatar.com\/avatar\/f55268a89c3b418f2ef172ff52ab0d09b3e653c58de29539fe329fb93d78ebf3?s=96&d=mm&r=g","contentUrl":"https:\/\/secure.gravatar.com\/avatar\/f55268a89c3b418f2ef172ff52ab0d09b3e653c58de29539fe329fb93d78ebf3?s=96&d=mm&r=g","caption":"Redacci\u00f3n"},"url":"https:\/\/esbozodeportivo.com\/index.php\/author\/redaccion\/"}]}},"jetpack_featured_media_url":"https:\/\/esbozodeportivo.com\/wp-content\/uploads\/2026\/05\/37f24659-0761-416a-827b-253b422608fd.jpg","jetpack_sharing_enabled":true,"_links":{"self":[{"href":"https:\/\/esbozodeportivo.com\/index.php\/wp-json\/wp\/v2\/posts\/14477","targetHints":{"allow":["GET"]}}],"collection":[{"href":"https:\/\/esbozodeportivo.com\/index.php\/wp-json\/wp\/v2\/posts"}],"about":[{"href":"https:\/\/esbozodeportivo.com\/index.php\/wp-json\/wp\/v2\/types\/post"}],"author":[{"embeddable":true,"href":"https:\/\/esbozodeportivo.com\/index.php\/wp-json\/wp\/v2\/users\/4"}],"replies":[{"embeddable":true,"href":"https:\/\/esbozodeportivo.com\/index.php\/wp-json\/wp\/v2\/comments?post=14477"}],"version-history":[{"count":1,"href":"https:\/\/esbozodeportivo.com\/index.php\/wp-json\/wp\/v2\/posts\/14477\/revisions"}],"predecessor-version":[{"id":14478,"href":"https:\/\/esbozodeportivo.com\/index.php\/wp-json\/wp\/v2\/posts\/14477\/revisions\/14478"}],"wp:featuredmedia":[{"embeddable":true,"href":"https:\/\/esbozodeportivo.com\/index.php\/wp-json\/wp\/v2\/media\/14463"}],"wp:attachment":[{"href":"https:\/\/esbozodeportivo.com\/index.php\/wp-json\/wp\/v2\/media?parent=14477"}],"wp:term":[{"taxonomy":"category","embeddable":true,"href":"https:\/\/esbozodeportivo.com\/index.php\/wp-json\/wp\/v2\/categories?post=14477"},{"taxonomy":"post_tag","embeddable":true,"href":"https:\/\/esbozodeportivo.com\/index.php\/wp-json\/wp\/v2\/tags?post=14477"}],"curies":[{"name":"wp","href":"https:\/\/api.w.org\/{rel}","templated":true}]}}