{"id":14479,"date":"2026-05-01T21:25:07","date_gmt":"2026-05-02T03:25:07","guid":{"rendered":"https:\/\/esbozodeportivo.com\/?p=14479"},"modified":"2026-05-01T21:25:09","modified_gmt":"2026-05-02T03:25:09","slug":"el-tri-con-cuatro-mexicoestadounidenses","status":"publish","type":"post","link":"https:\/\/esbozodeportivo.com\/index.php\/2026\/05\/01\/el-tri-con-cuatro-mexicoestadounidenses\/","title":{"rendered":"El Tri con cuatro mexicoestadounidenses"},"content":{"rendered":"\n<p>(Foto: Agencias) <\/p>\n\n\n\n<p>La convocatoria de M\u00e9xico para el Mundial podr\u00eda deberle m\u00e1s que un poco a su vecino del norte.<\/p>\n\n\n\n<p>El pa\u00eds ya ha tenido jugadores mexicoestadounidenses en planteles anteriores de la Copa del Mundo, pero hasta cuatro que nacieron y se formaron en Estados Unidos podr\u00edan ponerse la camiseta del Tri en 2026.<\/p>\n\n\n\n<p>\u201cSer\u00eda un impacto tremendo para los mexicoestadounidenses que yo juegue en el Mundial\u201d, dijo el mediocampista Brian Guti\u00e9rrez.<\/p>\n\n\n\n<p>Guti\u00e9rrez naci\u00f3 en Berwyn, Illinois, y fue seleccionado para la lista del Mundial que se anunci\u00f3 esta semana.<\/p>\n\n\n\n<p>Podr\u00eda estar acompa\u00f1ado en el plantel mexicano por su compa\u00f1ero de Chivas Richy Ledezma, mediocampista y lateral derecho nacido en Phoenix, as\u00ed como por Obed Vargas, mediocampista de Anchorage, Alaska, y el lateral derecho Juli\u00e1n Araujo, originario de Lompoc, California.<\/p>\n\n\n\n<p>El t\u00e9cnico Javier Aguirre dio a conocer esta semana una lista parcial para el Mundial integrada exclusivamente por jugadores de la Liga MX. Aunque Ledezma no fue incluido, eso no significa que no pueda estar en la n\u00f3mina de 26 futbolistas que Aguirre anunciar\u00e1 el 1 de junio, 11 d\u00edas antes del debut del torneo ante Sud\u00e1frica.<\/p>\n\n\n\n<p>Vargas, que juega en el Atl\u00e9tico de Madrid, y Araujo, del Celtic de Glasgow, tendr\u00e1n que esperar junto con Ledezma. Araujo ha estado entrenando en las instalaciones de M\u00e9xico, aunque su lugar no est\u00e1 asegurado.<\/p>\n\n\n\n<p>\u201cSoy mexicano, siento la bandera, el pa\u00eds, y venir a Guadalajara fue incre\u00edble\u201d, dijo Ledezma. \u201cEs un honor, un sue\u00f1o m\u00edo jugar el Mundial en el pa\u00eds donde nacieron mis padres\u201d.<\/p>\n\n\n\n<p>Guti\u00e9rrez disput\u00f3 dos partidos con la selecci\u00f3n nacional de Estados Unidos, y Ledezma y Araujo uno cada uno antes de cambiar de federaci\u00f3n. Los cuatro tambi\u00e9n jugaron con las selecciones estadounidenses Sub23 y Sub20. El cuarteto se encontraba muy atr\u00e1s en la lista de opciones de Estados Unidos.<\/p>\n\n\n\n<p>Araujo debut\u00f3 con M\u00e9xico en 2021 y se convirti\u00f3 en el tercer jugador en participar con las selecciones mayores de Estados Unidos y M\u00e9xico, despu\u00e9s de Mart\u00edn V\u00e1squez y Edgar Castillo. Vargas debut\u00f3 en 2024, y Ledezma y Guti\u00e9rrez este enero pasado.<\/p>\n\n\n\n<p>M\u00e9xico nunca ha tenido a m\u00e1s de dos mexicoestadounidenses en un Mundial.<\/p>\n\n\n\n<p>Dos originarios de California, Isaac \u201cConejito\u201d Brizuela y Miguel \u201cPocho\u201d Ponce, representaron a M\u00e9xico en el torneo de 2014 en Brasil.<\/p>\n\n\n\n<p>Brizuela naci\u00f3 en San Jos\u00e9, California, se mud\u00f3 a M\u00e9xico cuando ten\u00eda 2 a\u00f1os y ahora contempla el retiro tras jugar 16 a\u00f1os en la liga mexicana.<\/p>\n\n\n\n<p>Ponce, nacido en Sacramento, California, tambi\u00e9n regres\u00f3 a M\u00e9xico cuando era ni\u00f1o despu\u00e9s de que su madre fuera deportada. Ella hab\u00eda trabajado como empleada dom\u00e9stica en Sacramento.<\/p>\n\n\n\n<p>\u201cNo recuerdo bien porque yo era muy chico, pero mi mam\u00e1 me cont\u00f3 sobre la deportaci\u00f3n\u201d, relat\u00f3 Ponce, integrante de la selecci\u00f3n mexicana que obtuvo la medalla de oro del f\u00fatbol masculino en los Juegos Ol\u00edmpicos de 2012. \u201cFue algo dif\u00edcil para m\u00ed porque mi pap\u00e1 se tuvo que quedar en Estados Unidos y regresamos a M\u00e9xico, aunque a\u00f1os despu\u00e9s nos reunimos de nuevo\u201d.<\/p>\n\n\n\n<p>Guti\u00e9rrez, de 22 a\u00f1os, jug\u00f3 con Estados Unidos en amistosos disputados en enero de 2025 contra Venezuela y Costa Rica.<\/p>\n\n\n\n<p>Ledezma, de 25 a\u00f1os, actu\u00f3 para Estados Unidos en el Mundial Sub20 de la FIFA de 2019 y tuvo una aparici\u00f3n con la selecci\u00f3n mayor en un amistoso contra Panam\u00e1 el 16 de noviembre de 2020. Su carrera se fren\u00f3 por una rotura del ligamento cruzado anterior derecho sufrida con el PSV Eindhoven en diciembre de 2020.<\/p>\n\n\n\n<p>Araujo jug\u00f3 con Estados Unidos en un amistoso de diciembre de 2020 contra El Salvador.<\/p>\n\n\n\n<p>Ledezma se incorpor\u00f3 a Chivas el verano pasado procedente del PSV y Guti\u00e9rrez este a\u00f1o desde el Chicago Fire.<\/p>\n\n\n\n<p>\u201cDespu\u00e9s de la temporada de la MLS estaba buscando otra oportunidad y apareci\u00f3 Chivas\u201d, manifest\u00f3 Guti\u00e9rrez a The Associated Press. \u201cFue un sue\u00f1o hecho realidad. No hab\u00eda que pensarlo; ten\u00eda que pasar y me alegra que haya pasado ahora\u201d.<\/p>\n\n\n\n<p>Jugar bajo los reflectores de Chivas ayud\u00f3 a ambos a llegar r\u00e1pido a la selecci\u00f3n mexicana, pero a los dos ya los hab\u00eda contactado Andr\u00e9s Lillini, un argentino que est\u00e1 a cargo de las selecciones juveniles de M\u00e9xico.<\/p>\n\n\n\n<p>Lo mismo ocurri\u00f3 con Vargas, mientras que Araujo ya hab\u00eda sido convocado en 2021 cuando el argentino Gerardo Martino era el entrenador del Tri.<\/p>\n\n\n\n<p>\u201cEl scouting es la base de cualquier proceso de desarrollo, por eso vine a la selecci\u00f3n nacional\u201d, dijo Lillini, quien trabaj\u00f3 como buscador de talento para el CSKA Mosc\u00fa. \u201cCada jugador mexicano elegible con las habilidades necesaria deber\u00eda estar aqu\u00ed y por eso decidimos empezar con los Estados Unidos\u201d.<\/p>\n\n\n\n<p>Como parte del plan de Lillini y de la Federaci\u00f3n Mexicana, la presencia de jugadores mexicoestadounidenses podr\u00eda aumentar en el futuro. En la \u00faltima convocatoria de la selecci\u00f3n Sub16, fueron elegidos seis jugadores nacidos en Estados Unidos.<\/p>\n\n\n\n<p>Y aunque Lillini se enfoc\u00f3 inicialmente en el vecino del norte, tambi\u00e9n ha ampliado el reclutamiento a hijos de padres mexicanos que viven en Europa. Dijo que ya ha contactado a 30 jugadores en el extranjero.<\/p>\n\n\n\n<p>\u201cTodas las federaciones en el mundo lo hacen, ten\u00edamos que hacerlo nosotros tambi\u00e9n\u201d, sostuvo Lillini.<\/p>\n\n\n\n<p>Algunos aficionados y analistas creen que la selecci\u00f3n mexicana deber\u00eda estar integrada solo por jugadores nacidos en M\u00e9xico.<\/p>\n\n\n\n<p>Cuando Ponce y Brizuela jugaron el Mundial, no hubo controversia porque ambos eran suplentes, y la nacionalidad de Brizuela reci\u00e9n se supo despu\u00e9s del torneo.<\/p>\n\n\n\n<p>En otros deportes, como el b\u00e9isbol, es com\u00fan que haya jugadores de ascendencia mexicana en selecciones nacionales. En el \u00faltimo Cl\u00e1sico Mundial de b\u00e9isbol, 10 de los 30 jugadores del equipo mexicano nacieron en Estados Unidos.<\/p>\n\n\n\n<p><\/p>\n","protected":false},"excerpt":{"rendered":"<p>(Foto: Agencias) La convocatoria de M\u00e9xico para el Mundial podr\u00eda deberle m\u00e1s que un poco<\/p>\n","protected":false},"author":4,"featured_media":14465,"comment_status":"closed","ping_status":"open","sticky":false,"template":"","format":"standard","meta":{"_jetpack_memberships_contains_paid_content":false,"footnotes":""},"categories":[71],"tags":[],"class_list":["post-14479","post","type-post","status-publish","format-standard","has-post-thumbnail","hentry","category-mundial-2026"],"yoast_head":"<!-- This site is optimized with the Yoast SEO plugin v25.7 - https:\/\/yoast.com\/wordpress\/plugins\/seo\/ -->\n<title>El Tri con cuatro mexicoestadounidenses - Esbozo Deportivo<\/title>\n<meta name=\"description\" content=\"El pa\u00eds ya ha tenido jugadores mexicoestadounidenses en planteles anteriores de la Copa del Mundo, pero hasta cuatro que nacieron y se formaron en Estados Unidos podr\u00edan ponerse la camiseta del Tri en 2026.\" \/>\n<meta name=\"robots\" content=\"index, follow, max-snippet:-1, max-image-preview:large, max-video-preview:-1\" \/>\n<link rel=\"canonical\" href=\"https:\/\/esbozodeportivo.com\/index.php\/2026\/05\/01\/el-tri-con-cuatro-mexicoestadounidenses\/\" \/>\n<meta property=\"og:locale\" content=\"es_MX\" \/>\n<meta property=\"og:type\" content=\"article\" \/>\n<meta property=\"og:title\" content=\"El Tri con cuatro mexicoestadounidenses - Esbozo Deportivo\" \/>\n<meta property=\"og:description\" content=\"El pa\u00eds ya ha tenido jugadores mexicoestadounidenses en planteles anteriores de la Copa del Mundo, pero hasta cuatro que nacieron y se formaron en Estados Unidos podr\u00edan ponerse la camiseta del Tri en 2026.\" \/>\n<meta property=\"og:url\" content=\"https:\/\/esbozodeportivo.com\/index.php\/2026\/05\/01\/el-tri-con-cuatro-mexicoestadounidenses\/\" \/>\n<meta property=\"og:site_name\" content=\"Esbozo Deportivo\" \/>\n<meta property=\"article:published_time\" content=\"2026-05-02T03:25:07+00:00\" \/>\n<meta property=\"article:modified_time\" content=\"2026-05-02T03:25:09+00:00\" \/>\n<meta property=\"og:image\" content=\"https:\/\/esbozodeportivo.com\/wp-content\/uploads\/2026\/05\/29668dfd-bcb3-4bdb-8523-a79764456283.jpg\" \/>\n\t<meta property=\"og:image:width\" content=\"980\" \/>\n\t<meta property=\"og:image:height\" content=\"653\" \/>\n\t<meta property=\"og:image:type\" content=\"image\/jpeg\" \/>\n<meta name=\"author\" content=\"Redacci\u00f3n\" \/>\n<meta name=\"twitter:card\" content=\"summary_large_image\" \/>\n<meta name=\"twitter:label1\" content=\"Escrito por\" \/>\n\t<meta name=\"twitter:data1\" content=\"Redacci\u00f3n\" \/>\n\t<meta name=\"twitter:label2\" content=\"Tiempo de lectura\" \/>\n\t<meta name=\"twitter:data2\" content=\"5 minutos\" \/>\n<script type=\"application\/ld+json\" class=\"yoast-schema-graph\">{\"@context\":\"https:\/\/schema.org\",\"@graph\":[{\"@type\":\"Article\",\"@id\":\"https:\/\/esbozodeportivo.com\/index.php\/2026\/05\/01\/el-tri-con-cuatro-mexicoestadounidenses\/#article\",\"isPartOf\":{\"@id\":\"https:\/\/esbozodeportivo.com\/index.php\/2026\/05\/01\/el-tri-con-cuatro-mexicoestadounidenses\/\"},\"author\":{\"name\":\"Redacci\u00f3n\",\"@id\":\"https:\/\/esbozodeportivo.com\/#\/schema\/person\/0f6df9196dfe6740dd0bb31bae50d374\"},\"headline\":\"El Tri con cuatro mexicoestadounidenses\",\"datePublished\":\"2026-05-02T03:25:07+00:00\",\"dateModified\":\"2026-05-02T03:25:09+00:00\",\"mainEntityOfPage\":{\"@id\":\"https:\/\/esbozodeportivo.com\/index.php\/2026\/05\/01\/el-tri-con-cuatro-mexicoestadounidenses\/\"},\"wordCount\":996,\"publisher\":{\"@id\":\"https:\/\/esbozodeportivo.com\/#organization\"},\"image\":{\"@id\":\"https:\/\/esbozodeportivo.com\/index.php\/2026\/05\/01\/el-tri-con-cuatro-mexicoestadounidenses\/#primaryimage\"},\"thumbnailUrl\":\"https:\/\/esbozodeportivo.com\/wp-content\/uploads\/2026\/05\/29668dfd-bcb3-4bdb-8523-a79764456283.jpg\",\"articleSection\":[\"Mundial 2026\"],\"inLanguage\":\"es\"},{\"@type\":\"WebPage\",\"@id\":\"https:\/\/esbozodeportivo.com\/index.php\/2026\/05\/01\/el-tri-con-cuatro-mexicoestadounidenses\/\",\"url\":\"https:\/\/esbozodeportivo.com\/index.php\/2026\/05\/01\/el-tri-con-cuatro-mexicoestadounidenses\/\",\"name\":\"El Tri con cuatro mexicoestadounidenses - Esbozo Deportivo\",\"isPartOf\":{\"@id\":\"https:\/\/esbozodeportivo.com\/#website\"},\"primaryImageOfPage\":{\"@id\":\"https:\/\/esbozodeportivo.com\/index.php\/2026\/05\/01\/el-tri-con-cuatro-mexicoestadounidenses\/#primaryimage\"},\"image\":{\"@id\":\"https:\/\/esbozodeportivo.com\/index.php\/2026\/05\/01\/el-tri-con-cuatro-mexicoestadounidenses\/#primaryimage\"},\"thumbnailUrl\":\"https:\/\/esbozodeportivo.com\/wp-content\/uploads\/2026\/05\/29668dfd-bcb3-4bdb-8523-a79764456283.jpg\",\"datePublished\":\"2026-05-02T03:25:07+00:00\",\"dateModified\":\"2026-05-02T03:25:09+00:00\",\"description\":\"El pa\u00eds ya ha tenido jugadores mexicoestadounidenses en planteles anteriores de la Copa del Mundo, pero hasta cuatro que nacieron y se formaron en Estados Unidos podr\u00edan ponerse la camiseta del Tri en 2026.\",\"breadcrumb\":{\"@id\":\"https:\/\/esbozodeportivo.com\/index.php\/2026\/05\/01\/el-tri-con-cuatro-mexicoestadounidenses\/#breadcrumb\"},\"inLanguage\":\"es\",\"potentialAction\":[{\"@type\":\"ReadAction\",\"target\":[\"https:\/\/esbozodeportivo.com\/index.php\/2026\/05\/01\/el-tri-con-cuatro-mexicoestadounidenses\/\"]}]},{\"@type\":\"ImageObject\",\"inLanguage\":\"es\",\"@id\":\"https:\/\/esbozodeportivo.com\/index.php\/2026\/05\/01\/el-tri-con-cuatro-mexicoestadounidenses\/#primaryimage\",\"url\":\"https:\/\/esbozodeportivo.com\/wp-content\/uploads\/2026\/05\/29668dfd-bcb3-4bdb-8523-a79764456283.jpg\",\"contentUrl\":\"https:\/\/esbozodeportivo.com\/wp-content\/uploads\/2026\/05\/29668dfd-bcb3-4bdb-8523-a79764456283.jpg\",\"width\":980,\"height\":653},{\"@type\":\"BreadcrumbList\",\"@id\":\"https:\/\/esbozodeportivo.com\/index.php\/2026\/05\/01\/el-tri-con-cuatro-mexicoestadounidenses\/#breadcrumb\",\"itemListElement\":[{\"@type\":\"ListItem\",\"position\":1,\"name\":\"Inicio\",\"item\":\"https:\/\/esbozodeportivo.com\/\"},{\"@type\":\"ListItem\",\"position\":2,\"name\":\"El Tri con cuatro mexicoestadounidenses\"}]},{\"@type\":\"WebSite\",\"@id\":\"https:\/\/esbozodeportivo.com\/#website\",\"url\":\"https:\/\/esbozodeportivo.com\/\",\"name\":\"Esbozo Deportivo\",\"description\":\"Lo m\u00e1s importante del Deporte\",\"publisher\":{\"@id\":\"https:\/\/esbozodeportivo.com\/#organization\"},\"potentialAction\":[{\"@type\":\"SearchAction\",\"target\":{\"@type\":\"EntryPoint\",\"urlTemplate\":\"https:\/\/esbozodeportivo.com\/?s={search_term_string}\"},\"query-input\":{\"@type\":\"PropertyValueSpecification\",\"valueRequired\":true,\"valueName\":\"search_term_string\"}}],\"inLanguage\":\"es\"},{\"@type\":\"Organization\",\"@id\":\"https:\/\/esbozodeportivo.com\/#organization\",\"name\":\"Esbozo Deportivo\",\"url\":\"https:\/\/esbozodeportivo.com\/\",\"logo\":{\"@type\":\"ImageObject\",\"inLanguage\":\"es\",\"@id\":\"https:\/\/esbozodeportivo.com\/#\/schema\/logo\/image\/\",\"url\":\"https:\/\/esbozodeportivo.com\/wp-content\/uploads\/2022\/08\/cropped-Logo-Esbozo-Web-2.png\",\"contentUrl\":\"https:\/\/esbozodeportivo.com\/wp-content\/uploads\/2022\/08\/cropped-Logo-Esbozo-Web-2.png\",\"width\":180,\"height\":50,\"caption\":\"Esbozo Deportivo\"},\"image\":{\"@id\":\"https:\/\/esbozodeportivo.com\/#\/schema\/logo\/image\/\"}},{\"@type\":\"Person\",\"@id\":\"https:\/\/esbozodeportivo.com\/#\/schema\/person\/0f6df9196dfe6740dd0bb31bae50d374\",\"name\":\"Redacci\u00f3n\",\"image\":{\"@type\":\"ImageObject\",\"inLanguage\":\"es\",\"@id\":\"https:\/\/esbozodeportivo.com\/#\/schema\/person\/image\/\",\"url\":\"https:\/\/secure.gravatar.com\/avatar\/f55268a89c3b418f2ef172ff52ab0d09b3e653c58de29539fe329fb93d78ebf3?s=96&d=mm&r=g\",\"contentUrl\":\"https:\/\/secure.gravatar.com\/avatar\/f55268a89c3b418f2ef172ff52ab0d09b3e653c58de29539fe329fb93d78ebf3?s=96&d=mm&r=g\",\"caption\":\"Redacci\u00f3n\"},\"url\":\"https:\/\/esbozodeportivo.com\/index.php\/author\/redaccion\/\"}]}<\/script>\n<!-- \/ Yoast SEO plugin. -->","yoast_head_json":{"title":"El Tri con cuatro mexicoestadounidenses - Esbozo Deportivo","description":"El pa\u00eds ya ha tenido jugadores mexicoestadounidenses en planteles anteriores de la Copa del Mundo, pero hasta cuatro que nacieron y se formaron en Estados Unidos podr\u00edan ponerse la camiseta del Tri en 2026.","robots":{"index":"index","follow":"follow","max-snippet":"max-snippet:-1","max-image-preview":"max-image-preview:large","max-video-preview":"max-video-preview:-1"},"canonical":"https:\/\/esbozodeportivo.com\/index.php\/2026\/05\/01\/el-tri-con-cuatro-mexicoestadounidenses\/","og_locale":"es_MX","og_type":"article","og_title":"El Tri con cuatro mexicoestadounidenses - Esbozo Deportivo","og_description":"El pa\u00eds ya ha tenido jugadores mexicoestadounidenses en planteles anteriores de la Copa del Mundo, pero hasta cuatro que nacieron y se formaron en Estados Unidos podr\u00edan ponerse la camiseta del Tri en 2026.","og_url":"https:\/\/esbozodeportivo.com\/index.php\/2026\/05\/01\/el-tri-con-cuatro-mexicoestadounidenses\/","og_site_name":"Esbozo Deportivo","article_published_time":"2026-05-02T03:25:07+00:00","article_modified_time":"2026-05-02T03:25:09+00:00","og_image":[{"width":980,"height":653,"url":"https:\/\/esbozodeportivo.com\/wp-content\/uploads\/2026\/05\/29668dfd-bcb3-4bdb-8523-a79764456283.jpg","type":"image\/jpeg"}],"author":"Redacci\u00f3n","twitter_card":"summary_large_image","twitter_misc":{"Escrito por":"Redacci\u00f3n","Tiempo de lectura":"5 minutos"},"schema":{"@context":"https:\/\/schema.org","@graph":[{"@type":"Article","@id":"https:\/\/esbozodeportivo.com\/index.php\/2026\/05\/01\/el-tri-con-cuatro-mexicoestadounidenses\/#article","isPartOf":{"@id":"https:\/\/esbozodeportivo.com\/index.php\/2026\/05\/01\/el-tri-con-cuatro-mexicoestadounidenses\/"},"author":{"name":"Redacci\u00f3n","@id":"https:\/\/esbozodeportivo.com\/#\/schema\/person\/0f6df9196dfe6740dd0bb31bae50d374"},"headline":"El Tri con cuatro mexicoestadounidenses","datePublished":"2026-05-02T03:25:07+00:00","dateModified":"2026-05-02T03:25:09+00:00","mainEntityOfPage":{"@id":"https:\/\/esbozodeportivo.com\/index.php\/2026\/05\/01\/el-tri-con-cuatro-mexicoestadounidenses\/"},"wordCount":996,"publisher":{"@id":"https:\/\/esbozodeportivo.com\/#organization"},"image":{"@id":"https:\/\/esbozodeportivo.com\/index.php\/2026\/05\/01\/el-tri-con-cuatro-mexicoestadounidenses\/#primaryimage"},"thumbnailUrl":"https:\/\/esbozodeportivo.com\/wp-content\/uploads\/2026\/05\/29668dfd-bcb3-4bdb-8523-a79764456283.jpg","articleSection":["Mundial 2026"],"inLanguage":"es"},{"@type":"WebPage","@id":"https:\/\/esbozodeportivo.com\/index.php\/2026\/05\/01\/el-tri-con-cuatro-mexicoestadounidenses\/","url":"https:\/\/esbozodeportivo.com\/index.php\/2026\/05\/01\/el-tri-con-cuatro-mexicoestadounidenses\/","name":"El Tri con cuatro mexicoestadounidenses - Esbozo Deportivo","isPartOf":{"@id":"https:\/\/esbozodeportivo.com\/#website"},"primaryImageOfPage":{"@id":"https:\/\/esbozodeportivo.com\/index.php\/2026\/05\/01\/el-tri-con-cuatro-mexicoestadounidenses\/#primaryimage"},"image":{"@id":"https:\/\/esbozodeportivo.com\/index.php\/2026\/05\/01\/el-tri-con-cuatro-mexicoestadounidenses\/#primaryimage"},"thumbnailUrl":"https:\/\/esbozodeportivo.com\/wp-content\/uploads\/2026\/05\/29668dfd-bcb3-4bdb-8523-a79764456283.jpg","datePublished":"2026-05-02T03:25:07+00:00","dateModified":"2026-05-02T03:25:09+00:00","description":"El pa\u00eds ya ha tenido jugadores mexicoestadounidenses en planteles anteriores de la Copa del Mundo, pero hasta cuatro que nacieron y se formaron en Estados Unidos podr\u00edan ponerse la camiseta del Tri en 2026.","breadcrumb":{"@id":"https:\/\/esbozodeportivo.com\/index.php\/2026\/05\/01\/el-tri-con-cuatro-mexicoestadounidenses\/#breadcrumb"},"inLanguage":"es","potentialAction":[{"@type":"ReadAction","target":["https:\/\/esbozodeportivo.com\/index.php\/2026\/05\/01\/el-tri-con-cuatro-mexicoestadounidenses\/"]}]},{"@type":"ImageObject","inLanguage":"es","@id":"https:\/\/esbozodeportivo.com\/index.php\/2026\/05\/01\/el-tri-con-cuatro-mexicoestadounidenses\/#primaryimage","url":"https:\/\/esbozodeportivo.com\/wp-content\/uploads\/2026\/05\/29668dfd-bcb3-4bdb-8523-a79764456283.jpg","contentUrl":"https:\/\/esbozodeportivo.com\/wp-content\/uploads\/2026\/05\/29668dfd-bcb3-4bdb-8523-a79764456283.jpg","width":980,"height":653},{"@type":"BreadcrumbList","@id":"https:\/\/esbozodeportivo.com\/index.php\/2026\/05\/01\/el-tri-con-cuatro-mexicoestadounidenses\/#breadcrumb","itemListElement":[{"@type":"ListItem","position":1,"name":"Inicio","item":"https:\/\/esbozodeportivo.com\/"},{"@type":"ListItem","position":2,"name":"El Tri con cuatro mexicoestadounidenses"}]},{"@type":"WebSite","@id":"https:\/\/esbozodeportivo.com\/#website","url":"https:\/\/esbozodeportivo.com\/","name":"Esbozo Deportivo","description":"Lo m\u00e1s importante del Deporte","publisher":{"@id":"https:\/\/esbozodeportivo.com\/#organization"},"potentialAction":[{"@type":"SearchAction","target":{"@type":"EntryPoint","urlTemplate":"https:\/\/esbozodeportivo.com\/?s={search_term_string}"},"query-input":{"@type":"PropertyValueSpecification","valueRequired":true,"valueName":"search_term_string"}}],"inLanguage":"es"},{"@type":"Organization","@id":"https:\/\/esbozodeportivo.com\/#organization","name":"Esbozo Deportivo","url":"https:\/\/esbozodeportivo.com\/","logo":{"@type":"ImageObject","inLanguage":"es","@id":"https:\/\/esbozodeportivo.com\/#\/schema\/logo\/image\/","url":"https:\/\/esbozodeportivo.com\/wp-content\/uploads\/2022\/08\/cropped-Logo-Esbozo-Web-2.png","contentUrl":"https:\/\/esbozodeportivo.com\/wp-content\/uploads\/2022\/08\/cropped-Logo-Esbozo-Web-2.png","width":180,"height":50,"caption":"Esbozo Deportivo"},"image":{"@id":"https:\/\/esbozodeportivo.com\/#\/schema\/logo\/image\/"}},{"@type":"Person","@id":"https:\/\/esbozodeportivo.com\/#\/schema\/person\/0f6df9196dfe6740dd0bb31bae50d374","name":"Redacci\u00f3n","image":{"@type":"ImageObject","inLanguage":"es","@id":"https:\/\/esbozodeportivo.com\/#\/schema\/person\/image\/","url":"https:\/\/secure.gravatar.com\/avatar\/f55268a89c3b418f2ef172ff52ab0d09b3e653c58de29539fe329fb93d78ebf3?s=96&d=mm&r=g","contentUrl":"https:\/\/secure.gravatar.com\/avatar\/f55268a89c3b418f2ef172ff52ab0d09b3e653c58de29539fe329fb93d78ebf3?s=96&d=mm&r=g","caption":"Redacci\u00f3n"},"url":"https:\/\/esbozodeportivo.com\/index.php\/author\/redaccion\/"}]}},"jetpack_featured_media_url":"https:\/\/esbozodeportivo.com\/wp-content\/uploads\/2026\/05\/29668dfd-bcb3-4bdb-8523-a79764456283.jpg","jetpack_sharing_enabled":true,"_links":{"self":[{"href":"https:\/\/esbozodeportivo.com\/index.php\/wp-json\/wp\/v2\/posts\/14479","targetHints":{"allow":["GET"]}}],"collection":[{"href":"https:\/\/esbozodeportivo.com\/index.php\/wp-json\/wp\/v2\/posts"}],"about":[{"href":"https:\/\/esbozodeportivo.com\/index.php\/wp-json\/wp\/v2\/types\/post"}],"author":[{"embeddable":true,"href":"https:\/\/esbozodeportivo.com\/index.php\/wp-json\/wp\/v2\/users\/4"}],"replies":[{"embeddable":true,"href":"https:\/\/esbozodeportivo.com\/index.php\/wp-json\/wp\/v2\/comments?post=14479"}],"version-history":[{"count":1,"href":"https:\/\/esbozodeportivo.com\/index.php\/wp-json\/wp\/v2\/posts\/14479\/revisions"}],"predecessor-version":[{"id":14480,"href":"https:\/\/esbozodeportivo.com\/index.php\/wp-json\/wp\/v2\/posts\/14479\/revisions\/14480"}],"wp:featuredmedia":[{"embeddable":true,"href":"https:\/\/esbozodeportivo.com\/index.php\/wp-json\/wp\/v2\/media\/14465"}],"wp:attachment":[{"href":"https:\/\/esbozodeportivo.com\/index.php\/wp-json\/wp\/v2\/media?parent=14479"}],"wp:term":[{"taxonomy":"category","embeddable":true,"href":"https:\/\/esbozodeportivo.com\/index.php\/wp-json\/wp\/v2\/categories?post=14479"},{"taxonomy":"post_tag","embeddable":true,"href":"https:\/\/esbozodeportivo.com\/index.php\/wp-json\/wp\/v2\/tags?post=14479"}],"curies":[{"name":"wp","href":"https:\/\/api.w.org\/{rel}","templated":true}]}}