{"id":1478,"date":"2023-05-03T00:37:05","date_gmt":"2023-05-03T00:37:05","guid":{"rendered":"https:\/\/esbozodeportivo.com\/?p=1478"},"modified":"2023-05-03T00:44:26","modified_gmt":"2023-05-03T00:44:26","slug":"paola-espinosa-combatir-la-obesidad-y-el-bullying-a-traves-de-la-activacion-fisica","status":"publish","type":"post","link":"https:\/\/esbozodeportivo.com\/index.php\/2023\/05\/03\/paola-espinosa-combatir-la-obesidad-y-el-bullying-a-traves-de-la-activacion-fisica\/","title":{"rendered":"Paola Espinosa: \u201cCombatir la obesidad y el bullying a trav\u00e9s de la activaci\u00f3n f\u00edsica\u201d"},"content":{"rendered":"<style>\/*! elementor - v3.12.2 - 23-04-2023 *\/\n.elementor-widget-image{text-align:center}.elementor-widget-image a{display:inline-block}.elementor-widget-image a img[src$=\".svg\"]{width:48px}.elementor-widget-image img{vertical-align:middle;display:inline-block}<\/style>\n<p>\t\t\t\t\t\t\t\t\t\t\t\t<img decoding=\"async\" width=\"640\" height=\"359\" src=\"https:\/\/esbozodeportivo.com\/wp-content\/uploads\/2023\/05\/Paola-Espinoza1-1024x575.jpeg\" alt=\"\" loading=\"lazy\" srcset=\"https:\/\/esbozodeportivo.com\/wp-content\/uploads\/2023\/05\/Paola-Espinoza1-1024x575.jpeg 1024w, https:\/\/esbozodeportivo.com\/wp-content\/uploads\/2023\/05\/Paola-Espinoza1-300x168.jpeg 300w, https:\/\/esbozodeportivo.com\/wp-content\/uploads\/2023\/05\/Paola-Espinoza1-768x431.jpeg 768w, https:\/\/esbozodeportivo.com\/wp-content\/uploads\/2023\/05\/Paola-Espinoza1-1536x863.jpeg 1536w, https:\/\/esbozodeportivo.com\/wp-content\/uploads\/2023\/05\/Paola-Espinoza1-2048x1150.jpeg 2048w\" sizes=\"auto, (max-width: 640px) 100vw, 640px\" \/>\t\t\t\t\t\t\t\t\t\t\t\t\t\t\t<\/p>\n<p>(Foto: esbozodeportivo.com)\u00a0<\/p>\n<p>La ex clavadista y dos veces medallista ol\u00edmpica Paola Espinosa, dijo estar contenta de que su Fundaci\u00f3n Paola Espinosa, aporte un granito de arena en varios deportes como el Marat\u00f3n y Media Marat\u00f3n de la Ciudad de M\u00e9xico 2023, esto luego de presentar a las Fundaciones que estar\u00e1n participando en dichos eventos.\u00a0<\/p>\n<p>\u201cPara mi es importante seguir creando conciencia en toda la gente, para seguir poniendo un granito de arena en el combate a las problem\u00e1ticas de la lucha contra la obesidad infantil y juvenil, a trav\u00e9s de la activaci\u00f3n f\u00edsica y poder cambiar la forma de pensar y que tengan m\u00e1s h\u00e1bitos saludables\u201d resalt\u00f3 Paola Espinosa. \u00a0<\/p>\n<p>\t\t\t\t\t\t\t\t\t\t\t\t\t\t\t<img decoding=\"async\" width=\"640\" height=\"359\" src=\"https:\/\/esbozodeportivo.com\/wp-content\/uploads\/2023\/05\/Paola-Espinoza-11-1024x575.jpeg\" alt=\"\" loading=\"lazy\" srcset=\"https:\/\/esbozodeportivo.com\/wp-content\/uploads\/2023\/05\/Paola-Espinoza-11-1024x575.jpeg 1024w, https:\/\/esbozodeportivo.com\/wp-content\/uploads\/2023\/05\/Paola-Espinoza-11-300x168.jpeg 300w, https:\/\/esbozodeportivo.com\/wp-content\/uploads\/2023\/05\/Paola-Espinoza-11-768x431.jpeg 768w, https:\/\/esbozodeportivo.com\/wp-content\/uploads\/2023\/05\/Paola-Espinoza-11-1536x863.jpeg 1536w, https:\/\/esbozodeportivo.com\/wp-content\/uploads\/2023\/05\/Paola-Espinoza-11-2048x1150.jpeg 2048w\" sizes=\"auto, (max-width: 640px) 100vw, 640px\" \/>\t\t\t\t\t\t\t\t\t\t\t\t\t\t\t<\/p>\n<p>(Foto: esbozodeportivo.com)\u00a0<\/p>\n<p>Al hablar de su retiro la campeona de Beijing 2008 y Londres 2012, dijo estar feliz con la nueva vida que lleva tras un a\u00f1o fuera del deporte. \u201cDespu\u00e9s de 28 a\u00f1os de estar haciendo lo que m\u00e1s me apasiona, ahora estoy disfrutando de la vida normal fuera de los reflectores deportivos y estoy enfocada en mi fundaci\u00f3n\u201d, detall\u00f3.<\/p>\n<p>Por otra parte Paola, dijo sentirse tranquila pues en su momento a ella le toc\u00f3 una etapa diferente a lo que est\u00e1n sufriendo en la actualidad los clavadistas mexicanos, tras los problemas que se est\u00e1n suscitando en la Federaci\u00f3n Mexicana de Nataci\u00f3n.<\/p>\n<p>\t\t\t\t\t\t\t\t\t\t\t\t\t\t\t<img decoding=\"async\" width=\"575\" height=\"1024\" src=\"https:\/\/esbozodeportivo.com\/wp-content\/uploads\/2023\/05\/Paola-Espinoza-8-575x1024.jpeg\" alt=\"\" loading=\"lazy\" srcset=\"https:\/\/esbozodeportivo.com\/wp-content\/uploads\/2023\/05\/Paola-Espinoza-8-575x1024.jpeg 575w, https:\/\/esbozodeportivo.com\/wp-content\/uploads\/2023\/05\/Paola-Espinoza-8-168x300.jpeg 168w, https:\/\/esbozodeportivo.com\/wp-content\/uploads\/2023\/05\/Paola-Espinoza-8-768x1368.jpeg 768w, https:\/\/esbozodeportivo.com\/wp-content\/uploads\/2023\/05\/Paola-Espinoza-8-863x1536.jpeg 863w, https:\/\/esbozodeportivo.com\/wp-content\/uploads\/2023\/05\/Paola-Espinoza-8-1150x2048.jpeg 1150w, https:\/\/esbozodeportivo.com\/wp-content\/uploads\/2023\/05\/Paola-Espinoza-8-1024x1823.jpeg 1024w, https:\/\/esbozodeportivo.com\/wp-content\/uploads\/2023\/05\/Paola-Espinoza-8-scaled.jpeg 1438w\" sizes=\"auto, (max-width: 575px) 100vw, 575px\" \/>\t\t\t\t\t\t\t\t\t\t\t\t\t\t\t<\/p>\n<p>(Foto: esbozodeportivo.com)<\/p>\n<p>\u201cA mi afortunadamente me toc\u00f3 lo m\u00e1s bonito del deporte mexicano en donde se reconoc\u00eda y valoraba el esfuerzo de cada uno de los atletas. Ahora que los deportistas est\u00e1n sufriendo por la falta de apoyo es doloroso para M\u00e9xico. Sin embargo creo que sus triunfos en un futuro ser\u00e1n por el esfuerzo que cada clavadista realiza\u201d. Enfatiz\u00f3.<\/p>\n<p>Tambi\u00e9n mencion\u00f3 que por el momento no piensa regresar a las albercas y plataformas, y solo quiere disfrutar de la vida con su familia, sin dejar de apoyar sus compa\u00f1eros y a las nuevas generaciones desde afuera, por lo que les desea todo el \u00e9xito del\u00a0 mundo en sus competencias nacionales e internacionales.<\/p>\n<p>\t\t\t\t\t\t\t\t\t\t\t\t\t\t\t<img decoding=\"async\" width=\"640\" height=\"359\" src=\"https:\/\/esbozodeportivo.com\/wp-content\/uploads\/2023\/05\/Paola-Espinoza3-1024x575.jpeg\" alt=\"\" loading=\"lazy\" srcset=\"https:\/\/esbozodeportivo.com\/wp-content\/uploads\/2023\/05\/Paola-Espinoza3-1024x575.jpeg 1024w, https:\/\/esbozodeportivo.com\/wp-content\/uploads\/2023\/05\/Paola-Espinoza3-300x168.jpeg 300w, https:\/\/esbozodeportivo.com\/wp-content\/uploads\/2023\/05\/Paola-Espinoza3-768x431.jpeg 768w, https:\/\/esbozodeportivo.com\/wp-content\/uploads\/2023\/05\/Paola-Espinoza3-1536x863.jpeg 1536w, https:\/\/esbozodeportivo.com\/wp-content\/uploads\/2023\/05\/Paola-Espinoza3-2048x1150.jpeg 2048w\" sizes=\"auto, (max-width: 640px) 100vw, 640px\" \/>\t\t\t\t\t\t\t\t\t\t\t\t\t\t\t<\/p>\n<p>(Foto: esbozodeportivo.com)\u00a0<\/p>\n<p>Ya para finalizar, Paola Espinosa, destac\u00f3 que si en un futuro le ofrecen dirigir al deporte nacional lo har\u00e1 con mucho gusto y sobre todo con mucha responsabilidad para ayudar a los atletas de todas las disciplinas.<\/p>\n<p>\u00a0<\/p>\n","protected":false},"excerpt":{"rendered":"<p>(Foto: esbozodeportivo.com)\u00a0 La ex clavadista y dos veces medallista ol\u00edmpica Paola Espinosa, dijo estar contenta<\/p>\n","protected":false},"author":2,"featured_media":0,"comment_status":"open","ping_status":"open","sticky":false,"template":"","format":"standard","meta":{"_jetpack_memberships_contains_paid_content":false,"footnotes":""},"categories":[5],"tags":[],"class_list":["post-1478","post","type-post","status-publish","format-standard","hentry","category-amateur"],"yoast_head":"<!-- This site is optimized with the Yoast SEO plugin v25.7 - https:\/\/yoast.com\/wordpress\/plugins\/seo\/ -->\n<title>Paola Espinosa: \u201cCombatir la obesidad y el bullying a trav\u00e9s de la activaci\u00f3n f\u00edsica\u201d - Esbozo Deportivo<\/title>\n<meta name=\"robots\" content=\"index, follow, max-snippet:-1, max-image-preview:large, max-video-preview:-1\" \/>\n<link rel=\"canonical\" href=\"https:\/\/esbozodeportivo.com\/index.php\/2023\/05\/03\/paola-espinosa-combatir-la-obesidad-y-el-bullying-a-traves-de-la-activacion-fisica\/\" \/>\n<meta property=\"og:locale\" content=\"es_MX\" \/>\n<meta property=\"og:type\" content=\"article\" \/>\n<meta property=\"og:title\" content=\"Paola Espinosa: \u201cCombatir la obesidad y el bullying a trav\u00e9s de la activaci\u00f3n f\u00edsica\u201d - Esbozo Deportivo\" \/>\n<meta property=\"og:description\" content=\"(Foto: esbozodeportivo.com)\u00a0 La ex clavadista y dos veces medallista ol\u00edmpica Paola Espinosa, dijo estar contenta\" \/>\n<meta property=\"og:url\" content=\"https:\/\/esbozodeportivo.com\/index.php\/2023\/05\/03\/paola-espinosa-combatir-la-obesidad-y-el-bullying-a-traves-de-la-activacion-fisica\/\" \/>\n<meta property=\"og:site_name\" content=\"Esbozo Deportivo\" \/>\n<meta property=\"article:published_time\" content=\"2023-05-03T00:37:05+00:00\" \/>\n<meta property=\"article:modified_time\" content=\"2023-05-03T00:44:26+00:00\" \/>\n<meta property=\"og:image\" content=\"https:\/\/esbozodeportivo.com\/wp-content\/uploads\/2023\/05\/Paola-Espinoza1-1024x575.jpeg\" \/>\n<meta name=\"author\" content=\"Javier De La Cruz\" \/>\n<meta name=\"twitter:card\" content=\"summary_large_image\" \/>\n<meta name=\"twitter:label1\" content=\"Escrito por\" \/>\n\t<meta name=\"twitter:data1\" content=\"Javier De La Cruz\" \/>\n\t<meta name=\"twitter:label2\" content=\"Tiempo de lectura\" \/>\n\t<meta name=\"twitter:data2\" content=\"2 minutos\" \/>\n<script type=\"application\/ld+json\" class=\"yoast-schema-graph\">{\"@context\":\"https:\/\/schema.org\",\"@graph\":[{\"@type\":\"Article\",\"@id\":\"https:\/\/esbozodeportivo.com\/index.php\/2023\/05\/03\/paola-espinosa-combatir-la-obesidad-y-el-bullying-a-traves-de-la-activacion-fisica\/#article\",\"isPartOf\":{\"@id\":\"https:\/\/esbozodeportivo.com\/index.php\/2023\/05\/03\/paola-espinosa-combatir-la-obesidad-y-el-bullying-a-traves-de-la-activacion-fisica\/\"},\"author\":{\"name\":\"Javier De La Cruz\",\"@id\":\"https:\/\/esbozodeportivo.com\/#\/schema\/person\/7277119c98823aec37bbb84e125efd44\"},\"headline\":\"Paola Espinosa: \u201cCombatir la obesidad y el bullying a trav\u00e9s de la activaci\u00f3n f\u00edsica\u201d\",\"datePublished\":\"2023-05-03T00:37:05+00:00\",\"dateModified\":\"2023-05-03T00:44:26+00:00\",\"mainEntityOfPage\":{\"@id\":\"https:\/\/esbozodeportivo.com\/index.php\/2023\/05\/03\/paola-espinosa-combatir-la-obesidad-y-el-bullying-a-traves-de-la-activacion-fisica\/\"},\"wordCount\":409,\"commentCount\":0,\"publisher\":{\"@id\":\"https:\/\/esbozodeportivo.com\/#organization\"},\"image\":{\"@id\":\"https:\/\/esbozodeportivo.com\/index.php\/2023\/05\/03\/paola-espinosa-combatir-la-obesidad-y-el-bullying-a-traves-de-la-activacion-fisica\/#primaryimage\"},\"thumbnailUrl\":\"https:\/\/esbozodeportivo.com\/wp-content\/uploads\/2023\/05\/Paola-Espinoza1-1024x575.jpeg\",\"articleSection\":[\"Amateur\"],\"inLanguage\":\"es\",\"potentialAction\":[{\"@type\":\"CommentAction\",\"name\":\"Comment\",\"target\":[\"https:\/\/esbozodeportivo.com\/index.php\/2023\/05\/03\/paola-espinosa-combatir-la-obesidad-y-el-bullying-a-traves-de-la-activacion-fisica\/#respond\"]}]},{\"@type\":\"WebPage\",\"@id\":\"https:\/\/esbozodeportivo.com\/index.php\/2023\/05\/03\/paola-espinosa-combatir-la-obesidad-y-el-bullying-a-traves-de-la-activacion-fisica\/\",\"url\":\"https:\/\/esbozodeportivo.com\/index.php\/2023\/05\/03\/paola-espinosa-combatir-la-obesidad-y-el-bullying-a-traves-de-la-activacion-fisica\/\",\"name\":\"Paola Espinosa: \u201cCombatir la obesidad y el bullying a trav\u00e9s de la activaci\u00f3n f\u00edsica\u201d - Esbozo Deportivo\",\"isPartOf\":{\"@id\":\"https:\/\/esbozodeportivo.com\/#website\"},\"primaryImageOfPage\":{\"@id\":\"https:\/\/esbozodeportivo.com\/index.php\/2023\/05\/03\/paola-espinosa-combatir-la-obesidad-y-el-bullying-a-traves-de-la-activacion-fisica\/#primaryimage\"},\"image\":{\"@id\":\"https:\/\/esbozodeportivo.com\/index.php\/2023\/05\/03\/paola-espinosa-combatir-la-obesidad-y-el-bullying-a-traves-de-la-activacion-fisica\/#primaryimage\"},\"thumbnailUrl\":\"https:\/\/esbozodeportivo.com\/wp-content\/uploads\/2023\/05\/Paola-Espinoza1-1024x575.jpeg\",\"datePublished\":\"2023-05-03T00:37:05+00:00\",\"dateModified\":\"2023-05-03T00:44:26+00:00\",\"breadcrumb\":{\"@id\":\"https:\/\/esbozodeportivo.com\/index.php\/2023\/05\/03\/paola-espinosa-combatir-la-obesidad-y-el-bullying-a-traves-de-la-activacion-fisica\/#breadcrumb\"},\"inLanguage\":\"es\",\"potentialAction\":[{\"@type\":\"ReadAction\",\"target\":[\"https:\/\/esbozodeportivo.com\/index.php\/2023\/05\/03\/paola-espinosa-combatir-la-obesidad-y-el-bullying-a-traves-de-la-activacion-fisica\/\"]}]},{\"@type\":\"ImageObject\",\"inLanguage\":\"es\",\"@id\":\"https:\/\/esbozodeportivo.com\/index.php\/2023\/05\/03\/paola-espinosa-combatir-la-obesidad-y-el-bullying-a-traves-de-la-activacion-fisica\/#primaryimage\",\"url\":\"https:\/\/esbozodeportivo.com\/wp-content\/uploads\/2023\/05\/Paola-Espinoza1-1024x575.jpeg\",\"contentUrl\":\"https:\/\/esbozodeportivo.com\/wp-content\/uploads\/2023\/05\/Paola-Espinoza1-1024x575.jpeg\"},{\"@type\":\"BreadcrumbList\",\"@id\":\"https:\/\/esbozodeportivo.com\/index.php\/2023\/05\/03\/paola-espinosa-combatir-la-obesidad-y-el-bullying-a-traves-de-la-activacion-fisica\/#breadcrumb\",\"itemListElement\":[{\"@type\":\"ListItem\",\"position\":1,\"name\":\"Inicio\",\"item\":\"https:\/\/esbozodeportivo.com\/\"},{\"@type\":\"ListItem\",\"position\":2,\"name\":\"Paola Espinosa: \u201cCombatir la obesidad y el bullying a trav\u00e9s de la activaci\u00f3n f\u00edsica\u201d\"}]},{\"@type\":\"WebSite\",\"@id\":\"https:\/\/esbozodeportivo.com\/#website\",\"url\":\"https:\/\/esbozodeportivo.com\/\",\"name\":\"Esbozo Deportivo\",\"description\":\"Lo m\u00e1s importante del Deporte\",\"publisher\":{\"@id\":\"https:\/\/esbozodeportivo.com\/#organization\"},\"potentialAction\":[{\"@type\":\"SearchAction\",\"target\":{\"@type\":\"EntryPoint\",\"urlTemplate\":\"https:\/\/esbozodeportivo.com\/?s={search_term_string}\"},\"query-input\":{\"@type\":\"PropertyValueSpecification\",\"valueRequired\":true,\"valueName\":\"search_term_string\"}}],\"inLanguage\":\"es\"},{\"@type\":\"Organization\",\"@id\":\"https:\/\/esbozodeportivo.com\/#organization\",\"name\":\"Esbozo Deportivo\",\"url\":\"https:\/\/esbozodeportivo.com\/\",\"logo\":{\"@type\":\"ImageObject\",\"inLanguage\":\"es\",\"@id\":\"https:\/\/esbozodeportivo.com\/#\/schema\/logo\/image\/\",\"url\":\"https:\/\/esbozodeportivo.com\/wp-content\/uploads\/2022\/08\/cropped-Logo-Esbozo-Web-2.png\",\"contentUrl\":\"https:\/\/esbozodeportivo.com\/wp-content\/uploads\/2022\/08\/cropped-Logo-Esbozo-Web-2.png\",\"width\":180,\"height\":50,\"caption\":\"Esbozo Deportivo\"},\"image\":{\"@id\":\"https:\/\/esbozodeportivo.com\/#\/schema\/logo\/image\/\"}},{\"@type\":\"Person\",\"@id\":\"https:\/\/esbozodeportivo.com\/#\/schema\/person\/7277119c98823aec37bbb84e125efd44\",\"name\":\"Javier De La Cruz\",\"image\":{\"@type\":\"ImageObject\",\"inLanguage\":\"es\",\"@id\":\"https:\/\/esbozodeportivo.com\/#\/schema\/person\/image\/\",\"url\":\"https:\/\/secure.gravatar.com\/avatar\/366235a56d20f1a6e8e3d0b295897639357bea880470ddf261d17bb0bc052eb1?s=96&d=mm&r=g\",\"contentUrl\":\"https:\/\/secure.gravatar.com\/avatar\/366235a56d20f1a6e8e3d0b295897639357bea880470ddf261d17bb0bc052eb1?s=96&d=mm&r=g\",\"caption\":\"Javier De La Cruz\"},\"url\":\"https:\/\/esbozodeportivo.com\/index.php\/author\/javier-de-la-cruz-de-la-cruz\/\"}]}<\/script>\n<!-- \/ Yoast SEO plugin. -->","yoast_head_json":{"title":"Paola Espinosa: \u201cCombatir la obesidad y el bullying a trav\u00e9s de la activaci\u00f3n f\u00edsica\u201d - Esbozo Deportivo","robots":{"index":"index","follow":"follow","max-snippet":"max-snippet:-1","max-image-preview":"max-image-preview:large","max-video-preview":"max-video-preview:-1"},"canonical":"https:\/\/esbozodeportivo.com\/index.php\/2023\/05\/03\/paola-espinosa-combatir-la-obesidad-y-el-bullying-a-traves-de-la-activacion-fisica\/","og_locale":"es_MX","og_type":"article","og_title":"Paola Espinosa: \u201cCombatir la obesidad y el bullying a trav\u00e9s de la activaci\u00f3n f\u00edsica\u201d - Esbozo Deportivo","og_description":"(Foto: esbozodeportivo.com)\u00a0 La ex clavadista y dos veces medallista ol\u00edmpica Paola Espinosa, dijo estar contenta","og_url":"https:\/\/esbozodeportivo.com\/index.php\/2023\/05\/03\/paola-espinosa-combatir-la-obesidad-y-el-bullying-a-traves-de-la-activacion-fisica\/","og_site_name":"Esbozo Deportivo","article_published_time":"2023-05-03T00:37:05+00:00","article_modified_time":"2023-05-03T00:44:26+00:00","og_image":[{"url":"https:\/\/esbozodeportivo.com\/wp-content\/uploads\/2023\/05\/Paola-Espinoza1-1024x575.jpeg","type":"","width":"","height":""}],"author":"Javier De La Cruz","twitter_card":"summary_large_image","twitter_misc":{"Escrito por":"Javier De La Cruz","Tiempo de lectura":"2 minutos"},"schema":{"@context":"https:\/\/schema.org","@graph":[{"@type":"Article","@id":"https:\/\/esbozodeportivo.com\/index.php\/2023\/05\/03\/paola-espinosa-combatir-la-obesidad-y-el-bullying-a-traves-de-la-activacion-fisica\/#article","isPartOf":{"@id":"https:\/\/esbozodeportivo.com\/index.php\/2023\/05\/03\/paola-espinosa-combatir-la-obesidad-y-el-bullying-a-traves-de-la-activacion-fisica\/"},"author":{"name":"Javier De La Cruz","@id":"https:\/\/esbozodeportivo.com\/#\/schema\/person\/7277119c98823aec37bbb84e125efd44"},"headline":"Paola Espinosa: \u201cCombatir la obesidad y el bullying a trav\u00e9s de la activaci\u00f3n f\u00edsica\u201d","datePublished":"2023-05-03T00:37:05+00:00","dateModified":"2023-05-03T00:44:26+00:00","mainEntityOfPage":{"@id":"https:\/\/esbozodeportivo.com\/index.php\/2023\/05\/03\/paola-espinosa-combatir-la-obesidad-y-el-bullying-a-traves-de-la-activacion-fisica\/"},"wordCount":409,"commentCount":0,"publisher":{"@id":"https:\/\/esbozodeportivo.com\/#organization"},"image":{"@id":"https:\/\/esbozodeportivo.com\/index.php\/2023\/05\/03\/paola-espinosa-combatir-la-obesidad-y-el-bullying-a-traves-de-la-activacion-fisica\/#primaryimage"},"thumbnailUrl":"https:\/\/esbozodeportivo.com\/wp-content\/uploads\/2023\/05\/Paola-Espinoza1-1024x575.jpeg","articleSection":["Amateur"],"inLanguage":"es","potentialAction":[{"@type":"CommentAction","name":"Comment","target":["https:\/\/esbozodeportivo.com\/index.php\/2023\/05\/03\/paola-espinosa-combatir-la-obesidad-y-el-bullying-a-traves-de-la-activacion-fisica\/#respond"]}]},{"@type":"WebPage","@id":"https:\/\/esbozodeportivo.com\/index.php\/2023\/05\/03\/paola-espinosa-combatir-la-obesidad-y-el-bullying-a-traves-de-la-activacion-fisica\/","url":"https:\/\/esbozodeportivo.com\/index.php\/2023\/05\/03\/paola-espinosa-combatir-la-obesidad-y-el-bullying-a-traves-de-la-activacion-fisica\/","name":"Paola Espinosa: \u201cCombatir la obesidad y el bullying a trav\u00e9s de la activaci\u00f3n f\u00edsica\u201d - Esbozo Deportivo","isPartOf":{"@id":"https:\/\/esbozodeportivo.com\/#website"},"primaryImageOfPage":{"@id":"https:\/\/esbozodeportivo.com\/index.php\/2023\/05\/03\/paola-espinosa-combatir-la-obesidad-y-el-bullying-a-traves-de-la-activacion-fisica\/#primaryimage"},"image":{"@id":"https:\/\/esbozodeportivo.com\/index.php\/2023\/05\/03\/paola-espinosa-combatir-la-obesidad-y-el-bullying-a-traves-de-la-activacion-fisica\/#primaryimage"},"thumbnailUrl":"https:\/\/esbozodeportivo.com\/wp-content\/uploads\/2023\/05\/Paola-Espinoza1-1024x575.jpeg","datePublished":"2023-05-03T00:37:05+00:00","dateModified":"2023-05-03T00:44:26+00:00","breadcrumb":{"@id":"https:\/\/esbozodeportivo.com\/index.php\/2023\/05\/03\/paola-espinosa-combatir-la-obesidad-y-el-bullying-a-traves-de-la-activacion-fisica\/#breadcrumb"},"inLanguage":"es","potentialAction":[{"@type":"ReadAction","target":["https:\/\/esbozodeportivo.com\/index.php\/2023\/05\/03\/paola-espinosa-combatir-la-obesidad-y-el-bullying-a-traves-de-la-activacion-fisica\/"]}]},{"@type":"ImageObject","inLanguage":"es","@id":"https:\/\/esbozodeportivo.com\/index.php\/2023\/05\/03\/paola-espinosa-combatir-la-obesidad-y-el-bullying-a-traves-de-la-activacion-fisica\/#primaryimage","url":"https:\/\/esbozodeportivo.com\/wp-content\/uploads\/2023\/05\/Paola-Espinoza1-1024x575.jpeg","contentUrl":"https:\/\/esbozodeportivo.com\/wp-content\/uploads\/2023\/05\/Paola-Espinoza1-1024x575.jpeg"},{"@type":"BreadcrumbList","@id":"https:\/\/esbozodeportivo.com\/index.php\/2023\/05\/03\/paola-espinosa-combatir-la-obesidad-y-el-bullying-a-traves-de-la-activacion-fisica\/#breadcrumb","itemListElement":[{"@type":"ListItem","position":1,"name":"Inicio","item":"https:\/\/esbozodeportivo.com\/"},{"@type":"ListItem","position":2,"name":"Paola Espinosa: \u201cCombatir la obesidad y el bullying a trav\u00e9s de la activaci\u00f3n f\u00edsica\u201d"}]},{"@type":"WebSite","@id":"https:\/\/esbozodeportivo.com\/#website","url":"https:\/\/esbozodeportivo.com\/","name":"Esbozo Deportivo","description":"Lo m\u00e1s importante del Deporte","publisher":{"@id":"https:\/\/esbozodeportivo.com\/#organization"},"potentialAction":[{"@type":"SearchAction","target":{"@type":"EntryPoint","urlTemplate":"https:\/\/esbozodeportivo.com\/?s={search_term_string}"},"query-input":{"@type":"PropertyValueSpecification","valueRequired":true,"valueName":"search_term_string"}}],"inLanguage":"es"},{"@type":"Organization","@id":"https:\/\/esbozodeportivo.com\/#organization","name":"Esbozo Deportivo","url":"https:\/\/esbozodeportivo.com\/","logo":{"@type":"ImageObject","inLanguage":"es","@id":"https:\/\/esbozodeportivo.com\/#\/schema\/logo\/image\/","url":"https:\/\/esbozodeportivo.com\/wp-content\/uploads\/2022\/08\/cropped-Logo-Esbozo-Web-2.png","contentUrl":"https:\/\/esbozodeportivo.com\/wp-content\/uploads\/2022\/08\/cropped-Logo-Esbozo-Web-2.png","width":180,"height":50,"caption":"Esbozo Deportivo"},"image":{"@id":"https:\/\/esbozodeportivo.com\/#\/schema\/logo\/image\/"}},{"@type":"Person","@id":"https:\/\/esbozodeportivo.com\/#\/schema\/person\/7277119c98823aec37bbb84e125efd44","name":"Javier De La Cruz","image":{"@type":"ImageObject","inLanguage":"es","@id":"https:\/\/esbozodeportivo.com\/#\/schema\/person\/image\/","url":"https:\/\/secure.gravatar.com\/avatar\/366235a56d20f1a6e8e3d0b295897639357bea880470ddf261d17bb0bc052eb1?s=96&d=mm&r=g","contentUrl":"https:\/\/secure.gravatar.com\/avatar\/366235a56d20f1a6e8e3d0b295897639357bea880470ddf261d17bb0bc052eb1?s=96&d=mm&r=g","caption":"Javier De La Cruz"},"url":"https:\/\/esbozodeportivo.com\/index.php\/author\/javier-de-la-cruz-de-la-cruz\/"}]}},"jetpack_featured_media_url":"","jetpack_sharing_enabled":true,"_links":{"self":[{"href":"https:\/\/esbozodeportivo.com\/index.php\/wp-json\/wp\/v2\/posts\/1478","targetHints":{"allow":["GET"]}}],"collection":[{"href":"https:\/\/esbozodeportivo.com\/index.php\/wp-json\/wp\/v2\/posts"}],"about":[{"href":"https:\/\/esbozodeportivo.com\/index.php\/wp-json\/wp\/v2\/types\/post"}],"author":[{"embeddable":true,"href":"https:\/\/esbozodeportivo.com\/index.php\/wp-json\/wp\/v2\/users\/2"}],"replies":[{"embeddable":true,"href":"https:\/\/esbozodeportivo.com\/index.php\/wp-json\/wp\/v2\/comments?post=1478"}],"version-history":[{"count":4,"href":"https:\/\/esbozodeportivo.com\/index.php\/wp-json\/wp\/v2\/posts\/1478\/revisions"}],"predecessor-version":[{"id":1493,"href":"https:\/\/esbozodeportivo.com\/index.php\/wp-json\/wp\/v2\/posts\/1478\/revisions\/1493"}],"wp:attachment":[{"href":"https:\/\/esbozodeportivo.com\/index.php\/wp-json\/wp\/v2\/media?parent=1478"}],"wp:term":[{"taxonomy":"category","embeddable":true,"href":"https:\/\/esbozodeportivo.com\/index.php\/wp-json\/wp\/v2\/categories?post=1478"},{"taxonomy":"post_tag","embeddable":true,"href":"https:\/\/esbozodeportivo.com\/index.php\/wp-json\/wp\/v2\/tags?post=1478"}],"curies":[{"name":"wp","href":"https:\/\/api.w.org\/{rel}","templated":true}]}}