{"id":1565,"date":"2023-08-18T02:56:37","date_gmt":"2023-08-18T02:56:37","guid":{"rendered":"https:\/\/esbozodeportivo.com\/?p=1565"},"modified":"2023-08-18T03:05:23","modified_gmt":"2023-08-18T03:05:23","slug":"participaran-250-atletas-en-los-juegos-mundiales-de-los-trabajadores-en-cervia-italia","status":"publish","type":"post","link":"https:\/\/esbozodeportivo.com\/index.php\/2023\/08\/18\/participaran-250-atletas-en-los-juegos-mundiales-de-los-trabajadores-en-cervia-italia\/","title":{"rendered":"Participar\u00e1n 250 atletas en los Juegos Mundiales de los Trabajadores en Cervia, Italia"},"content":{"rendered":"<style>\/*! elementor - v3.15.0 - 09-08-2023 *\/\n.elementor-widget-image{text-align:center}.elementor-widget-image a{display:inline-block}.elementor-widget-image a img[src$=\".svg\"]{width:48px}.elementor-widget-image img{vertical-align:middle;display:inline-block}<\/style>\n<p>\t\t\t\t\t\t\t\t\t\t\t\t<img decoding=\"async\" width=\"640\" height=\"555\" src=\"https:\/\/esbozodeportivo.com\/wp-content\/uploads\/2023\/08\/reunion.jpg\" alt=\"\" loading=\"lazy\" srcset=\"https:\/\/esbozodeportivo.com\/wp-content\/uploads\/2023\/08\/reunion.jpg 810w, https:\/\/esbozodeportivo.com\/wp-content\/uploads\/2023\/08\/reunion-300x260.jpg 300w, https:\/\/esbozodeportivo.com\/wp-content\/uploads\/2023\/08\/reunion-768x667.jpg 768w\" sizes=\"auto, (max-width: 640px) 100vw, 640px\" \/>\t\t\t\t\t\t\t\t\t\t\t\t\t\t\t<\/p>\n<p>(Foto: INDET)<\/p>\n<p>(Bolet\u00edn).- En el marco de la Reuni\u00f3n Nacional de Secretarios Estatales, que se llev\u00f3 a cabo en el Centro Vacacional IMSS Oaxtepec, se dio a conocer que del 4 al 9 de septiembre se llevar\u00e1n a cabo los Juegos Mundiales de los Trabajadores en Cervia, Italia, por tal motivo el Instituto del Deporte de los Trabajadores (INDET) anunci\u00f3 que ya se prepara una delegaci\u00f3n de 250 atletas que representaran al pa\u00eds en dicho evento deportivo.<\/p>\n<p>El profesor, Pablo Reyes Osorio, secretario del (INDET), proporcion\u00f3 los detalles de los deportistas que asistir\u00e1n a la Justa Mundialista de los Trabajadores, esto ante la presencia del licenciado, Reyes Soberanis Moreno, presidente del Congreso del Trabajo y del (INDET), quien durante su intervenci\u00f3n agradeci\u00f3 el apoyo de los 32 Secretarios Estatales del (INDET), as\u00ed como del licenciado Delint Armengol, subdirector de Activaci\u00f3n F\u00edsica de la Comisi\u00f3n Nacional de Cultura F\u00edsica y Deporte.<\/p>\n<p>\t\t\t\t\t\t\t\t\t\t\t\t\t\t\t<img decoding=\"async\" width=\"640\" height=\"480\" src=\"https:\/\/esbozodeportivo.com\/wp-content\/uploads\/2023\/08\/oax4-1024x768.jpg\" alt=\"\" loading=\"lazy\" srcset=\"https:\/\/esbozodeportivo.com\/wp-content\/uploads\/2023\/08\/oax4-1024x768.jpg 1024w, https:\/\/esbozodeportivo.com\/wp-content\/uploads\/2023\/08\/oax4-300x225.jpg 300w, https:\/\/esbozodeportivo.com\/wp-content\/uploads\/2023\/08\/oax4-768x576.jpg 768w, https:\/\/esbozodeportivo.com\/wp-content\/uploads\/2023\/08\/oax4.jpg 1408w\" sizes=\"auto, (max-width: 640px) 100vw, 640px\" \/>\t\t\t\t\t\t\t\t\t\t\t\t\t\t\t<\/p>\n<p>(Foto: INDET)<\/p>\n<p>La CONADE, ha sido una gran alianza durante los Juegos Nacionales Deportivos y Recreativos de los Trabajadores, destac\u00f3, Reyes Osorio, quien se\u00f1al\u00f3 \u201cque el programa de Activaci\u00f3n F\u00edsica Laboral han sido nuestra punta de lanza para movilizar a los trabajadores sindicalizados y no sindicalizados y sus familias, a mantenerse en forma f\u00edsica y mental para ser m\u00e1s productivos\u201d.<\/p>\n<p>\t\t\t\t\t\t\t\t\t\t\t\t\t\t\t<img decoding=\"async\" width=\"640\" height=\"360\" src=\"https:\/\/esbozodeportivo.com\/wp-content\/uploads\/2023\/08\/oax1-1024x576.jpg\" alt=\"\" loading=\"lazy\" srcset=\"https:\/\/esbozodeportivo.com\/wp-content\/uploads\/2023\/08\/oax1-1024x576.jpg 1024w, https:\/\/esbozodeportivo.com\/wp-content\/uploads\/2023\/08\/oax1-300x169.jpg 300w, https:\/\/esbozodeportivo.com\/wp-content\/uploads\/2023\/08\/oax1-768x432.jpg 768w, https:\/\/esbozodeportivo.com\/wp-content\/uploads\/2023\/08\/oax1-1536x864.jpg 1536w, https:\/\/esbozodeportivo.com\/wp-content\/uploads\/2023\/08\/oax1.jpg 1599w\" sizes=\"auto, (max-width: 640px) 100vw, 640px\" \/>\t\t\t\t\t\t\t\t\t\t\t\t\t\t\t<\/p>\n<p>(Foto: INDET)<\/p>\n<p>Tambi\u00e9n enfatiz\u00f3 que se analizaron y evaluaron las actividades del programa nacional con resultados positivos, pese a la pandemia del Covid-19. \u201cEl (INDET) respet\u00f3 todas las medidas sanitarias y con el apoyo de los sindicatos del todo el pa\u00eds, pudimos llevar a cabo acciones para fortalecer la activaci\u00f3n f\u00edsica y laboral. Y con ellos colaboramos a tener platilla de trabajadores m\u00e1s fuertes y sanos. Nuestro programa deportivo fue fundamental con el respaldo de la CONADE), finaliz\u00f3 Pablo Reyes Osorio.<\/p>\n<p>\t\t\t\t\t\t\t\t\t\t\t\t\t\t\t<img decoding=\"async\" width=\"640\" height=\"480\" src=\"https:\/\/esbozodeportivo.com\/wp-content\/uploads\/2023\/08\/oax3-1024x768.jpg\" alt=\"\" loading=\"lazy\" srcset=\"https:\/\/esbozodeportivo.com\/wp-content\/uploads\/2023\/08\/oax3-1024x768.jpg 1024w, https:\/\/esbozodeportivo.com\/wp-content\/uploads\/2023\/08\/oax3-300x225.jpg 300w, https:\/\/esbozodeportivo.com\/wp-content\/uploads\/2023\/08\/oax3-768x576.jpg 768w, https:\/\/esbozodeportivo.com\/wp-content\/uploads\/2023\/08\/oax3.jpg 1408w\" sizes=\"auto, (max-width: 640px) 100vw, 640px\" \/>\t\t\t\t\t\t\t\t\t\t\t\t\t\t\t<\/p>\n<p>(Foto: INDET)<\/p>\n<p>Cabe mencionar que la elecci\u00f3n de los deportistas surgi\u00f3 de los 50 Juegos Nacionales y Recreativos 2022.<\/p>\n<p>La delegaci\u00f3n estar\u00e1 viajando al pa\u00eds europeo los primeros d\u00edas de septiembre.<\/p>\n","protected":false},"excerpt":{"rendered":"<p>(Foto: INDET) (Bolet\u00edn).- En el marco de la Reuni\u00f3n Nacional de Secretarios Estatales, que se<\/p>\n","protected":false},"author":2,"featured_media":0,"comment_status":"open","ping_status":"open","sticky":false,"template":"","format":"standard","meta":{"_jetpack_memberships_contains_paid_content":false,"footnotes":""},"categories":[5],"tags":[],"class_list":["post-1565","post","type-post","status-publish","format-standard","hentry","category-amateur"],"yoast_head":"<!-- This site is optimized with the Yoast SEO plugin v25.7 - https:\/\/yoast.com\/wordpress\/plugins\/seo\/ -->\n<title>Participar\u00e1n 250 atletas en los Juegos Mundiales de los Trabajadores en Cervia, Italia - Esbozo Deportivo<\/title>\n<meta name=\"robots\" content=\"index, follow, max-snippet:-1, max-image-preview:large, max-video-preview:-1\" \/>\n<link rel=\"canonical\" href=\"https:\/\/esbozodeportivo.com\/index.php\/2023\/08\/18\/participaran-250-atletas-en-los-juegos-mundiales-de-los-trabajadores-en-cervia-italia\/\" \/>\n<meta property=\"og:locale\" content=\"es_MX\" \/>\n<meta property=\"og:type\" content=\"article\" \/>\n<meta property=\"og:title\" content=\"Participar\u00e1n 250 atletas en los Juegos Mundiales de los Trabajadores en Cervia, Italia - Esbozo Deportivo\" \/>\n<meta property=\"og:description\" content=\"(Foto: INDET) (Bolet\u00edn).- En el marco de la Reuni\u00f3n Nacional de Secretarios Estatales, que se\" \/>\n<meta property=\"og:url\" content=\"https:\/\/esbozodeportivo.com\/index.php\/2023\/08\/18\/participaran-250-atletas-en-los-juegos-mundiales-de-los-trabajadores-en-cervia-italia\/\" \/>\n<meta property=\"og:site_name\" content=\"Esbozo Deportivo\" \/>\n<meta property=\"article:published_time\" content=\"2023-08-18T02:56:37+00:00\" \/>\n<meta property=\"article:modified_time\" content=\"2023-08-18T03:05:23+00:00\" \/>\n<meta property=\"og:image\" content=\"https:\/\/esbozodeportivo.com\/wp-content\/uploads\/2023\/08\/reunion.jpg\" \/>\n<meta name=\"author\" content=\"Javier De La Cruz\" \/>\n<meta name=\"twitter:card\" content=\"summary_large_image\" \/>\n<meta name=\"twitter:label1\" content=\"Escrito por\" \/>\n\t<meta name=\"twitter:data1\" content=\"Javier De La Cruz\" \/>\n\t<meta name=\"twitter:label2\" content=\"Tiempo de lectura\" \/>\n\t<meta name=\"twitter:data2\" content=\"2 minutos\" \/>\n<script type=\"application\/ld+json\" class=\"yoast-schema-graph\">{\"@context\":\"https:\/\/schema.org\",\"@graph\":[{\"@type\":\"Article\",\"@id\":\"https:\/\/esbozodeportivo.com\/index.php\/2023\/08\/18\/participaran-250-atletas-en-los-juegos-mundiales-de-los-trabajadores-en-cervia-italia\/#article\",\"isPartOf\":{\"@id\":\"https:\/\/esbozodeportivo.com\/index.php\/2023\/08\/18\/participaran-250-atletas-en-los-juegos-mundiales-de-los-trabajadores-en-cervia-italia\/\"},\"author\":{\"name\":\"Javier De La Cruz\",\"@id\":\"https:\/\/esbozodeportivo.com\/#\/schema\/person\/7277119c98823aec37bbb84e125efd44\"},\"headline\":\"Participar\u00e1n 250 atletas en los Juegos Mundiales de los Trabajadores en Cervia, Italia\",\"datePublished\":\"2023-08-18T02:56:37+00:00\",\"dateModified\":\"2023-08-18T03:05:23+00:00\",\"mainEntityOfPage\":{\"@id\":\"https:\/\/esbozodeportivo.com\/index.php\/2023\/08\/18\/participaran-250-atletas-en-los-juegos-mundiales-de-los-trabajadores-en-cervia-italia\/\"},\"wordCount\":355,\"commentCount\":0,\"publisher\":{\"@id\":\"https:\/\/esbozodeportivo.com\/#organization\"},\"image\":{\"@id\":\"https:\/\/esbozodeportivo.com\/index.php\/2023\/08\/18\/participaran-250-atletas-en-los-juegos-mundiales-de-los-trabajadores-en-cervia-italia\/#primaryimage\"},\"thumbnailUrl\":\"https:\/\/esbozodeportivo.com\/wp-content\/uploads\/2023\/08\/reunion.jpg\",\"articleSection\":[\"Amateur\"],\"inLanguage\":\"es\",\"potentialAction\":[{\"@type\":\"CommentAction\",\"name\":\"Comment\",\"target\":[\"https:\/\/esbozodeportivo.com\/index.php\/2023\/08\/18\/participaran-250-atletas-en-los-juegos-mundiales-de-los-trabajadores-en-cervia-italia\/#respond\"]}]},{\"@type\":\"WebPage\",\"@id\":\"https:\/\/esbozodeportivo.com\/index.php\/2023\/08\/18\/participaran-250-atletas-en-los-juegos-mundiales-de-los-trabajadores-en-cervia-italia\/\",\"url\":\"https:\/\/esbozodeportivo.com\/index.php\/2023\/08\/18\/participaran-250-atletas-en-los-juegos-mundiales-de-los-trabajadores-en-cervia-italia\/\",\"name\":\"Participar\u00e1n 250 atletas en los Juegos Mundiales de los Trabajadores en Cervia, Italia - Esbozo Deportivo\",\"isPartOf\":{\"@id\":\"https:\/\/esbozodeportivo.com\/#website\"},\"primaryImageOfPage\":{\"@id\":\"https:\/\/esbozodeportivo.com\/index.php\/2023\/08\/18\/participaran-250-atletas-en-los-juegos-mundiales-de-los-trabajadores-en-cervia-italia\/#primaryimage\"},\"image\":{\"@id\":\"https:\/\/esbozodeportivo.com\/index.php\/2023\/08\/18\/participaran-250-atletas-en-los-juegos-mundiales-de-los-trabajadores-en-cervia-italia\/#primaryimage\"},\"thumbnailUrl\":\"https:\/\/esbozodeportivo.com\/wp-content\/uploads\/2023\/08\/reunion.jpg\",\"datePublished\":\"2023-08-18T02:56:37+00:00\",\"dateModified\":\"2023-08-18T03:05:23+00:00\",\"breadcrumb\":{\"@id\":\"https:\/\/esbozodeportivo.com\/index.php\/2023\/08\/18\/participaran-250-atletas-en-los-juegos-mundiales-de-los-trabajadores-en-cervia-italia\/#breadcrumb\"},\"inLanguage\":\"es\",\"potentialAction\":[{\"@type\":\"ReadAction\",\"target\":[\"https:\/\/esbozodeportivo.com\/index.php\/2023\/08\/18\/participaran-250-atletas-en-los-juegos-mundiales-de-los-trabajadores-en-cervia-italia\/\"]}]},{\"@type\":\"ImageObject\",\"inLanguage\":\"es\",\"@id\":\"https:\/\/esbozodeportivo.com\/index.php\/2023\/08\/18\/participaran-250-atletas-en-los-juegos-mundiales-de-los-trabajadores-en-cervia-italia\/#primaryimage\",\"url\":\"https:\/\/esbozodeportivo.com\/wp-content\/uploads\/2023\/08\/reunion.jpg\",\"contentUrl\":\"https:\/\/esbozodeportivo.com\/wp-content\/uploads\/2023\/08\/reunion.jpg\",\"width\":810,\"height\":703},{\"@type\":\"BreadcrumbList\",\"@id\":\"https:\/\/esbozodeportivo.com\/index.php\/2023\/08\/18\/participaran-250-atletas-en-los-juegos-mundiales-de-los-trabajadores-en-cervia-italia\/#breadcrumb\",\"itemListElement\":[{\"@type\":\"ListItem\",\"position\":1,\"name\":\"Inicio\",\"item\":\"https:\/\/esbozodeportivo.com\/\"},{\"@type\":\"ListItem\",\"position\":2,\"name\":\"Participar\u00e1n 250 atletas en los Juegos Mundiales de los Trabajadores en Cervia, Italia\"}]},{\"@type\":\"WebSite\",\"@id\":\"https:\/\/esbozodeportivo.com\/#website\",\"url\":\"https:\/\/esbozodeportivo.com\/\",\"name\":\"Esbozo Deportivo\",\"description\":\"Lo m\u00e1s importante del Deporte\",\"publisher\":{\"@id\":\"https:\/\/esbozodeportivo.com\/#organization\"},\"potentialAction\":[{\"@type\":\"SearchAction\",\"target\":{\"@type\":\"EntryPoint\",\"urlTemplate\":\"https:\/\/esbozodeportivo.com\/?s={search_term_string}\"},\"query-input\":{\"@type\":\"PropertyValueSpecification\",\"valueRequired\":true,\"valueName\":\"search_term_string\"}}],\"inLanguage\":\"es\"},{\"@type\":\"Organization\",\"@id\":\"https:\/\/esbozodeportivo.com\/#organization\",\"name\":\"Esbozo Deportivo\",\"url\":\"https:\/\/esbozodeportivo.com\/\",\"logo\":{\"@type\":\"ImageObject\",\"inLanguage\":\"es\",\"@id\":\"https:\/\/esbozodeportivo.com\/#\/schema\/logo\/image\/\",\"url\":\"https:\/\/esbozodeportivo.com\/wp-content\/uploads\/2022\/08\/cropped-Logo-Esbozo-Web-2.png\",\"contentUrl\":\"https:\/\/esbozodeportivo.com\/wp-content\/uploads\/2022\/08\/cropped-Logo-Esbozo-Web-2.png\",\"width\":180,\"height\":50,\"caption\":\"Esbozo Deportivo\"},\"image\":{\"@id\":\"https:\/\/esbozodeportivo.com\/#\/schema\/logo\/image\/\"}},{\"@type\":\"Person\",\"@id\":\"https:\/\/esbozodeportivo.com\/#\/schema\/person\/7277119c98823aec37bbb84e125efd44\",\"name\":\"Javier De La Cruz\",\"image\":{\"@type\":\"ImageObject\",\"inLanguage\":\"es\",\"@id\":\"https:\/\/esbozodeportivo.com\/#\/schema\/person\/image\/\",\"url\":\"https:\/\/secure.gravatar.com\/avatar\/366235a56d20f1a6e8e3d0b295897639357bea880470ddf261d17bb0bc052eb1?s=96&d=mm&r=g\",\"contentUrl\":\"https:\/\/secure.gravatar.com\/avatar\/366235a56d20f1a6e8e3d0b295897639357bea880470ddf261d17bb0bc052eb1?s=96&d=mm&r=g\",\"caption\":\"Javier De La Cruz\"},\"url\":\"https:\/\/esbozodeportivo.com\/index.php\/author\/javier-de-la-cruz-de-la-cruz\/\"}]}<\/script>\n<!-- \/ Yoast SEO plugin. -->","yoast_head_json":{"title":"Participar\u00e1n 250 atletas en los Juegos Mundiales de los Trabajadores en Cervia, Italia - Esbozo Deportivo","robots":{"index":"index","follow":"follow","max-snippet":"max-snippet:-1","max-image-preview":"max-image-preview:large","max-video-preview":"max-video-preview:-1"},"canonical":"https:\/\/esbozodeportivo.com\/index.php\/2023\/08\/18\/participaran-250-atletas-en-los-juegos-mundiales-de-los-trabajadores-en-cervia-italia\/","og_locale":"es_MX","og_type":"article","og_title":"Participar\u00e1n 250 atletas en los Juegos Mundiales de los Trabajadores en Cervia, Italia - Esbozo Deportivo","og_description":"(Foto: INDET) (Bolet\u00edn).- En el marco de la Reuni\u00f3n Nacional de Secretarios Estatales, que se","og_url":"https:\/\/esbozodeportivo.com\/index.php\/2023\/08\/18\/participaran-250-atletas-en-los-juegos-mundiales-de-los-trabajadores-en-cervia-italia\/","og_site_name":"Esbozo Deportivo","article_published_time":"2023-08-18T02:56:37+00:00","article_modified_time":"2023-08-18T03:05:23+00:00","og_image":[{"url":"https:\/\/esbozodeportivo.com\/wp-content\/uploads\/2023\/08\/reunion.jpg","type":"","width":"","height":""}],"author":"Javier De La Cruz","twitter_card":"summary_large_image","twitter_misc":{"Escrito por":"Javier De La Cruz","Tiempo de lectura":"2 minutos"},"schema":{"@context":"https:\/\/schema.org","@graph":[{"@type":"Article","@id":"https:\/\/esbozodeportivo.com\/index.php\/2023\/08\/18\/participaran-250-atletas-en-los-juegos-mundiales-de-los-trabajadores-en-cervia-italia\/#article","isPartOf":{"@id":"https:\/\/esbozodeportivo.com\/index.php\/2023\/08\/18\/participaran-250-atletas-en-los-juegos-mundiales-de-los-trabajadores-en-cervia-italia\/"},"author":{"name":"Javier De La Cruz","@id":"https:\/\/esbozodeportivo.com\/#\/schema\/person\/7277119c98823aec37bbb84e125efd44"},"headline":"Participar\u00e1n 250 atletas en los Juegos Mundiales de los Trabajadores en Cervia, Italia","datePublished":"2023-08-18T02:56:37+00:00","dateModified":"2023-08-18T03:05:23+00:00","mainEntityOfPage":{"@id":"https:\/\/esbozodeportivo.com\/index.php\/2023\/08\/18\/participaran-250-atletas-en-los-juegos-mundiales-de-los-trabajadores-en-cervia-italia\/"},"wordCount":355,"commentCount":0,"publisher":{"@id":"https:\/\/esbozodeportivo.com\/#organization"},"image":{"@id":"https:\/\/esbozodeportivo.com\/index.php\/2023\/08\/18\/participaran-250-atletas-en-los-juegos-mundiales-de-los-trabajadores-en-cervia-italia\/#primaryimage"},"thumbnailUrl":"https:\/\/esbozodeportivo.com\/wp-content\/uploads\/2023\/08\/reunion.jpg","articleSection":["Amateur"],"inLanguage":"es","potentialAction":[{"@type":"CommentAction","name":"Comment","target":["https:\/\/esbozodeportivo.com\/index.php\/2023\/08\/18\/participaran-250-atletas-en-los-juegos-mundiales-de-los-trabajadores-en-cervia-italia\/#respond"]}]},{"@type":"WebPage","@id":"https:\/\/esbozodeportivo.com\/index.php\/2023\/08\/18\/participaran-250-atletas-en-los-juegos-mundiales-de-los-trabajadores-en-cervia-italia\/","url":"https:\/\/esbozodeportivo.com\/index.php\/2023\/08\/18\/participaran-250-atletas-en-los-juegos-mundiales-de-los-trabajadores-en-cervia-italia\/","name":"Participar\u00e1n 250 atletas en los Juegos Mundiales de los Trabajadores en Cervia, Italia - Esbozo Deportivo","isPartOf":{"@id":"https:\/\/esbozodeportivo.com\/#website"},"primaryImageOfPage":{"@id":"https:\/\/esbozodeportivo.com\/index.php\/2023\/08\/18\/participaran-250-atletas-en-los-juegos-mundiales-de-los-trabajadores-en-cervia-italia\/#primaryimage"},"image":{"@id":"https:\/\/esbozodeportivo.com\/index.php\/2023\/08\/18\/participaran-250-atletas-en-los-juegos-mundiales-de-los-trabajadores-en-cervia-italia\/#primaryimage"},"thumbnailUrl":"https:\/\/esbozodeportivo.com\/wp-content\/uploads\/2023\/08\/reunion.jpg","datePublished":"2023-08-18T02:56:37+00:00","dateModified":"2023-08-18T03:05:23+00:00","breadcrumb":{"@id":"https:\/\/esbozodeportivo.com\/index.php\/2023\/08\/18\/participaran-250-atletas-en-los-juegos-mundiales-de-los-trabajadores-en-cervia-italia\/#breadcrumb"},"inLanguage":"es","potentialAction":[{"@type":"ReadAction","target":["https:\/\/esbozodeportivo.com\/index.php\/2023\/08\/18\/participaran-250-atletas-en-los-juegos-mundiales-de-los-trabajadores-en-cervia-italia\/"]}]},{"@type":"ImageObject","inLanguage":"es","@id":"https:\/\/esbozodeportivo.com\/index.php\/2023\/08\/18\/participaran-250-atletas-en-los-juegos-mundiales-de-los-trabajadores-en-cervia-italia\/#primaryimage","url":"https:\/\/esbozodeportivo.com\/wp-content\/uploads\/2023\/08\/reunion.jpg","contentUrl":"https:\/\/esbozodeportivo.com\/wp-content\/uploads\/2023\/08\/reunion.jpg","width":810,"height":703},{"@type":"BreadcrumbList","@id":"https:\/\/esbozodeportivo.com\/index.php\/2023\/08\/18\/participaran-250-atletas-en-los-juegos-mundiales-de-los-trabajadores-en-cervia-italia\/#breadcrumb","itemListElement":[{"@type":"ListItem","position":1,"name":"Inicio","item":"https:\/\/esbozodeportivo.com\/"},{"@type":"ListItem","position":2,"name":"Participar\u00e1n 250 atletas en los Juegos Mundiales de los Trabajadores en Cervia, Italia"}]},{"@type":"WebSite","@id":"https:\/\/esbozodeportivo.com\/#website","url":"https:\/\/esbozodeportivo.com\/","name":"Esbozo Deportivo","description":"Lo m\u00e1s importante del Deporte","publisher":{"@id":"https:\/\/esbozodeportivo.com\/#organization"},"potentialAction":[{"@type":"SearchAction","target":{"@type":"EntryPoint","urlTemplate":"https:\/\/esbozodeportivo.com\/?s={search_term_string}"},"query-input":{"@type":"PropertyValueSpecification","valueRequired":true,"valueName":"search_term_string"}}],"inLanguage":"es"},{"@type":"Organization","@id":"https:\/\/esbozodeportivo.com\/#organization","name":"Esbozo Deportivo","url":"https:\/\/esbozodeportivo.com\/","logo":{"@type":"ImageObject","inLanguage":"es","@id":"https:\/\/esbozodeportivo.com\/#\/schema\/logo\/image\/","url":"https:\/\/esbozodeportivo.com\/wp-content\/uploads\/2022\/08\/cropped-Logo-Esbozo-Web-2.png","contentUrl":"https:\/\/esbozodeportivo.com\/wp-content\/uploads\/2022\/08\/cropped-Logo-Esbozo-Web-2.png","width":180,"height":50,"caption":"Esbozo Deportivo"},"image":{"@id":"https:\/\/esbozodeportivo.com\/#\/schema\/logo\/image\/"}},{"@type":"Person","@id":"https:\/\/esbozodeportivo.com\/#\/schema\/person\/7277119c98823aec37bbb84e125efd44","name":"Javier De La Cruz","image":{"@type":"ImageObject","inLanguage":"es","@id":"https:\/\/esbozodeportivo.com\/#\/schema\/person\/image\/","url":"https:\/\/secure.gravatar.com\/avatar\/366235a56d20f1a6e8e3d0b295897639357bea880470ddf261d17bb0bc052eb1?s=96&d=mm&r=g","contentUrl":"https:\/\/secure.gravatar.com\/avatar\/366235a56d20f1a6e8e3d0b295897639357bea880470ddf261d17bb0bc052eb1?s=96&d=mm&r=g","caption":"Javier De La Cruz"},"url":"https:\/\/esbozodeportivo.com\/index.php\/author\/javier-de-la-cruz-de-la-cruz\/"}]}},"jetpack_featured_media_url":"","jetpack_sharing_enabled":true,"_links":{"self":[{"href":"https:\/\/esbozodeportivo.com\/index.php\/wp-json\/wp\/v2\/posts\/1565","targetHints":{"allow":["GET"]}}],"collection":[{"href":"https:\/\/esbozodeportivo.com\/index.php\/wp-json\/wp\/v2\/posts"}],"about":[{"href":"https:\/\/esbozodeportivo.com\/index.php\/wp-json\/wp\/v2\/types\/post"}],"author":[{"embeddable":true,"href":"https:\/\/esbozodeportivo.com\/index.php\/wp-json\/wp\/v2\/users\/2"}],"replies":[{"embeddable":true,"href":"https:\/\/esbozodeportivo.com\/index.php\/wp-json\/wp\/v2\/comments?post=1565"}],"version-history":[{"count":3,"href":"https:\/\/esbozodeportivo.com\/index.php\/wp-json\/wp\/v2\/posts\/1565\/revisions"}],"predecessor-version":[{"id":1572,"href":"https:\/\/esbozodeportivo.com\/index.php\/wp-json\/wp\/v2\/posts\/1565\/revisions\/1572"}],"wp:attachment":[{"href":"https:\/\/esbozodeportivo.com\/index.php\/wp-json\/wp\/v2\/media?parent=1565"}],"wp:term":[{"taxonomy":"category","embeddable":true,"href":"https:\/\/esbozodeportivo.com\/index.php\/wp-json\/wp\/v2\/categories?post=1565"},{"taxonomy":"post_tag","embeddable":true,"href":"https:\/\/esbozodeportivo.com\/index.php\/wp-json\/wp\/v2\/tags?post=1565"}],"curies":[{"name":"wp","href":"https:\/\/api.w.org\/{rel}","templated":true}]}}