{"id":1601,"date":"2023-08-30T05:55:55","date_gmt":"2023-08-30T05:55:55","guid":{"rendered":"https:\/\/esbozodeportivo.com\/?p=1601"},"modified":"2023-08-30T06:04:43","modified_gmt":"2023-08-30T06:04:43","slug":"trabajadores-deportistas-asistiran-al-mundial-de-la-especialidad-en-italia","status":"publish","type":"post","link":"https:\/\/esbozodeportivo.com\/index.php\/2023\/08\/30\/trabajadores-deportistas-asistiran-al-mundial-de-la-especialidad-en-italia\/","title":{"rendered":"Trabajadores deportistas asistir\u00e1n al Mundial de la especialidad en Italia"},"content":{"rendered":"<style>\/*! elementor - v3.15.0 - 20-08-2023 *\/\n.elementor-widget-image{text-align:center}.elementor-widget-image a{display:inline-block}.elementor-widget-image a img[src$=\".svg\"]{width:48px}.elementor-widget-image img{vertical-align:middle;display:inline-block}<\/style>\n<p>\t\t\t\t\t\t\t\t\t\t\t\t<img decoding=\"async\" width=\"640\" height=\"359\" src=\"https:\/\/esbozodeportivo.com\/wp-content\/uploads\/2023\/08\/Mundial-Trabajadores--1024x575.jpeg\" alt=\"\" loading=\"lazy\" srcset=\"https:\/\/esbozodeportivo.com\/wp-content\/uploads\/2023\/08\/Mundial-Trabajadores--1024x575.jpeg 1024w, https:\/\/esbozodeportivo.com\/wp-content\/uploads\/2023\/08\/Mundial-Trabajadores--300x168.jpeg 300w, https:\/\/esbozodeportivo.com\/wp-content\/uploads\/2023\/08\/Mundial-Trabajadores--768x431.jpeg 768w, https:\/\/esbozodeportivo.com\/wp-content\/uploads\/2023\/08\/Mundial-Trabajadores--1536x863.jpeg 1536w, https:\/\/esbozodeportivo.com\/wp-content\/uploads\/2023\/08\/Mundial-Trabajadores--2048x1150.jpeg 2048w\" sizes=\"auto, (max-width: 640px) 100vw, 640px\" \/>\t\t\t\t\t\t\t\t\t\t\t\t\t\t\t<\/p>\n<p>(Foto: esbozodeportivo.com)<\/p>\n<p>Ciudad de M\u00e9xico.- Ser\u00e1n 236 atletas los que representen a M\u00e9xico en el Mundial de Trabajadores a celebrarse del 5 al 10 de septiembre en Cervia, Italia, as\u00ed lo dio a conocer el secretario ejecutivo del Instituto del Deporte de los Trabajadores (INDET), profesor Pablo Reyes Osorio.<\/p>\n<p>Pablo Reyes, dijo que los trabajadores de las diferentes entidades de la rep\u00fablica participar\u00e1n con mucho entusiasmo, tras la designaci\u00f3n de que el a\u00f1o pasado INDET fue galardonado con el premio nacional del deporte.<\/p>\n<p>\t\t\t\t\t\t\t\t\t\t\t\t\t\t\t<img decoding=\"async\" width=\"640\" height=\"359\" src=\"https:\/\/esbozodeportivo.com\/wp-content\/uploads\/2023\/08\/Mundial-Trabajadores-8-1024x575.jpeg\" alt=\"\" loading=\"lazy\" srcset=\"https:\/\/esbozodeportivo.com\/wp-content\/uploads\/2023\/08\/Mundial-Trabajadores-8-1024x575.jpeg 1024w, https:\/\/esbozodeportivo.com\/wp-content\/uploads\/2023\/08\/Mundial-Trabajadores-8-300x168.jpeg 300w, https:\/\/esbozodeportivo.com\/wp-content\/uploads\/2023\/08\/Mundial-Trabajadores-8-768x431.jpeg 768w, https:\/\/esbozodeportivo.com\/wp-content\/uploads\/2023\/08\/Mundial-Trabajadores-8-1536x863.jpeg 1536w, https:\/\/esbozodeportivo.com\/wp-content\/uploads\/2023\/08\/Mundial-Trabajadores-8-2048x1150.jpeg 2048w\" sizes=\"auto, (max-width: 640px) 100vw, 640px\" \/>\t\t\t\t\t\t\t\t\t\t\t\t\t\t\t<\/p>\n<p>(Foto: esbozodeportivo.com)<\/p>\n<p>\u201cEl a\u00f1o pasado el Gobierno de la Rep\u00fablica le otorg\u00f3 al Instituto del Deporte de los Trabajadores, el premio nacional del Deporte, lo que es un instintivo para los trabajadores de diferentes empresas e instituciones de sindicatos de diferentes organizaciones de diecisiete entidades de la rep\u00fablica\u201d.<\/p>\n<p>Por otra parte Reyes Osorio, se\u00f1al\u00f3 que los deportistas participar\u00e1n en ocho diferentes disciplinas como son: ajedrez, atletismo, basquetbol, futbol, tenis, nataci\u00f3n, voleibol de sala y voleibol de playa.<\/p>\n<p>\t\t\t\t\t\t\t\t\t\t\t\t\t\t\t<img decoding=\"async\" width=\"640\" height=\"359\" src=\"https:\/\/esbozodeportivo.com\/wp-content\/uploads\/2023\/08\/Mundial-Trabajadores-5-1024x575.jpeg\" alt=\"\" loading=\"lazy\" srcset=\"https:\/\/esbozodeportivo.com\/wp-content\/uploads\/2023\/08\/Mundial-Trabajadores-5-1024x575.jpeg 1024w, https:\/\/esbozodeportivo.com\/wp-content\/uploads\/2023\/08\/Mundial-Trabajadores-5-300x168.jpeg 300w, https:\/\/esbozodeportivo.com\/wp-content\/uploads\/2023\/08\/Mundial-Trabajadores-5-768x431.jpeg 768w, https:\/\/esbozodeportivo.com\/wp-content\/uploads\/2023\/08\/Mundial-Trabajadores-5-1536x863.jpeg 1536w, https:\/\/esbozodeportivo.com\/wp-content\/uploads\/2023\/08\/Mundial-Trabajadores-5-2048x1150.jpeg 2048w\" sizes=\"auto, (max-width: 640px) 100vw, 640px\" \/>\t\t\t\t\t\t\t\t\t\t\t\t\t\t\t<\/p>\n<p>(Foto: esbozodeportivo.com)<\/p>\n<p>En donde estar\u00e1n compitiendo con trabajadores de 39 pa\u00edses de los continentes de Europa, As\u00eda, \u00c1frica y de Am\u00e9rica Latina.<\/p>\n<p>Tambi\u00e9n se\u00f1al\u00f3 que los atletas que estar\u00e1n presentes en el Mundial de Italia, son l\u00edderes de sus sectores pues se dedican a practicar el deporte en sus tiempos libres a pesar de seguir en su jornada laboral, por lo que conf\u00eda que pondr\u00e1n en alto al deporte sindical en el pr\u00f3ximo Mundial.<\/p>\n<p>\t\t\t\t\t\t\t\t\t\t\t\t\t\t\t<img decoding=\"async\" width=\"640\" height=\"359\" src=\"https:\/\/esbozodeportivo.com\/wp-content\/uploads\/2023\/08\/Mundial-Trabajadores-4-1024x575.jpeg\" alt=\"\" loading=\"lazy\" srcset=\"https:\/\/esbozodeportivo.com\/wp-content\/uploads\/2023\/08\/Mundial-Trabajadores-4-1024x575.jpeg 1024w, https:\/\/esbozodeportivo.com\/wp-content\/uploads\/2023\/08\/Mundial-Trabajadores-4-300x168.jpeg 300w, https:\/\/esbozodeportivo.com\/wp-content\/uploads\/2023\/08\/Mundial-Trabajadores-4-768x431.jpeg 768w, https:\/\/esbozodeportivo.com\/wp-content\/uploads\/2023\/08\/Mundial-Trabajadores-4-1536x863.jpeg 1536w, https:\/\/esbozodeportivo.com\/wp-content\/uploads\/2023\/08\/Mundial-Trabajadores-4-2048x1150.jpeg 2048w\" sizes=\"auto, (max-width: 640px) 100vw, 640px\" \/>\t\t\t\t\t\t\t\t\t\t\t\t\t\t\t<\/p>\n<p>(Foto: esbozodeportivo.com)<\/p>\n<p>Por su parte el licenciado Reyes Soberanis Moreno, presidente del Congreso del Trabajo, reconoci\u00f3 a la delegaci\u00f3n mexicana que asistir\u00e1 al Mundial de los Trabajadores, y que la presencia de los mexicanos en estos juegos es muy importantes.<\/p>\n<p>Tambi\u00e9n se\u00f1al\u00f3 que se est\u00e1 trabajando duro, para que los pr\u00f3ximos Juegos Mundiales de los Trabajadores se realicen en nuestro pa\u00eds.<\/p>\n<p>\t\t\t\t\t\t\t\t\t\t\t\t\t\t\t<img decoding=\"async\" width=\"575\" height=\"1024\" src=\"https:\/\/esbozodeportivo.com\/wp-content\/uploads\/2023\/08\/Mundial-Trabajadores-3-575x1024.jpeg\" alt=\"\" loading=\"lazy\" srcset=\"https:\/\/esbozodeportivo.com\/wp-content\/uploads\/2023\/08\/Mundial-Trabajadores-3-575x1024.jpeg 575w, https:\/\/esbozodeportivo.com\/wp-content\/uploads\/2023\/08\/Mundial-Trabajadores-3-168x300.jpeg 168w, https:\/\/esbozodeportivo.com\/wp-content\/uploads\/2023\/08\/Mundial-Trabajadores-3-768x1368.jpeg 768w, https:\/\/esbozodeportivo.com\/wp-content\/uploads\/2023\/08\/Mundial-Trabajadores-3-863x1536.jpeg 863w, https:\/\/esbozodeportivo.com\/wp-content\/uploads\/2023\/08\/Mundial-Trabajadores-3-1150x2048.jpeg 1150w, https:\/\/esbozodeportivo.com\/wp-content\/uploads\/2023\/08\/Mundial-Trabajadores-3-1024x1823.jpeg 1024w, https:\/\/esbozodeportivo.com\/wp-content\/uploads\/2023\/08\/Mundial-Trabajadores-3-scaled.jpeg 1438w\" sizes=\"auto, (max-width: 575px) 100vw, 575px\" \/>\t\t\t\t\t\t\t\t\t\t\t\t\t\t\t<\/p>\n<p>(Foto. esbozodeportivo.com)<\/p>\n<p>Los estados que participar\u00e1n con atletas son Coahuila, Morelos, Nuevo Le\u00f3n, Chiapas, Estado de M\u00e9xico, Michoac\u00e1n, Quer\u00e9taro, Sonora, Aguascalientes, Guanajuato, Tamaulipas, Puebla, Baja California Sur, Durango y la Ciudad de M\u00e9xico.<\/p>\n<p>\u00a0<\/p>\n<p>\t\t\t\t\t\t\t\t\t\t\t\t\t\t\t<img decoding=\"async\" width=\"640\" height=\"359\" src=\"https:\/\/esbozodeportivo.com\/wp-content\/uploads\/2023\/08\/Mundial-Trabajadores9--1024x575.jpeg\" alt=\"\" loading=\"lazy\" srcset=\"https:\/\/esbozodeportivo.com\/wp-content\/uploads\/2023\/08\/Mundial-Trabajadores9--1024x575.jpeg 1024w, https:\/\/esbozodeportivo.com\/wp-content\/uploads\/2023\/08\/Mundial-Trabajadores9--300x168.jpeg 300w, https:\/\/esbozodeportivo.com\/wp-content\/uploads\/2023\/08\/Mundial-Trabajadores9--768x431.jpeg 768w, https:\/\/esbozodeportivo.com\/wp-content\/uploads\/2023\/08\/Mundial-Trabajadores9--1536x863.jpeg 1536w, https:\/\/esbozodeportivo.com\/wp-content\/uploads\/2023\/08\/Mundial-Trabajadores9--2048x1150.jpeg 2048w\" sizes=\"auto, (max-width: 640px) 100vw, 640px\" \/>\t\t\t\t\t\t\t\t\t\t\t\t\t\t\t<\/p>\n<p>(Foto: esbozodeportivo.com)<\/p>\n<p>\t\t\t\t\t\t\t\t\t\t\t\t\t\t\t<img decoding=\"async\" width=\"575\" height=\"1024\" src=\"https:\/\/esbozodeportivo.com\/wp-content\/uploads\/2023\/08\/Mundial-Trabajadores1--575x1024.jpeg\" alt=\"\" loading=\"lazy\" srcset=\"https:\/\/esbozodeportivo.com\/wp-content\/uploads\/2023\/08\/Mundial-Trabajadores1--575x1024.jpeg 575w, https:\/\/esbozodeportivo.com\/wp-content\/uploads\/2023\/08\/Mundial-Trabajadores1--168x300.jpeg 168w, https:\/\/esbozodeportivo.com\/wp-content\/uploads\/2023\/08\/Mundial-Trabajadores1--768x1368.jpeg 768w, https:\/\/esbozodeportivo.com\/wp-content\/uploads\/2023\/08\/Mundial-Trabajadores1--863x1536.jpeg 863w, https:\/\/esbozodeportivo.com\/wp-content\/uploads\/2023\/08\/Mundial-Trabajadores1--1150x2048.jpeg 1150w, https:\/\/esbozodeportivo.com\/wp-content\/uploads\/2023\/08\/Mundial-Trabajadores1--1024x1823.jpeg 1024w, https:\/\/esbozodeportivo.com\/wp-content\/uploads\/2023\/08\/Mundial-Trabajadores1--scaled.jpeg 1438w\" sizes=\"auto, (max-width: 575px) 100vw, 575px\" \/>\t\t\t\t\t\t\t\t\t\t\t\t\t\t\t<\/p>\n<p>(Foto: esbozodeportivo.com)<\/p>\n<p>\t\t\t\t\t\t\t\t\t\t\t\t\t\t\t<img decoding=\"async\" width=\"575\" height=\"1024\" src=\"https:\/\/esbozodeportivo.com\/wp-content\/uploads\/2023\/08\/Mundial-Trabajadoresn-2-575x1024.jpeg\" alt=\"\" loading=\"lazy\" srcset=\"https:\/\/esbozodeportivo.com\/wp-content\/uploads\/2023\/08\/Mundial-Trabajadoresn-2-575x1024.jpeg 575w, https:\/\/esbozodeportivo.com\/wp-content\/uploads\/2023\/08\/Mundial-Trabajadoresn-2-168x300.jpeg 168w, https:\/\/esbozodeportivo.com\/wp-content\/uploads\/2023\/08\/Mundial-Trabajadoresn-2-768x1368.jpeg 768w, https:\/\/esbozodeportivo.com\/wp-content\/uploads\/2023\/08\/Mundial-Trabajadoresn-2-863x1536.jpeg 863w, https:\/\/esbozodeportivo.com\/wp-content\/uploads\/2023\/08\/Mundial-Trabajadoresn-2-1150x2048.jpeg 1150w, https:\/\/esbozodeportivo.com\/wp-content\/uploads\/2023\/08\/Mundial-Trabajadoresn-2-1024x1823.jpeg 1024w, https:\/\/esbozodeportivo.com\/wp-content\/uploads\/2023\/08\/Mundial-Trabajadoresn-2-scaled.jpeg 1438w\" sizes=\"auto, (max-width: 575px) 100vw, 575px\" \/>\t\t\t\t\t\t\t\t\t\t\t\t\t\t\t<\/p>\n<p>(Foto: esbozodeportivo.com)<\/p>\n","protected":false},"excerpt":{"rendered":"<p>(Foto: esbozodeportivo.com) Ciudad de M\u00e9xico.- Ser\u00e1n 236 atletas los que representen a M\u00e9xico en el<\/p>\n","protected":false},"author":2,"featured_media":0,"comment_status":"open","ping_status":"open","sticky":false,"template":"","format":"standard","meta":{"_jetpack_memberships_contains_paid_content":false,"footnotes":""},"categories":[5],"tags":[],"class_list":["post-1601","post","type-post","status-publish","format-standard","hentry","category-amateur"],"yoast_head":"<!-- This site is optimized with the Yoast SEO plugin v25.7 - https:\/\/yoast.com\/wordpress\/plugins\/seo\/ -->\n<title>Trabajadores deportistas asistir\u00e1n al Mundial de la especialidad en Italia - Esbozo Deportivo<\/title>\n<meta name=\"robots\" content=\"index, follow, max-snippet:-1, max-image-preview:large, max-video-preview:-1\" \/>\n<link rel=\"canonical\" href=\"https:\/\/esbozodeportivo.com\/index.php\/2023\/08\/30\/trabajadores-deportistas-asistiran-al-mundial-de-la-especialidad-en-italia\/\" \/>\n<meta property=\"og:locale\" content=\"es_MX\" \/>\n<meta property=\"og:type\" content=\"article\" \/>\n<meta property=\"og:title\" content=\"Trabajadores deportistas asistir\u00e1n al Mundial de la especialidad en Italia - Esbozo Deportivo\" \/>\n<meta property=\"og:description\" content=\"(Foto: esbozodeportivo.com) Ciudad de M\u00e9xico.- Ser\u00e1n 236 atletas los que representen a M\u00e9xico en el\" \/>\n<meta property=\"og:url\" content=\"https:\/\/esbozodeportivo.com\/index.php\/2023\/08\/30\/trabajadores-deportistas-asistiran-al-mundial-de-la-especialidad-en-italia\/\" \/>\n<meta property=\"og:site_name\" content=\"Esbozo Deportivo\" \/>\n<meta property=\"article:published_time\" content=\"2023-08-30T05:55:55+00:00\" \/>\n<meta property=\"article:modified_time\" content=\"2023-08-30T06:04:43+00:00\" \/>\n<meta property=\"og:image\" content=\"https:\/\/esbozodeportivo.com\/wp-content\/uploads\/2023\/08\/Mundial-Trabajadores--1024x575.jpeg\" \/>\n<meta name=\"author\" content=\"Javier De La Cruz\" \/>\n<meta name=\"twitter:card\" content=\"summary_large_image\" \/>\n<meta name=\"twitter:label1\" content=\"Escrito por\" \/>\n\t<meta name=\"twitter:data1\" content=\"Javier De La Cruz\" \/>\n\t<meta name=\"twitter:label2\" content=\"Tiempo de lectura\" \/>\n\t<meta name=\"twitter:data2\" content=\"2 minutos\" \/>\n<script type=\"application\/ld+json\" class=\"yoast-schema-graph\">{\"@context\":\"https:\/\/schema.org\",\"@graph\":[{\"@type\":\"Article\",\"@id\":\"https:\/\/esbozodeportivo.com\/index.php\/2023\/08\/30\/trabajadores-deportistas-asistiran-al-mundial-de-la-especialidad-en-italia\/#article\",\"isPartOf\":{\"@id\":\"https:\/\/esbozodeportivo.com\/index.php\/2023\/08\/30\/trabajadores-deportistas-asistiran-al-mundial-de-la-especialidad-en-italia\/\"},\"author\":{\"name\":\"Javier De La Cruz\",\"@id\":\"https:\/\/esbozodeportivo.com\/#\/schema\/person\/7277119c98823aec37bbb84e125efd44\"},\"headline\":\"Trabajadores deportistas asistir\u00e1n al Mundial de la especialidad en Italia\",\"datePublished\":\"2023-08-30T05:55:55+00:00\",\"dateModified\":\"2023-08-30T06:04:43+00:00\",\"mainEntityOfPage\":{\"@id\":\"https:\/\/esbozodeportivo.com\/index.php\/2023\/08\/30\/trabajadores-deportistas-asistiran-al-mundial-de-la-especialidad-en-italia\/\"},\"wordCount\":385,\"commentCount\":0,\"publisher\":{\"@id\":\"https:\/\/esbozodeportivo.com\/#organization\"},\"image\":{\"@id\":\"https:\/\/esbozodeportivo.com\/index.php\/2023\/08\/30\/trabajadores-deportistas-asistiran-al-mundial-de-la-especialidad-en-italia\/#primaryimage\"},\"thumbnailUrl\":\"https:\/\/esbozodeportivo.com\/wp-content\/uploads\/2023\/08\/Mundial-Trabajadores--1024x575.jpeg\",\"articleSection\":[\"Amateur\"],\"inLanguage\":\"es\",\"potentialAction\":[{\"@type\":\"CommentAction\",\"name\":\"Comment\",\"target\":[\"https:\/\/esbozodeportivo.com\/index.php\/2023\/08\/30\/trabajadores-deportistas-asistiran-al-mundial-de-la-especialidad-en-italia\/#respond\"]}]},{\"@type\":\"WebPage\",\"@id\":\"https:\/\/esbozodeportivo.com\/index.php\/2023\/08\/30\/trabajadores-deportistas-asistiran-al-mundial-de-la-especialidad-en-italia\/\",\"url\":\"https:\/\/esbozodeportivo.com\/index.php\/2023\/08\/30\/trabajadores-deportistas-asistiran-al-mundial-de-la-especialidad-en-italia\/\",\"name\":\"Trabajadores deportistas asistir\u00e1n al Mundial de la especialidad en Italia - Esbozo Deportivo\",\"isPartOf\":{\"@id\":\"https:\/\/esbozodeportivo.com\/#website\"},\"primaryImageOfPage\":{\"@id\":\"https:\/\/esbozodeportivo.com\/index.php\/2023\/08\/30\/trabajadores-deportistas-asistiran-al-mundial-de-la-especialidad-en-italia\/#primaryimage\"},\"image\":{\"@id\":\"https:\/\/esbozodeportivo.com\/index.php\/2023\/08\/30\/trabajadores-deportistas-asistiran-al-mundial-de-la-especialidad-en-italia\/#primaryimage\"},\"thumbnailUrl\":\"https:\/\/esbozodeportivo.com\/wp-content\/uploads\/2023\/08\/Mundial-Trabajadores--1024x575.jpeg\",\"datePublished\":\"2023-08-30T05:55:55+00:00\",\"dateModified\":\"2023-08-30T06:04:43+00:00\",\"breadcrumb\":{\"@id\":\"https:\/\/esbozodeportivo.com\/index.php\/2023\/08\/30\/trabajadores-deportistas-asistiran-al-mundial-de-la-especialidad-en-italia\/#breadcrumb\"},\"inLanguage\":\"es\",\"potentialAction\":[{\"@type\":\"ReadAction\",\"target\":[\"https:\/\/esbozodeportivo.com\/index.php\/2023\/08\/30\/trabajadores-deportistas-asistiran-al-mundial-de-la-especialidad-en-italia\/\"]}]},{\"@type\":\"ImageObject\",\"inLanguage\":\"es\",\"@id\":\"https:\/\/esbozodeportivo.com\/index.php\/2023\/08\/30\/trabajadores-deportistas-asistiran-al-mundial-de-la-especialidad-en-italia\/#primaryimage\",\"url\":\"https:\/\/esbozodeportivo.com\/wp-content\/uploads\/2023\/08\/Mundial-Trabajadores--1024x575.jpeg\",\"contentUrl\":\"https:\/\/esbozodeportivo.com\/wp-content\/uploads\/2023\/08\/Mundial-Trabajadores--1024x575.jpeg\"},{\"@type\":\"BreadcrumbList\",\"@id\":\"https:\/\/esbozodeportivo.com\/index.php\/2023\/08\/30\/trabajadores-deportistas-asistiran-al-mundial-de-la-especialidad-en-italia\/#breadcrumb\",\"itemListElement\":[{\"@type\":\"ListItem\",\"position\":1,\"name\":\"Inicio\",\"item\":\"https:\/\/esbozodeportivo.com\/\"},{\"@type\":\"ListItem\",\"position\":2,\"name\":\"Trabajadores deportistas asistir\u00e1n al Mundial de la especialidad en Italia\"}]},{\"@type\":\"WebSite\",\"@id\":\"https:\/\/esbozodeportivo.com\/#website\",\"url\":\"https:\/\/esbozodeportivo.com\/\",\"name\":\"Esbozo Deportivo\",\"description\":\"Lo m\u00e1s importante del Deporte\",\"publisher\":{\"@id\":\"https:\/\/esbozodeportivo.com\/#organization\"},\"potentialAction\":[{\"@type\":\"SearchAction\",\"target\":{\"@type\":\"EntryPoint\",\"urlTemplate\":\"https:\/\/esbozodeportivo.com\/?s={search_term_string}\"},\"query-input\":{\"@type\":\"PropertyValueSpecification\",\"valueRequired\":true,\"valueName\":\"search_term_string\"}}],\"inLanguage\":\"es\"},{\"@type\":\"Organization\",\"@id\":\"https:\/\/esbozodeportivo.com\/#organization\",\"name\":\"Esbozo Deportivo\",\"url\":\"https:\/\/esbozodeportivo.com\/\",\"logo\":{\"@type\":\"ImageObject\",\"inLanguage\":\"es\",\"@id\":\"https:\/\/esbozodeportivo.com\/#\/schema\/logo\/image\/\",\"url\":\"https:\/\/esbozodeportivo.com\/wp-content\/uploads\/2022\/08\/cropped-Logo-Esbozo-Web-2.png\",\"contentUrl\":\"https:\/\/esbozodeportivo.com\/wp-content\/uploads\/2022\/08\/cropped-Logo-Esbozo-Web-2.png\",\"width\":180,\"height\":50,\"caption\":\"Esbozo Deportivo\"},\"image\":{\"@id\":\"https:\/\/esbozodeportivo.com\/#\/schema\/logo\/image\/\"}},{\"@type\":\"Person\",\"@id\":\"https:\/\/esbozodeportivo.com\/#\/schema\/person\/7277119c98823aec37bbb84e125efd44\",\"name\":\"Javier De La Cruz\",\"image\":{\"@type\":\"ImageObject\",\"inLanguage\":\"es\",\"@id\":\"https:\/\/esbozodeportivo.com\/#\/schema\/person\/image\/\",\"url\":\"https:\/\/secure.gravatar.com\/avatar\/366235a56d20f1a6e8e3d0b295897639357bea880470ddf261d17bb0bc052eb1?s=96&d=mm&r=g\",\"contentUrl\":\"https:\/\/secure.gravatar.com\/avatar\/366235a56d20f1a6e8e3d0b295897639357bea880470ddf261d17bb0bc052eb1?s=96&d=mm&r=g\",\"caption\":\"Javier De La Cruz\"},\"url\":\"https:\/\/esbozodeportivo.com\/index.php\/author\/javier-de-la-cruz-de-la-cruz\/\"}]}<\/script>\n<!-- \/ Yoast SEO plugin. -->","yoast_head_json":{"title":"Trabajadores deportistas asistir\u00e1n al Mundial de la especialidad en Italia - Esbozo Deportivo","robots":{"index":"index","follow":"follow","max-snippet":"max-snippet:-1","max-image-preview":"max-image-preview:large","max-video-preview":"max-video-preview:-1"},"canonical":"https:\/\/esbozodeportivo.com\/index.php\/2023\/08\/30\/trabajadores-deportistas-asistiran-al-mundial-de-la-especialidad-en-italia\/","og_locale":"es_MX","og_type":"article","og_title":"Trabajadores deportistas asistir\u00e1n al Mundial de la especialidad en Italia - Esbozo Deportivo","og_description":"(Foto: esbozodeportivo.com) Ciudad de M\u00e9xico.- Ser\u00e1n 236 atletas los que representen a M\u00e9xico en el","og_url":"https:\/\/esbozodeportivo.com\/index.php\/2023\/08\/30\/trabajadores-deportistas-asistiran-al-mundial-de-la-especialidad-en-italia\/","og_site_name":"Esbozo Deportivo","article_published_time":"2023-08-30T05:55:55+00:00","article_modified_time":"2023-08-30T06:04:43+00:00","og_image":[{"url":"https:\/\/esbozodeportivo.com\/wp-content\/uploads\/2023\/08\/Mundial-Trabajadores--1024x575.jpeg","type":"","width":"","height":""}],"author":"Javier De La Cruz","twitter_card":"summary_large_image","twitter_misc":{"Escrito por":"Javier De La Cruz","Tiempo de lectura":"2 minutos"},"schema":{"@context":"https:\/\/schema.org","@graph":[{"@type":"Article","@id":"https:\/\/esbozodeportivo.com\/index.php\/2023\/08\/30\/trabajadores-deportistas-asistiran-al-mundial-de-la-especialidad-en-italia\/#article","isPartOf":{"@id":"https:\/\/esbozodeportivo.com\/index.php\/2023\/08\/30\/trabajadores-deportistas-asistiran-al-mundial-de-la-especialidad-en-italia\/"},"author":{"name":"Javier De La Cruz","@id":"https:\/\/esbozodeportivo.com\/#\/schema\/person\/7277119c98823aec37bbb84e125efd44"},"headline":"Trabajadores deportistas asistir\u00e1n al Mundial de la especialidad en Italia","datePublished":"2023-08-30T05:55:55+00:00","dateModified":"2023-08-30T06:04:43+00:00","mainEntityOfPage":{"@id":"https:\/\/esbozodeportivo.com\/index.php\/2023\/08\/30\/trabajadores-deportistas-asistiran-al-mundial-de-la-especialidad-en-italia\/"},"wordCount":385,"commentCount":0,"publisher":{"@id":"https:\/\/esbozodeportivo.com\/#organization"},"image":{"@id":"https:\/\/esbozodeportivo.com\/index.php\/2023\/08\/30\/trabajadores-deportistas-asistiran-al-mundial-de-la-especialidad-en-italia\/#primaryimage"},"thumbnailUrl":"https:\/\/esbozodeportivo.com\/wp-content\/uploads\/2023\/08\/Mundial-Trabajadores--1024x575.jpeg","articleSection":["Amateur"],"inLanguage":"es","potentialAction":[{"@type":"CommentAction","name":"Comment","target":["https:\/\/esbozodeportivo.com\/index.php\/2023\/08\/30\/trabajadores-deportistas-asistiran-al-mundial-de-la-especialidad-en-italia\/#respond"]}]},{"@type":"WebPage","@id":"https:\/\/esbozodeportivo.com\/index.php\/2023\/08\/30\/trabajadores-deportistas-asistiran-al-mundial-de-la-especialidad-en-italia\/","url":"https:\/\/esbozodeportivo.com\/index.php\/2023\/08\/30\/trabajadores-deportistas-asistiran-al-mundial-de-la-especialidad-en-italia\/","name":"Trabajadores deportistas asistir\u00e1n al Mundial de la especialidad en Italia - Esbozo Deportivo","isPartOf":{"@id":"https:\/\/esbozodeportivo.com\/#website"},"primaryImageOfPage":{"@id":"https:\/\/esbozodeportivo.com\/index.php\/2023\/08\/30\/trabajadores-deportistas-asistiran-al-mundial-de-la-especialidad-en-italia\/#primaryimage"},"image":{"@id":"https:\/\/esbozodeportivo.com\/index.php\/2023\/08\/30\/trabajadores-deportistas-asistiran-al-mundial-de-la-especialidad-en-italia\/#primaryimage"},"thumbnailUrl":"https:\/\/esbozodeportivo.com\/wp-content\/uploads\/2023\/08\/Mundial-Trabajadores--1024x575.jpeg","datePublished":"2023-08-30T05:55:55+00:00","dateModified":"2023-08-30T06:04:43+00:00","breadcrumb":{"@id":"https:\/\/esbozodeportivo.com\/index.php\/2023\/08\/30\/trabajadores-deportistas-asistiran-al-mundial-de-la-especialidad-en-italia\/#breadcrumb"},"inLanguage":"es","potentialAction":[{"@type":"ReadAction","target":["https:\/\/esbozodeportivo.com\/index.php\/2023\/08\/30\/trabajadores-deportistas-asistiran-al-mundial-de-la-especialidad-en-italia\/"]}]},{"@type":"ImageObject","inLanguage":"es","@id":"https:\/\/esbozodeportivo.com\/index.php\/2023\/08\/30\/trabajadores-deportistas-asistiran-al-mundial-de-la-especialidad-en-italia\/#primaryimage","url":"https:\/\/esbozodeportivo.com\/wp-content\/uploads\/2023\/08\/Mundial-Trabajadores--1024x575.jpeg","contentUrl":"https:\/\/esbozodeportivo.com\/wp-content\/uploads\/2023\/08\/Mundial-Trabajadores--1024x575.jpeg"},{"@type":"BreadcrumbList","@id":"https:\/\/esbozodeportivo.com\/index.php\/2023\/08\/30\/trabajadores-deportistas-asistiran-al-mundial-de-la-especialidad-en-italia\/#breadcrumb","itemListElement":[{"@type":"ListItem","position":1,"name":"Inicio","item":"https:\/\/esbozodeportivo.com\/"},{"@type":"ListItem","position":2,"name":"Trabajadores deportistas asistir\u00e1n al Mundial de la especialidad en Italia"}]},{"@type":"WebSite","@id":"https:\/\/esbozodeportivo.com\/#website","url":"https:\/\/esbozodeportivo.com\/","name":"Esbozo Deportivo","description":"Lo m\u00e1s importante del Deporte","publisher":{"@id":"https:\/\/esbozodeportivo.com\/#organization"},"potentialAction":[{"@type":"SearchAction","target":{"@type":"EntryPoint","urlTemplate":"https:\/\/esbozodeportivo.com\/?s={search_term_string}"},"query-input":{"@type":"PropertyValueSpecification","valueRequired":true,"valueName":"search_term_string"}}],"inLanguage":"es"},{"@type":"Organization","@id":"https:\/\/esbozodeportivo.com\/#organization","name":"Esbozo Deportivo","url":"https:\/\/esbozodeportivo.com\/","logo":{"@type":"ImageObject","inLanguage":"es","@id":"https:\/\/esbozodeportivo.com\/#\/schema\/logo\/image\/","url":"https:\/\/esbozodeportivo.com\/wp-content\/uploads\/2022\/08\/cropped-Logo-Esbozo-Web-2.png","contentUrl":"https:\/\/esbozodeportivo.com\/wp-content\/uploads\/2022\/08\/cropped-Logo-Esbozo-Web-2.png","width":180,"height":50,"caption":"Esbozo Deportivo"},"image":{"@id":"https:\/\/esbozodeportivo.com\/#\/schema\/logo\/image\/"}},{"@type":"Person","@id":"https:\/\/esbozodeportivo.com\/#\/schema\/person\/7277119c98823aec37bbb84e125efd44","name":"Javier De La Cruz","image":{"@type":"ImageObject","inLanguage":"es","@id":"https:\/\/esbozodeportivo.com\/#\/schema\/person\/image\/","url":"https:\/\/secure.gravatar.com\/avatar\/366235a56d20f1a6e8e3d0b295897639357bea880470ddf261d17bb0bc052eb1?s=96&d=mm&r=g","contentUrl":"https:\/\/secure.gravatar.com\/avatar\/366235a56d20f1a6e8e3d0b295897639357bea880470ddf261d17bb0bc052eb1?s=96&d=mm&r=g","caption":"Javier De La Cruz"},"url":"https:\/\/esbozodeportivo.com\/index.php\/author\/javier-de-la-cruz-de-la-cruz\/"}]}},"jetpack_featured_media_url":"","jetpack_sharing_enabled":true,"_links":{"self":[{"href":"https:\/\/esbozodeportivo.com\/index.php\/wp-json\/wp\/v2\/posts\/1601","targetHints":{"allow":["GET"]}}],"collection":[{"href":"https:\/\/esbozodeportivo.com\/index.php\/wp-json\/wp\/v2\/posts"}],"about":[{"href":"https:\/\/esbozodeportivo.com\/index.php\/wp-json\/wp\/v2\/types\/post"}],"author":[{"embeddable":true,"href":"https:\/\/esbozodeportivo.com\/index.php\/wp-json\/wp\/v2\/users\/2"}],"replies":[{"embeddable":true,"href":"https:\/\/esbozodeportivo.com\/index.php\/wp-json\/wp\/v2\/comments?post=1601"}],"version-history":[{"count":4,"href":"https:\/\/esbozodeportivo.com\/index.php\/wp-json\/wp\/v2\/posts\/1601\/revisions"}],"predecessor-version":[{"id":1615,"href":"https:\/\/esbozodeportivo.com\/index.php\/wp-json\/wp\/v2\/posts\/1601\/revisions\/1615"}],"wp:attachment":[{"href":"https:\/\/esbozodeportivo.com\/index.php\/wp-json\/wp\/v2\/media?parent=1601"}],"wp:term":[{"taxonomy":"category","embeddable":true,"href":"https:\/\/esbozodeportivo.com\/index.php\/wp-json\/wp\/v2\/categories?post=1601"},{"taxonomy":"post_tag","embeddable":true,"href":"https:\/\/esbozodeportivo.com\/index.php\/wp-json\/wp\/v2\/tags?post=1601"}],"curies":[{"name":"wp","href":"https:\/\/api.w.org\/{rel}","templated":true}]}}