{"id":1616,"date":"2023-09-03T04:58:24","date_gmt":"2023-09-03T04:58:24","guid":{"rendered":"https:\/\/esbozodeportivo.com\/?p=1616"},"modified":"2023-09-03T05:04:18","modified_gmt":"2023-09-03T05:04:18","slug":"trabajadores-realizan-activacion-fisica-durante-30-minutos-en-espacios-laborales","status":"publish","type":"post","link":"https:\/\/esbozodeportivo.com\/index.php\/2023\/09\/03\/trabajadores-realizan-activacion-fisica-durante-30-minutos-en-espacios-laborales\/","title":{"rendered":"Trabajadores realizan activaci\u00f3n f\u00edsica durante 30 minutos en espacios laborales"},"content":{"rendered":"<style>\/*! elementor - v3.15.0 - 20-08-2023 *\/\n.elementor-widget-image{text-align:center}.elementor-widget-image a{display:inline-block}.elementor-widget-image a img[src$=\".svg\"]{width:48px}.elementor-widget-image img{vertical-align:middle;display:inline-block}<\/style>\n<p>\t\t\t\t\t\t\t\t\t\t\t\t<img decoding=\"async\" width=\"640\" height=\"302\" src=\"https:\/\/esbozodeportivo.com\/wp-content\/uploads\/2023\/09\/Actividad-fisica1.jpg\" alt=\"\" loading=\"lazy\" srcset=\"https:\/\/esbozodeportivo.com\/wp-content\/uploads\/2023\/09\/Actividad-fisica1.jpg 800w, https:\/\/esbozodeportivo.com\/wp-content\/uploads\/2023\/09\/Actividad-fisica1-300x142.jpg 300w, https:\/\/esbozodeportivo.com\/wp-content\/uploads\/2023\/09\/Actividad-fisica1-768x363.jpg 768w\" sizes=\"auto, (max-width: 640px) 100vw, 640px\" \/>\t\t\t\t\t\t\t\t\t\t\t\t\t\t\t<\/p>\n<p>(Foto: INDET)<\/p>\n<p>Gracias al Programa de Activaci\u00f3n F\u00edsica Laboral, m\u00e1s de 4 millones de trabajadores de diversas empresas que cuentan con el respaldo de sus sindicatos, han logrado que activarse durante 30 minutos en sus espacios de trabajo.<\/p>\n<p>Dicho programa es impulsado por el Instituto del Deporte de los Trabajadores (INDET) y el Congreso del Trabajo con el apoyo de la CONADE, ha logrado una gran respuesta por parte del personal que presta sus servicios a diversas empresas en toda la Rep\u00fablica Mexicana.<\/p>\n<p>\t\t\t\t\t\t\t\t\t\t\t\t\t\t\t<img decoding=\"async\" width=\"640\" height=\"480\" src=\"https:\/\/esbozodeportivo.com\/wp-content\/uploads\/2023\/09\/Actividad-fisica1-1024x768.jpeg\" alt=\"\" loading=\"lazy\" srcset=\"https:\/\/esbozodeportivo.com\/wp-content\/uploads\/2023\/09\/Actividad-fisica1-1024x768.jpeg 1024w, https:\/\/esbozodeportivo.com\/wp-content\/uploads\/2023\/09\/Actividad-fisica1-300x225.jpeg 300w, https:\/\/esbozodeportivo.com\/wp-content\/uploads\/2023\/09\/Actividad-fisica1-768x576.jpeg 768w, https:\/\/esbozodeportivo.com\/wp-content\/uploads\/2023\/09\/Actividad-fisica1.jpeg 1280w\" sizes=\"auto, (max-width: 640px) 100vw, 640px\" \/>\t\t\t\t\t\t\t\t\t\t\t\t\t\t\t<\/p>\n<p>(Foto: INDET)<\/p>\n<p>Por su parte el profesor Pablo Reyes Osorio, secretario ejecutivo de INDET, se\u00f1al\u00f3 que el Programa de Activaci\u00f3n F\u00edsica Laboral, ha sido bien recibido por parte de los trabajadores. \u201cPor los beneficios de salud que trae nuestro movimiento, apoyando por los mismos sindicatos y empresas que se han preocupado por brindar alternativas de salud a trav\u00e9s de la activaci\u00f3n f\u00edsica sin descuidar sus funciones laborales\u201d.<\/p>\n<p>\t\t\t\t\t\t\t\t\t\t\t\t\t\t\t<img decoding=\"async\" width=\"640\" height=\"480\" src=\"https:\/\/esbozodeportivo.com\/wp-content\/uploads\/2023\/09\/Actividad-fisica3-1024x768.jpeg\" alt=\"\" loading=\"lazy\" srcset=\"https:\/\/esbozodeportivo.com\/wp-content\/uploads\/2023\/09\/Actividad-fisica3-1024x768.jpeg 1024w, https:\/\/esbozodeportivo.com\/wp-content\/uploads\/2023\/09\/Actividad-fisica3-300x225.jpeg 300w, https:\/\/esbozodeportivo.com\/wp-content\/uploads\/2023\/09\/Actividad-fisica3-768x576.jpeg 768w, https:\/\/esbozodeportivo.com\/wp-content\/uploads\/2023\/09\/Actividad-fisica3.jpeg 1152w\" sizes=\"auto, (max-width: 640px) 100vw, 640px\" \/>\t\t\t\t\t\t\t\t\t\t\t\t\t\t\t<\/p>\n<p>(Foto: INDET)<\/p>\n<p>Por otra parte el secretario ejecutivo de INDET, agradeci\u00f3 y reconoci\u00f3 el apoyo de la CONADE, \u201cen esta tarea que se lleva a cabo en todo el pa\u00eds, bajo un programa que permite combatir el sedentarismo y prevenir enfermedades cr\u00f3nico-degenerativas como la diabetes. Entre 15 y 30 minutos diarios de esta activaci\u00f3n, contribuimos a contar con personal m\u00e1s sano f\u00edsica y mentalmente\u201d enfatiz\u00f3 Reyes Osorio.<\/p>\n<p>Tambi\u00e9n a\u00f1adi\u00f3 que despu\u00e9s de que se vivieron tiempos dif\u00edciles en todo el mundo por el Covid-19, el programa de Activaci\u00f3n F\u00edsica Laboral ayud\u00f3 a los trabajadores a mantenerse de mejor manera tanto f\u00edsica y mental.<\/p>\n<p>\t\t\t\t\t\t\t\t\t\t\t\t\t\t\t<img decoding=\"async\" width=\"640\" height=\"302\" src=\"https:\/\/esbozodeportivo.com\/wp-content\/uploads\/2023\/09\/Actividad-fisica2.jpeg\" alt=\"\" loading=\"lazy\" srcset=\"https:\/\/esbozodeportivo.com\/wp-content\/uploads\/2023\/09\/Actividad-fisica2.jpeg 800w, https:\/\/esbozodeportivo.com\/wp-content\/uploads\/2023\/09\/Actividad-fisica2-300x142.jpeg 300w, https:\/\/esbozodeportivo.com\/wp-content\/uploads\/2023\/09\/Actividad-fisica2-768x363.jpeg 768w\" sizes=\"auto, (max-width: 640px) 100vw, 640px\" \/>\t\t\t\t\t\t\t\t\t\t\t\t\t\t\t<\/p>\n<p>(Foto: INDET)<\/p>\n<p>Varias delegaciones estatales se han sumado al programa del INDET, y han participado tanto trabajadores y sus familias, as\u00ed como p\u00fablico en general, quienes practican \u201cclase de yoga y pilares, fitness, eventos recreativos y deportivos.<\/p>\n","protected":false},"excerpt":{"rendered":"<p>(Foto: INDET) Gracias al Programa de Activaci\u00f3n F\u00edsica Laboral, m\u00e1s de 4 millones de trabajadores<\/p>\n","protected":false},"author":2,"featured_media":0,"comment_status":"open","ping_status":"open","sticky":false,"template":"","format":"standard","meta":{"_jetpack_memberships_contains_paid_content":false,"footnotes":""},"categories":[5],"tags":[],"class_list":["post-1616","post","type-post","status-publish","format-standard","hentry","category-amateur"],"yoast_head":"<!-- This site is optimized with the Yoast SEO plugin v25.7 - https:\/\/yoast.com\/wordpress\/plugins\/seo\/ -->\n<title>Trabajadores realizan activaci\u00f3n f\u00edsica durante 30 minutos en espacios laborales - Esbozo Deportivo<\/title>\n<meta name=\"robots\" content=\"index, follow, max-snippet:-1, max-image-preview:large, max-video-preview:-1\" \/>\n<link rel=\"canonical\" href=\"https:\/\/esbozodeportivo.com\/index.php\/2023\/09\/03\/trabajadores-realizan-activacion-fisica-durante-30-minutos-en-espacios-laborales\/\" \/>\n<meta property=\"og:locale\" content=\"es_MX\" \/>\n<meta property=\"og:type\" content=\"article\" \/>\n<meta property=\"og:title\" content=\"Trabajadores realizan activaci\u00f3n f\u00edsica durante 30 minutos en espacios laborales - Esbozo Deportivo\" \/>\n<meta property=\"og:description\" content=\"(Foto: INDET) Gracias al Programa de Activaci\u00f3n F\u00edsica Laboral, m\u00e1s de 4 millones de trabajadores\" \/>\n<meta property=\"og:url\" content=\"https:\/\/esbozodeportivo.com\/index.php\/2023\/09\/03\/trabajadores-realizan-activacion-fisica-durante-30-minutos-en-espacios-laborales\/\" \/>\n<meta property=\"og:site_name\" content=\"Esbozo Deportivo\" \/>\n<meta property=\"article:published_time\" content=\"2023-09-03T04:58:24+00:00\" \/>\n<meta property=\"article:modified_time\" content=\"2023-09-03T05:04:18+00:00\" \/>\n<meta property=\"og:image\" content=\"https:\/\/esbozodeportivo.com\/wp-content\/uploads\/2023\/09\/Actividad-fisica1.jpg\" \/>\n<meta name=\"author\" content=\"Javier De La Cruz\" \/>\n<meta name=\"twitter:card\" content=\"summary_large_image\" \/>\n<meta name=\"twitter:label1\" content=\"Escrito por\" \/>\n\t<meta name=\"twitter:data1\" content=\"Javier De La Cruz\" \/>\n\t<meta name=\"twitter:label2\" content=\"Tiempo de lectura\" \/>\n\t<meta name=\"twitter:data2\" content=\"2 minutos\" \/>\n<script type=\"application\/ld+json\" class=\"yoast-schema-graph\">{\"@context\":\"https:\/\/schema.org\",\"@graph\":[{\"@type\":\"Article\",\"@id\":\"https:\/\/esbozodeportivo.com\/index.php\/2023\/09\/03\/trabajadores-realizan-activacion-fisica-durante-30-minutos-en-espacios-laborales\/#article\",\"isPartOf\":{\"@id\":\"https:\/\/esbozodeportivo.com\/index.php\/2023\/09\/03\/trabajadores-realizan-activacion-fisica-durante-30-minutos-en-espacios-laborales\/\"},\"author\":{\"name\":\"Javier De La Cruz\",\"@id\":\"https:\/\/esbozodeportivo.com\/#\/schema\/person\/7277119c98823aec37bbb84e125efd44\"},\"headline\":\"Trabajadores realizan activaci\u00f3n f\u00edsica durante 30 minutos en espacios laborales\",\"datePublished\":\"2023-09-03T04:58:24+00:00\",\"dateModified\":\"2023-09-03T05:04:18+00:00\",\"mainEntityOfPage\":{\"@id\":\"https:\/\/esbozodeportivo.com\/index.php\/2023\/09\/03\/trabajadores-realizan-activacion-fisica-durante-30-minutos-en-espacios-laborales\/\"},\"wordCount\":320,\"commentCount\":0,\"publisher\":{\"@id\":\"https:\/\/esbozodeportivo.com\/#organization\"},\"image\":{\"@id\":\"https:\/\/esbozodeportivo.com\/index.php\/2023\/09\/03\/trabajadores-realizan-activacion-fisica-durante-30-minutos-en-espacios-laborales\/#primaryimage\"},\"thumbnailUrl\":\"https:\/\/esbozodeportivo.com\/wp-content\/uploads\/2023\/09\/Actividad-fisica1.jpg\",\"articleSection\":[\"Amateur\"],\"inLanguage\":\"es\",\"potentialAction\":[{\"@type\":\"CommentAction\",\"name\":\"Comment\",\"target\":[\"https:\/\/esbozodeportivo.com\/index.php\/2023\/09\/03\/trabajadores-realizan-activacion-fisica-durante-30-minutos-en-espacios-laborales\/#respond\"]}]},{\"@type\":\"WebPage\",\"@id\":\"https:\/\/esbozodeportivo.com\/index.php\/2023\/09\/03\/trabajadores-realizan-activacion-fisica-durante-30-minutos-en-espacios-laborales\/\",\"url\":\"https:\/\/esbozodeportivo.com\/index.php\/2023\/09\/03\/trabajadores-realizan-activacion-fisica-durante-30-minutos-en-espacios-laborales\/\",\"name\":\"Trabajadores realizan activaci\u00f3n f\u00edsica durante 30 minutos en espacios laborales - Esbozo Deportivo\",\"isPartOf\":{\"@id\":\"https:\/\/esbozodeportivo.com\/#website\"},\"primaryImageOfPage\":{\"@id\":\"https:\/\/esbozodeportivo.com\/index.php\/2023\/09\/03\/trabajadores-realizan-activacion-fisica-durante-30-minutos-en-espacios-laborales\/#primaryimage\"},\"image\":{\"@id\":\"https:\/\/esbozodeportivo.com\/index.php\/2023\/09\/03\/trabajadores-realizan-activacion-fisica-durante-30-minutos-en-espacios-laborales\/#primaryimage\"},\"thumbnailUrl\":\"https:\/\/esbozodeportivo.com\/wp-content\/uploads\/2023\/09\/Actividad-fisica1.jpg\",\"datePublished\":\"2023-09-03T04:58:24+00:00\",\"dateModified\":\"2023-09-03T05:04:18+00:00\",\"breadcrumb\":{\"@id\":\"https:\/\/esbozodeportivo.com\/index.php\/2023\/09\/03\/trabajadores-realizan-activacion-fisica-durante-30-minutos-en-espacios-laborales\/#breadcrumb\"},\"inLanguage\":\"es\",\"potentialAction\":[{\"@type\":\"ReadAction\",\"target\":[\"https:\/\/esbozodeportivo.com\/index.php\/2023\/09\/03\/trabajadores-realizan-activacion-fisica-durante-30-minutos-en-espacios-laborales\/\"]}]},{\"@type\":\"ImageObject\",\"inLanguage\":\"es\",\"@id\":\"https:\/\/esbozodeportivo.com\/index.php\/2023\/09\/03\/trabajadores-realizan-activacion-fisica-durante-30-minutos-en-espacios-laborales\/#primaryimage\",\"url\":\"https:\/\/esbozodeportivo.com\/wp-content\/uploads\/2023\/09\/Actividad-fisica1.jpg\",\"contentUrl\":\"https:\/\/esbozodeportivo.com\/wp-content\/uploads\/2023\/09\/Actividad-fisica1.jpg\",\"width\":800,\"height\":378},{\"@type\":\"BreadcrumbList\",\"@id\":\"https:\/\/esbozodeportivo.com\/index.php\/2023\/09\/03\/trabajadores-realizan-activacion-fisica-durante-30-minutos-en-espacios-laborales\/#breadcrumb\",\"itemListElement\":[{\"@type\":\"ListItem\",\"position\":1,\"name\":\"Inicio\",\"item\":\"https:\/\/esbozodeportivo.com\/\"},{\"@type\":\"ListItem\",\"position\":2,\"name\":\"Trabajadores realizan activaci\u00f3n f\u00edsica durante 30 minutos en espacios laborales\"}]},{\"@type\":\"WebSite\",\"@id\":\"https:\/\/esbozodeportivo.com\/#website\",\"url\":\"https:\/\/esbozodeportivo.com\/\",\"name\":\"Esbozo Deportivo\",\"description\":\"Lo m\u00e1s importante del Deporte\",\"publisher\":{\"@id\":\"https:\/\/esbozodeportivo.com\/#organization\"},\"potentialAction\":[{\"@type\":\"SearchAction\",\"target\":{\"@type\":\"EntryPoint\",\"urlTemplate\":\"https:\/\/esbozodeportivo.com\/?s={search_term_string}\"},\"query-input\":{\"@type\":\"PropertyValueSpecification\",\"valueRequired\":true,\"valueName\":\"search_term_string\"}}],\"inLanguage\":\"es\"},{\"@type\":\"Organization\",\"@id\":\"https:\/\/esbozodeportivo.com\/#organization\",\"name\":\"Esbozo Deportivo\",\"url\":\"https:\/\/esbozodeportivo.com\/\",\"logo\":{\"@type\":\"ImageObject\",\"inLanguage\":\"es\",\"@id\":\"https:\/\/esbozodeportivo.com\/#\/schema\/logo\/image\/\",\"url\":\"https:\/\/esbozodeportivo.com\/wp-content\/uploads\/2022\/08\/cropped-Logo-Esbozo-Web-2.png\",\"contentUrl\":\"https:\/\/esbozodeportivo.com\/wp-content\/uploads\/2022\/08\/cropped-Logo-Esbozo-Web-2.png\",\"width\":180,\"height\":50,\"caption\":\"Esbozo Deportivo\"},\"image\":{\"@id\":\"https:\/\/esbozodeportivo.com\/#\/schema\/logo\/image\/\"}},{\"@type\":\"Person\",\"@id\":\"https:\/\/esbozodeportivo.com\/#\/schema\/person\/7277119c98823aec37bbb84e125efd44\",\"name\":\"Javier De La Cruz\",\"image\":{\"@type\":\"ImageObject\",\"inLanguage\":\"es\",\"@id\":\"https:\/\/esbozodeportivo.com\/#\/schema\/person\/image\/\",\"url\":\"https:\/\/secure.gravatar.com\/avatar\/366235a56d20f1a6e8e3d0b295897639357bea880470ddf261d17bb0bc052eb1?s=96&d=mm&r=g\",\"contentUrl\":\"https:\/\/secure.gravatar.com\/avatar\/366235a56d20f1a6e8e3d0b295897639357bea880470ddf261d17bb0bc052eb1?s=96&d=mm&r=g\",\"caption\":\"Javier De La Cruz\"},\"url\":\"https:\/\/esbozodeportivo.com\/index.php\/author\/javier-de-la-cruz-de-la-cruz\/\"}]}<\/script>\n<!-- \/ Yoast SEO plugin. -->","yoast_head_json":{"title":"Trabajadores realizan activaci\u00f3n f\u00edsica durante 30 minutos en espacios laborales - Esbozo Deportivo","robots":{"index":"index","follow":"follow","max-snippet":"max-snippet:-1","max-image-preview":"max-image-preview:large","max-video-preview":"max-video-preview:-1"},"canonical":"https:\/\/esbozodeportivo.com\/index.php\/2023\/09\/03\/trabajadores-realizan-activacion-fisica-durante-30-minutos-en-espacios-laborales\/","og_locale":"es_MX","og_type":"article","og_title":"Trabajadores realizan activaci\u00f3n f\u00edsica durante 30 minutos en espacios laborales - Esbozo Deportivo","og_description":"(Foto: INDET) Gracias al Programa de Activaci\u00f3n F\u00edsica Laboral, m\u00e1s de 4 millones de trabajadores","og_url":"https:\/\/esbozodeportivo.com\/index.php\/2023\/09\/03\/trabajadores-realizan-activacion-fisica-durante-30-minutos-en-espacios-laborales\/","og_site_name":"Esbozo Deportivo","article_published_time":"2023-09-03T04:58:24+00:00","article_modified_time":"2023-09-03T05:04:18+00:00","og_image":[{"url":"https:\/\/esbozodeportivo.com\/wp-content\/uploads\/2023\/09\/Actividad-fisica1.jpg","type":"","width":"","height":""}],"author":"Javier De La Cruz","twitter_card":"summary_large_image","twitter_misc":{"Escrito por":"Javier De La Cruz","Tiempo de lectura":"2 minutos"},"schema":{"@context":"https:\/\/schema.org","@graph":[{"@type":"Article","@id":"https:\/\/esbozodeportivo.com\/index.php\/2023\/09\/03\/trabajadores-realizan-activacion-fisica-durante-30-minutos-en-espacios-laborales\/#article","isPartOf":{"@id":"https:\/\/esbozodeportivo.com\/index.php\/2023\/09\/03\/trabajadores-realizan-activacion-fisica-durante-30-minutos-en-espacios-laborales\/"},"author":{"name":"Javier De La Cruz","@id":"https:\/\/esbozodeportivo.com\/#\/schema\/person\/7277119c98823aec37bbb84e125efd44"},"headline":"Trabajadores realizan activaci\u00f3n f\u00edsica durante 30 minutos en espacios laborales","datePublished":"2023-09-03T04:58:24+00:00","dateModified":"2023-09-03T05:04:18+00:00","mainEntityOfPage":{"@id":"https:\/\/esbozodeportivo.com\/index.php\/2023\/09\/03\/trabajadores-realizan-activacion-fisica-durante-30-minutos-en-espacios-laborales\/"},"wordCount":320,"commentCount":0,"publisher":{"@id":"https:\/\/esbozodeportivo.com\/#organization"},"image":{"@id":"https:\/\/esbozodeportivo.com\/index.php\/2023\/09\/03\/trabajadores-realizan-activacion-fisica-durante-30-minutos-en-espacios-laborales\/#primaryimage"},"thumbnailUrl":"https:\/\/esbozodeportivo.com\/wp-content\/uploads\/2023\/09\/Actividad-fisica1.jpg","articleSection":["Amateur"],"inLanguage":"es","potentialAction":[{"@type":"CommentAction","name":"Comment","target":["https:\/\/esbozodeportivo.com\/index.php\/2023\/09\/03\/trabajadores-realizan-activacion-fisica-durante-30-minutos-en-espacios-laborales\/#respond"]}]},{"@type":"WebPage","@id":"https:\/\/esbozodeportivo.com\/index.php\/2023\/09\/03\/trabajadores-realizan-activacion-fisica-durante-30-minutos-en-espacios-laborales\/","url":"https:\/\/esbozodeportivo.com\/index.php\/2023\/09\/03\/trabajadores-realizan-activacion-fisica-durante-30-minutos-en-espacios-laborales\/","name":"Trabajadores realizan activaci\u00f3n f\u00edsica durante 30 minutos en espacios laborales - Esbozo Deportivo","isPartOf":{"@id":"https:\/\/esbozodeportivo.com\/#website"},"primaryImageOfPage":{"@id":"https:\/\/esbozodeportivo.com\/index.php\/2023\/09\/03\/trabajadores-realizan-activacion-fisica-durante-30-minutos-en-espacios-laborales\/#primaryimage"},"image":{"@id":"https:\/\/esbozodeportivo.com\/index.php\/2023\/09\/03\/trabajadores-realizan-activacion-fisica-durante-30-minutos-en-espacios-laborales\/#primaryimage"},"thumbnailUrl":"https:\/\/esbozodeportivo.com\/wp-content\/uploads\/2023\/09\/Actividad-fisica1.jpg","datePublished":"2023-09-03T04:58:24+00:00","dateModified":"2023-09-03T05:04:18+00:00","breadcrumb":{"@id":"https:\/\/esbozodeportivo.com\/index.php\/2023\/09\/03\/trabajadores-realizan-activacion-fisica-durante-30-minutos-en-espacios-laborales\/#breadcrumb"},"inLanguage":"es","potentialAction":[{"@type":"ReadAction","target":["https:\/\/esbozodeportivo.com\/index.php\/2023\/09\/03\/trabajadores-realizan-activacion-fisica-durante-30-minutos-en-espacios-laborales\/"]}]},{"@type":"ImageObject","inLanguage":"es","@id":"https:\/\/esbozodeportivo.com\/index.php\/2023\/09\/03\/trabajadores-realizan-activacion-fisica-durante-30-minutos-en-espacios-laborales\/#primaryimage","url":"https:\/\/esbozodeportivo.com\/wp-content\/uploads\/2023\/09\/Actividad-fisica1.jpg","contentUrl":"https:\/\/esbozodeportivo.com\/wp-content\/uploads\/2023\/09\/Actividad-fisica1.jpg","width":800,"height":378},{"@type":"BreadcrumbList","@id":"https:\/\/esbozodeportivo.com\/index.php\/2023\/09\/03\/trabajadores-realizan-activacion-fisica-durante-30-minutos-en-espacios-laborales\/#breadcrumb","itemListElement":[{"@type":"ListItem","position":1,"name":"Inicio","item":"https:\/\/esbozodeportivo.com\/"},{"@type":"ListItem","position":2,"name":"Trabajadores realizan activaci\u00f3n f\u00edsica durante 30 minutos en espacios laborales"}]},{"@type":"WebSite","@id":"https:\/\/esbozodeportivo.com\/#website","url":"https:\/\/esbozodeportivo.com\/","name":"Esbozo Deportivo","description":"Lo m\u00e1s importante del Deporte","publisher":{"@id":"https:\/\/esbozodeportivo.com\/#organization"},"potentialAction":[{"@type":"SearchAction","target":{"@type":"EntryPoint","urlTemplate":"https:\/\/esbozodeportivo.com\/?s={search_term_string}"},"query-input":{"@type":"PropertyValueSpecification","valueRequired":true,"valueName":"search_term_string"}}],"inLanguage":"es"},{"@type":"Organization","@id":"https:\/\/esbozodeportivo.com\/#organization","name":"Esbozo Deportivo","url":"https:\/\/esbozodeportivo.com\/","logo":{"@type":"ImageObject","inLanguage":"es","@id":"https:\/\/esbozodeportivo.com\/#\/schema\/logo\/image\/","url":"https:\/\/esbozodeportivo.com\/wp-content\/uploads\/2022\/08\/cropped-Logo-Esbozo-Web-2.png","contentUrl":"https:\/\/esbozodeportivo.com\/wp-content\/uploads\/2022\/08\/cropped-Logo-Esbozo-Web-2.png","width":180,"height":50,"caption":"Esbozo Deportivo"},"image":{"@id":"https:\/\/esbozodeportivo.com\/#\/schema\/logo\/image\/"}},{"@type":"Person","@id":"https:\/\/esbozodeportivo.com\/#\/schema\/person\/7277119c98823aec37bbb84e125efd44","name":"Javier De La Cruz","image":{"@type":"ImageObject","inLanguage":"es","@id":"https:\/\/esbozodeportivo.com\/#\/schema\/person\/image\/","url":"https:\/\/secure.gravatar.com\/avatar\/366235a56d20f1a6e8e3d0b295897639357bea880470ddf261d17bb0bc052eb1?s=96&d=mm&r=g","contentUrl":"https:\/\/secure.gravatar.com\/avatar\/366235a56d20f1a6e8e3d0b295897639357bea880470ddf261d17bb0bc052eb1?s=96&d=mm&r=g","caption":"Javier De La Cruz"},"url":"https:\/\/esbozodeportivo.com\/index.php\/author\/javier-de-la-cruz-de-la-cruz\/"}]}},"jetpack_featured_media_url":"","jetpack_sharing_enabled":true,"_links":{"self":[{"href":"https:\/\/esbozodeportivo.com\/index.php\/wp-json\/wp\/v2\/posts\/1616","targetHints":{"allow":["GET"]}}],"collection":[{"href":"https:\/\/esbozodeportivo.com\/index.php\/wp-json\/wp\/v2\/posts"}],"about":[{"href":"https:\/\/esbozodeportivo.com\/index.php\/wp-json\/wp\/v2\/types\/post"}],"author":[{"embeddable":true,"href":"https:\/\/esbozodeportivo.com\/index.php\/wp-json\/wp\/v2\/users\/2"}],"replies":[{"embeddable":true,"href":"https:\/\/esbozodeportivo.com\/index.php\/wp-json\/wp\/v2\/comments?post=1616"}],"version-history":[{"count":4,"href":"https:\/\/esbozodeportivo.com\/index.php\/wp-json\/wp\/v2\/posts\/1616\/revisions"}],"predecessor-version":[{"id":1625,"href":"https:\/\/esbozodeportivo.com\/index.php\/wp-json\/wp\/v2\/posts\/1616\/revisions\/1625"}],"wp:attachment":[{"href":"https:\/\/esbozodeportivo.com\/index.php\/wp-json\/wp\/v2\/media?parent=1616"}],"wp:term":[{"taxonomy":"category","embeddable":true,"href":"https:\/\/esbozodeportivo.com\/index.php\/wp-json\/wp\/v2\/categories?post=1616"},{"taxonomy":"post_tag","embeddable":true,"href":"https:\/\/esbozodeportivo.com\/index.php\/wp-json\/wp\/v2\/tags?post=1616"}],"curies":[{"name":"wp","href":"https:\/\/api.w.org\/{rel}","templated":true}]}}