{"id":16307,"date":"2026-07-19T19:46:38","date_gmt":"2026-07-20T01:46:38","guid":{"rendered":"https:\/\/esbozodeportivo.com\/?p=16307"},"modified":"2026-07-19T19:46:39","modified_gmt":"2026-07-20T01:46:39","slug":"del-toro-sube-al-tercer-sitio-en-la-general","status":"publish","type":"post","link":"https:\/\/esbozodeportivo.com\/index.php\/2026\/07\/19\/del-toro-sube-al-tercer-sitio-en-la-general\/","title":{"rendered":"Del Toro sube al tercer sitio en la general"},"content":{"rendered":"\n<p>(Fotos: Agencias) <\/p>\n\n\n\n<p>Remco Evenepoel contuvo a Tadej Pogacar y a su compa\u00f1ero, el mexicano Isaac Del Toro, para ganar la 15.\u00aa etapa del Tour de Francia. Pogacar mantuvo su contundente liderato en la general despu\u00e9s de que su principal rival, Jonas Vingegaard, se cay\u00f3 y abandon\u00f3 la carrera.<\/p>\n\n\n\n<p>Vingegaard se cay\u00f3 a unos 20 kil\u00f3metros (unos 12 millas) de la meta del recorrido de 184 kil\u00f3metros (114 millas), que termin\u00f3 con una gran subida.<\/p>\n\n\n\n<p>El belga Evenepoel resisti\u00f3 dos ataques de Del Toro en los \u00faltimos 800 metros y luego super\u00f3 a Pogacar en un esprint hasta la meta para ganar una etapa por primera vez en la carrera de este a\u00f1o y la tercera en total en el Tour. Del Toro termin\u00f3 unos segundos detr\u00e1s de ellos, en tercer lugar.<\/p>\n\n\n\n<p>El retiro de Vingegaard significa que Evenepoel ascendi\u00f3 al segundo puesto de la general, a cinco minutos del cuatro veces campe\u00f3n del Tour Pogacar, con el mexicano de 22 a\u00f1os, a 5:58 de Pogacar en el tercer lugar.<\/p>\n\n\n\n<p>Salvo un contratiempo, una quinta corona del Tour parece inevitable para Pogacar, que ha ganado cuatro etapas hasta ahora en la carrera de este a\u00f1o.<\/p>\n\n\n\n<p>Solo el belga Eddy Merckx, el espa\u00f1ol Miguel Indurain y los franceses Jacques Anquetil y Bernard Hinault han ganado la general del Tour cinco veces.<\/p>\n\n\n\n<figure class=\"wp-block-image size-large\"><img loading=\"lazy\" decoding=\"async\" width=\"768\" height=\"1024\" src=\"https:\/\/esbozodeportivo.com\/wp-content\/uploads\/2026\/07\/df03d419-13b5-49e9-a6fd-fc5f5bee3209-768x1024.jpg\" alt=\"\" class=\"wp-image-16299\" srcset=\"https:\/\/esbozodeportivo.com\/wp-content\/uploads\/2026\/07\/df03d419-13b5-49e9-a6fd-fc5f5bee3209-768x1024.jpg 768w, https:\/\/esbozodeportivo.com\/wp-content\/uploads\/2026\/07\/df03d419-13b5-49e9-a6fd-fc5f5bee3209-225x300.jpg 225w, https:\/\/esbozodeportivo.com\/wp-content\/uploads\/2026\/07\/df03d419-13b5-49e9-a6fd-fc5f5bee3209-1152x1536.jpg 1152w, https:\/\/esbozodeportivo.com\/wp-content\/uploads\/2026\/07\/df03d419-13b5-49e9-a6fd-fc5f5bee3209-1024x1365.jpg 1024w, https:\/\/esbozodeportivo.com\/wp-content\/uploads\/2026\/07\/df03d419-13b5-49e9-a6fd-fc5f5bee3209.jpg 1200w\" sizes=\"auto, (max-width: 768px) 100vw, 768px\" \/><\/figure>\n\n\n\n<p>Vingegaard se cae antes de la subida final<\/p>\n\n\n\n<p>El recorrido del domingo incluy\u00f3 una subida de Categor\u00eda 1 (la segunda m\u00e1s dif\u00edcil) al Col de la Croisette y concluy\u00f3 con una subida HC (la m\u00e1s dif\u00edcil) al Plateau de Solaison en los Alpes franceses: un esfuerzo de 11 kil\u00f3metros con una dur\u00edsima pendiente de 9 grados.<\/p>\n\n\n\n<p>Fue una etapa especial para la emergente estrella francesa de 19 a\u00f1os Paul Seixas, pues sus abuelos viven a 15 kil\u00f3metros de la meta. Seixas atribuye a su abuelo, Jos\u00e9 Manuel Seixas, el haberlo introducido al ciclismo cuando era ni\u00f1o. Seixas termin\u00f3 cuarto y es cuarto en la clasificaci\u00f3n, a 6:23 de Pogacar.<\/p>\n\n\n\n<p>Un grupo de nueve corredores, entre ellos el campe\u00f3n ol\u00edmpico de ciclismo de monta\u00f1a Tom Pidcock y el estadounidense Quinn Simmons, encar\u00f3 los empinados 4,7 kil\u00f3metros del Col de la Croisette, con Simmons pasando al frente.<\/p>\n\n\n\n<p>Poco despu\u00e9s de la ca\u00edda de Vingegaard, en la que el dan\u00e9s se fue al suelo cerca del bordillo de la carretera tras perder el control de la rueda delantera, los corredores llegaron al ascenso a Solaison.<\/p>\n\n\n\n<p>Pogacar alcanz\u00f3 a Simmons con poco menos de 5 kil\u00f3metros por recorrer, y Del Toro y Evenepoel fueron los \u00fanicos capaces de mantenerse con \u00e9l.<\/p>\n\n\n\n<p>La carrera tiene su segundo d\u00eda de descanso el lunes y concluye en los Campos El\u00edseos de Par\u00eds el 26 de julio.<\/p>\n\n\n\n<p>La 16.\u00aa etapa del martes es una contrarreloj individual y ofrece a Evenepoel, vigente campe\u00f3n ol\u00edmpico y mundial de contrarreloj, una buena oportunidad para ganar la etapa.<\/p>\n\n\n\n<p>Gan\u00f3 la contrarreloj del Tour el a\u00f1o pasado con una actuaci\u00f3n deslumbrante.<\/p>\n\n\n\n<figure class=\"wp-block-image size-large\"><img loading=\"lazy\" decoding=\"async\" width=\"768\" height=\"1024\" src=\"https:\/\/esbozodeportivo.com\/wp-content\/uploads\/2026\/07\/359183bf-730e-425f-885b-04517a2bdeea-768x1024.jpg\" alt=\"\" class=\"wp-image-16291\" srcset=\"https:\/\/esbozodeportivo.com\/wp-content\/uploads\/2026\/07\/359183bf-730e-425f-885b-04517a2bdeea-768x1024.jpg 768w, https:\/\/esbozodeportivo.com\/wp-content\/uploads\/2026\/07\/359183bf-730e-425f-885b-04517a2bdeea-225x300.jpg 225w, https:\/\/esbozodeportivo.com\/wp-content\/uploads\/2026\/07\/359183bf-730e-425f-885b-04517a2bdeea-1152x1536.jpg 1152w, https:\/\/esbozodeportivo.com\/wp-content\/uploads\/2026\/07\/359183bf-730e-425f-885b-04517a2bdeea-1024x1365.jpg 1024w, https:\/\/esbozodeportivo.com\/wp-content\/uploads\/2026\/07\/359183bf-730e-425f-885b-04517a2bdeea.jpg 1200w\" sizes=\"auto, (max-width: 768px) 100vw, 768px\" \/><\/figure>\n","protected":false},"excerpt":{"rendered":"<p>(Fotos: Agencias) Remco Evenepoel contuvo a Tadej Pogacar y a su compa\u00f1ero, el mexicano Isaac<\/p>\n","protected":false},"author":4,"featured_media":16298,"comment_status":"closed","ping_status":"open","sticky":false,"template":"","format":"standard","meta":{"_jetpack_memberships_contains_paid_content":false,"footnotes":""},"categories":[70],"tags":[],"class_list":["post-16307","post","type-post","status-publish","format-standard","has-post-thumbnail","hentry","category-tour-de-francia"],"yoast_head":"<!-- This site is optimized with the Yoast SEO plugin v25.7 - https:\/\/yoast.com\/wordpress\/plugins\/seo\/ -->\n<title>Del Toro sube al tercer sitio en la general - Esbozo Deportivo<\/title>\n<meta name=\"description\" content=\"Remco Evenepoel contuvo a Tadej Pogacar y a su compa\u00f1ero, el mexicano Isaac Del Toro, para ganar la 15.\u00aa etapa del Tour de Francia. Pogacar mantuvo su contundente liderato en la general despu\u00e9s de que su principal rival, Jonas Vingegaard, se cay\u00f3 y abandon\u00f3 la carrera.\" \/>\n<meta name=\"robots\" content=\"index, follow, max-snippet:-1, max-image-preview:large, max-video-preview:-1\" \/>\n<link rel=\"canonical\" href=\"https:\/\/esbozodeportivo.com\/index.php\/2026\/07\/19\/del-toro-sube-al-tercer-sitio-en-la-general\/\" \/>\n<meta property=\"og:locale\" content=\"es_MX\" \/>\n<meta property=\"og:type\" content=\"article\" \/>\n<meta property=\"og:title\" content=\"Del Toro sube al tercer sitio en la general - Esbozo Deportivo\" \/>\n<meta property=\"og:description\" content=\"Remco Evenepoel contuvo a Tadej Pogacar y a su compa\u00f1ero, el mexicano Isaac Del Toro, para ganar la 15.\u00aa etapa del Tour de Francia. Pogacar mantuvo su contundente liderato en la general despu\u00e9s de que su principal rival, Jonas Vingegaard, se cay\u00f3 y abandon\u00f3 la carrera.\" \/>\n<meta property=\"og:url\" content=\"https:\/\/esbozodeportivo.com\/index.php\/2026\/07\/19\/del-toro-sube-al-tercer-sitio-en-la-general\/\" \/>\n<meta property=\"og:site_name\" content=\"Esbozo Deportivo\" \/>\n<meta property=\"article:published_time\" content=\"2026-07-20T01:46:38+00:00\" \/>\n<meta property=\"article:modified_time\" content=\"2026-07-20T01:46:39+00:00\" \/>\n<meta property=\"og:image\" content=\"https:\/\/esbozodeportivo.com\/wp-content\/uploads\/2026\/07\/dd8f43ec-4455-49a4-9097-09bb9713933d.jpg\" \/>\n\t<meta property=\"og:image:width\" content=\"1600\" \/>\n\t<meta property=\"og:image:height\" content=\"1066\" \/>\n\t<meta property=\"og:image:type\" content=\"image\/jpeg\" \/>\n<meta name=\"author\" content=\"Redacci\u00f3n\" \/>\n<meta name=\"twitter:card\" content=\"summary_large_image\" \/>\n<meta name=\"twitter:label1\" content=\"Escrito por\" \/>\n\t<meta name=\"twitter:data1\" content=\"Redacci\u00f3n\" \/>\n\t<meta name=\"twitter:label2\" content=\"Tiempo de lectura\" \/>\n\t<meta name=\"twitter:data2\" content=\"3 minutos\" \/>\n<script type=\"application\/ld+json\" class=\"yoast-schema-graph\">{\"@context\":\"https:\/\/schema.org\",\"@graph\":[{\"@type\":\"Article\",\"@id\":\"https:\/\/esbozodeportivo.com\/index.php\/2026\/07\/19\/del-toro-sube-al-tercer-sitio-en-la-general\/#article\",\"isPartOf\":{\"@id\":\"https:\/\/esbozodeportivo.com\/index.php\/2026\/07\/19\/del-toro-sube-al-tercer-sitio-en-la-general\/\"},\"author\":{\"name\":\"Redacci\u00f3n\",\"@id\":\"https:\/\/esbozodeportivo.com\/#\/schema\/person\/0f6df9196dfe6740dd0bb31bae50d374\"},\"headline\":\"Del Toro sube al tercer sitio en la general\",\"datePublished\":\"2026-07-20T01:46:38+00:00\",\"dateModified\":\"2026-07-20T01:46:39+00:00\",\"mainEntityOfPage\":{\"@id\":\"https:\/\/esbozodeportivo.com\/index.php\/2026\/07\/19\/del-toro-sube-al-tercer-sitio-en-la-general\/\"},\"wordCount\":514,\"publisher\":{\"@id\":\"https:\/\/esbozodeportivo.com\/#organization\"},\"image\":{\"@id\":\"https:\/\/esbozodeportivo.com\/index.php\/2026\/07\/19\/del-toro-sube-al-tercer-sitio-en-la-general\/#primaryimage\"},\"thumbnailUrl\":\"https:\/\/esbozodeportivo.com\/wp-content\/uploads\/2026\/07\/dd8f43ec-4455-49a4-9097-09bb9713933d.jpg\",\"articleSection\":[\"Tour de Francia\"],\"inLanguage\":\"es\"},{\"@type\":\"WebPage\",\"@id\":\"https:\/\/esbozodeportivo.com\/index.php\/2026\/07\/19\/del-toro-sube-al-tercer-sitio-en-la-general\/\",\"url\":\"https:\/\/esbozodeportivo.com\/index.php\/2026\/07\/19\/del-toro-sube-al-tercer-sitio-en-la-general\/\",\"name\":\"Del Toro sube al tercer sitio en la general - Esbozo Deportivo\",\"isPartOf\":{\"@id\":\"https:\/\/esbozodeportivo.com\/#website\"},\"primaryImageOfPage\":{\"@id\":\"https:\/\/esbozodeportivo.com\/index.php\/2026\/07\/19\/del-toro-sube-al-tercer-sitio-en-la-general\/#primaryimage\"},\"image\":{\"@id\":\"https:\/\/esbozodeportivo.com\/index.php\/2026\/07\/19\/del-toro-sube-al-tercer-sitio-en-la-general\/#primaryimage\"},\"thumbnailUrl\":\"https:\/\/esbozodeportivo.com\/wp-content\/uploads\/2026\/07\/dd8f43ec-4455-49a4-9097-09bb9713933d.jpg\",\"datePublished\":\"2026-07-20T01:46:38+00:00\",\"dateModified\":\"2026-07-20T01:46:39+00:00\",\"description\":\"Remco Evenepoel contuvo a Tadej Pogacar y a su compa\u00f1ero, el mexicano Isaac Del Toro, para ganar la 15.\u00aa etapa del Tour de Francia. Pogacar mantuvo su contundente liderato en la general despu\u00e9s de que su principal rival, Jonas Vingegaard, se cay\u00f3 y abandon\u00f3 la carrera.\",\"breadcrumb\":{\"@id\":\"https:\/\/esbozodeportivo.com\/index.php\/2026\/07\/19\/del-toro-sube-al-tercer-sitio-en-la-general\/#breadcrumb\"},\"inLanguage\":\"es\",\"potentialAction\":[{\"@type\":\"ReadAction\",\"target\":[\"https:\/\/esbozodeportivo.com\/index.php\/2026\/07\/19\/del-toro-sube-al-tercer-sitio-en-la-general\/\"]}]},{\"@type\":\"ImageObject\",\"inLanguage\":\"es\",\"@id\":\"https:\/\/esbozodeportivo.com\/index.php\/2026\/07\/19\/del-toro-sube-al-tercer-sitio-en-la-general\/#primaryimage\",\"url\":\"https:\/\/esbozodeportivo.com\/wp-content\/uploads\/2026\/07\/dd8f43ec-4455-49a4-9097-09bb9713933d.jpg\",\"contentUrl\":\"https:\/\/esbozodeportivo.com\/wp-content\/uploads\/2026\/07\/dd8f43ec-4455-49a4-9097-09bb9713933d.jpg\",\"width\":1600,\"height\":1066},{\"@type\":\"BreadcrumbList\",\"@id\":\"https:\/\/esbozodeportivo.com\/index.php\/2026\/07\/19\/del-toro-sube-al-tercer-sitio-en-la-general\/#breadcrumb\",\"itemListElement\":[{\"@type\":\"ListItem\",\"position\":1,\"name\":\"Inicio\",\"item\":\"https:\/\/esbozodeportivo.com\/\"},{\"@type\":\"ListItem\",\"position\":2,\"name\":\"Del Toro sube al tercer sitio en la general\"}]},{\"@type\":\"WebSite\",\"@id\":\"https:\/\/esbozodeportivo.com\/#website\",\"url\":\"https:\/\/esbozodeportivo.com\/\",\"name\":\"Esbozo Deportivo\",\"description\":\"Lo m\u00e1s importante del Deporte\",\"publisher\":{\"@id\":\"https:\/\/esbozodeportivo.com\/#organization\"},\"potentialAction\":[{\"@type\":\"SearchAction\",\"target\":{\"@type\":\"EntryPoint\",\"urlTemplate\":\"https:\/\/esbozodeportivo.com\/?s={search_term_string}\"},\"query-input\":{\"@type\":\"PropertyValueSpecification\",\"valueRequired\":true,\"valueName\":\"search_term_string\"}}],\"inLanguage\":\"es\"},{\"@type\":\"Organization\",\"@id\":\"https:\/\/esbozodeportivo.com\/#organization\",\"name\":\"Esbozo Deportivo\",\"url\":\"https:\/\/esbozodeportivo.com\/\",\"logo\":{\"@type\":\"ImageObject\",\"inLanguage\":\"es\",\"@id\":\"https:\/\/esbozodeportivo.com\/#\/schema\/logo\/image\/\",\"url\":\"https:\/\/esbozodeportivo.com\/wp-content\/uploads\/2022\/08\/cropped-Logo-Esbozo-Web-2.png\",\"contentUrl\":\"https:\/\/esbozodeportivo.com\/wp-content\/uploads\/2022\/08\/cropped-Logo-Esbozo-Web-2.png\",\"width\":180,\"height\":50,\"caption\":\"Esbozo Deportivo\"},\"image\":{\"@id\":\"https:\/\/esbozodeportivo.com\/#\/schema\/logo\/image\/\"}},{\"@type\":\"Person\",\"@id\":\"https:\/\/esbozodeportivo.com\/#\/schema\/person\/0f6df9196dfe6740dd0bb31bae50d374\",\"name\":\"Redacci\u00f3n\",\"image\":{\"@type\":\"ImageObject\",\"inLanguage\":\"es\",\"@id\":\"https:\/\/esbozodeportivo.com\/#\/schema\/person\/image\/\",\"url\":\"https:\/\/secure.gravatar.com\/avatar\/f55268a89c3b418f2ef172ff52ab0d09b3e653c58de29539fe329fb93d78ebf3?s=96&d=mm&r=g\",\"contentUrl\":\"https:\/\/secure.gravatar.com\/avatar\/f55268a89c3b418f2ef172ff52ab0d09b3e653c58de29539fe329fb93d78ebf3?s=96&d=mm&r=g\",\"caption\":\"Redacci\u00f3n\"},\"url\":\"https:\/\/esbozodeportivo.com\/index.php\/author\/redaccion\/\"}]}<\/script>\n<!-- \/ Yoast SEO plugin. -->","yoast_head_json":{"title":"Del Toro sube al tercer sitio en la general - Esbozo Deportivo","description":"Remco Evenepoel contuvo a Tadej Pogacar y a su compa\u00f1ero, el mexicano Isaac Del Toro, para ganar la 15.\u00aa etapa del Tour de Francia. Pogacar mantuvo su contundente liderato en la general despu\u00e9s de que su principal rival, Jonas Vingegaard, se cay\u00f3 y abandon\u00f3 la carrera.","robots":{"index":"index","follow":"follow","max-snippet":"max-snippet:-1","max-image-preview":"max-image-preview:large","max-video-preview":"max-video-preview:-1"},"canonical":"https:\/\/esbozodeportivo.com\/index.php\/2026\/07\/19\/del-toro-sube-al-tercer-sitio-en-la-general\/","og_locale":"es_MX","og_type":"article","og_title":"Del Toro sube al tercer sitio en la general - Esbozo Deportivo","og_description":"Remco Evenepoel contuvo a Tadej Pogacar y a su compa\u00f1ero, el mexicano Isaac Del Toro, para ganar la 15.\u00aa etapa del Tour de Francia. Pogacar mantuvo su contundente liderato en la general despu\u00e9s de que su principal rival, Jonas Vingegaard, se cay\u00f3 y abandon\u00f3 la carrera.","og_url":"https:\/\/esbozodeportivo.com\/index.php\/2026\/07\/19\/del-toro-sube-al-tercer-sitio-en-la-general\/","og_site_name":"Esbozo Deportivo","article_published_time":"2026-07-20T01:46:38+00:00","article_modified_time":"2026-07-20T01:46:39+00:00","og_image":[{"width":1600,"height":1066,"url":"https:\/\/esbozodeportivo.com\/wp-content\/uploads\/2026\/07\/dd8f43ec-4455-49a4-9097-09bb9713933d.jpg","type":"image\/jpeg"}],"author":"Redacci\u00f3n","twitter_card":"summary_large_image","twitter_misc":{"Escrito por":"Redacci\u00f3n","Tiempo de lectura":"3 minutos"},"schema":{"@context":"https:\/\/schema.org","@graph":[{"@type":"Article","@id":"https:\/\/esbozodeportivo.com\/index.php\/2026\/07\/19\/del-toro-sube-al-tercer-sitio-en-la-general\/#article","isPartOf":{"@id":"https:\/\/esbozodeportivo.com\/index.php\/2026\/07\/19\/del-toro-sube-al-tercer-sitio-en-la-general\/"},"author":{"name":"Redacci\u00f3n","@id":"https:\/\/esbozodeportivo.com\/#\/schema\/person\/0f6df9196dfe6740dd0bb31bae50d374"},"headline":"Del Toro sube al tercer sitio en la general","datePublished":"2026-07-20T01:46:38+00:00","dateModified":"2026-07-20T01:46:39+00:00","mainEntityOfPage":{"@id":"https:\/\/esbozodeportivo.com\/index.php\/2026\/07\/19\/del-toro-sube-al-tercer-sitio-en-la-general\/"},"wordCount":514,"publisher":{"@id":"https:\/\/esbozodeportivo.com\/#organization"},"image":{"@id":"https:\/\/esbozodeportivo.com\/index.php\/2026\/07\/19\/del-toro-sube-al-tercer-sitio-en-la-general\/#primaryimage"},"thumbnailUrl":"https:\/\/esbozodeportivo.com\/wp-content\/uploads\/2026\/07\/dd8f43ec-4455-49a4-9097-09bb9713933d.jpg","articleSection":["Tour de Francia"],"inLanguage":"es"},{"@type":"WebPage","@id":"https:\/\/esbozodeportivo.com\/index.php\/2026\/07\/19\/del-toro-sube-al-tercer-sitio-en-la-general\/","url":"https:\/\/esbozodeportivo.com\/index.php\/2026\/07\/19\/del-toro-sube-al-tercer-sitio-en-la-general\/","name":"Del Toro sube al tercer sitio en la general - Esbozo Deportivo","isPartOf":{"@id":"https:\/\/esbozodeportivo.com\/#website"},"primaryImageOfPage":{"@id":"https:\/\/esbozodeportivo.com\/index.php\/2026\/07\/19\/del-toro-sube-al-tercer-sitio-en-la-general\/#primaryimage"},"image":{"@id":"https:\/\/esbozodeportivo.com\/index.php\/2026\/07\/19\/del-toro-sube-al-tercer-sitio-en-la-general\/#primaryimage"},"thumbnailUrl":"https:\/\/esbozodeportivo.com\/wp-content\/uploads\/2026\/07\/dd8f43ec-4455-49a4-9097-09bb9713933d.jpg","datePublished":"2026-07-20T01:46:38+00:00","dateModified":"2026-07-20T01:46:39+00:00","description":"Remco Evenepoel contuvo a Tadej Pogacar y a su compa\u00f1ero, el mexicano Isaac Del Toro, para ganar la 15.\u00aa etapa del Tour de Francia. Pogacar mantuvo su contundente liderato en la general despu\u00e9s de que su principal rival, Jonas Vingegaard, se cay\u00f3 y abandon\u00f3 la carrera.","breadcrumb":{"@id":"https:\/\/esbozodeportivo.com\/index.php\/2026\/07\/19\/del-toro-sube-al-tercer-sitio-en-la-general\/#breadcrumb"},"inLanguage":"es","potentialAction":[{"@type":"ReadAction","target":["https:\/\/esbozodeportivo.com\/index.php\/2026\/07\/19\/del-toro-sube-al-tercer-sitio-en-la-general\/"]}]},{"@type":"ImageObject","inLanguage":"es","@id":"https:\/\/esbozodeportivo.com\/index.php\/2026\/07\/19\/del-toro-sube-al-tercer-sitio-en-la-general\/#primaryimage","url":"https:\/\/esbozodeportivo.com\/wp-content\/uploads\/2026\/07\/dd8f43ec-4455-49a4-9097-09bb9713933d.jpg","contentUrl":"https:\/\/esbozodeportivo.com\/wp-content\/uploads\/2026\/07\/dd8f43ec-4455-49a4-9097-09bb9713933d.jpg","width":1600,"height":1066},{"@type":"BreadcrumbList","@id":"https:\/\/esbozodeportivo.com\/index.php\/2026\/07\/19\/del-toro-sube-al-tercer-sitio-en-la-general\/#breadcrumb","itemListElement":[{"@type":"ListItem","position":1,"name":"Inicio","item":"https:\/\/esbozodeportivo.com\/"},{"@type":"ListItem","position":2,"name":"Del Toro sube al tercer sitio en la general"}]},{"@type":"WebSite","@id":"https:\/\/esbozodeportivo.com\/#website","url":"https:\/\/esbozodeportivo.com\/","name":"Esbozo Deportivo","description":"Lo m\u00e1s importante del Deporte","publisher":{"@id":"https:\/\/esbozodeportivo.com\/#organization"},"potentialAction":[{"@type":"SearchAction","target":{"@type":"EntryPoint","urlTemplate":"https:\/\/esbozodeportivo.com\/?s={search_term_string}"},"query-input":{"@type":"PropertyValueSpecification","valueRequired":true,"valueName":"search_term_string"}}],"inLanguage":"es"},{"@type":"Organization","@id":"https:\/\/esbozodeportivo.com\/#organization","name":"Esbozo Deportivo","url":"https:\/\/esbozodeportivo.com\/","logo":{"@type":"ImageObject","inLanguage":"es","@id":"https:\/\/esbozodeportivo.com\/#\/schema\/logo\/image\/","url":"https:\/\/esbozodeportivo.com\/wp-content\/uploads\/2022\/08\/cropped-Logo-Esbozo-Web-2.png","contentUrl":"https:\/\/esbozodeportivo.com\/wp-content\/uploads\/2022\/08\/cropped-Logo-Esbozo-Web-2.png","width":180,"height":50,"caption":"Esbozo Deportivo"},"image":{"@id":"https:\/\/esbozodeportivo.com\/#\/schema\/logo\/image\/"}},{"@type":"Person","@id":"https:\/\/esbozodeportivo.com\/#\/schema\/person\/0f6df9196dfe6740dd0bb31bae50d374","name":"Redacci\u00f3n","image":{"@type":"ImageObject","inLanguage":"es","@id":"https:\/\/esbozodeportivo.com\/#\/schema\/person\/image\/","url":"https:\/\/secure.gravatar.com\/avatar\/f55268a89c3b418f2ef172ff52ab0d09b3e653c58de29539fe329fb93d78ebf3?s=96&d=mm&r=g","contentUrl":"https:\/\/secure.gravatar.com\/avatar\/f55268a89c3b418f2ef172ff52ab0d09b3e653c58de29539fe329fb93d78ebf3?s=96&d=mm&r=g","caption":"Redacci\u00f3n"},"url":"https:\/\/esbozodeportivo.com\/index.php\/author\/redaccion\/"}]}},"jetpack_featured_media_url":"https:\/\/esbozodeportivo.com\/wp-content\/uploads\/2026\/07\/dd8f43ec-4455-49a4-9097-09bb9713933d.jpg","jetpack_sharing_enabled":true,"_links":{"self":[{"href":"https:\/\/esbozodeportivo.com\/index.php\/wp-json\/wp\/v2\/posts\/16307","targetHints":{"allow":["GET"]}}],"collection":[{"href":"https:\/\/esbozodeportivo.com\/index.php\/wp-json\/wp\/v2\/posts"}],"about":[{"href":"https:\/\/esbozodeportivo.com\/index.php\/wp-json\/wp\/v2\/types\/post"}],"author":[{"embeddable":true,"href":"https:\/\/esbozodeportivo.com\/index.php\/wp-json\/wp\/v2\/users\/4"}],"replies":[{"embeddable":true,"href":"https:\/\/esbozodeportivo.com\/index.php\/wp-json\/wp\/v2\/comments?post=16307"}],"version-history":[{"count":1,"href":"https:\/\/esbozodeportivo.com\/index.php\/wp-json\/wp\/v2\/posts\/16307\/revisions"}],"predecessor-version":[{"id":16308,"href":"https:\/\/esbozodeportivo.com\/index.php\/wp-json\/wp\/v2\/posts\/16307\/revisions\/16308"}],"wp:featuredmedia":[{"embeddable":true,"href":"https:\/\/esbozodeportivo.com\/index.php\/wp-json\/wp\/v2\/media\/16298"}],"wp:attachment":[{"href":"https:\/\/esbozodeportivo.com\/index.php\/wp-json\/wp\/v2\/media?parent=16307"}],"wp:term":[{"taxonomy":"category","embeddable":true,"href":"https:\/\/esbozodeportivo.com\/index.php\/wp-json\/wp\/v2\/categories?post=16307"},{"taxonomy":"post_tag","embeddable":true,"href":"https:\/\/esbozodeportivo.com\/index.php\/wp-json\/wp\/v2\/tags?post=16307"}],"curies":[{"name":"wp","href":"https:\/\/api.w.org\/{rel}","templated":true}]}}