{"id":16311,"date":"2026-07-19T19:51:02","date_gmt":"2026-07-20T01:51:02","guid":{"rendered":"https:\/\/esbozodeportivo.com\/?p=16311"},"modified":"2026-07-19T19:51:04","modified_gmt":"2026-07-20T01:51:04","slug":"lo-he-dado-todo-reconoce-del-toro","status":"publish","type":"post","link":"https:\/\/esbozodeportivo.com\/index.php\/2026\/07\/19\/lo-he-dado-todo-reconoce-del-toro\/","title":{"rendered":"&#8220;Lo he dado todo\u201d, reconoce del Toro*"},"content":{"rendered":"\n<p>(Fotos: Agencias) <\/p>\n\n\n\n<p>El mexicano Isaac del Toro consider\u00f3 &#8220;incre\u00edble&#8221; que el esloveno Tadej Pogacar trabajara para \u00e9l en la d\u00e9cimo quinta etapa del Tour de Francia, que no gan\u00f3 porque, dijo, cometi\u00f3 algunos errores al final cuando se resinti\u00f3 de los dolores provocados por una ca\u00edda que sufri\u00f3 a falta de 23 kil\u00f3metros.<\/p>\n\n\n\n<p>&#8220;Me sent\u00eda bien tras la ca\u00edda, pero al final comenc\u00e9 a sentir dolores en la espalda y en la pierna izquierda. Estoy contento de haber peleado por el equipo y haber respetado el plan de carrera&#8221;, dijo el ciclista del UAE.<\/p>\n\n\n\n<p>Del Toro se fue al suelo en la misma ca\u00edda en la que se vio obligado a abandonar el dan\u00e9s Jonas Vingegaard, que era segundo de la general, por lo que se col\u00f3 en el podio provisional.<\/p>\n\n\n\n<p>&#8220;Es incre\u00edble que alguien como Tadej quiera ayudarme, es formidable&#8221;, se\u00f1al\u00f3 el mexicano, que vio como en el ascenso final el esloveno, l\u00edder de la prueba y m\u00e1ximo favorito para sumar su quinto Tour, le ayud\u00f3 para escalar en la general y buscar la victoria de etapa.<\/p>\n\n\n\n<p>&#8220;Lo he dado todo. Puede que haya cometido errores en el final, pero estoy satisfecho de c\u00f3mo se desarroll\u00f3 la etapa. Solo tengo que mejorar el final&#8221;, agreg\u00f3.<\/p>\n\n\n\n<p>Del Toro es tercero a 5.58 de Pogacar y tiene a 25 segundos al franc\u00e9s Paul Seixas, con quien se jugar\u00e1 el maillot blanco de mejor joven.<\/p>\n\n\n\n<figure class=\"wp-block-image size-large\"><img loading=\"lazy\" decoding=\"async\" width=\"1024\" height=\"683\" src=\"https:\/\/esbozodeportivo.com\/wp-content\/uploads\/2026\/07\/29c6076f-c2a5-4320-a277-e3d8947a768d-1024x683.jpg\" alt=\"\" class=\"wp-image-16285\" srcset=\"https:\/\/esbozodeportivo.com\/wp-content\/uploads\/2026\/07\/29c6076f-c2a5-4320-a277-e3d8947a768d-1024x683.jpg 1024w, https:\/\/esbozodeportivo.com\/wp-content\/uploads\/2026\/07\/29c6076f-c2a5-4320-a277-e3d8947a768d-300x200.jpg 300w, https:\/\/esbozodeportivo.com\/wp-content\/uploads\/2026\/07\/29c6076f-c2a5-4320-a277-e3d8947a768d-768x512.jpg 768w, https:\/\/esbozodeportivo.com\/wp-content\/uploads\/2026\/07\/29c6076f-c2a5-4320-a277-e3d8947a768d.jpg 1200w\" sizes=\"auto, (max-width: 1024px) 100vw, 1024px\" \/><\/figure>\n\n\n\n<p><\/p>\n","protected":false},"excerpt":{"rendered":"<p>(Fotos: Agencias) El mexicano Isaac del Toro consider\u00f3 &#8220;incre\u00edble&#8221; que el esloveno Tadej Pogacar trabajara<\/p>\n","protected":false},"author":4,"featured_media":16277,"comment_status":"closed","ping_status":"open","sticky":false,"template":"","format":"standard","meta":{"_jetpack_memberships_contains_paid_content":false,"footnotes":""},"categories":[70],"tags":[],"class_list":["post-16311","post","type-post","status-publish","format-standard","has-post-thumbnail","hentry","category-tour-de-francia"],"yoast_head":"<!-- This site is optimized with the Yoast SEO plugin v25.7 - https:\/\/yoast.com\/wordpress\/plugins\/seo\/ -->\n<title>&quot;Lo he dado todo\u201d, reconoce del Toro* - Esbozo Deportivo<\/title>\n<meta name=\"description\" content=\"El mexicano Isaac del Toro consider\u00f3 &quot;incre\u00edble&quot; que el esloveno Tadej Pogacar trabajara para \u00e9l en la d\u00e9cimo quinta etapa del Tour de Francia, que no gan\u00f3 porque, dijo, cometi\u00f3 algunos errores al final cuando se resinti\u00f3 de los dolores provocados por una ca\u00edda que sufri\u00f3 a falta de 23 kil\u00f3metros.\" \/>\n<meta name=\"robots\" content=\"index, follow, max-snippet:-1, max-image-preview:large, max-video-preview:-1\" \/>\n<link rel=\"canonical\" href=\"https:\/\/esbozodeportivo.com\/index.php\/2026\/07\/19\/lo-he-dado-todo-reconoce-del-toro\/\" \/>\n<meta property=\"og:locale\" content=\"es_MX\" \/>\n<meta property=\"og:type\" content=\"article\" \/>\n<meta property=\"og:title\" content=\"&quot;Lo he dado todo\u201d, reconoce del Toro* - Esbozo Deportivo\" \/>\n<meta property=\"og:description\" content=\"El mexicano Isaac del Toro consider\u00f3 &quot;incre\u00edble&quot; que el esloveno Tadej Pogacar trabajara para \u00e9l en la d\u00e9cimo quinta etapa del Tour de Francia, que no gan\u00f3 porque, dijo, cometi\u00f3 algunos errores al final cuando se resinti\u00f3 de los dolores provocados por una ca\u00edda que sufri\u00f3 a falta de 23 kil\u00f3metros.\" \/>\n<meta property=\"og:url\" content=\"https:\/\/esbozodeportivo.com\/index.php\/2026\/07\/19\/lo-he-dado-todo-reconoce-del-toro\/\" \/>\n<meta property=\"og:site_name\" content=\"Esbozo Deportivo\" \/>\n<meta property=\"article:published_time\" content=\"2026-07-20T01:51:02+00:00\" \/>\n<meta property=\"article:modified_time\" content=\"2026-07-20T01:51:04+00:00\" \/>\n<meta property=\"og:image\" content=\"https:\/\/esbozodeportivo.com\/wp-content\/uploads\/2026\/07\/0a78777c-8ae8-4f5d-bfb9-3e99f5f45a44.jpg\" \/>\n\t<meta property=\"og:image:width\" content=\"1280\" \/>\n\t<meta property=\"og:image:height\" content=\"1600\" \/>\n\t<meta property=\"og:image:type\" content=\"image\/jpeg\" \/>\n<meta name=\"author\" content=\"Redacci\u00f3n\" \/>\n<meta name=\"twitter:card\" content=\"summary_large_image\" \/>\n<meta name=\"twitter:label1\" content=\"Escrito por\" \/>\n\t<meta name=\"twitter:data1\" content=\"Redacci\u00f3n\" \/>\n\t<meta name=\"twitter:label2\" content=\"Tiempo de lectura\" \/>\n\t<meta name=\"twitter:data2\" content=\"2 minutos\" \/>\n<script type=\"application\/ld+json\" class=\"yoast-schema-graph\">{\"@context\":\"https:\/\/schema.org\",\"@graph\":[{\"@type\":\"Article\",\"@id\":\"https:\/\/esbozodeportivo.com\/index.php\/2026\/07\/19\/lo-he-dado-todo-reconoce-del-toro\/#article\",\"isPartOf\":{\"@id\":\"https:\/\/esbozodeportivo.com\/index.php\/2026\/07\/19\/lo-he-dado-todo-reconoce-del-toro\/\"},\"author\":{\"name\":\"Redacci\u00f3n\",\"@id\":\"https:\/\/esbozodeportivo.com\/#\/schema\/person\/0f6df9196dfe6740dd0bb31bae50d374\"},\"headline\":\"&#8220;Lo he dado todo\u201d, reconoce del Toro*\",\"datePublished\":\"2026-07-20T01:51:02+00:00\",\"dateModified\":\"2026-07-20T01:51:04+00:00\",\"mainEntityOfPage\":{\"@id\":\"https:\/\/esbozodeportivo.com\/index.php\/2026\/07\/19\/lo-he-dado-todo-reconoce-del-toro\/\"},\"wordCount\":251,\"publisher\":{\"@id\":\"https:\/\/esbozodeportivo.com\/#organization\"},\"image\":{\"@id\":\"https:\/\/esbozodeportivo.com\/index.php\/2026\/07\/19\/lo-he-dado-todo-reconoce-del-toro\/#primaryimage\"},\"thumbnailUrl\":\"https:\/\/esbozodeportivo.com\/wp-content\/uploads\/2026\/07\/0a78777c-8ae8-4f5d-bfb9-3e99f5f45a44.jpg\",\"articleSection\":[\"Tour de Francia\"],\"inLanguage\":\"es\"},{\"@type\":\"WebPage\",\"@id\":\"https:\/\/esbozodeportivo.com\/index.php\/2026\/07\/19\/lo-he-dado-todo-reconoce-del-toro\/\",\"url\":\"https:\/\/esbozodeportivo.com\/index.php\/2026\/07\/19\/lo-he-dado-todo-reconoce-del-toro\/\",\"name\":\"\\\"Lo he dado todo\u201d, reconoce del Toro* - Esbozo Deportivo\",\"isPartOf\":{\"@id\":\"https:\/\/esbozodeportivo.com\/#website\"},\"primaryImageOfPage\":{\"@id\":\"https:\/\/esbozodeportivo.com\/index.php\/2026\/07\/19\/lo-he-dado-todo-reconoce-del-toro\/#primaryimage\"},\"image\":{\"@id\":\"https:\/\/esbozodeportivo.com\/index.php\/2026\/07\/19\/lo-he-dado-todo-reconoce-del-toro\/#primaryimage\"},\"thumbnailUrl\":\"https:\/\/esbozodeportivo.com\/wp-content\/uploads\/2026\/07\/0a78777c-8ae8-4f5d-bfb9-3e99f5f45a44.jpg\",\"datePublished\":\"2026-07-20T01:51:02+00:00\",\"dateModified\":\"2026-07-20T01:51:04+00:00\",\"description\":\"El mexicano Isaac del Toro consider\u00f3 \\\"incre\u00edble\\\" que el esloveno Tadej Pogacar trabajara para \u00e9l en la d\u00e9cimo quinta etapa del Tour de Francia, que no gan\u00f3 porque, dijo, cometi\u00f3 algunos errores al final cuando se resinti\u00f3 de los dolores provocados por una ca\u00edda que sufri\u00f3 a falta de 23 kil\u00f3metros.\",\"breadcrumb\":{\"@id\":\"https:\/\/esbozodeportivo.com\/index.php\/2026\/07\/19\/lo-he-dado-todo-reconoce-del-toro\/#breadcrumb\"},\"inLanguage\":\"es\",\"potentialAction\":[{\"@type\":\"ReadAction\",\"target\":[\"https:\/\/esbozodeportivo.com\/index.php\/2026\/07\/19\/lo-he-dado-todo-reconoce-del-toro\/\"]}]},{\"@type\":\"ImageObject\",\"inLanguage\":\"es\",\"@id\":\"https:\/\/esbozodeportivo.com\/index.php\/2026\/07\/19\/lo-he-dado-todo-reconoce-del-toro\/#primaryimage\",\"url\":\"https:\/\/esbozodeportivo.com\/wp-content\/uploads\/2026\/07\/0a78777c-8ae8-4f5d-bfb9-3e99f5f45a44.jpg\",\"contentUrl\":\"https:\/\/esbozodeportivo.com\/wp-content\/uploads\/2026\/07\/0a78777c-8ae8-4f5d-bfb9-3e99f5f45a44.jpg\",\"width\":1280,\"height\":1600},{\"@type\":\"BreadcrumbList\",\"@id\":\"https:\/\/esbozodeportivo.com\/index.php\/2026\/07\/19\/lo-he-dado-todo-reconoce-del-toro\/#breadcrumb\",\"itemListElement\":[{\"@type\":\"ListItem\",\"position\":1,\"name\":\"Inicio\",\"item\":\"https:\/\/esbozodeportivo.com\/\"},{\"@type\":\"ListItem\",\"position\":2,\"name\":\"&#8220;Lo he dado todo\u201d, reconoce del Toro*\"}]},{\"@type\":\"WebSite\",\"@id\":\"https:\/\/esbozodeportivo.com\/#website\",\"url\":\"https:\/\/esbozodeportivo.com\/\",\"name\":\"Esbozo Deportivo\",\"description\":\"Lo m\u00e1s importante del Deporte\",\"publisher\":{\"@id\":\"https:\/\/esbozodeportivo.com\/#organization\"},\"potentialAction\":[{\"@type\":\"SearchAction\",\"target\":{\"@type\":\"EntryPoint\",\"urlTemplate\":\"https:\/\/esbozodeportivo.com\/?s={search_term_string}\"},\"query-input\":{\"@type\":\"PropertyValueSpecification\",\"valueRequired\":true,\"valueName\":\"search_term_string\"}}],\"inLanguage\":\"es\"},{\"@type\":\"Organization\",\"@id\":\"https:\/\/esbozodeportivo.com\/#organization\",\"name\":\"Esbozo Deportivo\",\"url\":\"https:\/\/esbozodeportivo.com\/\",\"logo\":{\"@type\":\"ImageObject\",\"inLanguage\":\"es\",\"@id\":\"https:\/\/esbozodeportivo.com\/#\/schema\/logo\/image\/\",\"url\":\"https:\/\/esbozodeportivo.com\/wp-content\/uploads\/2022\/08\/cropped-Logo-Esbozo-Web-2.png\",\"contentUrl\":\"https:\/\/esbozodeportivo.com\/wp-content\/uploads\/2022\/08\/cropped-Logo-Esbozo-Web-2.png\",\"width\":180,\"height\":50,\"caption\":\"Esbozo Deportivo\"},\"image\":{\"@id\":\"https:\/\/esbozodeportivo.com\/#\/schema\/logo\/image\/\"}},{\"@type\":\"Person\",\"@id\":\"https:\/\/esbozodeportivo.com\/#\/schema\/person\/0f6df9196dfe6740dd0bb31bae50d374\",\"name\":\"Redacci\u00f3n\",\"image\":{\"@type\":\"ImageObject\",\"inLanguage\":\"es\",\"@id\":\"https:\/\/esbozodeportivo.com\/#\/schema\/person\/image\/\",\"url\":\"https:\/\/secure.gravatar.com\/avatar\/f55268a89c3b418f2ef172ff52ab0d09b3e653c58de29539fe329fb93d78ebf3?s=96&d=mm&r=g\",\"contentUrl\":\"https:\/\/secure.gravatar.com\/avatar\/f55268a89c3b418f2ef172ff52ab0d09b3e653c58de29539fe329fb93d78ebf3?s=96&d=mm&r=g\",\"caption\":\"Redacci\u00f3n\"},\"url\":\"https:\/\/esbozodeportivo.com\/index.php\/author\/redaccion\/\"}]}<\/script>\n<!-- \/ Yoast SEO plugin. -->","yoast_head_json":{"title":"\"Lo he dado todo\u201d, reconoce del Toro* - Esbozo Deportivo","description":"El mexicano Isaac del Toro consider\u00f3 \"incre\u00edble\" que el esloveno Tadej Pogacar trabajara para \u00e9l en la d\u00e9cimo quinta etapa del Tour de Francia, que no gan\u00f3 porque, dijo, cometi\u00f3 algunos errores al final cuando se resinti\u00f3 de los dolores provocados por una ca\u00edda que sufri\u00f3 a falta de 23 kil\u00f3metros.","robots":{"index":"index","follow":"follow","max-snippet":"max-snippet:-1","max-image-preview":"max-image-preview:large","max-video-preview":"max-video-preview:-1"},"canonical":"https:\/\/esbozodeportivo.com\/index.php\/2026\/07\/19\/lo-he-dado-todo-reconoce-del-toro\/","og_locale":"es_MX","og_type":"article","og_title":"\"Lo he dado todo\u201d, reconoce del Toro* - Esbozo Deportivo","og_description":"El mexicano Isaac del Toro consider\u00f3 \"incre\u00edble\" que el esloveno Tadej Pogacar trabajara para \u00e9l en la d\u00e9cimo quinta etapa del Tour de Francia, que no gan\u00f3 porque, dijo, cometi\u00f3 algunos errores al final cuando se resinti\u00f3 de los dolores provocados por una ca\u00edda que sufri\u00f3 a falta de 23 kil\u00f3metros.","og_url":"https:\/\/esbozodeportivo.com\/index.php\/2026\/07\/19\/lo-he-dado-todo-reconoce-del-toro\/","og_site_name":"Esbozo Deportivo","article_published_time":"2026-07-20T01:51:02+00:00","article_modified_time":"2026-07-20T01:51:04+00:00","og_image":[{"width":1280,"height":1600,"url":"https:\/\/esbozodeportivo.com\/wp-content\/uploads\/2026\/07\/0a78777c-8ae8-4f5d-bfb9-3e99f5f45a44.jpg","type":"image\/jpeg"}],"author":"Redacci\u00f3n","twitter_card":"summary_large_image","twitter_misc":{"Escrito por":"Redacci\u00f3n","Tiempo de lectura":"2 minutos"},"schema":{"@context":"https:\/\/schema.org","@graph":[{"@type":"Article","@id":"https:\/\/esbozodeportivo.com\/index.php\/2026\/07\/19\/lo-he-dado-todo-reconoce-del-toro\/#article","isPartOf":{"@id":"https:\/\/esbozodeportivo.com\/index.php\/2026\/07\/19\/lo-he-dado-todo-reconoce-del-toro\/"},"author":{"name":"Redacci\u00f3n","@id":"https:\/\/esbozodeportivo.com\/#\/schema\/person\/0f6df9196dfe6740dd0bb31bae50d374"},"headline":"&#8220;Lo he dado todo\u201d, reconoce del Toro*","datePublished":"2026-07-20T01:51:02+00:00","dateModified":"2026-07-20T01:51:04+00:00","mainEntityOfPage":{"@id":"https:\/\/esbozodeportivo.com\/index.php\/2026\/07\/19\/lo-he-dado-todo-reconoce-del-toro\/"},"wordCount":251,"publisher":{"@id":"https:\/\/esbozodeportivo.com\/#organization"},"image":{"@id":"https:\/\/esbozodeportivo.com\/index.php\/2026\/07\/19\/lo-he-dado-todo-reconoce-del-toro\/#primaryimage"},"thumbnailUrl":"https:\/\/esbozodeportivo.com\/wp-content\/uploads\/2026\/07\/0a78777c-8ae8-4f5d-bfb9-3e99f5f45a44.jpg","articleSection":["Tour de Francia"],"inLanguage":"es"},{"@type":"WebPage","@id":"https:\/\/esbozodeportivo.com\/index.php\/2026\/07\/19\/lo-he-dado-todo-reconoce-del-toro\/","url":"https:\/\/esbozodeportivo.com\/index.php\/2026\/07\/19\/lo-he-dado-todo-reconoce-del-toro\/","name":"\"Lo he dado todo\u201d, reconoce del Toro* - Esbozo Deportivo","isPartOf":{"@id":"https:\/\/esbozodeportivo.com\/#website"},"primaryImageOfPage":{"@id":"https:\/\/esbozodeportivo.com\/index.php\/2026\/07\/19\/lo-he-dado-todo-reconoce-del-toro\/#primaryimage"},"image":{"@id":"https:\/\/esbozodeportivo.com\/index.php\/2026\/07\/19\/lo-he-dado-todo-reconoce-del-toro\/#primaryimage"},"thumbnailUrl":"https:\/\/esbozodeportivo.com\/wp-content\/uploads\/2026\/07\/0a78777c-8ae8-4f5d-bfb9-3e99f5f45a44.jpg","datePublished":"2026-07-20T01:51:02+00:00","dateModified":"2026-07-20T01:51:04+00:00","description":"El mexicano Isaac del Toro consider\u00f3 \"incre\u00edble\" que el esloveno Tadej Pogacar trabajara para \u00e9l en la d\u00e9cimo quinta etapa del Tour de Francia, que no gan\u00f3 porque, dijo, cometi\u00f3 algunos errores al final cuando se resinti\u00f3 de los dolores provocados por una ca\u00edda que sufri\u00f3 a falta de 23 kil\u00f3metros.","breadcrumb":{"@id":"https:\/\/esbozodeportivo.com\/index.php\/2026\/07\/19\/lo-he-dado-todo-reconoce-del-toro\/#breadcrumb"},"inLanguage":"es","potentialAction":[{"@type":"ReadAction","target":["https:\/\/esbozodeportivo.com\/index.php\/2026\/07\/19\/lo-he-dado-todo-reconoce-del-toro\/"]}]},{"@type":"ImageObject","inLanguage":"es","@id":"https:\/\/esbozodeportivo.com\/index.php\/2026\/07\/19\/lo-he-dado-todo-reconoce-del-toro\/#primaryimage","url":"https:\/\/esbozodeportivo.com\/wp-content\/uploads\/2026\/07\/0a78777c-8ae8-4f5d-bfb9-3e99f5f45a44.jpg","contentUrl":"https:\/\/esbozodeportivo.com\/wp-content\/uploads\/2026\/07\/0a78777c-8ae8-4f5d-bfb9-3e99f5f45a44.jpg","width":1280,"height":1600},{"@type":"BreadcrumbList","@id":"https:\/\/esbozodeportivo.com\/index.php\/2026\/07\/19\/lo-he-dado-todo-reconoce-del-toro\/#breadcrumb","itemListElement":[{"@type":"ListItem","position":1,"name":"Inicio","item":"https:\/\/esbozodeportivo.com\/"},{"@type":"ListItem","position":2,"name":"&#8220;Lo he dado todo\u201d, reconoce del Toro*"}]},{"@type":"WebSite","@id":"https:\/\/esbozodeportivo.com\/#website","url":"https:\/\/esbozodeportivo.com\/","name":"Esbozo Deportivo","description":"Lo m\u00e1s importante del Deporte","publisher":{"@id":"https:\/\/esbozodeportivo.com\/#organization"},"potentialAction":[{"@type":"SearchAction","target":{"@type":"EntryPoint","urlTemplate":"https:\/\/esbozodeportivo.com\/?s={search_term_string}"},"query-input":{"@type":"PropertyValueSpecification","valueRequired":true,"valueName":"search_term_string"}}],"inLanguage":"es"},{"@type":"Organization","@id":"https:\/\/esbozodeportivo.com\/#organization","name":"Esbozo Deportivo","url":"https:\/\/esbozodeportivo.com\/","logo":{"@type":"ImageObject","inLanguage":"es","@id":"https:\/\/esbozodeportivo.com\/#\/schema\/logo\/image\/","url":"https:\/\/esbozodeportivo.com\/wp-content\/uploads\/2022\/08\/cropped-Logo-Esbozo-Web-2.png","contentUrl":"https:\/\/esbozodeportivo.com\/wp-content\/uploads\/2022\/08\/cropped-Logo-Esbozo-Web-2.png","width":180,"height":50,"caption":"Esbozo Deportivo"},"image":{"@id":"https:\/\/esbozodeportivo.com\/#\/schema\/logo\/image\/"}},{"@type":"Person","@id":"https:\/\/esbozodeportivo.com\/#\/schema\/person\/0f6df9196dfe6740dd0bb31bae50d374","name":"Redacci\u00f3n","image":{"@type":"ImageObject","inLanguage":"es","@id":"https:\/\/esbozodeportivo.com\/#\/schema\/person\/image\/","url":"https:\/\/secure.gravatar.com\/avatar\/f55268a89c3b418f2ef172ff52ab0d09b3e653c58de29539fe329fb93d78ebf3?s=96&d=mm&r=g","contentUrl":"https:\/\/secure.gravatar.com\/avatar\/f55268a89c3b418f2ef172ff52ab0d09b3e653c58de29539fe329fb93d78ebf3?s=96&d=mm&r=g","caption":"Redacci\u00f3n"},"url":"https:\/\/esbozodeportivo.com\/index.php\/author\/redaccion\/"}]}},"jetpack_featured_media_url":"https:\/\/esbozodeportivo.com\/wp-content\/uploads\/2026\/07\/0a78777c-8ae8-4f5d-bfb9-3e99f5f45a44.jpg","jetpack_sharing_enabled":true,"_links":{"self":[{"href":"https:\/\/esbozodeportivo.com\/index.php\/wp-json\/wp\/v2\/posts\/16311","targetHints":{"allow":["GET"]}}],"collection":[{"href":"https:\/\/esbozodeportivo.com\/index.php\/wp-json\/wp\/v2\/posts"}],"about":[{"href":"https:\/\/esbozodeportivo.com\/index.php\/wp-json\/wp\/v2\/types\/post"}],"author":[{"embeddable":true,"href":"https:\/\/esbozodeportivo.com\/index.php\/wp-json\/wp\/v2\/users\/4"}],"replies":[{"embeddable":true,"href":"https:\/\/esbozodeportivo.com\/index.php\/wp-json\/wp\/v2\/comments?post=16311"}],"version-history":[{"count":1,"href":"https:\/\/esbozodeportivo.com\/index.php\/wp-json\/wp\/v2\/posts\/16311\/revisions"}],"predecessor-version":[{"id":16312,"href":"https:\/\/esbozodeportivo.com\/index.php\/wp-json\/wp\/v2\/posts\/16311\/revisions\/16312"}],"wp:featuredmedia":[{"embeddable":true,"href":"https:\/\/esbozodeportivo.com\/index.php\/wp-json\/wp\/v2\/media\/16277"}],"wp:attachment":[{"href":"https:\/\/esbozodeportivo.com\/index.php\/wp-json\/wp\/v2\/media?parent=16311"}],"wp:term":[{"taxonomy":"category","embeddable":true,"href":"https:\/\/esbozodeportivo.com\/index.php\/wp-json\/wp\/v2\/categories?post=16311"},{"taxonomy":"post_tag","embeddable":true,"href":"https:\/\/esbozodeportivo.com\/index.php\/wp-json\/wp\/v2\/tags?post=16311"}],"curies":[{"name":"wp","href":"https:\/\/api.w.org\/{rel}","templated":true}]}}