{"id":16315,"date":"2026-07-19T19:55:44","date_gmt":"2026-07-20T01:55:44","guid":{"rendered":"https:\/\/esbozodeportivo.com\/?p=16315"},"modified":"2026-07-19T19:55:45","modified_gmt":"2026-07-20T01:55:45","slug":"mbappe-se-llevo-la-bota-de-oro","status":"publish","type":"post","link":"https:\/\/esbozodeportivo.com\/index.php\/2026\/07\/19\/mbappe-se-llevo-la-bota-de-oro\/","title":{"rendered":"Mbapp\u00e9 se llev\u00f3 la Bota de Oro"},"content":{"rendered":"\n<p>(Foto: Agencias) <\/p>\n\n\n\n<p>Kylian Mbapp\u00e9 se llev\u00f3 la Bota de Oro del Mundial 2026, terminando la competencia con 10 goles tras un torneo espectacular en Norteam\u00e9rica. Esto a pesar de que Lionel Messi ten\u00eda una gran ventaja para aumentar su cuenta personal de ocho goles durante la final del domingo contra Espa\u00f1a.<\/p>\n\n\n\n<p>Sin embargo, el jugador de 39 a\u00f1os no pudo lograrlo, ya que su pa\u00eds sufri\u00f3 una desilusi\u00f3n en el MetLife Stadium de Nueva Jersey al perder 1-0 en tiempo extra. Ferran Torres rompi\u00f3 el empate para los campeones europeos a los 106 minutos de juego, no solo d\u00e1ndole la ventaja a su selecci\u00f3n, sino asegurando la victoria.<\/p>\n\n\n\n<p>Fue un torneo extraordinario para Mbapp\u00e9, quien una vez m\u00e1s demostr\u00f3 su calidad en el escenario mundial. El delantero de 27 a\u00f1os inici\u00f3 su torneo con fuerza el mes pasado, anotando un doblete en la victoria de Francia por 3-1 sobre Senegal.<\/p>\n\n\n\n<p>Luego sum\u00f3 dos goles m\u00e1s en el siguiente partido del Grupo I de su selecci\u00f3n, cuando Francia derrot\u00f3 3-0 a Irak. Aunque no pudo marcar durante la victoria por 4-1 sobre Noruega en el \u00faltimo partido de la fase de grupos, Mbapp\u00e9 volvi\u00f3 a brillar ante Suecia en los dieciseisavos de final, llevando su cuenta total a seis con otros dos goles en la victoria por 3-0.<\/p>\n\n\n\n<p>Otro gol desde el punto penal lleg\u00f3 durante la victoria de Francia 1-0 sobre Paraguay en los octavos de final, mientras que otro tanto en jugada abierta se dio en el triunfo 2-0 en cuartos de final contra Marruecos. Otro doblete durante la derrota de Francia 6-4 ante Inglaterra en el partido por el tercer lugar, por su parte, inclin\u00f3 la Bota de Oro a favor de Mbapp\u00e9.<\/p>\n\n\n\n<p>La tabla completa de la Bota de Oro del Mundial 2026<\/p>\n\n\n\n<p>Kylian Mbapp\u00e9 (Francia) &#8211; 10<\/p>\n\n\n\n<p>Lionel Messi (Argentina) &#8211; 8<\/p>\n\n\n\n<p>Jude Bellingham (Inglaterra) &#8211; 7<\/p>\n\n\n\n<p>Erling Haaland (Noruega) &#8211; 7<\/p>\n\n\n\n<p>Ousmane Demb\u00e9l\u00e9 (Francia) &#8211; 6<\/p>\n\n\n\n<p>Harry Kane (Inglaterra) &#8211; 6<\/p>\n\n\n\n<p>Mikel Oyarzabal (Espa\u00f1a) &#8211; 5<\/p>\n\n\n\n<p>Ismaila Sarr (Senegal) &#8211; 4<\/p>\n\n\n\n<p>Juli\u00e1n Qui\u00f1ones (M\u00e9xico) &#8211; 4<\/p>\n\n\n\n<p>Vinicius Jr (Brasil) &#8211; 4<\/p>\n\n\n\n<p>Deniz Undav (Alemania) &#8211; 3<\/p>\n\n\n\n<p>Johan Manzambi (Suiza) &#8211; 3<\/p>\n\n\n\n<p>Romelu Lukaku (B\u00e9lgica) &#8211; 3<\/p>\n\n\n\n<p>Lautaro Mart\u00ednez (Argentina) &#8211; 3<\/p>\n\n\n\n<p>Charles De Ketelaere (B\u00e9lgica) &#8211; 3<\/p>\n\n\n\n<p>Cody Gakpo (Pa\u00edses Bajos) &#8211; 3<\/p>\n\n\n\n<p>Brian Brobbey (Pa\u00edses Bajos) &#8211; 3<\/p>\n\n\n\n<p>Elijah Just (Nueva Zelanda) &#8211; 3<\/p>\n\n\n\n<p>Matheus Cunha (Brasil) &#8211; 3<\/p>\n\n\n\n<p>Folarin Balogun (Estados Unidos) &#8211; 3<\/p>\n\n\n\n<p>Ra\u00fal Jim\u00e9nez (M\u00e9xico) &#8211; 3<\/p>\n\n\n\n<p>Kai Havertz (Alemania) &#8211; 3<\/p>\n\n\n\n<p>Yoane Wissa (RD Congo) &#8211; 3<\/p>\n\n\n\n<p>Ismael Saibari (Marruecos) &#8211; 3<\/p>\n\n\n\n<p>Jonathan David (Canad\u00e1) &#8211; 3<\/p>\n\n\n\n<p>Cristiano Ronaldo (Portugal) &#8211; 3<\/p>\n\n\n\n<p>A pesar de terminar finalmente en cuarto lugar en el torneo, fue una Copa del Mundo individual incre\u00edble para Mbapp\u00e9, quien adem\u00e1s logr\u00f3 establecer un nuevo r\u00e9cord como m\u00e1ximo goleador hist\u00f3rico en la competencia. Gracias a sus 10 goles en esta edici\u00f3n, el ariete suma un total de 22 anotaciones en Mundiales.<\/p>\n\n\n\n<p>Para ponerlo en contexto, antes de que comenzara el torneo, el alem\u00e1n Miroslav Klose ostentaba ese r\u00e9cord con un total de 16 goles.<\/p>\n\n\n\n<p><\/p>\n","protected":false},"excerpt":{"rendered":"<p>(Foto: Agencias) Kylian Mbapp\u00e9 se llev\u00f3 la Bota de Oro del Mundial 2026, terminando la<\/p>\n","protected":false},"author":4,"featured_media":16300,"comment_status":"closed","ping_status":"open","sticky":false,"template":"","format":"standard","meta":{"_jetpack_memberships_contains_paid_content":false,"footnotes":""},"categories":[71],"tags":[],"class_list":["post-16315","post","type-post","status-publish","format-standard","has-post-thumbnail","hentry","category-mundial-2026"],"yoast_head":"<!-- This site is optimized with the Yoast SEO plugin v25.7 - https:\/\/yoast.com\/wordpress\/plugins\/seo\/ -->\n<title>Mbapp\u00e9 se llev\u00f3 la Bota de Oro - Esbozo Deportivo<\/title>\n<meta name=\"description\" content=\"Kylian Mbapp\u00e9 se llev\u00f3 la Bota de Oro del Mundial 2026, terminando la competencia con 10 goles tras un torneo espectacular en Norteam\u00e9rica. Esto a pesar de que Lionel Messi ten\u00eda una gran ventaja para aumentar su cuenta personal de ocho goles durante la final del domingo contra Espa\u00f1a.\" \/>\n<meta name=\"robots\" content=\"index, follow, max-snippet:-1, max-image-preview:large, max-video-preview:-1\" \/>\n<link rel=\"canonical\" href=\"https:\/\/esbozodeportivo.com\/index.php\/2026\/07\/19\/mbappe-se-llevo-la-bota-de-oro\/\" \/>\n<meta property=\"og:locale\" content=\"es_MX\" \/>\n<meta property=\"og:type\" content=\"article\" \/>\n<meta property=\"og:title\" content=\"Mbapp\u00e9 se llev\u00f3 la Bota de Oro - Esbozo Deportivo\" \/>\n<meta property=\"og:description\" content=\"Kylian Mbapp\u00e9 se llev\u00f3 la Bota de Oro del Mundial 2026, terminando la competencia con 10 goles tras un torneo espectacular en Norteam\u00e9rica. Esto a pesar de que Lionel Messi ten\u00eda una gran ventaja para aumentar su cuenta personal de ocho goles durante la final del domingo contra Espa\u00f1a.\" \/>\n<meta property=\"og:url\" content=\"https:\/\/esbozodeportivo.com\/index.php\/2026\/07\/19\/mbappe-se-llevo-la-bota-de-oro\/\" \/>\n<meta property=\"og:site_name\" content=\"Esbozo Deportivo\" \/>\n<meta property=\"article:published_time\" content=\"2026-07-20T01:55:44+00:00\" \/>\n<meta property=\"article:modified_time\" content=\"2026-07-20T01:55:45+00:00\" \/>\n<meta property=\"og:image\" content=\"https:\/\/esbozodeportivo.com\/wp-content\/uploads\/2026\/07\/e110fc77-c97e-4c9e-94bb-3a74c4144b08.jpg\" \/>\n\t<meta property=\"og:image:width\" content=\"810\" \/>\n\t<meta property=\"og:image:height\" content=\"540\" \/>\n\t<meta property=\"og:image:type\" content=\"image\/jpeg\" \/>\n<meta name=\"author\" content=\"Redacci\u00f3n\" \/>\n<meta name=\"twitter:card\" content=\"summary_large_image\" \/>\n<meta name=\"twitter:label1\" content=\"Escrito por\" \/>\n\t<meta name=\"twitter:data1\" content=\"Redacci\u00f3n\" \/>\n\t<meta name=\"twitter:label2\" content=\"Tiempo de lectura\" \/>\n\t<meta name=\"twitter:data2\" content=\"3 minutos\" \/>\n<script type=\"application\/ld+json\" class=\"yoast-schema-graph\">{\"@context\":\"https:\/\/schema.org\",\"@graph\":[{\"@type\":\"Article\",\"@id\":\"https:\/\/esbozodeportivo.com\/index.php\/2026\/07\/19\/mbappe-se-llevo-la-bota-de-oro\/#article\",\"isPartOf\":{\"@id\":\"https:\/\/esbozodeportivo.com\/index.php\/2026\/07\/19\/mbappe-se-llevo-la-bota-de-oro\/\"},\"author\":{\"name\":\"Redacci\u00f3n\",\"@id\":\"https:\/\/esbozodeportivo.com\/#\/schema\/person\/0f6df9196dfe6740dd0bb31bae50d374\"},\"headline\":\"Mbapp\u00e9 se llev\u00f3 la Bota de Oro\",\"datePublished\":\"2026-07-20T01:55:44+00:00\",\"dateModified\":\"2026-07-20T01:55:45+00:00\",\"mainEntityOfPage\":{\"@id\":\"https:\/\/esbozodeportivo.com\/index.php\/2026\/07\/19\/mbappe-se-llevo-la-bota-de-oro\/\"},\"wordCount\":512,\"publisher\":{\"@id\":\"https:\/\/esbozodeportivo.com\/#organization\"},\"image\":{\"@id\":\"https:\/\/esbozodeportivo.com\/index.php\/2026\/07\/19\/mbappe-se-llevo-la-bota-de-oro\/#primaryimage\"},\"thumbnailUrl\":\"https:\/\/esbozodeportivo.com\/wp-content\/uploads\/2026\/07\/e110fc77-c97e-4c9e-94bb-3a74c4144b08.jpg\",\"articleSection\":[\"Mundial 2026\"],\"inLanguage\":\"es\"},{\"@type\":\"WebPage\",\"@id\":\"https:\/\/esbozodeportivo.com\/index.php\/2026\/07\/19\/mbappe-se-llevo-la-bota-de-oro\/\",\"url\":\"https:\/\/esbozodeportivo.com\/index.php\/2026\/07\/19\/mbappe-se-llevo-la-bota-de-oro\/\",\"name\":\"Mbapp\u00e9 se llev\u00f3 la Bota de Oro - Esbozo Deportivo\",\"isPartOf\":{\"@id\":\"https:\/\/esbozodeportivo.com\/#website\"},\"primaryImageOfPage\":{\"@id\":\"https:\/\/esbozodeportivo.com\/index.php\/2026\/07\/19\/mbappe-se-llevo-la-bota-de-oro\/#primaryimage\"},\"image\":{\"@id\":\"https:\/\/esbozodeportivo.com\/index.php\/2026\/07\/19\/mbappe-se-llevo-la-bota-de-oro\/#primaryimage\"},\"thumbnailUrl\":\"https:\/\/esbozodeportivo.com\/wp-content\/uploads\/2026\/07\/e110fc77-c97e-4c9e-94bb-3a74c4144b08.jpg\",\"datePublished\":\"2026-07-20T01:55:44+00:00\",\"dateModified\":\"2026-07-20T01:55:45+00:00\",\"description\":\"Kylian Mbapp\u00e9 se llev\u00f3 la Bota de Oro del Mundial 2026, terminando la competencia con 10 goles tras un torneo espectacular en Norteam\u00e9rica. Esto a pesar de que Lionel Messi ten\u00eda una gran ventaja para aumentar su cuenta personal de ocho goles durante la final del domingo contra Espa\u00f1a.\",\"breadcrumb\":{\"@id\":\"https:\/\/esbozodeportivo.com\/index.php\/2026\/07\/19\/mbappe-se-llevo-la-bota-de-oro\/#breadcrumb\"},\"inLanguage\":\"es\",\"potentialAction\":[{\"@type\":\"ReadAction\",\"target\":[\"https:\/\/esbozodeportivo.com\/index.php\/2026\/07\/19\/mbappe-se-llevo-la-bota-de-oro\/\"]}]},{\"@type\":\"ImageObject\",\"inLanguage\":\"es\",\"@id\":\"https:\/\/esbozodeportivo.com\/index.php\/2026\/07\/19\/mbappe-se-llevo-la-bota-de-oro\/#primaryimage\",\"url\":\"https:\/\/esbozodeportivo.com\/wp-content\/uploads\/2026\/07\/e110fc77-c97e-4c9e-94bb-3a74c4144b08.jpg\",\"contentUrl\":\"https:\/\/esbozodeportivo.com\/wp-content\/uploads\/2026\/07\/e110fc77-c97e-4c9e-94bb-3a74c4144b08.jpg\",\"width\":810,\"height\":540},{\"@type\":\"BreadcrumbList\",\"@id\":\"https:\/\/esbozodeportivo.com\/index.php\/2026\/07\/19\/mbappe-se-llevo-la-bota-de-oro\/#breadcrumb\",\"itemListElement\":[{\"@type\":\"ListItem\",\"position\":1,\"name\":\"Inicio\",\"item\":\"https:\/\/esbozodeportivo.com\/\"},{\"@type\":\"ListItem\",\"position\":2,\"name\":\"Mbapp\u00e9 se llev\u00f3 la Bota de Oro\"}]},{\"@type\":\"WebSite\",\"@id\":\"https:\/\/esbozodeportivo.com\/#website\",\"url\":\"https:\/\/esbozodeportivo.com\/\",\"name\":\"Esbozo Deportivo\",\"description\":\"Lo m\u00e1s importante del Deporte\",\"publisher\":{\"@id\":\"https:\/\/esbozodeportivo.com\/#organization\"},\"potentialAction\":[{\"@type\":\"SearchAction\",\"target\":{\"@type\":\"EntryPoint\",\"urlTemplate\":\"https:\/\/esbozodeportivo.com\/?s={search_term_string}\"},\"query-input\":{\"@type\":\"PropertyValueSpecification\",\"valueRequired\":true,\"valueName\":\"search_term_string\"}}],\"inLanguage\":\"es\"},{\"@type\":\"Organization\",\"@id\":\"https:\/\/esbozodeportivo.com\/#organization\",\"name\":\"Esbozo Deportivo\",\"url\":\"https:\/\/esbozodeportivo.com\/\",\"logo\":{\"@type\":\"ImageObject\",\"inLanguage\":\"es\",\"@id\":\"https:\/\/esbozodeportivo.com\/#\/schema\/logo\/image\/\",\"url\":\"https:\/\/esbozodeportivo.com\/wp-content\/uploads\/2022\/08\/cropped-Logo-Esbozo-Web-2.png\",\"contentUrl\":\"https:\/\/esbozodeportivo.com\/wp-content\/uploads\/2022\/08\/cropped-Logo-Esbozo-Web-2.png\",\"width\":180,\"height\":50,\"caption\":\"Esbozo Deportivo\"},\"image\":{\"@id\":\"https:\/\/esbozodeportivo.com\/#\/schema\/logo\/image\/\"}},{\"@type\":\"Person\",\"@id\":\"https:\/\/esbozodeportivo.com\/#\/schema\/person\/0f6df9196dfe6740dd0bb31bae50d374\",\"name\":\"Redacci\u00f3n\",\"image\":{\"@type\":\"ImageObject\",\"inLanguage\":\"es\",\"@id\":\"https:\/\/esbozodeportivo.com\/#\/schema\/person\/image\/\",\"url\":\"https:\/\/secure.gravatar.com\/avatar\/f55268a89c3b418f2ef172ff52ab0d09b3e653c58de29539fe329fb93d78ebf3?s=96&d=mm&r=g\",\"contentUrl\":\"https:\/\/secure.gravatar.com\/avatar\/f55268a89c3b418f2ef172ff52ab0d09b3e653c58de29539fe329fb93d78ebf3?s=96&d=mm&r=g\",\"caption\":\"Redacci\u00f3n\"},\"url\":\"https:\/\/esbozodeportivo.com\/index.php\/author\/redaccion\/\"}]}<\/script>\n<!-- \/ Yoast SEO plugin. -->","yoast_head_json":{"title":"Mbapp\u00e9 se llev\u00f3 la Bota de Oro - Esbozo Deportivo","description":"Kylian Mbapp\u00e9 se llev\u00f3 la Bota de Oro del Mundial 2026, terminando la competencia con 10 goles tras un torneo espectacular en Norteam\u00e9rica. Esto a pesar de que Lionel Messi ten\u00eda una gran ventaja para aumentar su cuenta personal de ocho goles durante la final del domingo contra Espa\u00f1a.","robots":{"index":"index","follow":"follow","max-snippet":"max-snippet:-1","max-image-preview":"max-image-preview:large","max-video-preview":"max-video-preview:-1"},"canonical":"https:\/\/esbozodeportivo.com\/index.php\/2026\/07\/19\/mbappe-se-llevo-la-bota-de-oro\/","og_locale":"es_MX","og_type":"article","og_title":"Mbapp\u00e9 se llev\u00f3 la Bota de Oro - Esbozo Deportivo","og_description":"Kylian Mbapp\u00e9 se llev\u00f3 la Bota de Oro del Mundial 2026, terminando la competencia con 10 goles tras un torneo espectacular en Norteam\u00e9rica. Esto a pesar de que Lionel Messi ten\u00eda una gran ventaja para aumentar su cuenta personal de ocho goles durante la final del domingo contra Espa\u00f1a.","og_url":"https:\/\/esbozodeportivo.com\/index.php\/2026\/07\/19\/mbappe-se-llevo-la-bota-de-oro\/","og_site_name":"Esbozo Deportivo","article_published_time":"2026-07-20T01:55:44+00:00","article_modified_time":"2026-07-20T01:55:45+00:00","og_image":[{"width":810,"height":540,"url":"https:\/\/esbozodeportivo.com\/wp-content\/uploads\/2026\/07\/e110fc77-c97e-4c9e-94bb-3a74c4144b08.jpg","type":"image\/jpeg"}],"author":"Redacci\u00f3n","twitter_card":"summary_large_image","twitter_misc":{"Escrito por":"Redacci\u00f3n","Tiempo de lectura":"3 minutos"},"schema":{"@context":"https:\/\/schema.org","@graph":[{"@type":"Article","@id":"https:\/\/esbozodeportivo.com\/index.php\/2026\/07\/19\/mbappe-se-llevo-la-bota-de-oro\/#article","isPartOf":{"@id":"https:\/\/esbozodeportivo.com\/index.php\/2026\/07\/19\/mbappe-se-llevo-la-bota-de-oro\/"},"author":{"name":"Redacci\u00f3n","@id":"https:\/\/esbozodeportivo.com\/#\/schema\/person\/0f6df9196dfe6740dd0bb31bae50d374"},"headline":"Mbapp\u00e9 se llev\u00f3 la Bota de Oro","datePublished":"2026-07-20T01:55:44+00:00","dateModified":"2026-07-20T01:55:45+00:00","mainEntityOfPage":{"@id":"https:\/\/esbozodeportivo.com\/index.php\/2026\/07\/19\/mbappe-se-llevo-la-bota-de-oro\/"},"wordCount":512,"publisher":{"@id":"https:\/\/esbozodeportivo.com\/#organization"},"image":{"@id":"https:\/\/esbozodeportivo.com\/index.php\/2026\/07\/19\/mbappe-se-llevo-la-bota-de-oro\/#primaryimage"},"thumbnailUrl":"https:\/\/esbozodeportivo.com\/wp-content\/uploads\/2026\/07\/e110fc77-c97e-4c9e-94bb-3a74c4144b08.jpg","articleSection":["Mundial 2026"],"inLanguage":"es"},{"@type":"WebPage","@id":"https:\/\/esbozodeportivo.com\/index.php\/2026\/07\/19\/mbappe-se-llevo-la-bota-de-oro\/","url":"https:\/\/esbozodeportivo.com\/index.php\/2026\/07\/19\/mbappe-se-llevo-la-bota-de-oro\/","name":"Mbapp\u00e9 se llev\u00f3 la Bota de Oro - Esbozo Deportivo","isPartOf":{"@id":"https:\/\/esbozodeportivo.com\/#website"},"primaryImageOfPage":{"@id":"https:\/\/esbozodeportivo.com\/index.php\/2026\/07\/19\/mbappe-se-llevo-la-bota-de-oro\/#primaryimage"},"image":{"@id":"https:\/\/esbozodeportivo.com\/index.php\/2026\/07\/19\/mbappe-se-llevo-la-bota-de-oro\/#primaryimage"},"thumbnailUrl":"https:\/\/esbozodeportivo.com\/wp-content\/uploads\/2026\/07\/e110fc77-c97e-4c9e-94bb-3a74c4144b08.jpg","datePublished":"2026-07-20T01:55:44+00:00","dateModified":"2026-07-20T01:55:45+00:00","description":"Kylian Mbapp\u00e9 se llev\u00f3 la Bota de Oro del Mundial 2026, terminando la competencia con 10 goles tras un torneo espectacular en Norteam\u00e9rica. Esto a pesar de que Lionel Messi ten\u00eda una gran ventaja para aumentar su cuenta personal de ocho goles durante la final del domingo contra Espa\u00f1a.","breadcrumb":{"@id":"https:\/\/esbozodeportivo.com\/index.php\/2026\/07\/19\/mbappe-se-llevo-la-bota-de-oro\/#breadcrumb"},"inLanguage":"es","potentialAction":[{"@type":"ReadAction","target":["https:\/\/esbozodeportivo.com\/index.php\/2026\/07\/19\/mbappe-se-llevo-la-bota-de-oro\/"]}]},{"@type":"ImageObject","inLanguage":"es","@id":"https:\/\/esbozodeportivo.com\/index.php\/2026\/07\/19\/mbappe-se-llevo-la-bota-de-oro\/#primaryimage","url":"https:\/\/esbozodeportivo.com\/wp-content\/uploads\/2026\/07\/e110fc77-c97e-4c9e-94bb-3a74c4144b08.jpg","contentUrl":"https:\/\/esbozodeportivo.com\/wp-content\/uploads\/2026\/07\/e110fc77-c97e-4c9e-94bb-3a74c4144b08.jpg","width":810,"height":540},{"@type":"BreadcrumbList","@id":"https:\/\/esbozodeportivo.com\/index.php\/2026\/07\/19\/mbappe-se-llevo-la-bota-de-oro\/#breadcrumb","itemListElement":[{"@type":"ListItem","position":1,"name":"Inicio","item":"https:\/\/esbozodeportivo.com\/"},{"@type":"ListItem","position":2,"name":"Mbapp\u00e9 se llev\u00f3 la Bota de Oro"}]},{"@type":"WebSite","@id":"https:\/\/esbozodeportivo.com\/#website","url":"https:\/\/esbozodeportivo.com\/","name":"Esbozo Deportivo","description":"Lo m\u00e1s importante del Deporte","publisher":{"@id":"https:\/\/esbozodeportivo.com\/#organization"},"potentialAction":[{"@type":"SearchAction","target":{"@type":"EntryPoint","urlTemplate":"https:\/\/esbozodeportivo.com\/?s={search_term_string}"},"query-input":{"@type":"PropertyValueSpecification","valueRequired":true,"valueName":"search_term_string"}}],"inLanguage":"es"},{"@type":"Organization","@id":"https:\/\/esbozodeportivo.com\/#organization","name":"Esbozo Deportivo","url":"https:\/\/esbozodeportivo.com\/","logo":{"@type":"ImageObject","inLanguage":"es","@id":"https:\/\/esbozodeportivo.com\/#\/schema\/logo\/image\/","url":"https:\/\/esbozodeportivo.com\/wp-content\/uploads\/2022\/08\/cropped-Logo-Esbozo-Web-2.png","contentUrl":"https:\/\/esbozodeportivo.com\/wp-content\/uploads\/2022\/08\/cropped-Logo-Esbozo-Web-2.png","width":180,"height":50,"caption":"Esbozo Deportivo"},"image":{"@id":"https:\/\/esbozodeportivo.com\/#\/schema\/logo\/image\/"}},{"@type":"Person","@id":"https:\/\/esbozodeportivo.com\/#\/schema\/person\/0f6df9196dfe6740dd0bb31bae50d374","name":"Redacci\u00f3n","image":{"@type":"ImageObject","inLanguage":"es","@id":"https:\/\/esbozodeportivo.com\/#\/schema\/person\/image\/","url":"https:\/\/secure.gravatar.com\/avatar\/f55268a89c3b418f2ef172ff52ab0d09b3e653c58de29539fe329fb93d78ebf3?s=96&d=mm&r=g","contentUrl":"https:\/\/secure.gravatar.com\/avatar\/f55268a89c3b418f2ef172ff52ab0d09b3e653c58de29539fe329fb93d78ebf3?s=96&d=mm&r=g","caption":"Redacci\u00f3n"},"url":"https:\/\/esbozodeportivo.com\/index.php\/author\/redaccion\/"}]}},"jetpack_featured_media_url":"https:\/\/esbozodeportivo.com\/wp-content\/uploads\/2026\/07\/e110fc77-c97e-4c9e-94bb-3a74c4144b08.jpg","jetpack_sharing_enabled":true,"_links":{"self":[{"href":"https:\/\/esbozodeportivo.com\/index.php\/wp-json\/wp\/v2\/posts\/16315","targetHints":{"allow":["GET"]}}],"collection":[{"href":"https:\/\/esbozodeportivo.com\/index.php\/wp-json\/wp\/v2\/posts"}],"about":[{"href":"https:\/\/esbozodeportivo.com\/index.php\/wp-json\/wp\/v2\/types\/post"}],"author":[{"embeddable":true,"href":"https:\/\/esbozodeportivo.com\/index.php\/wp-json\/wp\/v2\/users\/4"}],"replies":[{"embeddable":true,"href":"https:\/\/esbozodeportivo.com\/index.php\/wp-json\/wp\/v2\/comments?post=16315"}],"version-history":[{"count":1,"href":"https:\/\/esbozodeportivo.com\/index.php\/wp-json\/wp\/v2\/posts\/16315\/revisions"}],"predecessor-version":[{"id":16316,"href":"https:\/\/esbozodeportivo.com\/index.php\/wp-json\/wp\/v2\/posts\/16315\/revisions\/16316"}],"wp:featuredmedia":[{"embeddable":true,"href":"https:\/\/esbozodeportivo.com\/index.php\/wp-json\/wp\/v2\/media\/16300"}],"wp:attachment":[{"href":"https:\/\/esbozodeportivo.com\/index.php\/wp-json\/wp\/v2\/media?parent=16315"}],"wp:term":[{"taxonomy":"category","embeddable":true,"href":"https:\/\/esbozodeportivo.com\/index.php\/wp-json\/wp\/v2\/categories?post=16315"},{"taxonomy":"post_tag","embeddable":true,"href":"https:\/\/esbozodeportivo.com\/index.php\/wp-json\/wp\/v2\/tags?post=16315"}],"curies":[{"name":"wp","href":"https:\/\/api.w.org\/{rel}","templated":true}]}}