{"id":1692,"date":"2023-10-04T03:50:18","date_gmt":"2023-10-04T03:50:18","guid":{"rendered":"https:\/\/esbozodeportivo.com\/?p=1692"},"modified":"2023-10-04T03:54:48","modified_gmt":"2023-10-04T03:54:48","slug":"comienza-el-selectivo-para-los-proximos-juegos-mundiales-de-los-trabajadores","status":"publish","type":"post","link":"https:\/\/esbozodeportivo.com\/index.php\/2023\/10\/04\/comienza-el-selectivo-para-los-proximos-juegos-mundiales-de-los-trabajadores\/","title":{"rendered":"Comienza el selectivo para los pr\u00f3ximos Juegos Mundiales de los Trabajadores"},"content":{"rendered":"<style>\/*! elementor - v3.16.0 - 20-09-2023 *\/\n.elementor-widget-image{text-align:center}.elementor-widget-image a{display:inline-block}.elementor-widget-image a img[src$=\".svg\"]{width:48px}.elementor-widget-image img{vertical-align:middle;display:inline-block}<\/style>\n<p>\t\t\t\t\t\t\t\t\t\t\t\t<img decoding=\"async\" width=\"640\" height=\"303\" src=\"https:\/\/esbozodeportivo.com\/wp-content\/uploads\/2023\/10\/Juego-Trabajadores-2-1024x484.jpg\" alt=\"\" loading=\"lazy\" srcset=\"https:\/\/esbozodeportivo.com\/wp-content\/uploads\/2023\/10\/Juego-Trabajadores-2-1024x484.jpg 1024w, https:\/\/esbozodeportivo.com\/wp-content\/uploads\/2023\/10\/Juego-Trabajadores-2-300x142.jpg 300w, https:\/\/esbozodeportivo.com\/wp-content\/uploads\/2023\/10\/Juego-Trabajadores-2-768x363.jpg 768w, https:\/\/esbozodeportivo.com\/wp-content\/uploads\/2023\/10\/Juego-Trabajadores-2-1536x726.jpg 1536w, https:\/\/esbozodeportivo.com\/wp-content\/uploads\/2023\/10\/Juego-Trabajadores-2.jpg 1600w\" sizes=\"auto, (max-width: 640px) 100vw, 640px\" \/>\t\t\t\t\t\t\t\t\t\t\t\t\t\t\t<\/p>\n<p>(Foto: INDET)<\/p>\n<p>La organizaci\u00f3n de los 51 Juegos Nacionales Deportivos y Recreativos de los Trabajadores 2023 afinan los detalles para llevar a cabo el programa del baile regional y ocho deportes, a disputarse en el Centro Vacacional IMSS Oaxtepec, del 5 al 9 de noviembre, los cuales forman parte del camino a seguir hacia el panorama internacional como los Juegos Mundiales de los Trabajadores del pr\u00f3ximo a\u00f1o.<\/p>\n<p>As\u00ed lo dio a conocer el Profesor Pablo Reyes Osorio, Secretario Ejecutivo del Instituto del Deporte de los Trabajadores (INDET) quien agradeci\u00f3 el respaldo de la Comisi\u00f3n Nacional de Cultura F\u00edsica y Deporte para organizar el evento que reunir\u00e1 a 2,500 participantes de todo el pa\u00eds en este movimiento.<\/p>\n<p>\t\t\t\t\t\t\t\t\t\t\t\t\t\t\t<img decoding=\"async\" width=\"640\" height=\"303\" src=\"https:\/\/esbozodeportivo.com\/wp-content\/uploads\/2023\/10\/Juego-Trabajadores-3-1024x484.jpg\" alt=\"\" loading=\"lazy\" srcset=\"https:\/\/esbozodeportivo.com\/wp-content\/uploads\/2023\/10\/Juego-Trabajadores-3-1024x484.jpg 1024w, https:\/\/esbozodeportivo.com\/wp-content\/uploads\/2023\/10\/Juego-Trabajadores-3-300x142.jpg 300w, https:\/\/esbozodeportivo.com\/wp-content\/uploads\/2023\/10\/Juego-Trabajadores-3-768x363.jpg 768w, https:\/\/esbozodeportivo.com\/wp-content\/uploads\/2023\/10\/Juego-Trabajadores-3-1536x726.jpg 1536w, https:\/\/esbozodeportivo.com\/wp-content\/uploads\/2023\/10\/Juego-Trabajadores-3.jpg 1600w\" sizes=\"auto, (max-width: 640px) 100vw, 640px\" \/>\t\t\t\t\t\t\t\t\t\t\t\t\t\t\t<\/p>\n<p>(Foto: INDET)<\/p>\n<p>Durante la Reuni\u00f3n T\u00e9cnica del Comit\u00e9 Organizador, realizada en las instalaciones del Congreso del Trabajo, el Profesor Pablo Reyes, en compa\u00f1\u00eda del Profesor Gonzalo Rodr\u00edguez S\u00e1nchez, Subdirector del INDET, dio a conocer los avances del evento deportivo m\u00e1s importante para el sector laboral del pa\u00eds.<\/p>\n<p>\u201cHemos avanzado con paso firme para cumplir con las necesidades deportivas, recreativas y de activaci\u00f3n f\u00edsica de m\u00e1s de 4 millones de trabajadores en la Rep\u00fablica Mexicana, hasta llegar a la final de los 51 Juegos Nacionales Deportivos y Recreativos de los Trabajadores, con el apoyo de la Comisi\u00f3n Nacional de Cultura F\u00edsica y Deporte\u201d, dijo Reyes Osorio a los miembros del panel t\u00e9cnico del evento.<\/p>\n<p>Record\u00f3 que el compromiso del INDET y del Congreso del Trabajo ha crecido con resultados como las m\u00e1s de 150 medallas alcanzadas por la delegaci\u00f3n mexicana en los Juegos Mundiales de los Trabajadores, realizados en Cervia, Italia.<\/p>\n<p>\t\t\t\t\t\t\t\t\t\t\t\t\t\t\t<img decoding=\"async\" width=\"640\" height=\"303\" src=\"https:\/\/esbozodeportivo.com\/wp-content\/uploads\/2023\/10\/Juego-Trabajadores-1-1024x484.jpg\" alt=\"\" loading=\"lazy\" srcset=\"https:\/\/esbozodeportivo.com\/wp-content\/uploads\/2023\/10\/Juego-Trabajadores-1-1024x484.jpg 1024w, https:\/\/esbozodeportivo.com\/wp-content\/uploads\/2023\/10\/Juego-Trabajadores-1-300x142.jpg 300w, https:\/\/esbozodeportivo.com\/wp-content\/uploads\/2023\/10\/Juego-Trabajadores-1-768x363.jpg 768w, https:\/\/esbozodeportivo.com\/wp-content\/uploads\/2023\/10\/Juego-Trabajadores-1-1536x726.jpg 1536w, https:\/\/esbozodeportivo.com\/wp-content\/uploads\/2023\/10\/Juego-Trabajadores-1.jpg 1600w\" sizes=\"auto, (max-width: 640px) 100vw, 640px\" \/>\t\t\t\t\t\t\t\t\t\t\t\t\t\t\t<\/p>\n<p>(Foto: INDET)<\/p>\n<p>\u201cSon resultados hist\u00f3ricos que nos motivan m\u00e1s para alcanzar nuevas metas el pr\u00f3ximo a\u00f1o. Los Juegos Nacionales Deportivos y Recreativos de los Trabajadores son nuestra base que nos ha llevado, tambi\u00e9n, a ser reconocidos con el Premio Nacional de Deportes el a\u00f1o pasado. As\u00ed que vamos a seguir luchando para que la clase obrera sea un ejemplo a seguir por las nuevas generaciones\u201d, agreg\u00f3 el Secretario Ejecutivo del INDET.<\/p>\n<p>Durante la reuni\u00f3n con los responsables t\u00e9cnicos de ajedrez, atletismo, basquetbol, baile regional, b\u00e9isbol, futbol, nataci\u00f3n, voleibol de playa, voleibol de sala, el Profesor Gonzalo Rodr\u00edguez, subdirector general del INDET, dio un amplio informe sobre el programa de competencias, llegada de las delegaciones participantes al Centro Vacacional IMSS Oaxtepec, los horarios de competencias, atenci\u00f3n m\u00e9dica y servicios de alimentaci\u00f3n, entre otros.<\/p>\n<p>\u00a0<\/p>\n<p>\t\t\t\t\t\t\t\t\t\t\t\t\t\t\t<img decoding=\"async\" width=\"640\" height=\"303\" src=\"https:\/\/esbozodeportivo.com\/wp-content\/uploads\/2023\/10\/Juego-Trabajadores-4-1024x484.jpg\" alt=\"\" loading=\"lazy\" srcset=\"https:\/\/esbozodeportivo.com\/wp-content\/uploads\/2023\/10\/Juego-Trabajadores-4-1024x484.jpg 1024w, https:\/\/esbozodeportivo.com\/wp-content\/uploads\/2023\/10\/Juego-Trabajadores-4-300x142.jpg 300w, https:\/\/esbozodeportivo.com\/wp-content\/uploads\/2023\/10\/Juego-Trabajadores-4-768x363.jpg 768w, https:\/\/esbozodeportivo.com\/wp-content\/uploads\/2023\/10\/Juego-Trabajadores-4-1536x726.jpg 1536w, https:\/\/esbozodeportivo.com\/wp-content\/uploads\/2023\/10\/Juego-Trabajadores-4.jpg 1600w\" sizes=\"auto, (max-width: 640px) 100vw, 640px\" \/>\t\t\t\t\t\t\t\t\t\t\t\t\t\t\t<\/p>\n<p>(Foto: INDET)<\/p>\n","protected":false},"excerpt":{"rendered":"<p>(Foto: INDET) La organizaci\u00f3n de los 51 Juegos Nacionales Deportivos y Recreativos de los Trabajadores<\/p>\n","protected":false},"author":2,"featured_media":0,"comment_status":"open","ping_status":"open","sticky":false,"template":"","format":"standard","meta":{"_jetpack_memberships_contains_paid_content":false,"footnotes":""},"categories":[5],"tags":[],"class_list":["post-1692","post","type-post","status-publish","format-standard","hentry","category-amateur"],"yoast_head":"<!-- This site is optimized with the Yoast SEO plugin v25.7 - https:\/\/yoast.com\/wordpress\/plugins\/seo\/ -->\n<title>Comienza el selectivo para los pr\u00f3ximos Juegos Mundiales de los Trabajadores - Esbozo Deportivo<\/title>\n<meta name=\"robots\" content=\"index, follow, max-snippet:-1, max-image-preview:large, max-video-preview:-1\" \/>\n<link rel=\"canonical\" href=\"https:\/\/esbozodeportivo.com\/index.php\/2023\/10\/04\/comienza-el-selectivo-para-los-proximos-juegos-mundiales-de-los-trabajadores\/\" \/>\n<meta property=\"og:locale\" content=\"es_MX\" \/>\n<meta property=\"og:type\" content=\"article\" \/>\n<meta property=\"og:title\" content=\"Comienza el selectivo para los pr\u00f3ximos Juegos Mundiales de los Trabajadores - Esbozo Deportivo\" \/>\n<meta property=\"og:description\" content=\"(Foto: INDET) La organizaci\u00f3n de los 51 Juegos Nacionales Deportivos y Recreativos de los Trabajadores\" \/>\n<meta property=\"og:url\" content=\"https:\/\/esbozodeportivo.com\/index.php\/2023\/10\/04\/comienza-el-selectivo-para-los-proximos-juegos-mundiales-de-los-trabajadores\/\" \/>\n<meta property=\"og:site_name\" content=\"Esbozo Deportivo\" \/>\n<meta property=\"article:published_time\" content=\"2023-10-04T03:50:18+00:00\" \/>\n<meta property=\"article:modified_time\" content=\"2023-10-04T03:54:48+00:00\" \/>\n<meta property=\"og:image\" content=\"https:\/\/esbozodeportivo.com\/wp-content\/uploads\/2023\/10\/Juego-Trabajadores-2-1024x484.jpg\" \/>\n<meta name=\"author\" content=\"Javier De La Cruz\" \/>\n<meta name=\"twitter:card\" content=\"summary_large_image\" \/>\n<meta name=\"twitter:label1\" content=\"Escrito por\" \/>\n\t<meta name=\"twitter:data1\" content=\"Javier De La Cruz\" \/>\n\t<meta name=\"twitter:label2\" content=\"Tiempo de lectura\" \/>\n\t<meta name=\"twitter:data2\" content=\"2 minutos\" \/>\n<script type=\"application\/ld+json\" class=\"yoast-schema-graph\">{\"@context\":\"https:\/\/schema.org\",\"@graph\":[{\"@type\":\"Article\",\"@id\":\"https:\/\/esbozodeportivo.com\/index.php\/2023\/10\/04\/comienza-el-selectivo-para-los-proximos-juegos-mundiales-de-los-trabajadores\/#article\",\"isPartOf\":{\"@id\":\"https:\/\/esbozodeportivo.com\/index.php\/2023\/10\/04\/comienza-el-selectivo-para-los-proximos-juegos-mundiales-de-los-trabajadores\/\"},\"author\":{\"name\":\"Javier De La Cruz\",\"@id\":\"https:\/\/esbozodeportivo.com\/#\/schema\/person\/7277119c98823aec37bbb84e125efd44\"},\"headline\":\"Comienza el selectivo para los pr\u00f3ximos Juegos Mundiales de los Trabajadores\",\"datePublished\":\"2023-10-04T03:50:18+00:00\",\"dateModified\":\"2023-10-04T03:54:48+00:00\",\"mainEntityOfPage\":{\"@id\":\"https:\/\/esbozodeportivo.com\/index.php\/2023\/10\/04\/comienza-el-selectivo-para-los-proximos-juegos-mundiales-de-los-trabajadores\/\"},\"wordCount\":440,\"commentCount\":0,\"publisher\":{\"@id\":\"https:\/\/esbozodeportivo.com\/#organization\"},\"image\":{\"@id\":\"https:\/\/esbozodeportivo.com\/index.php\/2023\/10\/04\/comienza-el-selectivo-para-los-proximos-juegos-mundiales-de-los-trabajadores\/#primaryimage\"},\"thumbnailUrl\":\"https:\/\/esbozodeportivo.com\/wp-content\/uploads\/2023\/10\/Juego-Trabajadores-2-1024x484.jpg\",\"articleSection\":[\"Amateur\"],\"inLanguage\":\"es\",\"potentialAction\":[{\"@type\":\"CommentAction\",\"name\":\"Comment\",\"target\":[\"https:\/\/esbozodeportivo.com\/index.php\/2023\/10\/04\/comienza-el-selectivo-para-los-proximos-juegos-mundiales-de-los-trabajadores\/#respond\"]}]},{\"@type\":\"WebPage\",\"@id\":\"https:\/\/esbozodeportivo.com\/index.php\/2023\/10\/04\/comienza-el-selectivo-para-los-proximos-juegos-mundiales-de-los-trabajadores\/\",\"url\":\"https:\/\/esbozodeportivo.com\/index.php\/2023\/10\/04\/comienza-el-selectivo-para-los-proximos-juegos-mundiales-de-los-trabajadores\/\",\"name\":\"Comienza el selectivo para los pr\u00f3ximos Juegos Mundiales de los Trabajadores - Esbozo Deportivo\",\"isPartOf\":{\"@id\":\"https:\/\/esbozodeportivo.com\/#website\"},\"primaryImageOfPage\":{\"@id\":\"https:\/\/esbozodeportivo.com\/index.php\/2023\/10\/04\/comienza-el-selectivo-para-los-proximos-juegos-mundiales-de-los-trabajadores\/#primaryimage\"},\"image\":{\"@id\":\"https:\/\/esbozodeportivo.com\/index.php\/2023\/10\/04\/comienza-el-selectivo-para-los-proximos-juegos-mundiales-de-los-trabajadores\/#primaryimage\"},\"thumbnailUrl\":\"https:\/\/esbozodeportivo.com\/wp-content\/uploads\/2023\/10\/Juego-Trabajadores-2-1024x484.jpg\",\"datePublished\":\"2023-10-04T03:50:18+00:00\",\"dateModified\":\"2023-10-04T03:54:48+00:00\",\"breadcrumb\":{\"@id\":\"https:\/\/esbozodeportivo.com\/index.php\/2023\/10\/04\/comienza-el-selectivo-para-los-proximos-juegos-mundiales-de-los-trabajadores\/#breadcrumb\"},\"inLanguage\":\"es\",\"potentialAction\":[{\"@type\":\"ReadAction\",\"target\":[\"https:\/\/esbozodeportivo.com\/index.php\/2023\/10\/04\/comienza-el-selectivo-para-los-proximos-juegos-mundiales-de-los-trabajadores\/\"]}]},{\"@type\":\"ImageObject\",\"inLanguage\":\"es\",\"@id\":\"https:\/\/esbozodeportivo.com\/index.php\/2023\/10\/04\/comienza-el-selectivo-para-los-proximos-juegos-mundiales-de-los-trabajadores\/#primaryimage\",\"url\":\"https:\/\/esbozodeportivo.com\/wp-content\/uploads\/2023\/10\/Juego-Trabajadores-2.jpg\",\"contentUrl\":\"https:\/\/esbozodeportivo.com\/wp-content\/uploads\/2023\/10\/Juego-Trabajadores-2.jpg\",\"width\":1600,\"height\":756},{\"@type\":\"BreadcrumbList\",\"@id\":\"https:\/\/esbozodeportivo.com\/index.php\/2023\/10\/04\/comienza-el-selectivo-para-los-proximos-juegos-mundiales-de-los-trabajadores\/#breadcrumb\",\"itemListElement\":[{\"@type\":\"ListItem\",\"position\":1,\"name\":\"Inicio\",\"item\":\"https:\/\/esbozodeportivo.com\/\"},{\"@type\":\"ListItem\",\"position\":2,\"name\":\"Comienza el selectivo para los pr\u00f3ximos Juegos Mundiales de los Trabajadores\"}]},{\"@type\":\"WebSite\",\"@id\":\"https:\/\/esbozodeportivo.com\/#website\",\"url\":\"https:\/\/esbozodeportivo.com\/\",\"name\":\"Esbozo Deportivo\",\"description\":\"Lo m\u00e1s importante del Deporte\",\"publisher\":{\"@id\":\"https:\/\/esbozodeportivo.com\/#organization\"},\"potentialAction\":[{\"@type\":\"SearchAction\",\"target\":{\"@type\":\"EntryPoint\",\"urlTemplate\":\"https:\/\/esbozodeportivo.com\/?s={search_term_string}\"},\"query-input\":{\"@type\":\"PropertyValueSpecification\",\"valueRequired\":true,\"valueName\":\"search_term_string\"}}],\"inLanguage\":\"es\"},{\"@type\":\"Organization\",\"@id\":\"https:\/\/esbozodeportivo.com\/#organization\",\"name\":\"Esbozo Deportivo\",\"url\":\"https:\/\/esbozodeportivo.com\/\",\"logo\":{\"@type\":\"ImageObject\",\"inLanguage\":\"es\",\"@id\":\"https:\/\/esbozodeportivo.com\/#\/schema\/logo\/image\/\",\"url\":\"https:\/\/esbozodeportivo.com\/wp-content\/uploads\/2022\/08\/cropped-Logo-Esbozo-Web-2.png\",\"contentUrl\":\"https:\/\/esbozodeportivo.com\/wp-content\/uploads\/2022\/08\/cropped-Logo-Esbozo-Web-2.png\",\"width\":180,\"height\":50,\"caption\":\"Esbozo Deportivo\"},\"image\":{\"@id\":\"https:\/\/esbozodeportivo.com\/#\/schema\/logo\/image\/\"}},{\"@type\":\"Person\",\"@id\":\"https:\/\/esbozodeportivo.com\/#\/schema\/person\/7277119c98823aec37bbb84e125efd44\",\"name\":\"Javier De La Cruz\",\"image\":{\"@type\":\"ImageObject\",\"inLanguage\":\"es\",\"@id\":\"https:\/\/esbozodeportivo.com\/#\/schema\/person\/image\/\",\"url\":\"https:\/\/secure.gravatar.com\/avatar\/366235a56d20f1a6e8e3d0b295897639357bea880470ddf261d17bb0bc052eb1?s=96&d=mm&r=g\",\"contentUrl\":\"https:\/\/secure.gravatar.com\/avatar\/366235a56d20f1a6e8e3d0b295897639357bea880470ddf261d17bb0bc052eb1?s=96&d=mm&r=g\",\"caption\":\"Javier De La Cruz\"},\"url\":\"https:\/\/esbozodeportivo.com\/index.php\/author\/javier-de-la-cruz-de-la-cruz\/\"}]}<\/script>\n<!-- \/ Yoast SEO plugin. -->","yoast_head_json":{"title":"Comienza el selectivo para los pr\u00f3ximos Juegos Mundiales de los Trabajadores - Esbozo Deportivo","robots":{"index":"index","follow":"follow","max-snippet":"max-snippet:-1","max-image-preview":"max-image-preview:large","max-video-preview":"max-video-preview:-1"},"canonical":"https:\/\/esbozodeportivo.com\/index.php\/2023\/10\/04\/comienza-el-selectivo-para-los-proximos-juegos-mundiales-de-los-trabajadores\/","og_locale":"es_MX","og_type":"article","og_title":"Comienza el selectivo para los pr\u00f3ximos Juegos Mundiales de los Trabajadores - Esbozo Deportivo","og_description":"(Foto: INDET) La organizaci\u00f3n de los 51 Juegos Nacionales Deportivos y Recreativos de los Trabajadores","og_url":"https:\/\/esbozodeportivo.com\/index.php\/2023\/10\/04\/comienza-el-selectivo-para-los-proximos-juegos-mundiales-de-los-trabajadores\/","og_site_name":"Esbozo Deportivo","article_published_time":"2023-10-04T03:50:18+00:00","article_modified_time":"2023-10-04T03:54:48+00:00","og_image":[{"url":"https:\/\/esbozodeportivo.com\/wp-content\/uploads\/2023\/10\/Juego-Trabajadores-2-1024x484.jpg","type":"","width":"","height":""}],"author":"Javier De La Cruz","twitter_card":"summary_large_image","twitter_misc":{"Escrito por":"Javier De La Cruz","Tiempo de lectura":"2 minutos"},"schema":{"@context":"https:\/\/schema.org","@graph":[{"@type":"Article","@id":"https:\/\/esbozodeportivo.com\/index.php\/2023\/10\/04\/comienza-el-selectivo-para-los-proximos-juegos-mundiales-de-los-trabajadores\/#article","isPartOf":{"@id":"https:\/\/esbozodeportivo.com\/index.php\/2023\/10\/04\/comienza-el-selectivo-para-los-proximos-juegos-mundiales-de-los-trabajadores\/"},"author":{"name":"Javier De La Cruz","@id":"https:\/\/esbozodeportivo.com\/#\/schema\/person\/7277119c98823aec37bbb84e125efd44"},"headline":"Comienza el selectivo para los pr\u00f3ximos Juegos Mundiales de los Trabajadores","datePublished":"2023-10-04T03:50:18+00:00","dateModified":"2023-10-04T03:54:48+00:00","mainEntityOfPage":{"@id":"https:\/\/esbozodeportivo.com\/index.php\/2023\/10\/04\/comienza-el-selectivo-para-los-proximos-juegos-mundiales-de-los-trabajadores\/"},"wordCount":440,"commentCount":0,"publisher":{"@id":"https:\/\/esbozodeportivo.com\/#organization"},"image":{"@id":"https:\/\/esbozodeportivo.com\/index.php\/2023\/10\/04\/comienza-el-selectivo-para-los-proximos-juegos-mundiales-de-los-trabajadores\/#primaryimage"},"thumbnailUrl":"https:\/\/esbozodeportivo.com\/wp-content\/uploads\/2023\/10\/Juego-Trabajadores-2-1024x484.jpg","articleSection":["Amateur"],"inLanguage":"es","potentialAction":[{"@type":"CommentAction","name":"Comment","target":["https:\/\/esbozodeportivo.com\/index.php\/2023\/10\/04\/comienza-el-selectivo-para-los-proximos-juegos-mundiales-de-los-trabajadores\/#respond"]}]},{"@type":"WebPage","@id":"https:\/\/esbozodeportivo.com\/index.php\/2023\/10\/04\/comienza-el-selectivo-para-los-proximos-juegos-mundiales-de-los-trabajadores\/","url":"https:\/\/esbozodeportivo.com\/index.php\/2023\/10\/04\/comienza-el-selectivo-para-los-proximos-juegos-mundiales-de-los-trabajadores\/","name":"Comienza el selectivo para los pr\u00f3ximos Juegos Mundiales de los Trabajadores - Esbozo Deportivo","isPartOf":{"@id":"https:\/\/esbozodeportivo.com\/#website"},"primaryImageOfPage":{"@id":"https:\/\/esbozodeportivo.com\/index.php\/2023\/10\/04\/comienza-el-selectivo-para-los-proximos-juegos-mundiales-de-los-trabajadores\/#primaryimage"},"image":{"@id":"https:\/\/esbozodeportivo.com\/index.php\/2023\/10\/04\/comienza-el-selectivo-para-los-proximos-juegos-mundiales-de-los-trabajadores\/#primaryimage"},"thumbnailUrl":"https:\/\/esbozodeportivo.com\/wp-content\/uploads\/2023\/10\/Juego-Trabajadores-2-1024x484.jpg","datePublished":"2023-10-04T03:50:18+00:00","dateModified":"2023-10-04T03:54:48+00:00","breadcrumb":{"@id":"https:\/\/esbozodeportivo.com\/index.php\/2023\/10\/04\/comienza-el-selectivo-para-los-proximos-juegos-mundiales-de-los-trabajadores\/#breadcrumb"},"inLanguage":"es","potentialAction":[{"@type":"ReadAction","target":["https:\/\/esbozodeportivo.com\/index.php\/2023\/10\/04\/comienza-el-selectivo-para-los-proximos-juegos-mundiales-de-los-trabajadores\/"]}]},{"@type":"ImageObject","inLanguage":"es","@id":"https:\/\/esbozodeportivo.com\/index.php\/2023\/10\/04\/comienza-el-selectivo-para-los-proximos-juegos-mundiales-de-los-trabajadores\/#primaryimage","url":"https:\/\/esbozodeportivo.com\/wp-content\/uploads\/2023\/10\/Juego-Trabajadores-2.jpg","contentUrl":"https:\/\/esbozodeportivo.com\/wp-content\/uploads\/2023\/10\/Juego-Trabajadores-2.jpg","width":1600,"height":756},{"@type":"BreadcrumbList","@id":"https:\/\/esbozodeportivo.com\/index.php\/2023\/10\/04\/comienza-el-selectivo-para-los-proximos-juegos-mundiales-de-los-trabajadores\/#breadcrumb","itemListElement":[{"@type":"ListItem","position":1,"name":"Inicio","item":"https:\/\/esbozodeportivo.com\/"},{"@type":"ListItem","position":2,"name":"Comienza el selectivo para los pr\u00f3ximos Juegos Mundiales de los Trabajadores"}]},{"@type":"WebSite","@id":"https:\/\/esbozodeportivo.com\/#website","url":"https:\/\/esbozodeportivo.com\/","name":"Esbozo Deportivo","description":"Lo m\u00e1s importante del Deporte","publisher":{"@id":"https:\/\/esbozodeportivo.com\/#organization"},"potentialAction":[{"@type":"SearchAction","target":{"@type":"EntryPoint","urlTemplate":"https:\/\/esbozodeportivo.com\/?s={search_term_string}"},"query-input":{"@type":"PropertyValueSpecification","valueRequired":true,"valueName":"search_term_string"}}],"inLanguage":"es"},{"@type":"Organization","@id":"https:\/\/esbozodeportivo.com\/#organization","name":"Esbozo Deportivo","url":"https:\/\/esbozodeportivo.com\/","logo":{"@type":"ImageObject","inLanguage":"es","@id":"https:\/\/esbozodeportivo.com\/#\/schema\/logo\/image\/","url":"https:\/\/esbozodeportivo.com\/wp-content\/uploads\/2022\/08\/cropped-Logo-Esbozo-Web-2.png","contentUrl":"https:\/\/esbozodeportivo.com\/wp-content\/uploads\/2022\/08\/cropped-Logo-Esbozo-Web-2.png","width":180,"height":50,"caption":"Esbozo Deportivo"},"image":{"@id":"https:\/\/esbozodeportivo.com\/#\/schema\/logo\/image\/"}},{"@type":"Person","@id":"https:\/\/esbozodeportivo.com\/#\/schema\/person\/7277119c98823aec37bbb84e125efd44","name":"Javier De La Cruz","image":{"@type":"ImageObject","inLanguage":"es","@id":"https:\/\/esbozodeportivo.com\/#\/schema\/person\/image\/","url":"https:\/\/secure.gravatar.com\/avatar\/366235a56d20f1a6e8e3d0b295897639357bea880470ddf261d17bb0bc052eb1?s=96&d=mm&r=g","contentUrl":"https:\/\/secure.gravatar.com\/avatar\/366235a56d20f1a6e8e3d0b295897639357bea880470ddf261d17bb0bc052eb1?s=96&d=mm&r=g","caption":"Javier De La Cruz"},"url":"https:\/\/esbozodeportivo.com\/index.php\/author\/javier-de-la-cruz-de-la-cruz\/"}]}},"jetpack_featured_media_url":"","jetpack_sharing_enabled":true,"_links":{"self":[{"href":"https:\/\/esbozodeportivo.com\/index.php\/wp-json\/wp\/v2\/posts\/1692","targetHints":{"allow":["GET"]}}],"collection":[{"href":"https:\/\/esbozodeportivo.com\/index.php\/wp-json\/wp\/v2\/posts"}],"about":[{"href":"https:\/\/esbozodeportivo.com\/index.php\/wp-json\/wp\/v2\/types\/post"}],"author":[{"embeddable":true,"href":"https:\/\/esbozodeportivo.com\/index.php\/wp-json\/wp\/v2\/users\/2"}],"replies":[{"embeddable":true,"href":"https:\/\/esbozodeportivo.com\/index.php\/wp-json\/wp\/v2\/comments?post=1692"}],"version-history":[{"count":4,"href":"https:\/\/esbozodeportivo.com\/index.php\/wp-json\/wp\/v2\/posts\/1692\/revisions"}],"predecessor-version":[{"id":1701,"href":"https:\/\/esbozodeportivo.com\/index.php\/wp-json\/wp\/v2\/posts\/1692\/revisions\/1701"}],"wp:attachment":[{"href":"https:\/\/esbozodeportivo.com\/index.php\/wp-json\/wp\/v2\/media?parent=1692"}],"wp:term":[{"taxonomy":"category","embeddable":true,"href":"https:\/\/esbozodeportivo.com\/index.php\/wp-json\/wp\/v2\/categories?post=1692"},{"taxonomy":"post_tag","embeddable":true,"href":"https:\/\/esbozodeportivo.com\/index.php\/wp-json\/wp\/v2\/tags?post=1692"}],"curies":[{"name":"wp","href":"https:\/\/api.w.org\/{rel}","templated":true}]}}