{"id":16998,"date":"2026-08-31T22:09:55","date_gmt":"2026-09-01T04:09:55","guid":{"rendered":"https:\/\/esbozodeportivo.com\/?p=16998"},"modified":"2026-08-31T22:09:57","modified_gmt":"2026-09-01T04:09:57","slug":"romina-dominguez-y-pablo-ernesto-tovar-a-las-finales-mundiales-de-champions-bowl-en-porec-croacia","status":"publish","type":"post","link":"https:\/\/esbozodeportivo.com\/index.php\/2026\/08\/31\/romina-dominguez-y-pablo-ernesto-tovar-a-las-finales-mundiales-de-champions-bowl-en-porec-croacia\/","title":{"rendered":"Romina Dom\u00ednguez y Pablo Ernesto Tovar, a las finales mundiales de Champions Bowl en Porec, Croacia"},"content":{"rendered":"\n<p>El Club Irland\u00e9s de Raqueta brill\u00f3 con intensidad en el firmamento ten\u00edstico y fue testigo del ascenso de dos tenistas mexicanos que concretaron su sue\u00f1o. La veracruzana Romina Dom\u00ednguez Garc\u00eda y el leon\u00e9s Pablo Ernesto Tovar ser\u00e1n los representantes mexicanos en la categor\u00eda de 17-18 a\u00f1os (2008-2009) en las finales mundiales de Champions Bowl que se disputar\u00e1n del 27 de septiembre al 4 de octubre en Porec, Croacia, luego que conquistaron el \u201cMexico Qualyfing Event\u201d que se disput\u00f3 del 28 al 30 de agosto, en ese prestigiado club de Huixquilucan, Estado de M\u00e9xico.<\/p>\n\n\n\n<p>Champions Bowl M\u00e9xico, encabezado por Javier Gait\u00e1n Estrada, quien tambi\u00e9n es presidente de la AMTP (Asociaci\u00f3n Mexicana de Tenistas Profesionales), sigue a la vanguardia en el impulso a los tenistas mexicanos, de la mano del Club Irland\u00e9s de Raqueta y su Consejo de Administraci\u00f3n que preside Luis Adri\u00e1n G\u00f3mez, con el respaldo de los vocales de tenis, Luis Beltr\u00e1n y Ricardo Trevi\u00f1o, adem\u00e1s del director de tenis, Gildardo Cort\u00e9s.<\/p>\n\n\n\n<p><strong>ROMINA DOM\u00cdNGUEZ<\/strong><\/p>\n\n\n\n<p>Romina Dom\u00ednguez Garc\u00eda, ubicada en el ranking mundial 215 de la World Tennis (antes ITF -Federaci\u00f3n Internacional de Tenis-) y ganadora de 6 t\u00edtulos de singles y 10 de dobles en ese circuito, mostr\u00f3 su superioridad en el torneo que se jug\u00f3 en formato de todas contra todas y avanz\u00f3 invicta, con triunfos sobre Mar\u00eda Jos\u00e9 Tovar, Andrea Granados y Valentina Rodr\u00edguez.<\/p>\n\n\n\n<p>La tenista veracruzana tuvo momento complicados por una lesi\u00f3n que le impidi\u00f3 participar en diversos torneos, despu\u00e9s de haber conseguido t\u00edtulos en varios torneos ITF de manera consecutiva entre el 6 de abril y el 23 de mayo, entre ellos, el J60 de Tacarigua, dos J60 en Managua y, el m\u00e1s reciente, en el J60 de Villahermosa.<\/p>\n\n\n\n<p>Sin embargo, el entusiasmo por su clasificaci\u00f3n a las finales mundiales de Champions Bowl le devolvi\u00f3 la sonrisa y la esperanza de seguir un camino dif\u00edcil, pero exitoso, hasta conseguir su sue\u00f1o que es jugar torneos WTA y aspirar a llegar a lo m\u00e1s alto.<\/p>\n\n\n\n<figure class=\"wp-block-image size-large\"><img loading=\"lazy\" decoding=\"async\" width=\"1024\" height=\"768\" src=\"https:\/\/esbozodeportivo.com\/wp-content\/uploads\/2026\/08\/73eba614-1f60-4999-9c1b-81ce07472d33-1024x768.jpg\" alt=\"\" class=\"wp-image-16999\" srcset=\"https:\/\/esbozodeportivo.com\/wp-content\/uploads\/2026\/08\/73eba614-1f60-4999-9c1b-81ce07472d33-1024x768.jpg 1024w, https:\/\/esbozodeportivo.com\/wp-content\/uploads\/2026\/08\/73eba614-1f60-4999-9c1b-81ce07472d33-300x225.jpg 300w, https:\/\/esbozodeportivo.com\/wp-content\/uploads\/2026\/08\/73eba614-1f60-4999-9c1b-81ce07472d33-768x576.jpg 768w, https:\/\/esbozodeportivo.com\/wp-content\/uploads\/2026\/08\/73eba614-1f60-4999-9c1b-81ce07472d33.jpg 1280w\" sizes=\"auto, (max-width: 1024px) 100vw, 1024px\" \/><\/figure>\n\n\n\n<p><strong>PABLO ERNESTO TOVAR<\/strong><\/p>\n\n\n\n<p>Mientras tanto, el leon\u00e9s Pablo Ernesto Tovar Alvarado sali\u00f3 en plan grande. Pareci\u00f3 muy suelto y confiado, luego que hace unas semanas conquist\u00f3 su primer torneo AMTP, en Quer\u00e9taro, por lo que lleg\u00f3 con buen match play y dispuesto a conquistar el boleto al cuadro principal de las finales en Croacia.<\/p>\n\n\n\n<p>Pablo Ernesto Tovar conquist\u00f3 su primera corona AMTP en el Abierto de Celaya 2026, que se disput\u00f3 del 17 al 19 de julio pasado, luego que en la final dio cuenta de Pablo Espinoza de los Monteros por 7-6 (5), 4-6, 7-5.<\/p>\n\n\n\n<p>En la final de este domingo en el Club Irland\u00e9s de Raqueta se impuso 6-3, 7-5 a Jos\u00e9 Alejandro Segreste, tenista local que tiene un estupendo nivel, pero que no logr\u00f3 encontrarle el ritmo a Tovar Alvarado.<\/p>\n\n\n\n<p><strong>GRAN PREMIO<\/strong><\/p>\n\n\n\n<p>Los campeones del \u201cMexico Qualyfing Event\u201d en la categor\u00eda 17-18 a\u00f1os (2008-2009) -hombre y mujer- recibir\u00e1n, adem\u00e1s de la medalla y camiseta del torneo, un boleto de avi\u00f3n, viaje redondo M\u00e9xico- Europa- M\u00e9xico, hospedaje, desayuno y comida (entrando al hotel sede el 26 de septiembre y saliendo el 4 de octubre). Los traslados internos en Europa, comidas durante el viaje y cenas durante el evento correr\u00e1n por cuenta del jugador.<\/p>\n\n\n\n<p>Los finalistas recibir\u00e1n un wild card o pase directo a las finales de Champions Bowl en Porec, Croacia, medalla y camiseta del evento. Cabe resaltar, que estos finalistas viajar\u00e1n por sus propios medios, gastos de traslado y comidas correr\u00e1n por cuenta del jugador.<\/p>\n\n\n\n<p>El \u201cM\u00e9xico Qualyfing Event\u201d se disput\u00f3 en ambas ramas, en las categor\u00edas de 9 a\u00f1os (nacidos es 2017); 10 a\u00f1os (2016); 11 a\u00f1os (2015); 12 a\u00f1os (2014), 13 a\u00f1os (2013); 14 a\u00f1os (2012); 15-16 a\u00f1os (2010-2011) y 17-18 a\u00f1os (2008-2009). Campeones y campeonas tendr\u00e1n un boleto en el cuadro principal de su categor\u00eda, en las finales mundiales de Champions Bowl en Porec, Croacia, aunque solo los de categor\u00eda 17-18 a\u00f1os tendr\u00e1n gastos pagados.<\/p>\n\n\n\n<p>El Lic. Javier Gait\u00e1n, director de Champions Bowl M\u00e9xico, indici\u00f3 que pr\u00f3ximamente se dar\u00e1n a conocer los detalles del equipo y con cu\u00e1ntos d\u00edas de anticipaci\u00f3n llegar\u00e1n para representarnos en la etapa final de Champions Bowl, en Porec, Croacia.<\/p>\n\n\n\n<p><\/p>\n","protected":false},"excerpt":{"rendered":"<p>El Club Irland\u00e9s de Raqueta brill\u00f3 con intensidad en el firmamento ten\u00edstico y fue testigo<\/p>\n","protected":false},"author":4,"featured_media":17000,"comment_status":"closed","ping_status":"open","sticky":false,"template":"","format":"standard","meta":{"_jetpack_memberships_contains_paid_content":false,"footnotes":""},"categories":[68],"tags":[],"class_list":["post-16998","post","type-post","status-publish","format-standard","has-post-thumbnail","hentry","category-tenis-2"],"yoast_head":"<!-- This site is optimized with the Yoast SEO plugin v25.7 - https:\/\/yoast.com\/wordpress\/plugins\/seo\/ -->\n<title>Romina Dom\u00ednguez y Pablo Ernesto Tovar, a las finales mundiales de Champions Bowl en Porec, Croacia - Esbozo Deportivo<\/title>\n<meta name=\"description\" content=\"El Club Irland\u00e9s de Raqueta brill\u00f3 con intensidad en el firmamento ten\u00edstico y fue testigo del ascenso de dos tenistas mexicanos que concretaron su sue\u00f1o. La veracruzana Romina Dom\u00ednguez Garc\u00eda y el leon\u00e9s Pablo Ernesto Tovar ser\u00e1n los representantes mexicanos en la categor\u00eda de 17-18 a\u00f1os\" \/>\n<meta name=\"robots\" content=\"index, follow, max-snippet:-1, max-image-preview:large, max-video-preview:-1\" \/>\n<link rel=\"canonical\" href=\"https:\/\/esbozodeportivo.com\/index.php\/2026\/08\/31\/romina-dominguez-y-pablo-ernesto-tovar-a-las-finales-mundiales-de-champions-bowl-en-porec-croacia\/\" \/>\n<meta property=\"og:locale\" content=\"es_MX\" \/>\n<meta property=\"og:type\" content=\"article\" \/>\n<meta property=\"og:title\" content=\"Romina Dom\u00ednguez y Pablo Ernesto Tovar, a las finales mundiales de Champions Bowl en Porec, Croacia - Esbozo Deportivo\" \/>\n<meta property=\"og:description\" content=\"El Club Irland\u00e9s de Raqueta brill\u00f3 con intensidad en el firmamento ten\u00edstico y fue testigo del ascenso de dos tenistas mexicanos que concretaron su sue\u00f1o. La veracruzana Romina Dom\u00ednguez Garc\u00eda y el leon\u00e9s Pablo Ernesto Tovar ser\u00e1n los representantes mexicanos en la categor\u00eda de 17-18 a\u00f1os\" \/>\n<meta property=\"og:url\" content=\"https:\/\/esbozodeportivo.com\/index.php\/2026\/08\/31\/romina-dominguez-y-pablo-ernesto-tovar-a-las-finales-mundiales-de-champions-bowl-en-porec-croacia\/\" \/>\n<meta property=\"og:site_name\" content=\"Esbozo Deportivo\" \/>\n<meta property=\"article:published_time\" content=\"2026-09-01T04:09:55+00:00\" \/>\n<meta property=\"article:modified_time\" content=\"2026-09-01T04:09:57+00:00\" \/>\n<meta property=\"og:image\" content=\"https:\/\/esbozodeportivo.com\/wp-content\/uploads\/2026\/08\/c80bb72d-6230-4afa-9901-6c0c6287f598.jpg\" \/>\n\t<meta property=\"og:image:width\" content=\"1333\" \/>\n\t<meta property=\"og:image:height\" content=\"862\" \/>\n\t<meta property=\"og:image:type\" content=\"image\/jpeg\" \/>\n<meta name=\"author\" content=\"Redacci\u00f3n\" \/>\n<meta name=\"twitter:card\" content=\"summary_large_image\" \/>\n<meta name=\"twitter:label1\" content=\"Escrito por\" \/>\n\t<meta name=\"twitter:data1\" content=\"Redacci\u00f3n\" \/>\n\t<meta name=\"twitter:label2\" content=\"Tiempo de lectura\" \/>\n\t<meta name=\"twitter:data2\" content=\"4 minutos\" \/>\n<script type=\"application\/ld+json\" class=\"yoast-schema-graph\">{\"@context\":\"https:\/\/schema.org\",\"@graph\":[{\"@type\":\"Article\",\"@id\":\"https:\/\/esbozodeportivo.com\/index.php\/2026\/08\/31\/romina-dominguez-y-pablo-ernesto-tovar-a-las-finales-mundiales-de-champions-bowl-en-porec-croacia\/#article\",\"isPartOf\":{\"@id\":\"https:\/\/esbozodeportivo.com\/index.php\/2026\/08\/31\/romina-dominguez-y-pablo-ernesto-tovar-a-las-finales-mundiales-de-champions-bowl-en-porec-croacia\/\"},\"author\":{\"name\":\"Redacci\u00f3n\",\"@id\":\"https:\/\/esbozodeportivo.com\/#\/schema\/person\/0f6df9196dfe6740dd0bb31bae50d374\"},\"headline\":\"Romina Dom\u00ednguez y Pablo Ernesto Tovar, a las finales mundiales de Champions Bowl en Porec, Croacia\",\"datePublished\":\"2026-09-01T04:09:55+00:00\",\"dateModified\":\"2026-09-01T04:09:57+00:00\",\"mainEntityOfPage\":{\"@id\":\"https:\/\/esbozodeportivo.com\/index.php\/2026\/08\/31\/romina-dominguez-y-pablo-ernesto-tovar-a-las-finales-mundiales-de-champions-bowl-en-porec-croacia\/\"},\"wordCount\":753,\"publisher\":{\"@id\":\"https:\/\/esbozodeportivo.com\/#organization\"},\"image\":{\"@id\":\"https:\/\/esbozodeportivo.com\/index.php\/2026\/08\/31\/romina-dominguez-y-pablo-ernesto-tovar-a-las-finales-mundiales-de-champions-bowl-en-porec-croacia\/#primaryimage\"},\"thumbnailUrl\":\"https:\/\/esbozodeportivo.com\/wp-content\/uploads\/2026\/08\/c80bb72d-6230-4afa-9901-6c0c6287f598.jpg\",\"articleSection\":[\"Tenis\"],\"inLanguage\":\"es\"},{\"@type\":\"WebPage\",\"@id\":\"https:\/\/esbozodeportivo.com\/index.php\/2026\/08\/31\/romina-dominguez-y-pablo-ernesto-tovar-a-las-finales-mundiales-de-champions-bowl-en-porec-croacia\/\",\"url\":\"https:\/\/esbozodeportivo.com\/index.php\/2026\/08\/31\/romina-dominguez-y-pablo-ernesto-tovar-a-las-finales-mundiales-de-champions-bowl-en-porec-croacia\/\",\"name\":\"Romina Dom\u00ednguez y Pablo Ernesto Tovar, a las finales mundiales de Champions Bowl en Porec, Croacia - Esbozo Deportivo\",\"isPartOf\":{\"@id\":\"https:\/\/esbozodeportivo.com\/#website\"},\"primaryImageOfPage\":{\"@id\":\"https:\/\/esbozodeportivo.com\/index.php\/2026\/08\/31\/romina-dominguez-y-pablo-ernesto-tovar-a-las-finales-mundiales-de-champions-bowl-en-porec-croacia\/#primaryimage\"},\"image\":{\"@id\":\"https:\/\/esbozodeportivo.com\/index.php\/2026\/08\/31\/romina-dominguez-y-pablo-ernesto-tovar-a-las-finales-mundiales-de-champions-bowl-en-porec-croacia\/#primaryimage\"},\"thumbnailUrl\":\"https:\/\/esbozodeportivo.com\/wp-content\/uploads\/2026\/08\/c80bb72d-6230-4afa-9901-6c0c6287f598.jpg\",\"datePublished\":\"2026-09-01T04:09:55+00:00\",\"dateModified\":\"2026-09-01T04:09:57+00:00\",\"description\":\"El Club Irland\u00e9s de Raqueta brill\u00f3 con intensidad en el firmamento ten\u00edstico y fue testigo del ascenso de dos tenistas mexicanos que concretaron su sue\u00f1o. La veracruzana Romina Dom\u00ednguez Garc\u00eda y el leon\u00e9s Pablo Ernesto Tovar ser\u00e1n los representantes mexicanos en la categor\u00eda de 17-18 a\u00f1os\",\"breadcrumb\":{\"@id\":\"https:\/\/esbozodeportivo.com\/index.php\/2026\/08\/31\/romina-dominguez-y-pablo-ernesto-tovar-a-las-finales-mundiales-de-champions-bowl-en-porec-croacia\/#breadcrumb\"},\"inLanguage\":\"es\",\"potentialAction\":[{\"@type\":\"ReadAction\",\"target\":[\"https:\/\/esbozodeportivo.com\/index.php\/2026\/08\/31\/romina-dominguez-y-pablo-ernesto-tovar-a-las-finales-mundiales-de-champions-bowl-en-porec-croacia\/\"]}]},{\"@type\":\"ImageObject\",\"inLanguage\":\"es\",\"@id\":\"https:\/\/esbozodeportivo.com\/index.php\/2026\/08\/31\/romina-dominguez-y-pablo-ernesto-tovar-a-las-finales-mundiales-de-champions-bowl-en-porec-croacia\/#primaryimage\",\"url\":\"https:\/\/esbozodeportivo.com\/wp-content\/uploads\/2026\/08\/c80bb72d-6230-4afa-9901-6c0c6287f598.jpg\",\"contentUrl\":\"https:\/\/esbozodeportivo.com\/wp-content\/uploads\/2026\/08\/c80bb72d-6230-4afa-9901-6c0c6287f598.jpg\",\"width\":1333,\"height\":862},{\"@type\":\"BreadcrumbList\",\"@id\":\"https:\/\/esbozodeportivo.com\/index.php\/2026\/08\/31\/romina-dominguez-y-pablo-ernesto-tovar-a-las-finales-mundiales-de-champions-bowl-en-porec-croacia\/#breadcrumb\",\"itemListElement\":[{\"@type\":\"ListItem\",\"position\":1,\"name\":\"Inicio\",\"item\":\"https:\/\/esbozodeportivo.com\/\"},{\"@type\":\"ListItem\",\"position\":2,\"name\":\"Romina Dom\u00ednguez y Pablo Ernesto Tovar, a las finales mundiales de Champions Bowl en Porec, Croacia\"}]},{\"@type\":\"WebSite\",\"@id\":\"https:\/\/esbozodeportivo.com\/#website\",\"url\":\"https:\/\/esbozodeportivo.com\/\",\"name\":\"Esbozo Deportivo\",\"description\":\"Lo m\u00e1s importante del Deporte\",\"publisher\":{\"@id\":\"https:\/\/esbozodeportivo.com\/#organization\"},\"potentialAction\":[{\"@type\":\"SearchAction\",\"target\":{\"@type\":\"EntryPoint\",\"urlTemplate\":\"https:\/\/esbozodeportivo.com\/?s={search_term_string}\"},\"query-input\":{\"@type\":\"PropertyValueSpecification\",\"valueRequired\":true,\"valueName\":\"search_term_string\"}}],\"inLanguage\":\"es\"},{\"@type\":\"Organization\",\"@id\":\"https:\/\/esbozodeportivo.com\/#organization\",\"name\":\"Esbozo Deportivo\",\"url\":\"https:\/\/esbozodeportivo.com\/\",\"logo\":{\"@type\":\"ImageObject\",\"inLanguage\":\"es\",\"@id\":\"https:\/\/esbozodeportivo.com\/#\/schema\/logo\/image\/\",\"url\":\"https:\/\/esbozodeportivo.com\/wp-content\/uploads\/2022\/08\/cropped-Logo-Esbozo-Web-2.png\",\"contentUrl\":\"https:\/\/esbozodeportivo.com\/wp-content\/uploads\/2022\/08\/cropped-Logo-Esbozo-Web-2.png\",\"width\":180,\"height\":50,\"caption\":\"Esbozo Deportivo\"},\"image\":{\"@id\":\"https:\/\/esbozodeportivo.com\/#\/schema\/logo\/image\/\"}},{\"@type\":\"Person\",\"@id\":\"https:\/\/esbozodeportivo.com\/#\/schema\/person\/0f6df9196dfe6740dd0bb31bae50d374\",\"name\":\"Redacci\u00f3n\",\"image\":{\"@type\":\"ImageObject\",\"inLanguage\":\"es\",\"@id\":\"https:\/\/esbozodeportivo.com\/#\/schema\/person\/image\/\",\"url\":\"https:\/\/secure.gravatar.com\/avatar\/f55268a89c3b418f2ef172ff52ab0d09b3e653c58de29539fe329fb93d78ebf3?s=96&d=mm&r=g\",\"contentUrl\":\"https:\/\/secure.gravatar.com\/avatar\/f55268a89c3b418f2ef172ff52ab0d09b3e653c58de29539fe329fb93d78ebf3?s=96&d=mm&r=g\",\"caption\":\"Redacci\u00f3n\"},\"url\":\"https:\/\/esbozodeportivo.com\/index.php\/author\/redaccion\/\"}]}<\/script>\n<!-- \/ Yoast SEO plugin. -->","yoast_head_json":{"title":"Romina Dom\u00ednguez y Pablo Ernesto Tovar, a las finales mundiales de Champions Bowl en Porec, Croacia - Esbozo Deportivo","description":"El Club Irland\u00e9s de Raqueta brill\u00f3 con intensidad en el firmamento ten\u00edstico y fue testigo del ascenso de dos tenistas mexicanos que concretaron su sue\u00f1o. La veracruzana Romina Dom\u00ednguez Garc\u00eda y el leon\u00e9s Pablo Ernesto Tovar ser\u00e1n los representantes mexicanos en la categor\u00eda de 17-18 a\u00f1os","robots":{"index":"index","follow":"follow","max-snippet":"max-snippet:-1","max-image-preview":"max-image-preview:large","max-video-preview":"max-video-preview:-1"},"canonical":"https:\/\/esbozodeportivo.com\/index.php\/2026\/08\/31\/romina-dominguez-y-pablo-ernesto-tovar-a-las-finales-mundiales-de-champions-bowl-en-porec-croacia\/","og_locale":"es_MX","og_type":"article","og_title":"Romina Dom\u00ednguez y Pablo Ernesto Tovar, a las finales mundiales de Champions Bowl en Porec, Croacia - Esbozo Deportivo","og_description":"El Club Irland\u00e9s de Raqueta brill\u00f3 con intensidad en el firmamento ten\u00edstico y fue testigo del ascenso de dos tenistas mexicanos que concretaron su sue\u00f1o. La veracruzana Romina Dom\u00ednguez Garc\u00eda y el leon\u00e9s Pablo Ernesto Tovar ser\u00e1n los representantes mexicanos en la categor\u00eda de 17-18 a\u00f1os","og_url":"https:\/\/esbozodeportivo.com\/index.php\/2026\/08\/31\/romina-dominguez-y-pablo-ernesto-tovar-a-las-finales-mundiales-de-champions-bowl-en-porec-croacia\/","og_site_name":"Esbozo Deportivo","article_published_time":"2026-09-01T04:09:55+00:00","article_modified_time":"2026-09-01T04:09:57+00:00","og_image":[{"width":1333,"height":862,"url":"https:\/\/esbozodeportivo.com\/wp-content\/uploads\/2026\/08\/c80bb72d-6230-4afa-9901-6c0c6287f598.jpg","type":"image\/jpeg"}],"author":"Redacci\u00f3n","twitter_card":"summary_large_image","twitter_misc":{"Escrito por":"Redacci\u00f3n","Tiempo de lectura":"4 minutos"},"schema":{"@context":"https:\/\/schema.org","@graph":[{"@type":"Article","@id":"https:\/\/esbozodeportivo.com\/index.php\/2026\/08\/31\/romina-dominguez-y-pablo-ernesto-tovar-a-las-finales-mundiales-de-champions-bowl-en-porec-croacia\/#article","isPartOf":{"@id":"https:\/\/esbozodeportivo.com\/index.php\/2026\/08\/31\/romina-dominguez-y-pablo-ernesto-tovar-a-las-finales-mundiales-de-champions-bowl-en-porec-croacia\/"},"author":{"name":"Redacci\u00f3n","@id":"https:\/\/esbozodeportivo.com\/#\/schema\/person\/0f6df9196dfe6740dd0bb31bae50d374"},"headline":"Romina Dom\u00ednguez y Pablo Ernesto Tovar, a las finales mundiales de Champions Bowl en Porec, Croacia","datePublished":"2026-09-01T04:09:55+00:00","dateModified":"2026-09-01T04:09:57+00:00","mainEntityOfPage":{"@id":"https:\/\/esbozodeportivo.com\/index.php\/2026\/08\/31\/romina-dominguez-y-pablo-ernesto-tovar-a-las-finales-mundiales-de-champions-bowl-en-porec-croacia\/"},"wordCount":753,"publisher":{"@id":"https:\/\/esbozodeportivo.com\/#organization"},"image":{"@id":"https:\/\/esbozodeportivo.com\/index.php\/2026\/08\/31\/romina-dominguez-y-pablo-ernesto-tovar-a-las-finales-mundiales-de-champions-bowl-en-porec-croacia\/#primaryimage"},"thumbnailUrl":"https:\/\/esbozodeportivo.com\/wp-content\/uploads\/2026\/08\/c80bb72d-6230-4afa-9901-6c0c6287f598.jpg","articleSection":["Tenis"],"inLanguage":"es"},{"@type":"WebPage","@id":"https:\/\/esbozodeportivo.com\/index.php\/2026\/08\/31\/romina-dominguez-y-pablo-ernesto-tovar-a-las-finales-mundiales-de-champions-bowl-en-porec-croacia\/","url":"https:\/\/esbozodeportivo.com\/index.php\/2026\/08\/31\/romina-dominguez-y-pablo-ernesto-tovar-a-las-finales-mundiales-de-champions-bowl-en-porec-croacia\/","name":"Romina Dom\u00ednguez y Pablo Ernesto Tovar, a las finales mundiales de Champions Bowl en Porec, Croacia - Esbozo Deportivo","isPartOf":{"@id":"https:\/\/esbozodeportivo.com\/#website"},"primaryImageOfPage":{"@id":"https:\/\/esbozodeportivo.com\/index.php\/2026\/08\/31\/romina-dominguez-y-pablo-ernesto-tovar-a-las-finales-mundiales-de-champions-bowl-en-porec-croacia\/#primaryimage"},"image":{"@id":"https:\/\/esbozodeportivo.com\/index.php\/2026\/08\/31\/romina-dominguez-y-pablo-ernesto-tovar-a-las-finales-mundiales-de-champions-bowl-en-porec-croacia\/#primaryimage"},"thumbnailUrl":"https:\/\/esbozodeportivo.com\/wp-content\/uploads\/2026\/08\/c80bb72d-6230-4afa-9901-6c0c6287f598.jpg","datePublished":"2026-09-01T04:09:55+00:00","dateModified":"2026-09-01T04:09:57+00:00","description":"El Club Irland\u00e9s de Raqueta brill\u00f3 con intensidad en el firmamento ten\u00edstico y fue testigo del ascenso de dos tenistas mexicanos que concretaron su sue\u00f1o. La veracruzana Romina Dom\u00ednguez Garc\u00eda y el leon\u00e9s Pablo Ernesto Tovar ser\u00e1n los representantes mexicanos en la categor\u00eda de 17-18 a\u00f1os","breadcrumb":{"@id":"https:\/\/esbozodeportivo.com\/index.php\/2026\/08\/31\/romina-dominguez-y-pablo-ernesto-tovar-a-las-finales-mundiales-de-champions-bowl-en-porec-croacia\/#breadcrumb"},"inLanguage":"es","potentialAction":[{"@type":"ReadAction","target":["https:\/\/esbozodeportivo.com\/index.php\/2026\/08\/31\/romina-dominguez-y-pablo-ernesto-tovar-a-las-finales-mundiales-de-champions-bowl-en-porec-croacia\/"]}]},{"@type":"ImageObject","inLanguage":"es","@id":"https:\/\/esbozodeportivo.com\/index.php\/2026\/08\/31\/romina-dominguez-y-pablo-ernesto-tovar-a-las-finales-mundiales-de-champions-bowl-en-porec-croacia\/#primaryimage","url":"https:\/\/esbozodeportivo.com\/wp-content\/uploads\/2026\/08\/c80bb72d-6230-4afa-9901-6c0c6287f598.jpg","contentUrl":"https:\/\/esbozodeportivo.com\/wp-content\/uploads\/2026\/08\/c80bb72d-6230-4afa-9901-6c0c6287f598.jpg","width":1333,"height":862},{"@type":"BreadcrumbList","@id":"https:\/\/esbozodeportivo.com\/index.php\/2026\/08\/31\/romina-dominguez-y-pablo-ernesto-tovar-a-las-finales-mundiales-de-champions-bowl-en-porec-croacia\/#breadcrumb","itemListElement":[{"@type":"ListItem","position":1,"name":"Inicio","item":"https:\/\/esbozodeportivo.com\/"},{"@type":"ListItem","position":2,"name":"Romina Dom\u00ednguez y Pablo Ernesto Tovar, a las finales mundiales de Champions Bowl en Porec, Croacia"}]},{"@type":"WebSite","@id":"https:\/\/esbozodeportivo.com\/#website","url":"https:\/\/esbozodeportivo.com\/","name":"Esbozo Deportivo","description":"Lo m\u00e1s importante del Deporte","publisher":{"@id":"https:\/\/esbozodeportivo.com\/#organization"},"potentialAction":[{"@type":"SearchAction","target":{"@type":"EntryPoint","urlTemplate":"https:\/\/esbozodeportivo.com\/?s={search_term_string}"},"query-input":{"@type":"PropertyValueSpecification","valueRequired":true,"valueName":"search_term_string"}}],"inLanguage":"es"},{"@type":"Organization","@id":"https:\/\/esbozodeportivo.com\/#organization","name":"Esbozo Deportivo","url":"https:\/\/esbozodeportivo.com\/","logo":{"@type":"ImageObject","inLanguage":"es","@id":"https:\/\/esbozodeportivo.com\/#\/schema\/logo\/image\/","url":"https:\/\/esbozodeportivo.com\/wp-content\/uploads\/2022\/08\/cropped-Logo-Esbozo-Web-2.png","contentUrl":"https:\/\/esbozodeportivo.com\/wp-content\/uploads\/2022\/08\/cropped-Logo-Esbozo-Web-2.png","width":180,"height":50,"caption":"Esbozo Deportivo"},"image":{"@id":"https:\/\/esbozodeportivo.com\/#\/schema\/logo\/image\/"}},{"@type":"Person","@id":"https:\/\/esbozodeportivo.com\/#\/schema\/person\/0f6df9196dfe6740dd0bb31bae50d374","name":"Redacci\u00f3n","image":{"@type":"ImageObject","inLanguage":"es","@id":"https:\/\/esbozodeportivo.com\/#\/schema\/person\/image\/","url":"https:\/\/secure.gravatar.com\/avatar\/f55268a89c3b418f2ef172ff52ab0d09b3e653c58de29539fe329fb93d78ebf3?s=96&d=mm&r=g","contentUrl":"https:\/\/secure.gravatar.com\/avatar\/f55268a89c3b418f2ef172ff52ab0d09b3e653c58de29539fe329fb93d78ebf3?s=96&d=mm&r=g","caption":"Redacci\u00f3n"},"url":"https:\/\/esbozodeportivo.com\/index.php\/author\/redaccion\/"}]}},"jetpack_featured_media_url":"https:\/\/esbozodeportivo.com\/wp-content\/uploads\/2026\/08\/c80bb72d-6230-4afa-9901-6c0c6287f598.jpg","jetpack_sharing_enabled":true,"_links":{"self":[{"href":"https:\/\/esbozodeportivo.com\/index.php\/wp-json\/wp\/v2\/posts\/16998","targetHints":{"allow":["GET"]}}],"collection":[{"href":"https:\/\/esbozodeportivo.com\/index.php\/wp-json\/wp\/v2\/posts"}],"about":[{"href":"https:\/\/esbozodeportivo.com\/index.php\/wp-json\/wp\/v2\/types\/post"}],"author":[{"embeddable":true,"href":"https:\/\/esbozodeportivo.com\/index.php\/wp-json\/wp\/v2\/users\/4"}],"replies":[{"embeddable":true,"href":"https:\/\/esbozodeportivo.com\/index.php\/wp-json\/wp\/v2\/comments?post=16998"}],"version-history":[{"count":1,"href":"https:\/\/esbozodeportivo.com\/index.php\/wp-json\/wp\/v2\/posts\/16998\/revisions"}],"predecessor-version":[{"id":17001,"href":"https:\/\/esbozodeportivo.com\/index.php\/wp-json\/wp\/v2\/posts\/16998\/revisions\/17001"}],"wp:featuredmedia":[{"embeddable":true,"href":"https:\/\/esbozodeportivo.com\/index.php\/wp-json\/wp\/v2\/media\/17000"}],"wp:attachment":[{"href":"https:\/\/esbozodeportivo.com\/index.php\/wp-json\/wp\/v2\/media?parent=16998"}],"wp:term":[{"taxonomy":"category","embeddable":true,"href":"https:\/\/esbozodeportivo.com\/index.php\/wp-json\/wp\/v2\/categories?post=16998"},{"taxonomy":"post_tag","embeddable":true,"href":"https:\/\/esbozodeportivo.com\/index.php\/wp-json\/wp\/v2\/tags?post=16998"}],"curies":[{"name":"wp","href":"https:\/\/api.w.org\/{rel}","templated":true}]}}