{"id":17011,"date":"2026-08-31T22:27:08","date_gmt":"2026-09-01T04:27:08","guid":{"rendered":"https:\/\/esbozodeportivo.com\/?p=17011"},"modified":"2026-08-31T22:27:10","modified_gmt":"2026-09-01T04:27:10","slug":"operan-con-exito-a-pogacar","status":"publish","type":"post","link":"https:\/\/esbozodeportivo.com\/index.php\/2026\/08\/31\/operan-con-exito-a-pogacar\/","title":{"rendered":"Operan con \u00e9xito a Pogacar"},"content":{"rendered":"\n<p>(Foto: Agencias) <\/p>\n\n\n\n<p>El ciclista esloveno Tadej Pogacar ha sido operado este lunes en Barcelona &#8220;con \u00e9xito&#8221; de la fractura de la clav\u00edcula izquierda que se produjo el s\u00e1bado en una ca\u00edda en el transcurso de la octava etapa de la Vuelta a Espa\u00f1a, inform\u00f3 su equipo, el UAE, en un comunicado.<\/p>\n\n\n\n<p>La intervenci\u00f3n corri\u00f3 a cargo del doctor Xavier Mir, el especialista que ha operado, entre otros, a los pilotos de MotoGP Dani Pedrosa, Jorge Lorenzo, Marc M\u00e1rquez o Jorge Mart\u00edn, y tuvo lugar en el Hospital Universitario Dexeus de la capital catalana.<\/p>\n\n\n\n<p>&#8220;Esta tarde, Tadej se ha sometido con \u00e9xito a una intervenci\u00f3n quir\u00fargica en la clav\u00edcula izquierda tras recibir el visto bueno para proceder con la operaci\u00f3n. La intervenci\u00f3n ha transcurrido sin complicaciones y permanecer\u00e1 ingresado en el hospital durante unos d\u00edas para su seguimiento postoperatorio&#8221; explica el texto.<\/p>\n\n\n\n<p>&#8220;Cuando est\u00e9 listo, Tadej viajar\u00e1 a casa para comenzar su recuperaci\u00f3n y rehabilitaci\u00f3n bajo la supervisi\u00f3n del equipo m\u00e9dico del equipo&#8221;, que seguir\u00e1 supervisando &#8220;de cerca&#8221; su evoluci\u00f3n a lo largo de todo el proceso de recuperaci\u00f3n, a\u00f1ade el comunicado de la escuadra emirat\u00ed.<\/p>\n\n\n\n<p>A consecuencia de la ca\u00edda, Pogacar sufri\u00f3 una conmoci\u00f3n cerebral, una fractura con desplazamiento de la clav\u00edcula izquierda, otra fractura cervical estable de la v\u00e9rtebra C7 y m\u00faltiples abrasiones, por lo que tuvo que abandonar la carrera cuando iba l\u00edder.<\/p>\n\n\n\n<p>El ciclista esloveno intent\u00f3 continuar pero r\u00e1pidamente se dio cuenta de que no pod\u00eda. Fue trasladado en ambulancia a un centro sanitario de la localidad de Gand\u00eda, donde fue sometido a los primeros ex\u00e1menes, y a las 02.00 horas CET (00.00 GMT del domingo) lleg\u00f3 al Hospital Universitario Dexeus.<\/p>\n\n\n\n<p>Fue su s\u00e9ptimo abandono desde que se uni\u00f3 al UAE en 2019. El \u00faltimo fue en 2023, a 84 km de la meta de la Lieja-Basto\u00f1a-Lieja, cuando se fractur\u00f3 la mu\u00f1eca izquierda y fue operado posteriormente. Sin embargo, nunca antes hab\u00eda abandonado una carrera por etapas.<\/p>\n\n\n\n<p><\/p>\n","protected":false},"excerpt":{"rendered":"<p>(Foto: Agencias) El ciclista esloveno Tadej Pogacar ha sido operado este lunes en Barcelona &#8220;con<\/p>\n","protected":false},"author":4,"featured_media":17005,"comment_status":"closed","ping_status":"open","sticky":false,"template":"","format":"standard","meta":{"_jetpack_memberships_contains_paid_content":false,"footnotes":""},"categories":[146],"tags":[],"class_list":["post-17011","post","type-post","status-publish","format-standard","has-post-thumbnail","hentry","category-tour-de-espana"],"yoast_head":"<!-- This site is optimized with the Yoast SEO plugin v25.7 - https:\/\/yoast.com\/wordpress\/plugins\/seo\/ -->\n<title>Operan con \u00e9xito a Pogacar - Esbozo Deportivo<\/title>\n<meta name=\"description\" content=\"El ciclista esloveno Tadej Pogacar ha sido operado este lunes en Barcelona &quot;con \u00e9xito&quot; de la fractura de la clav\u00edcula izquierda que se produjo el s\u00e1bado en una ca\u00edda en el transcurso de la octava etapa de la Vuelta a Espa\u00f1a, inform\u00f3 su equipo, el UAE, en un comunicado.\" \/>\n<meta name=\"robots\" content=\"index, follow, max-snippet:-1, max-image-preview:large, max-video-preview:-1\" \/>\n<link rel=\"canonical\" href=\"https:\/\/esbozodeportivo.com\/index.php\/2026\/08\/31\/operan-con-exito-a-pogacar\/\" \/>\n<meta property=\"og:locale\" content=\"es_MX\" \/>\n<meta property=\"og:type\" content=\"article\" \/>\n<meta property=\"og:title\" content=\"Operan con \u00e9xito a Pogacar - Esbozo Deportivo\" \/>\n<meta property=\"og:description\" content=\"El ciclista esloveno Tadej Pogacar ha sido operado este lunes en Barcelona &quot;con \u00e9xito&quot; de la fractura de la clav\u00edcula izquierda que se produjo el s\u00e1bado en una ca\u00edda en el transcurso de la octava etapa de la Vuelta a Espa\u00f1a, inform\u00f3 su equipo, el UAE, en un comunicado.\" \/>\n<meta property=\"og:url\" content=\"https:\/\/esbozodeportivo.com\/index.php\/2026\/08\/31\/operan-con-exito-a-pogacar\/\" \/>\n<meta property=\"og:site_name\" content=\"Esbozo Deportivo\" \/>\n<meta property=\"article:published_time\" content=\"2026-09-01T04:27:08+00:00\" \/>\n<meta property=\"article:modified_time\" content=\"2026-09-01T04:27:10+00:00\" \/>\n<meta property=\"og:image\" content=\"https:\/\/esbozodeportivo.com\/wp-content\/uploads\/2026\/08\/93cf8ed3-819e-4458-9be3-10278f7bca0f.jpg\" \/>\n\t<meta property=\"og:image:width\" content=\"979\" \/>\n\t<meta property=\"og:image:height\" content=\"653\" \/>\n\t<meta property=\"og:image:type\" content=\"image\/jpeg\" \/>\n<meta name=\"author\" content=\"Redacci\u00f3n\" \/>\n<meta name=\"twitter:card\" content=\"summary_large_image\" \/>\n<meta name=\"twitter:label1\" content=\"Escrito por\" \/>\n\t<meta name=\"twitter:data1\" content=\"Redacci\u00f3n\" \/>\n\t<meta name=\"twitter:label2\" content=\"Tiempo de lectura\" \/>\n\t<meta name=\"twitter:data2\" content=\"2 minutos\" \/>\n<script type=\"application\/ld+json\" class=\"yoast-schema-graph\">{\"@context\":\"https:\/\/schema.org\",\"@graph\":[{\"@type\":\"Article\",\"@id\":\"https:\/\/esbozodeportivo.com\/index.php\/2026\/08\/31\/operan-con-exito-a-pogacar\/#article\",\"isPartOf\":{\"@id\":\"https:\/\/esbozodeportivo.com\/index.php\/2026\/08\/31\/operan-con-exito-a-pogacar\/\"},\"author\":{\"name\":\"Redacci\u00f3n\",\"@id\":\"https:\/\/esbozodeportivo.com\/#\/schema\/person\/0f6df9196dfe6740dd0bb31bae50d374\"},\"headline\":\"Operan con \u00e9xito a Pogacar\",\"datePublished\":\"2026-09-01T04:27:08+00:00\",\"dateModified\":\"2026-09-01T04:27:10+00:00\",\"mainEntityOfPage\":{\"@id\":\"https:\/\/esbozodeportivo.com\/index.php\/2026\/08\/31\/operan-con-exito-a-pogacar\/\"},\"wordCount\":354,\"publisher\":{\"@id\":\"https:\/\/esbozodeportivo.com\/#organization\"},\"image\":{\"@id\":\"https:\/\/esbozodeportivo.com\/index.php\/2026\/08\/31\/operan-con-exito-a-pogacar\/#primaryimage\"},\"thumbnailUrl\":\"https:\/\/esbozodeportivo.com\/wp-content\/uploads\/2026\/08\/93cf8ed3-819e-4458-9be3-10278f7bca0f.jpg\",\"articleSection\":[\"Tour de Espa\u00f1a\"],\"inLanguage\":\"es\"},{\"@type\":\"WebPage\",\"@id\":\"https:\/\/esbozodeportivo.com\/index.php\/2026\/08\/31\/operan-con-exito-a-pogacar\/\",\"url\":\"https:\/\/esbozodeportivo.com\/index.php\/2026\/08\/31\/operan-con-exito-a-pogacar\/\",\"name\":\"Operan con \u00e9xito a Pogacar - Esbozo Deportivo\",\"isPartOf\":{\"@id\":\"https:\/\/esbozodeportivo.com\/#website\"},\"primaryImageOfPage\":{\"@id\":\"https:\/\/esbozodeportivo.com\/index.php\/2026\/08\/31\/operan-con-exito-a-pogacar\/#primaryimage\"},\"image\":{\"@id\":\"https:\/\/esbozodeportivo.com\/index.php\/2026\/08\/31\/operan-con-exito-a-pogacar\/#primaryimage\"},\"thumbnailUrl\":\"https:\/\/esbozodeportivo.com\/wp-content\/uploads\/2026\/08\/93cf8ed3-819e-4458-9be3-10278f7bca0f.jpg\",\"datePublished\":\"2026-09-01T04:27:08+00:00\",\"dateModified\":\"2026-09-01T04:27:10+00:00\",\"description\":\"El ciclista esloveno Tadej Pogacar ha sido operado este lunes en Barcelona \\\"con \u00e9xito\\\" de la fractura de la clav\u00edcula izquierda que se produjo el s\u00e1bado en una ca\u00edda en el transcurso de la octava etapa de la Vuelta a Espa\u00f1a, inform\u00f3 su equipo, el UAE, en un comunicado.\",\"breadcrumb\":{\"@id\":\"https:\/\/esbozodeportivo.com\/index.php\/2026\/08\/31\/operan-con-exito-a-pogacar\/#breadcrumb\"},\"inLanguage\":\"es\",\"potentialAction\":[{\"@type\":\"ReadAction\",\"target\":[\"https:\/\/esbozodeportivo.com\/index.php\/2026\/08\/31\/operan-con-exito-a-pogacar\/\"]}]},{\"@type\":\"ImageObject\",\"inLanguage\":\"es\",\"@id\":\"https:\/\/esbozodeportivo.com\/index.php\/2026\/08\/31\/operan-con-exito-a-pogacar\/#primaryimage\",\"url\":\"https:\/\/esbozodeportivo.com\/wp-content\/uploads\/2026\/08\/93cf8ed3-819e-4458-9be3-10278f7bca0f.jpg\",\"contentUrl\":\"https:\/\/esbozodeportivo.com\/wp-content\/uploads\/2026\/08\/93cf8ed3-819e-4458-9be3-10278f7bca0f.jpg\",\"width\":979,\"height\":653},{\"@type\":\"BreadcrumbList\",\"@id\":\"https:\/\/esbozodeportivo.com\/index.php\/2026\/08\/31\/operan-con-exito-a-pogacar\/#breadcrumb\",\"itemListElement\":[{\"@type\":\"ListItem\",\"position\":1,\"name\":\"Inicio\",\"item\":\"https:\/\/esbozodeportivo.com\/\"},{\"@type\":\"ListItem\",\"position\":2,\"name\":\"Operan con \u00e9xito a Pogacar\"}]},{\"@type\":\"WebSite\",\"@id\":\"https:\/\/esbozodeportivo.com\/#website\",\"url\":\"https:\/\/esbozodeportivo.com\/\",\"name\":\"Esbozo Deportivo\",\"description\":\"Lo m\u00e1s importante del Deporte\",\"publisher\":{\"@id\":\"https:\/\/esbozodeportivo.com\/#organization\"},\"potentialAction\":[{\"@type\":\"SearchAction\",\"target\":{\"@type\":\"EntryPoint\",\"urlTemplate\":\"https:\/\/esbozodeportivo.com\/?s={search_term_string}\"},\"query-input\":{\"@type\":\"PropertyValueSpecification\",\"valueRequired\":true,\"valueName\":\"search_term_string\"}}],\"inLanguage\":\"es\"},{\"@type\":\"Organization\",\"@id\":\"https:\/\/esbozodeportivo.com\/#organization\",\"name\":\"Esbozo Deportivo\",\"url\":\"https:\/\/esbozodeportivo.com\/\",\"logo\":{\"@type\":\"ImageObject\",\"inLanguage\":\"es\",\"@id\":\"https:\/\/esbozodeportivo.com\/#\/schema\/logo\/image\/\",\"url\":\"https:\/\/esbozodeportivo.com\/wp-content\/uploads\/2022\/08\/cropped-Logo-Esbozo-Web-2.png\",\"contentUrl\":\"https:\/\/esbozodeportivo.com\/wp-content\/uploads\/2022\/08\/cropped-Logo-Esbozo-Web-2.png\",\"width\":180,\"height\":50,\"caption\":\"Esbozo Deportivo\"},\"image\":{\"@id\":\"https:\/\/esbozodeportivo.com\/#\/schema\/logo\/image\/\"}},{\"@type\":\"Person\",\"@id\":\"https:\/\/esbozodeportivo.com\/#\/schema\/person\/0f6df9196dfe6740dd0bb31bae50d374\",\"name\":\"Redacci\u00f3n\",\"image\":{\"@type\":\"ImageObject\",\"inLanguage\":\"es\",\"@id\":\"https:\/\/esbozodeportivo.com\/#\/schema\/person\/image\/\",\"url\":\"https:\/\/secure.gravatar.com\/avatar\/f55268a89c3b418f2ef172ff52ab0d09b3e653c58de29539fe329fb93d78ebf3?s=96&d=mm&r=g\",\"contentUrl\":\"https:\/\/secure.gravatar.com\/avatar\/f55268a89c3b418f2ef172ff52ab0d09b3e653c58de29539fe329fb93d78ebf3?s=96&d=mm&r=g\",\"caption\":\"Redacci\u00f3n\"},\"url\":\"https:\/\/esbozodeportivo.com\/index.php\/author\/redaccion\/\"}]}<\/script>\n<!-- \/ Yoast SEO plugin. -->","yoast_head_json":{"title":"Operan con \u00e9xito a Pogacar - Esbozo Deportivo","description":"El ciclista esloveno Tadej Pogacar ha sido operado este lunes en Barcelona \"con \u00e9xito\" de la fractura de la clav\u00edcula izquierda que se produjo el s\u00e1bado en una ca\u00edda en el transcurso de la octava etapa de la Vuelta a Espa\u00f1a, inform\u00f3 su equipo, el UAE, en un comunicado.","robots":{"index":"index","follow":"follow","max-snippet":"max-snippet:-1","max-image-preview":"max-image-preview:large","max-video-preview":"max-video-preview:-1"},"canonical":"https:\/\/esbozodeportivo.com\/index.php\/2026\/08\/31\/operan-con-exito-a-pogacar\/","og_locale":"es_MX","og_type":"article","og_title":"Operan con \u00e9xito a Pogacar - Esbozo Deportivo","og_description":"El ciclista esloveno Tadej Pogacar ha sido operado este lunes en Barcelona \"con \u00e9xito\" de la fractura de la clav\u00edcula izquierda que se produjo el s\u00e1bado en una ca\u00edda en el transcurso de la octava etapa de la Vuelta a Espa\u00f1a, inform\u00f3 su equipo, el UAE, en un comunicado.","og_url":"https:\/\/esbozodeportivo.com\/index.php\/2026\/08\/31\/operan-con-exito-a-pogacar\/","og_site_name":"Esbozo Deportivo","article_published_time":"2026-09-01T04:27:08+00:00","article_modified_time":"2026-09-01T04:27:10+00:00","og_image":[{"width":979,"height":653,"url":"https:\/\/esbozodeportivo.com\/wp-content\/uploads\/2026\/08\/93cf8ed3-819e-4458-9be3-10278f7bca0f.jpg","type":"image\/jpeg"}],"author":"Redacci\u00f3n","twitter_card":"summary_large_image","twitter_misc":{"Escrito por":"Redacci\u00f3n","Tiempo de lectura":"2 minutos"},"schema":{"@context":"https:\/\/schema.org","@graph":[{"@type":"Article","@id":"https:\/\/esbozodeportivo.com\/index.php\/2026\/08\/31\/operan-con-exito-a-pogacar\/#article","isPartOf":{"@id":"https:\/\/esbozodeportivo.com\/index.php\/2026\/08\/31\/operan-con-exito-a-pogacar\/"},"author":{"name":"Redacci\u00f3n","@id":"https:\/\/esbozodeportivo.com\/#\/schema\/person\/0f6df9196dfe6740dd0bb31bae50d374"},"headline":"Operan con \u00e9xito a Pogacar","datePublished":"2026-09-01T04:27:08+00:00","dateModified":"2026-09-01T04:27:10+00:00","mainEntityOfPage":{"@id":"https:\/\/esbozodeportivo.com\/index.php\/2026\/08\/31\/operan-con-exito-a-pogacar\/"},"wordCount":354,"publisher":{"@id":"https:\/\/esbozodeportivo.com\/#organization"},"image":{"@id":"https:\/\/esbozodeportivo.com\/index.php\/2026\/08\/31\/operan-con-exito-a-pogacar\/#primaryimage"},"thumbnailUrl":"https:\/\/esbozodeportivo.com\/wp-content\/uploads\/2026\/08\/93cf8ed3-819e-4458-9be3-10278f7bca0f.jpg","articleSection":["Tour de Espa\u00f1a"],"inLanguage":"es"},{"@type":"WebPage","@id":"https:\/\/esbozodeportivo.com\/index.php\/2026\/08\/31\/operan-con-exito-a-pogacar\/","url":"https:\/\/esbozodeportivo.com\/index.php\/2026\/08\/31\/operan-con-exito-a-pogacar\/","name":"Operan con \u00e9xito a Pogacar - Esbozo Deportivo","isPartOf":{"@id":"https:\/\/esbozodeportivo.com\/#website"},"primaryImageOfPage":{"@id":"https:\/\/esbozodeportivo.com\/index.php\/2026\/08\/31\/operan-con-exito-a-pogacar\/#primaryimage"},"image":{"@id":"https:\/\/esbozodeportivo.com\/index.php\/2026\/08\/31\/operan-con-exito-a-pogacar\/#primaryimage"},"thumbnailUrl":"https:\/\/esbozodeportivo.com\/wp-content\/uploads\/2026\/08\/93cf8ed3-819e-4458-9be3-10278f7bca0f.jpg","datePublished":"2026-09-01T04:27:08+00:00","dateModified":"2026-09-01T04:27:10+00:00","description":"El ciclista esloveno Tadej Pogacar ha sido operado este lunes en Barcelona \"con \u00e9xito\" de la fractura de la clav\u00edcula izquierda que se produjo el s\u00e1bado en una ca\u00edda en el transcurso de la octava etapa de la Vuelta a Espa\u00f1a, inform\u00f3 su equipo, el UAE, en un comunicado.","breadcrumb":{"@id":"https:\/\/esbozodeportivo.com\/index.php\/2026\/08\/31\/operan-con-exito-a-pogacar\/#breadcrumb"},"inLanguage":"es","potentialAction":[{"@type":"ReadAction","target":["https:\/\/esbozodeportivo.com\/index.php\/2026\/08\/31\/operan-con-exito-a-pogacar\/"]}]},{"@type":"ImageObject","inLanguage":"es","@id":"https:\/\/esbozodeportivo.com\/index.php\/2026\/08\/31\/operan-con-exito-a-pogacar\/#primaryimage","url":"https:\/\/esbozodeportivo.com\/wp-content\/uploads\/2026\/08\/93cf8ed3-819e-4458-9be3-10278f7bca0f.jpg","contentUrl":"https:\/\/esbozodeportivo.com\/wp-content\/uploads\/2026\/08\/93cf8ed3-819e-4458-9be3-10278f7bca0f.jpg","width":979,"height":653},{"@type":"BreadcrumbList","@id":"https:\/\/esbozodeportivo.com\/index.php\/2026\/08\/31\/operan-con-exito-a-pogacar\/#breadcrumb","itemListElement":[{"@type":"ListItem","position":1,"name":"Inicio","item":"https:\/\/esbozodeportivo.com\/"},{"@type":"ListItem","position":2,"name":"Operan con \u00e9xito a Pogacar"}]},{"@type":"WebSite","@id":"https:\/\/esbozodeportivo.com\/#website","url":"https:\/\/esbozodeportivo.com\/","name":"Esbozo Deportivo","description":"Lo m\u00e1s importante del Deporte","publisher":{"@id":"https:\/\/esbozodeportivo.com\/#organization"},"potentialAction":[{"@type":"SearchAction","target":{"@type":"EntryPoint","urlTemplate":"https:\/\/esbozodeportivo.com\/?s={search_term_string}"},"query-input":{"@type":"PropertyValueSpecification","valueRequired":true,"valueName":"search_term_string"}}],"inLanguage":"es"},{"@type":"Organization","@id":"https:\/\/esbozodeportivo.com\/#organization","name":"Esbozo Deportivo","url":"https:\/\/esbozodeportivo.com\/","logo":{"@type":"ImageObject","inLanguage":"es","@id":"https:\/\/esbozodeportivo.com\/#\/schema\/logo\/image\/","url":"https:\/\/esbozodeportivo.com\/wp-content\/uploads\/2022\/08\/cropped-Logo-Esbozo-Web-2.png","contentUrl":"https:\/\/esbozodeportivo.com\/wp-content\/uploads\/2022\/08\/cropped-Logo-Esbozo-Web-2.png","width":180,"height":50,"caption":"Esbozo Deportivo"},"image":{"@id":"https:\/\/esbozodeportivo.com\/#\/schema\/logo\/image\/"}},{"@type":"Person","@id":"https:\/\/esbozodeportivo.com\/#\/schema\/person\/0f6df9196dfe6740dd0bb31bae50d374","name":"Redacci\u00f3n","image":{"@type":"ImageObject","inLanguage":"es","@id":"https:\/\/esbozodeportivo.com\/#\/schema\/person\/image\/","url":"https:\/\/secure.gravatar.com\/avatar\/f55268a89c3b418f2ef172ff52ab0d09b3e653c58de29539fe329fb93d78ebf3?s=96&d=mm&r=g","contentUrl":"https:\/\/secure.gravatar.com\/avatar\/f55268a89c3b418f2ef172ff52ab0d09b3e653c58de29539fe329fb93d78ebf3?s=96&d=mm&r=g","caption":"Redacci\u00f3n"},"url":"https:\/\/esbozodeportivo.com\/index.php\/author\/redaccion\/"}]}},"jetpack_featured_media_url":"https:\/\/esbozodeportivo.com\/wp-content\/uploads\/2026\/08\/93cf8ed3-819e-4458-9be3-10278f7bca0f.jpg","jetpack_sharing_enabled":true,"_links":{"self":[{"href":"https:\/\/esbozodeportivo.com\/index.php\/wp-json\/wp\/v2\/posts\/17011","targetHints":{"allow":["GET"]}}],"collection":[{"href":"https:\/\/esbozodeportivo.com\/index.php\/wp-json\/wp\/v2\/posts"}],"about":[{"href":"https:\/\/esbozodeportivo.com\/index.php\/wp-json\/wp\/v2\/types\/post"}],"author":[{"embeddable":true,"href":"https:\/\/esbozodeportivo.com\/index.php\/wp-json\/wp\/v2\/users\/4"}],"replies":[{"embeddable":true,"href":"https:\/\/esbozodeportivo.com\/index.php\/wp-json\/wp\/v2\/comments?post=17011"}],"version-history":[{"count":1,"href":"https:\/\/esbozodeportivo.com\/index.php\/wp-json\/wp\/v2\/posts\/17011\/revisions"}],"predecessor-version":[{"id":17012,"href":"https:\/\/esbozodeportivo.com\/index.php\/wp-json\/wp\/v2\/posts\/17011\/revisions\/17012"}],"wp:featuredmedia":[{"embeddable":true,"href":"https:\/\/esbozodeportivo.com\/index.php\/wp-json\/wp\/v2\/media\/17005"}],"wp:attachment":[{"href":"https:\/\/esbozodeportivo.com\/index.php\/wp-json\/wp\/v2\/media?parent=17011"}],"wp:term":[{"taxonomy":"category","embeddable":true,"href":"https:\/\/esbozodeportivo.com\/index.php\/wp-json\/wp\/v2\/categories?post=17011"},{"taxonomy":"post_tag","embeddable":true,"href":"https:\/\/esbozodeportivo.com\/index.php\/wp-json\/wp\/v2\/tags?post=17011"}],"curies":[{"name":"wp","href":"https:\/\/api.w.org\/{rel}","templated":true}]}}