{"id":17015,"date":"2026-08-31T22:32:05","date_gmt":"2026-09-01T04:32:05","guid":{"rendered":"https:\/\/esbozodeportivo.com\/?p=17015"},"modified":"2026-08-31T22:32:06","modified_gmt":"2026-09-01T04:32:06","slug":"jimenez-jugara-con-el-oporto","status":"publish","type":"post","link":"https:\/\/esbozodeportivo.com\/index.php\/2026\/08\/31\/jimenez-jugara-con-el-oporto\/","title":{"rendered":"Jim\u00e9nez jugar\u00e1 con el Oporto"},"content":{"rendered":"\n<p>(Foto: Agencias) <\/p>\n\n\n\n<p>El delantero mexicano Santiago Gim\u00e9nez fue presentado este lunes como nuevo jugador del Oporto, con el que jugar\u00e1 cedido por el Milan.<\/p>\n\n\n\n<p>En un comunicado, el Oporto indic\u00f3 que la cesi\u00f3n se extender\u00e1 hasta el final de la temporada actual, tras lo cual tendr\u00e1 la opci\u00f3n de adquirir al internacional azteca por 18 millones de euros.<\/p>\n\n\n\n<p>Sin embargo, la compra de Gim\u00e9nez podr\u00eda volverse obligatoria si se cumplen &#8220;ciertos objetivos deportivos&#8221;, seg\u00fan la nota del club portugu\u00e9s, que, no obstante, no especifica cu\u00e1les ser\u00e1n.<\/p>\n\n\n\n<p>En declaraciones a los medios del Oporto, Santiago Gim\u00e9nez dijo que su llegada al club ser\u00e1 &#8220;una etapa que aportar\u00e1 mucho&#8221; a su trayectoria como futbolista.<\/p>\n\n\n\n<p>&#8220;Fue una decisi\u00f3n muy importante, porque quiero seguir escribiendo mi propia historia y sentirme importante&#8221;, se\u00f1al\u00f3.<\/p>\n\n\n\n<p>&#8220;Siento que puedo aportar al Oporto una mezcla del esp\u00edritu de lucha mexicano y argentino. Es algo con lo que me identifico, juego con esa pasi\u00f3n y quiero contagiar a mis compa\u00f1eros con esta pasi\u00f3n que tengo&#8221;, agreg\u00f3.<\/p>\n\n\n\n<p>Gim\u00e9nez, de 25 a\u00f1os, se une al campe\u00f3n de Portugal en busca de minutos de juego y goles, despu\u00e9s de haber marcado solo siete en la temporada y media que jug\u00f3 con el Milan.<\/p>\n\n\n\n<p>Las estad\u00edsticas de Gim\u00e9nez con la camiseta &#8216;rossonera&#8217; difieren de las de su etapa en el Feyenoord, en el que anot\u00f3 65 goles en 105 partidos, lo que contribuy\u00f3 a la conquista de una Liga, una Copa y una Supercopa de Pa\u00edses Bajos.<\/p>\n\n\n\n<p>El nuevo delantero del Oporto representa a la selecci\u00f3n de M\u00e9xico, pero naci\u00f3 en Buenos Aires (Argentina), donde su padre, el excentrocampista argentino naturalizado mexicano Christian &#8216;Chaco&#8217; Gim\u00e9nez, jugaba por aquel entonces en el Boca Juniors.<\/p>\n\n\n\n<p>Sin embargo, el club m\u00e1s importante en la carrera de su progenitor fue el Cruz Azul, y fue precisamente en &#8216;La M\u00e1quina Celeste&#8217; donde Santiago comenz\u00f3 su trayectoria, pasando por las categor\u00edas inferiores hasta llegar al primer equipo, donde conquist\u00f3 varios trofeos, entre ellos la Liga MX.<\/p>\n\n\n\n<p>Gim\u00e9nez se suma ahora a la lista de futbolistas mexicanos que han vestido los colores del Oporto, en el que grandes nombres del f\u00fatbol azteca como H\u00e9ctor Herrera, Jes\u00fas &#8216;Tecatito&#8217; Corona, Miguel Lay\u00fan o Diego Reyes dejaron un importante legado.<\/p>\n\n\n\n<p>El Oporto tambi\u00e9n cuenta con dos escuelas de formaci\u00f3n en territorio mexicano, una en Monterrey y otra reci\u00e9n inaugurada en la Ciudad de M\u00e9xico.<\/p>\n\n\n\n<p><\/p>\n","protected":false},"excerpt":{"rendered":"<p>(Foto: Agencias) El delantero mexicano Santiago Gim\u00e9nez fue presentado este lunes como nuevo jugador del<\/p>\n","protected":false},"author":4,"featured_media":17009,"comment_status":"closed","ping_status":"open","sticky":false,"template":"","format":"standard","meta":{"_jetpack_memberships_contains_paid_content":false,"footnotes":""},"categories":[14],"tags":[],"class_list":["post-17015","post","type-post","status-publish","format-standard","has-post-thumbnail","hentry","category-futbol"],"yoast_head":"<!-- This site is optimized with the Yoast SEO plugin v25.7 - https:\/\/yoast.com\/wordpress\/plugins\/seo\/ -->\n<title>Jim\u00e9nez jugar\u00e1 con el Oporto - Esbozo Deportivo<\/title>\n<meta name=\"description\" content=\"El delantero mexicano Santiago Gim\u00e9nez fue presentado este lunes como nuevo jugador del Oporto, con el que jugar\u00e1 cedido por el Milan.\" \/>\n<meta name=\"robots\" content=\"index, follow, max-snippet:-1, max-image-preview:large, max-video-preview:-1\" \/>\n<link rel=\"canonical\" href=\"https:\/\/esbozodeportivo.com\/index.php\/2026\/08\/31\/jimenez-jugara-con-el-oporto\/\" \/>\n<meta property=\"og:locale\" content=\"es_MX\" \/>\n<meta property=\"og:type\" content=\"article\" \/>\n<meta property=\"og:title\" content=\"Jim\u00e9nez jugar\u00e1 con el Oporto - Esbozo Deportivo\" \/>\n<meta property=\"og:description\" content=\"El delantero mexicano Santiago Gim\u00e9nez fue presentado este lunes como nuevo jugador del Oporto, con el que jugar\u00e1 cedido por el Milan.\" \/>\n<meta property=\"og:url\" content=\"https:\/\/esbozodeportivo.com\/index.php\/2026\/08\/31\/jimenez-jugara-con-el-oporto\/\" \/>\n<meta property=\"og:site_name\" content=\"Esbozo Deportivo\" \/>\n<meta property=\"article:published_time\" content=\"2026-09-01T04:32:05+00:00\" \/>\n<meta property=\"article:modified_time\" content=\"2026-09-01T04:32:06+00:00\" \/>\n<meta property=\"og:image\" content=\"https:\/\/esbozodeportivo.com\/wp-content\/uploads\/2026\/08\/eb4a3a6b-e775-47de-8f29-b52f10d924e9.jpg\" \/>\n\t<meta property=\"og:image:width\" content=\"813\" \/>\n\t<meta property=\"og:image:height\" content=\"542\" \/>\n\t<meta property=\"og:image:type\" content=\"image\/jpeg\" \/>\n<meta name=\"author\" content=\"Redacci\u00f3n\" \/>\n<meta name=\"twitter:card\" content=\"summary_large_image\" \/>\n<meta name=\"twitter:label1\" content=\"Escrito por\" \/>\n\t<meta name=\"twitter:data1\" content=\"Redacci\u00f3n\" \/>\n\t<meta name=\"twitter:label2\" content=\"Tiempo de lectura\" \/>\n\t<meta name=\"twitter:data2\" content=\"2 minutos\" \/>\n<script type=\"application\/ld+json\" class=\"yoast-schema-graph\">{\"@context\":\"https:\/\/schema.org\",\"@graph\":[{\"@type\":\"Article\",\"@id\":\"https:\/\/esbozodeportivo.com\/index.php\/2026\/08\/31\/jimenez-jugara-con-el-oporto\/#article\",\"isPartOf\":{\"@id\":\"https:\/\/esbozodeportivo.com\/index.php\/2026\/08\/31\/jimenez-jugara-con-el-oporto\/\"},\"author\":{\"name\":\"Redacci\u00f3n\",\"@id\":\"https:\/\/esbozodeportivo.com\/#\/schema\/person\/0f6df9196dfe6740dd0bb31bae50d374\"},\"headline\":\"Jim\u00e9nez jugar\u00e1 con el Oporto\",\"datePublished\":\"2026-09-01T04:32:05+00:00\",\"dateModified\":\"2026-09-01T04:32:06+00:00\",\"mainEntityOfPage\":{\"@id\":\"https:\/\/esbozodeportivo.com\/index.php\/2026\/08\/31\/jimenez-jugara-con-el-oporto\/\"},\"wordCount\":430,\"publisher\":{\"@id\":\"https:\/\/esbozodeportivo.com\/#organization\"},\"image\":{\"@id\":\"https:\/\/esbozodeportivo.com\/index.php\/2026\/08\/31\/jimenez-jugara-con-el-oporto\/#primaryimage\"},\"thumbnailUrl\":\"https:\/\/esbozodeportivo.com\/wp-content\/uploads\/2026\/08\/eb4a3a6b-e775-47de-8f29-b52f10d924e9.jpg\",\"articleSection\":[\"Futbol Internacional\"],\"inLanguage\":\"es\"},{\"@type\":\"WebPage\",\"@id\":\"https:\/\/esbozodeportivo.com\/index.php\/2026\/08\/31\/jimenez-jugara-con-el-oporto\/\",\"url\":\"https:\/\/esbozodeportivo.com\/index.php\/2026\/08\/31\/jimenez-jugara-con-el-oporto\/\",\"name\":\"Jim\u00e9nez jugar\u00e1 con el Oporto - Esbozo Deportivo\",\"isPartOf\":{\"@id\":\"https:\/\/esbozodeportivo.com\/#website\"},\"primaryImageOfPage\":{\"@id\":\"https:\/\/esbozodeportivo.com\/index.php\/2026\/08\/31\/jimenez-jugara-con-el-oporto\/#primaryimage\"},\"image\":{\"@id\":\"https:\/\/esbozodeportivo.com\/index.php\/2026\/08\/31\/jimenez-jugara-con-el-oporto\/#primaryimage\"},\"thumbnailUrl\":\"https:\/\/esbozodeportivo.com\/wp-content\/uploads\/2026\/08\/eb4a3a6b-e775-47de-8f29-b52f10d924e9.jpg\",\"datePublished\":\"2026-09-01T04:32:05+00:00\",\"dateModified\":\"2026-09-01T04:32:06+00:00\",\"description\":\"El delantero mexicano Santiago Gim\u00e9nez fue presentado este lunes como nuevo jugador del Oporto, con el que jugar\u00e1 cedido por el Milan.\",\"breadcrumb\":{\"@id\":\"https:\/\/esbozodeportivo.com\/index.php\/2026\/08\/31\/jimenez-jugara-con-el-oporto\/#breadcrumb\"},\"inLanguage\":\"es\",\"potentialAction\":[{\"@type\":\"ReadAction\",\"target\":[\"https:\/\/esbozodeportivo.com\/index.php\/2026\/08\/31\/jimenez-jugara-con-el-oporto\/\"]}]},{\"@type\":\"ImageObject\",\"inLanguage\":\"es\",\"@id\":\"https:\/\/esbozodeportivo.com\/index.php\/2026\/08\/31\/jimenez-jugara-con-el-oporto\/#primaryimage\",\"url\":\"https:\/\/esbozodeportivo.com\/wp-content\/uploads\/2026\/08\/eb4a3a6b-e775-47de-8f29-b52f10d924e9.jpg\",\"contentUrl\":\"https:\/\/esbozodeportivo.com\/wp-content\/uploads\/2026\/08\/eb4a3a6b-e775-47de-8f29-b52f10d924e9.jpg\",\"width\":813,\"height\":542},{\"@type\":\"BreadcrumbList\",\"@id\":\"https:\/\/esbozodeportivo.com\/index.php\/2026\/08\/31\/jimenez-jugara-con-el-oporto\/#breadcrumb\",\"itemListElement\":[{\"@type\":\"ListItem\",\"position\":1,\"name\":\"Inicio\",\"item\":\"https:\/\/esbozodeportivo.com\/\"},{\"@type\":\"ListItem\",\"position\":2,\"name\":\"Jim\u00e9nez jugar\u00e1 con el Oporto\"}]},{\"@type\":\"WebSite\",\"@id\":\"https:\/\/esbozodeportivo.com\/#website\",\"url\":\"https:\/\/esbozodeportivo.com\/\",\"name\":\"Esbozo Deportivo\",\"description\":\"Lo m\u00e1s importante del Deporte\",\"publisher\":{\"@id\":\"https:\/\/esbozodeportivo.com\/#organization\"},\"potentialAction\":[{\"@type\":\"SearchAction\",\"target\":{\"@type\":\"EntryPoint\",\"urlTemplate\":\"https:\/\/esbozodeportivo.com\/?s={search_term_string}\"},\"query-input\":{\"@type\":\"PropertyValueSpecification\",\"valueRequired\":true,\"valueName\":\"search_term_string\"}}],\"inLanguage\":\"es\"},{\"@type\":\"Organization\",\"@id\":\"https:\/\/esbozodeportivo.com\/#organization\",\"name\":\"Esbozo Deportivo\",\"url\":\"https:\/\/esbozodeportivo.com\/\",\"logo\":{\"@type\":\"ImageObject\",\"inLanguage\":\"es\",\"@id\":\"https:\/\/esbozodeportivo.com\/#\/schema\/logo\/image\/\",\"url\":\"https:\/\/esbozodeportivo.com\/wp-content\/uploads\/2022\/08\/cropped-Logo-Esbozo-Web-2.png\",\"contentUrl\":\"https:\/\/esbozodeportivo.com\/wp-content\/uploads\/2022\/08\/cropped-Logo-Esbozo-Web-2.png\",\"width\":180,\"height\":50,\"caption\":\"Esbozo Deportivo\"},\"image\":{\"@id\":\"https:\/\/esbozodeportivo.com\/#\/schema\/logo\/image\/\"}},{\"@type\":\"Person\",\"@id\":\"https:\/\/esbozodeportivo.com\/#\/schema\/person\/0f6df9196dfe6740dd0bb31bae50d374\",\"name\":\"Redacci\u00f3n\",\"image\":{\"@type\":\"ImageObject\",\"inLanguage\":\"es\",\"@id\":\"https:\/\/esbozodeportivo.com\/#\/schema\/person\/image\/\",\"url\":\"https:\/\/secure.gravatar.com\/avatar\/f55268a89c3b418f2ef172ff52ab0d09b3e653c58de29539fe329fb93d78ebf3?s=96&d=mm&r=g\",\"contentUrl\":\"https:\/\/secure.gravatar.com\/avatar\/f55268a89c3b418f2ef172ff52ab0d09b3e653c58de29539fe329fb93d78ebf3?s=96&d=mm&r=g\",\"caption\":\"Redacci\u00f3n\"},\"url\":\"https:\/\/esbozodeportivo.com\/index.php\/author\/redaccion\/\"}]}<\/script>\n<!-- \/ Yoast SEO plugin. -->","yoast_head_json":{"title":"Jim\u00e9nez jugar\u00e1 con el Oporto - Esbozo Deportivo","description":"El delantero mexicano Santiago Gim\u00e9nez fue presentado este lunes como nuevo jugador del Oporto, con el que jugar\u00e1 cedido por el Milan.","robots":{"index":"index","follow":"follow","max-snippet":"max-snippet:-1","max-image-preview":"max-image-preview:large","max-video-preview":"max-video-preview:-1"},"canonical":"https:\/\/esbozodeportivo.com\/index.php\/2026\/08\/31\/jimenez-jugara-con-el-oporto\/","og_locale":"es_MX","og_type":"article","og_title":"Jim\u00e9nez jugar\u00e1 con el Oporto - Esbozo Deportivo","og_description":"El delantero mexicano Santiago Gim\u00e9nez fue presentado este lunes como nuevo jugador del Oporto, con el que jugar\u00e1 cedido por el Milan.","og_url":"https:\/\/esbozodeportivo.com\/index.php\/2026\/08\/31\/jimenez-jugara-con-el-oporto\/","og_site_name":"Esbozo Deportivo","article_published_time":"2026-09-01T04:32:05+00:00","article_modified_time":"2026-09-01T04:32:06+00:00","og_image":[{"width":813,"height":542,"url":"https:\/\/esbozodeportivo.com\/wp-content\/uploads\/2026\/08\/eb4a3a6b-e775-47de-8f29-b52f10d924e9.jpg","type":"image\/jpeg"}],"author":"Redacci\u00f3n","twitter_card":"summary_large_image","twitter_misc":{"Escrito por":"Redacci\u00f3n","Tiempo de lectura":"2 minutos"},"schema":{"@context":"https:\/\/schema.org","@graph":[{"@type":"Article","@id":"https:\/\/esbozodeportivo.com\/index.php\/2026\/08\/31\/jimenez-jugara-con-el-oporto\/#article","isPartOf":{"@id":"https:\/\/esbozodeportivo.com\/index.php\/2026\/08\/31\/jimenez-jugara-con-el-oporto\/"},"author":{"name":"Redacci\u00f3n","@id":"https:\/\/esbozodeportivo.com\/#\/schema\/person\/0f6df9196dfe6740dd0bb31bae50d374"},"headline":"Jim\u00e9nez jugar\u00e1 con el Oporto","datePublished":"2026-09-01T04:32:05+00:00","dateModified":"2026-09-01T04:32:06+00:00","mainEntityOfPage":{"@id":"https:\/\/esbozodeportivo.com\/index.php\/2026\/08\/31\/jimenez-jugara-con-el-oporto\/"},"wordCount":430,"publisher":{"@id":"https:\/\/esbozodeportivo.com\/#organization"},"image":{"@id":"https:\/\/esbozodeportivo.com\/index.php\/2026\/08\/31\/jimenez-jugara-con-el-oporto\/#primaryimage"},"thumbnailUrl":"https:\/\/esbozodeportivo.com\/wp-content\/uploads\/2026\/08\/eb4a3a6b-e775-47de-8f29-b52f10d924e9.jpg","articleSection":["Futbol Internacional"],"inLanguage":"es"},{"@type":"WebPage","@id":"https:\/\/esbozodeportivo.com\/index.php\/2026\/08\/31\/jimenez-jugara-con-el-oporto\/","url":"https:\/\/esbozodeportivo.com\/index.php\/2026\/08\/31\/jimenez-jugara-con-el-oporto\/","name":"Jim\u00e9nez jugar\u00e1 con el Oporto - Esbozo Deportivo","isPartOf":{"@id":"https:\/\/esbozodeportivo.com\/#website"},"primaryImageOfPage":{"@id":"https:\/\/esbozodeportivo.com\/index.php\/2026\/08\/31\/jimenez-jugara-con-el-oporto\/#primaryimage"},"image":{"@id":"https:\/\/esbozodeportivo.com\/index.php\/2026\/08\/31\/jimenez-jugara-con-el-oporto\/#primaryimage"},"thumbnailUrl":"https:\/\/esbozodeportivo.com\/wp-content\/uploads\/2026\/08\/eb4a3a6b-e775-47de-8f29-b52f10d924e9.jpg","datePublished":"2026-09-01T04:32:05+00:00","dateModified":"2026-09-01T04:32:06+00:00","description":"El delantero mexicano Santiago Gim\u00e9nez fue presentado este lunes como nuevo jugador del Oporto, con el que jugar\u00e1 cedido por el Milan.","breadcrumb":{"@id":"https:\/\/esbozodeportivo.com\/index.php\/2026\/08\/31\/jimenez-jugara-con-el-oporto\/#breadcrumb"},"inLanguage":"es","potentialAction":[{"@type":"ReadAction","target":["https:\/\/esbozodeportivo.com\/index.php\/2026\/08\/31\/jimenez-jugara-con-el-oporto\/"]}]},{"@type":"ImageObject","inLanguage":"es","@id":"https:\/\/esbozodeportivo.com\/index.php\/2026\/08\/31\/jimenez-jugara-con-el-oporto\/#primaryimage","url":"https:\/\/esbozodeportivo.com\/wp-content\/uploads\/2026\/08\/eb4a3a6b-e775-47de-8f29-b52f10d924e9.jpg","contentUrl":"https:\/\/esbozodeportivo.com\/wp-content\/uploads\/2026\/08\/eb4a3a6b-e775-47de-8f29-b52f10d924e9.jpg","width":813,"height":542},{"@type":"BreadcrumbList","@id":"https:\/\/esbozodeportivo.com\/index.php\/2026\/08\/31\/jimenez-jugara-con-el-oporto\/#breadcrumb","itemListElement":[{"@type":"ListItem","position":1,"name":"Inicio","item":"https:\/\/esbozodeportivo.com\/"},{"@type":"ListItem","position":2,"name":"Jim\u00e9nez jugar\u00e1 con el Oporto"}]},{"@type":"WebSite","@id":"https:\/\/esbozodeportivo.com\/#website","url":"https:\/\/esbozodeportivo.com\/","name":"Esbozo Deportivo","description":"Lo m\u00e1s importante del Deporte","publisher":{"@id":"https:\/\/esbozodeportivo.com\/#organization"},"potentialAction":[{"@type":"SearchAction","target":{"@type":"EntryPoint","urlTemplate":"https:\/\/esbozodeportivo.com\/?s={search_term_string}"},"query-input":{"@type":"PropertyValueSpecification","valueRequired":true,"valueName":"search_term_string"}}],"inLanguage":"es"},{"@type":"Organization","@id":"https:\/\/esbozodeportivo.com\/#organization","name":"Esbozo Deportivo","url":"https:\/\/esbozodeportivo.com\/","logo":{"@type":"ImageObject","inLanguage":"es","@id":"https:\/\/esbozodeportivo.com\/#\/schema\/logo\/image\/","url":"https:\/\/esbozodeportivo.com\/wp-content\/uploads\/2022\/08\/cropped-Logo-Esbozo-Web-2.png","contentUrl":"https:\/\/esbozodeportivo.com\/wp-content\/uploads\/2022\/08\/cropped-Logo-Esbozo-Web-2.png","width":180,"height":50,"caption":"Esbozo Deportivo"},"image":{"@id":"https:\/\/esbozodeportivo.com\/#\/schema\/logo\/image\/"}},{"@type":"Person","@id":"https:\/\/esbozodeportivo.com\/#\/schema\/person\/0f6df9196dfe6740dd0bb31bae50d374","name":"Redacci\u00f3n","image":{"@type":"ImageObject","inLanguage":"es","@id":"https:\/\/esbozodeportivo.com\/#\/schema\/person\/image\/","url":"https:\/\/secure.gravatar.com\/avatar\/f55268a89c3b418f2ef172ff52ab0d09b3e653c58de29539fe329fb93d78ebf3?s=96&d=mm&r=g","contentUrl":"https:\/\/secure.gravatar.com\/avatar\/f55268a89c3b418f2ef172ff52ab0d09b3e653c58de29539fe329fb93d78ebf3?s=96&d=mm&r=g","caption":"Redacci\u00f3n"},"url":"https:\/\/esbozodeportivo.com\/index.php\/author\/redaccion\/"}]}},"jetpack_featured_media_url":"https:\/\/esbozodeportivo.com\/wp-content\/uploads\/2026\/08\/eb4a3a6b-e775-47de-8f29-b52f10d924e9.jpg","jetpack_sharing_enabled":true,"_links":{"self":[{"href":"https:\/\/esbozodeportivo.com\/index.php\/wp-json\/wp\/v2\/posts\/17015","targetHints":{"allow":["GET"]}}],"collection":[{"href":"https:\/\/esbozodeportivo.com\/index.php\/wp-json\/wp\/v2\/posts"}],"about":[{"href":"https:\/\/esbozodeportivo.com\/index.php\/wp-json\/wp\/v2\/types\/post"}],"author":[{"embeddable":true,"href":"https:\/\/esbozodeportivo.com\/index.php\/wp-json\/wp\/v2\/users\/4"}],"replies":[{"embeddable":true,"href":"https:\/\/esbozodeportivo.com\/index.php\/wp-json\/wp\/v2\/comments?post=17015"}],"version-history":[{"count":1,"href":"https:\/\/esbozodeportivo.com\/index.php\/wp-json\/wp\/v2\/posts\/17015\/revisions"}],"predecessor-version":[{"id":17016,"href":"https:\/\/esbozodeportivo.com\/index.php\/wp-json\/wp\/v2\/posts\/17015\/revisions\/17016"}],"wp:featuredmedia":[{"embeddable":true,"href":"https:\/\/esbozodeportivo.com\/index.php\/wp-json\/wp\/v2\/media\/17009"}],"wp:attachment":[{"href":"https:\/\/esbozodeportivo.com\/index.php\/wp-json\/wp\/v2\/media?parent=17015"}],"wp:term":[{"taxonomy":"category","embeddable":true,"href":"https:\/\/esbozodeportivo.com\/index.php\/wp-json\/wp\/v2\/categories?post=17015"},{"taxonomy":"post_tag","embeddable":true,"href":"https:\/\/esbozodeportivo.com\/index.php\/wp-json\/wp\/v2\/tags?post=17015"}],"curies":[{"name":"wp","href":"https:\/\/api.w.org\/{rel}","templated":true}]}}