{"id":17017,"date":"2026-08-31T22:35:06","date_gmt":"2026-09-01T04:35:06","guid":{"rendered":"https:\/\/esbozodeportivo.com\/?p=17017"},"modified":"2026-08-31T22:35:08","modified_gmt":"2026-09-01T04:35:08","slug":"ya-no-tengo-nada-mas-que-dar-messi","status":"publish","type":"post","link":"https:\/\/esbozodeportivo.com\/index.php\/2026\/08\/31\/ya-no-tengo-nada-mas-que-dar-messi\/","title":{"rendered":"&#8220;Ya no tengo nada m\u00e1s que dar&#8221;: Messi"},"content":{"rendered":"\n<p>(Foto: Agencias) <\/p>\n\n\n\n<p>El delantero argentino Lionel Messi ha anunciado su retirada del f\u00fatbol internacional. En una publicaci\u00f3n en Instagram, el delantero del Inter Miami, considerado uno de los mejores futbolistas de todos los tiempos, afirm\u00f3 que fue una &#8220;decisi\u00f3n dolorosa&#8221;, pero que sab\u00eda que era el momento adecuado para dejar la Albiceleste.<\/p>\n\n\n\n<p>&#8220;Les juro que siempre lo he dado todo, no solo en los \u00faltimos a\u00f1os, sino tambi\u00e9n en el pasado, y siempre he luchado con todas mis fuerzas y lo he dado todo por esta camiseta, para darles alegr\u00eda y que se sientan orgullosos de ser argentinos a trav\u00e9s del f\u00fatbol&#8221;, escribi\u00f3, agradeciendo tambi\u00e9n a la afici\u00f3n y a su familia el apoyo recibido a lo largo de los a\u00f1os.<\/p>\n\n\n\n<p>&#8220;Lo he dado todo; ya no tengo nada m\u00e1s que dar, y adem\u00e1s, hay j\u00f3venes talentos que vienen pisando fuerte y que merecen su lugar&#8221;, agreg\u00f3.<\/p>\n\n\n\n<p>La decisi\u00f3n llega poco despu\u00e9s del fallecimiento de su padre, Jorge Messi, lo que llev\u00f3 al exjugador del Barcelona y del Paris Saint-Germain a reflexionar sobre su futuro.<\/p>\n\n\n\n<p>Tras haber ganado pr\u00e1cticamente todo a nivel de clubes, parec\u00eda que un gran trofeo internacional se le escapar\u00eda al maestro argentino hasta que, en 2022, logr\u00f3 levantar el trofeo de la Copa del Mundo en Qatar tras una dram\u00e1tica victoria en la tanda de penaltis contra Francia.<\/p>\n\n\n\n<p>Este verano volvi\u00f3 a rozar la gloria despu\u00e9s de liderar a Argentina a la final del Mundial de Norteam\u00e9rica, celebrada en Nueva Jersey el pasado 19 de julio. Sin embargo, finalmente fue la selecci\u00f3n espa\u00f1ola la que se alz\u00f3 con la copa, gracias a un gol de Ferr\u00e1n Torres en la pr\u00f3rroga.<\/p>\n\n\n\n<p>Nacido en Rosario, Argentina, en 1987, Messi lleg\u00f3 a jugar en las categor\u00edas inferiores del Newell&#8217;s Old Boys, antes de dar el salto, siendo apenas un ni\u00f1o, al FC Barcelona, donde debut\u00f3 como futbolista profesional en un partido de exhibici\u00f3n de la mano de Frank Rijkaard, el 16 de noviembre de 2003, con apenas 16 a\u00f1os y 145 d\u00edas de edad.<\/p>\n\n\n\n<p>En un principio, parec\u00eda que el astro argentino no llegar\u00eda a alcanzar todo su potencial, debido a las numerosas lesiones musculares que sufri\u00f3 durante sus primeros a\u00f1os. Sin embargo, con el paso de las temporadas, Messi no solo dej\u00f3 atr\u00e1s las lesiones, sino que se asent\u00f3 en el primer equipo y se acab\u00f3 convirtiendo en la estrella de un Bar\u00e7a que, bajo la batuta de Pep Guardiola, era visto como uno de los equipos m\u00e1s memorables de la historia del deporte rey.<\/p>\n\n\n\n<p>Con el FC Barcelona conquist\u00f3 cuatro Champions League, diez Ligas y siete Copas del Rey, entre otros muchos t\u00edtulos, convirti\u00e9ndose as\u00ed en toda una leyenda en la Ciudad Condal. Sin embargo, cuando todo hac\u00eda indicar que cerrar\u00eda su carrera con los blaugranas, la grave situaci\u00f3n financiera que atravesaba el club a principios de esta d\u00e9cada, acab\u00f3 forzando su salida, rumbo a Par\u00eds.<\/p>\n\n\n\n<p>En el Parque de los Pr\u00edncipes se uni\u00f3 a un proyecto millonario que, a base de talonario, hab\u00eda conformado un equipo plagado de estrellas, como Kylian Mbapp\u00e9 o su excompa\u00f1ero Neymar, con un claro objetivo: alzarse con la Copa de Europa.<\/p>\n\n\n\n<p>Sin embargo, los parisinos no lograban mostrar el dominio arrollador que muchos anticipaban y algunos aficionados le se\u00f1alaban directamente a \u00e9l como responsable. No le perdonaban que se pasara la mayor parte del tiempo caminando sobre el c\u00e9sped y muchas voces comenzaron a referirse a \u00e9l como un exfutbolista.<\/p>\n","protected":false},"excerpt":{"rendered":"<p>(Foto: Agencias) El delantero argentino Lionel Messi ha anunciado su retirada del f\u00fatbol internacional. En<\/p>\n","protected":false},"author":4,"featured_media":17004,"comment_status":"closed","ping_status":"open","sticky":false,"template":"","format":"standard","meta":{"_jetpack_memberships_contains_paid_content":false,"footnotes":""},"categories":[14],"tags":[],"class_list":["post-17017","post","type-post","status-publish","format-standard","has-post-thumbnail","hentry","category-futbol"],"yoast_head":"<!-- This site is optimized with the Yoast SEO plugin v25.7 - https:\/\/yoast.com\/wordpress\/plugins\/seo\/ -->\n<title>&quot;Ya no tengo nada m\u00e1s que dar&quot;: Messi - Esbozo Deportivo<\/title>\n<meta name=\"description\" content=\"El delantero argentino Lionel Messi ha anunciado su retirada del f\u00fatbol internacional. En una publicaci\u00f3n en Instagram, el delantero del Inter Miami\" \/>\n<meta name=\"robots\" content=\"index, follow, max-snippet:-1, max-image-preview:large, max-video-preview:-1\" \/>\n<link rel=\"canonical\" href=\"https:\/\/esbozodeportivo.com\/index.php\/2026\/08\/31\/ya-no-tengo-nada-mas-que-dar-messi\/\" \/>\n<meta property=\"og:locale\" content=\"es_MX\" \/>\n<meta property=\"og:type\" content=\"article\" \/>\n<meta property=\"og:title\" content=\"&quot;Ya no tengo nada m\u00e1s que dar&quot;: Messi - Esbozo Deportivo\" \/>\n<meta property=\"og:description\" content=\"El delantero argentino Lionel Messi ha anunciado su retirada del f\u00fatbol internacional. En una publicaci\u00f3n en Instagram, el delantero del Inter Miami\" \/>\n<meta property=\"og:url\" content=\"https:\/\/esbozodeportivo.com\/index.php\/2026\/08\/31\/ya-no-tengo-nada-mas-que-dar-messi\/\" \/>\n<meta property=\"og:site_name\" content=\"Esbozo Deportivo\" \/>\n<meta property=\"article:published_time\" content=\"2026-09-01T04:35:06+00:00\" \/>\n<meta property=\"article:modified_time\" content=\"2026-09-01T04:35:08+00:00\" \/>\n<meta property=\"og:image\" content=\"https:\/\/esbozodeportivo.com\/wp-content\/uploads\/2026\/08\/81ec1953-76ac-4679-88bc-dca2be630100.jpg\" \/>\n\t<meta property=\"og:image:width\" content=\"1600\" \/>\n\t<meta property=\"og:image:height\" content=\"1066\" \/>\n\t<meta property=\"og:image:type\" content=\"image\/jpeg\" \/>\n<meta name=\"author\" content=\"Redacci\u00f3n\" \/>\n<meta name=\"twitter:card\" content=\"summary_large_image\" \/>\n<meta name=\"twitter:label1\" content=\"Escrito por\" \/>\n\t<meta name=\"twitter:data1\" content=\"Redacci\u00f3n\" \/>\n\t<meta name=\"twitter:label2\" content=\"Tiempo de lectura\" \/>\n\t<meta name=\"twitter:data2\" content=\"3 minutos\" \/>\n<script type=\"application\/ld+json\" class=\"yoast-schema-graph\">{\"@context\":\"https:\/\/schema.org\",\"@graph\":[{\"@type\":\"Article\",\"@id\":\"https:\/\/esbozodeportivo.com\/index.php\/2026\/08\/31\/ya-no-tengo-nada-mas-que-dar-messi\/#article\",\"isPartOf\":{\"@id\":\"https:\/\/esbozodeportivo.com\/index.php\/2026\/08\/31\/ya-no-tengo-nada-mas-que-dar-messi\/\"},\"author\":{\"name\":\"Redacci\u00f3n\",\"@id\":\"https:\/\/esbozodeportivo.com\/#\/schema\/person\/0f6df9196dfe6740dd0bb31bae50d374\"},\"headline\":\"&#8220;Ya no tengo nada m\u00e1s que dar&#8221;: Messi\",\"datePublished\":\"2026-09-01T04:35:06+00:00\",\"dateModified\":\"2026-09-01T04:35:08+00:00\",\"mainEntityOfPage\":{\"@id\":\"https:\/\/esbozodeportivo.com\/index.php\/2026\/08\/31\/ya-no-tengo-nada-mas-que-dar-messi\/\"},\"wordCount\":622,\"publisher\":{\"@id\":\"https:\/\/esbozodeportivo.com\/#organization\"},\"image\":{\"@id\":\"https:\/\/esbozodeportivo.com\/index.php\/2026\/08\/31\/ya-no-tengo-nada-mas-que-dar-messi\/#primaryimage\"},\"thumbnailUrl\":\"https:\/\/esbozodeportivo.com\/wp-content\/uploads\/2026\/08\/81ec1953-76ac-4679-88bc-dca2be630100.jpg\",\"articleSection\":[\"Futbol Internacional\"],\"inLanguage\":\"es\"},{\"@type\":\"WebPage\",\"@id\":\"https:\/\/esbozodeportivo.com\/index.php\/2026\/08\/31\/ya-no-tengo-nada-mas-que-dar-messi\/\",\"url\":\"https:\/\/esbozodeportivo.com\/index.php\/2026\/08\/31\/ya-no-tengo-nada-mas-que-dar-messi\/\",\"name\":\"\\\"Ya no tengo nada m\u00e1s que dar\\\": Messi - Esbozo Deportivo\",\"isPartOf\":{\"@id\":\"https:\/\/esbozodeportivo.com\/#website\"},\"primaryImageOfPage\":{\"@id\":\"https:\/\/esbozodeportivo.com\/index.php\/2026\/08\/31\/ya-no-tengo-nada-mas-que-dar-messi\/#primaryimage\"},\"image\":{\"@id\":\"https:\/\/esbozodeportivo.com\/index.php\/2026\/08\/31\/ya-no-tengo-nada-mas-que-dar-messi\/#primaryimage\"},\"thumbnailUrl\":\"https:\/\/esbozodeportivo.com\/wp-content\/uploads\/2026\/08\/81ec1953-76ac-4679-88bc-dca2be630100.jpg\",\"datePublished\":\"2026-09-01T04:35:06+00:00\",\"dateModified\":\"2026-09-01T04:35:08+00:00\",\"description\":\"El delantero argentino Lionel Messi ha anunciado su retirada del f\u00fatbol internacional. En una publicaci\u00f3n en Instagram, el delantero del Inter Miami\",\"breadcrumb\":{\"@id\":\"https:\/\/esbozodeportivo.com\/index.php\/2026\/08\/31\/ya-no-tengo-nada-mas-que-dar-messi\/#breadcrumb\"},\"inLanguage\":\"es\",\"potentialAction\":[{\"@type\":\"ReadAction\",\"target\":[\"https:\/\/esbozodeportivo.com\/index.php\/2026\/08\/31\/ya-no-tengo-nada-mas-que-dar-messi\/\"]}]},{\"@type\":\"ImageObject\",\"inLanguage\":\"es\",\"@id\":\"https:\/\/esbozodeportivo.com\/index.php\/2026\/08\/31\/ya-no-tengo-nada-mas-que-dar-messi\/#primaryimage\",\"url\":\"https:\/\/esbozodeportivo.com\/wp-content\/uploads\/2026\/08\/81ec1953-76ac-4679-88bc-dca2be630100.jpg\",\"contentUrl\":\"https:\/\/esbozodeportivo.com\/wp-content\/uploads\/2026\/08\/81ec1953-76ac-4679-88bc-dca2be630100.jpg\",\"width\":1600,\"height\":1066},{\"@type\":\"BreadcrumbList\",\"@id\":\"https:\/\/esbozodeportivo.com\/index.php\/2026\/08\/31\/ya-no-tengo-nada-mas-que-dar-messi\/#breadcrumb\",\"itemListElement\":[{\"@type\":\"ListItem\",\"position\":1,\"name\":\"Inicio\",\"item\":\"https:\/\/esbozodeportivo.com\/\"},{\"@type\":\"ListItem\",\"position\":2,\"name\":\"&#8220;Ya no tengo nada m\u00e1s que dar&#8221;: Messi\"}]},{\"@type\":\"WebSite\",\"@id\":\"https:\/\/esbozodeportivo.com\/#website\",\"url\":\"https:\/\/esbozodeportivo.com\/\",\"name\":\"Esbozo Deportivo\",\"description\":\"Lo m\u00e1s importante del Deporte\",\"publisher\":{\"@id\":\"https:\/\/esbozodeportivo.com\/#organization\"},\"potentialAction\":[{\"@type\":\"SearchAction\",\"target\":{\"@type\":\"EntryPoint\",\"urlTemplate\":\"https:\/\/esbozodeportivo.com\/?s={search_term_string}\"},\"query-input\":{\"@type\":\"PropertyValueSpecification\",\"valueRequired\":true,\"valueName\":\"search_term_string\"}}],\"inLanguage\":\"es\"},{\"@type\":\"Organization\",\"@id\":\"https:\/\/esbozodeportivo.com\/#organization\",\"name\":\"Esbozo Deportivo\",\"url\":\"https:\/\/esbozodeportivo.com\/\",\"logo\":{\"@type\":\"ImageObject\",\"inLanguage\":\"es\",\"@id\":\"https:\/\/esbozodeportivo.com\/#\/schema\/logo\/image\/\",\"url\":\"https:\/\/esbozodeportivo.com\/wp-content\/uploads\/2022\/08\/cropped-Logo-Esbozo-Web-2.png\",\"contentUrl\":\"https:\/\/esbozodeportivo.com\/wp-content\/uploads\/2022\/08\/cropped-Logo-Esbozo-Web-2.png\",\"width\":180,\"height\":50,\"caption\":\"Esbozo Deportivo\"},\"image\":{\"@id\":\"https:\/\/esbozodeportivo.com\/#\/schema\/logo\/image\/\"}},{\"@type\":\"Person\",\"@id\":\"https:\/\/esbozodeportivo.com\/#\/schema\/person\/0f6df9196dfe6740dd0bb31bae50d374\",\"name\":\"Redacci\u00f3n\",\"image\":{\"@type\":\"ImageObject\",\"inLanguage\":\"es\",\"@id\":\"https:\/\/esbozodeportivo.com\/#\/schema\/person\/image\/\",\"url\":\"https:\/\/secure.gravatar.com\/avatar\/f55268a89c3b418f2ef172ff52ab0d09b3e653c58de29539fe329fb93d78ebf3?s=96&d=mm&r=g\",\"contentUrl\":\"https:\/\/secure.gravatar.com\/avatar\/f55268a89c3b418f2ef172ff52ab0d09b3e653c58de29539fe329fb93d78ebf3?s=96&d=mm&r=g\",\"caption\":\"Redacci\u00f3n\"},\"url\":\"https:\/\/esbozodeportivo.com\/index.php\/author\/redaccion\/\"}]}<\/script>\n<!-- \/ Yoast SEO plugin. -->","yoast_head_json":{"title":"\"Ya no tengo nada m\u00e1s que dar\": Messi - Esbozo Deportivo","description":"El delantero argentino Lionel Messi ha anunciado su retirada del f\u00fatbol internacional. En una publicaci\u00f3n en Instagram, el delantero del Inter Miami","robots":{"index":"index","follow":"follow","max-snippet":"max-snippet:-1","max-image-preview":"max-image-preview:large","max-video-preview":"max-video-preview:-1"},"canonical":"https:\/\/esbozodeportivo.com\/index.php\/2026\/08\/31\/ya-no-tengo-nada-mas-que-dar-messi\/","og_locale":"es_MX","og_type":"article","og_title":"\"Ya no tengo nada m\u00e1s que dar\": Messi - Esbozo Deportivo","og_description":"El delantero argentino Lionel Messi ha anunciado su retirada del f\u00fatbol internacional. En una publicaci\u00f3n en Instagram, el delantero del Inter Miami","og_url":"https:\/\/esbozodeportivo.com\/index.php\/2026\/08\/31\/ya-no-tengo-nada-mas-que-dar-messi\/","og_site_name":"Esbozo Deportivo","article_published_time":"2026-09-01T04:35:06+00:00","article_modified_time":"2026-09-01T04:35:08+00:00","og_image":[{"width":1600,"height":1066,"url":"https:\/\/esbozodeportivo.com\/wp-content\/uploads\/2026\/08\/81ec1953-76ac-4679-88bc-dca2be630100.jpg","type":"image\/jpeg"}],"author":"Redacci\u00f3n","twitter_card":"summary_large_image","twitter_misc":{"Escrito por":"Redacci\u00f3n","Tiempo de lectura":"3 minutos"},"schema":{"@context":"https:\/\/schema.org","@graph":[{"@type":"Article","@id":"https:\/\/esbozodeportivo.com\/index.php\/2026\/08\/31\/ya-no-tengo-nada-mas-que-dar-messi\/#article","isPartOf":{"@id":"https:\/\/esbozodeportivo.com\/index.php\/2026\/08\/31\/ya-no-tengo-nada-mas-que-dar-messi\/"},"author":{"name":"Redacci\u00f3n","@id":"https:\/\/esbozodeportivo.com\/#\/schema\/person\/0f6df9196dfe6740dd0bb31bae50d374"},"headline":"&#8220;Ya no tengo nada m\u00e1s que dar&#8221;: Messi","datePublished":"2026-09-01T04:35:06+00:00","dateModified":"2026-09-01T04:35:08+00:00","mainEntityOfPage":{"@id":"https:\/\/esbozodeportivo.com\/index.php\/2026\/08\/31\/ya-no-tengo-nada-mas-que-dar-messi\/"},"wordCount":622,"publisher":{"@id":"https:\/\/esbozodeportivo.com\/#organization"},"image":{"@id":"https:\/\/esbozodeportivo.com\/index.php\/2026\/08\/31\/ya-no-tengo-nada-mas-que-dar-messi\/#primaryimage"},"thumbnailUrl":"https:\/\/esbozodeportivo.com\/wp-content\/uploads\/2026\/08\/81ec1953-76ac-4679-88bc-dca2be630100.jpg","articleSection":["Futbol Internacional"],"inLanguage":"es"},{"@type":"WebPage","@id":"https:\/\/esbozodeportivo.com\/index.php\/2026\/08\/31\/ya-no-tengo-nada-mas-que-dar-messi\/","url":"https:\/\/esbozodeportivo.com\/index.php\/2026\/08\/31\/ya-no-tengo-nada-mas-que-dar-messi\/","name":"\"Ya no tengo nada m\u00e1s que dar\": Messi - Esbozo Deportivo","isPartOf":{"@id":"https:\/\/esbozodeportivo.com\/#website"},"primaryImageOfPage":{"@id":"https:\/\/esbozodeportivo.com\/index.php\/2026\/08\/31\/ya-no-tengo-nada-mas-que-dar-messi\/#primaryimage"},"image":{"@id":"https:\/\/esbozodeportivo.com\/index.php\/2026\/08\/31\/ya-no-tengo-nada-mas-que-dar-messi\/#primaryimage"},"thumbnailUrl":"https:\/\/esbozodeportivo.com\/wp-content\/uploads\/2026\/08\/81ec1953-76ac-4679-88bc-dca2be630100.jpg","datePublished":"2026-09-01T04:35:06+00:00","dateModified":"2026-09-01T04:35:08+00:00","description":"El delantero argentino Lionel Messi ha anunciado su retirada del f\u00fatbol internacional. En una publicaci\u00f3n en Instagram, el delantero del Inter Miami","breadcrumb":{"@id":"https:\/\/esbozodeportivo.com\/index.php\/2026\/08\/31\/ya-no-tengo-nada-mas-que-dar-messi\/#breadcrumb"},"inLanguage":"es","potentialAction":[{"@type":"ReadAction","target":["https:\/\/esbozodeportivo.com\/index.php\/2026\/08\/31\/ya-no-tengo-nada-mas-que-dar-messi\/"]}]},{"@type":"ImageObject","inLanguage":"es","@id":"https:\/\/esbozodeportivo.com\/index.php\/2026\/08\/31\/ya-no-tengo-nada-mas-que-dar-messi\/#primaryimage","url":"https:\/\/esbozodeportivo.com\/wp-content\/uploads\/2026\/08\/81ec1953-76ac-4679-88bc-dca2be630100.jpg","contentUrl":"https:\/\/esbozodeportivo.com\/wp-content\/uploads\/2026\/08\/81ec1953-76ac-4679-88bc-dca2be630100.jpg","width":1600,"height":1066},{"@type":"BreadcrumbList","@id":"https:\/\/esbozodeportivo.com\/index.php\/2026\/08\/31\/ya-no-tengo-nada-mas-que-dar-messi\/#breadcrumb","itemListElement":[{"@type":"ListItem","position":1,"name":"Inicio","item":"https:\/\/esbozodeportivo.com\/"},{"@type":"ListItem","position":2,"name":"&#8220;Ya no tengo nada m\u00e1s que dar&#8221;: Messi"}]},{"@type":"WebSite","@id":"https:\/\/esbozodeportivo.com\/#website","url":"https:\/\/esbozodeportivo.com\/","name":"Esbozo Deportivo","description":"Lo m\u00e1s importante del Deporte","publisher":{"@id":"https:\/\/esbozodeportivo.com\/#organization"},"potentialAction":[{"@type":"SearchAction","target":{"@type":"EntryPoint","urlTemplate":"https:\/\/esbozodeportivo.com\/?s={search_term_string}"},"query-input":{"@type":"PropertyValueSpecification","valueRequired":true,"valueName":"search_term_string"}}],"inLanguage":"es"},{"@type":"Organization","@id":"https:\/\/esbozodeportivo.com\/#organization","name":"Esbozo Deportivo","url":"https:\/\/esbozodeportivo.com\/","logo":{"@type":"ImageObject","inLanguage":"es","@id":"https:\/\/esbozodeportivo.com\/#\/schema\/logo\/image\/","url":"https:\/\/esbozodeportivo.com\/wp-content\/uploads\/2022\/08\/cropped-Logo-Esbozo-Web-2.png","contentUrl":"https:\/\/esbozodeportivo.com\/wp-content\/uploads\/2022\/08\/cropped-Logo-Esbozo-Web-2.png","width":180,"height":50,"caption":"Esbozo Deportivo"},"image":{"@id":"https:\/\/esbozodeportivo.com\/#\/schema\/logo\/image\/"}},{"@type":"Person","@id":"https:\/\/esbozodeportivo.com\/#\/schema\/person\/0f6df9196dfe6740dd0bb31bae50d374","name":"Redacci\u00f3n","image":{"@type":"ImageObject","inLanguage":"es","@id":"https:\/\/esbozodeportivo.com\/#\/schema\/person\/image\/","url":"https:\/\/secure.gravatar.com\/avatar\/f55268a89c3b418f2ef172ff52ab0d09b3e653c58de29539fe329fb93d78ebf3?s=96&d=mm&r=g","contentUrl":"https:\/\/secure.gravatar.com\/avatar\/f55268a89c3b418f2ef172ff52ab0d09b3e653c58de29539fe329fb93d78ebf3?s=96&d=mm&r=g","caption":"Redacci\u00f3n"},"url":"https:\/\/esbozodeportivo.com\/index.php\/author\/redaccion\/"}]}},"jetpack_featured_media_url":"https:\/\/esbozodeportivo.com\/wp-content\/uploads\/2026\/08\/81ec1953-76ac-4679-88bc-dca2be630100.jpg","jetpack_sharing_enabled":true,"_links":{"self":[{"href":"https:\/\/esbozodeportivo.com\/index.php\/wp-json\/wp\/v2\/posts\/17017","targetHints":{"allow":["GET"]}}],"collection":[{"href":"https:\/\/esbozodeportivo.com\/index.php\/wp-json\/wp\/v2\/posts"}],"about":[{"href":"https:\/\/esbozodeportivo.com\/index.php\/wp-json\/wp\/v2\/types\/post"}],"author":[{"embeddable":true,"href":"https:\/\/esbozodeportivo.com\/index.php\/wp-json\/wp\/v2\/users\/4"}],"replies":[{"embeddable":true,"href":"https:\/\/esbozodeportivo.com\/index.php\/wp-json\/wp\/v2\/comments?post=17017"}],"version-history":[{"count":1,"href":"https:\/\/esbozodeportivo.com\/index.php\/wp-json\/wp\/v2\/posts\/17017\/revisions"}],"predecessor-version":[{"id":17018,"href":"https:\/\/esbozodeportivo.com\/index.php\/wp-json\/wp\/v2\/posts\/17017\/revisions\/17018"}],"wp:featuredmedia":[{"embeddable":true,"href":"https:\/\/esbozodeportivo.com\/index.php\/wp-json\/wp\/v2\/media\/17004"}],"wp:attachment":[{"href":"https:\/\/esbozodeportivo.com\/index.php\/wp-json\/wp\/v2\/media?parent=17017"}],"wp:term":[{"taxonomy":"category","embeddable":true,"href":"https:\/\/esbozodeportivo.com\/index.php\/wp-json\/wp\/v2\/categories?post=17017"},{"taxonomy":"post_tag","embeddable":true,"href":"https:\/\/esbozodeportivo.com\/index.php\/wp-json\/wp\/v2\/tags?post=17017"}],"curies":[{"name":"wp","href":"https:\/\/api.w.org\/{rel}","templated":true}]}}