{"id":17029,"date":"2026-09-01T23:19:27","date_gmt":"2026-09-02T05:19:27","guid":{"rendered":"https:\/\/esbozodeportivo.com\/?p=17029"},"modified":"2026-09-01T23:19:29","modified_gmt":"2026-09-02T05:19:29","slug":"tronchon-gano-en-el-embalaje","status":"publish","type":"post","link":"https:\/\/esbozodeportivo.com\/index.php\/2026\/09\/01\/tronchon-gano-en-el-embalaje\/","title":{"rendered":"Tronchon gan\u00f3 en el embalaje"},"content":{"rendered":"\n<p>(Foto: Agencias) <\/p>\n\n\n\n<p>El franc\u00e9s Bastien Tronchon (Groupama) se invit\u00f3 a la cita de esprinters y fue capaz de sorprender a los favoritos para estrenar su palmar\u00e9s en una grande como vencedor de la d\u00e9cima etapa disputad entre Alcaraz y Elche de la Sierra, de 184,7 km y 3.000 metros de desnivel, en la que mantuvo el maillot rojo de l\u00edder el espa\u00f1ol Enric Mas.<\/p>\n\n\n\n<p>Ni Brennan, ni Van Aert ni Pedersen: Bastien Tronchon (Chamb\u00e9ry, 24 a\u00f1os) con un gran poder\u00edo logr\u00f3 la victoria m\u00e1s prestigiosa para su incipiente palmar\u00e9s, nada menos que su estreno en una grande por etapas. Cuando atac\u00f3 en la recta de meta ya no hubo color, se impuso con un registro de 4h.07.41, en una jornada escarpada, exigente, que se cerr\u00f3 a una media de 44,7 km\/hora.<\/p>\n\n\n\n<p>&#8220;No lo puedo explicar, es algo incre\u00edble. No levant\u00e9 los brazos porque no sab\u00eda si hab\u00eda ganado. No llegu\u00e9 bien a la Vuelta, no estaba bien, pero segu\u00ed adelante, lo intent\u00e9 y lo logr\u00e9&#8221;, dijo Tronchon en meta.<\/p>\n\n\n\n<p>Cuarta plaza para Van Aert, quien busc\u00f3 sin encontrar su triunfo de etapa. Xavier Mikel Azparren, siempre combativo fue sexto y el venezolano del Movistar Orluis Aular octavo.<\/p>\n\n\n\n<p>Mas: &#8220;Me queda bien el rojo&#8221;<\/p>\n\n\n\n<p>En la general mantuvo el bast\u00f3n de mando sin sobresaltos Enric Mas, atento en su defensa del maillot rojo, confiado y pleno de moral tras su victoria en Aitana. Le sigue Primoz Roglic a 1.18 minutos y Felix Gall a 1.39. Comp\u00e1s de espera entre los favoritos. Su baile llegar\u00e1 en las etapas de esta semana de Calar Alto y La Pandera. Mientras, a pasar p\u00e1ginas en el calendario.<\/p>\n\n\n\n<p>&#8220;Me dicen que me queda muy bien el rojo, pero hay que esperar. Veremos c\u00f3mo est\u00e1n Roglic y los dem\u00e1s, pero queda mucho y el equipo est\u00e1 preparado para todo&#8221;, palabras de Enric Mas.<\/p>\n\n\n\n<p>Visma y Cofidis controlan la fuga buscando el esprint<\/p>\n\n\n\n<p>Despu\u00e9s de la jornada de descanso turno para una etapa sinuosa por la sierra de Albacete. Saliendo de Alcaraz se form\u00f3 una fuga de 7 hombres, 2 espa\u00f1oles entre ellos, Sinuh\u00e9 Fern\u00e1ndez (Burgos) e Iv\u00e1n Cobo (Kern Pharma), junto a Dversnes (Uno-X), Paleni (Groupama), Gogl (Alpecin), S\u00fctterlin (Jayco) y Weiss (Tudor).<\/p>\n\n\n\n<p>No era d\u00eda para regalos, y menos por parte de los equipos de los esprinters que esta semana padecer\u00e1n los efectos de la monta\u00f1a con Calar Alto y La Pandera. El Visma quer\u00eda el triplete para Brennan, y el Cofidis el doblete para Coquard. Ambas escuadras asumieron la responsabilidad de mantener a raya la fuga.<\/p>\n\n\n\n<p>Los rebeldes resistieron unidos en el Puerto del Peralejo (3a) y de A\u00fdna (3a), y en el \u00faltimo del d\u00eda, en Socovos (3a) el grupo se redujo a 4 hombres en el ascenso; y en la bajada, coincidiendo con algunos acelerones en el grupo principal qued\u00f3 sentenciado el sue\u00f1o de los rebeldes.<\/p>\n\n\n\n<p>Visma prepara la llegada, y se impone Tronchon, el m\u00e1s fuerte<\/p>\n\n\n\n<p>A 6 km de Elche de la Sierra, en el coraz\u00f3n de la Sierra del Segura, Gogl y Dversnes sacaron la bandera blanca como \u00faltimos supervivientes. La carrera estaba lanzada, muchos ataques y lucha por tomar la posici\u00f3n ante una llegada que &#8220;picaba&#8221; hacia arriba.<\/p>\n\n\n\n<p>No hubo orden. Imposible. Visma trat\u00f3 de montar su &#8220;treno&#8221; con Mathew Brennan en cabeza, todo un doble ganador de etapa que se puso a trabajar para jugar la carta de Wout Van Aert, m\u00e1s poderoso que su compa\u00f1ero en un final en ascenso.<\/p>\n\n\n\n<p>Pero surgieron los saltos de \u00faltima hora. Trataron de sorprender Xavier Mikel Azparren y Fedorov, pero ambos se anticiparon demasiado con su iniciativa y fueron superados por la marabunta a pocos metros de la \u00faltima l\u00ednea.<\/p>\n\n\n\n<p>Entre todos irrumpi\u00f3 el franc\u00e9s Bastien Tronchon, que no entraba en las quinielas para llevarse el esprint en la localidad albacete\u00f1a, pero fue el mejor, el m\u00e1s poderoso, espectacular a la hora de firmar una victoria inolvidable. La primera en una grande, la tercera para su palmar\u00e9s. La jornada de transici\u00f3n cumpli\u00f3 el gui\u00f3n.<\/p>\n\n\n\n<p>La und\u00e9cima etapa otra opci\u00f3n para la fuga o velocistas<\/p>\n\n\n\n<p>La und\u00e9cima etapa de la Vuelta entre Cartagena y Lorca, de 151,3 km ofrece una nueva oportunidad para los esprinters, aunque a 30 km de meta el Puerto de Aledo (3a) podr\u00eda variar el gui\u00f3n. Los favoritos guardar\u00e1n fuerzas para la cita de monta\u00f1a del jueves con final en Calar Alto.<\/p>\n\n\n\n<p><\/p>\n","protected":false},"excerpt":{"rendered":"<p>(Foto: Agencias) El franc\u00e9s Bastien Tronchon (Groupama) se invit\u00f3 a la cita de esprinters y<\/p>\n","protected":false},"author":4,"featured_media":17032,"comment_status":"closed","ping_status":"open","sticky":false,"template":"","format":"standard","meta":{"_jetpack_memberships_contains_paid_content":false,"footnotes":""},"categories":[146],"tags":[],"class_list":["post-17029","post","type-post","status-publish","format-standard","has-post-thumbnail","hentry","category-tour-de-espana"],"yoast_head":"<!-- This site is optimized with the Yoast SEO plugin v25.7 - https:\/\/yoast.com\/wordpress\/plugins\/seo\/ -->\n<title>Tronchon gan\u00f3 en el embalaje - Esbozo Deportivo<\/title>\n<meta name=\"description\" content=\"El franc\u00e9s Bastien Tronchon (Groupama) se invit\u00f3 a la cita de esprinters y fue capaz de sorprender a los favoritos para estrenar su palmar\u00e9s en una grande como vencedor de la d\u00e9cima etapa disputad entre Alcaraz y Elche de la Sierra, de 184,7 km y 3.000 metros de desnivel, en la que mantuvo el maillot rojo de l\u00edder el espa\u00f1ol Enric Mas.\" \/>\n<meta name=\"robots\" content=\"index, follow, max-snippet:-1, max-image-preview:large, max-video-preview:-1\" \/>\n<link rel=\"canonical\" href=\"https:\/\/esbozodeportivo.com\/index.php\/2026\/09\/01\/tronchon-gano-en-el-embalaje\/\" \/>\n<meta property=\"og:locale\" content=\"es_MX\" \/>\n<meta property=\"og:type\" content=\"article\" \/>\n<meta property=\"og:title\" content=\"Tronchon gan\u00f3 en el embalaje - Esbozo Deportivo\" \/>\n<meta property=\"og:description\" content=\"El franc\u00e9s Bastien Tronchon (Groupama) se invit\u00f3 a la cita de esprinters y fue capaz de sorprender a los favoritos para estrenar su palmar\u00e9s en una grande como vencedor de la d\u00e9cima etapa disputad entre Alcaraz y Elche de la Sierra, de 184,7 km y 3.000 metros de desnivel, en la que mantuvo el maillot rojo de l\u00edder el espa\u00f1ol Enric Mas.\" \/>\n<meta property=\"og:url\" content=\"https:\/\/esbozodeportivo.com\/index.php\/2026\/09\/01\/tronchon-gano-en-el-embalaje\/\" \/>\n<meta property=\"og:site_name\" content=\"Esbozo Deportivo\" \/>\n<meta property=\"article:published_time\" content=\"2026-09-02T05:19:27+00:00\" \/>\n<meta property=\"article:modified_time\" content=\"2026-09-02T05:19:29+00:00\" \/>\n<meta property=\"og:image\" content=\"https:\/\/esbozodeportivo.com\/wp-content\/uploads\/2026\/09\/75d75f51-5d99-4582-9473-2c07875ef1f0.jpg\" \/>\n\t<meta property=\"og:image:width\" content=\"813\" \/>\n\t<meta property=\"og:image:height\" content=\"542\" \/>\n\t<meta property=\"og:image:type\" content=\"image\/jpeg\" \/>\n<meta name=\"author\" content=\"Redacci\u00f3n\" \/>\n<meta name=\"twitter:card\" content=\"summary_large_image\" \/>\n<meta name=\"twitter:label1\" content=\"Escrito por\" \/>\n\t<meta name=\"twitter:data1\" content=\"Redacci\u00f3n\" \/>\n\t<meta name=\"twitter:label2\" content=\"Tiempo de lectura\" \/>\n\t<meta name=\"twitter:data2\" content=\"4 minutos\" \/>\n<script type=\"application\/ld+json\" class=\"yoast-schema-graph\">{\"@context\":\"https:\/\/schema.org\",\"@graph\":[{\"@type\":\"Article\",\"@id\":\"https:\/\/esbozodeportivo.com\/index.php\/2026\/09\/01\/tronchon-gano-en-el-embalaje\/#article\",\"isPartOf\":{\"@id\":\"https:\/\/esbozodeportivo.com\/index.php\/2026\/09\/01\/tronchon-gano-en-el-embalaje\/\"},\"author\":{\"name\":\"Redacci\u00f3n\",\"@id\":\"https:\/\/esbozodeportivo.com\/#\/schema\/person\/0f6df9196dfe6740dd0bb31bae50d374\"},\"headline\":\"Tronchon gan\u00f3 en el embalaje\",\"datePublished\":\"2026-09-02T05:19:27+00:00\",\"dateModified\":\"2026-09-02T05:19:29+00:00\",\"mainEntityOfPage\":{\"@id\":\"https:\/\/esbozodeportivo.com\/index.php\/2026\/09\/01\/tronchon-gano-en-el-embalaje\/\"},\"wordCount\":768,\"publisher\":{\"@id\":\"https:\/\/esbozodeportivo.com\/#organization\"},\"image\":{\"@id\":\"https:\/\/esbozodeportivo.com\/index.php\/2026\/09\/01\/tronchon-gano-en-el-embalaje\/#primaryimage\"},\"thumbnailUrl\":\"https:\/\/esbozodeportivo.com\/wp-content\/uploads\/2026\/09\/75d75f51-5d99-4582-9473-2c07875ef1f0.jpg\",\"articleSection\":[\"Tour de Espa\u00f1a\"],\"inLanguage\":\"es\"},{\"@type\":\"WebPage\",\"@id\":\"https:\/\/esbozodeportivo.com\/index.php\/2026\/09\/01\/tronchon-gano-en-el-embalaje\/\",\"url\":\"https:\/\/esbozodeportivo.com\/index.php\/2026\/09\/01\/tronchon-gano-en-el-embalaje\/\",\"name\":\"Tronchon gan\u00f3 en el embalaje - Esbozo Deportivo\",\"isPartOf\":{\"@id\":\"https:\/\/esbozodeportivo.com\/#website\"},\"primaryImageOfPage\":{\"@id\":\"https:\/\/esbozodeportivo.com\/index.php\/2026\/09\/01\/tronchon-gano-en-el-embalaje\/#primaryimage\"},\"image\":{\"@id\":\"https:\/\/esbozodeportivo.com\/index.php\/2026\/09\/01\/tronchon-gano-en-el-embalaje\/#primaryimage\"},\"thumbnailUrl\":\"https:\/\/esbozodeportivo.com\/wp-content\/uploads\/2026\/09\/75d75f51-5d99-4582-9473-2c07875ef1f0.jpg\",\"datePublished\":\"2026-09-02T05:19:27+00:00\",\"dateModified\":\"2026-09-02T05:19:29+00:00\",\"description\":\"El franc\u00e9s Bastien Tronchon (Groupama) se invit\u00f3 a la cita de esprinters y fue capaz de sorprender a los favoritos para estrenar su palmar\u00e9s en una grande como vencedor de la d\u00e9cima etapa disputad entre Alcaraz y Elche de la Sierra, de 184,7 km y 3.000 metros de desnivel, en la que mantuvo el maillot rojo de l\u00edder el espa\u00f1ol Enric Mas.\",\"breadcrumb\":{\"@id\":\"https:\/\/esbozodeportivo.com\/index.php\/2026\/09\/01\/tronchon-gano-en-el-embalaje\/#breadcrumb\"},\"inLanguage\":\"es\",\"potentialAction\":[{\"@type\":\"ReadAction\",\"target\":[\"https:\/\/esbozodeportivo.com\/index.php\/2026\/09\/01\/tronchon-gano-en-el-embalaje\/\"]}]},{\"@type\":\"ImageObject\",\"inLanguage\":\"es\",\"@id\":\"https:\/\/esbozodeportivo.com\/index.php\/2026\/09\/01\/tronchon-gano-en-el-embalaje\/#primaryimage\",\"url\":\"https:\/\/esbozodeportivo.com\/wp-content\/uploads\/2026\/09\/75d75f51-5d99-4582-9473-2c07875ef1f0.jpg\",\"contentUrl\":\"https:\/\/esbozodeportivo.com\/wp-content\/uploads\/2026\/09\/75d75f51-5d99-4582-9473-2c07875ef1f0.jpg\",\"width\":813,\"height\":542},{\"@type\":\"BreadcrumbList\",\"@id\":\"https:\/\/esbozodeportivo.com\/index.php\/2026\/09\/01\/tronchon-gano-en-el-embalaje\/#breadcrumb\",\"itemListElement\":[{\"@type\":\"ListItem\",\"position\":1,\"name\":\"Inicio\",\"item\":\"https:\/\/esbozodeportivo.com\/\"},{\"@type\":\"ListItem\",\"position\":2,\"name\":\"Tronchon gan\u00f3 en el embalaje\"}]},{\"@type\":\"WebSite\",\"@id\":\"https:\/\/esbozodeportivo.com\/#website\",\"url\":\"https:\/\/esbozodeportivo.com\/\",\"name\":\"Esbozo Deportivo\",\"description\":\"Lo m\u00e1s importante del Deporte\",\"publisher\":{\"@id\":\"https:\/\/esbozodeportivo.com\/#organization\"},\"potentialAction\":[{\"@type\":\"SearchAction\",\"target\":{\"@type\":\"EntryPoint\",\"urlTemplate\":\"https:\/\/esbozodeportivo.com\/?s={search_term_string}\"},\"query-input\":{\"@type\":\"PropertyValueSpecification\",\"valueRequired\":true,\"valueName\":\"search_term_string\"}}],\"inLanguage\":\"es\"},{\"@type\":\"Organization\",\"@id\":\"https:\/\/esbozodeportivo.com\/#organization\",\"name\":\"Esbozo Deportivo\",\"url\":\"https:\/\/esbozodeportivo.com\/\",\"logo\":{\"@type\":\"ImageObject\",\"inLanguage\":\"es\",\"@id\":\"https:\/\/esbozodeportivo.com\/#\/schema\/logo\/image\/\",\"url\":\"https:\/\/esbozodeportivo.com\/wp-content\/uploads\/2022\/08\/cropped-Logo-Esbozo-Web-2.png\",\"contentUrl\":\"https:\/\/esbozodeportivo.com\/wp-content\/uploads\/2022\/08\/cropped-Logo-Esbozo-Web-2.png\",\"width\":180,\"height\":50,\"caption\":\"Esbozo Deportivo\"},\"image\":{\"@id\":\"https:\/\/esbozodeportivo.com\/#\/schema\/logo\/image\/\"}},{\"@type\":\"Person\",\"@id\":\"https:\/\/esbozodeportivo.com\/#\/schema\/person\/0f6df9196dfe6740dd0bb31bae50d374\",\"name\":\"Redacci\u00f3n\",\"image\":{\"@type\":\"ImageObject\",\"inLanguage\":\"es\",\"@id\":\"https:\/\/esbozodeportivo.com\/#\/schema\/person\/image\/\",\"url\":\"https:\/\/secure.gravatar.com\/avatar\/f55268a89c3b418f2ef172ff52ab0d09b3e653c58de29539fe329fb93d78ebf3?s=96&d=mm&r=g\",\"contentUrl\":\"https:\/\/secure.gravatar.com\/avatar\/f55268a89c3b418f2ef172ff52ab0d09b3e653c58de29539fe329fb93d78ebf3?s=96&d=mm&r=g\",\"caption\":\"Redacci\u00f3n\"},\"url\":\"https:\/\/esbozodeportivo.com\/index.php\/author\/redaccion\/\"}]}<\/script>\n<!-- \/ Yoast SEO plugin. -->","yoast_head_json":{"title":"Tronchon gan\u00f3 en el embalaje - Esbozo Deportivo","description":"El franc\u00e9s Bastien Tronchon (Groupama) se invit\u00f3 a la cita de esprinters y fue capaz de sorprender a los favoritos para estrenar su palmar\u00e9s en una grande como vencedor de la d\u00e9cima etapa disputad entre Alcaraz y Elche de la Sierra, de 184,7 km y 3.000 metros de desnivel, en la que mantuvo el maillot rojo de l\u00edder el espa\u00f1ol Enric Mas.","robots":{"index":"index","follow":"follow","max-snippet":"max-snippet:-1","max-image-preview":"max-image-preview:large","max-video-preview":"max-video-preview:-1"},"canonical":"https:\/\/esbozodeportivo.com\/index.php\/2026\/09\/01\/tronchon-gano-en-el-embalaje\/","og_locale":"es_MX","og_type":"article","og_title":"Tronchon gan\u00f3 en el embalaje - Esbozo Deportivo","og_description":"El franc\u00e9s Bastien Tronchon (Groupama) se invit\u00f3 a la cita de esprinters y fue capaz de sorprender a los favoritos para estrenar su palmar\u00e9s en una grande como vencedor de la d\u00e9cima etapa disputad entre Alcaraz y Elche de la Sierra, de 184,7 km y 3.000 metros de desnivel, en la que mantuvo el maillot rojo de l\u00edder el espa\u00f1ol Enric Mas.","og_url":"https:\/\/esbozodeportivo.com\/index.php\/2026\/09\/01\/tronchon-gano-en-el-embalaje\/","og_site_name":"Esbozo Deportivo","article_published_time":"2026-09-02T05:19:27+00:00","article_modified_time":"2026-09-02T05:19:29+00:00","og_image":[{"width":813,"height":542,"url":"https:\/\/esbozodeportivo.com\/wp-content\/uploads\/2026\/09\/75d75f51-5d99-4582-9473-2c07875ef1f0.jpg","type":"image\/jpeg"}],"author":"Redacci\u00f3n","twitter_card":"summary_large_image","twitter_misc":{"Escrito por":"Redacci\u00f3n","Tiempo de lectura":"4 minutos"},"schema":{"@context":"https:\/\/schema.org","@graph":[{"@type":"Article","@id":"https:\/\/esbozodeportivo.com\/index.php\/2026\/09\/01\/tronchon-gano-en-el-embalaje\/#article","isPartOf":{"@id":"https:\/\/esbozodeportivo.com\/index.php\/2026\/09\/01\/tronchon-gano-en-el-embalaje\/"},"author":{"name":"Redacci\u00f3n","@id":"https:\/\/esbozodeportivo.com\/#\/schema\/person\/0f6df9196dfe6740dd0bb31bae50d374"},"headline":"Tronchon gan\u00f3 en el embalaje","datePublished":"2026-09-02T05:19:27+00:00","dateModified":"2026-09-02T05:19:29+00:00","mainEntityOfPage":{"@id":"https:\/\/esbozodeportivo.com\/index.php\/2026\/09\/01\/tronchon-gano-en-el-embalaje\/"},"wordCount":768,"publisher":{"@id":"https:\/\/esbozodeportivo.com\/#organization"},"image":{"@id":"https:\/\/esbozodeportivo.com\/index.php\/2026\/09\/01\/tronchon-gano-en-el-embalaje\/#primaryimage"},"thumbnailUrl":"https:\/\/esbozodeportivo.com\/wp-content\/uploads\/2026\/09\/75d75f51-5d99-4582-9473-2c07875ef1f0.jpg","articleSection":["Tour de Espa\u00f1a"],"inLanguage":"es"},{"@type":"WebPage","@id":"https:\/\/esbozodeportivo.com\/index.php\/2026\/09\/01\/tronchon-gano-en-el-embalaje\/","url":"https:\/\/esbozodeportivo.com\/index.php\/2026\/09\/01\/tronchon-gano-en-el-embalaje\/","name":"Tronchon gan\u00f3 en el embalaje - Esbozo Deportivo","isPartOf":{"@id":"https:\/\/esbozodeportivo.com\/#website"},"primaryImageOfPage":{"@id":"https:\/\/esbozodeportivo.com\/index.php\/2026\/09\/01\/tronchon-gano-en-el-embalaje\/#primaryimage"},"image":{"@id":"https:\/\/esbozodeportivo.com\/index.php\/2026\/09\/01\/tronchon-gano-en-el-embalaje\/#primaryimage"},"thumbnailUrl":"https:\/\/esbozodeportivo.com\/wp-content\/uploads\/2026\/09\/75d75f51-5d99-4582-9473-2c07875ef1f0.jpg","datePublished":"2026-09-02T05:19:27+00:00","dateModified":"2026-09-02T05:19:29+00:00","description":"El franc\u00e9s Bastien Tronchon (Groupama) se invit\u00f3 a la cita de esprinters y fue capaz de sorprender a los favoritos para estrenar su palmar\u00e9s en una grande como vencedor de la d\u00e9cima etapa disputad entre Alcaraz y Elche de la Sierra, de 184,7 km y 3.000 metros de desnivel, en la que mantuvo el maillot rojo de l\u00edder el espa\u00f1ol Enric Mas.","breadcrumb":{"@id":"https:\/\/esbozodeportivo.com\/index.php\/2026\/09\/01\/tronchon-gano-en-el-embalaje\/#breadcrumb"},"inLanguage":"es","potentialAction":[{"@type":"ReadAction","target":["https:\/\/esbozodeportivo.com\/index.php\/2026\/09\/01\/tronchon-gano-en-el-embalaje\/"]}]},{"@type":"ImageObject","inLanguage":"es","@id":"https:\/\/esbozodeportivo.com\/index.php\/2026\/09\/01\/tronchon-gano-en-el-embalaje\/#primaryimage","url":"https:\/\/esbozodeportivo.com\/wp-content\/uploads\/2026\/09\/75d75f51-5d99-4582-9473-2c07875ef1f0.jpg","contentUrl":"https:\/\/esbozodeportivo.com\/wp-content\/uploads\/2026\/09\/75d75f51-5d99-4582-9473-2c07875ef1f0.jpg","width":813,"height":542},{"@type":"BreadcrumbList","@id":"https:\/\/esbozodeportivo.com\/index.php\/2026\/09\/01\/tronchon-gano-en-el-embalaje\/#breadcrumb","itemListElement":[{"@type":"ListItem","position":1,"name":"Inicio","item":"https:\/\/esbozodeportivo.com\/"},{"@type":"ListItem","position":2,"name":"Tronchon gan\u00f3 en el embalaje"}]},{"@type":"WebSite","@id":"https:\/\/esbozodeportivo.com\/#website","url":"https:\/\/esbozodeportivo.com\/","name":"Esbozo Deportivo","description":"Lo m\u00e1s importante del Deporte","publisher":{"@id":"https:\/\/esbozodeportivo.com\/#organization"},"potentialAction":[{"@type":"SearchAction","target":{"@type":"EntryPoint","urlTemplate":"https:\/\/esbozodeportivo.com\/?s={search_term_string}"},"query-input":{"@type":"PropertyValueSpecification","valueRequired":true,"valueName":"search_term_string"}}],"inLanguage":"es"},{"@type":"Organization","@id":"https:\/\/esbozodeportivo.com\/#organization","name":"Esbozo Deportivo","url":"https:\/\/esbozodeportivo.com\/","logo":{"@type":"ImageObject","inLanguage":"es","@id":"https:\/\/esbozodeportivo.com\/#\/schema\/logo\/image\/","url":"https:\/\/esbozodeportivo.com\/wp-content\/uploads\/2022\/08\/cropped-Logo-Esbozo-Web-2.png","contentUrl":"https:\/\/esbozodeportivo.com\/wp-content\/uploads\/2022\/08\/cropped-Logo-Esbozo-Web-2.png","width":180,"height":50,"caption":"Esbozo Deportivo"},"image":{"@id":"https:\/\/esbozodeportivo.com\/#\/schema\/logo\/image\/"}},{"@type":"Person","@id":"https:\/\/esbozodeportivo.com\/#\/schema\/person\/0f6df9196dfe6740dd0bb31bae50d374","name":"Redacci\u00f3n","image":{"@type":"ImageObject","inLanguage":"es","@id":"https:\/\/esbozodeportivo.com\/#\/schema\/person\/image\/","url":"https:\/\/secure.gravatar.com\/avatar\/f55268a89c3b418f2ef172ff52ab0d09b3e653c58de29539fe329fb93d78ebf3?s=96&d=mm&r=g","contentUrl":"https:\/\/secure.gravatar.com\/avatar\/f55268a89c3b418f2ef172ff52ab0d09b3e653c58de29539fe329fb93d78ebf3?s=96&d=mm&r=g","caption":"Redacci\u00f3n"},"url":"https:\/\/esbozodeportivo.com\/index.php\/author\/redaccion\/"}]}},"jetpack_featured_media_url":"https:\/\/esbozodeportivo.com\/wp-content\/uploads\/2026\/09\/75d75f51-5d99-4582-9473-2c07875ef1f0.jpg","jetpack_sharing_enabled":true,"_links":{"self":[{"href":"https:\/\/esbozodeportivo.com\/index.php\/wp-json\/wp\/v2\/posts\/17029","targetHints":{"allow":["GET"]}}],"collection":[{"href":"https:\/\/esbozodeportivo.com\/index.php\/wp-json\/wp\/v2\/posts"}],"about":[{"href":"https:\/\/esbozodeportivo.com\/index.php\/wp-json\/wp\/v2\/types\/post"}],"author":[{"embeddable":true,"href":"https:\/\/esbozodeportivo.com\/index.php\/wp-json\/wp\/v2\/users\/4"}],"replies":[{"embeddable":true,"href":"https:\/\/esbozodeportivo.com\/index.php\/wp-json\/wp\/v2\/comments?post=17029"}],"version-history":[{"count":1,"href":"https:\/\/esbozodeportivo.com\/index.php\/wp-json\/wp\/v2\/posts\/17029\/revisions"}],"predecessor-version":[{"id":17035,"href":"https:\/\/esbozodeportivo.com\/index.php\/wp-json\/wp\/v2\/posts\/17029\/revisions\/17035"}],"wp:featuredmedia":[{"embeddable":true,"href":"https:\/\/esbozodeportivo.com\/index.php\/wp-json\/wp\/v2\/media\/17032"}],"wp:attachment":[{"href":"https:\/\/esbozodeportivo.com\/index.php\/wp-json\/wp\/v2\/media?parent=17029"}],"wp:term":[{"taxonomy":"category","embeddable":true,"href":"https:\/\/esbozodeportivo.com\/index.php\/wp-json\/wp\/v2\/categories?post=17029"},{"taxonomy":"post_tag","embeddable":true,"href":"https:\/\/esbozodeportivo.com\/index.php\/wp-json\/wp\/v2\/tags?post=17029"}],"curies":[{"name":"wp","href":"https:\/\/api.w.org\/{rel}","templated":true}]}}