{"id":17036,"date":"2026-09-01T23:21:42","date_gmt":"2026-09-02T05:21:42","guid":{"rendered":"https:\/\/esbozodeportivo.com\/?p=17036"},"modified":"2026-09-01T23:21:44","modified_gmt":"2026-09-02T05:21:44","slug":"se-cae-fichaje-de-erik-lira","status":"publish","type":"post","link":"https:\/\/esbozodeportivo.com\/index.php\/2026\/09\/01\/se-cae-fichaje-de-erik-lira\/","title":{"rendered":"Se cae fichaje de Erik Lira"},"content":{"rendered":"\n<p>(Foto: Agencias) <\/p>\n\n\n\n<p>El futbolista Lira no jugar\u00e1 en el M\u00f3naco. Cuando todo parec\u00eda listo para que el capit\u00e1n de Cruz Azul diera el salto a Europa, el fichaje se vino abajo en los \u00faltimos minutos del mercado de Francia. El mexicano ya hab\u00eda realizado los ex\u00e1menes m\u00e9dicos y ten\u00eda pr\u00e1cticamente todo firmado, pero falt\u00f3 un requisito clave.<\/p>\n\n\n\n<p>El problema estuvo en la plantilla del M\u00f3naco. El club necesitaba liberar una plaza de jugador extracomunitario para registrar a Lira y ten\u00eda en Folarin Balogun al candidato para salir rumbo al Everton. Sin embargo, la operaci\u00f3n no lleg\u00f3 encaminada antes del cierre de la ventana de transferencias.<\/p>\n\n\n\n<p>As\u00ed, pese a que V\u00edctor Vel\u00e1zquez, presidente de Cruz Azul, hab\u00eda confirmado el acuerdo y todo estaba encaminado unas horas antes, el tiempo se agot\u00f3. Lira incluso ten\u00eda el viaje contemplado estos d\u00edas y las maletas preparadas para comenzar una nueva etapa en Francia, pero tendr\u00e1 que permanecer en M\u00e9xico y esperar.<\/p>\n\n\n\n<p>La situaci\u00f3n representa un duro golpe para el mediocampista, sobre todo despu\u00e9s del gran papel que tuvo con la Selecci\u00f3n Mexicana en el Mundial 2026. Lira buscaba aprovechar el escaparate y cumplir por fin su sue\u00f1o de jugar en Europa, algo que persigui\u00f3 desde su llegada a Cruz Azul.<\/p>\n\n\n\n<p>Ahora, el capit\u00e1n cementero tendr\u00e1 que reportar con La M\u00e1quina y esperar una nueva oportunidad. Su contrato con Cruz Azul contin\u00faa vigente, por lo que, si no aparece otra alternativa en los pr\u00f3ximos d\u00edas, tendr\u00e1 que permanecer con el equipo hasta el siguiente mercado de fichajes.<\/p>\n\n\n\n<p><\/p>\n","protected":false},"excerpt":{"rendered":"<p>(Foto: Agencias) El futbolista Lira no jugar\u00e1 en el M\u00f3naco. Cuando todo parec\u00eda listo para<\/p>\n","protected":false},"author":4,"featured_media":17030,"comment_status":"closed","ping_status":"open","sticky":false,"template":"","format":"standard","meta":{"_jetpack_memberships_contains_paid_content":false,"footnotes":""},"categories":[14],"tags":[],"class_list":["post-17036","post","type-post","status-publish","format-standard","has-post-thumbnail","hentry","category-futbol"],"yoast_head":"<!-- This site is optimized with the Yoast SEO plugin v25.7 - https:\/\/yoast.com\/wordpress\/plugins\/seo\/ -->\n<title>Se cae fichaje de Erik Lira - Esbozo Deportivo<\/title>\n<meta name=\"description\" content=\"El futbolista Lira no jugar\u00e1 en el M\u00f3naco. Cuando todo parec\u00eda listo para que el capit\u00e1n de Cruz Azul diera el salto a Europa, el fichaje se vino abajo en los \u00faltimos minutos del mercado de Francia. El mexicano ya hab\u00eda realizado los ex\u00e1menes m\u00e9dicos y ten\u00eda pr\u00e1cticamente todo firmado, pero falt\u00f3 un requisito clave.\" \/>\n<meta name=\"robots\" content=\"index, follow, max-snippet:-1, max-image-preview:large, max-video-preview:-1\" \/>\n<link rel=\"canonical\" href=\"https:\/\/esbozodeportivo.com\/index.php\/2026\/09\/01\/se-cae-fichaje-de-erik-lira\/\" \/>\n<meta property=\"og:locale\" content=\"es_MX\" \/>\n<meta property=\"og:type\" content=\"article\" \/>\n<meta property=\"og:title\" content=\"Se cae fichaje de Erik Lira - Esbozo Deportivo\" \/>\n<meta property=\"og:description\" content=\"El futbolista Lira no jugar\u00e1 en el M\u00f3naco. Cuando todo parec\u00eda listo para que el capit\u00e1n de Cruz Azul diera el salto a Europa, el fichaje se vino abajo en los \u00faltimos minutos del mercado de Francia. El mexicano ya hab\u00eda realizado los ex\u00e1menes m\u00e9dicos y ten\u00eda pr\u00e1cticamente todo firmado, pero falt\u00f3 un requisito clave.\" \/>\n<meta property=\"og:url\" content=\"https:\/\/esbozodeportivo.com\/index.php\/2026\/09\/01\/se-cae-fichaje-de-erik-lira\/\" \/>\n<meta property=\"og:site_name\" content=\"Esbozo Deportivo\" \/>\n<meta property=\"article:published_time\" content=\"2026-09-02T05:21:42+00:00\" \/>\n<meta property=\"article:modified_time\" content=\"2026-09-02T05:21:44+00:00\" \/>\n<meta property=\"og:image\" content=\"https:\/\/esbozodeportivo.com\/wp-content\/uploads\/2026\/09\/5abd7ee9-a666-4e89-96ca-91458cdc7917.jpg\" \/>\n\t<meta property=\"og:image:width\" content=\"1200\" \/>\n\t<meta property=\"og:image:height\" content=\"858\" \/>\n\t<meta property=\"og:image:type\" content=\"image\/jpeg\" \/>\n<meta name=\"author\" content=\"Redacci\u00f3n\" \/>\n<meta name=\"twitter:card\" content=\"summary_large_image\" \/>\n<meta name=\"twitter:label1\" content=\"Escrito por\" \/>\n\t<meta name=\"twitter:data1\" content=\"Redacci\u00f3n\" \/>\n\t<meta name=\"twitter:label2\" content=\"Tiempo de lectura\" \/>\n\t<meta name=\"twitter:data2\" content=\"2 minutos\" \/>\n<script type=\"application\/ld+json\" class=\"yoast-schema-graph\">{\"@context\":\"https:\/\/schema.org\",\"@graph\":[{\"@type\":\"Article\",\"@id\":\"https:\/\/esbozodeportivo.com\/index.php\/2026\/09\/01\/se-cae-fichaje-de-erik-lira\/#article\",\"isPartOf\":{\"@id\":\"https:\/\/esbozodeportivo.com\/index.php\/2026\/09\/01\/se-cae-fichaje-de-erik-lira\/\"},\"author\":{\"name\":\"Redacci\u00f3n\",\"@id\":\"https:\/\/esbozodeportivo.com\/#\/schema\/person\/0f6df9196dfe6740dd0bb31bae50d374\"},\"headline\":\"Se cae fichaje de Erik Lira\",\"datePublished\":\"2026-09-02T05:21:42+00:00\",\"dateModified\":\"2026-09-02T05:21:44+00:00\",\"mainEntityOfPage\":{\"@id\":\"https:\/\/esbozodeportivo.com\/index.php\/2026\/09\/01\/se-cae-fichaje-de-erik-lira\/\"},\"wordCount\":283,\"publisher\":{\"@id\":\"https:\/\/esbozodeportivo.com\/#organization\"},\"image\":{\"@id\":\"https:\/\/esbozodeportivo.com\/index.php\/2026\/09\/01\/se-cae-fichaje-de-erik-lira\/#primaryimage\"},\"thumbnailUrl\":\"https:\/\/esbozodeportivo.com\/wp-content\/uploads\/2026\/09\/5abd7ee9-a666-4e89-96ca-91458cdc7917.jpg\",\"articleSection\":[\"Futbol Internacional\"],\"inLanguage\":\"es\"},{\"@type\":\"WebPage\",\"@id\":\"https:\/\/esbozodeportivo.com\/index.php\/2026\/09\/01\/se-cae-fichaje-de-erik-lira\/\",\"url\":\"https:\/\/esbozodeportivo.com\/index.php\/2026\/09\/01\/se-cae-fichaje-de-erik-lira\/\",\"name\":\"Se cae fichaje de Erik Lira - Esbozo Deportivo\",\"isPartOf\":{\"@id\":\"https:\/\/esbozodeportivo.com\/#website\"},\"primaryImageOfPage\":{\"@id\":\"https:\/\/esbozodeportivo.com\/index.php\/2026\/09\/01\/se-cae-fichaje-de-erik-lira\/#primaryimage\"},\"image\":{\"@id\":\"https:\/\/esbozodeportivo.com\/index.php\/2026\/09\/01\/se-cae-fichaje-de-erik-lira\/#primaryimage\"},\"thumbnailUrl\":\"https:\/\/esbozodeportivo.com\/wp-content\/uploads\/2026\/09\/5abd7ee9-a666-4e89-96ca-91458cdc7917.jpg\",\"datePublished\":\"2026-09-02T05:21:42+00:00\",\"dateModified\":\"2026-09-02T05:21:44+00:00\",\"description\":\"El futbolista Lira no jugar\u00e1 en el M\u00f3naco. Cuando todo parec\u00eda listo para que el capit\u00e1n de Cruz Azul diera el salto a Europa, el fichaje se vino abajo en los \u00faltimos minutos del mercado de Francia. El mexicano ya hab\u00eda realizado los ex\u00e1menes m\u00e9dicos y ten\u00eda pr\u00e1cticamente todo firmado, pero falt\u00f3 un requisito clave.\",\"breadcrumb\":{\"@id\":\"https:\/\/esbozodeportivo.com\/index.php\/2026\/09\/01\/se-cae-fichaje-de-erik-lira\/#breadcrumb\"},\"inLanguage\":\"es\",\"potentialAction\":[{\"@type\":\"ReadAction\",\"target\":[\"https:\/\/esbozodeportivo.com\/index.php\/2026\/09\/01\/se-cae-fichaje-de-erik-lira\/\"]}]},{\"@type\":\"ImageObject\",\"inLanguage\":\"es\",\"@id\":\"https:\/\/esbozodeportivo.com\/index.php\/2026\/09\/01\/se-cae-fichaje-de-erik-lira\/#primaryimage\",\"url\":\"https:\/\/esbozodeportivo.com\/wp-content\/uploads\/2026\/09\/5abd7ee9-a666-4e89-96ca-91458cdc7917.jpg\",\"contentUrl\":\"https:\/\/esbozodeportivo.com\/wp-content\/uploads\/2026\/09\/5abd7ee9-a666-4e89-96ca-91458cdc7917.jpg\",\"width\":1200,\"height\":858},{\"@type\":\"BreadcrumbList\",\"@id\":\"https:\/\/esbozodeportivo.com\/index.php\/2026\/09\/01\/se-cae-fichaje-de-erik-lira\/#breadcrumb\",\"itemListElement\":[{\"@type\":\"ListItem\",\"position\":1,\"name\":\"Inicio\",\"item\":\"https:\/\/esbozodeportivo.com\/\"},{\"@type\":\"ListItem\",\"position\":2,\"name\":\"Se cae fichaje de Erik Lira\"}]},{\"@type\":\"WebSite\",\"@id\":\"https:\/\/esbozodeportivo.com\/#website\",\"url\":\"https:\/\/esbozodeportivo.com\/\",\"name\":\"Esbozo Deportivo\",\"description\":\"Lo m\u00e1s importante del Deporte\",\"publisher\":{\"@id\":\"https:\/\/esbozodeportivo.com\/#organization\"},\"potentialAction\":[{\"@type\":\"SearchAction\",\"target\":{\"@type\":\"EntryPoint\",\"urlTemplate\":\"https:\/\/esbozodeportivo.com\/?s={search_term_string}\"},\"query-input\":{\"@type\":\"PropertyValueSpecification\",\"valueRequired\":true,\"valueName\":\"search_term_string\"}}],\"inLanguage\":\"es\"},{\"@type\":\"Organization\",\"@id\":\"https:\/\/esbozodeportivo.com\/#organization\",\"name\":\"Esbozo Deportivo\",\"url\":\"https:\/\/esbozodeportivo.com\/\",\"logo\":{\"@type\":\"ImageObject\",\"inLanguage\":\"es\",\"@id\":\"https:\/\/esbozodeportivo.com\/#\/schema\/logo\/image\/\",\"url\":\"https:\/\/esbozodeportivo.com\/wp-content\/uploads\/2022\/08\/cropped-Logo-Esbozo-Web-2.png\",\"contentUrl\":\"https:\/\/esbozodeportivo.com\/wp-content\/uploads\/2022\/08\/cropped-Logo-Esbozo-Web-2.png\",\"width\":180,\"height\":50,\"caption\":\"Esbozo Deportivo\"},\"image\":{\"@id\":\"https:\/\/esbozodeportivo.com\/#\/schema\/logo\/image\/\"}},{\"@type\":\"Person\",\"@id\":\"https:\/\/esbozodeportivo.com\/#\/schema\/person\/0f6df9196dfe6740dd0bb31bae50d374\",\"name\":\"Redacci\u00f3n\",\"image\":{\"@type\":\"ImageObject\",\"inLanguage\":\"es\",\"@id\":\"https:\/\/esbozodeportivo.com\/#\/schema\/person\/image\/\",\"url\":\"https:\/\/secure.gravatar.com\/avatar\/f55268a89c3b418f2ef172ff52ab0d09b3e653c58de29539fe329fb93d78ebf3?s=96&d=mm&r=g\",\"contentUrl\":\"https:\/\/secure.gravatar.com\/avatar\/f55268a89c3b418f2ef172ff52ab0d09b3e653c58de29539fe329fb93d78ebf3?s=96&d=mm&r=g\",\"caption\":\"Redacci\u00f3n\"},\"url\":\"https:\/\/esbozodeportivo.com\/index.php\/author\/redaccion\/\"}]}<\/script>\n<!-- \/ Yoast SEO plugin. -->","yoast_head_json":{"title":"Se cae fichaje de Erik Lira - Esbozo Deportivo","description":"El futbolista Lira no jugar\u00e1 en el M\u00f3naco. Cuando todo parec\u00eda listo para que el capit\u00e1n de Cruz Azul diera el salto a Europa, el fichaje se vino abajo en los \u00faltimos minutos del mercado de Francia. El mexicano ya hab\u00eda realizado los ex\u00e1menes m\u00e9dicos y ten\u00eda pr\u00e1cticamente todo firmado, pero falt\u00f3 un requisito clave.","robots":{"index":"index","follow":"follow","max-snippet":"max-snippet:-1","max-image-preview":"max-image-preview:large","max-video-preview":"max-video-preview:-1"},"canonical":"https:\/\/esbozodeportivo.com\/index.php\/2026\/09\/01\/se-cae-fichaje-de-erik-lira\/","og_locale":"es_MX","og_type":"article","og_title":"Se cae fichaje de Erik Lira - Esbozo Deportivo","og_description":"El futbolista Lira no jugar\u00e1 en el M\u00f3naco. Cuando todo parec\u00eda listo para que el capit\u00e1n de Cruz Azul diera el salto a Europa, el fichaje se vino abajo en los \u00faltimos minutos del mercado de Francia. El mexicano ya hab\u00eda realizado los ex\u00e1menes m\u00e9dicos y ten\u00eda pr\u00e1cticamente todo firmado, pero falt\u00f3 un requisito clave.","og_url":"https:\/\/esbozodeportivo.com\/index.php\/2026\/09\/01\/se-cae-fichaje-de-erik-lira\/","og_site_name":"Esbozo Deportivo","article_published_time":"2026-09-02T05:21:42+00:00","article_modified_time":"2026-09-02T05:21:44+00:00","og_image":[{"width":1200,"height":858,"url":"https:\/\/esbozodeportivo.com\/wp-content\/uploads\/2026\/09\/5abd7ee9-a666-4e89-96ca-91458cdc7917.jpg","type":"image\/jpeg"}],"author":"Redacci\u00f3n","twitter_card":"summary_large_image","twitter_misc":{"Escrito por":"Redacci\u00f3n","Tiempo de lectura":"2 minutos"},"schema":{"@context":"https:\/\/schema.org","@graph":[{"@type":"Article","@id":"https:\/\/esbozodeportivo.com\/index.php\/2026\/09\/01\/se-cae-fichaje-de-erik-lira\/#article","isPartOf":{"@id":"https:\/\/esbozodeportivo.com\/index.php\/2026\/09\/01\/se-cae-fichaje-de-erik-lira\/"},"author":{"name":"Redacci\u00f3n","@id":"https:\/\/esbozodeportivo.com\/#\/schema\/person\/0f6df9196dfe6740dd0bb31bae50d374"},"headline":"Se cae fichaje de Erik Lira","datePublished":"2026-09-02T05:21:42+00:00","dateModified":"2026-09-02T05:21:44+00:00","mainEntityOfPage":{"@id":"https:\/\/esbozodeportivo.com\/index.php\/2026\/09\/01\/se-cae-fichaje-de-erik-lira\/"},"wordCount":283,"publisher":{"@id":"https:\/\/esbozodeportivo.com\/#organization"},"image":{"@id":"https:\/\/esbozodeportivo.com\/index.php\/2026\/09\/01\/se-cae-fichaje-de-erik-lira\/#primaryimage"},"thumbnailUrl":"https:\/\/esbozodeportivo.com\/wp-content\/uploads\/2026\/09\/5abd7ee9-a666-4e89-96ca-91458cdc7917.jpg","articleSection":["Futbol Internacional"],"inLanguage":"es"},{"@type":"WebPage","@id":"https:\/\/esbozodeportivo.com\/index.php\/2026\/09\/01\/se-cae-fichaje-de-erik-lira\/","url":"https:\/\/esbozodeportivo.com\/index.php\/2026\/09\/01\/se-cae-fichaje-de-erik-lira\/","name":"Se cae fichaje de Erik Lira - Esbozo Deportivo","isPartOf":{"@id":"https:\/\/esbozodeportivo.com\/#website"},"primaryImageOfPage":{"@id":"https:\/\/esbozodeportivo.com\/index.php\/2026\/09\/01\/se-cae-fichaje-de-erik-lira\/#primaryimage"},"image":{"@id":"https:\/\/esbozodeportivo.com\/index.php\/2026\/09\/01\/se-cae-fichaje-de-erik-lira\/#primaryimage"},"thumbnailUrl":"https:\/\/esbozodeportivo.com\/wp-content\/uploads\/2026\/09\/5abd7ee9-a666-4e89-96ca-91458cdc7917.jpg","datePublished":"2026-09-02T05:21:42+00:00","dateModified":"2026-09-02T05:21:44+00:00","description":"El futbolista Lira no jugar\u00e1 en el M\u00f3naco. Cuando todo parec\u00eda listo para que el capit\u00e1n de Cruz Azul diera el salto a Europa, el fichaje se vino abajo en los \u00faltimos minutos del mercado de Francia. El mexicano ya hab\u00eda realizado los ex\u00e1menes m\u00e9dicos y ten\u00eda pr\u00e1cticamente todo firmado, pero falt\u00f3 un requisito clave.","breadcrumb":{"@id":"https:\/\/esbozodeportivo.com\/index.php\/2026\/09\/01\/se-cae-fichaje-de-erik-lira\/#breadcrumb"},"inLanguage":"es","potentialAction":[{"@type":"ReadAction","target":["https:\/\/esbozodeportivo.com\/index.php\/2026\/09\/01\/se-cae-fichaje-de-erik-lira\/"]}]},{"@type":"ImageObject","inLanguage":"es","@id":"https:\/\/esbozodeportivo.com\/index.php\/2026\/09\/01\/se-cae-fichaje-de-erik-lira\/#primaryimage","url":"https:\/\/esbozodeportivo.com\/wp-content\/uploads\/2026\/09\/5abd7ee9-a666-4e89-96ca-91458cdc7917.jpg","contentUrl":"https:\/\/esbozodeportivo.com\/wp-content\/uploads\/2026\/09\/5abd7ee9-a666-4e89-96ca-91458cdc7917.jpg","width":1200,"height":858},{"@type":"BreadcrumbList","@id":"https:\/\/esbozodeportivo.com\/index.php\/2026\/09\/01\/se-cae-fichaje-de-erik-lira\/#breadcrumb","itemListElement":[{"@type":"ListItem","position":1,"name":"Inicio","item":"https:\/\/esbozodeportivo.com\/"},{"@type":"ListItem","position":2,"name":"Se cae fichaje de Erik Lira"}]},{"@type":"WebSite","@id":"https:\/\/esbozodeportivo.com\/#website","url":"https:\/\/esbozodeportivo.com\/","name":"Esbozo Deportivo","description":"Lo m\u00e1s importante del Deporte","publisher":{"@id":"https:\/\/esbozodeportivo.com\/#organization"},"potentialAction":[{"@type":"SearchAction","target":{"@type":"EntryPoint","urlTemplate":"https:\/\/esbozodeportivo.com\/?s={search_term_string}"},"query-input":{"@type":"PropertyValueSpecification","valueRequired":true,"valueName":"search_term_string"}}],"inLanguage":"es"},{"@type":"Organization","@id":"https:\/\/esbozodeportivo.com\/#organization","name":"Esbozo Deportivo","url":"https:\/\/esbozodeportivo.com\/","logo":{"@type":"ImageObject","inLanguage":"es","@id":"https:\/\/esbozodeportivo.com\/#\/schema\/logo\/image\/","url":"https:\/\/esbozodeportivo.com\/wp-content\/uploads\/2022\/08\/cropped-Logo-Esbozo-Web-2.png","contentUrl":"https:\/\/esbozodeportivo.com\/wp-content\/uploads\/2022\/08\/cropped-Logo-Esbozo-Web-2.png","width":180,"height":50,"caption":"Esbozo Deportivo"},"image":{"@id":"https:\/\/esbozodeportivo.com\/#\/schema\/logo\/image\/"}},{"@type":"Person","@id":"https:\/\/esbozodeportivo.com\/#\/schema\/person\/0f6df9196dfe6740dd0bb31bae50d374","name":"Redacci\u00f3n","image":{"@type":"ImageObject","inLanguage":"es","@id":"https:\/\/esbozodeportivo.com\/#\/schema\/person\/image\/","url":"https:\/\/secure.gravatar.com\/avatar\/f55268a89c3b418f2ef172ff52ab0d09b3e653c58de29539fe329fb93d78ebf3?s=96&d=mm&r=g","contentUrl":"https:\/\/secure.gravatar.com\/avatar\/f55268a89c3b418f2ef172ff52ab0d09b3e653c58de29539fe329fb93d78ebf3?s=96&d=mm&r=g","caption":"Redacci\u00f3n"},"url":"https:\/\/esbozodeportivo.com\/index.php\/author\/redaccion\/"}]}},"jetpack_featured_media_url":"https:\/\/esbozodeportivo.com\/wp-content\/uploads\/2026\/09\/5abd7ee9-a666-4e89-96ca-91458cdc7917.jpg","jetpack_sharing_enabled":true,"_links":{"self":[{"href":"https:\/\/esbozodeportivo.com\/index.php\/wp-json\/wp\/v2\/posts\/17036","targetHints":{"allow":["GET"]}}],"collection":[{"href":"https:\/\/esbozodeportivo.com\/index.php\/wp-json\/wp\/v2\/posts"}],"about":[{"href":"https:\/\/esbozodeportivo.com\/index.php\/wp-json\/wp\/v2\/types\/post"}],"author":[{"embeddable":true,"href":"https:\/\/esbozodeportivo.com\/index.php\/wp-json\/wp\/v2\/users\/4"}],"replies":[{"embeddable":true,"href":"https:\/\/esbozodeportivo.com\/index.php\/wp-json\/wp\/v2\/comments?post=17036"}],"version-history":[{"count":1,"href":"https:\/\/esbozodeportivo.com\/index.php\/wp-json\/wp\/v2\/posts\/17036\/revisions"}],"predecessor-version":[{"id":17037,"href":"https:\/\/esbozodeportivo.com\/index.php\/wp-json\/wp\/v2\/posts\/17036\/revisions\/17037"}],"wp:featuredmedia":[{"embeddable":true,"href":"https:\/\/esbozodeportivo.com\/index.php\/wp-json\/wp\/v2\/media\/17030"}],"wp:attachment":[{"href":"https:\/\/esbozodeportivo.com\/index.php\/wp-json\/wp\/v2\/media?parent=17036"}],"wp:term":[{"taxonomy":"category","embeddable":true,"href":"https:\/\/esbozodeportivo.com\/index.php\/wp-json\/wp\/v2\/categories?post=17036"},{"taxonomy":"post_tag","embeddable":true,"href":"https:\/\/esbozodeportivo.com\/index.php\/wp-json\/wp\/v2\/tags?post=17036"}],"curies":[{"name":"wp","href":"https:\/\/api.w.org\/{rel}","templated":true}]}}