{"id":17038,"date":"2026-09-01T23:23:41","date_gmt":"2026-09-02T05:23:41","guid":{"rendered":"https:\/\/esbozodeportivo.com\/?p=17038"},"modified":"2026-09-01T23:23:43","modified_gmt":"2026-09-02T05:23:43","slug":"rudiger-se-retira-de-seleccion-germana","status":"publish","type":"post","link":"https:\/\/esbozodeportivo.com\/index.php\/2026\/09\/01\/rudiger-se-retira-de-seleccion-germana\/","title":{"rendered":"R\u00fcdiger se retira de selecci\u00f3n germana"},"content":{"rendered":"\n<p>(Foto: Agencias)<\/p>\n\n\n\n<p>Antonio R\u00fcdiger dar\u00e1 por concluido su ciclo como jugador de la selecci\u00f3n de Alemania y se concentrar\u00e1 totalmente en su aportaci\u00f3n al Real Madrid. Lo inform\u00f3 primero este martes, &#8220;en exclusiva&#8221;, el medio especializado espa\u00f1ol &#8220;Marca&#8221;.<\/p>\n\n\n\n<p>De acuerdo con la misma fuente, Antonio R\u00fcdiger pretende adem\u00e1s facilitar el proceso que est\u00e1 por comenzar J\u00fcrgen Klopp al frente del combinado germano, dando paso a las nuevas generaciones de futbolistas alemanes. El defensa central, de 33 a\u00f1os, habr\u00eda tomado la decisi\u00f3n luego de la temprana eliminaci\u00f3n de Alemania en la Copa del Mundo 2026 jugada en Canad\u00e1, M\u00e9xico y Estados Unidos.<\/p>\n\n\n\n<p>La informaci\u00f3n de &#8220;Marca&#8221; fue confirmada minutos despu\u00e9s por el propio futbolista, en su sitio de Instagram, en los mismos t\u00e9rminos adelantados por el medio espa\u00f1ol.<\/p>\n\n\n\n<p>Carrera larga, palmar\u00e9s corto<\/p>\n\n\n\n<p>Antonio R\u00fcdiger debut\u00f3 como futbolista profesional en el torneo 2011-2012, con el VfB Stuttgart de la Bundesliga. Permaneci\u00f3 en el club suabo tres torneos m\u00e1s, antes de comenzar lo que se transformar\u00eda en una larga carrera en el f\u00fatbol internacional. Despu\u00e9s de jugar dos torneos en el AS Roma de la Serie A, el central pas\u00f3 a formar parte del Chelsea de la Premier League, club en el que jug\u00f3 cinco a\u00f1os para luego ser fichado por el Real Madrid.<\/p>\n\n\n\n<p>Como internacional alem\u00e1n, R\u00fcdiger form\u00f3 parte primero de la Sub-21 alemana y posteriormente, de la selecci\u00f3n mayor. En total, disput\u00f3 86 encuentros como parte del combinado germano y fue tres veces mundialista, en los torneos de Rusia, Catar, y Canad\u00e1, Estados Unidos y M\u00e9xico. Su m\u00e1ximo logro internacional lo alcanz\u00f3 en su primer torneo de ese nivel: el campeonato de la Copa Confederaciones de 2017.<\/p>\n","protected":false},"excerpt":{"rendered":"<p>(Foto: Agencias) Antonio R\u00fcdiger dar\u00e1 por concluido su ciclo como jugador de la selecci\u00f3n de<\/p>\n","protected":false},"author":4,"featured_media":17031,"comment_status":"closed","ping_status":"open","sticky":false,"template":"","format":"standard","meta":{"_jetpack_memberships_contains_paid_content":false,"footnotes":""},"categories":[43],"tags":[],"class_list":["post-17038","post","type-post","status-publish","format-standard","has-post-thumbnail","hentry","category-futbol-espanol"],"yoast_head":"<!-- This site is optimized with the Yoast SEO plugin v25.7 - https:\/\/yoast.com\/wordpress\/plugins\/seo\/ -->\n<title>R\u00fcdiger se retira de selecci\u00f3n germana - Esbozo Deportivo<\/title>\n<meta name=\"description\" content=\"Antonio R\u00fcdiger dar\u00e1 por concluido su ciclo como jugador de la selecci\u00f3n de Alemania y se concentrar\u00e1 totalmente en su aportaci\u00f3n al Real Madrid. Lo inform\u00f3 primero este martes, &quot;en exclusiva&quot;, el medio especializado espa\u00f1ol &quot;Marca&quot;.\" \/>\n<meta name=\"robots\" content=\"index, follow, max-snippet:-1, max-image-preview:large, max-video-preview:-1\" \/>\n<link rel=\"canonical\" href=\"https:\/\/esbozodeportivo.com\/index.php\/2026\/09\/01\/rudiger-se-retira-de-seleccion-germana\/\" \/>\n<meta property=\"og:locale\" content=\"es_MX\" \/>\n<meta property=\"og:type\" content=\"article\" \/>\n<meta property=\"og:title\" content=\"R\u00fcdiger se retira de selecci\u00f3n germana - Esbozo Deportivo\" \/>\n<meta property=\"og:description\" content=\"Antonio R\u00fcdiger dar\u00e1 por concluido su ciclo como jugador de la selecci\u00f3n de Alemania y se concentrar\u00e1 totalmente en su aportaci\u00f3n al Real Madrid. Lo inform\u00f3 primero este martes, &quot;en exclusiva&quot;, el medio especializado espa\u00f1ol &quot;Marca&quot;.\" \/>\n<meta property=\"og:url\" content=\"https:\/\/esbozodeportivo.com\/index.php\/2026\/09\/01\/rudiger-se-retira-de-seleccion-germana\/\" \/>\n<meta property=\"og:site_name\" content=\"Esbozo Deportivo\" \/>\n<meta property=\"article:published_time\" content=\"2026-09-02T05:23:41+00:00\" \/>\n<meta property=\"article:modified_time\" content=\"2026-09-02T05:23:43+00:00\" \/>\n<meta property=\"og:image\" content=\"https:\/\/esbozodeportivo.com\/wp-content\/uploads\/2026\/09\/7f650b3d-94c9-4f6d-9ebd-1bbc01fa1d20.jpg\" \/>\n\t<meta property=\"og:image:width\" content=\"979\" \/>\n\t<meta property=\"og:image:height\" content=\"653\" \/>\n\t<meta property=\"og:image:type\" content=\"image\/jpeg\" \/>\n<meta name=\"author\" content=\"Redacci\u00f3n\" \/>\n<meta name=\"twitter:card\" content=\"summary_large_image\" \/>\n<meta name=\"twitter:label1\" content=\"Escrito por\" \/>\n\t<meta name=\"twitter:data1\" content=\"Redacci\u00f3n\" \/>\n\t<meta name=\"twitter:label2\" content=\"Tiempo de lectura\" \/>\n\t<meta name=\"twitter:data2\" content=\"2 minutos\" \/>\n<script type=\"application\/ld+json\" class=\"yoast-schema-graph\">{\"@context\":\"https:\/\/schema.org\",\"@graph\":[{\"@type\":\"Article\",\"@id\":\"https:\/\/esbozodeportivo.com\/index.php\/2026\/09\/01\/rudiger-se-retira-de-seleccion-germana\/#article\",\"isPartOf\":{\"@id\":\"https:\/\/esbozodeportivo.com\/index.php\/2026\/09\/01\/rudiger-se-retira-de-seleccion-germana\/\"},\"author\":{\"name\":\"Redacci\u00f3n\",\"@id\":\"https:\/\/esbozodeportivo.com\/#\/schema\/person\/0f6df9196dfe6740dd0bb31bae50d374\"},\"headline\":\"R\u00fcdiger se retira de selecci\u00f3n germana\",\"datePublished\":\"2026-09-02T05:23:41+00:00\",\"dateModified\":\"2026-09-02T05:23:43+00:00\",\"mainEntityOfPage\":{\"@id\":\"https:\/\/esbozodeportivo.com\/index.php\/2026\/09\/01\/rudiger-se-retira-de-seleccion-germana\/\"},\"wordCount\":308,\"publisher\":{\"@id\":\"https:\/\/esbozodeportivo.com\/#organization\"},\"image\":{\"@id\":\"https:\/\/esbozodeportivo.com\/index.php\/2026\/09\/01\/rudiger-se-retira-de-seleccion-germana\/#primaryimage\"},\"thumbnailUrl\":\"https:\/\/esbozodeportivo.com\/wp-content\/uploads\/2026\/09\/7f650b3d-94c9-4f6d-9ebd-1bbc01fa1d20.jpg\",\"articleSection\":[\"Futbol Espa\u00f1ol\"],\"inLanguage\":\"es\"},{\"@type\":\"WebPage\",\"@id\":\"https:\/\/esbozodeportivo.com\/index.php\/2026\/09\/01\/rudiger-se-retira-de-seleccion-germana\/\",\"url\":\"https:\/\/esbozodeportivo.com\/index.php\/2026\/09\/01\/rudiger-se-retira-de-seleccion-germana\/\",\"name\":\"R\u00fcdiger se retira de selecci\u00f3n germana - Esbozo Deportivo\",\"isPartOf\":{\"@id\":\"https:\/\/esbozodeportivo.com\/#website\"},\"primaryImageOfPage\":{\"@id\":\"https:\/\/esbozodeportivo.com\/index.php\/2026\/09\/01\/rudiger-se-retira-de-seleccion-germana\/#primaryimage\"},\"image\":{\"@id\":\"https:\/\/esbozodeportivo.com\/index.php\/2026\/09\/01\/rudiger-se-retira-de-seleccion-germana\/#primaryimage\"},\"thumbnailUrl\":\"https:\/\/esbozodeportivo.com\/wp-content\/uploads\/2026\/09\/7f650b3d-94c9-4f6d-9ebd-1bbc01fa1d20.jpg\",\"datePublished\":\"2026-09-02T05:23:41+00:00\",\"dateModified\":\"2026-09-02T05:23:43+00:00\",\"description\":\"Antonio R\u00fcdiger dar\u00e1 por concluido su ciclo como jugador de la selecci\u00f3n de Alemania y se concentrar\u00e1 totalmente en su aportaci\u00f3n al Real Madrid. Lo inform\u00f3 primero este martes, \\\"en exclusiva\\\", el medio especializado espa\u00f1ol \\\"Marca\\\".\",\"breadcrumb\":{\"@id\":\"https:\/\/esbozodeportivo.com\/index.php\/2026\/09\/01\/rudiger-se-retira-de-seleccion-germana\/#breadcrumb\"},\"inLanguage\":\"es\",\"potentialAction\":[{\"@type\":\"ReadAction\",\"target\":[\"https:\/\/esbozodeportivo.com\/index.php\/2026\/09\/01\/rudiger-se-retira-de-seleccion-germana\/\"]}]},{\"@type\":\"ImageObject\",\"inLanguage\":\"es\",\"@id\":\"https:\/\/esbozodeportivo.com\/index.php\/2026\/09\/01\/rudiger-se-retira-de-seleccion-germana\/#primaryimage\",\"url\":\"https:\/\/esbozodeportivo.com\/wp-content\/uploads\/2026\/09\/7f650b3d-94c9-4f6d-9ebd-1bbc01fa1d20.jpg\",\"contentUrl\":\"https:\/\/esbozodeportivo.com\/wp-content\/uploads\/2026\/09\/7f650b3d-94c9-4f6d-9ebd-1bbc01fa1d20.jpg\",\"width\":979,\"height\":653},{\"@type\":\"BreadcrumbList\",\"@id\":\"https:\/\/esbozodeportivo.com\/index.php\/2026\/09\/01\/rudiger-se-retira-de-seleccion-germana\/#breadcrumb\",\"itemListElement\":[{\"@type\":\"ListItem\",\"position\":1,\"name\":\"Inicio\",\"item\":\"https:\/\/esbozodeportivo.com\/\"},{\"@type\":\"ListItem\",\"position\":2,\"name\":\"R\u00fcdiger se retira de selecci\u00f3n germana\"}]},{\"@type\":\"WebSite\",\"@id\":\"https:\/\/esbozodeportivo.com\/#website\",\"url\":\"https:\/\/esbozodeportivo.com\/\",\"name\":\"Esbozo Deportivo\",\"description\":\"Lo m\u00e1s importante del Deporte\",\"publisher\":{\"@id\":\"https:\/\/esbozodeportivo.com\/#organization\"},\"potentialAction\":[{\"@type\":\"SearchAction\",\"target\":{\"@type\":\"EntryPoint\",\"urlTemplate\":\"https:\/\/esbozodeportivo.com\/?s={search_term_string}\"},\"query-input\":{\"@type\":\"PropertyValueSpecification\",\"valueRequired\":true,\"valueName\":\"search_term_string\"}}],\"inLanguage\":\"es\"},{\"@type\":\"Organization\",\"@id\":\"https:\/\/esbozodeportivo.com\/#organization\",\"name\":\"Esbozo Deportivo\",\"url\":\"https:\/\/esbozodeportivo.com\/\",\"logo\":{\"@type\":\"ImageObject\",\"inLanguage\":\"es\",\"@id\":\"https:\/\/esbozodeportivo.com\/#\/schema\/logo\/image\/\",\"url\":\"https:\/\/esbozodeportivo.com\/wp-content\/uploads\/2022\/08\/cropped-Logo-Esbozo-Web-2.png\",\"contentUrl\":\"https:\/\/esbozodeportivo.com\/wp-content\/uploads\/2022\/08\/cropped-Logo-Esbozo-Web-2.png\",\"width\":180,\"height\":50,\"caption\":\"Esbozo Deportivo\"},\"image\":{\"@id\":\"https:\/\/esbozodeportivo.com\/#\/schema\/logo\/image\/\"}},{\"@type\":\"Person\",\"@id\":\"https:\/\/esbozodeportivo.com\/#\/schema\/person\/0f6df9196dfe6740dd0bb31bae50d374\",\"name\":\"Redacci\u00f3n\",\"image\":{\"@type\":\"ImageObject\",\"inLanguage\":\"es\",\"@id\":\"https:\/\/esbozodeportivo.com\/#\/schema\/person\/image\/\",\"url\":\"https:\/\/secure.gravatar.com\/avatar\/f55268a89c3b418f2ef172ff52ab0d09b3e653c58de29539fe329fb93d78ebf3?s=96&d=mm&r=g\",\"contentUrl\":\"https:\/\/secure.gravatar.com\/avatar\/f55268a89c3b418f2ef172ff52ab0d09b3e653c58de29539fe329fb93d78ebf3?s=96&d=mm&r=g\",\"caption\":\"Redacci\u00f3n\"},\"url\":\"https:\/\/esbozodeportivo.com\/index.php\/author\/redaccion\/\"}]}<\/script>\n<!-- \/ Yoast SEO plugin. -->","yoast_head_json":{"title":"R\u00fcdiger se retira de selecci\u00f3n germana - Esbozo Deportivo","description":"Antonio R\u00fcdiger dar\u00e1 por concluido su ciclo como jugador de la selecci\u00f3n de Alemania y se concentrar\u00e1 totalmente en su aportaci\u00f3n al Real Madrid. Lo inform\u00f3 primero este martes, \"en exclusiva\", el medio especializado espa\u00f1ol \"Marca\".","robots":{"index":"index","follow":"follow","max-snippet":"max-snippet:-1","max-image-preview":"max-image-preview:large","max-video-preview":"max-video-preview:-1"},"canonical":"https:\/\/esbozodeportivo.com\/index.php\/2026\/09\/01\/rudiger-se-retira-de-seleccion-germana\/","og_locale":"es_MX","og_type":"article","og_title":"R\u00fcdiger se retira de selecci\u00f3n germana - Esbozo Deportivo","og_description":"Antonio R\u00fcdiger dar\u00e1 por concluido su ciclo como jugador de la selecci\u00f3n de Alemania y se concentrar\u00e1 totalmente en su aportaci\u00f3n al Real Madrid. Lo inform\u00f3 primero este martes, \"en exclusiva\", el medio especializado espa\u00f1ol \"Marca\".","og_url":"https:\/\/esbozodeportivo.com\/index.php\/2026\/09\/01\/rudiger-se-retira-de-seleccion-germana\/","og_site_name":"Esbozo Deportivo","article_published_time":"2026-09-02T05:23:41+00:00","article_modified_time":"2026-09-02T05:23:43+00:00","og_image":[{"width":979,"height":653,"url":"https:\/\/esbozodeportivo.com\/wp-content\/uploads\/2026\/09\/7f650b3d-94c9-4f6d-9ebd-1bbc01fa1d20.jpg","type":"image\/jpeg"}],"author":"Redacci\u00f3n","twitter_card":"summary_large_image","twitter_misc":{"Escrito por":"Redacci\u00f3n","Tiempo de lectura":"2 minutos"},"schema":{"@context":"https:\/\/schema.org","@graph":[{"@type":"Article","@id":"https:\/\/esbozodeportivo.com\/index.php\/2026\/09\/01\/rudiger-se-retira-de-seleccion-germana\/#article","isPartOf":{"@id":"https:\/\/esbozodeportivo.com\/index.php\/2026\/09\/01\/rudiger-se-retira-de-seleccion-germana\/"},"author":{"name":"Redacci\u00f3n","@id":"https:\/\/esbozodeportivo.com\/#\/schema\/person\/0f6df9196dfe6740dd0bb31bae50d374"},"headline":"R\u00fcdiger se retira de selecci\u00f3n germana","datePublished":"2026-09-02T05:23:41+00:00","dateModified":"2026-09-02T05:23:43+00:00","mainEntityOfPage":{"@id":"https:\/\/esbozodeportivo.com\/index.php\/2026\/09\/01\/rudiger-se-retira-de-seleccion-germana\/"},"wordCount":308,"publisher":{"@id":"https:\/\/esbozodeportivo.com\/#organization"},"image":{"@id":"https:\/\/esbozodeportivo.com\/index.php\/2026\/09\/01\/rudiger-se-retira-de-seleccion-germana\/#primaryimage"},"thumbnailUrl":"https:\/\/esbozodeportivo.com\/wp-content\/uploads\/2026\/09\/7f650b3d-94c9-4f6d-9ebd-1bbc01fa1d20.jpg","articleSection":["Futbol Espa\u00f1ol"],"inLanguage":"es"},{"@type":"WebPage","@id":"https:\/\/esbozodeportivo.com\/index.php\/2026\/09\/01\/rudiger-se-retira-de-seleccion-germana\/","url":"https:\/\/esbozodeportivo.com\/index.php\/2026\/09\/01\/rudiger-se-retira-de-seleccion-germana\/","name":"R\u00fcdiger se retira de selecci\u00f3n germana - Esbozo Deportivo","isPartOf":{"@id":"https:\/\/esbozodeportivo.com\/#website"},"primaryImageOfPage":{"@id":"https:\/\/esbozodeportivo.com\/index.php\/2026\/09\/01\/rudiger-se-retira-de-seleccion-germana\/#primaryimage"},"image":{"@id":"https:\/\/esbozodeportivo.com\/index.php\/2026\/09\/01\/rudiger-se-retira-de-seleccion-germana\/#primaryimage"},"thumbnailUrl":"https:\/\/esbozodeportivo.com\/wp-content\/uploads\/2026\/09\/7f650b3d-94c9-4f6d-9ebd-1bbc01fa1d20.jpg","datePublished":"2026-09-02T05:23:41+00:00","dateModified":"2026-09-02T05:23:43+00:00","description":"Antonio R\u00fcdiger dar\u00e1 por concluido su ciclo como jugador de la selecci\u00f3n de Alemania y se concentrar\u00e1 totalmente en su aportaci\u00f3n al Real Madrid. Lo inform\u00f3 primero este martes, \"en exclusiva\", el medio especializado espa\u00f1ol \"Marca\".","breadcrumb":{"@id":"https:\/\/esbozodeportivo.com\/index.php\/2026\/09\/01\/rudiger-se-retira-de-seleccion-germana\/#breadcrumb"},"inLanguage":"es","potentialAction":[{"@type":"ReadAction","target":["https:\/\/esbozodeportivo.com\/index.php\/2026\/09\/01\/rudiger-se-retira-de-seleccion-germana\/"]}]},{"@type":"ImageObject","inLanguage":"es","@id":"https:\/\/esbozodeportivo.com\/index.php\/2026\/09\/01\/rudiger-se-retira-de-seleccion-germana\/#primaryimage","url":"https:\/\/esbozodeportivo.com\/wp-content\/uploads\/2026\/09\/7f650b3d-94c9-4f6d-9ebd-1bbc01fa1d20.jpg","contentUrl":"https:\/\/esbozodeportivo.com\/wp-content\/uploads\/2026\/09\/7f650b3d-94c9-4f6d-9ebd-1bbc01fa1d20.jpg","width":979,"height":653},{"@type":"BreadcrumbList","@id":"https:\/\/esbozodeportivo.com\/index.php\/2026\/09\/01\/rudiger-se-retira-de-seleccion-germana\/#breadcrumb","itemListElement":[{"@type":"ListItem","position":1,"name":"Inicio","item":"https:\/\/esbozodeportivo.com\/"},{"@type":"ListItem","position":2,"name":"R\u00fcdiger se retira de selecci\u00f3n germana"}]},{"@type":"WebSite","@id":"https:\/\/esbozodeportivo.com\/#website","url":"https:\/\/esbozodeportivo.com\/","name":"Esbozo Deportivo","description":"Lo m\u00e1s importante del Deporte","publisher":{"@id":"https:\/\/esbozodeportivo.com\/#organization"},"potentialAction":[{"@type":"SearchAction","target":{"@type":"EntryPoint","urlTemplate":"https:\/\/esbozodeportivo.com\/?s={search_term_string}"},"query-input":{"@type":"PropertyValueSpecification","valueRequired":true,"valueName":"search_term_string"}}],"inLanguage":"es"},{"@type":"Organization","@id":"https:\/\/esbozodeportivo.com\/#organization","name":"Esbozo Deportivo","url":"https:\/\/esbozodeportivo.com\/","logo":{"@type":"ImageObject","inLanguage":"es","@id":"https:\/\/esbozodeportivo.com\/#\/schema\/logo\/image\/","url":"https:\/\/esbozodeportivo.com\/wp-content\/uploads\/2022\/08\/cropped-Logo-Esbozo-Web-2.png","contentUrl":"https:\/\/esbozodeportivo.com\/wp-content\/uploads\/2022\/08\/cropped-Logo-Esbozo-Web-2.png","width":180,"height":50,"caption":"Esbozo Deportivo"},"image":{"@id":"https:\/\/esbozodeportivo.com\/#\/schema\/logo\/image\/"}},{"@type":"Person","@id":"https:\/\/esbozodeportivo.com\/#\/schema\/person\/0f6df9196dfe6740dd0bb31bae50d374","name":"Redacci\u00f3n","image":{"@type":"ImageObject","inLanguage":"es","@id":"https:\/\/esbozodeportivo.com\/#\/schema\/person\/image\/","url":"https:\/\/secure.gravatar.com\/avatar\/f55268a89c3b418f2ef172ff52ab0d09b3e653c58de29539fe329fb93d78ebf3?s=96&d=mm&r=g","contentUrl":"https:\/\/secure.gravatar.com\/avatar\/f55268a89c3b418f2ef172ff52ab0d09b3e653c58de29539fe329fb93d78ebf3?s=96&d=mm&r=g","caption":"Redacci\u00f3n"},"url":"https:\/\/esbozodeportivo.com\/index.php\/author\/redaccion\/"}]}},"jetpack_featured_media_url":"https:\/\/esbozodeportivo.com\/wp-content\/uploads\/2026\/09\/7f650b3d-94c9-4f6d-9ebd-1bbc01fa1d20.jpg","jetpack_sharing_enabled":true,"_links":{"self":[{"href":"https:\/\/esbozodeportivo.com\/index.php\/wp-json\/wp\/v2\/posts\/17038","targetHints":{"allow":["GET"]}}],"collection":[{"href":"https:\/\/esbozodeportivo.com\/index.php\/wp-json\/wp\/v2\/posts"}],"about":[{"href":"https:\/\/esbozodeportivo.com\/index.php\/wp-json\/wp\/v2\/types\/post"}],"author":[{"embeddable":true,"href":"https:\/\/esbozodeportivo.com\/index.php\/wp-json\/wp\/v2\/users\/4"}],"replies":[{"embeddable":true,"href":"https:\/\/esbozodeportivo.com\/index.php\/wp-json\/wp\/v2\/comments?post=17038"}],"version-history":[{"count":1,"href":"https:\/\/esbozodeportivo.com\/index.php\/wp-json\/wp\/v2\/posts\/17038\/revisions"}],"predecessor-version":[{"id":17039,"href":"https:\/\/esbozodeportivo.com\/index.php\/wp-json\/wp\/v2\/posts\/17038\/revisions\/17039"}],"wp:featuredmedia":[{"embeddable":true,"href":"https:\/\/esbozodeportivo.com\/index.php\/wp-json\/wp\/v2\/media\/17031"}],"wp:attachment":[{"href":"https:\/\/esbozodeportivo.com\/index.php\/wp-json\/wp\/v2\/media?parent=17038"}],"wp:term":[{"taxonomy":"category","embeddable":true,"href":"https:\/\/esbozodeportivo.com\/index.php\/wp-json\/wp\/v2\/categories?post=17038"},{"taxonomy":"post_tag","embeddable":true,"href":"https:\/\/esbozodeportivo.com\/index.php\/wp-json\/wp\/v2\/tags?post=17038"}],"curies":[{"name":"wp","href":"https:\/\/api.w.org\/{rel}","templated":true}]}}