{"id":17040,"date":"2026-09-01T23:25:23","date_gmt":"2026-09-02T05:25:23","guid":{"rendered":"https:\/\/esbozodeportivo.com\/?p=17040"},"modified":"2026-09-01T23:25:26","modified_gmt":"2026-09-02T05:25:26","slug":"caceres-jugara-con-el-celta-de-vigo","status":"publish","type":"post","link":"https:\/\/esbozodeportivo.com\/index.php\/2026\/09\/01\/caceres-jugara-con-el-celta-de-vigo\/","title":{"rendered":"C\u00e1ceres jugar\u00e1 con el Celta de Vigo"},"content":{"rendered":"\n<p>(Foto: Agencias) <\/p>\n\n\n\n<p>El Am\u00e9rica mexicano anunci\u00f3 este martes la salida del uruguayo Sebasti\u00e1n C\u00e1ceres, quien jugar\u00e1 con el Celta de Vigo de la liga espa\u00f1ola.<\/p>\n\n\n\n<p>&#8220;Sebasti\u00e1n C\u00e1ceres, gracias por haber defendido nuestros colores desde el primer d\u00eda. Gracias por los t\u00edtulos que conseguimos juntos, tu profesionalismo y por la gran historia que escribimos en conjunto dentro del Club. Te deseamos mucho \u00e9xito en todos tus futuros proyectos&#8221;, escribi\u00f3 el Am\u00e9rica en un comunicado.<\/p>\n\n\n\n<p>C\u00e1ceres, mundialista por su pa\u00eds en este a\u00f1o, era el l\u00edder de la defensa del Am\u00e9rica, equipo al que lleg\u00f3 para el Clausura 2020.<\/p>\n\n\n\n<p>Desde entonces se convirti\u00f3 en un referente del equipo con el que gan\u00f3 seis t\u00edtulos: tres campeonatos de liga de manera consecutiva, uno de campe\u00f3n de campeones, una s\u00faper copa de la liga y una campeones cup.<\/p>\n\n\n\n<p>Con las \u00c1guilas jug\u00f3 en 209 partidos y acumul\u00f3 16.994 minutos.<\/p>\n\n\n\n<p>El central de 27 a\u00f1os debut\u00f3 en el f\u00fatbol profesional en el Liverpool de su pa\u00eds en el 2017.<\/p>\n\n\n\n<p>En lo que se refiere a participaciones, en la que debut\u00f3 en el 2022, destaca su actuaci\u00f3n en la Copa Am\u00e9rica 2024, en la que uruguay fue tercero, adem\u00e1s de que fue parte de la Celeste en el Mundial de 2026.<\/p>\n\n\n\n<p>El jugador deja al Am\u00e9rica, que es dirigido por su compatriota Guillermo Almada, en un gran momento.<\/p>\n\n\n\n<p>El equipo marcha como l\u00edder invicto del Apertura con 16 puntos en seis jornadas, en las que s\u00f3lo la zaga liderada por \u00e9l s\u00f3lo ha recibido dos anotaciones para consolidarse como la mejor del certamen.<\/p>\n\n\n\n<p>Adem\u00e1s, las \u00c1guilas se enfrentar\u00e1n este mi\u00e9rcoles al Monterrey en la semifinal de la Leagues Cup, partido en el que ser\u00e1 el gran ausente.<\/p>\n\n\n\n<p>M\u00e1s temprano, el sitio de &#8216;X&#8217; del Celta tambi\u00e9n inform\u00f3 sobre la contrataci\u00f3n del zaguero.<\/p>\n\n\n\n<p><\/p>\n","protected":false},"excerpt":{"rendered":"<p>(Foto: Agencias) El Am\u00e9rica mexicano anunci\u00f3 este martes la salida del uruguayo Sebasti\u00e1n C\u00e1ceres, quien<\/p>\n","protected":false},"author":4,"featured_media":17034,"comment_status":"closed","ping_status":"open","sticky":false,"template":"","format":"standard","meta":{"_jetpack_memberships_contains_paid_content":false,"footnotes":""},"categories":[43],"tags":[],"class_list":["post-17040","post","type-post","status-publish","format-standard","has-post-thumbnail","hentry","category-futbol-espanol"],"yoast_head":"<!-- This site is optimized with the Yoast SEO plugin v25.7 - https:\/\/yoast.com\/wordpress\/plugins\/seo\/ -->\n<title>C\u00e1ceres jugar\u00e1 con el Celta de Vigo - Esbozo Deportivo<\/title>\n<meta name=\"description\" content=\"El Am\u00e9rica mexicano anunci\u00f3 este martes la salida del uruguayo Sebasti\u00e1n C\u00e1ceres, quien jugar\u00e1 con el Celta de Vigo de la liga espa\u00f1ola.\" \/>\n<meta name=\"robots\" content=\"index, follow, max-snippet:-1, max-image-preview:large, max-video-preview:-1\" \/>\n<link rel=\"canonical\" href=\"https:\/\/esbozodeportivo.com\/index.php\/2026\/09\/01\/caceres-jugara-con-el-celta-de-vigo\/\" \/>\n<meta property=\"og:locale\" content=\"es_MX\" \/>\n<meta property=\"og:type\" content=\"article\" \/>\n<meta property=\"og:title\" content=\"C\u00e1ceres jugar\u00e1 con el Celta de Vigo - Esbozo Deportivo\" \/>\n<meta property=\"og:description\" content=\"El Am\u00e9rica mexicano anunci\u00f3 este martes la salida del uruguayo Sebasti\u00e1n C\u00e1ceres, quien jugar\u00e1 con el Celta de Vigo de la liga espa\u00f1ola.\" \/>\n<meta property=\"og:url\" content=\"https:\/\/esbozodeportivo.com\/index.php\/2026\/09\/01\/caceres-jugara-con-el-celta-de-vigo\/\" \/>\n<meta property=\"og:site_name\" content=\"Esbozo Deportivo\" \/>\n<meta property=\"article:published_time\" content=\"2026-09-02T05:25:23+00:00\" \/>\n<meta property=\"article:modified_time\" content=\"2026-09-02T05:25:26+00:00\" \/>\n<meta property=\"og:image\" content=\"https:\/\/esbozodeportivo.com\/wp-content\/uploads\/2026\/09\/c3d8a5f4-7bfa-46e5-948f-91a758660a90.jpg\" \/>\n\t<meta property=\"og:image:width\" content=\"813\" \/>\n\t<meta property=\"og:image:height\" content=\"542\" \/>\n\t<meta property=\"og:image:type\" content=\"image\/jpeg\" \/>\n<meta name=\"author\" content=\"Redacci\u00f3n\" \/>\n<meta name=\"twitter:card\" content=\"summary_large_image\" \/>\n<meta name=\"twitter:label1\" content=\"Escrito por\" \/>\n\t<meta name=\"twitter:data1\" content=\"Redacci\u00f3n\" \/>\n\t<meta name=\"twitter:label2\" content=\"Tiempo de lectura\" \/>\n\t<meta name=\"twitter:data2\" content=\"2 minutos\" \/>\n<script type=\"application\/ld+json\" class=\"yoast-schema-graph\">{\"@context\":\"https:\/\/schema.org\",\"@graph\":[{\"@type\":\"Article\",\"@id\":\"https:\/\/esbozodeportivo.com\/index.php\/2026\/09\/01\/caceres-jugara-con-el-celta-de-vigo\/#article\",\"isPartOf\":{\"@id\":\"https:\/\/esbozodeportivo.com\/index.php\/2026\/09\/01\/caceres-jugara-con-el-celta-de-vigo\/\"},\"author\":{\"name\":\"Redacci\u00f3n\",\"@id\":\"https:\/\/esbozodeportivo.com\/#\/schema\/person\/0f6df9196dfe6740dd0bb31bae50d374\"},\"headline\":\"C\u00e1ceres jugar\u00e1 con el Celta de Vigo\",\"datePublished\":\"2026-09-02T05:25:23+00:00\",\"dateModified\":\"2026-09-02T05:25:26+00:00\",\"mainEntityOfPage\":{\"@id\":\"https:\/\/esbozodeportivo.com\/index.php\/2026\/09\/01\/caceres-jugara-con-el-celta-de-vigo\/\"},\"wordCount\":328,\"publisher\":{\"@id\":\"https:\/\/esbozodeportivo.com\/#organization\"},\"image\":{\"@id\":\"https:\/\/esbozodeportivo.com\/index.php\/2026\/09\/01\/caceres-jugara-con-el-celta-de-vigo\/#primaryimage\"},\"thumbnailUrl\":\"https:\/\/esbozodeportivo.com\/wp-content\/uploads\/2026\/09\/c3d8a5f4-7bfa-46e5-948f-91a758660a90.jpg\",\"articleSection\":[\"Futbol Espa\u00f1ol\"],\"inLanguage\":\"es\"},{\"@type\":\"WebPage\",\"@id\":\"https:\/\/esbozodeportivo.com\/index.php\/2026\/09\/01\/caceres-jugara-con-el-celta-de-vigo\/\",\"url\":\"https:\/\/esbozodeportivo.com\/index.php\/2026\/09\/01\/caceres-jugara-con-el-celta-de-vigo\/\",\"name\":\"C\u00e1ceres jugar\u00e1 con el Celta de Vigo - Esbozo Deportivo\",\"isPartOf\":{\"@id\":\"https:\/\/esbozodeportivo.com\/#website\"},\"primaryImageOfPage\":{\"@id\":\"https:\/\/esbozodeportivo.com\/index.php\/2026\/09\/01\/caceres-jugara-con-el-celta-de-vigo\/#primaryimage\"},\"image\":{\"@id\":\"https:\/\/esbozodeportivo.com\/index.php\/2026\/09\/01\/caceres-jugara-con-el-celta-de-vigo\/#primaryimage\"},\"thumbnailUrl\":\"https:\/\/esbozodeportivo.com\/wp-content\/uploads\/2026\/09\/c3d8a5f4-7bfa-46e5-948f-91a758660a90.jpg\",\"datePublished\":\"2026-09-02T05:25:23+00:00\",\"dateModified\":\"2026-09-02T05:25:26+00:00\",\"description\":\"El Am\u00e9rica mexicano anunci\u00f3 este martes la salida del uruguayo Sebasti\u00e1n C\u00e1ceres, quien jugar\u00e1 con el Celta de Vigo de la liga espa\u00f1ola.\",\"breadcrumb\":{\"@id\":\"https:\/\/esbozodeportivo.com\/index.php\/2026\/09\/01\/caceres-jugara-con-el-celta-de-vigo\/#breadcrumb\"},\"inLanguage\":\"es\",\"potentialAction\":[{\"@type\":\"ReadAction\",\"target\":[\"https:\/\/esbozodeportivo.com\/index.php\/2026\/09\/01\/caceres-jugara-con-el-celta-de-vigo\/\"]}]},{\"@type\":\"ImageObject\",\"inLanguage\":\"es\",\"@id\":\"https:\/\/esbozodeportivo.com\/index.php\/2026\/09\/01\/caceres-jugara-con-el-celta-de-vigo\/#primaryimage\",\"url\":\"https:\/\/esbozodeportivo.com\/wp-content\/uploads\/2026\/09\/c3d8a5f4-7bfa-46e5-948f-91a758660a90.jpg\",\"contentUrl\":\"https:\/\/esbozodeportivo.com\/wp-content\/uploads\/2026\/09\/c3d8a5f4-7bfa-46e5-948f-91a758660a90.jpg\",\"width\":813,\"height\":542},{\"@type\":\"BreadcrumbList\",\"@id\":\"https:\/\/esbozodeportivo.com\/index.php\/2026\/09\/01\/caceres-jugara-con-el-celta-de-vigo\/#breadcrumb\",\"itemListElement\":[{\"@type\":\"ListItem\",\"position\":1,\"name\":\"Inicio\",\"item\":\"https:\/\/esbozodeportivo.com\/\"},{\"@type\":\"ListItem\",\"position\":2,\"name\":\"C\u00e1ceres jugar\u00e1 con el Celta de Vigo\"}]},{\"@type\":\"WebSite\",\"@id\":\"https:\/\/esbozodeportivo.com\/#website\",\"url\":\"https:\/\/esbozodeportivo.com\/\",\"name\":\"Esbozo Deportivo\",\"description\":\"Lo m\u00e1s importante del Deporte\",\"publisher\":{\"@id\":\"https:\/\/esbozodeportivo.com\/#organization\"},\"potentialAction\":[{\"@type\":\"SearchAction\",\"target\":{\"@type\":\"EntryPoint\",\"urlTemplate\":\"https:\/\/esbozodeportivo.com\/?s={search_term_string}\"},\"query-input\":{\"@type\":\"PropertyValueSpecification\",\"valueRequired\":true,\"valueName\":\"search_term_string\"}}],\"inLanguage\":\"es\"},{\"@type\":\"Organization\",\"@id\":\"https:\/\/esbozodeportivo.com\/#organization\",\"name\":\"Esbozo Deportivo\",\"url\":\"https:\/\/esbozodeportivo.com\/\",\"logo\":{\"@type\":\"ImageObject\",\"inLanguage\":\"es\",\"@id\":\"https:\/\/esbozodeportivo.com\/#\/schema\/logo\/image\/\",\"url\":\"https:\/\/esbozodeportivo.com\/wp-content\/uploads\/2022\/08\/cropped-Logo-Esbozo-Web-2.png\",\"contentUrl\":\"https:\/\/esbozodeportivo.com\/wp-content\/uploads\/2022\/08\/cropped-Logo-Esbozo-Web-2.png\",\"width\":180,\"height\":50,\"caption\":\"Esbozo Deportivo\"},\"image\":{\"@id\":\"https:\/\/esbozodeportivo.com\/#\/schema\/logo\/image\/\"}},{\"@type\":\"Person\",\"@id\":\"https:\/\/esbozodeportivo.com\/#\/schema\/person\/0f6df9196dfe6740dd0bb31bae50d374\",\"name\":\"Redacci\u00f3n\",\"image\":{\"@type\":\"ImageObject\",\"inLanguage\":\"es\",\"@id\":\"https:\/\/esbozodeportivo.com\/#\/schema\/person\/image\/\",\"url\":\"https:\/\/secure.gravatar.com\/avatar\/f55268a89c3b418f2ef172ff52ab0d09b3e653c58de29539fe329fb93d78ebf3?s=96&d=mm&r=g\",\"contentUrl\":\"https:\/\/secure.gravatar.com\/avatar\/f55268a89c3b418f2ef172ff52ab0d09b3e653c58de29539fe329fb93d78ebf3?s=96&d=mm&r=g\",\"caption\":\"Redacci\u00f3n\"},\"url\":\"https:\/\/esbozodeportivo.com\/index.php\/author\/redaccion\/\"}]}<\/script>\n<!-- \/ Yoast SEO plugin. -->","yoast_head_json":{"title":"C\u00e1ceres jugar\u00e1 con el Celta de Vigo - Esbozo Deportivo","description":"El Am\u00e9rica mexicano anunci\u00f3 este martes la salida del uruguayo Sebasti\u00e1n C\u00e1ceres, quien jugar\u00e1 con el Celta de Vigo de la liga espa\u00f1ola.","robots":{"index":"index","follow":"follow","max-snippet":"max-snippet:-1","max-image-preview":"max-image-preview:large","max-video-preview":"max-video-preview:-1"},"canonical":"https:\/\/esbozodeportivo.com\/index.php\/2026\/09\/01\/caceres-jugara-con-el-celta-de-vigo\/","og_locale":"es_MX","og_type":"article","og_title":"C\u00e1ceres jugar\u00e1 con el Celta de Vigo - Esbozo Deportivo","og_description":"El Am\u00e9rica mexicano anunci\u00f3 este martes la salida del uruguayo Sebasti\u00e1n C\u00e1ceres, quien jugar\u00e1 con el Celta de Vigo de la liga espa\u00f1ola.","og_url":"https:\/\/esbozodeportivo.com\/index.php\/2026\/09\/01\/caceres-jugara-con-el-celta-de-vigo\/","og_site_name":"Esbozo Deportivo","article_published_time":"2026-09-02T05:25:23+00:00","article_modified_time":"2026-09-02T05:25:26+00:00","og_image":[{"width":813,"height":542,"url":"https:\/\/esbozodeportivo.com\/wp-content\/uploads\/2026\/09\/c3d8a5f4-7bfa-46e5-948f-91a758660a90.jpg","type":"image\/jpeg"}],"author":"Redacci\u00f3n","twitter_card":"summary_large_image","twitter_misc":{"Escrito por":"Redacci\u00f3n","Tiempo de lectura":"2 minutos"},"schema":{"@context":"https:\/\/schema.org","@graph":[{"@type":"Article","@id":"https:\/\/esbozodeportivo.com\/index.php\/2026\/09\/01\/caceres-jugara-con-el-celta-de-vigo\/#article","isPartOf":{"@id":"https:\/\/esbozodeportivo.com\/index.php\/2026\/09\/01\/caceres-jugara-con-el-celta-de-vigo\/"},"author":{"name":"Redacci\u00f3n","@id":"https:\/\/esbozodeportivo.com\/#\/schema\/person\/0f6df9196dfe6740dd0bb31bae50d374"},"headline":"C\u00e1ceres jugar\u00e1 con el Celta de Vigo","datePublished":"2026-09-02T05:25:23+00:00","dateModified":"2026-09-02T05:25:26+00:00","mainEntityOfPage":{"@id":"https:\/\/esbozodeportivo.com\/index.php\/2026\/09\/01\/caceres-jugara-con-el-celta-de-vigo\/"},"wordCount":328,"publisher":{"@id":"https:\/\/esbozodeportivo.com\/#organization"},"image":{"@id":"https:\/\/esbozodeportivo.com\/index.php\/2026\/09\/01\/caceres-jugara-con-el-celta-de-vigo\/#primaryimage"},"thumbnailUrl":"https:\/\/esbozodeportivo.com\/wp-content\/uploads\/2026\/09\/c3d8a5f4-7bfa-46e5-948f-91a758660a90.jpg","articleSection":["Futbol Espa\u00f1ol"],"inLanguage":"es"},{"@type":"WebPage","@id":"https:\/\/esbozodeportivo.com\/index.php\/2026\/09\/01\/caceres-jugara-con-el-celta-de-vigo\/","url":"https:\/\/esbozodeportivo.com\/index.php\/2026\/09\/01\/caceres-jugara-con-el-celta-de-vigo\/","name":"C\u00e1ceres jugar\u00e1 con el Celta de Vigo - Esbozo Deportivo","isPartOf":{"@id":"https:\/\/esbozodeportivo.com\/#website"},"primaryImageOfPage":{"@id":"https:\/\/esbozodeportivo.com\/index.php\/2026\/09\/01\/caceres-jugara-con-el-celta-de-vigo\/#primaryimage"},"image":{"@id":"https:\/\/esbozodeportivo.com\/index.php\/2026\/09\/01\/caceres-jugara-con-el-celta-de-vigo\/#primaryimage"},"thumbnailUrl":"https:\/\/esbozodeportivo.com\/wp-content\/uploads\/2026\/09\/c3d8a5f4-7bfa-46e5-948f-91a758660a90.jpg","datePublished":"2026-09-02T05:25:23+00:00","dateModified":"2026-09-02T05:25:26+00:00","description":"El Am\u00e9rica mexicano anunci\u00f3 este martes la salida del uruguayo Sebasti\u00e1n C\u00e1ceres, quien jugar\u00e1 con el Celta de Vigo de la liga espa\u00f1ola.","breadcrumb":{"@id":"https:\/\/esbozodeportivo.com\/index.php\/2026\/09\/01\/caceres-jugara-con-el-celta-de-vigo\/#breadcrumb"},"inLanguage":"es","potentialAction":[{"@type":"ReadAction","target":["https:\/\/esbozodeportivo.com\/index.php\/2026\/09\/01\/caceres-jugara-con-el-celta-de-vigo\/"]}]},{"@type":"ImageObject","inLanguage":"es","@id":"https:\/\/esbozodeportivo.com\/index.php\/2026\/09\/01\/caceres-jugara-con-el-celta-de-vigo\/#primaryimage","url":"https:\/\/esbozodeportivo.com\/wp-content\/uploads\/2026\/09\/c3d8a5f4-7bfa-46e5-948f-91a758660a90.jpg","contentUrl":"https:\/\/esbozodeportivo.com\/wp-content\/uploads\/2026\/09\/c3d8a5f4-7bfa-46e5-948f-91a758660a90.jpg","width":813,"height":542},{"@type":"BreadcrumbList","@id":"https:\/\/esbozodeportivo.com\/index.php\/2026\/09\/01\/caceres-jugara-con-el-celta-de-vigo\/#breadcrumb","itemListElement":[{"@type":"ListItem","position":1,"name":"Inicio","item":"https:\/\/esbozodeportivo.com\/"},{"@type":"ListItem","position":2,"name":"C\u00e1ceres jugar\u00e1 con el Celta de Vigo"}]},{"@type":"WebSite","@id":"https:\/\/esbozodeportivo.com\/#website","url":"https:\/\/esbozodeportivo.com\/","name":"Esbozo Deportivo","description":"Lo m\u00e1s importante del Deporte","publisher":{"@id":"https:\/\/esbozodeportivo.com\/#organization"},"potentialAction":[{"@type":"SearchAction","target":{"@type":"EntryPoint","urlTemplate":"https:\/\/esbozodeportivo.com\/?s={search_term_string}"},"query-input":{"@type":"PropertyValueSpecification","valueRequired":true,"valueName":"search_term_string"}}],"inLanguage":"es"},{"@type":"Organization","@id":"https:\/\/esbozodeportivo.com\/#organization","name":"Esbozo Deportivo","url":"https:\/\/esbozodeportivo.com\/","logo":{"@type":"ImageObject","inLanguage":"es","@id":"https:\/\/esbozodeportivo.com\/#\/schema\/logo\/image\/","url":"https:\/\/esbozodeportivo.com\/wp-content\/uploads\/2022\/08\/cropped-Logo-Esbozo-Web-2.png","contentUrl":"https:\/\/esbozodeportivo.com\/wp-content\/uploads\/2022\/08\/cropped-Logo-Esbozo-Web-2.png","width":180,"height":50,"caption":"Esbozo Deportivo"},"image":{"@id":"https:\/\/esbozodeportivo.com\/#\/schema\/logo\/image\/"}},{"@type":"Person","@id":"https:\/\/esbozodeportivo.com\/#\/schema\/person\/0f6df9196dfe6740dd0bb31bae50d374","name":"Redacci\u00f3n","image":{"@type":"ImageObject","inLanguage":"es","@id":"https:\/\/esbozodeportivo.com\/#\/schema\/person\/image\/","url":"https:\/\/secure.gravatar.com\/avatar\/f55268a89c3b418f2ef172ff52ab0d09b3e653c58de29539fe329fb93d78ebf3?s=96&d=mm&r=g","contentUrl":"https:\/\/secure.gravatar.com\/avatar\/f55268a89c3b418f2ef172ff52ab0d09b3e653c58de29539fe329fb93d78ebf3?s=96&d=mm&r=g","caption":"Redacci\u00f3n"},"url":"https:\/\/esbozodeportivo.com\/index.php\/author\/redaccion\/"}]}},"jetpack_featured_media_url":"https:\/\/esbozodeportivo.com\/wp-content\/uploads\/2026\/09\/c3d8a5f4-7bfa-46e5-948f-91a758660a90.jpg","jetpack_sharing_enabled":true,"_links":{"self":[{"href":"https:\/\/esbozodeportivo.com\/index.php\/wp-json\/wp\/v2\/posts\/17040","targetHints":{"allow":["GET"]}}],"collection":[{"href":"https:\/\/esbozodeportivo.com\/index.php\/wp-json\/wp\/v2\/posts"}],"about":[{"href":"https:\/\/esbozodeportivo.com\/index.php\/wp-json\/wp\/v2\/types\/post"}],"author":[{"embeddable":true,"href":"https:\/\/esbozodeportivo.com\/index.php\/wp-json\/wp\/v2\/users\/4"}],"replies":[{"embeddable":true,"href":"https:\/\/esbozodeportivo.com\/index.php\/wp-json\/wp\/v2\/comments?post=17040"}],"version-history":[{"count":1,"href":"https:\/\/esbozodeportivo.com\/index.php\/wp-json\/wp\/v2\/posts\/17040\/revisions"}],"predecessor-version":[{"id":17041,"href":"https:\/\/esbozodeportivo.com\/index.php\/wp-json\/wp\/v2\/posts\/17040\/revisions\/17041"}],"wp:featuredmedia":[{"embeddable":true,"href":"https:\/\/esbozodeportivo.com\/index.php\/wp-json\/wp\/v2\/media\/17034"}],"wp:attachment":[{"href":"https:\/\/esbozodeportivo.com\/index.php\/wp-json\/wp\/v2\/media?parent=17040"}],"wp:term":[{"taxonomy":"category","embeddable":true,"href":"https:\/\/esbozodeportivo.com\/index.php\/wp-json\/wp\/v2\/categories?post=17040"},{"taxonomy":"post_tag","embeddable":true,"href":"https:\/\/esbozodeportivo.com\/index.php\/wp-json\/wp\/v2\/tags?post=17040"}],"curies":[{"name":"wp","href":"https:\/\/api.w.org\/{rel}","templated":true}]}}