{"id":17045,"date":"2026-09-02T22:14:03","date_gmt":"2026-09-03T04:14:03","guid":{"rendered":"https:\/\/esbozodeportivo.com\/?p=17045"},"modified":"2026-09-02T22:14:04","modified_gmt":"2026-09-03T04:14:04","slug":"alvarez-refuerzo-del-america","status":"publish","type":"post","link":"https:\/\/esbozodeportivo.com\/index.php\/2026\/09\/02\/alvarez-refuerzo-del-america\/","title":{"rendered":"\u00c1lvarez, refuerzo del Am\u00e9rica"},"content":{"rendered":"\n<p>(Foto: Agencias) <\/p>\n\n\n\n<p>El volante espa\u00f1ol Carlos \u00c1lvarez se convirti\u00f3 en nuevo jugador del Am\u00e9rica para el torneo Apertura, inform\u00f3 el mi\u00e9rcoles el equipo.<\/p>\n\n\n\n<p>\u00c1lvarez, de 23 a\u00f1os, desembarca en suelo mexicano procedente del Levante de Espa\u00f1a donde pas\u00f3 los \u00faltimos tres a\u00f1os de su carrera.<\/p>\n\n\n\n<p>Las \u00c1guilas no dieron a conocer los t\u00e9rminos econ\u00f3micos ni la duraci\u00f3n del contrato. El uruguayo Guillermo Almada, entrenador del equipo, afirm\u00f3 el pasado martes que ya esperaban al jugador, al cual conoce de su paso por el f\u00fatbol espa\u00f1ol.<\/p>\n\n\n\n<p>&#8220;Estamos intentando completar la plantilla para que la competencia interna sea m\u00e1s fuerte. Carlos es un futbolista con muy buenas condiciones, que lo conocemos de nuestro pasaje por el f\u00fatbol espa\u00f1ol&#8221;, afirm\u00f3 el estratega.<\/p>\n\n\n\n<p>\u00c1lvarez se caracteriza por la distribuci\u00f3n de juego que aporta a la ofensiva, su habilidad para quitarse rivales y su disparo de media distancia.<\/p>\n\n\n\n<p>Fue parte importante en el ascenso del Levante a la primera divisi\u00f3n. En el equipo azulgrana jug\u00f3 101 partidos, entre primera y segunda divisi\u00f3n y anot\u00f3 13 goles.<\/p>\n\n\n\n<p><\/p>\n","protected":false},"excerpt":{"rendered":"<p>(Foto: Agencias) El volante espa\u00f1ol Carlos \u00c1lvarez se convirti\u00f3 en nuevo jugador del Am\u00e9rica para<\/p>\n","protected":false},"author":4,"featured_media":17047,"comment_status":"closed","ping_status":"open","sticky":false,"template":"","format":"standard","meta":{"_jetpack_memberships_contains_paid_content":false,"footnotes":""},"categories":[20],"tags":[],"class_list":["post-17045","post","type-post","status-publish","format-standard","has-post-thumbnail","hentry","category-liga"],"yoast_head":"<!-- This site is optimized with the Yoast SEO plugin v25.7 - https:\/\/yoast.com\/wordpress\/plugins\/seo\/ -->\n<title>\u00c1lvarez, refuerzo del Am\u00e9rica - Esbozo Deportivo<\/title>\n<meta name=\"description\" content=\"El volante espa\u00f1ol Carlos \u00c1lvarez se convirti\u00f3 en nuevo jugador del Am\u00e9rica para el torneo Apertura, inform\u00f3 el mi\u00e9rcoles el equipo.\" \/>\n<meta name=\"robots\" content=\"index, follow, max-snippet:-1, max-image-preview:large, max-video-preview:-1\" \/>\n<link rel=\"canonical\" href=\"https:\/\/esbozodeportivo.com\/index.php\/2026\/09\/02\/alvarez-refuerzo-del-america\/\" \/>\n<meta property=\"og:locale\" content=\"es_MX\" \/>\n<meta property=\"og:type\" content=\"article\" \/>\n<meta property=\"og:title\" content=\"\u00c1lvarez, refuerzo del Am\u00e9rica - Esbozo Deportivo\" \/>\n<meta property=\"og:description\" content=\"El volante espa\u00f1ol Carlos \u00c1lvarez se convirti\u00f3 en nuevo jugador del Am\u00e9rica para el torneo Apertura, inform\u00f3 el mi\u00e9rcoles el equipo.\" \/>\n<meta property=\"og:url\" content=\"https:\/\/esbozodeportivo.com\/index.php\/2026\/09\/02\/alvarez-refuerzo-del-america\/\" \/>\n<meta property=\"og:site_name\" content=\"Esbozo Deportivo\" \/>\n<meta property=\"article:published_time\" content=\"2026-09-03T04:14:03+00:00\" \/>\n<meta property=\"article:modified_time\" content=\"2026-09-03T04:14:04+00:00\" \/>\n<meta property=\"og:image\" content=\"https:\/\/esbozodeportivo.com\/wp-content\/uploads\/2026\/09\/084a8255-425f-44db-932f-f1238f95d023.jpg\" \/>\n\t<meta property=\"og:image:width\" content=\"1200\" \/>\n\t<meta property=\"og:image:height\" content=\"800\" \/>\n\t<meta property=\"og:image:type\" content=\"image\/jpeg\" \/>\n<meta name=\"author\" content=\"Redacci\u00f3n\" \/>\n<meta name=\"twitter:card\" content=\"summary_large_image\" \/>\n<meta name=\"twitter:label1\" content=\"Escrito por\" \/>\n\t<meta name=\"twitter:data1\" content=\"Redacci\u00f3n\" \/>\n\t<meta name=\"twitter:label2\" content=\"Tiempo de lectura\" \/>\n\t<meta name=\"twitter:data2\" content=\"1 minuto\" \/>\n<script type=\"application\/ld+json\" class=\"yoast-schema-graph\">{\"@context\":\"https:\/\/schema.org\",\"@graph\":[{\"@type\":\"Article\",\"@id\":\"https:\/\/esbozodeportivo.com\/index.php\/2026\/09\/02\/alvarez-refuerzo-del-america\/#article\",\"isPartOf\":{\"@id\":\"https:\/\/esbozodeportivo.com\/index.php\/2026\/09\/02\/alvarez-refuerzo-del-america\/\"},\"author\":{\"name\":\"Redacci\u00f3n\",\"@id\":\"https:\/\/esbozodeportivo.com\/#\/schema\/person\/0f6df9196dfe6740dd0bb31bae50d374\"},\"headline\":\"\u00c1lvarez, refuerzo del Am\u00e9rica\",\"datePublished\":\"2026-09-03T04:14:03+00:00\",\"dateModified\":\"2026-09-03T04:14:04+00:00\",\"mainEntityOfPage\":{\"@id\":\"https:\/\/esbozodeportivo.com\/index.php\/2026\/09\/02\/alvarez-refuerzo-del-america\/\"},\"wordCount\":190,\"publisher\":{\"@id\":\"https:\/\/esbozodeportivo.com\/#organization\"},\"image\":{\"@id\":\"https:\/\/esbozodeportivo.com\/index.php\/2026\/09\/02\/alvarez-refuerzo-del-america\/#primaryimage\"},\"thumbnailUrl\":\"https:\/\/esbozodeportivo.com\/wp-content\/uploads\/2026\/09\/084a8255-425f-44db-932f-f1238f95d023.jpg\",\"articleSection\":[\"Liga MX\"],\"inLanguage\":\"es\"},{\"@type\":\"WebPage\",\"@id\":\"https:\/\/esbozodeportivo.com\/index.php\/2026\/09\/02\/alvarez-refuerzo-del-america\/\",\"url\":\"https:\/\/esbozodeportivo.com\/index.php\/2026\/09\/02\/alvarez-refuerzo-del-america\/\",\"name\":\"\u00c1lvarez, refuerzo del Am\u00e9rica - Esbozo Deportivo\",\"isPartOf\":{\"@id\":\"https:\/\/esbozodeportivo.com\/#website\"},\"primaryImageOfPage\":{\"@id\":\"https:\/\/esbozodeportivo.com\/index.php\/2026\/09\/02\/alvarez-refuerzo-del-america\/#primaryimage\"},\"image\":{\"@id\":\"https:\/\/esbozodeportivo.com\/index.php\/2026\/09\/02\/alvarez-refuerzo-del-america\/#primaryimage\"},\"thumbnailUrl\":\"https:\/\/esbozodeportivo.com\/wp-content\/uploads\/2026\/09\/084a8255-425f-44db-932f-f1238f95d023.jpg\",\"datePublished\":\"2026-09-03T04:14:03+00:00\",\"dateModified\":\"2026-09-03T04:14:04+00:00\",\"description\":\"El volante espa\u00f1ol Carlos \u00c1lvarez se convirti\u00f3 en nuevo jugador del Am\u00e9rica para el torneo Apertura, inform\u00f3 el mi\u00e9rcoles el equipo.\",\"breadcrumb\":{\"@id\":\"https:\/\/esbozodeportivo.com\/index.php\/2026\/09\/02\/alvarez-refuerzo-del-america\/#breadcrumb\"},\"inLanguage\":\"es\",\"potentialAction\":[{\"@type\":\"ReadAction\",\"target\":[\"https:\/\/esbozodeportivo.com\/index.php\/2026\/09\/02\/alvarez-refuerzo-del-america\/\"]}]},{\"@type\":\"ImageObject\",\"inLanguage\":\"es\",\"@id\":\"https:\/\/esbozodeportivo.com\/index.php\/2026\/09\/02\/alvarez-refuerzo-del-america\/#primaryimage\",\"url\":\"https:\/\/esbozodeportivo.com\/wp-content\/uploads\/2026\/09\/084a8255-425f-44db-932f-f1238f95d023.jpg\",\"contentUrl\":\"https:\/\/esbozodeportivo.com\/wp-content\/uploads\/2026\/09\/084a8255-425f-44db-932f-f1238f95d023.jpg\",\"width\":1200,\"height\":800},{\"@type\":\"BreadcrumbList\",\"@id\":\"https:\/\/esbozodeportivo.com\/index.php\/2026\/09\/02\/alvarez-refuerzo-del-america\/#breadcrumb\",\"itemListElement\":[{\"@type\":\"ListItem\",\"position\":1,\"name\":\"Inicio\",\"item\":\"https:\/\/esbozodeportivo.com\/\"},{\"@type\":\"ListItem\",\"position\":2,\"name\":\"\u00c1lvarez, refuerzo del Am\u00e9rica\"}]},{\"@type\":\"WebSite\",\"@id\":\"https:\/\/esbozodeportivo.com\/#website\",\"url\":\"https:\/\/esbozodeportivo.com\/\",\"name\":\"Esbozo Deportivo\",\"description\":\"Lo m\u00e1s importante del Deporte\",\"publisher\":{\"@id\":\"https:\/\/esbozodeportivo.com\/#organization\"},\"potentialAction\":[{\"@type\":\"SearchAction\",\"target\":{\"@type\":\"EntryPoint\",\"urlTemplate\":\"https:\/\/esbozodeportivo.com\/?s={search_term_string}\"},\"query-input\":{\"@type\":\"PropertyValueSpecification\",\"valueRequired\":true,\"valueName\":\"search_term_string\"}}],\"inLanguage\":\"es\"},{\"@type\":\"Organization\",\"@id\":\"https:\/\/esbozodeportivo.com\/#organization\",\"name\":\"Esbozo Deportivo\",\"url\":\"https:\/\/esbozodeportivo.com\/\",\"logo\":{\"@type\":\"ImageObject\",\"inLanguage\":\"es\",\"@id\":\"https:\/\/esbozodeportivo.com\/#\/schema\/logo\/image\/\",\"url\":\"https:\/\/esbozodeportivo.com\/wp-content\/uploads\/2022\/08\/cropped-Logo-Esbozo-Web-2.png\",\"contentUrl\":\"https:\/\/esbozodeportivo.com\/wp-content\/uploads\/2022\/08\/cropped-Logo-Esbozo-Web-2.png\",\"width\":180,\"height\":50,\"caption\":\"Esbozo Deportivo\"},\"image\":{\"@id\":\"https:\/\/esbozodeportivo.com\/#\/schema\/logo\/image\/\"}},{\"@type\":\"Person\",\"@id\":\"https:\/\/esbozodeportivo.com\/#\/schema\/person\/0f6df9196dfe6740dd0bb31bae50d374\",\"name\":\"Redacci\u00f3n\",\"image\":{\"@type\":\"ImageObject\",\"inLanguage\":\"es\",\"@id\":\"https:\/\/esbozodeportivo.com\/#\/schema\/person\/image\/\",\"url\":\"https:\/\/secure.gravatar.com\/avatar\/f55268a89c3b418f2ef172ff52ab0d09b3e653c58de29539fe329fb93d78ebf3?s=96&d=mm&r=g\",\"contentUrl\":\"https:\/\/secure.gravatar.com\/avatar\/f55268a89c3b418f2ef172ff52ab0d09b3e653c58de29539fe329fb93d78ebf3?s=96&d=mm&r=g\",\"caption\":\"Redacci\u00f3n\"},\"url\":\"https:\/\/esbozodeportivo.com\/index.php\/author\/redaccion\/\"}]}<\/script>\n<!-- \/ Yoast SEO plugin. -->","yoast_head_json":{"title":"\u00c1lvarez, refuerzo del Am\u00e9rica - Esbozo Deportivo","description":"El volante espa\u00f1ol Carlos \u00c1lvarez se convirti\u00f3 en nuevo jugador del Am\u00e9rica para el torneo Apertura, inform\u00f3 el mi\u00e9rcoles el equipo.","robots":{"index":"index","follow":"follow","max-snippet":"max-snippet:-1","max-image-preview":"max-image-preview:large","max-video-preview":"max-video-preview:-1"},"canonical":"https:\/\/esbozodeportivo.com\/index.php\/2026\/09\/02\/alvarez-refuerzo-del-america\/","og_locale":"es_MX","og_type":"article","og_title":"\u00c1lvarez, refuerzo del Am\u00e9rica - Esbozo Deportivo","og_description":"El volante espa\u00f1ol Carlos \u00c1lvarez se convirti\u00f3 en nuevo jugador del Am\u00e9rica para el torneo Apertura, inform\u00f3 el mi\u00e9rcoles el equipo.","og_url":"https:\/\/esbozodeportivo.com\/index.php\/2026\/09\/02\/alvarez-refuerzo-del-america\/","og_site_name":"Esbozo Deportivo","article_published_time":"2026-09-03T04:14:03+00:00","article_modified_time":"2026-09-03T04:14:04+00:00","og_image":[{"width":1200,"height":800,"url":"https:\/\/esbozodeportivo.com\/wp-content\/uploads\/2026\/09\/084a8255-425f-44db-932f-f1238f95d023.jpg","type":"image\/jpeg"}],"author":"Redacci\u00f3n","twitter_card":"summary_large_image","twitter_misc":{"Escrito por":"Redacci\u00f3n","Tiempo de lectura":"1 minuto"},"schema":{"@context":"https:\/\/schema.org","@graph":[{"@type":"Article","@id":"https:\/\/esbozodeportivo.com\/index.php\/2026\/09\/02\/alvarez-refuerzo-del-america\/#article","isPartOf":{"@id":"https:\/\/esbozodeportivo.com\/index.php\/2026\/09\/02\/alvarez-refuerzo-del-america\/"},"author":{"name":"Redacci\u00f3n","@id":"https:\/\/esbozodeportivo.com\/#\/schema\/person\/0f6df9196dfe6740dd0bb31bae50d374"},"headline":"\u00c1lvarez, refuerzo del Am\u00e9rica","datePublished":"2026-09-03T04:14:03+00:00","dateModified":"2026-09-03T04:14:04+00:00","mainEntityOfPage":{"@id":"https:\/\/esbozodeportivo.com\/index.php\/2026\/09\/02\/alvarez-refuerzo-del-america\/"},"wordCount":190,"publisher":{"@id":"https:\/\/esbozodeportivo.com\/#organization"},"image":{"@id":"https:\/\/esbozodeportivo.com\/index.php\/2026\/09\/02\/alvarez-refuerzo-del-america\/#primaryimage"},"thumbnailUrl":"https:\/\/esbozodeportivo.com\/wp-content\/uploads\/2026\/09\/084a8255-425f-44db-932f-f1238f95d023.jpg","articleSection":["Liga MX"],"inLanguage":"es"},{"@type":"WebPage","@id":"https:\/\/esbozodeportivo.com\/index.php\/2026\/09\/02\/alvarez-refuerzo-del-america\/","url":"https:\/\/esbozodeportivo.com\/index.php\/2026\/09\/02\/alvarez-refuerzo-del-america\/","name":"\u00c1lvarez, refuerzo del Am\u00e9rica - Esbozo Deportivo","isPartOf":{"@id":"https:\/\/esbozodeportivo.com\/#website"},"primaryImageOfPage":{"@id":"https:\/\/esbozodeportivo.com\/index.php\/2026\/09\/02\/alvarez-refuerzo-del-america\/#primaryimage"},"image":{"@id":"https:\/\/esbozodeportivo.com\/index.php\/2026\/09\/02\/alvarez-refuerzo-del-america\/#primaryimage"},"thumbnailUrl":"https:\/\/esbozodeportivo.com\/wp-content\/uploads\/2026\/09\/084a8255-425f-44db-932f-f1238f95d023.jpg","datePublished":"2026-09-03T04:14:03+00:00","dateModified":"2026-09-03T04:14:04+00:00","description":"El volante espa\u00f1ol Carlos \u00c1lvarez se convirti\u00f3 en nuevo jugador del Am\u00e9rica para el torneo Apertura, inform\u00f3 el mi\u00e9rcoles el equipo.","breadcrumb":{"@id":"https:\/\/esbozodeportivo.com\/index.php\/2026\/09\/02\/alvarez-refuerzo-del-america\/#breadcrumb"},"inLanguage":"es","potentialAction":[{"@type":"ReadAction","target":["https:\/\/esbozodeportivo.com\/index.php\/2026\/09\/02\/alvarez-refuerzo-del-america\/"]}]},{"@type":"ImageObject","inLanguage":"es","@id":"https:\/\/esbozodeportivo.com\/index.php\/2026\/09\/02\/alvarez-refuerzo-del-america\/#primaryimage","url":"https:\/\/esbozodeportivo.com\/wp-content\/uploads\/2026\/09\/084a8255-425f-44db-932f-f1238f95d023.jpg","contentUrl":"https:\/\/esbozodeportivo.com\/wp-content\/uploads\/2026\/09\/084a8255-425f-44db-932f-f1238f95d023.jpg","width":1200,"height":800},{"@type":"BreadcrumbList","@id":"https:\/\/esbozodeportivo.com\/index.php\/2026\/09\/02\/alvarez-refuerzo-del-america\/#breadcrumb","itemListElement":[{"@type":"ListItem","position":1,"name":"Inicio","item":"https:\/\/esbozodeportivo.com\/"},{"@type":"ListItem","position":2,"name":"\u00c1lvarez, refuerzo del Am\u00e9rica"}]},{"@type":"WebSite","@id":"https:\/\/esbozodeportivo.com\/#website","url":"https:\/\/esbozodeportivo.com\/","name":"Esbozo Deportivo","description":"Lo m\u00e1s importante del Deporte","publisher":{"@id":"https:\/\/esbozodeportivo.com\/#organization"},"potentialAction":[{"@type":"SearchAction","target":{"@type":"EntryPoint","urlTemplate":"https:\/\/esbozodeportivo.com\/?s={search_term_string}"},"query-input":{"@type":"PropertyValueSpecification","valueRequired":true,"valueName":"search_term_string"}}],"inLanguage":"es"},{"@type":"Organization","@id":"https:\/\/esbozodeportivo.com\/#organization","name":"Esbozo Deportivo","url":"https:\/\/esbozodeportivo.com\/","logo":{"@type":"ImageObject","inLanguage":"es","@id":"https:\/\/esbozodeportivo.com\/#\/schema\/logo\/image\/","url":"https:\/\/esbozodeportivo.com\/wp-content\/uploads\/2022\/08\/cropped-Logo-Esbozo-Web-2.png","contentUrl":"https:\/\/esbozodeportivo.com\/wp-content\/uploads\/2022\/08\/cropped-Logo-Esbozo-Web-2.png","width":180,"height":50,"caption":"Esbozo Deportivo"},"image":{"@id":"https:\/\/esbozodeportivo.com\/#\/schema\/logo\/image\/"}},{"@type":"Person","@id":"https:\/\/esbozodeportivo.com\/#\/schema\/person\/0f6df9196dfe6740dd0bb31bae50d374","name":"Redacci\u00f3n","image":{"@type":"ImageObject","inLanguage":"es","@id":"https:\/\/esbozodeportivo.com\/#\/schema\/person\/image\/","url":"https:\/\/secure.gravatar.com\/avatar\/f55268a89c3b418f2ef172ff52ab0d09b3e653c58de29539fe329fb93d78ebf3?s=96&d=mm&r=g","contentUrl":"https:\/\/secure.gravatar.com\/avatar\/f55268a89c3b418f2ef172ff52ab0d09b3e653c58de29539fe329fb93d78ebf3?s=96&d=mm&r=g","caption":"Redacci\u00f3n"},"url":"https:\/\/esbozodeportivo.com\/index.php\/author\/redaccion\/"}]}},"jetpack_featured_media_url":"https:\/\/esbozodeportivo.com\/wp-content\/uploads\/2026\/09\/084a8255-425f-44db-932f-f1238f95d023.jpg","jetpack_sharing_enabled":true,"_links":{"self":[{"href":"https:\/\/esbozodeportivo.com\/index.php\/wp-json\/wp\/v2\/posts\/17045","targetHints":{"allow":["GET"]}}],"collection":[{"href":"https:\/\/esbozodeportivo.com\/index.php\/wp-json\/wp\/v2\/posts"}],"about":[{"href":"https:\/\/esbozodeportivo.com\/index.php\/wp-json\/wp\/v2\/types\/post"}],"author":[{"embeddable":true,"href":"https:\/\/esbozodeportivo.com\/index.php\/wp-json\/wp\/v2\/users\/4"}],"replies":[{"embeddable":true,"href":"https:\/\/esbozodeportivo.com\/index.php\/wp-json\/wp\/v2\/comments?post=17045"}],"version-history":[{"count":1,"href":"https:\/\/esbozodeportivo.com\/index.php\/wp-json\/wp\/v2\/posts\/17045\/revisions"}],"predecessor-version":[{"id":17051,"href":"https:\/\/esbozodeportivo.com\/index.php\/wp-json\/wp\/v2\/posts\/17045\/revisions\/17051"}],"wp:featuredmedia":[{"embeddable":true,"href":"https:\/\/esbozodeportivo.com\/index.php\/wp-json\/wp\/v2\/media\/17047"}],"wp:attachment":[{"href":"https:\/\/esbozodeportivo.com\/index.php\/wp-json\/wp\/v2\/media?parent=17045"}],"wp:term":[{"taxonomy":"category","embeddable":true,"href":"https:\/\/esbozodeportivo.com\/index.php\/wp-json\/wp\/v2\/categories?post=17045"},{"taxonomy":"post_tag","embeddable":true,"href":"https:\/\/esbozodeportivo.com\/index.php\/wp-json\/wp\/v2\/tags?post=17045"}],"curies":[{"name":"wp","href":"https:\/\/api.w.org\/{rel}","templated":true}]}}