{"id":17056,"date":"2026-09-02T22:20:14","date_gmt":"2026-09-03T04:20:14","guid":{"rendered":"https:\/\/esbozodeportivo.com\/?p=17056"},"modified":"2026-09-02T22:20:15","modified_gmt":"2026-09-03T04:20:15","slug":"brennan-el-rey-del-esprint","status":"publish","type":"post","link":"https:\/\/esbozodeportivo.com\/index.php\/2026\/09\/02\/brennan-el-rey-del-esprint\/","title":{"rendered":"Brennan, el Rey del esprint"},"content":{"rendered":"\n<p>(Foto: Agencias) <\/p>\n\n\n\n<p>La Vuelta ha encontrado en el brit\u00e1nico Matthew Brennan (Visma Lease a Bike) al rey del esprint en la presente edici\u00f3n tras una nueva exhibici\u00f2n que le dio el triplete en la und\u00e9cima etapa disputada entre Cartagena y Lorca, de 151,3 km, jornada de transici\u00f3n que mantuvo al frente de la general al espa\u00f1ol Enric Mas.<\/p>\n\n\n\n<p>Manosque, Roquetes y Lorca son las metas que han presenciado el espect\u00e1culo de ver ganar al joven nacido hace 21 a\u00f1os en Darlington, un fen\u00f3meno de la velocidad que ya tiene 21 victorias en su palmar\u00e9s, 10 de ellas esta temporada. Cumpli\u00f3 el pron\u00f3stico que le daba como favorito rubricando un enorme trabajo del Visma, remolcado por Laporte y, sobre todo, Wout Van Aert, aut\u00e9nticos lanzacohetes.<\/p>\n\n\n\n<p>Mas defendi\u00f3 la roja antes del gran reto de monta\u00f1a<\/p>\n\n\n\n<p>Brennan alz\u00f3 los brazos con autoridad, sobrado, poderoso, por delante del franc\u00e9s Bryan Coquard (Cofidis) y del belga Jordi Meeus (Red Bull) en una jornada calurosa que se cerr\u00f3 con un tiempo de 3h.17.18, a una media de 46,8 km\/hora. Y sin cambios en la general.<\/p>\n\n\n\n<p>Enric Mas defendi\u00f3 con \u00e9xito el maillot rojo en el tercer cap\u00edtulo de l\u00edder. Lleva el mando de la Vuelta ante la jornada de alta monta\u00f1a de Velefique y Calar Alto, donde espera la batalla de los favoritos. De momento el ciclista balear cuenta con 1.18 minutos sobre Roglic y de 1.39 respecto a Felix Gall.<\/p>\n\n\n\n<p>Escapada controlada, el viento provoca abanicos<\/p>\n\n\n\n<p>Volvi\u00f3 el calor sofocante en un d\u00eda para el famoso gui\u00f3n de escapada-control-final al esprint habitual en las llamadas etapas de transici\u00f3n. Asomando la monta\u00f1a almeriense los favoritos se guardaron, sus equipos dejaron hacer a los rebeldes y facilitaron el objetivo de llegar a la \u00faltima gesti\u00f3n por velocidad en Lorca.<\/p>\n\n\n\n<p>De inicio de apunt\u00f3 a la aventura el fugitivo oficial de la Vuelta, Sinuh\u00e9 Fern\u00e1ndez, el asturiano del Burgos Burpellet que parece tener alergia a rodar en el pelot\u00f3n. Se le unieron Domen Novak (UAE), Hayter (Soudal Quick-Step), Covi (Jayco). Siempre a raya por el Visma de Brennan y el Cofidis de Coquard, sufrieron los efectos del viento, que alter\u00f3 los \u00e1nimos entre la marabunta.<\/p>\n\n\n\n<p>A 90 km meta apret\u00f3 el viento y se formaron abanicos. Fin de la fuga. El grupo sufri\u00f3 cortes, pero los favoritos estuvieron atentos para entrar en el primer grupo. Eolo dej\u00f3 de soplar, se recobr\u00f3 el orden y de nuevo hubo voluntarios para intentar alguna locura.<\/p>\n\n\n\n<p>Ethan Hayter, siempre inquiero, y Warbasse (Tudor) abrieron hueco hasta el ascenso al \u00fanico puerto del d\u00eda, el Alto de Aledo (3a, 9,5 km al 4,2). A 6 de la cima fueron absorbidos por el pelot\u00f3n. Visma y Cofidis segu\u00edan dando muestras de sus intenciones. Brennan dijo en la salida de Cartagena que la etapa le ven\u00eda a la medida.<\/p>\n\n\n\n<p>No ha sopaldo el viento, no pudimoes pasar a la accion, nos defendemos bien con el viento, me gusta esa modalidad y disfruto. Ma\u00f1ana con seguir con el maillot estaria bien&#8230;<\/p>\n\n\n\n<p>Visma prepara la llegada, Brennan remata con firmeza<\/p>\n\n\n\n<p>Si Brennan trabaj\u00f3 para lanzar a Van Aert en la meta de Elche de la Sierra, esta vez el clasic\u00f3mano belga se emple\u00f3 para apoyar a Brennan. En la cima del puerto pas\u00f3 Van Aert frente por delante del l\u00edder de la monta\u00f1a, el colombiano Santiago Buitrago.<\/p>\n\n\n\n<p>Hasta meta 26 km de llano, aptos para volar. Comenzaba una nueva etapa con todo por resolver. De nuevo Visma organiz\u00f3 la aproximaci\u00f3n a Lorca conectando toda su maquinaria al frente. El dominio Van Aert y compa\u00f1\u00eda encontr\u00f3 contestaci\u00f3n por parte del Cofidis de Coquard y de los noruegos del Uno X, pero ambos equipos incapaces de imponer su treno.<\/p>\n\n\n\n<p>Visma despleg\u00f3 su estrategia para el esprint desde lejos. Van Aert despej\u00f3 el camino, Laporte tens\u00f3 para poner a su rueda a Brennan, y el brit\u00e1nico explot\u00f3 para celebrar su tercera victoria. El rey del esprint se puso la tercera corona en Lorca.<\/p>\n\n\n\n<p>Velefique y Calar Alto, gran cita para los favoritos<\/p>\n\n\n\n<p>La duodecima etapa entra en la monta\u00f1a almeriense con el recorrido entre Vera y Calar Alto, de 166,6 km, una de las citas clave de la presente edici\u00f3n. Un verdadero examen con el encadenado final con Velefique (1a, 13,1 km al 7,2 con tramos del 15) y Calar Alto, con la meta a 2.100 metros de altitud despu\u00e9s de una subida de 16,9 km al 5,6 de media con m\u00e1ximas del 18.<\/p>\n\n\n\n<p>Como aperitivos de la jornada los altos del Cabecico (3a), C\u00f3bdar (3a) y el Collado Garc\u00eda (2a), id\u00f3neos para los que se animen a una fuga. Cita importante para los hombres de la general.<\/p>\n\n\n\n<p><\/p>\n","protected":false},"excerpt":{"rendered":"<p>(Foto: Agencias) La Vuelta ha encontrado en el brit\u00e1nico Matthew Brennan (Visma Lease a Bike)<\/p>\n","protected":false},"author":4,"featured_media":17046,"comment_status":"closed","ping_status":"open","sticky":false,"template":"","format":"standard","meta":{"_jetpack_memberships_contains_paid_content":false,"footnotes":""},"categories":[146],"tags":[],"class_list":["post-17056","post","type-post","status-publish","format-standard","has-post-thumbnail","hentry","category-tour-de-espana"],"yoast_head":"<!-- This site is optimized with the Yoast SEO plugin v25.7 - https:\/\/yoast.com\/wordpress\/plugins\/seo\/ -->\n<title>Brennan, el Rey del esprint - Esbozo Deportivo<\/title>\n<meta name=\"description\" content=\"La Vuelta ha encontrado en el brit\u00e1nico Matthew Brennan (Visma Lease a Bike) al rey del esprint en la presente edici\u00f3n tras una nueva exhibici\u00f2n que le dio el triplete en la und\u00e9cima etapa disputada entre Cartagena y Lorca, de 151,3 km, jornada de transici\u00f3n que mantuvo al frente de la general al espa\u00f1ol Enric Mas.\" \/>\n<meta name=\"robots\" content=\"index, follow, max-snippet:-1, max-image-preview:large, max-video-preview:-1\" \/>\n<link rel=\"canonical\" href=\"https:\/\/esbozodeportivo.com\/index.php\/2026\/09\/02\/brennan-el-rey-del-esprint\/\" \/>\n<meta property=\"og:locale\" content=\"es_MX\" \/>\n<meta property=\"og:type\" content=\"article\" \/>\n<meta property=\"og:title\" content=\"Brennan, el Rey del esprint - Esbozo Deportivo\" \/>\n<meta property=\"og:description\" content=\"La Vuelta ha encontrado en el brit\u00e1nico Matthew Brennan (Visma Lease a Bike) al rey del esprint en la presente edici\u00f3n tras una nueva exhibici\u00f2n que le dio el triplete en la und\u00e9cima etapa disputada entre Cartagena y Lorca, de 151,3 km, jornada de transici\u00f3n que mantuvo al frente de la general al espa\u00f1ol Enric Mas.\" \/>\n<meta property=\"og:url\" content=\"https:\/\/esbozodeportivo.com\/index.php\/2026\/09\/02\/brennan-el-rey-del-esprint\/\" \/>\n<meta property=\"og:site_name\" content=\"Esbozo Deportivo\" \/>\n<meta property=\"article:published_time\" content=\"2026-09-03T04:20:14+00:00\" \/>\n<meta property=\"article:modified_time\" content=\"2026-09-03T04:20:15+00:00\" \/>\n<meta property=\"og:image\" content=\"https:\/\/esbozodeportivo.com\/wp-content\/uploads\/2026\/09\/4b9dbf86-2224-4cc7-9109-ff879ec1122e.jpg\" \/>\n\t<meta property=\"og:image:width\" content=\"813\" \/>\n\t<meta property=\"og:image:height\" content=\"542\" \/>\n\t<meta property=\"og:image:type\" content=\"image\/jpeg\" \/>\n<meta name=\"author\" content=\"Redacci\u00f3n\" \/>\n<meta name=\"twitter:card\" content=\"summary_large_image\" \/>\n<meta name=\"twitter:label1\" content=\"Escrito por\" \/>\n\t<meta name=\"twitter:data1\" content=\"Redacci\u00f3n\" \/>\n\t<meta name=\"twitter:label2\" content=\"Tiempo de lectura\" \/>\n\t<meta name=\"twitter:data2\" content=\"4 minutos\" \/>\n<script type=\"application\/ld+json\" class=\"yoast-schema-graph\">{\"@context\":\"https:\/\/schema.org\",\"@graph\":[{\"@type\":\"Article\",\"@id\":\"https:\/\/esbozodeportivo.com\/index.php\/2026\/09\/02\/brennan-el-rey-del-esprint\/#article\",\"isPartOf\":{\"@id\":\"https:\/\/esbozodeportivo.com\/index.php\/2026\/09\/02\/brennan-el-rey-del-esprint\/\"},\"author\":{\"name\":\"Redacci\u00f3n\",\"@id\":\"https:\/\/esbozodeportivo.com\/#\/schema\/person\/0f6df9196dfe6740dd0bb31bae50d374\"},\"headline\":\"Brennan, el Rey del esprint\",\"datePublished\":\"2026-09-03T04:20:14+00:00\",\"dateModified\":\"2026-09-03T04:20:15+00:00\",\"mainEntityOfPage\":{\"@id\":\"https:\/\/esbozodeportivo.com\/index.php\/2026\/09\/02\/brennan-el-rey-del-esprint\/\"},\"wordCount\":798,\"publisher\":{\"@id\":\"https:\/\/esbozodeportivo.com\/#organization\"},\"image\":{\"@id\":\"https:\/\/esbozodeportivo.com\/index.php\/2026\/09\/02\/brennan-el-rey-del-esprint\/#primaryimage\"},\"thumbnailUrl\":\"https:\/\/esbozodeportivo.com\/wp-content\/uploads\/2026\/09\/4b9dbf86-2224-4cc7-9109-ff879ec1122e.jpg\",\"articleSection\":[\"Tour de Espa\u00f1a\"],\"inLanguage\":\"es\"},{\"@type\":\"WebPage\",\"@id\":\"https:\/\/esbozodeportivo.com\/index.php\/2026\/09\/02\/brennan-el-rey-del-esprint\/\",\"url\":\"https:\/\/esbozodeportivo.com\/index.php\/2026\/09\/02\/brennan-el-rey-del-esprint\/\",\"name\":\"Brennan, el Rey del esprint - Esbozo Deportivo\",\"isPartOf\":{\"@id\":\"https:\/\/esbozodeportivo.com\/#website\"},\"primaryImageOfPage\":{\"@id\":\"https:\/\/esbozodeportivo.com\/index.php\/2026\/09\/02\/brennan-el-rey-del-esprint\/#primaryimage\"},\"image\":{\"@id\":\"https:\/\/esbozodeportivo.com\/index.php\/2026\/09\/02\/brennan-el-rey-del-esprint\/#primaryimage\"},\"thumbnailUrl\":\"https:\/\/esbozodeportivo.com\/wp-content\/uploads\/2026\/09\/4b9dbf86-2224-4cc7-9109-ff879ec1122e.jpg\",\"datePublished\":\"2026-09-03T04:20:14+00:00\",\"dateModified\":\"2026-09-03T04:20:15+00:00\",\"description\":\"La Vuelta ha encontrado en el brit\u00e1nico Matthew Brennan (Visma Lease a Bike) al rey del esprint en la presente edici\u00f3n tras una nueva exhibici\u00f2n que le dio el triplete en la und\u00e9cima etapa disputada entre Cartagena y Lorca, de 151,3 km, jornada de transici\u00f3n que mantuvo al frente de la general al espa\u00f1ol Enric Mas.\",\"breadcrumb\":{\"@id\":\"https:\/\/esbozodeportivo.com\/index.php\/2026\/09\/02\/brennan-el-rey-del-esprint\/#breadcrumb\"},\"inLanguage\":\"es\",\"potentialAction\":[{\"@type\":\"ReadAction\",\"target\":[\"https:\/\/esbozodeportivo.com\/index.php\/2026\/09\/02\/brennan-el-rey-del-esprint\/\"]}]},{\"@type\":\"ImageObject\",\"inLanguage\":\"es\",\"@id\":\"https:\/\/esbozodeportivo.com\/index.php\/2026\/09\/02\/brennan-el-rey-del-esprint\/#primaryimage\",\"url\":\"https:\/\/esbozodeportivo.com\/wp-content\/uploads\/2026\/09\/4b9dbf86-2224-4cc7-9109-ff879ec1122e.jpg\",\"contentUrl\":\"https:\/\/esbozodeportivo.com\/wp-content\/uploads\/2026\/09\/4b9dbf86-2224-4cc7-9109-ff879ec1122e.jpg\",\"width\":813,\"height\":542},{\"@type\":\"BreadcrumbList\",\"@id\":\"https:\/\/esbozodeportivo.com\/index.php\/2026\/09\/02\/brennan-el-rey-del-esprint\/#breadcrumb\",\"itemListElement\":[{\"@type\":\"ListItem\",\"position\":1,\"name\":\"Inicio\",\"item\":\"https:\/\/esbozodeportivo.com\/\"},{\"@type\":\"ListItem\",\"position\":2,\"name\":\"Brennan, el Rey del esprint\"}]},{\"@type\":\"WebSite\",\"@id\":\"https:\/\/esbozodeportivo.com\/#website\",\"url\":\"https:\/\/esbozodeportivo.com\/\",\"name\":\"Esbozo Deportivo\",\"description\":\"Lo m\u00e1s importante del Deporte\",\"publisher\":{\"@id\":\"https:\/\/esbozodeportivo.com\/#organization\"},\"potentialAction\":[{\"@type\":\"SearchAction\",\"target\":{\"@type\":\"EntryPoint\",\"urlTemplate\":\"https:\/\/esbozodeportivo.com\/?s={search_term_string}\"},\"query-input\":{\"@type\":\"PropertyValueSpecification\",\"valueRequired\":true,\"valueName\":\"search_term_string\"}}],\"inLanguage\":\"es\"},{\"@type\":\"Organization\",\"@id\":\"https:\/\/esbozodeportivo.com\/#organization\",\"name\":\"Esbozo Deportivo\",\"url\":\"https:\/\/esbozodeportivo.com\/\",\"logo\":{\"@type\":\"ImageObject\",\"inLanguage\":\"es\",\"@id\":\"https:\/\/esbozodeportivo.com\/#\/schema\/logo\/image\/\",\"url\":\"https:\/\/esbozodeportivo.com\/wp-content\/uploads\/2022\/08\/cropped-Logo-Esbozo-Web-2.png\",\"contentUrl\":\"https:\/\/esbozodeportivo.com\/wp-content\/uploads\/2022\/08\/cropped-Logo-Esbozo-Web-2.png\",\"width\":180,\"height\":50,\"caption\":\"Esbozo Deportivo\"},\"image\":{\"@id\":\"https:\/\/esbozodeportivo.com\/#\/schema\/logo\/image\/\"}},{\"@type\":\"Person\",\"@id\":\"https:\/\/esbozodeportivo.com\/#\/schema\/person\/0f6df9196dfe6740dd0bb31bae50d374\",\"name\":\"Redacci\u00f3n\",\"image\":{\"@type\":\"ImageObject\",\"inLanguage\":\"es\",\"@id\":\"https:\/\/esbozodeportivo.com\/#\/schema\/person\/image\/\",\"url\":\"https:\/\/secure.gravatar.com\/avatar\/f55268a89c3b418f2ef172ff52ab0d09b3e653c58de29539fe329fb93d78ebf3?s=96&d=mm&r=g\",\"contentUrl\":\"https:\/\/secure.gravatar.com\/avatar\/f55268a89c3b418f2ef172ff52ab0d09b3e653c58de29539fe329fb93d78ebf3?s=96&d=mm&r=g\",\"caption\":\"Redacci\u00f3n\"},\"url\":\"https:\/\/esbozodeportivo.com\/index.php\/author\/redaccion\/\"}]}<\/script>\n<!-- \/ Yoast SEO plugin. -->","yoast_head_json":{"title":"Brennan, el Rey del esprint - Esbozo Deportivo","description":"La Vuelta ha encontrado en el brit\u00e1nico Matthew Brennan (Visma Lease a Bike) al rey del esprint en la presente edici\u00f3n tras una nueva exhibici\u00f2n que le dio el triplete en la und\u00e9cima etapa disputada entre Cartagena y Lorca, de 151,3 km, jornada de transici\u00f3n que mantuvo al frente de la general al espa\u00f1ol Enric Mas.","robots":{"index":"index","follow":"follow","max-snippet":"max-snippet:-1","max-image-preview":"max-image-preview:large","max-video-preview":"max-video-preview:-1"},"canonical":"https:\/\/esbozodeportivo.com\/index.php\/2026\/09\/02\/brennan-el-rey-del-esprint\/","og_locale":"es_MX","og_type":"article","og_title":"Brennan, el Rey del esprint - Esbozo Deportivo","og_description":"La Vuelta ha encontrado en el brit\u00e1nico Matthew Brennan (Visma Lease a Bike) al rey del esprint en la presente edici\u00f3n tras una nueva exhibici\u00f2n que le dio el triplete en la und\u00e9cima etapa disputada entre Cartagena y Lorca, de 151,3 km, jornada de transici\u00f3n que mantuvo al frente de la general al espa\u00f1ol Enric Mas.","og_url":"https:\/\/esbozodeportivo.com\/index.php\/2026\/09\/02\/brennan-el-rey-del-esprint\/","og_site_name":"Esbozo Deportivo","article_published_time":"2026-09-03T04:20:14+00:00","article_modified_time":"2026-09-03T04:20:15+00:00","og_image":[{"width":813,"height":542,"url":"https:\/\/esbozodeportivo.com\/wp-content\/uploads\/2026\/09\/4b9dbf86-2224-4cc7-9109-ff879ec1122e.jpg","type":"image\/jpeg"}],"author":"Redacci\u00f3n","twitter_card":"summary_large_image","twitter_misc":{"Escrito por":"Redacci\u00f3n","Tiempo de lectura":"4 minutos"},"schema":{"@context":"https:\/\/schema.org","@graph":[{"@type":"Article","@id":"https:\/\/esbozodeportivo.com\/index.php\/2026\/09\/02\/brennan-el-rey-del-esprint\/#article","isPartOf":{"@id":"https:\/\/esbozodeportivo.com\/index.php\/2026\/09\/02\/brennan-el-rey-del-esprint\/"},"author":{"name":"Redacci\u00f3n","@id":"https:\/\/esbozodeportivo.com\/#\/schema\/person\/0f6df9196dfe6740dd0bb31bae50d374"},"headline":"Brennan, el Rey del esprint","datePublished":"2026-09-03T04:20:14+00:00","dateModified":"2026-09-03T04:20:15+00:00","mainEntityOfPage":{"@id":"https:\/\/esbozodeportivo.com\/index.php\/2026\/09\/02\/brennan-el-rey-del-esprint\/"},"wordCount":798,"publisher":{"@id":"https:\/\/esbozodeportivo.com\/#organization"},"image":{"@id":"https:\/\/esbozodeportivo.com\/index.php\/2026\/09\/02\/brennan-el-rey-del-esprint\/#primaryimage"},"thumbnailUrl":"https:\/\/esbozodeportivo.com\/wp-content\/uploads\/2026\/09\/4b9dbf86-2224-4cc7-9109-ff879ec1122e.jpg","articleSection":["Tour de Espa\u00f1a"],"inLanguage":"es"},{"@type":"WebPage","@id":"https:\/\/esbozodeportivo.com\/index.php\/2026\/09\/02\/brennan-el-rey-del-esprint\/","url":"https:\/\/esbozodeportivo.com\/index.php\/2026\/09\/02\/brennan-el-rey-del-esprint\/","name":"Brennan, el Rey del esprint - Esbozo Deportivo","isPartOf":{"@id":"https:\/\/esbozodeportivo.com\/#website"},"primaryImageOfPage":{"@id":"https:\/\/esbozodeportivo.com\/index.php\/2026\/09\/02\/brennan-el-rey-del-esprint\/#primaryimage"},"image":{"@id":"https:\/\/esbozodeportivo.com\/index.php\/2026\/09\/02\/brennan-el-rey-del-esprint\/#primaryimage"},"thumbnailUrl":"https:\/\/esbozodeportivo.com\/wp-content\/uploads\/2026\/09\/4b9dbf86-2224-4cc7-9109-ff879ec1122e.jpg","datePublished":"2026-09-03T04:20:14+00:00","dateModified":"2026-09-03T04:20:15+00:00","description":"La Vuelta ha encontrado en el brit\u00e1nico Matthew Brennan (Visma Lease a Bike) al rey del esprint en la presente edici\u00f3n tras una nueva exhibici\u00f2n que le dio el triplete en la und\u00e9cima etapa disputada entre Cartagena y Lorca, de 151,3 km, jornada de transici\u00f3n que mantuvo al frente de la general al espa\u00f1ol Enric Mas.","breadcrumb":{"@id":"https:\/\/esbozodeportivo.com\/index.php\/2026\/09\/02\/brennan-el-rey-del-esprint\/#breadcrumb"},"inLanguage":"es","potentialAction":[{"@type":"ReadAction","target":["https:\/\/esbozodeportivo.com\/index.php\/2026\/09\/02\/brennan-el-rey-del-esprint\/"]}]},{"@type":"ImageObject","inLanguage":"es","@id":"https:\/\/esbozodeportivo.com\/index.php\/2026\/09\/02\/brennan-el-rey-del-esprint\/#primaryimage","url":"https:\/\/esbozodeportivo.com\/wp-content\/uploads\/2026\/09\/4b9dbf86-2224-4cc7-9109-ff879ec1122e.jpg","contentUrl":"https:\/\/esbozodeportivo.com\/wp-content\/uploads\/2026\/09\/4b9dbf86-2224-4cc7-9109-ff879ec1122e.jpg","width":813,"height":542},{"@type":"BreadcrumbList","@id":"https:\/\/esbozodeportivo.com\/index.php\/2026\/09\/02\/brennan-el-rey-del-esprint\/#breadcrumb","itemListElement":[{"@type":"ListItem","position":1,"name":"Inicio","item":"https:\/\/esbozodeportivo.com\/"},{"@type":"ListItem","position":2,"name":"Brennan, el Rey del esprint"}]},{"@type":"WebSite","@id":"https:\/\/esbozodeportivo.com\/#website","url":"https:\/\/esbozodeportivo.com\/","name":"Esbozo Deportivo","description":"Lo m\u00e1s importante del Deporte","publisher":{"@id":"https:\/\/esbozodeportivo.com\/#organization"},"potentialAction":[{"@type":"SearchAction","target":{"@type":"EntryPoint","urlTemplate":"https:\/\/esbozodeportivo.com\/?s={search_term_string}"},"query-input":{"@type":"PropertyValueSpecification","valueRequired":true,"valueName":"search_term_string"}}],"inLanguage":"es"},{"@type":"Organization","@id":"https:\/\/esbozodeportivo.com\/#organization","name":"Esbozo Deportivo","url":"https:\/\/esbozodeportivo.com\/","logo":{"@type":"ImageObject","inLanguage":"es","@id":"https:\/\/esbozodeportivo.com\/#\/schema\/logo\/image\/","url":"https:\/\/esbozodeportivo.com\/wp-content\/uploads\/2022\/08\/cropped-Logo-Esbozo-Web-2.png","contentUrl":"https:\/\/esbozodeportivo.com\/wp-content\/uploads\/2022\/08\/cropped-Logo-Esbozo-Web-2.png","width":180,"height":50,"caption":"Esbozo Deportivo"},"image":{"@id":"https:\/\/esbozodeportivo.com\/#\/schema\/logo\/image\/"}},{"@type":"Person","@id":"https:\/\/esbozodeportivo.com\/#\/schema\/person\/0f6df9196dfe6740dd0bb31bae50d374","name":"Redacci\u00f3n","image":{"@type":"ImageObject","inLanguage":"es","@id":"https:\/\/esbozodeportivo.com\/#\/schema\/person\/image\/","url":"https:\/\/secure.gravatar.com\/avatar\/f55268a89c3b418f2ef172ff52ab0d09b3e653c58de29539fe329fb93d78ebf3?s=96&d=mm&r=g","contentUrl":"https:\/\/secure.gravatar.com\/avatar\/f55268a89c3b418f2ef172ff52ab0d09b3e653c58de29539fe329fb93d78ebf3?s=96&d=mm&r=g","caption":"Redacci\u00f3n"},"url":"https:\/\/esbozodeportivo.com\/index.php\/author\/redaccion\/"}]}},"jetpack_featured_media_url":"https:\/\/esbozodeportivo.com\/wp-content\/uploads\/2026\/09\/4b9dbf86-2224-4cc7-9109-ff879ec1122e.jpg","jetpack_sharing_enabled":true,"_links":{"self":[{"href":"https:\/\/esbozodeportivo.com\/index.php\/wp-json\/wp\/v2\/posts\/17056","targetHints":{"allow":["GET"]}}],"collection":[{"href":"https:\/\/esbozodeportivo.com\/index.php\/wp-json\/wp\/v2\/posts"}],"about":[{"href":"https:\/\/esbozodeportivo.com\/index.php\/wp-json\/wp\/v2\/types\/post"}],"author":[{"embeddable":true,"href":"https:\/\/esbozodeportivo.com\/index.php\/wp-json\/wp\/v2\/users\/4"}],"replies":[{"embeddable":true,"href":"https:\/\/esbozodeportivo.com\/index.php\/wp-json\/wp\/v2\/comments?post=17056"}],"version-history":[{"count":1,"href":"https:\/\/esbozodeportivo.com\/index.php\/wp-json\/wp\/v2\/posts\/17056\/revisions"}],"predecessor-version":[{"id":17057,"href":"https:\/\/esbozodeportivo.com\/index.php\/wp-json\/wp\/v2\/posts\/17056\/revisions\/17057"}],"wp:featuredmedia":[{"embeddable":true,"href":"https:\/\/esbozodeportivo.com\/index.php\/wp-json\/wp\/v2\/media\/17046"}],"wp:attachment":[{"href":"https:\/\/esbozodeportivo.com\/index.php\/wp-json\/wp\/v2\/media?parent=17056"}],"wp:term":[{"taxonomy":"category","embeddable":true,"href":"https:\/\/esbozodeportivo.com\/index.php\/wp-json\/wp\/v2\/categories?post=17056"},{"taxonomy":"post_tag","embeddable":true,"href":"https:\/\/esbozodeportivo.com\/index.php\/wp-json\/wp\/v2\/tags?post=17056"}],"curies":[{"name":"wp","href":"https:\/\/api.w.org\/{rel}","templated":true}]}}