{"id":17060,"date":"2026-09-03T22:49:09","date_gmt":"2026-09-04T04:49:09","guid":{"rendered":"https:\/\/esbozodeportivo.com\/?p=17060"},"modified":"2026-09-03T22:49:10","modified_gmt":"2026-09-04T04:49:10","slug":"vibra-san-miguel-de-allende-con-el-sma-open-invitational-2026","status":"publish","type":"post","link":"https:\/\/esbozodeportivo.com\/index.php\/2026\/09\/03\/vibra-san-miguel-de-allende-con-el-sma-open-invitational-2026\/","title":{"rendered":"Vibra San Miguel de Allende con el SMA Open Invitational 2026"},"content":{"rendered":"\n<ul class=\"wp-block-list\">\n<li><strong>Varios de los mejores tenistas mexicanos compiten este fin de semana, 4 al 6 de septiembre, en uno de los mejores torneos de tenis del circuito AMTP<\/strong><\/li>\n<\/ul>\n\n\n\n<p><strong>SAN MIGUEL DE ALLENDE, GTO, 03 de septiembre del 2026.-<\/strong> \u00a1Comienza la fiesta\u2026 y San Miguel de Allende se convierte en el centro de atenci\u00f3n de tenis mexicano!<\/p>\n\n\n\n<p>Varios de los mejores tenistas profesionales de nuestro pa\u00eds y un caudal de talentosos j\u00f3venes inician este viernes su participaci\u00f3n en el cuadro principal del SMA Open Invitational 2026, que con aval de la AMTP (Asociaci\u00f3n Mexicana de Tenistas Profesionales) y una bolsa de 125,000 pesos, se disputa del 4 al 6 de septiembre, en el Club de Golf Malanqu\u00edn, en este pueblo m\u00e1gico guanajuatense, catalogado por la UNESCO, en el 2007, como Patrimonio de la Humanidad.<\/p>\n\n\n\n<p>El jalisciense Eduardo Orozco, el capitalino Diego Eloy M\u00e9ndez, el poblano Ivar Aramburu y el sonorense Carlos Zerega, ser\u00e1n los primeros cuatro preclasificados, en un certamen muy equilibrado, que promete acciones de alto nivel y competitividad, tal como lo demostr\u00f3 la calificaci\u00f3n que se disput\u00f3 el pasado fin de semana, los d\u00edas 29 y 30 de agosto, donde surgieron los 8 tenistas que se integraron al cuadro principal de 32 jugadores. Ellos son Arturo S\u00e1nchez, Aldo C\u00e1rden\u00e1s, Antonio Correa, Emilio Soto, Jos\u00e9 de Jes\u00fas Ascencio, Fernando L\u00f3pez, Christopher L\u00f3pez y Alan Ch\u00e1vez.<\/p>\n\n\n\n<p>Cabe resaltar que hubo lluvia durante la calificaci\u00f3n, el pasado fin de semana, y las canchas de polvo de ladrillo por GRUPO PISANDO FUERTE, r\u00e1pidamente recuperaron su condici\u00f3n y quedaron listas para jugar. Adem\u00e1s, la pelota oficial YONEX fue de mucho agrado para los tenistas porque mantiene el bote de forma regular y por su durabilidad.<\/p>\n\n\n\n<p>Dos de las innovaciones con los que este a\u00f1o sorprendi\u00f3 el SMA Open Invitational 2026 causaron satisfacci\u00f3n entre los jugadores, primero porque a los ganadores de la calificaci\u00f3n se les entreg\u00f3 el reconocimiento especial Qualy Evidika Award, que premi\u00f3 el desempe\u00f1o a quienes destacaron desde las primeras etapas de la competencia, y recibieron un incentivo econ\u00f3mico de 1,000 pesos, algo que no sucede en ning\u00fan otro torneo en nuestro pa\u00eds y despu\u00e9s por la restructuraci\u00f3n de la bolsa, no solo porque aument\u00f3 de 100,000 a 125,000 pesos, sino porque se distribuir\u00e1 de una manera m\u00e1s equitativa para los jugadores que se quedan en octavos de final, cuartos o semifinales, es decir, si un tenista gana un partido se llevar\u00e1 un premio de 4,000 pesos, si gana dos se lleva 8,000 pesos, si avanza a semifinales ganar\u00e1 10,000 pesos. As\u00ed quedar\u00e1n 15,000 pesos al finalista y 26,000 pesos al campe\u00f3n.&nbsp;<\/p>\n\n\n\n<p>La AMTP le otorg\u00f3 al SMA Invitational el \u201cGalard\u00f3n 25 Estrellas\u201d por su alto poder de convocatoria y por el esfuerzo de sus organizadores para mantener el juego limpio, as\u00ed como por buscar el impulso a los tenistas j\u00f3venes, adem\u00e1s que siempre existe un acercamiento de los directivos del torneo con los tenistas, los padres de familia y los aficionados.&nbsp;&nbsp;<\/p>\n\n\n\n<p><strong>LOS CUATRO PRIMEROS<\/strong><\/p>\n\n\n\n<p>Eduardo Orozco, primero en el ranking nacional de la AMTP, enfrentar\u00e1 en su primer compromiso al calificador celayense Emilio Soto; mientras, Diego Eloy M\u00e9ndez enfrentar\u00e1 a Fernando L\u00f3pez Mac\u00edas tambi\u00e9n proveniente de la calificaci\u00f3n.<\/p>\n\n\n\n<p>Por su parte, el poblano Ivar Aramburu, quien lleva 14 t\u00edtulos AMTP en lo que va de la temporada, abre participaci\u00f3n contra el queretano Antonio Correa y el sonorense Carlos Zerega, lo har\u00e1 ante el calificador leones Jos\u00e9 de Jes\u00fas Ascencio.<\/p>\n\n\n\n<p>Este viernes 4 de septiembre, la jornada inicia a las 11:00 horas con una breve ceremonia de inauguraci\u00f3n para dar paso a los primeros encuentros a las 12:00 horas.<\/p>\n\n\n\n<p><strong>PARTIDOS 12:00 HORAS<\/strong><\/p>\n\n\n\n<ul class=\"wp-block-list\">\n<li>Fernando Villarreal Vs Jes\u00fas Mu\u00f1oz<\/li>\n\n\n\n<li>Eduardo Orozco vs Emilio Soto<\/li>\n\n\n\n<li>Erick Manzano vs Aldo C\u00e1rdenas<\/li>\n\n\n\n<li>Diego Eloy M\u00e9ndez vs Fernando L\u00f3pez<\/li>\n<\/ul>\n\n\n\n<p><strong>PARTIDOS 13:30 HORAS<\/strong><\/p>\n\n\n\n<ul class=\"wp-block-list\">\n<li>Diego G\u00f3mez vs Carlos Hern\u00e1ndez<\/li>\n\n\n\n<li>Diego Bustamante vs Fernando Rojas<\/li>\n\n\n\n<li>Patricio Betancourt vs Rijard Groenewold<\/li>\n\n\n\n<li>Carlos Zerega vs Jos\u00e9 de Jes\u00fas Ascencio<\/li>\n<\/ul>\n\n\n\n<p><strong>PARTIDOS 15:00 HORAS<\/strong><\/p>\n\n\n\n<ul class=\"wp-block-list\">\n<li>Arturo S\u00e1nchez vs Alonso Bustos<\/li>\n\n\n\n<li>Remy Cafardo vs C\u00e9sar Garfias<\/li>\n\n\n\n<li>Alfonso Cossio vs Andr\u00e9s Rosales<\/li>\n\n\n\n<li>Dante Rojas vs Andr\u00e9s Hern\u00e1ndez<\/li>\n<\/ul>\n\n\n\n<p><strong>PARTIDOS 16:30 HORAS<\/strong><\/p>\n\n\n\n<ul class=\"wp-block-list\">\n<li>V\u00edctor Carrillo vs Alan Ch\u00e1vez<\/li>\n\n\n\n<li>Ivar Aramburu vs Antonio Correa<\/li>\n\n\n\n<li>Richard Groenewold vs Christopher L\u00f3pez<\/li>\n\n\n\n<li>Juan Jos\u00e9 Vega vs Niklas Quiroz<\/li>\n<\/ul>\n\n\n\n<p>Felicidades al COTAC (Comit\u00e9 Organizador de Tenis A.C.) del SMA Open Invitational 2026 por la entereza para conquistar, cada a\u00f1o, a los jugadores y aficionados y su esmero para sorprender con nuevas propuestas de apoyo a los tenistas de nuestro pa\u00eds.<\/p>\n","protected":false},"excerpt":{"rendered":"<p>SAN MIGUEL DE ALLENDE, GTO, 03 de septiembre del 2026.- \u00a1Comienza la fiesta\u2026 y San<\/p>\n","protected":false},"author":4,"featured_media":17061,"comment_status":"closed","ping_status":"open","sticky":false,"template":"","format":"standard","meta":{"_jetpack_memberships_contains_paid_content":false,"footnotes":""},"categories":[68],"tags":[],"class_list":["post-17060","post","type-post","status-publish","format-standard","has-post-thumbnail","hentry","category-tenis-2"],"yoast_head":"<!-- This site is optimized with the Yoast SEO plugin v25.7 - https:\/\/yoast.com\/wordpress\/plugins\/seo\/ -->\n<title>Vibra San Miguel de Allende con el SMA Open Invitational 2026 - Esbozo Deportivo<\/title>\n<meta name=\"description\" content=\"Varios de los mejores tenistas profesionales de nuestro pa\u00eds y un caudal de talentosos j\u00f3venes inician este viernes su participaci\u00f3n en el cuadro principal del SMA Open Invitational 2026,\" \/>\n<meta name=\"robots\" content=\"index, follow, max-snippet:-1, max-image-preview:large, max-video-preview:-1\" \/>\n<link rel=\"canonical\" href=\"https:\/\/esbozodeportivo.com\/index.php\/2026\/09\/03\/vibra-san-miguel-de-allende-con-el-sma-open-invitational-2026\/\" \/>\n<meta property=\"og:locale\" content=\"es_MX\" \/>\n<meta property=\"og:type\" content=\"article\" \/>\n<meta property=\"og:title\" content=\"Vibra San Miguel de Allende con el SMA Open Invitational 2026 - Esbozo Deportivo\" \/>\n<meta property=\"og:description\" content=\"Varios de los mejores tenistas profesionales de nuestro pa\u00eds y un caudal de talentosos j\u00f3venes inician este viernes su participaci\u00f3n en el cuadro principal del SMA Open Invitational 2026,\" \/>\n<meta property=\"og:url\" content=\"https:\/\/esbozodeportivo.com\/index.php\/2026\/09\/03\/vibra-san-miguel-de-allende-con-el-sma-open-invitational-2026\/\" \/>\n<meta property=\"og:site_name\" content=\"Esbozo Deportivo\" \/>\n<meta property=\"article:published_time\" content=\"2026-09-04T04:49:09+00:00\" \/>\n<meta property=\"article:modified_time\" content=\"2026-09-04T04:49:10+00:00\" \/>\n<meta property=\"og:image\" content=\"https:\/\/esbozodeportivo.com\/wp-content\/uploads\/2026\/09\/107b8557-7348-47e4-a240-91a212ff0eba.jpg\" \/>\n\t<meta property=\"og:image:width\" content=\"1600\" \/>\n\t<meta property=\"og:image:height\" content=\"1122\" \/>\n\t<meta property=\"og:image:type\" content=\"image\/jpeg\" \/>\n<meta name=\"author\" content=\"Redacci\u00f3n\" \/>\n<meta name=\"twitter:card\" content=\"summary_large_image\" \/>\n<meta name=\"twitter:label1\" content=\"Escrito por\" \/>\n\t<meta name=\"twitter:data1\" content=\"Redacci\u00f3n\" \/>\n\t<meta name=\"twitter:label2\" content=\"Tiempo de lectura\" \/>\n\t<meta name=\"twitter:data2\" content=\"4 minutos\" \/>\n<script type=\"application\/ld+json\" class=\"yoast-schema-graph\">{\"@context\":\"https:\/\/schema.org\",\"@graph\":[{\"@type\":\"Article\",\"@id\":\"https:\/\/esbozodeportivo.com\/index.php\/2026\/09\/03\/vibra-san-miguel-de-allende-con-el-sma-open-invitational-2026\/#article\",\"isPartOf\":{\"@id\":\"https:\/\/esbozodeportivo.com\/index.php\/2026\/09\/03\/vibra-san-miguel-de-allende-con-el-sma-open-invitational-2026\/\"},\"author\":{\"name\":\"Redacci\u00f3n\",\"@id\":\"https:\/\/esbozodeportivo.com\/#\/schema\/person\/0f6df9196dfe6740dd0bb31bae50d374\"},\"headline\":\"Vibra San Miguel de Allende con el SMA Open Invitational 2026\",\"datePublished\":\"2026-09-04T04:49:09+00:00\",\"dateModified\":\"2026-09-04T04:49:10+00:00\",\"mainEntityOfPage\":{\"@id\":\"https:\/\/esbozodeportivo.com\/index.php\/2026\/09\/03\/vibra-san-miguel-de-allende-con-el-sma-open-invitational-2026\/\"},\"wordCount\":780,\"publisher\":{\"@id\":\"https:\/\/esbozodeportivo.com\/#organization\"},\"image\":{\"@id\":\"https:\/\/esbozodeportivo.com\/index.php\/2026\/09\/03\/vibra-san-miguel-de-allende-con-el-sma-open-invitational-2026\/#primaryimage\"},\"thumbnailUrl\":\"https:\/\/esbozodeportivo.com\/wp-content\/uploads\/2026\/09\/107b8557-7348-47e4-a240-91a212ff0eba.jpg\",\"articleSection\":[\"Tenis\"],\"inLanguage\":\"es\"},{\"@type\":\"WebPage\",\"@id\":\"https:\/\/esbozodeportivo.com\/index.php\/2026\/09\/03\/vibra-san-miguel-de-allende-con-el-sma-open-invitational-2026\/\",\"url\":\"https:\/\/esbozodeportivo.com\/index.php\/2026\/09\/03\/vibra-san-miguel-de-allende-con-el-sma-open-invitational-2026\/\",\"name\":\"Vibra San Miguel de Allende con el SMA Open Invitational 2026 - Esbozo Deportivo\",\"isPartOf\":{\"@id\":\"https:\/\/esbozodeportivo.com\/#website\"},\"primaryImageOfPage\":{\"@id\":\"https:\/\/esbozodeportivo.com\/index.php\/2026\/09\/03\/vibra-san-miguel-de-allende-con-el-sma-open-invitational-2026\/#primaryimage\"},\"image\":{\"@id\":\"https:\/\/esbozodeportivo.com\/index.php\/2026\/09\/03\/vibra-san-miguel-de-allende-con-el-sma-open-invitational-2026\/#primaryimage\"},\"thumbnailUrl\":\"https:\/\/esbozodeportivo.com\/wp-content\/uploads\/2026\/09\/107b8557-7348-47e4-a240-91a212ff0eba.jpg\",\"datePublished\":\"2026-09-04T04:49:09+00:00\",\"dateModified\":\"2026-09-04T04:49:10+00:00\",\"description\":\"Varios de los mejores tenistas profesionales de nuestro pa\u00eds y un caudal de talentosos j\u00f3venes inician este viernes su participaci\u00f3n en el cuadro principal del SMA Open Invitational 2026,\",\"breadcrumb\":{\"@id\":\"https:\/\/esbozodeportivo.com\/index.php\/2026\/09\/03\/vibra-san-miguel-de-allende-con-el-sma-open-invitational-2026\/#breadcrumb\"},\"inLanguage\":\"es\",\"potentialAction\":[{\"@type\":\"ReadAction\",\"target\":[\"https:\/\/esbozodeportivo.com\/index.php\/2026\/09\/03\/vibra-san-miguel-de-allende-con-el-sma-open-invitational-2026\/\"]}]},{\"@type\":\"ImageObject\",\"inLanguage\":\"es\",\"@id\":\"https:\/\/esbozodeportivo.com\/index.php\/2026\/09\/03\/vibra-san-miguel-de-allende-con-el-sma-open-invitational-2026\/#primaryimage\",\"url\":\"https:\/\/esbozodeportivo.com\/wp-content\/uploads\/2026\/09\/107b8557-7348-47e4-a240-91a212ff0eba.jpg\",\"contentUrl\":\"https:\/\/esbozodeportivo.com\/wp-content\/uploads\/2026\/09\/107b8557-7348-47e4-a240-91a212ff0eba.jpg\",\"width\":1600,\"height\":1122},{\"@type\":\"BreadcrumbList\",\"@id\":\"https:\/\/esbozodeportivo.com\/index.php\/2026\/09\/03\/vibra-san-miguel-de-allende-con-el-sma-open-invitational-2026\/#breadcrumb\",\"itemListElement\":[{\"@type\":\"ListItem\",\"position\":1,\"name\":\"Inicio\",\"item\":\"https:\/\/esbozodeportivo.com\/\"},{\"@type\":\"ListItem\",\"position\":2,\"name\":\"Vibra San Miguel de Allende con el SMA Open Invitational 2026\"}]},{\"@type\":\"WebSite\",\"@id\":\"https:\/\/esbozodeportivo.com\/#website\",\"url\":\"https:\/\/esbozodeportivo.com\/\",\"name\":\"Esbozo Deportivo\",\"description\":\"Lo m\u00e1s importante del Deporte\",\"publisher\":{\"@id\":\"https:\/\/esbozodeportivo.com\/#organization\"},\"potentialAction\":[{\"@type\":\"SearchAction\",\"target\":{\"@type\":\"EntryPoint\",\"urlTemplate\":\"https:\/\/esbozodeportivo.com\/?s={search_term_string}\"},\"query-input\":{\"@type\":\"PropertyValueSpecification\",\"valueRequired\":true,\"valueName\":\"search_term_string\"}}],\"inLanguage\":\"es\"},{\"@type\":\"Organization\",\"@id\":\"https:\/\/esbozodeportivo.com\/#organization\",\"name\":\"Esbozo Deportivo\",\"url\":\"https:\/\/esbozodeportivo.com\/\",\"logo\":{\"@type\":\"ImageObject\",\"inLanguage\":\"es\",\"@id\":\"https:\/\/esbozodeportivo.com\/#\/schema\/logo\/image\/\",\"url\":\"https:\/\/esbozodeportivo.com\/wp-content\/uploads\/2022\/08\/cropped-Logo-Esbozo-Web-2.png\",\"contentUrl\":\"https:\/\/esbozodeportivo.com\/wp-content\/uploads\/2022\/08\/cropped-Logo-Esbozo-Web-2.png\",\"width\":180,\"height\":50,\"caption\":\"Esbozo Deportivo\"},\"image\":{\"@id\":\"https:\/\/esbozodeportivo.com\/#\/schema\/logo\/image\/\"}},{\"@type\":\"Person\",\"@id\":\"https:\/\/esbozodeportivo.com\/#\/schema\/person\/0f6df9196dfe6740dd0bb31bae50d374\",\"name\":\"Redacci\u00f3n\",\"image\":{\"@type\":\"ImageObject\",\"inLanguage\":\"es\",\"@id\":\"https:\/\/esbozodeportivo.com\/#\/schema\/person\/image\/\",\"url\":\"https:\/\/secure.gravatar.com\/avatar\/f55268a89c3b418f2ef172ff52ab0d09b3e653c58de29539fe329fb93d78ebf3?s=96&d=mm&r=g\",\"contentUrl\":\"https:\/\/secure.gravatar.com\/avatar\/f55268a89c3b418f2ef172ff52ab0d09b3e653c58de29539fe329fb93d78ebf3?s=96&d=mm&r=g\",\"caption\":\"Redacci\u00f3n\"},\"url\":\"https:\/\/esbozodeportivo.com\/index.php\/author\/redaccion\/\"}]}<\/script>\n<!-- \/ Yoast SEO plugin. -->","yoast_head_json":{"title":"Vibra San Miguel de Allende con el SMA Open Invitational 2026 - Esbozo Deportivo","description":"Varios de los mejores tenistas profesionales de nuestro pa\u00eds y un caudal de talentosos j\u00f3venes inician este viernes su participaci\u00f3n en el cuadro principal del SMA Open Invitational 2026,","robots":{"index":"index","follow":"follow","max-snippet":"max-snippet:-1","max-image-preview":"max-image-preview:large","max-video-preview":"max-video-preview:-1"},"canonical":"https:\/\/esbozodeportivo.com\/index.php\/2026\/09\/03\/vibra-san-miguel-de-allende-con-el-sma-open-invitational-2026\/","og_locale":"es_MX","og_type":"article","og_title":"Vibra San Miguel de Allende con el SMA Open Invitational 2026 - Esbozo Deportivo","og_description":"Varios de los mejores tenistas profesionales de nuestro pa\u00eds y un caudal de talentosos j\u00f3venes inician este viernes su participaci\u00f3n en el cuadro principal del SMA Open Invitational 2026,","og_url":"https:\/\/esbozodeportivo.com\/index.php\/2026\/09\/03\/vibra-san-miguel-de-allende-con-el-sma-open-invitational-2026\/","og_site_name":"Esbozo Deportivo","article_published_time":"2026-09-04T04:49:09+00:00","article_modified_time":"2026-09-04T04:49:10+00:00","og_image":[{"width":1600,"height":1122,"url":"https:\/\/esbozodeportivo.com\/wp-content\/uploads\/2026\/09\/107b8557-7348-47e4-a240-91a212ff0eba.jpg","type":"image\/jpeg"}],"author":"Redacci\u00f3n","twitter_card":"summary_large_image","twitter_misc":{"Escrito por":"Redacci\u00f3n","Tiempo de lectura":"4 minutos"},"schema":{"@context":"https:\/\/schema.org","@graph":[{"@type":"Article","@id":"https:\/\/esbozodeportivo.com\/index.php\/2026\/09\/03\/vibra-san-miguel-de-allende-con-el-sma-open-invitational-2026\/#article","isPartOf":{"@id":"https:\/\/esbozodeportivo.com\/index.php\/2026\/09\/03\/vibra-san-miguel-de-allende-con-el-sma-open-invitational-2026\/"},"author":{"name":"Redacci\u00f3n","@id":"https:\/\/esbozodeportivo.com\/#\/schema\/person\/0f6df9196dfe6740dd0bb31bae50d374"},"headline":"Vibra San Miguel de Allende con el SMA Open Invitational 2026","datePublished":"2026-09-04T04:49:09+00:00","dateModified":"2026-09-04T04:49:10+00:00","mainEntityOfPage":{"@id":"https:\/\/esbozodeportivo.com\/index.php\/2026\/09\/03\/vibra-san-miguel-de-allende-con-el-sma-open-invitational-2026\/"},"wordCount":780,"publisher":{"@id":"https:\/\/esbozodeportivo.com\/#organization"},"image":{"@id":"https:\/\/esbozodeportivo.com\/index.php\/2026\/09\/03\/vibra-san-miguel-de-allende-con-el-sma-open-invitational-2026\/#primaryimage"},"thumbnailUrl":"https:\/\/esbozodeportivo.com\/wp-content\/uploads\/2026\/09\/107b8557-7348-47e4-a240-91a212ff0eba.jpg","articleSection":["Tenis"],"inLanguage":"es"},{"@type":"WebPage","@id":"https:\/\/esbozodeportivo.com\/index.php\/2026\/09\/03\/vibra-san-miguel-de-allende-con-el-sma-open-invitational-2026\/","url":"https:\/\/esbozodeportivo.com\/index.php\/2026\/09\/03\/vibra-san-miguel-de-allende-con-el-sma-open-invitational-2026\/","name":"Vibra San Miguel de Allende con el SMA Open Invitational 2026 - Esbozo Deportivo","isPartOf":{"@id":"https:\/\/esbozodeportivo.com\/#website"},"primaryImageOfPage":{"@id":"https:\/\/esbozodeportivo.com\/index.php\/2026\/09\/03\/vibra-san-miguel-de-allende-con-el-sma-open-invitational-2026\/#primaryimage"},"image":{"@id":"https:\/\/esbozodeportivo.com\/index.php\/2026\/09\/03\/vibra-san-miguel-de-allende-con-el-sma-open-invitational-2026\/#primaryimage"},"thumbnailUrl":"https:\/\/esbozodeportivo.com\/wp-content\/uploads\/2026\/09\/107b8557-7348-47e4-a240-91a212ff0eba.jpg","datePublished":"2026-09-04T04:49:09+00:00","dateModified":"2026-09-04T04:49:10+00:00","description":"Varios de los mejores tenistas profesionales de nuestro pa\u00eds y un caudal de talentosos j\u00f3venes inician este viernes su participaci\u00f3n en el cuadro principal del SMA Open Invitational 2026,","breadcrumb":{"@id":"https:\/\/esbozodeportivo.com\/index.php\/2026\/09\/03\/vibra-san-miguel-de-allende-con-el-sma-open-invitational-2026\/#breadcrumb"},"inLanguage":"es","potentialAction":[{"@type":"ReadAction","target":["https:\/\/esbozodeportivo.com\/index.php\/2026\/09\/03\/vibra-san-miguel-de-allende-con-el-sma-open-invitational-2026\/"]}]},{"@type":"ImageObject","inLanguage":"es","@id":"https:\/\/esbozodeportivo.com\/index.php\/2026\/09\/03\/vibra-san-miguel-de-allende-con-el-sma-open-invitational-2026\/#primaryimage","url":"https:\/\/esbozodeportivo.com\/wp-content\/uploads\/2026\/09\/107b8557-7348-47e4-a240-91a212ff0eba.jpg","contentUrl":"https:\/\/esbozodeportivo.com\/wp-content\/uploads\/2026\/09\/107b8557-7348-47e4-a240-91a212ff0eba.jpg","width":1600,"height":1122},{"@type":"BreadcrumbList","@id":"https:\/\/esbozodeportivo.com\/index.php\/2026\/09\/03\/vibra-san-miguel-de-allende-con-el-sma-open-invitational-2026\/#breadcrumb","itemListElement":[{"@type":"ListItem","position":1,"name":"Inicio","item":"https:\/\/esbozodeportivo.com\/"},{"@type":"ListItem","position":2,"name":"Vibra San Miguel de Allende con el SMA Open Invitational 2026"}]},{"@type":"WebSite","@id":"https:\/\/esbozodeportivo.com\/#website","url":"https:\/\/esbozodeportivo.com\/","name":"Esbozo Deportivo","description":"Lo m\u00e1s importante del Deporte","publisher":{"@id":"https:\/\/esbozodeportivo.com\/#organization"},"potentialAction":[{"@type":"SearchAction","target":{"@type":"EntryPoint","urlTemplate":"https:\/\/esbozodeportivo.com\/?s={search_term_string}"},"query-input":{"@type":"PropertyValueSpecification","valueRequired":true,"valueName":"search_term_string"}}],"inLanguage":"es"},{"@type":"Organization","@id":"https:\/\/esbozodeportivo.com\/#organization","name":"Esbozo Deportivo","url":"https:\/\/esbozodeportivo.com\/","logo":{"@type":"ImageObject","inLanguage":"es","@id":"https:\/\/esbozodeportivo.com\/#\/schema\/logo\/image\/","url":"https:\/\/esbozodeportivo.com\/wp-content\/uploads\/2022\/08\/cropped-Logo-Esbozo-Web-2.png","contentUrl":"https:\/\/esbozodeportivo.com\/wp-content\/uploads\/2022\/08\/cropped-Logo-Esbozo-Web-2.png","width":180,"height":50,"caption":"Esbozo Deportivo"},"image":{"@id":"https:\/\/esbozodeportivo.com\/#\/schema\/logo\/image\/"}},{"@type":"Person","@id":"https:\/\/esbozodeportivo.com\/#\/schema\/person\/0f6df9196dfe6740dd0bb31bae50d374","name":"Redacci\u00f3n","image":{"@type":"ImageObject","inLanguage":"es","@id":"https:\/\/esbozodeportivo.com\/#\/schema\/person\/image\/","url":"https:\/\/secure.gravatar.com\/avatar\/f55268a89c3b418f2ef172ff52ab0d09b3e653c58de29539fe329fb93d78ebf3?s=96&d=mm&r=g","contentUrl":"https:\/\/secure.gravatar.com\/avatar\/f55268a89c3b418f2ef172ff52ab0d09b3e653c58de29539fe329fb93d78ebf3?s=96&d=mm&r=g","caption":"Redacci\u00f3n"},"url":"https:\/\/esbozodeportivo.com\/index.php\/author\/redaccion\/"}]}},"jetpack_featured_media_url":"https:\/\/esbozodeportivo.com\/wp-content\/uploads\/2026\/09\/107b8557-7348-47e4-a240-91a212ff0eba.jpg","jetpack_sharing_enabled":true,"_links":{"self":[{"href":"https:\/\/esbozodeportivo.com\/index.php\/wp-json\/wp\/v2\/posts\/17060","targetHints":{"allow":["GET"]}}],"collection":[{"href":"https:\/\/esbozodeportivo.com\/index.php\/wp-json\/wp\/v2\/posts"}],"about":[{"href":"https:\/\/esbozodeportivo.com\/index.php\/wp-json\/wp\/v2\/types\/post"}],"author":[{"embeddable":true,"href":"https:\/\/esbozodeportivo.com\/index.php\/wp-json\/wp\/v2\/users\/4"}],"replies":[{"embeddable":true,"href":"https:\/\/esbozodeportivo.com\/index.php\/wp-json\/wp\/v2\/comments?post=17060"}],"version-history":[{"count":1,"href":"https:\/\/esbozodeportivo.com\/index.php\/wp-json\/wp\/v2\/posts\/17060\/revisions"}],"predecessor-version":[{"id":17062,"href":"https:\/\/esbozodeportivo.com\/index.php\/wp-json\/wp\/v2\/posts\/17060\/revisions\/17062"}],"wp:featuredmedia":[{"embeddable":true,"href":"https:\/\/esbozodeportivo.com\/index.php\/wp-json\/wp\/v2\/media\/17061"}],"wp:attachment":[{"href":"https:\/\/esbozodeportivo.com\/index.php\/wp-json\/wp\/v2\/media?parent=17060"}],"wp:term":[{"taxonomy":"category","embeddable":true,"href":"https:\/\/esbozodeportivo.com\/index.php\/wp-json\/wp\/v2\/categories?post=17060"},{"taxonomy":"post_tag","embeddable":true,"href":"https:\/\/esbozodeportivo.com\/index.php\/wp-json\/wp\/v2\/tags?post=17060"}],"curies":[{"name":"wp","href":"https:\/\/api.w.org\/{rel}","templated":true}]}}