{"id":17071,"date":"2026-09-03T22:59:19","date_gmt":"2026-09-04T04:59:19","guid":{"rendered":"https:\/\/esbozodeportivo.com\/?p=17071"},"modified":"2026-09-03T22:59:20","modified_gmt":"2026-09-04T04:59:20","slug":"enric-mas-reforzo-su-liderato","status":"publish","type":"post","link":"https:\/\/esbozodeportivo.com\/index.php\/2026\/09\/03\/enric-mas-reforzo-su-liderato\/","title":{"rendered":"Enric Mas reforz\u00f3 su liderato"},"content":{"rendered":"\n<p>(Foto: Agencias) <\/p>\n\n\n\n<p>El esloveno Jakob Omrzel (Bahrain) ha sido el vencedor de la duod\u00e9cima etapa de la Vuelta a Espa\u00f1a, disputada entre Vera y Calar Alto, de 166,6 km, en la que el espa\u00f1ol Enric Mas (Movistar) reforz\u00f3 el maillot rojo.<\/p>\n\n\n\n<p>Omrzel, de 20 a\u00f1os, entr\u00f3 en meta en solitario con un tiempo de 4h.29,53, a una media de 37 km\/h. A 1.55 segundos lleg\u00f3 el espa\u00f1ol Urko Berrade (Kern Pharma) y a 2.14 el colombiano Santiago Buitrago.<\/p>\n\n\n\n<p>El l\u00edder, Enric Mas cruz\u00f3 la meta a 2.56, aventajando a su vez en 27 segundos a sus rivales por la camiseta roja, Primoz Roglic y Felix Gall.<\/p>\n\n\n\n<p>Mas contin\u00faa como l\u00edder con 1.45 minutos de ventaja sobre Roglic y de 2.06 respecto a Felix Gall.<\/p>\n\n\n\n<p>Enric Mas (Movistar), maillot rojo de La Vuelta, se mostr\u00f3 contento tras conseguir endosar a sus rivales directos 27 segundos en la cima de Calar Alto, tiempo que considera &#8220;importante&#8221; ante la contrarreloj de la pr\u00f3xima semana, en la que, te\u00f3ricamente, el esloveno Primoz Roglic es superior.<\/p>\n\n\n\n<p>&#8220;Estoy muy contento con el equipo y orgulloso de mis compa\u00f1eros. Si repasamos la etapa, vemos que lo hicieron perfecto. Esos 27 segundos son importantes para la semana que viene, estoy contento de eso&#8221;, se\u00f1al\u00f3 Mas tras la etapa.<\/p>\n\n\n\n<p>Mas atac\u00f3 a 11 km de meta y logr\u00f3 mantener a raya a ciclistas como Roglic y Felix Gall, sus rivales m\u00e1s pr\u00f3ximos en la general, incapaces de seguir el ritmo del balear.<\/p>\n\n\n\n<p>&#8220;Ten\u00eda confianza antes del ataque, y al final la subida fue demasiado larga, pero bueno, la disfrut\u00e9. Hace cinco a\u00f1os la hicimos en el otro sentido y ya ten\u00eda buenas sensaciones. Tambi\u00e9n hicimos dos campos de entrenamiento aqu\u00ed con el equipo durante el invierno, fue muy duro y ahora lo disfrut\u00e9 un poco m\u00e1s&#8221;, coment\u00f3.<\/p>\n\n\n\n<p>&#8220;El plan de esta ma\u00f1ana en el bus ha salido de 10, ejecutado todo lo hablado. En el momento adecuado ten\u00edamos pensado atacar. Me vi confiado y ataqu\u00e9&#8221;, destac\u00f3.<\/p>\n\n\n\n<p>&#8220;Este resultado vendr\u00e1 bien para el futuro, pero queda mucha Vuelta, 9 etapas y 3 finales en alto. Tenemos que disfrutar&#8221;, dijo.<\/p>\n\n\n\n<p>Mas, quien desvel\u00f3 que ha habido cambios t\u00e9cnicos en cuanto a su posici\u00f3n en la bicicleta, mostr\u00f3 su intenci\u00f3n de ganar la Vuelta despu\u00e9s de tres segundos puestos y un tercero.<\/p>\n\n\n\n<p><\/p>\n","protected":false},"excerpt":{"rendered":"<p>(Foto: Agencias) El esloveno Jakob Omrzel (Bahrain) ha sido el vencedor de la duod\u00e9cima etapa<\/p>\n","protected":false},"author":4,"featured_media":17066,"comment_status":"closed","ping_status":"open","sticky":false,"template":"","format":"standard","meta":{"_jetpack_memberships_contains_paid_content":false,"footnotes":""},"categories":[146],"tags":[],"class_list":["post-17071","post","type-post","status-publish","format-standard","has-post-thumbnail","hentry","category-tour-de-espana"],"yoast_head":"<!-- This site is optimized with the Yoast SEO plugin v25.7 - https:\/\/yoast.com\/wordpress\/plugins\/seo\/ -->\n<title>Enric Mas reforz\u00f3 su liderato - Esbozo Deportivo<\/title>\n<meta name=\"description\" content=\"El esloveno Jakob Omrzel (Bahrain) ha sido el vencedor de la duod\u00e9cima etapa de la Vuelta a Espa\u00f1a, disputada entre Vera y Calar Alto, de 166,6 km, en la que el espa\u00f1ol Enric Mas (Movistar) reforz\u00f3 el maillot rojo.\" \/>\n<meta name=\"robots\" content=\"index, follow, max-snippet:-1, max-image-preview:large, max-video-preview:-1\" \/>\n<link rel=\"canonical\" href=\"https:\/\/esbozodeportivo.com\/index.php\/2026\/09\/03\/enric-mas-reforzo-su-liderato\/\" \/>\n<meta property=\"og:locale\" content=\"es_MX\" \/>\n<meta property=\"og:type\" content=\"article\" \/>\n<meta property=\"og:title\" content=\"Enric Mas reforz\u00f3 su liderato - Esbozo Deportivo\" \/>\n<meta property=\"og:description\" content=\"El esloveno Jakob Omrzel (Bahrain) ha sido el vencedor de la duod\u00e9cima etapa de la Vuelta a Espa\u00f1a, disputada entre Vera y Calar Alto, de 166,6 km, en la que el espa\u00f1ol Enric Mas (Movistar) reforz\u00f3 el maillot rojo.\" \/>\n<meta property=\"og:url\" content=\"https:\/\/esbozodeportivo.com\/index.php\/2026\/09\/03\/enric-mas-reforzo-su-liderato\/\" \/>\n<meta property=\"og:site_name\" content=\"Esbozo Deportivo\" \/>\n<meta property=\"article:published_time\" content=\"2026-09-04T04:59:19+00:00\" \/>\n<meta property=\"article:modified_time\" content=\"2026-09-04T04:59:20+00:00\" \/>\n<meta property=\"og:image\" content=\"https:\/\/esbozodeportivo.com\/wp-content\/uploads\/2026\/09\/cb48cfd7-6262-4629-bbf5-1f83c10fae6b.jpg\" \/>\n\t<meta property=\"og:image:width\" content=\"1200\" \/>\n\t<meta property=\"og:image:height\" content=\"800\" \/>\n\t<meta property=\"og:image:type\" content=\"image\/jpeg\" \/>\n<meta name=\"author\" content=\"Redacci\u00f3n\" \/>\n<meta name=\"twitter:card\" content=\"summary_large_image\" \/>\n<meta name=\"twitter:label1\" content=\"Escrito por\" \/>\n\t<meta name=\"twitter:data1\" content=\"Redacci\u00f3n\" \/>\n\t<meta name=\"twitter:label2\" content=\"Tiempo de lectura\" \/>\n\t<meta name=\"twitter:data2\" content=\"2 minutos\" \/>\n<script type=\"application\/ld+json\" class=\"yoast-schema-graph\">{\"@context\":\"https:\/\/schema.org\",\"@graph\":[{\"@type\":\"Article\",\"@id\":\"https:\/\/esbozodeportivo.com\/index.php\/2026\/09\/03\/enric-mas-reforzo-su-liderato\/#article\",\"isPartOf\":{\"@id\":\"https:\/\/esbozodeportivo.com\/index.php\/2026\/09\/03\/enric-mas-reforzo-su-liderato\/\"},\"author\":{\"name\":\"Redacci\u00f3n\",\"@id\":\"https:\/\/esbozodeportivo.com\/#\/schema\/person\/0f6df9196dfe6740dd0bb31bae50d374\"},\"headline\":\"Enric Mas reforz\u00f3 su liderato\",\"datePublished\":\"2026-09-04T04:59:19+00:00\",\"dateModified\":\"2026-09-04T04:59:20+00:00\",\"mainEntityOfPage\":{\"@id\":\"https:\/\/esbozodeportivo.com\/index.php\/2026\/09\/03\/enric-mas-reforzo-su-liderato\/\"},\"wordCount\":396,\"publisher\":{\"@id\":\"https:\/\/esbozodeportivo.com\/#organization\"},\"image\":{\"@id\":\"https:\/\/esbozodeportivo.com\/index.php\/2026\/09\/03\/enric-mas-reforzo-su-liderato\/#primaryimage\"},\"thumbnailUrl\":\"https:\/\/esbozodeportivo.com\/wp-content\/uploads\/2026\/09\/cb48cfd7-6262-4629-bbf5-1f83c10fae6b.jpg\",\"articleSection\":[\"Tour de Espa\u00f1a\"],\"inLanguage\":\"es\"},{\"@type\":\"WebPage\",\"@id\":\"https:\/\/esbozodeportivo.com\/index.php\/2026\/09\/03\/enric-mas-reforzo-su-liderato\/\",\"url\":\"https:\/\/esbozodeportivo.com\/index.php\/2026\/09\/03\/enric-mas-reforzo-su-liderato\/\",\"name\":\"Enric Mas reforz\u00f3 su liderato - Esbozo Deportivo\",\"isPartOf\":{\"@id\":\"https:\/\/esbozodeportivo.com\/#website\"},\"primaryImageOfPage\":{\"@id\":\"https:\/\/esbozodeportivo.com\/index.php\/2026\/09\/03\/enric-mas-reforzo-su-liderato\/#primaryimage\"},\"image\":{\"@id\":\"https:\/\/esbozodeportivo.com\/index.php\/2026\/09\/03\/enric-mas-reforzo-su-liderato\/#primaryimage\"},\"thumbnailUrl\":\"https:\/\/esbozodeportivo.com\/wp-content\/uploads\/2026\/09\/cb48cfd7-6262-4629-bbf5-1f83c10fae6b.jpg\",\"datePublished\":\"2026-09-04T04:59:19+00:00\",\"dateModified\":\"2026-09-04T04:59:20+00:00\",\"description\":\"El esloveno Jakob Omrzel (Bahrain) ha sido el vencedor de la duod\u00e9cima etapa de la Vuelta a Espa\u00f1a, disputada entre Vera y Calar Alto, de 166,6 km, en la que el espa\u00f1ol Enric Mas (Movistar) reforz\u00f3 el maillot rojo.\",\"breadcrumb\":{\"@id\":\"https:\/\/esbozodeportivo.com\/index.php\/2026\/09\/03\/enric-mas-reforzo-su-liderato\/#breadcrumb\"},\"inLanguage\":\"es\",\"potentialAction\":[{\"@type\":\"ReadAction\",\"target\":[\"https:\/\/esbozodeportivo.com\/index.php\/2026\/09\/03\/enric-mas-reforzo-su-liderato\/\"]}]},{\"@type\":\"ImageObject\",\"inLanguage\":\"es\",\"@id\":\"https:\/\/esbozodeportivo.com\/index.php\/2026\/09\/03\/enric-mas-reforzo-su-liderato\/#primaryimage\",\"url\":\"https:\/\/esbozodeportivo.com\/wp-content\/uploads\/2026\/09\/cb48cfd7-6262-4629-bbf5-1f83c10fae6b.jpg\",\"contentUrl\":\"https:\/\/esbozodeportivo.com\/wp-content\/uploads\/2026\/09\/cb48cfd7-6262-4629-bbf5-1f83c10fae6b.jpg\",\"width\":1200,\"height\":800},{\"@type\":\"BreadcrumbList\",\"@id\":\"https:\/\/esbozodeportivo.com\/index.php\/2026\/09\/03\/enric-mas-reforzo-su-liderato\/#breadcrumb\",\"itemListElement\":[{\"@type\":\"ListItem\",\"position\":1,\"name\":\"Inicio\",\"item\":\"https:\/\/esbozodeportivo.com\/\"},{\"@type\":\"ListItem\",\"position\":2,\"name\":\"Enric Mas reforz\u00f3 su liderato\"}]},{\"@type\":\"WebSite\",\"@id\":\"https:\/\/esbozodeportivo.com\/#website\",\"url\":\"https:\/\/esbozodeportivo.com\/\",\"name\":\"Esbozo Deportivo\",\"description\":\"Lo m\u00e1s importante del Deporte\",\"publisher\":{\"@id\":\"https:\/\/esbozodeportivo.com\/#organization\"},\"potentialAction\":[{\"@type\":\"SearchAction\",\"target\":{\"@type\":\"EntryPoint\",\"urlTemplate\":\"https:\/\/esbozodeportivo.com\/?s={search_term_string}\"},\"query-input\":{\"@type\":\"PropertyValueSpecification\",\"valueRequired\":true,\"valueName\":\"search_term_string\"}}],\"inLanguage\":\"es\"},{\"@type\":\"Organization\",\"@id\":\"https:\/\/esbozodeportivo.com\/#organization\",\"name\":\"Esbozo Deportivo\",\"url\":\"https:\/\/esbozodeportivo.com\/\",\"logo\":{\"@type\":\"ImageObject\",\"inLanguage\":\"es\",\"@id\":\"https:\/\/esbozodeportivo.com\/#\/schema\/logo\/image\/\",\"url\":\"https:\/\/esbozodeportivo.com\/wp-content\/uploads\/2022\/08\/cropped-Logo-Esbozo-Web-2.png\",\"contentUrl\":\"https:\/\/esbozodeportivo.com\/wp-content\/uploads\/2022\/08\/cropped-Logo-Esbozo-Web-2.png\",\"width\":180,\"height\":50,\"caption\":\"Esbozo Deportivo\"},\"image\":{\"@id\":\"https:\/\/esbozodeportivo.com\/#\/schema\/logo\/image\/\"}},{\"@type\":\"Person\",\"@id\":\"https:\/\/esbozodeportivo.com\/#\/schema\/person\/0f6df9196dfe6740dd0bb31bae50d374\",\"name\":\"Redacci\u00f3n\",\"image\":{\"@type\":\"ImageObject\",\"inLanguage\":\"es\",\"@id\":\"https:\/\/esbozodeportivo.com\/#\/schema\/person\/image\/\",\"url\":\"https:\/\/secure.gravatar.com\/avatar\/f55268a89c3b418f2ef172ff52ab0d09b3e653c58de29539fe329fb93d78ebf3?s=96&d=mm&r=g\",\"contentUrl\":\"https:\/\/secure.gravatar.com\/avatar\/f55268a89c3b418f2ef172ff52ab0d09b3e653c58de29539fe329fb93d78ebf3?s=96&d=mm&r=g\",\"caption\":\"Redacci\u00f3n\"},\"url\":\"https:\/\/esbozodeportivo.com\/index.php\/author\/redaccion\/\"}]}<\/script>\n<!-- \/ Yoast SEO plugin. -->","yoast_head_json":{"title":"Enric Mas reforz\u00f3 su liderato - Esbozo Deportivo","description":"El esloveno Jakob Omrzel (Bahrain) ha sido el vencedor de la duod\u00e9cima etapa de la Vuelta a Espa\u00f1a, disputada entre Vera y Calar Alto, de 166,6 km, en la que el espa\u00f1ol Enric Mas (Movistar) reforz\u00f3 el maillot rojo.","robots":{"index":"index","follow":"follow","max-snippet":"max-snippet:-1","max-image-preview":"max-image-preview:large","max-video-preview":"max-video-preview:-1"},"canonical":"https:\/\/esbozodeportivo.com\/index.php\/2026\/09\/03\/enric-mas-reforzo-su-liderato\/","og_locale":"es_MX","og_type":"article","og_title":"Enric Mas reforz\u00f3 su liderato - Esbozo Deportivo","og_description":"El esloveno Jakob Omrzel (Bahrain) ha sido el vencedor de la duod\u00e9cima etapa de la Vuelta a Espa\u00f1a, disputada entre Vera y Calar Alto, de 166,6 km, en la que el espa\u00f1ol Enric Mas (Movistar) reforz\u00f3 el maillot rojo.","og_url":"https:\/\/esbozodeportivo.com\/index.php\/2026\/09\/03\/enric-mas-reforzo-su-liderato\/","og_site_name":"Esbozo Deportivo","article_published_time":"2026-09-04T04:59:19+00:00","article_modified_time":"2026-09-04T04:59:20+00:00","og_image":[{"width":1200,"height":800,"url":"https:\/\/esbozodeportivo.com\/wp-content\/uploads\/2026\/09\/cb48cfd7-6262-4629-bbf5-1f83c10fae6b.jpg","type":"image\/jpeg"}],"author":"Redacci\u00f3n","twitter_card":"summary_large_image","twitter_misc":{"Escrito por":"Redacci\u00f3n","Tiempo de lectura":"2 minutos"},"schema":{"@context":"https:\/\/schema.org","@graph":[{"@type":"Article","@id":"https:\/\/esbozodeportivo.com\/index.php\/2026\/09\/03\/enric-mas-reforzo-su-liderato\/#article","isPartOf":{"@id":"https:\/\/esbozodeportivo.com\/index.php\/2026\/09\/03\/enric-mas-reforzo-su-liderato\/"},"author":{"name":"Redacci\u00f3n","@id":"https:\/\/esbozodeportivo.com\/#\/schema\/person\/0f6df9196dfe6740dd0bb31bae50d374"},"headline":"Enric Mas reforz\u00f3 su liderato","datePublished":"2026-09-04T04:59:19+00:00","dateModified":"2026-09-04T04:59:20+00:00","mainEntityOfPage":{"@id":"https:\/\/esbozodeportivo.com\/index.php\/2026\/09\/03\/enric-mas-reforzo-su-liderato\/"},"wordCount":396,"publisher":{"@id":"https:\/\/esbozodeportivo.com\/#organization"},"image":{"@id":"https:\/\/esbozodeportivo.com\/index.php\/2026\/09\/03\/enric-mas-reforzo-su-liderato\/#primaryimage"},"thumbnailUrl":"https:\/\/esbozodeportivo.com\/wp-content\/uploads\/2026\/09\/cb48cfd7-6262-4629-bbf5-1f83c10fae6b.jpg","articleSection":["Tour de Espa\u00f1a"],"inLanguage":"es"},{"@type":"WebPage","@id":"https:\/\/esbozodeportivo.com\/index.php\/2026\/09\/03\/enric-mas-reforzo-su-liderato\/","url":"https:\/\/esbozodeportivo.com\/index.php\/2026\/09\/03\/enric-mas-reforzo-su-liderato\/","name":"Enric Mas reforz\u00f3 su liderato - Esbozo Deportivo","isPartOf":{"@id":"https:\/\/esbozodeportivo.com\/#website"},"primaryImageOfPage":{"@id":"https:\/\/esbozodeportivo.com\/index.php\/2026\/09\/03\/enric-mas-reforzo-su-liderato\/#primaryimage"},"image":{"@id":"https:\/\/esbozodeportivo.com\/index.php\/2026\/09\/03\/enric-mas-reforzo-su-liderato\/#primaryimage"},"thumbnailUrl":"https:\/\/esbozodeportivo.com\/wp-content\/uploads\/2026\/09\/cb48cfd7-6262-4629-bbf5-1f83c10fae6b.jpg","datePublished":"2026-09-04T04:59:19+00:00","dateModified":"2026-09-04T04:59:20+00:00","description":"El esloveno Jakob Omrzel (Bahrain) ha sido el vencedor de la duod\u00e9cima etapa de la Vuelta a Espa\u00f1a, disputada entre Vera y Calar Alto, de 166,6 km, en la que el espa\u00f1ol Enric Mas (Movistar) reforz\u00f3 el maillot rojo.","breadcrumb":{"@id":"https:\/\/esbozodeportivo.com\/index.php\/2026\/09\/03\/enric-mas-reforzo-su-liderato\/#breadcrumb"},"inLanguage":"es","potentialAction":[{"@type":"ReadAction","target":["https:\/\/esbozodeportivo.com\/index.php\/2026\/09\/03\/enric-mas-reforzo-su-liderato\/"]}]},{"@type":"ImageObject","inLanguage":"es","@id":"https:\/\/esbozodeportivo.com\/index.php\/2026\/09\/03\/enric-mas-reforzo-su-liderato\/#primaryimage","url":"https:\/\/esbozodeportivo.com\/wp-content\/uploads\/2026\/09\/cb48cfd7-6262-4629-bbf5-1f83c10fae6b.jpg","contentUrl":"https:\/\/esbozodeportivo.com\/wp-content\/uploads\/2026\/09\/cb48cfd7-6262-4629-bbf5-1f83c10fae6b.jpg","width":1200,"height":800},{"@type":"BreadcrumbList","@id":"https:\/\/esbozodeportivo.com\/index.php\/2026\/09\/03\/enric-mas-reforzo-su-liderato\/#breadcrumb","itemListElement":[{"@type":"ListItem","position":1,"name":"Inicio","item":"https:\/\/esbozodeportivo.com\/"},{"@type":"ListItem","position":2,"name":"Enric Mas reforz\u00f3 su liderato"}]},{"@type":"WebSite","@id":"https:\/\/esbozodeportivo.com\/#website","url":"https:\/\/esbozodeportivo.com\/","name":"Esbozo Deportivo","description":"Lo m\u00e1s importante del Deporte","publisher":{"@id":"https:\/\/esbozodeportivo.com\/#organization"},"potentialAction":[{"@type":"SearchAction","target":{"@type":"EntryPoint","urlTemplate":"https:\/\/esbozodeportivo.com\/?s={search_term_string}"},"query-input":{"@type":"PropertyValueSpecification","valueRequired":true,"valueName":"search_term_string"}}],"inLanguage":"es"},{"@type":"Organization","@id":"https:\/\/esbozodeportivo.com\/#organization","name":"Esbozo Deportivo","url":"https:\/\/esbozodeportivo.com\/","logo":{"@type":"ImageObject","inLanguage":"es","@id":"https:\/\/esbozodeportivo.com\/#\/schema\/logo\/image\/","url":"https:\/\/esbozodeportivo.com\/wp-content\/uploads\/2022\/08\/cropped-Logo-Esbozo-Web-2.png","contentUrl":"https:\/\/esbozodeportivo.com\/wp-content\/uploads\/2022\/08\/cropped-Logo-Esbozo-Web-2.png","width":180,"height":50,"caption":"Esbozo Deportivo"},"image":{"@id":"https:\/\/esbozodeportivo.com\/#\/schema\/logo\/image\/"}},{"@type":"Person","@id":"https:\/\/esbozodeportivo.com\/#\/schema\/person\/0f6df9196dfe6740dd0bb31bae50d374","name":"Redacci\u00f3n","image":{"@type":"ImageObject","inLanguage":"es","@id":"https:\/\/esbozodeportivo.com\/#\/schema\/person\/image\/","url":"https:\/\/secure.gravatar.com\/avatar\/f55268a89c3b418f2ef172ff52ab0d09b3e653c58de29539fe329fb93d78ebf3?s=96&d=mm&r=g","contentUrl":"https:\/\/secure.gravatar.com\/avatar\/f55268a89c3b418f2ef172ff52ab0d09b3e653c58de29539fe329fb93d78ebf3?s=96&d=mm&r=g","caption":"Redacci\u00f3n"},"url":"https:\/\/esbozodeportivo.com\/index.php\/author\/redaccion\/"}]}},"jetpack_featured_media_url":"https:\/\/esbozodeportivo.com\/wp-content\/uploads\/2026\/09\/cb48cfd7-6262-4629-bbf5-1f83c10fae6b.jpg","jetpack_sharing_enabled":true,"_links":{"self":[{"href":"https:\/\/esbozodeportivo.com\/index.php\/wp-json\/wp\/v2\/posts\/17071","targetHints":{"allow":["GET"]}}],"collection":[{"href":"https:\/\/esbozodeportivo.com\/index.php\/wp-json\/wp\/v2\/posts"}],"about":[{"href":"https:\/\/esbozodeportivo.com\/index.php\/wp-json\/wp\/v2\/types\/post"}],"author":[{"embeddable":true,"href":"https:\/\/esbozodeportivo.com\/index.php\/wp-json\/wp\/v2\/users\/4"}],"replies":[{"embeddable":true,"href":"https:\/\/esbozodeportivo.com\/index.php\/wp-json\/wp\/v2\/comments?post=17071"}],"version-history":[{"count":1,"href":"https:\/\/esbozodeportivo.com\/index.php\/wp-json\/wp\/v2\/posts\/17071\/revisions"}],"predecessor-version":[{"id":17072,"href":"https:\/\/esbozodeportivo.com\/index.php\/wp-json\/wp\/v2\/posts\/17071\/revisions\/17072"}],"wp:featuredmedia":[{"embeddable":true,"href":"https:\/\/esbozodeportivo.com\/index.php\/wp-json\/wp\/v2\/media\/17066"}],"wp:attachment":[{"href":"https:\/\/esbozodeportivo.com\/index.php\/wp-json\/wp\/v2\/media?parent=17071"}],"wp:term":[{"taxonomy":"category","embeddable":true,"href":"https:\/\/esbozodeportivo.com\/index.php\/wp-json\/wp\/v2\/categories?post=17071"},{"taxonomy":"post_tag","embeddable":true,"href":"https:\/\/esbozodeportivo.com\/index.php\/wp-json\/wp\/v2\/tags?post=17071"}],"curies":[{"name":"wp","href":"https:\/\/api.w.org\/{rel}","templated":true}]}}