{"id":17077,"date":"2026-09-04T00:37:02","date_gmt":"2026-09-04T06:37:02","guid":{"rendered":"https:\/\/esbozodeportivo.com\/?p=17077"},"modified":"2026-09-04T00:37:03","modified_gmt":"2026-09-04T06:37:03","slug":"marathon-merida-2027-va-por-8-mil-corredores-y-busca-entrar-al-top-5-de-los-mejores-maratones-de-mexico","status":"publish","type":"post","link":"https:\/\/esbozodeportivo.com\/index.php\/2026\/09\/04\/marathon-merida-2027-va-por-8-mil-corredores-y-busca-entrar-al-top-5-de-los-mejores-maratones-de-mexico\/","title":{"rendered":"Marathon M\u00e9rida 2027 va por 8 mil corredores y busca entrar al Top 5 de los mejores maratones de M\u00e9xico"},"content":{"rendered":"\n<p><strong>(Fotos: esbozodeportivo)<\/strong><\/p>\n\n\n\n<p><strong>Por Javier De la Cruz<\/strong><\/p>\n\n\n\n<p><strong>Ciudad de M\u00e9xico.\u2014<\/strong> Con la meta de reunir a <strong>8 mil corredores<\/strong> y dar un nuevo paso en su consolidaci\u00f3n como uno de los eventos atl\u00e9ticos m\u00e1s importantes del pa\u00eds, fue presentado el <strong>Marathon M\u00e9rida 2027<\/strong>, competencia que se realizar\u00e1 el pr\u00f3ximo <strong>domingo 10 de enero de 2027<\/strong>, teniendo como escenario las principales calles de la capital yucateca.<\/p>\n\n\n\n<p>Durante la conferencia de prensa se dieron a conocer los pormenores de la competencia, adem\u00e1s de presentar oficialmente las <strong>playeras y medallas conmemorativas<\/strong> que recibir\u00e1n los participantes. El evento estar\u00e1 enmarcado en las celebraciones por el <strong>485 aniversario de la fundaci\u00f3n de M\u00e9rida<\/strong> y marcar\u00e1 tambi\u00e9n el inicio de las actividades del M\u00e9rida Fest.<\/p>\n\n\n\n<p>En la presentaci\u00f3n participaron el <strong>Lic. Armando Casares Espinosa, <\/strong>Secretario T\u00e9cnico de la Unidad de Turism<strong>o; Iv\u00e1n Herrera Rosiles, <\/strong>Director de Deportes &nbsp;del Ayuntamiento de M\u00e9rida;<strong> el Mtro. Jes\u00fas P\u00e9rez Ballote<\/strong>, Director de Bienestar as\u00ed como <strong>Erick Hern\u00e1ndez Iturbide, <\/strong>Director de Organizaci\u00f3n de Eventos del Instituto del Deporte de la Ciudad de M\u00e9xico, quienes destacaron la importancia de fortalecer el v\u00ednculo entre deporte, turismo, cultura e inclusi\u00f3n.<\/p>\n\n\n\n<figure class=\"wp-block-image size-large is-resized\"><img loading=\"lazy\" decoding=\"async\" width=\"682\" height=\"1024\" src=\"https:\/\/esbozodeportivo.com\/wp-content\/uploads\/2026\/09\/DSC04577-682x1024.jpg\" alt=\"\" class=\"wp-image-17079\" style=\"aspect-ratio:0.6660206915494248;width:720px;height:auto\" srcset=\"https:\/\/esbozodeportivo.com\/wp-content\/uploads\/2026\/09\/DSC04577-682x1024.jpg 682w, https:\/\/esbozodeportivo.com\/wp-content\/uploads\/2026\/09\/DSC04577-200x300.jpg 200w, https:\/\/esbozodeportivo.com\/wp-content\/uploads\/2026\/09\/DSC04577-768x1154.jpg 768w, https:\/\/esbozodeportivo.com\/wp-content\/uploads\/2026\/09\/DSC04577-1022x1536.jpg 1022w, https:\/\/esbozodeportivo.com\/wp-content\/uploads\/2026\/09\/DSC04577-1363x2048.jpg 1363w, https:\/\/esbozodeportivo.com\/wp-content\/uploads\/2026\/09\/DSC04577-1024x1538.jpg 1024w, https:\/\/esbozodeportivo.com\/wp-content\/uploads\/2026\/09\/DSC04577-scaled.jpg 1704w\" sizes=\"auto, (max-width: 682px) 100vw, 682px\" \/><\/figure>\n\n\n\n<p>Uno de los principales objetivos planteados para esta edici\u00f3n es incrementar la participaci\u00f3n. Mientras que en la edici\u00f3n anterior se registr\u00f3 la presencia de <strong>m\u00e1s de 6 mil atletas<\/strong>, para 2027 los organizadores se han fijado como meta alcanzar los <strong>8 mil participantes<\/strong>.<\/p>\n\n\n\n<p>La organizaci\u00f3n tambi\u00e9n busca consolidar al <strong>Marathon M\u00e9rida<\/strong> como una de las principales competencias del sureste mexicano y aprovechar su crecimiento para atraer corredores de diferentes estados de la Rep\u00fablica y del extranjero.<\/p>\n\n\n\n<p>De hecho, la competencia ya muestra una importante presencia de atletas for\u00e1neos: informaci\u00f3n difundida por el Ayuntamiento se\u00f1al\u00f3 que, al momento de la presentaci\u00f3n oficial, hab\u00eda <strong>2 mil 377 corredores inscritos<\/strong>, de los cuales <strong>55 por ciento proven\u00eda de otros estados del pa\u00eds<\/strong>.<\/p>\n\n\n\n<figure class=\"wp-block-image size-large\"><img loading=\"lazy\" decoding=\"async\" width=\"1024\" height=\"682\" src=\"https:\/\/esbozodeportivo.com\/wp-content\/uploads\/2026\/09\/DSC04527-1024x682.jpg\" alt=\"\" class=\"wp-image-17068\" srcset=\"https:\/\/esbozodeportivo.com\/wp-content\/uploads\/2026\/09\/DSC04527-1024x682.jpg 1024w, https:\/\/esbozodeportivo.com\/wp-content\/uploads\/2026\/09\/DSC04527-300x200.jpg 300w, https:\/\/esbozodeportivo.com\/wp-content\/uploads\/2026\/09\/DSC04527-768x511.jpg 768w, https:\/\/esbozodeportivo.com\/wp-content\/uploads\/2026\/09\/DSC04527-1536x1022.jpg 1536w, https:\/\/esbozodeportivo.com\/wp-content\/uploads\/2026\/09\/DSC04527-2048x1363.jpg 2048w\" sizes=\"auto, (max-width: 1024px) 100vw, 1024px\" \/><\/figure>\n\n\n\n<p><strong>Iv\u00e1n Herrera Rosiles<\/strong> explic\u00f3 que la competencia se llevar\u00e1 a cabo el <strong>10 de enero de 2027<\/strong>, con salida y meta en el <strong>Monumento a la Patria<\/strong>, <strong>sobre Paseo de Montejo<\/strong>, uno de los sitios m\u00e1s emblem\u00e1ticos de M\u00e9rida.<\/p>\n\n\n\n<p>La elecci\u00f3n de enero responde tambi\u00e9n a las condiciones climatol\u00f3gicas que presenta la ciudad durante esa \u00e9poca del a\u00f1o, permitiendo que los corredores enfrenten el reto en horarios de menor temperatura.<\/p>\n\n\n\n<p>La jornada comenzar\u00e1 desde muy temprano: el <strong>Marat\u00f3n de 42.195 kil\u00f3metros<\/strong> arrancar\u00e1 a las <strong>5:00 horas<\/strong>; el <strong>Medio Marat\u00f3n de 21.097 kil\u00f3metros<\/strong>, a las <strong>5:15 horas<\/strong>; la carrera de <strong>10 kil\u00f3metros<\/strong>, a las <strong>5:30 horas<\/strong>, y la <strong>Caminata Recreativa de 3 kil\u00f3metros<\/strong>, a las <strong>5:45 horas<\/strong>.<\/p>\n\n\n\n<p>Las rutas recorrer\u00e1n distintos puntos representativos de M\u00e9rida, permitiendo que los participantes y visitantes conozcan parte de la riqueza urbana y cultural de la capital yucateca.<\/p>\n\n\n\n<p>La competencia contempla categor\u00edas y ramas para diferentes perfiles de participantes, incluyendo la modalidad de <strong>silla sobre ruedas<\/strong>, adem\u00e1s de las ramas varonil y femenil.<\/p>\n\n\n\n<figure class=\"wp-block-image size-large\"><img loading=\"lazy\" decoding=\"async\" width=\"1024\" height=\"682\" src=\"https:\/\/esbozodeportivo.com\/wp-content\/uploads\/2026\/09\/DSC04534-1024x682.jpg\" alt=\"\" class=\"wp-image-17078\" srcset=\"https:\/\/esbozodeportivo.com\/wp-content\/uploads\/2026\/09\/DSC04534-1024x682.jpg 1024w, https:\/\/esbozodeportivo.com\/wp-content\/uploads\/2026\/09\/DSC04534-300x200.jpg 300w, https:\/\/esbozodeportivo.com\/wp-content\/uploads\/2026\/09\/DSC04534-768x511.jpg 768w, https:\/\/esbozodeportivo.com\/wp-content\/uploads\/2026\/09\/DSC04534-1536x1022.jpg 1536w, https:\/\/esbozodeportivo.com\/wp-content\/uploads\/2026\/09\/DSC04534-2048x1363.jpg 2048w\" sizes=\"auto, (max-width: 1024px) 100vw, 1024px\" \/><\/figure>\n\n\n\n<p>Una de las novedades para esta edici\u00f3n ser\u00e1 que los participantes de la <strong>caminata de 3 kil\u00f3metros recibir\u00e1n por primera vez playera y medalla<\/strong>, atendiendo una petici\u00f3n de la propia comunidad participante.<\/p>\n\n\n\n<p><strong>\u201cTradici\u00f3n Meridana\u201d, identidad que llega a las playeras y medallas<\/strong><\/p>\n\n\n\n<p>Uno de los momentos centrales de la presentaci\u00f3n fue la revelaci\u00f3n de la imagen oficial de las <strong>playeras y medallas<\/strong>.<\/p>\n\n\n\n<p>Bajo el concepto <strong>\u201cTradici\u00f3n Meridana\u201d<\/strong>, el dise\u00f1o busca representar la identidad yucateca a trav\u00e9s de elementos gr\u00e1ficos inspirados en el tradicional <strong>punto de cruz<\/strong>, adem\u00e1s de incorporar referencias visuales de M\u00e9rida en diferentes partes de las prendas.<\/p>\n\n\n\n<p>Las medallas tambi\u00e9n fueron dise\u00f1adas para convertirse en un recuerdo especial de la competencia. Las correspondientes a las distancias de 42 y 21 kil\u00f3metros incorporan elementos representativos de la ciudad, entre ellos la Catedral de M\u00e9rida y figuras de mestizos, adem\u00e1s de un mecanismo m\u00f3vil que aporta dinamismo a la pieza.<\/p>\n\n\n\n<figure class=\"wp-block-image size-large\"><img loading=\"lazy\" decoding=\"async\" width=\"1024\" height=\"749\" src=\"https:\/\/esbozodeportivo.com\/wp-content\/uploads\/2026\/09\/DSC04707-1024x749.jpg\" alt=\"\" class=\"wp-image-17086\" srcset=\"https:\/\/esbozodeportivo.com\/wp-content\/uploads\/2026\/09\/DSC04707-1024x749.jpg 1024w, https:\/\/esbozodeportivo.com\/wp-content\/uploads\/2026\/09\/DSC04707-300x220.jpg 300w, https:\/\/esbozodeportivo.com\/wp-content\/uploads\/2026\/09\/DSC04707-768x562.jpg 768w, https:\/\/esbozodeportivo.com\/wp-content\/uploads\/2026\/09\/DSC04707-1536x1124.jpg 1536w, https:\/\/esbozodeportivo.com\/wp-content\/uploads\/2026\/09\/DSC04707-2048x1498.jpg 2048w\" sizes=\"auto, (max-width: 1024px) 100vw, 1024px\" \/><\/figure>\n\n\n\n<p><strong>Deporte que impulsa el turismo<\/strong><\/p>\n\n\n\n<p>Para <strong>Armando Casares Espinosa<\/strong>, hablar de M\u00e9rida significa hablar de una ciudad que puede disfrutarse desde diferentes perspectivas.<\/p>\n\n\n\n<p>Durante su intervenci\u00f3n destac\u00f3 la riqueza hist\u00f3rica, cultural y gastron\u00f3mica de la capital yucateca, as\u00ed como sus barrios, tradiciones y atractivos tur\u00edsticos.<\/p>\n\n\n\n<p>\u201cM\u00e9rida es una ciudad deportiva y tur\u00edstica\u201d, se\u00f1al\u00f3, al destacar que durante todo el a\u00f1o la capital yucateca recibe competencias y carreras que convocan a atletas locales, nacionales y extranjeros.<\/p>\n\n\n\n<p>En este sentido, el Marathon representa una oportunidad para que quienes llegan a competir tambi\u00e9n conozcan la ciudad, disfruten su gastronom\u00eda y recorran sus espacios hist\u00f3ricos.<\/p>\n\n\n\n<figure class=\"wp-block-image size-large\"><img loading=\"lazy\" decoding=\"async\" width=\"1024\" height=\"682\" src=\"https:\/\/esbozodeportivo.com\/wp-content\/uploads\/2026\/09\/DSC04591-1024x682.jpg\" alt=\"\" class=\"wp-image-17080\" srcset=\"https:\/\/esbozodeportivo.com\/wp-content\/uploads\/2026\/09\/DSC04591-1024x682.jpg 1024w, https:\/\/esbozodeportivo.com\/wp-content\/uploads\/2026\/09\/DSC04591-300x200.jpg 300w, https:\/\/esbozodeportivo.com\/wp-content\/uploads\/2026\/09\/DSC04591-768x511.jpg 768w, https:\/\/esbozodeportivo.com\/wp-content\/uploads\/2026\/09\/DSC04591-1536x1022.jpg 1536w, https:\/\/esbozodeportivo.com\/wp-content\/uploads\/2026\/09\/DSC04591-2048x1363.jpg 2048w\" sizes=\"auto, (max-width: 1024px) 100vw, 1024px\" \/><\/figure>\n\n\n\n<p>El funcionario resalt\u00f3 que el deporte convive con la cultura, la gastronom\u00eda y las tradiciones, elementos que convierten a M\u00e9rida en un destino atractivo para quienes buscan combinar una experiencia deportiva con actividades tur\u00edsticas.<\/p>\n\n\n\n<p>La estrategia coincide con la visi\u00f3n que el Ayuntamiento ha planteado para fortalecer a M\u00e9rida como destino tur\u00edstico y sede de eventos nacionales e internacionales.<\/p>\n\n\n\n<p>Por su parte, Erick Hern\u00e1ndez Iturbide destac\u00f3 la experiencia de la <strong>Ciudad de M\u00e9xico<\/strong> como sede de grandes acontecimientos deportivos y la importancia de compartir conocimientos y experiencias para fortalecer este tipo de competencias.<\/p>\n\n\n\n<p>La participaci\u00f3n del representante del Instituto del Deporte de la Ciudad de M\u00e9xico refleja la intenci\u00f3n de estrechar v\u00ednculos entre ciudades con experiencia en la organizaci\u00f3n de eventos masivos y contribuir al crecimiento de competencias que buscan trascender a nivel nacional.<\/p>\n\n\n\n<figure class=\"wp-block-image size-large\"><img loading=\"lazy\" decoding=\"async\" width=\"1024\" height=\"626\" src=\"https:\/\/esbozodeportivo.com\/wp-content\/uploads\/2026\/09\/DSC04684-1024x626.jpg\" alt=\"\" class=\"wp-image-17083\" srcset=\"https:\/\/esbozodeportivo.com\/wp-content\/uploads\/2026\/09\/DSC04684-1024x626.jpg 1024w, https:\/\/esbozodeportivo.com\/wp-content\/uploads\/2026\/09\/DSC04684-300x183.jpg 300w, https:\/\/esbozodeportivo.com\/wp-content\/uploads\/2026\/09\/DSC04684-768x470.jpg 768w, https:\/\/esbozodeportivo.com\/wp-content\/uploads\/2026\/09\/DSC04684-1536x939.jpg 1536w, https:\/\/esbozodeportivo.com\/wp-content\/uploads\/2026\/09\/DSC04684-2048x1252.jpg 2048w\" sizes=\"auto, (max-width: 1024px) 100vw, 1024px\" \/><\/figure>\n\n\n\n<p>La Ciudad de M\u00e9xico ha sido escenario de importantes eventos deportivos, por lo que su experiencia representa un referente para ciudades que buscan fortalecer su infraestructura y capacidad organizativa.<\/p>\n\n\n\n<p><strong>Jes\u00fas P\u00e9rez Ballote<\/strong> destac\u00f3 que este crecimiento permitir\u00eda fortalecer el posicionamiento de la competencia a nivel nacional.<\/p>\n\n\n\n<p>\u201cEn el 2027 queremos llegar a la meta de 8 mil corredores, para que dicho evento nos coloque en el Top 5 de los eventos deportivos m\u00e1s importantes de nuestro pa\u00eds\u201d.<\/p>\n\n\n\n<p>El reto est\u00e1 planteado: <strong>entrar al Top 5 de los maratones m\u00e1s importantes de M\u00e9xico<\/strong>.<\/p>\n\n\n\n<p>La cita ser\u00e1 el <strong>10 de enero de 2027<\/strong>, cuando las calles de M\u00e9rida vuelvan a convertirse en escenario de una gran fiesta deportiva que combinar\u00e1 kil\u00f3metros, tradici\u00f3n, cultura y turismo.<\/p>\n\n\n\n<figure class=\"wp-block-image size-large\"><img loading=\"lazy\" decoding=\"async\" width=\"1024\" height=\"682\" src=\"https:\/\/esbozodeportivo.com\/wp-content\/uploads\/2026\/09\/DSC04637-1024x682.jpg\" alt=\"\" class=\"wp-image-17081\" srcset=\"https:\/\/esbozodeportivo.com\/wp-content\/uploads\/2026\/09\/DSC04637-1024x682.jpg 1024w, https:\/\/esbozodeportivo.com\/wp-content\/uploads\/2026\/09\/DSC04637-300x200.jpg 300w, https:\/\/esbozodeportivo.com\/wp-content\/uploads\/2026\/09\/DSC04637-768x511.jpg 768w, https:\/\/esbozodeportivo.com\/wp-content\/uploads\/2026\/09\/DSC04637-1536x1022.jpg 1536w, https:\/\/esbozodeportivo.com\/wp-content\/uploads\/2026\/09\/DSC04637-2048x1363.jpg 2048w\" sizes=\"auto, (max-width: 1024px) 100vw, 1024px\" \/><\/figure>\n\n\n\n<figure class=\"wp-block-image size-large\"><img loading=\"lazy\" decoding=\"async\" width=\"682\" height=\"1024\" src=\"https:\/\/esbozodeportivo.com\/wp-content\/uploads\/2026\/09\/DSC04701-682x1024.jpg\" alt=\"\" class=\"wp-image-17085\" srcset=\"https:\/\/esbozodeportivo.com\/wp-content\/uploads\/2026\/09\/DSC04701-682x1024.jpg 682w, https:\/\/esbozodeportivo.com\/wp-content\/uploads\/2026\/09\/DSC04701-200x300.jpg 200w, https:\/\/esbozodeportivo.com\/wp-content\/uploads\/2026\/09\/DSC04701-768x1154.jpg 768w, https:\/\/esbozodeportivo.com\/wp-content\/uploads\/2026\/09\/DSC04701-1022x1536.jpg 1022w, https:\/\/esbozodeportivo.com\/wp-content\/uploads\/2026\/09\/DSC04701-1363x2048.jpg 1363w, https:\/\/esbozodeportivo.com\/wp-content\/uploads\/2026\/09\/DSC04701-1024x1538.jpg 1024w, https:\/\/esbozodeportivo.com\/wp-content\/uploads\/2026\/09\/DSC04701-scaled.jpg 1704w\" sizes=\"auto, (max-width: 682px) 100vw, 682px\" \/><\/figure>\n\n\n\n<figure class=\"wp-block-image size-large\"><img loading=\"lazy\" decoding=\"async\" width=\"1024\" height=\"328\" src=\"https:\/\/esbozodeportivo.com\/wp-content\/uploads\/2026\/09\/DSC04753-1024x328.jpg\" alt=\"\" class=\"wp-image-17089\" srcset=\"https:\/\/esbozodeportivo.com\/wp-content\/uploads\/2026\/09\/DSC04753-1024x328.jpg 1024w, https:\/\/esbozodeportivo.com\/wp-content\/uploads\/2026\/09\/DSC04753-300x96.jpg 300w, https:\/\/esbozodeportivo.com\/wp-content\/uploads\/2026\/09\/DSC04753-768x246.jpg 768w, https:\/\/esbozodeportivo.com\/wp-content\/uploads\/2026\/09\/DSC04753-1536x491.jpg 1536w, https:\/\/esbozodeportivo.com\/wp-content\/uploads\/2026\/09\/DSC04753-2048x655.jpg 2048w\" sizes=\"auto, (max-width: 1024px) 100vw, 1024px\" \/><\/figure>\n\n\n\n<figure class=\"wp-block-image size-large\"><img loading=\"lazy\" decoding=\"async\" width=\"1024\" height=\"560\" src=\"https:\/\/esbozodeportivo.com\/wp-content\/uploads\/2026\/09\/DSC04525-1024x560.jpg\" alt=\"\" class=\"wp-image-17067\" srcset=\"https:\/\/esbozodeportivo.com\/wp-content\/uploads\/2026\/09\/DSC04525-1024x560.jpg 1024w, https:\/\/esbozodeportivo.com\/wp-content\/uploads\/2026\/09\/DSC04525-300x164.jpg 300w, https:\/\/esbozodeportivo.com\/wp-content\/uploads\/2026\/09\/DSC04525-768x420.jpg 768w, https:\/\/esbozodeportivo.com\/wp-content\/uploads\/2026\/09\/DSC04525-1536x840.jpg 1536w, https:\/\/esbozodeportivo.com\/wp-content\/uploads\/2026\/09\/DSC04525-2048x1120.jpg 2048w\" sizes=\"auto, (max-width: 1024px) 100vw, 1024px\" \/><\/figure>\n\n\n\n<figure class=\"wp-block-image size-large\"><img loading=\"lazy\" decoding=\"async\" width=\"1024\" height=\"682\" src=\"https:\/\/esbozodeportivo.com\/wp-content\/uploads\/2026\/09\/DSC04666-1024x682.jpg\" alt=\"\" class=\"wp-image-17082\" srcset=\"https:\/\/esbozodeportivo.com\/wp-content\/uploads\/2026\/09\/DSC04666-1024x682.jpg 1024w, https:\/\/esbozodeportivo.com\/wp-content\/uploads\/2026\/09\/DSC04666-300x200.jpg 300w, https:\/\/esbozodeportivo.com\/wp-content\/uploads\/2026\/09\/DSC04666-768x512.jpg 768w, https:\/\/esbozodeportivo.com\/wp-content\/uploads\/2026\/09\/DSC04666-1536x1024.jpg 1536w, https:\/\/esbozodeportivo.com\/wp-content\/uploads\/2026\/09\/DSC04666.jpg 1943w\" sizes=\"auto, (max-width: 1024px) 100vw, 1024px\" \/><\/figure>\n\n\n\n<figure class=\"wp-block-image size-large is-resized\"><img loading=\"lazy\" decoding=\"async\" width=\"561\" height=\"1024\" src=\"https:\/\/esbozodeportivo.com\/wp-content\/uploads\/2026\/09\/DSC04745-561x1024.jpg\" alt=\"\" class=\"wp-image-17088\" style=\"aspect-ratio:0.5478530228583636;width:720px;height:auto\" srcset=\"https:\/\/esbozodeportivo.com\/wp-content\/uploads\/2026\/09\/DSC04745-561x1024.jpg 561w, https:\/\/esbozodeportivo.com\/wp-content\/uploads\/2026\/09\/DSC04745-164x300.jpg 164w, https:\/\/esbozodeportivo.com\/wp-content\/uploads\/2026\/09\/DSC04745-768x1402.jpg 768w, https:\/\/esbozodeportivo.com\/wp-content\/uploads\/2026\/09\/DSC04745-841x1536.jpg 841w, https:\/\/esbozodeportivo.com\/wp-content\/uploads\/2026\/09\/DSC04745-1122x2048.jpg 1122w, https:\/\/esbozodeportivo.com\/wp-content\/uploads\/2026\/09\/DSC04745-1024x1869.jpg 1024w, https:\/\/esbozodeportivo.com\/wp-content\/uploads\/2026\/09\/DSC04745-scaled.jpg 1402w\" sizes=\"auto, (max-width: 561px) 100vw, 561px\" \/><\/figure>\n","protected":false},"excerpt":{"rendered":"<p>(Fotos: esbozodeportivo) Por Javier De la Cruz Ciudad de M\u00e9xico.\u2014 Con la meta de reunir<\/p>\n","protected":false},"author":2,"featured_media":17087,"comment_status":"closed","ping_status":"open","sticky":false,"template":"","format":"standard","meta":{"_jetpack_memberships_contains_paid_content":false,"footnotes":""},"categories":[59],"tags":[],"class_list":["post-17077","post","type-post","status-publish","format-standard","has-post-thumbnail","hentry","category-maraton"],"yoast_head":"<!-- This site is optimized with the Yoast SEO plugin v25.7 - https:\/\/yoast.com\/wordpress\/plugins\/seo\/ -->\n<title>Marathon M\u00e9rida 2027 va por 8 mil corredores y busca entrar al Top 5 de los mejores maratones de M\u00e9xico - Esbozo Deportivo<\/title>\n<meta name=\"description\" content=\"Con la meta de reunir a 8 mil corredores y dar un nuevo paso en su consolidaci\u00f3n como uno de los eventos atl\u00e9ticos m\u00e1s importantes del pa\u00eds, fue presentado el Marathon M\u00e9rida 2027\" \/>\n<meta name=\"robots\" content=\"index, follow, max-snippet:-1, max-image-preview:large, max-video-preview:-1\" \/>\n<link rel=\"canonical\" href=\"https:\/\/esbozodeportivo.com\/index.php\/2026\/09\/04\/marathon-merida-2027-va-por-8-mil-corredores-y-busca-entrar-al-top-5-de-los-mejores-maratones-de-mexico\/\" \/>\n<meta property=\"og:locale\" content=\"es_MX\" \/>\n<meta property=\"og:type\" content=\"article\" \/>\n<meta property=\"og:title\" content=\"Marathon M\u00e9rida 2027 va por 8 mil corredores y busca entrar al Top 5 de los mejores maratones de M\u00e9xico - Esbozo Deportivo\" \/>\n<meta property=\"og:description\" content=\"Con la meta de reunir a 8 mil corredores y dar un nuevo paso en su consolidaci\u00f3n como uno de los eventos atl\u00e9ticos m\u00e1s importantes del pa\u00eds, fue presentado el Marathon M\u00e9rida 2027\" \/>\n<meta property=\"og:url\" content=\"https:\/\/esbozodeportivo.com\/index.php\/2026\/09\/04\/marathon-merida-2027-va-por-8-mil-corredores-y-busca-entrar-al-top-5-de-los-mejores-maratones-de-mexico\/\" \/>\n<meta property=\"og:site_name\" content=\"Esbozo Deportivo\" \/>\n<meta property=\"article:published_time\" content=\"2026-09-04T06:37:02+00:00\" \/>\n<meta property=\"article:modified_time\" content=\"2026-09-04T06:37:03+00:00\" \/>\n<meta property=\"og:image\" content=\"https:\/\/esbozodeportivo.com\/wp-content\/uploads\/2026\/09\/DSC04735-scaled.jpg\" \/>\n\t<meta property=\"og:image:width\" content=\"2560\" \/>\n\t<meta property=\"og:image:height\" content=\"1674\" \/>\n\t<meta property=\"og:image:type\" content=\"image\/jpeg\" \/>\n<meta name=\"author\" content=\"Javier De La Cruz\" \/>\n<meta name=\"twitter:card\" content=\"summary_large_image\" \/>\n<meta name=\"twitter:label1\" content=\"Escrito por\" \/>\n\t<meta name=\"twitter:data1\" content=\"Javier De La Cruz\" \/>\n\t<meta name=\"twitter:label2\" content=\"Tiempo de lectura\" \/>\n\t<meta name=\"twitter:data2\" content=\"8 minutos\" \/>\n<script type=\"application\/ld+json\" class=\"yoast-schema-graph\">{\"@context\":\"https:\/\/schema.org\",\"@graph\":[{\"@type\":\"Article\",\"@id\":\"https:\/\/esbozodeportivo.com\/index.php\/2026\/09\/04\/marathon-merida-2027-va-por-8-mil-corredores-y-busca-entrar-al-top-5-de-los-mejores-maratones-de-mexico\/#article\",\"isPartOf\":{\"@id\":\"https:\/\/esbozodeportivo.com\/index.php\/2026\/09\/04\/marathon-merida-2027-va-por-8-mil-corredores-y-busca-entrar-al-top-5-de-los-mejores-maratones-de-mexico\/\"},\"author\":{\"name\":\"Javier De La Cruz\",\"@id\":\"https:\/\/esbozodeportivo.com\/#\/schema\/person\/7277119c98823aec37bbb84e125efd44\"},\"headline\":\"Marathon M\u00e9rida 2027 va por 8 mil corredores y busca entrar al Top 5 de los mejores maratones de M\u00e9xico\",\"datePublished\":\"2026-09-04T06:37:02+00:00\",\"dateModified\":\"2026-09-04T06:37:03+00:00\",\"mainEntityOfPage\":{\"@id\":\"https:\/\/esbozodeportivo.com\/index.php\/2026\/09\/04\/marathon-merida-2027-va-por-8-mil-corredores-y-busca-entrar-al-top-5-de-los-mejores-maratones-de-mexico\/\"},\"wordCount\":1082,\"publisher\":{\"@id\":\"https:\/\/esbozodeportivo.com\/#organization\"},\"image\":{\"@id\":\"https:\/\/esbozodeportivo.com\/index.php\/2026\/09\/04\/marathon-merida-2027-va-por-8-mil-corredores-y-busca-entrar-al-top-5-de-los-mejores-maratones-de-mexico\/#primaryimage\"},\"thumbnailUrl\":\"https:\/\/esbozodeportivo.com\/wp-content\/uploads\/2026\/09\/DSC04735-scaled.jpg\",\"articleSection\":[\"Marat\u00f3n\"],\"inLanguage\":\"es\"},{\"@type\":\"WebPage\",\"@id\":\"https:\/\/esbozodeportivo.com\/index.php\/2026\/09\/04\/marathon-merida-2027-va-por-8-mil-corredores-y-busca-entrar-al-top-5-de-los-mejores-maratones-de-mexico\/\",\"url\":\"https:\/\/esbozodeportivo.com\/index.php\/2026\/09\/04\/marathon-merida-2027-va-por-8-mil-corredores-y-busca-entrar-al-top-5-de-los-mejores-maratones-de-mexico\/\",\"name\":\"Marathon M\u00e9rida 2027 va por 8 mil corredores y busca entrar al Top 5 de los mejores maratones de M\u00e9xico - Esbozo Deportivo\",\"isPartOf\":{\"@id\":\"https:\/\/esbozodeportivo.com\/#website\"},\"primaryImageOfPage\":{\"@id\":\"https:\/\/esbozodeportivo.com\/index.php\/2026\/09\/04\/marathon-merida-2027-va-por-8-mil-corredores-y-busca-entrar-al-top-5-de-los-mejores-maratones-de-mexico\/#primaryimage\"},\"image\":{\"@id\":\"https:\/\/esbozodeportivo.com\/index.php\/2026\/09\/04\/marathon-merida-2027-va-por-8-mil-corredores-y-busca-entrar-al-top-5-de-los-mejores-maratones-de-mexico\/#primaryimage\"},\"thumbnailUrl\":\"https:\/\/esbozodeportivo.com\/wp-content\/uploads\/2026\/09\/DSC04735-scaled.jpg\",\"datePublished\":\"2026-09-04T06:37:02+00:00\",\"dateModified\":\"2026-09-04T06:37:03+00:00\",\"description\":\"Con la meta de reunir a 8 mil corredores y dar un nuevo paso en su consolidaci\u00f3n como uno de los eventos atl\u00e9ticos m\u00e1s importantes del pa\u00eds, fue presentado el Marathon M\u00e9rida 2027\",\"breadcrumb\":{\"@id\":\"https:\/\/esbozodeportivo.com\/index.php\/2026\/09\/04\/marathon-merida-2027-va-por-8-mil-corredores-y-busca-entrar-al-top-5-de-los-mejores-maratones-de-mexico\/#breadcrumb\"},\"inLanguage\":\"es\",\"potentialAction\":[{\"@type\":\"ReadAction\",\"target\":[\"https:\/\/esbozodeportivo.com\/index.php\/2026\/09\/04\/marathon-merida-2027-va-por-8-mil-corredores-y-busca-entrar-al-top-5-de-los-mejores-maratones-de-mexico\/\"]}]},{\"@type\":\"ImageObject\",\"inLanguage\":\"es\",\"@id\":\"https:\/\/esbozodeportivo.com\/index.php\/2026\/09\/04\/marathon-merida-2027-va-por-8-mil-corredores-y-busca-entrar-al-top-5-de-los-mejores-maratones-de-mexico\/#primaryimage\",\"url\":\"https:\/\/esbozodeportivo.com\/wp-content\/uploads\/2026\/09\/DSC04735-scaled.jpg\",\"contentUrl\":\"https:\/\/esbozodeportivo.com\/wp-content\/uploads\/2026\/09\/DSC04735-scaled.jpg\",\"width\":2560,\"height\":1674},{\"@type\":\"BreadcrumbList\",\"@id\":\"https:\/\/esbozodeportivo.com\/index.php\/2026\/09\/04\/marathon-merida-2027-va-por-8-mil-corredores-y-busca-entrar-al-top-5-de-los-mejores-maratones-de-mexico\/#breadcrumb\",\"itemListElement\":[{\"@type\":\"ListItem\",\"position\":1,\"name\":\"Inicio\",\"item\":\"https:\/\/esbozodeportivo.com\/\"},{\"@type\":\"ListItem\",\"position\":2,\"name\":\"Marathon M\u00e9rida 2027 va por 8 mil corredores y busca entrar al Top 5 de los mejores maratones de M\u00e9xico\"}]},{\"@type\":\"WebSite\",\"@id\":\"https:\/\/esbozodeportivo.com\/#website\",\"url\":\"https:\/\/esbozodeportivo.com\/\",\"name\":\"Esbozo Deportivo\",\"description\":\"Lo m\u00e1s importante del Deporte\",\"publisher\":{\"@id\":\"https:\/\/esbozodeportivo.com\/#organization\"},\"potentialAction\":[{\"@type\":\"SearchAction\",\"target\":{\"@type\":\"EntryPoint\",\"urlTemplate\":\"https:\/\/esbozodeportivo.com\/?s={search_term_string}\"},\"query-input\":{\"@type\":\"PropertyValueSpecification\",\"valueRequired\":true,\"valueName\":\"search_term_string\"}}],\"inLanguage\":\"es\"},{\"@type\":\"Organization\",\"@id\":\"https:\/\/esbozodeportivo.com\/#organization\",\"name\":\"Esbozo Deportivo\",\"url\":\"https:\/\/esbozodeportivo.com\/\",\"logo\":{\"@type\":\"ImageObject\",\"inLanguage\":\"es\",\"@id\":\"https:\/\/esbozodeportivo.com\/#\/schema\/logo\/image\/\",\"url\":\"https:\/\/esbozodeportivo.com\/wp-content\/uploads\/2022\/08\/cropped-Logo-Esbozo-Web-2.png\",\"contentUrl\":\"https:\/\/esbozodeportivo.com\/wp-content\/uploads\/2022\/08\/cropped-Logo-Esbozo-Web-2.png\",\"width\":180,\"height\":50,\"caption\":\"Esbozo Deportivo\"},\"image\":{\"@id\":\"https:\/\/esbozodeportivo.com\/#\/schema\/logo\/image\/\"}},{\"@type\":\"Person\",\"@id\":\"https:\/\/esbozodeportivo.com\/#\/schema\/person\/7277119c98823aec37bbb84e125efd44\",\"name\":\"Javier De La Cruz\",\"image\":{\"@type\":\"ImageObject\",\"inLanguage\":\"es\",\"@id\":\"https:\/\/esbozodeportivo.com\/#\/schema\/person\/image\/\",\"url\":\"https:\/\/secure.gravatar.com\/avatar\/366235a56d20f1a6e8e3d0b295897639357bea880470ddf261d17bb0bc052eb1?s=96&d=mm&r=g\",\"contentUrl\":\"https:\/\/secure.gravatar.com\/avatar\/366235a56d20f1a6e8e3d0b295897639357bea880470ddf261d17bb0bc052eb1?s=96&d=mm&r=g\",\"caption\":\"Javier De La Cruz\"},\"url\":\"https:\/\/esbozodeportivo.com\/index.php\/author\/javier-de-la-cruz-de-la-cruz\/\"}]}<\/script>\n<!-- \/ Yoast SEO plugin. -->","yoast_head_json":{"title":"Marathon M\u00e9rida 2027 va por 8 mil corredores y busca entrar al Top 5 de los mejores maratones de M\u00e9xico - Esbozo Deportivo","description":"Con la meta de reunir a 8 mil corredores y dar un nuevo paso en su consolidaci\u00f3n como uno de los eventos atl\u00e9ticos m\u00e1s importantes del pa\u00eds, fue presentado el Marathon M\u00e9rida 2027","robots":{"index":"index","follow":"follow","max-snippet":"max-snippet:-1","max-image-preview":"max-image-preview:large","max-video-preview":"max-video-preview:-1"},"canonical":"https:\/\/esbozodeportivo.com\/index.php\/2026\/09\/04\/marathon-merida-2027-va-por-8-mil-corredores-y-busca-entrar-al-top-5-de-los-mejores-maratones-de-mexico\/","og_locale":"es_MX","og_type":"article","og_title":"Marathon M\u00e9rida 2027 va por 8 mil corredores y busca entrar al Top 5 de los mejores maratones de M\u00e9xico - Esbozo Deportivo","og_description":"Con la meta de reunir a 8 mil corredores y dar un nuevo paso en su consolidaci\u00f3n como uno de los eventos atl\u00e9ticos m\u00e1s importantes del pa\u00eds, fue presentado el Marathon M\u00e9rida 2027","og_url":"https:\/\/esbozodeportivo.com\/index.php\/2026\/09\/04\/marathon-merida-2027-va-por-8-mil-corredores-y-busca-entrar-al-top-5-de-los-mejores-maratones-de-mexico\/","og_site_name":"Esbozo Deportivo","article_published_time":"2026-09-04T06:37:02+00:00","article_modified_time":"2026-09-04T06:37:03+00:00","og_image":[{"width":2560,"height":1674,"url":"https:\/\/esbozodeportivo.com\/wp-content\/uploads\/2026\/09\/DSC04735-scaled.jpg","type":"image\/jpeg"}],"author":"Javier De La Cruz","twitter_card":"summary_large_image","twitter_misc":{"Escrito por":"Javier De La Cruz","Tiempo de lectura":"8 minutos"},"schema":{"@context":"https:\/\/schema.org","@graph":[{"@type":"Article","@id":"https:\/\/esbozodeportivo.com\/index.php\/2026\/09\/04\/marathon-merida-2027-va-por-8-mil-corredores-y-busca-entrar-al-top-5-de-los-mejores-maratones-de-mexico\/#article","isPartOf":{"@id":"https:\/\/esbozodeportivo.com\/index.php\/2026\/09\/04\/marathon-merida-2027-va-por-8-mil-corredores-y-busca-entrar-al-top-5-de-los-mejores-maratones-de-mexico\/"},"author":{"name":"Javier De La Cruz","@id":"https:\/\/esbozodeportivo.com\/#\/schema\/person\/7277119c98823aec37bbb84e125efd44"},"headline":"Marathon M\u00e9rida 2027 va por 8 mil corredores y busca entrar al Top 5 de los mejores maratones de M\u00e9xico","datePublished":"2026-09-04T06:37:02+00:00","dateModified":"2026-09-04T06:37:03+00:00","mainEntityOfPage":{"@id":"https:\/\/esbozodeportivo.com\/index.php\/2026\/09\/04\/marathon-merida-2027-va-por-8-mil-corredores-y-busca-entrar-al-top-5-de-los-mejores-maratones-de-mexico\/"},"wordCount":1082,"publisher":{"@id":"https:\/\/esbozodeportivo.com\/#organization"},"image":{"@id":"https:\/\/esbozodeportivo.com\/index.php\/2026\/09\/04\/marathon-merida-2027-va-por-8-mil-corredores-y-busca-entrar-al-top-5-de-los-mejores-maratones-de-mexico\/#primaryimage"},"thumbnailUrl":"https:\/\/esbozodeportivo.com\/wp-content\/uploads\/2026\/09\/DSC04735-scaled.jpg","articleSection":["Marat\u00f3n"],"inLanguage":"es"},{"@type":"WebPage","@id":"https:\/\/esbozodeportivo.com\/index.php\/2026\/09\/04\/marathon-merida-2027-va-por-8-mil-corredores-y-busca-entrar-al-top-5-de-los-mejores-maratones-de-mexico\/","url":"https:\/\/esbozodeportivo.com\/index.php\/2026\/09\/04\/marathon-merida-2027-va-por-8-mil-corredores-y-busca-entrar-al-top-5-de-los-mejores-maratones-de-mexico\/","name":"Marathon M\u00e9rida 2027 va por 8 mil corredores y busca entrar al Top 5 de los mejores maratones de M\u00e9xico - Esbozo Deportivo","isPartOf":{"@id":"https:\/\/esbozodeportivo.com\/#website"},"primaryImageOfPage":{"@id":"https:\/\/esbozodeportivo.com\/index.php\/2026\/09\/04\/marathon-merida-2027-va-por-8-mil-corredores-y-busca-entrar-al-top-5-de-los-mejores-maratones-de-mexico\/#primaryimage"},"image":{"@id":"https:\/\/esbozodeportivo.com\/index.php\/2026\/09\/04\/marathon-merida-2027-va-por-8-mil-corredores-y-busca-entrar-al-top-5-de-los-mejores-maratones-de-mexico\/#primaryimage"},"thumbnailUrl":"https:\/\/esbozodeportivo.com\/wp-content\/uploads\/2026\/09\/DSC04735-scaled.jpg","datePublished":"2026-09-04T06:37:02+00:00","dateModified":"2026-09-04T06:37:03+00:00","description":"Con la meta de reunir a 8 mil corredores y dar un nuevo paso en su consolidaci\u00f3n como uno de los eventos atl\u00e9ticos m\u00e1s importantes del pa\u00eds, fue presentado el Marathon M\u00e9rida 2027","breadcrumb":{"@id":"https:\/\/esbozodeportivo.com\/index.php\/2026\/09\/04\/marathon-merida-2027-va-por-8-mil-corredores-y-busca-entrar-al-top-5-de-los-mejores-maratones-de-mexico\/#breadcrumb"},"inLanguage":"es","potentialAction":[{"@type":"ReadAction","target":["https:\/\/esbozodeportivo.com\/index.php\/2026\/09\/04\/marathon-merida-2027-va-por-8-mil-corredores-y-busca-entrar-al-top-5-de-los-mejores-maratones-de-mexico\/"]}]},{"@type":"ImageObject","inLanguage":"es","@id":"https:\/\/esbozodeportivo.com\/index.php\/2026\/09\/04\/marathon-merida-2027-va-por-8-mil-corredores-y-busca-entrar-al-top-5-de-los-mejores-maratones-de-mexico\/#primaryimage","url":"https:\/\/esbozodeportivo.com\/wp-content\/uploads\/2026\/09\/DSC04735-scaled.jpg","contentUrl":"https:\/\/esbozodeportivo.com\/wp-content\/uploads\/2026\/09\/DSC04735-scaled.jpg","width":2560,"height":1674},{"@type":"BreadcrumbList","@id":"https:\/\/esbozodeportivo.com\/index.php\/2026\/09\/04\/marathon-merida-2027-va-por-8-mil-corredores-y-busca-entrar-al-top-5-de-los-mejores-maratones-de-mexico\/#breadcrumb","itemListElement":[{"@type":"ListItem","position":1,"name":"Inicio","item":"https:\/\/esbozodeportivo.com\/"},{"@type":"ListItem","position":2,"name":"Marathon M\u00e9rida 2027 va por 8 mil corredores y busca entrar al Top 5 de los mejores maratones de M\u00e9xico"}]},{"@type":"WebSite","@id":"https:\/\/esbozodeportivo.com\/#website","url":"https:\/\/esbozodeportivo.com\/","name":"Esbozo Deportivo","description":"Lo m\u00e1s importante del Deporte","publisher":{"@id":"https:\/\/esbozodeportivo.com\/#organization"},"potentialAction":[{"@type":"SearchAction","target":{"@type":"EntryPoint","urlTemplate":"https:\/\/esbozodeportivo.com\/?s={search_term_string}"},"query-input":{"@type":"PropertyValueSpecification","valueRequired":true,"valueName":"search_term_string"}}],"inLanguage":"es"},{"@type":"Organization","@id":"https:\/\/esbozodeportivo.com\/#organization","name":"Esbozo Deportivo","url":"https:\/\/esbozodeportivo.com\/","logo":{"@type":"ImageObject","inLanguage":"es","@id":"https:\/\/esbozodeportivo.com\/#\/schema\/logo\/image\/","url":"https:\/\/esbozodeportivo.com\/wp-content\/uploads\/2022\/08\/cropped-Logo-Esbozo-Web-2.png","contentUrl":"https:\/\/esbozodeportivo.com\/wp-content\/uploads\/2022\/08\/cropped-Logo-Esbozo-Web-2.png","width":180,"height":50,"caption":"Esbozo Deportivo"},"image":{"@id":"https:\/\/esbozodeportivo.com\/#\/schema\/logo\/image\/"}},{"@type":"Person","@id":"https:\/\/esbozodeportivo.com\/#\/schema\/person\/7277119c98823aec37bbb84e125efd44","name":"Javier De La Cruz","image":{"@type":"ImageObject","inLanguage":"es","@id":"https:\/\/esbozodeportivo.com\/#\/schema\/person\/image\/","url":"https:\/\/secure.gravatar.com\/avatar\/366235a56d20f1a6e8e3d0b295897639357bea880470ddf261d17bb0bc052eb1?s=96&d=mm&r=g","contentUrl":"https:\/\/secure.gravatar.com\/avatar\/366235a56d20f1a6e8e3d0b295897639357bea880470ddf261d17bb0bc052eb1?s=96&d=mm&r=g","caption":"Javier De La Cruz"},"url":"https:\/\/esbozodeportivo.com\/index.php\/author\/javier-de-la-cruz-de-la-cruz\/"}]}},"jetpack_featured_media_url":"https:\/\/esbozodeportivo.com\/wp-content\/uploads\/2026\/09\/DSC04735-scaled.jpg","jetpack_sharing_enabled":true,"_links":{"self":[{"href":"https:\/\/esbozodeportivo.com\/index.php\/wp-json\/wp\/v2\/posts\/17077","targetHints":{"allow":["GET"]}}],"collection":[{"href":"https:\/\/esbozodeportivo.com\/index.php\/wp-json\/wp\/v2\/posts"}],"about":[{"href":"https:\/\/esbozodeportivo.com\/index.php\/wp-json\/wp\/v2\/types\/post"}],"author":[{"embeddable":true,"href":"https:\/\/esbozodeportivo.com\/index.php\/wp-json\/wp\/v2\/users\/2"}],"replies":[{"embeddable":true,"href":"https:\/\/esbozodeportivo.com\/index.php\/wp-json\/wp\/v2\/comments?post=17077"}],"version-history":[{"count":1,"href":"https:\/\/esbozodeportivo.com\/index.php\/wp-json\/wp\/v2\/posts\/17077\/revisions"}],"predecessor-version":[{"id":17090,"href":"https:\/\/esbozodeportivo.com\/index.php\/wp-json\/wp\/v2\/posts\/17077\/revisions\/17090"}],"wp:featuredmedia":[{"embeddable":true,"href":"https:\/\/esbozodeportivo.com\/index.php\/wp-json\/wp\/v2\/media\/17087"}],"wp:attachment":[{"href":"https:\/\/esbozodeportivo.com\/index.php\/wp-json\/wp\/v2\/media?parent=17077"}],"wp:term":[{"taxonomy":"category","embeddable":true,"href":"https:\/\/esbozodeportivo.com\/index.php\/wp-json\/wp\/v2\/categories?post=17077"},{"taxonomy":"post_tag","embeddable":true,"href":"https:\/\/esbozodeportivo.com\/index.php\/wp-json\/wp\/v2\/tags?post=17077"}],"curies":[{"name":"wp","href":"https:\/\/api.w.org\/{rel}","templated":true}]}}