{"id":17091,"date":"2026-09-04T15:03:40","date_gmt":"2026-09-04T21:03:40","guid":{"rendered":"https:\/\/esbozodeportivo.com\/?p=17091"},"modified":"2026-09-04T15:03:42","modified_gmt":"2026-09-04T21:03:42","slug":"mas-sigue-de-lider-en-espana","status":"publish","type":"post","link":"https:\/\/esbozodeportivo.com\/index.php\/2026\/09\/04\/mas-sigue-de-lider-en-espana\/","title":{"rendered":"Mas sigue de l\u00edder en Espa\u00f1a"},"content":{"rendered":"\n<p>(Foto: Agencias) <\/p>\n\n\n\n<p>En un d\u00eda sofocante de transici\u00f3n, el belga Wout Van Aert (Visma Lease a Bike) mostr\u00f3 su enormes cualidades de clasic\u00f3mano para imponerse en la decimotercera etapa disputada entre Almu\u00f1\u00e9car y Loja, de 192,8 km, en la que mantuvo el maillot rojo de l\u00edder el espa\u00f1ol Enric Mas.<\/p>\n\n\n\n<p>Vestido con el maillot verde de puntos, poderoso y perfecto a la hora de ejecutar la estrategia del equipo, Van Aert (Herentals, 31 a\u00f1os) hizo realidad su cuarto triunfo en la Vuelta, que suma a las 3 etapas de 2024. Esta vez, despu\u00e9s de 4h.34.00 encima de la bici, super\u00f3 en un esprint entre 2 al franc\u00e9s Valentin Paret Peintre (Soudal). Y la tercera plaza para otro Visma, el esprinter Matthew Brennan.<\/p>\n\n\n\n<p>Enric Mas sobrevive al calor y espera La Pandera<\/p>\n\n\n\n<p>Un d\u00eda m\u00e1s sali\u00f3 airoso Enric Mas como maillot rojo de la Vuelta. Movistar control\u00f3 a raya la fuga y sin sobresaltos mantuvo el mando con buena renta. Entrar\u00e1 en la sierra de Ja\u00e9n para afrontar La Pandera con 1.45 minutos de ventaja sobre Primoz Roglic y de 2.06 respecto a Felix Gall.<\/p>\n\n\n\n<p>&#8220;El calor ha sido duro, pero es normal, estamos en Andaluc\u00eda y en verano, es algo normal. Como equipo hemos mantenido la calma y llevado bien la gesti\u00f3n de la etapa desde el coche y en carrera. Ma\u00f1ana intentar\u00e9 salir de rojo en La Pandera&#8221;, dijo M\u00e1s en meta.<\/p>\n\n\n\n<p>Fugas numerosas, Van Aert y Buitrago mano a mano<\/p>\n\n\n\n<p>Fuga o esprint, esa era la cuesti\u00f3n despu\u00e9s de la etapa de Calar Alto y antes de La Pandera. Una jornada nada f\u00e1cil, sinuosa, con 3 puertos y 3.404 metros de desnivel que invitaba a la aventura. Y eso sucedi\u00f3 de salida con una escapada de 4 hombres que claudic\u00f3 antes del Puerto de la Venta de la Cebada (1a, 14 km al 4,1) por el control del Movistar en cabeza de pelot\u00f3n. No hubo luz verde.<\/p>\n\n\n\n<p>Luego, a paso ligero, otra numerosa fuga anim\u00f3 el caluroso d\u00eda en la subida al Alto del Legionario (2a, 15,6 km al 3,1), donde se reanud\u00f3 la batalla por el maillot de la monta\u00f1a entre el colombiano Santiago Buitrago y Wout Van Aert, con el belga coronando en cabeza. Ambos se descolgaron de la avanzadilla, que qued\u00f3 con 10 hombres en busca de la gloria.<\/p>\n\n\n\n<p>En la fuga estaba Brennan, el hombre del triplete, el rey del esprint en la Vuelta 2026. Tambi\u00e9n una de las revelaciones de la Vuelta, el franc\u00e9s de 21 a\u00f1os Leo Bisiaux. En la sala de m\u00e1quinas de los favoritos no cundi\u00f3 el p\u00e1nico. Los m\u00e1s peligrosos para la general eran Cristian Rodr\u00edguez y Berthet, a m\u00e1s de 13 minutos.<\/p>\n\n\n\n<p>Brennan ensay\u00f3 en el esprit intermedio de Toc\u00f3n. Lo bord\u00f3, pas\u00f3 primero, y enseguida entr\u00f3 la carrera en la carretera que serpentea por el mas de olivos que trepan por el Puerto de Granada (2a, 7,4 km al 5,6). Lejos de la cima el noruego Leknessund trat\u00f3 de darse a la fuga y hacer la de Valdelinares, donde se impuso, pero no sucedi\u00f3 lo mismo que aquel d\u00eda.<\/p>\n\n\n\n<p>El grupo perseguidor se uni\u00f3 en el descenso. Entre ellos estaba Mattias Skjelmose, s\u00e9ptimo en la general a 7.42 de Enric Mas. Un elemento preocupante para los aspirantes al podio, pero ni el Red Bull de Roglic ni el Decathlon de Felix Gall se preocuparon de recortar diferencias.<\/p>\n\n\n\n<p>Con Van Aert como maestro de ceremonias se form\u00f3 el grupo definitivo por el triunfo de etapa. El belga insisti\u00f3 con sucesivos ataques. La etapa entr\u00f3 en moda cl\u00e1sica, y en esos terrenos se mueve de maravilla el fen\u00f3meno de Herentals, quien jugaba la baza de la fuga de la fuga mientras por detr\u00e1s Brennan quedaba como segunda bala.<\/p>\n\n\n\n<p>Ocho candidatos camino de la gloria en Loja. Van Aert a latigazos con Widar, Vermaeke, Paret-Peintre, Fisher-Black, Bisiaux, Brennan, Kron y Albanese. El grupo de favoritos ya se hab\u00eda olvidado de complicarse la vida, a 5.05 minutos a 15 de meta, al paso por La F\u00e1brica.<\/p>\n\n\n\n<p>Duelo t\u00e1ctico a la vista con la meta a 10 km. Calor sofocante. 39 grados. Nadie quer\u00eda llegar con Van Aert, as\u00ed que hab\u00eda que intentarlo de lejos. Arranc\u00f3 Bisiaux, despu\u00e9s Fisher Black, pero Brennan hizo de freno para Van Aert, quien se lanz\u00f3 a 3,5 de meta. Le sigui\u00f3 Paret Peintre.<\/p>\n\n\n\n<p>Ambos volaron hasta Loja. En un final ascendente Van Aert llevaba las de ganar. Y cumpli\u00f3 el pron\u00f3stico. En franc\u00e9s lanz\u00f3 el esprint a 300 metros de la l\u00ednea. La respuesta del belga le llev\u00f3 al podio por cuarta vez. Jugada de maestro clasic\u00f3mano, un se\u00f1or del ciclismo con 10 etapas en el Tour, Mil\u00e1n San Remo, Par\u00eds Roubaix, Amstel y Strade entre otros laureles. Un campe\u00f3n gan\u00f3 en el horno andaluz.<\/p>\n\n\n\n<p>14a etapa La Pandera \u00faltimo escollo de la semana<\/p>\n\n\n\n<p>La decimocuarta etapa entre Ja\u00e9n y La Pandera, de 154,5 km ofrece un recorrido corto pero explosivo con un perfil ondulado de principio fin y 3 puertos en la segunda mitad donde los favoritos van a mostrar sus armas.<\/p>\n\n\n\n<p>El ascenso final a La Pandera (1a, 11,9 km al 7,2 y max del 17) ser\u00e1 la clave del d\u00eda, pero antes habr\u00e1 que superar el Puerto de los Villares (2a, 10,5 km al 5,4) y Locub\u00edn (2a, 8,8 km al 5). Los favoritos tendr\u00e1n terreno para explicarse.<\/p>\n\n\n\n<p><\/p>\n","protected":false},"excerpt":{"rendered":"<p>(Foto: Agencias) En un d\u00eda sofocante de transici\u00f3n, el belga Wout Van Aert (Visma Lease<\/p>\n","protected":false},"author":4,"featured_media":17094,"comment_status":"closed","ping_status":"open","sticky":false,"template":"","format":"standard","meta":{"_jetpack_memberships_contains_paid_content":false,"footnotes":""},"categories":[146],"tags":[],"class_list":["post-17091","post","type-post","status-publish","format-standard","has-post-thumbnail","hentry","category-tour-de-espana"],"yoast_head":"<!-- This site is optimized with the Yoast SEO plugin v25.7 - https:\/\/yoast.com\/wordpress\/plugins\/seo\/ -->\n<title>Mas sigue de l\u00edder en Espa\u00f1a - Esbozo Deportivo<\/title>\n<meta name=\"description\" content=\"En un d\u00eda sofocante de transici\u00f3n, el belga Wout Van Aert (Visma Lease a Bike) mostr\u00f3 su enormes cualidades de clasic\u00f3mano para imponerse en la decimotercera etapa disputada entre Almu\u00f1\u00e9car y Loja, de 192,8 km, en la que mantuvo el maillot rojo de l\u00edder el espa\u00f1ol Enric Mas.\" \/>\n<meta name=\"robots\" content=\"index, follow, max-snippet:-1, max-image-preview:large, max-video-preview:-1\" \/>\n<link rel=\"canonical\" href=\"https:\/\/esbozodeportivo.com\/index.php\/2026\/09\/04\/mas-sigue-de-lider-en-espana\/\" \/>\n<meta property=\"og:locale\" content=\"es_MX\" \/>\n<meta property=\"og:type\" content=\"article\" \/>\n<meta property=\"og:title\" content=\"Mas sigue de l\u00edder en Espa\u00f1a - Esbozo Deportivo\" \/>\n<meta property=\"og:description\" content=\"En un d\u00eda sofocante de transici\u00f3n, el belga Wout Van Aert (Visma Lease a Bike) mostr\u00f3 su enormes cualidades de clasic\u00f3mano para imponerse en la decimotercera etapa disputada entre Almu\u00f1\u00e9car y Loja, de 192,8 km, en la que mantuvo el maillot rojo de l\u00edder el espa\u00f1ol Enric Mas.\" \/>\n<meta property=\"og:url\" content=\"https:\/\/esbozodeportivo.com\/index.php\/2026\/09\/04\/mas-sigue-de-lider-en-espana\/\" \/>\n<meta property=\"og:site_name\" content=\"Esbozo Deportivo\" \/>\n<meta property=\"article:published_time\" content=\"2026-09-04T21:03:40+00:00\" \/>\n<meta property=\"article:modified_time\" content=\"2026-09-04T21:03:42+00:00\" \/>\n<meta property=\"og:image\" content=\"https:\/\/esbozodeportivo.com\/wp-content\/uploads\/2026\/09\/c7690533-ae99-41fe-b86e-177df9616102.jpg\" \/>\n\t<meta property=\"og:image:width\" content=\"1200\" \/>\n\t<meta property=\"og:image:height\" content=\"800\" \/>\n\t<meta property=\"og:image:type\" content=\"image\/jpeg\" \/>\n<meta name=\"author\" content=\"Redacci\u00f3n\" \/>\n<meta name=\"twitter:card\" content=\"summary_large_image\" \/>\n<meta name=\"twitter:label1\" content=\"Escrito por\" \/>\n\t<meta name=\"twitter:data1\" content=\"Redacci\u00f3n\" \/>\n\t<meta name=\"twitter:label2\" content=\"Tiempo de lectura\" \/>\n\t<meta name=\"twitter:data2\" content=\"5 minutos\" \/>\n<script type=\"application\/ld+json\" class=\"yoast-schema-graph\">{\"@context\":\"https:\/\/schema.org\",\"@graph\":[{\"@type\":\"Article\",\"@id\":\"https:\/\/esbozodeportivo.com\/index.php\/2026\/09\/04\/mas-sigue-de-lider-en-espana\/#article\",\"isPartOf\":{\"@id\":\"https:\/\/esbozodeportivo.com\/index.php\/2026\/09\/04\/mas-sigue-de-lider-en-espana\/\"},\"author\":{\"name\":\"Redacci\u00f3n\",\"@id\":\"https:\/\/esbozodeportivo.com\/#\/schema\/person\/0f6df9196dfe6740dd0bb31bae50d374\"},\"headline\":\"Mas sigue de l\u00edder en Espa\u00f1a\",\"datePublished\":\"2026-09-04T21:03:40+00:00\",\"dateModified\":\"2026-09-04T21:03:42+00:00\",\"mainEntityOfPage\":{\"@id\":\"https:\/\/esbozodeportivo.com\/index.php\/2026\/09\/04\/mas-sigue-de-lider-en-espana\/\"},\"wordCount\":910,\"publisher\":{\"@id\":\"https:\/\/esbozodeportivo.com\/#organization\"},\"image\":{\"@id\":\"https:\/\/esbozodeportivo.com\/index.php\/2026\/09\/04\/mas-sigue-de-lider-en-espana\/#primaryimage\"},\"thumbnailUrl\":\"https:\/\/esbozodeportivo.com\/wp-content\/uploads\/2026\/09\/c7690533-ae99-41fe-b86e-177df9616102.jpg\",\"articleSection\":[\"Tour de Espa\u00f1a\"],\"inLanguage\":\"es\"},{\"@type\":\"WebPage\",\"@id\":\"https:\/\/esbozodeportivo.com\/index.php\/2026\/09\/04\/mas-sigue-de-lider-en-espana\/\",\"url\":\"https:\/\/esbozodeportivo.com\/index.php\/2026\/09\/04\/mas-sigue-de-lider-en-espana\/\",\"name\":\"Mas sigue de l\u00edder en Espa\u00f1a - Esbozo Deportivo\",\"isPartOf\":{\"@id\":\"https:\/\/esbozodeportivo.com\/#website\"},\"primaryImageOfPage\":{\"@id\":\"https:\/\/esbozodeportivo.com\/index.php\/2026\/09\/04\/mas-sigue-de-lider-en-espana\/#primaryimage\"},\"image\":{\"@id\":\"https:\/\/esbozodeportivo.com\/index.php\/2026\/09\/04\/mas-sigue-de-lider-en-espana\/#primaryimage\"},\"thumbnailUrl\":\"https:\/\/esbozodeportivo.com\/wp-content\/uploads\/2026\/09\/c7690533-ae99-41fe-b86e-177df9616102.jpg\",\"datePublished\":\"2026-09-04T21:03:40+00:00\",\"dateModified\":\"2026-09-04T21:03:42+00:00\",\"description\":\"En un d\u00eda sofocante de transici\u00f3n, el belga Wout Van Aert (Visma Lease a Bike) mostr\u00f3 su enormes cualidades de clasic\u00f3mano para imponerse en la decimotercera etapa disputada entre Almu\u00f1\u00e9car y Loja, de 192,8 km, en la que mantuvo el maillot rojo de l\u00edder el espa\u00f1ol Enric Mas.\",\"breadcrumb\":{\"@id\":\"https:\/\/esbozodeportivo.com\/index.php\/2026\/09\/04\/mas-sigue-de-lider-en-espana\/#breadcrumb\"},\"inLanguage\":\"es\",\"potentialAction\":[{\"@type\":\"ReadAction\",\"target\":[\"https:\/\/esbozodeportivo.com\/index.php\/2026\/09\/04\/mas-sigue-de-lider-en-espana\/\"]}]},{\"@type\":\"ImageObject\",\"inLanguage\":\"es\",\"@id\":\"https:\/\/esbozodeportivo.com\/index.php\/2026\/09\/04\/mas-sigue-de-lider-en-espana\/#primaryimage\",\"url\":\"https:\/\/esbozodeportivo.com\/wp-content\/uploads\/2026\/09\/c7690533-ae99-41fe-b86e-177df9616102.jpg\",\"contentUrl\":\"https:\/\/esbozodeportivo.com\/wp-content\/uploads\/2026\/09\/c7690533-ae99-41fe-b86e-177df9616102.jpg\",\"width\":1200,\"height\":800},{\"@type\":\"BreadcrumbList\",\"@id\":\"https:\/\/esbozodeportivo.com\/index.php\/2026\/09\/04\/mas-sigue-de-lider-en-espana\/#breadcrumb\",\"itemListElement\":[{\"@type\":\"ListItem\",\"position\":1,\"name\":\"Inicio\",\"item\":\"https:\/\/esbozodeportivo.com\/\"},{\"@type\":\"ListItem\",\"position\":2,\"name\":\"Mas sigue de l\u00edder en Espa\u00f1a\"}]},{\"@type\":\"WebSite\",\"@id\":\"https:\/\/esbozodeportivo.com\/#website\",\"url\":\"https:\/\/esbozodeportivo.com\/\",\"name\":\"Esbozo Deportivo\",\"description\":\"Lo m\u00e1s importante del Deporte\",\"publisher\":{\"@id\":\"https:\/\/esbozodeportivo.com\/#organization\"},\"potentialAction\":[{\"@type\":\"SearchAction\",\"target\":{\"@type\":\"EntryPoint\",\"urlTemplate\":\"https:\/\/esbozodeportivo.com\/?s={search_term_string}\"},\"query-input\":{\"@type\":\"PropertyValueSpecification\",\"valueRequired\":true,\"valueName\":\"search_term_string\"}}],\"inLanguage\":\"es\"},{\"@type\":\"Organization\",\"@id\":\"https:\/\/esbozodeportivo.com\/#organization\",\"name\":\"Esbozo Deportivo\",\"url\":\"https:\/\/esbozodeportivo.com\/\",\"logo\":{\"@type\":\"ImageObject\",\"inLanguage\":\"es\",\"@id\":\"https:\/\/esbozodeportivo.com\/#\/schema\/logo\/image\/\",\"url\":\"https:\/\/esbozodeportivo.com\/wp-content\/uploads\/2022\/08\/cropped-Logo-Esbozo-Web-2.png\",\"contentUrl\":\"https:\/\/esbozodeportivo.com\/wp-content\/uploads\/2022\/08\/cropped-Logo-Esbozo-Web-2.png\",\"width\":180,\"height\":50,\"caption\":\"Esbozo Deportivo\"},\"image\":{\"@id\":\"https:\/\/esbozodeportivo.com\/#\/schema\/logo\/image\/\"}},{\"@type\":\"Person\",\"@id\":\"https:\/\/esbozodeportivo.com\/#\/schema\/person\/0f6df9196dfe6740dd0bb31bae50d374\",\"name\":\"Redacci\u00f3n\",\"image\":{\"@type\":\"ImageObject\",\"inLanguage\":\"es\",\"@id\":\"https:\/\/esbozodeportivo.com\/#\/schema\/person\/image\/\",\"url\":\"https:\/\/secure.gravatar.com\/avatar\/f55268a89c3b418f2ef172ff52ab0d09b3e653c58de29539fe329fb93d78ebf3?s=96&d=mm&r=g\",\"contentUrl\":\"https:\/\/secure.gravatar.com\/avatar\/f55268a89c3b418f2ef172ff52ab0d09b3e653c58de29539fe329fb93d78ebf3?s=96&d=mm&r=g\",\"caption\":\"Redacci\u00f3n\"},\"url\":\"https:\/\/esbozodeportivo.com\/index.php\/author\/redaccion\/\"}]}<\/script>\n<!-- \/ Yoast SEO plugin. -->","yoast_head_json":{"title":"Mas sigue de l\u00edder en Espa\u00f1a - Esbozo Deportivo","description":"En un d\u00eda sofocante de transici\u00f3n, el belga Wout Van Aert (Visma Lease a Bike) mostr\u00f3 su enormes cualidades de clasic\u00f3mano para imponerse en la decimotercera etapa disputada entre Almu\u00f1\u00e9car y Loja, de 192,8 km, en la que mantuvo el maillot rojo de l\u00edder el espa\u00f1ol Enric Mas.","robots":{"index":"index","follow":"follow","max-snippet":"max-snippet:-1","max-image-preview":"max-image-preview:large","max-video-preview":"max-video-preview:-1"},"canonical":"https:\/\/esbozodeportivo.com\/index.php\/2026\/09\/04\/mas-sigue-de-lider-en-espana\/","og_locale":"es_MX","og_type":"article","og_title":"Mas sigue de l\u00edder en Espa\u00f1a - Esbozo Deportivo","og_description":"En un d\u00eda sofocante de transici\u00f3n, el belga Wout Van Aert (Visma Lease a Bike) mostr\u00f3 su enormes cualidades de clasic\u00f3mano para imponerse en la decimotercera etapa disputada entre Almu\u00f1\u00e9car y Loja, de 192,8 km, en la que mantuvo el maillot rojo de l\u00edder el espa\u00f1ol Enric Mas.","og_url":"https:\/\/esbozodeportivo.com\/index.php\/2026\/09\/04\/mas-sigue-de-lider-en-espana\/","og_site_name":"Esbozo Deportivo","article_published_time":"2026-09-04T21:03:40+00:00","article_modified_time":"2026-09-04T21:03:42+00:00","og_image":[{"width":1200,"height":800,"url":"https:\/\/esbozodeportivo.com\/wp-content\/uploads\/2026\/09\/c7690533-ae99-41fe-b86e-177df9616102.jpg","type":"image\/jpeg"}],"author":"Redacci\u00f3n","twitter_card":"summary_large_image","twitter_misc":{"Escrito por":"Redacci\u00f3n","Tiempo de lectura":"5 minutos"},"schema":{"@context":"https:\/\/schema.org","@graph":[{"@type":"Article","@id":"https:\/\/esbozodeportivo.com\/index.php\/2026\/09\/04\/mas-sigue-de-lider-en-espana\/#article","isPartOf":{"@id":"https:\/\/esbozodeportivo.com\/index.php\/2026\/09\/04\/mas-sigue-de-lider-en-espana\/"},"author":{"name":"Redacci\u00f3n","@id":"https:\/\/esbozodeportivo.com\/#\/schema\/person\/0f6df9196dfe6740dd0bb31bae50d374"},"headline":"Mas sigue de l\u00edder en Espa\u00f1a","datePublished":"2026-09-04T21:03:40+00:00","dateModified":"2026-09-04T21:03:42+00:00","mainEntityOfPage":{"@id":"https:\/\/esbozodeportivo.com\/index.php\/2026\/09\/04\/mas-sigue-de-lider-en-espana\/"},"wordCount":910,"publisher":{"@id":"https:\/\/esbozodeportivo.com\/#organization"},"image":{"@id":"https:\/\/esbozodeportivo.com\/index.php\/2026\/09\/04\/mas-sigue-de-lider-en-espana\/#primaryimage"},"thumbnailUrl":"https:\/\/esbozodeportivo.com\/wp-content\/uploads\/2026\/09\/c7690533-ae99-41fe-b86e-177df9616102.jpg","articleSection":["Tour de Espa\u00f1a"],"inLanguage":"es"},{"@type":"WebPage","@id":"https:\/\/esbozodeportivo.com\/index.php\/2026\/09\/04\/mas-sigue-de-lider-en-espana\/","url":"https:\/\/esbozodeportivo.com\/index.php\/2026\/09\/04\/mas-sigue-de-lider-en-espana\/","name":"Mas sigue de l\u00edder en Espa\u00f1a - Esbozo Deportivo","isPartOf":{"@id":"https:\/\/esbozodeportivo.com\/#website"},"primaryImageOfPage":{"@id":"https:\/\/esbozodeportivo.com\/index.php\/2026\/09\/04\/mas-sigue-de-lider-en-espana\/#primaryimage"},"image":{"@id":"https:\/\/esbozodeportivo.com\/index.php\/2026\/09\/04\/mas-sigue-de-lider-en-espana\/#primaryimage"},"thumbnailUrl":"https:\/\/esbozodeportivo.com\/wp-content\/uploads\/2026\/09\/c7690533-ae99-41fe-b86e-177df9616102.jpg","datePublished":"2026-09-04T21:03:40+00:00","dateModified":"2026-09-04T21:03:42+00:00","description":"En un d\u00eda sofocante de transici\u00f3n, el belga Wout Van Aert (Visma Lease a Bike) mostr\u00f3 su enormes cualidades de clasic\u00f3mano para imponerse en la decimotercera etapa disputada entre Almu\u00f1\u00e9car y Loja, de 192,8 km, en la que mantuvo el maillot rojo de l\u00edder el espa\u00f1ol Enric Mas.","breadcrumb":{"@id":"https:\/\/esbozodeportivo.com\/index.php\/2026\/09\/04\/mas-sigue-de-lider-en-espana\/#breadcrumb"},"inLanguage":"es","potentialAction":[{"@type":"ReadAction","target":["https:\/\/esbozodeportivo.com\/index.php\/2026\/09\/04\/mas-sigue-de-lider-en-espana\/"]}]},{"@type":"ImageObject","inLanguage":"es","@id":"https:\/\/esbozodeportivo.com\/index.php\/2026\/09\/04\/mas-sigue-de-lider-en-espana\/#primaryimage","url":"https:\/\/esbozodeportivo.com\/wp-content\/uploads\/2026\/09\/c7690533-ae99-41fe-b86e-177df9616102.jpg","contentUrl":"https:\/\/esbozodeportivo.com\/wp-content\/uploads\/2026\/09\/c7690533-ae99-41fe-b86e-177df9616102.jpg","width":1200,"height":800},{"@type":"BreadcrumbList","@id":"https:\/\/esbozodeportivo.com\/index.php\/2026\/09\/04\/mas-sigue-de-lider-en-espana\/#breadcrumb","itemListElement":[{"@type":"ListItem","position":1,"name":"Inicio","item":"https:\/\/esbozodeportivo.com\/"},{"@type":"ListItem","position":2,"name":"Mas sigue de l\u00edder en Espa\u00f1a"}]},{"@type":"WebSite","@id":"https:\/\/esbozodeportivo.com\/#website","url":"https:\/\/esbozodeportivo.com\/","name":"Esbozo Deportivo","description":"Lo m\u00e1s importante del Deporte","publisher":{"@id":"https:\/\/esbozodeportivo.com\/#organization"},"potentialAction":[{"@type":"SearchAction","target":{"@type":"EntryPoint","urlTemplate":"https:\/\/esbozodeportivo.com\/?s={search_term_string}"},"query-input":{"@type":"PropertyValueSpecification","valueRequired":true,"valueName":"search_term_string"}}],"inLanguage":"es"},{"@type":"Organization","@id":"https:\/\/esbozodeportivo.com\/#organization","name":"Esbozo Deportivo","url":"https:\/\/esbozodeportivo.com\/","logo":{"@type":"ImageObject","inLanguage":"es","@id":"https:\/\/esbozodeportivo.com\/#\/schema\/logo\/image\/","url":"https:\/\/esbozodeportivo.com\/wp-content\/uploads\/2022\/08\/cropped-Logo-Esbozo-Web-2.png","contentUrl":"https:\/\/esbozodeportivo.com\/wp-content\/uploads\/2022\/08\/cropped-Logo-Esbozo-Web-2.png","width":180,"height":50,"caption":"Esbozo Deportivo"},"image":{"@id":"https:\/\/esbozodeportivo.com\/#\/schema\/logo\/image\/"}},{"@type":"Person","@id":"https:\/\/esbozodeportivo.com\/#\/schema\/person\/0f6df9196dfe6740dd0bb31bae50d374","name":"Redacci\u00f3n","image":{"@type":"ImageObject","inLanguage":"es","@id":"https:\/\/esbozodeportivo.com\/#\/schema\/person\/image\/","url":"https:\/\/secure.gravatar.com\/avatar\/f55268a89c3b418f2ef172ff52ab0d09b3e653c58de29539fe329fb93d78ebf3?s=96&d=mm&r=g","contentUrl":"https:\/\/secure.gravatar.com\/avatar\/f55268a89c3b418f2ef172ff52ab0d09b3e653c58de29539fe329fb93d78ebf3?s=96&d=mm&r=g","caption":"Redacci\u00f3n"},"url":"https:\/\/esbozodeportivo.com\/index.php\/author\/redaccion\/"}]}},"jetpack_featured_media_url":"https:\/\/esbozodeportivo.com\/wp-content\/uploads\/2026\/09\/c7690533-ae99-41fe-b86e-177df9616102.jpg","jetpack_sharing_enabled":true,"_links":{"self":[{"href":"https:\/\/esbozodeportivo.com\/index.php\/wp-json\/wp\/v2\/posts\/17091","targetHints":{"allow":["GET"]}}],"collection":[{"href":"https:\/\/esbozodeportivo.com\/index.php\/wp-json\/wp\/v2\/posts"}],"about":[{"href":"https:\/\/esbozodeportivo.com\/index.php\/wp-json\/wp\/v2\/types\/post"}],"author":[{"embeddable":true,"href":"https:\/\/esbozodeportivo.com\/index.php\/wp-json\/wp\/v2\/users\/4"}],"replies":[{"embeddable":true,"href":"https:\/\/esbozodeportivo.com\/index.php\/wp-json\/wp\/v2\/comments?post=17091"}],"version-history":[{"count":1,"href":"https:\/\/esbozodeportivo.com\/index.php\/wp-json\/wp\/v2\/posts\/17091\/revisions"}],"predecessor-version":[{"id":17097,"href":"https:\/\/esbozodeportivo.com\/index.php\/wp-json\/wp\/v2\/posts\/17091\/revisions\/17097"}],"wp:featuredmedia":[{"embeddable":true,"href":"https:\/\/esbozodeportivo.com\/index.php\/wp-json\/wp\/v2\/media\/17094"}],"wp:attachment":[{"href":"https:\/\/esbozodeportivo.com\/index.php\/wp-json\/wp\/v2\/media?parent=17091"}],"wp:term":[{"taxonomy":"category","embeddable":true,"href":"https:\/\/esbozodeportivo.com\/index.php\/wp-json\/wp\/v2\/categories?post=17091"},{"taxonomy":"post_tag","embeddable":true,"href":"https:\/\/esbozodeportivo.com\/index.php\/wp-json\/wp\/v2\/tags?post=17091"}],"curies":[{"name":"wp","href":"https:\/\/api.w.org\/{rel}","templated":true}]}}