{"id":1796,"date":"2023-11-08T23:47:26","date_gmt":"2023-11-08T23:47:26","guid":{"rendered":"https:\/\/esbozodeportivo.com\/?p=1796"},"modified":"2023-11-08T23:54:34","modified_gmt":"2023-11-08T23:54:34","slug":"el-atletismo-y-la-natacion-abren-con-medallas-en-los-51-juegos-nacionales-deportivos","status":"publish","type":"post","link":"https:\/\/esbozodeportivo.com\/index.php\/2023\/11\/08\/el-atletismo-y-la-natacion-abren-con-medallas-en-los-51-juegos-nacionales-deportivos\/","title":{"rendered":"El atletismo y la nataci\u00f3n abren con medallas en los 51 Juegos Nacionales Deportivos"},"content":{"rendered":"\n<p><\/p>\n\n\n<p><\/p>\n\n\n<p><\/p>\n\t\t\n\t\t\t<style>\/*! elementor - v3.17.0 - 08-11-2023 *\/\n.elementor-widget-image{text-align:center}.elementor-widget-image a{display:inline-block}.elementor-widget-image a img[src$=\".svg\"]{width:48px}.elementor-widget-image img{vertical-align:middle;display:inline-block}<\/style>\t\t\t\t\t\t\t\t\t\t\t\t<img decoding=\"async\" width=\"640\" height=\"480\" src=\"https:\/\/esbozodeportivo.com\/wp-content\/uploads\/2023\/11\/DSCN8754-1024x768.jpg\" alt=\"\" loading=\"lazy\" srcset=\"https:\/\/esbozodeportivo.com\/wp-content\/uploads\/2023\/11\/DSCN8754-1024x768.jpg 1024w, https:\/\/esbozodeportivo.com\/wp-content\/uploads\/2023\/11\/DSCN8754-300x225.jpg 300w, https:\/\/esbozodeportivo.com\/wp-content\/uploads\/2023\/11\/DSCN8754-768x576.jpg 768w, https:\/\/esbozodeportivo.com\/wp-content\/uploads\/2023\/11\/DSCN8754-1536x1152.jpg 1536w, https:\/\/esbozodeportivo.com\/wp-content\/uploads\/2023\/11\/DSCN8754-2048x1536.jpg 2048w\" sizes=\"auto, (max-width: 640px) 100vw, 640px\" \/>\t\t\t\t\t\t\t\t\t\t\t\t\t\t\t\n\t\t<p>(Foto: INDET)<\/p><p><strong>OAXTEPEC, Morelos.-\u00a0<\/strong>El atletismo y la nataci\u00f3n<strong>\u00a0<\/strong>presentaron a los primeros medallistas de los 51 Juegos Nacionales Deportivos y Recreativos de los Trabajadores, que se pusieron en marcha en las instalaciones del Centro Vacacional IMSS-Oaxtepec, bajo la organizaci\u00f3n del Congreso del Trabajo a trav\u00e9s del Instituto del Deporte de los Trabajadores y el apoyo de la Comisi\u00f3n Nacional de Cultura F\u00edsica y Deporte.<\/p>\t\t\n\t\t\t\t\t\t\t\t\t\t\t\t\t\t\t<img decoding=\"async\" width=\"640\" height=\"374\" src=\"https:\/\/esbozodeportivo.com\/wp-content\/uploads\/2023\/11\/DSCN8834-1024x598.jpg\" alt=\"\" loading=\"lazy\" srcset=\"https:\/\/esbozodeportivo.com\/wp-content\/uploads\/2023\/11\/DSCN8834-1024x598.jpg 1024w, https:\/\/esbozodeportivo.com\/wp-content\/uploads\/2023\/11\/DSCN8834-300x175.jpg 300w, https:\/\/esbozodeportivo.com\/wp-content\/uploads\/2023\/11\/DSCN8834-768x449.jpg 768w, https:\/\/esbozodeportivo.com\/wp-content\/uploads\/2023\/11\/DSCN8834.jpg 1179w\" sizes=\"auto, (max-width: 640px) 100vw, 640px\" \/>\t\t\t\t\t\t\t\t\t\t\t\t\t\t\t\n\t\t<p>(Foto: INDET)<\/p><p>Una gran jornada de actividades se vivi\u00f3 con el atletismo, ajedrez, b\u00e9isbol, b\u00e1squetbol, f\u00fatbol, nataci\u00f3n, voleibol de sala y voleibol de playa, en el evento en el que se re\u00fanen m\u00e1s de 2 mil trabajadores procedentes de 21 entidades del pa\u00eds, nueve sindicatos y el Instituto Mexicano del Seguro Social.<\/p>\t\t\n\t\t\t\t\t\t\t\t\t\t\t\t\t\t\t<img decoding=\"async\" width=\"640\" height=\"587\" src=\"https:\/\/esbozodeportivo.com\/wp-content\/uploads\/2023\/11\/DSCN8842-1024x939.jpg\" alt=\"\" loading=\"lazy\" srcset=\"https:\/\/esbozodeportivo.com\/wp-content\/uploads\/2023\/11\/DSCN8842-1024x939.jpg 1024w, https:\/\/esbozodeportivo.com\/wp-content\/uploads\/2023\/11\/DSCN8842-300x275.jpg 300w, https:\/\/esbozodeportivo.com\/wp-content\/uploads\/2023\/11\/DSCN8842-768x704.jpg 768w, https:\/\/esbozodeportivo.com\/wp-content\/uploads\/2023\/11\/DSCN8842-1536x1409.jpg 1536w, https:\/\/esbozodeportivo.com\/wp-content\/uploads\/2023\/11\/DSCN8842.jpg 1801w\" sizes=\"auto, (max-width: 640px) 100vw, 640px\" \/>\t\t\t\t\t\t\t\t\t\t\t\t\t\t\t\n\t\t<p>(Foto: INDET)<\/p><p>La categor\u00eda libre senior varonil \u00a0de la prueba de los 1,600 metros, fue dominada por Mart\u00edn Gu\u00edzar Aguilar, de Chiapas, para dejar la medalla de plata a Javier Jacal, de Quer\u00e9taro, y el bronce para Carlos Velasco, de Guardia Nacional, mientras que en femenil se coron\u00f3 la mexiquense Rub\u00ed Rivera de Haro; la plata y el bronce fueron para Ana Z\u00e1rate, de Guanajuato, y Gabriela Robles, del Estado de M\u00e9xico.<\/p>\t\t\n\t\t\t\t\t\t\t\t\t\t\t\t\t\t\t<img decoding=\"async\" width=\"640\" height=\"667\" src=\"https:\/\/esbozodeportivo.com\/wp-content\/uploads\/2023\/11\/DSCN8845-983x1024.jpg\" alt=\"\" loading=\"lazy\" srcset=\"https:\/\/esbozodeportivo.com\/wp-content\/uploads\/2023\/11\/DSCN8845-983x1024.jpg 983w, https:\/\/esbozodeportivo.com\/wp-content\/uploads\/2023\/11\/DSCN8845-288x300.jpg 288w, https:\/\/esbozodeportivo.com\/wp-content\/uploads\/2023\/11\/DSCN8845-768x800.jpg 768w, https:\/\/esbozodeportivo.com\/wp-content\/uploads\/2023\/11\/DSCN8845-1474x1536.jpg 1474w, https:\/\/esbozodeportivo.com\/wp-content\/uploads\/2023\/11\/DSCN8845-1024x1067.jpg 1024w, https:\/\/esbozodeportivo.com\/wp-content\/uploads\/2023\/11\/DSCN8845.jpg 1815w\" sizes=\"auto, (max-width: 640px) 100vw, 640px\" \/>\t\t\t\t\t\t\t\t\t\t\t\t\t\t\t\n\t\t<p>(Foto: INDET)<\/p><p>Por lo que respecta a la categor\u00eda m\u00e1ster A varonil, el capitalino Omar Mar\u00edn Gonz\u00e1lez se llev\u00f3 la medalla de oro, escoltado por el michoacano Ismael de Nova y el chiapaneco Fortino Garc\u00eda; el oro en la rama femenil fue para la mexiquense Alondra Mart\u00ednez, seguida por la chiapaneca Ana S\u00e1nchez Ruiz y la nayarita Paola Zamora Vargas.<\/p>\n<p>\u00a0<\/p>\t\t\n\t\t\t\t\t\t\t\t\t\t\t\t\t\t\t<img decoding=\"async\" width=\"640\" height=\"574\" src=\"https:\/\/esbozodeportivo.com\/wp-content\/uploads\/2023\/11\/DSCN8847-1024x918.jpg\" alt=\"\" loading=\"lazy\" srcset=\"https:\/\/esbozodeportivo.com\/wp-content\/uploads\/2023\/11\/DSCN8847-1024x918.jpg 1024w, https:\/\/esbozodeportivo.com\/wp-content\/uploads\/2023\/11\/DSCN8847-300x269.jpg 300w, https:\/\/esbozodeportivo.com\/wp-content\/uploads\/2023\/11\/DSCN8847-768x689.jpg 768w, https:\/\/esbozodeportivo.com\/wp-content\/uploads\/2023\/11\/DSCN8847-1536x1378.jpg 1536w, https:\/\/esbozodeportivo.com\/wp-content\/uploads\/2023\/11\/DSCN8847.jpg 1834w\" sizes=\"auto, (max-width: 640px) 100vw, 640px\" \/>\t\t\t\t\t\t\t\t\t\t\t\t\t\t\t\n\t\t<p>(Foto: INDET)<\/p><p>El mexiquense V\u00edctor Mart\u00ednez se adjudic\u00f3 el metal dorado en los 1600 metros de la categor\u00eda master varonil, seguido con la pata y el bronce por los corredores Pedro Valencia y Amado Zamora, de Michoac\u00e1n y Estado de M\u00e9xico, respectivamente. La categor\u00eda C varonil fue para Miguel Bravo, del Estado de M\u00e9xico; la plata y el bronce correspondieron a Miguel Olvera, tambi\u00e9n del Estado de M\u00e9xico, y al queretano No\u00e9 Feregrino.<\/p>\n<p>\u00a0<\/p>\t\t\n\t\t\t\t\t\t\t\t\t\t\t\t\t\t\t<img decoding=\"async\" width=\"640\" height=\"688\" src=\"https:\/\/esbozodeportivo.com\/wp-content\/uploads\/2023\/11\/DSCN8848-953x1024.jpg\" alt=\"\" loading=\"lazy\" srcset=\"https:\/\/esbozodeportivo.com\/wp-content\/uploads\/2023\/11\/DSCN8848-953x1024.jpg 953w, https:\/\/esbozodeportivo.com\/wp-content\/uploads\/2023\/11\/DSCN8848-279x300.jpg 279w, https:\/\/esbozodeportivo.com\/wp-content\/uploads\/2023\/11\/DSCN8848-768x825.jpg 768w, https:\/\/esbozodeportivo.com\/wp-content\/uploads\/2023\/11\/DSCN8848-1429x1536.jpg 1429w, https:\/\/esbozodeportivo.com\/wp-content\/uploads\/2023\/11\/DSCN8848-1024x1100.jpg 1024w, https:\/\/esbozodeportivo.com\/wp-content\/uploads\/2023\/11\/DSCN8848.jpg 1783w\" sizes=\"auto, (max-width: 640px) 100vw, 640px\" \/>\t\t\t\t\t\t\t\t\t\t\t\t\t\t\t\n\t\t<p>(Foto: INDET)<\/p><p>El programa cerr\u00f3 con el recorrido para la categor\u00eda master C Femenil, en la cual se coron\u00f3 la mexiquense Emma Ocotl\u00e1n.<\/p>\n<p>Mientras que en las finales de nataci\u00f3n en los 400 metros libre, Quer\u00e9taro hizo el 1-2 con V\u00edctor Manuel Bonilla y Roberto Carlos Flores; el bronce fue para Jos\u00e9 Contreras, del INDET Nuevo Le\u00f3n; en los 50 \u00a0metros pecho, categor\u00eda 39-48 a\u00f1os, el oro fue para Jessica Ulloa, seguida por la michoacana Janett Ba\u00f1os y la queretana Mar\u00eda Holgu\u00edn.<\/p>\n<p>En la prueba varonil para esta categor\u00eda, el metal dorado fue para Heriberto Armend\u00e1riz, del INDET Nuevo Le\u00f3n.<\/p>\n<p>\u00a0<\/p>\t\t\n\t\t\t\t\t\t\t\t\t\t\t\t\t\t\t<img decoding=\"async\" width=\"640\" height=\"480\" src=\"https:\/\/esbozodeportivo.com\/wp-content\/uploads\/2023\/11\/DSCN8855-1024x768.jpg\" alt=\"\" loading=\"lazy\" srcset=\"https:\/\/esbozodeportivo.com\/wp-content\/uploads\/2023\/11\/DSCN8855-1024x768.jpg 1024w, https:\/\/esbozodeportivo.com\/wp-content\/uploads\/2023\/11\/DSCN8855-300x225.jpg 300w, https:\/\/esbozodeportivo.com\/wp-content\/uploads\/2023\/11\/DSCN8855-768x576.jpg 768w, https:\/\/esbozodeportivo.com\/wp-content\/uploads\/2023\/11\/DSCN8855-1536x1152.jpg 1536w, https:\/\/esbozodeportivo.com\/wp-content\/uploads\/2023\/11\/DSCN8855-2048x1536.jpg 2048w\" sizes=\"auto, (max-width: 640px) 100vw, 640px\" \/>\t\t\t\t\t\t\t\t\t\t\t\t\t\t\t\n\t\t<p>(Foto: INDET)<\/p>","protected":false},"excerpt":{"rendered":"<p>(Foto: INDET) OAXTEPEC, Morelos.-\u00a0El atletismo y la nataci\u00f3n\u00a0presentaron a los primeros medallistas de los 51<\/p>\n","protected":false},"author":2,"featured_media":0,"comment_status":"open","ping_status":"open","sticky":false,"template":"","format":"standard","meta":{"_jetpack_memberships_contains_paid_content":false,"footnotes":""},"categories":[5],"tags":[],"class_list":["post-1796","post","type-post","status-publish","format-standard","hentry","category-amateur"],"yoast_head":"<!-- This site is optimized with the Yoast SEO plugin v25.7 - https:\/\/yoast.com\/wordpress\/plugins\/seo\/ -->\n<title>El atletismo y la nataci\u00f3n abren con medallas en los 51 Juegos Nacionales Deportivos - Esbozo Deportivo<\/title>\n<meta name=\"robots\" content=\"index, follow, max-snippet:-1, max-image-preview:large, max-video-preview:-1\" \/>\n<link rel=\"canonical\" href=\"https:\/\/esbozodeportivo.com\/index.php\/2023\/11\/08\/el-atletismo-y-la-natacion-abren-con-medallas-en-los-51-juegos-nacionales-deportivos\/\" \/>\n<meta property=\"og:locale\" content=\"es_MX\" \/>\n<meta property=\"og:type\" content=\"article\" \/>\n<meta property=\"og:title\" content=\"El atletismo y la nataci\u00f3n abren con medallas en los 51 Juegos Nacionales Deportivos - Esbozo Deportivo\" \/>\n<meta property=\"og:description\" content=\"(Foto: INDET) OAXTEPEC, Morelos.-\u00a0El atletismo y la nataci\u00f3n\u00a0presentaron a los primeros medallistas de los 51\" \/>\n<meta property=\"og:url\" content=\"https:\/\/esbozodeportivo.com\/index.php\/2023\/11\/08\/el-atletismo-y-la-natacion-abren-con-medallas-en-los-51-juegos-nacionales-deportivos\/\" \/>\n<meta property=\"og:site_name\" content=\"Esbozo Deportivo\" \/>\n<meta property=\"article:published_time\" content=\"2023-11-08T23:47:26+00:00\" \/>\n<meta property=\"article:modified_time\" content=\"2023-11-08T23:54:34+00:00\" \/>\n<meta property=\"og:image\" content=\"https:\/\/esbozodeportivo.com\/wp-content\/uploads\/2023\/11\/DSCN8754-1024x768.jpg\" \/>\n<meta name=\"author\" content=\"Javier De La Cruz\" \/>\n<meta name=\"twitter:card\" content=\"summary_large_image\" \/>\n<meta name=\"twitter:label1\" content=\"Escrito por\" \/>\n\t<meta name=\"twitter:data1\" content=\"Javier De La Cruz\" \/>\n\t<meta name=\"twitter:label2\" content=\"Tiempo de lectura\" \/>\n\t<meta name=\"twitter:data2\" content=\"2 minutos\" \/>\n<script type=\"application\/ld+json\" class=\"yoast-schema-graph\">{\"@context\":\"https:\/\/schema.org\",\"@graph\":[{\"@type\":\"Article\",\"@id\":\"https:\/\/esbozodeportivo.com\/index.php\/2023\/11\/08\/el-atletismo-y-la-natacion-abren-con-medallas-en-los-51-juegos-nacionales-deportivos\/#article\",\"isPartOf\":{\"@id\":\"https:\/\/esbozodeportivo.com\/index.php\/2023\/11\/08\/el-atletismo-y-la-natacion-abren-con-medallas-en-los-51-juegos-nacionales-deportivos\/\"},\"author\":{\"name\":\"Javier De La Cruz\",\"@id\":\"https:\/\/esbozodeportivo.com\/#\/schema\/person\/7277119c98823aec37bbb84e125efd44\"},\"headline\":\"El atletismo y la nataci\u00f3n abren con medallas en los 51 Juegos Nacionales Deportivos\",\"datePublished\":\"2023-11-08T23:47:26+00:00\",\"dateModified\":\"2023-11-08T23:54:34+00:00\",\"mainEntityOfPage\":{\"@id\":\"https:\/\/esbozodeportivo.com\/index.php\/2023\/11\/08\/el-atletismo-y-la-natacion-abren-con-medallas-en-los-51-juegos-nacionales-deportivos\/\"},\"wordCount\":480,\"commentCount\":0,\"publisher\":{\"@id\":\"https:\/\/esbozodeportivo.com\/#organization\"},\"image\":{\"@id\":\"https:\/\/esbozodeportivo.com\/index.php\/2023\/11\/08\/el-atletismo-y-la-natacion-abren-con-medallas-en-los-51-juegos-nacionales-deportivos\/#primaryimage\"},\"thumbnailUrl\":\"https:\/\/esbozodeportivo.com\/wp-content\/uploads\/2023\/11\/DSCN8754-1024x768.jpg\",\"articleSection\":[\"Amateur\"],\"inLanguage\":\"es\",\"potentialAction\":[{\"@type\":\"CommentAction\",\"name\":\"Comment\",\"target\":[\"https:\/\/esbozodeportivo.com\/index.php\/2023\/11\/08\/el-atletismo-y-la-natacion-abren-con-medallas-en-los-51-juegos-nacionales-deportivos\/#respond\"]}]},{\"@type\":\"WebPage\",\"@id\":\"https:\/\/esbozodeportivo.com\/index.php\/2023\/11\/08\/el-atletismo-y-la-natacion-abren-con-medallas-en-los-51-juegos-nacionales-deportivos\/\",\"url\":\"https:\/\/esbozodeportivo.com\/index.php\/2023\/11\/08\/el-atletismo-y-la-natacion-abren-con-medallas-en-los-51-juegos-nacionales-deportivos\/\",\"name\":\"El atletismo y la nataci\u00f3n abren con medallas en los 51 Juegos Nacionales Deportivos - Esbozo Deportivo\",\"isPartOf\":{\"@id\":\"https:\/\/esbozodeportivo.com\/#website\"},\"primaryImageOfPage\":{\"@id\":\"https:\/\/esbozodeportivo.com\/index.php\/2023\/11\/08\/el-atletismo-y-la-natacion-abren-con-medallas-en-los-51-juegos-nacionales-deportivos\/#primaryimage\"},\"image\":{\"@id\":\"https:\/\/esbozodeportivo.com\/index.php\/2023\/11\/08\/el-atletismo-y-la-natacion-abren-con-medallas-en-los-51-juegos-nacionales-deportivos\/#primaryimage\"},\"thumbnailUrl\":\"https:\/\/esbozodeportivo.com\/wp-content\/uploads\/2023\/11\/DSCN8754-1024x768.jpg\",\"datePublished\":\"2023-11-08T23:47:26+00:00\",\"dateModified\":\"2023-11-08T23:54:34+00:00\",\"breadcrumb\":{\"@id\":\"https:\/\/esbozodeportivo.com\/index.php\/2023\/11\/08\/el-atletismo-y-la-natacion-abren-con-medallas-en-los-51-juegos-nacionales-deportivos\/#breadcrumb\"},\"inLanguage\":\"es\",\"potentialAction\":[{\"@type\":\"ReadAction\",\"target\":[\"https:\/\/esbozodeportivo.com\/index.php\/2023\/11\/08\/el-atletismo-y-la-natacion-abren-con-medallas-en-los-51-juegos-nacionales-deportivos\/\"]}]},{\"@type\":\"ImageObject\",\"inLanguage\":\"es\",\"@id\":\"https:\/\/esbozodeportivo.com\/index.php\/2023\/11\/08\/el-atletismo-y-la-natacion-abren-con-medallas-en-los-51-juegos-nacionales-deportivos\/#primaryimage\",\"url\":\"https:\/\/esbozodeportivo.com\/wp-content\/uploads\/2023\/11\/DSCN8754-scaled.jpg\",\"contentUrl\":\"https:\/\/esbozodeportivo.com\/wp-content\/uploads\/2023\/11\/DSCN8754-scaled.jpg\",\"width\":2560,\"height\":1920},{\"@type\":\"BreadcrumbList\",\"@id\":\"https:\/\/esbozodeportivo.com\/index.php\/2023\/11\/08\/el-atletismo-y-la-natacion-abren-con-medallas-en-los-51-juegos-nacionales-deportivos\/#breadcrumb\",\"itemListElement\":[{\"@type\":\"ListItem\",\"position\":1,\"name\":\"Inicio\",\"item\":\"https:\/\/esbozodeportivo.com\/\"},{\"@type\":\"ListItem\",\"position\":2,\"name\":\"El atletismo y la nataci\u00f3n abren con medallas en los 51 Juegos Nacionales Deportivos\"}]},{\"@type\":\"WebSite\",\"@id\":\"https:\/\/esbozodeportivo.com\/#website\",\"url\":\"https:\/\/esbozodeportivo.com\/\",\"name\":\"Esbozo Deportivo\",\"description\":\"Lo m\u00e1s importante del Deporte\",\"publisher\":{\"@id\":\"https:\/\/esbozodeportivo.com\/#organization\"},\"potentialAction\":[{\"@type\":\"SearchAction\",\"target\":{\"@type\":\"EntryPoint\",\"urlTemplate\":\"https:\/\/esbozodeportivo.com\/?s={search_term_string}\"},\"query-input\":{\"@type\":\"PropertyValueSpecification\",\"valueRequired\":true,\"valueName\":\"search_term_string\"}}],\"inLanguage\":\"es\"},{\"@type\":\"Organization\",\"@id\":\"https:\/\/esbozodeportivo.com\/#organization\",\"name\":\"Esbozo Deportivo\",\"url\":\"https:\/\/esbozodeportivo.com\/\",\"logo\":{\"@type\":\"ImageObject\",\"inLanguage\":\"es\",\"@id\":\"https:\/\/esbozodeportivo.com\/#\/schema\/logo\/image\/\",\"url\":\"https:\/\/esbozodeportivo.com\/wp-content\/uploads\/2022\/08\/cropped-Logo-Esbozo-Web-2.png\",\"contentUrl\":\"https:\/\/esbozodeportivo.com\/wp-content\/uploads\/2022\/08\/cropped-Logo-Esbozo-Web-2.png\",\"width\":180,\"height\":50,\"caption\":\"Esbozo Deportivo\"},\"image\":{\"@id\":\"https:\/\/esbozodeportivo.com\/#\/schema\/logo\/image\/\"}},{\"@type\":\"Person\",\"@id\":\"https:\/\/esbozodeportivo.com\/#\/schema\/person\/7277119c98823aec37bbb84e125efd44\",\"name\":\"Javier De La Cruz\",\"image\":{\"@type\":\"ImageObject\",\"inLanguage\":\"es\",\"@id\":\"https:\/\/esbozodeportivo.com\/#\/schema\/person\/image\/\",\"url\":\"https:\/\/secure.gravatar.com\/avatar\/366235a56d20f1a6e8e3d0b295897639357bea880470ddf261d17bb0bc052eb1?s=96&d=mm&r=g\",\"contentUrl\":\"https:\/\/secure.gravatar.com\/avatar\/366235a56d20f1a6e8e3d0b295897639357bea880470ddf261d17bb0bc052eb1?s=96&d=mm&r=g\",\"caption\":\"Javier De La Cruz\"},\"url\":\"https:\/\/esbozodeportivo.com\/index.php\/author\/javier-de-la-cruz-de-la-cruz\/\"}]}<\/script>\n<!-- \/ Yoast SEO plugin. -->","yoast_head_json":{"title":"El atletismo y la nataci\u00f3n abren con medallas en los 51 Juegos Nacionales Deportivos - Esbozo Deportivo","robots":{"index":"index","follow":"follow","max-snippet":"max-snippet:-1","max-image-preview":"max-image-preview:large","max-video-preview":"max-video-preview:-1"},"canonical":"https:\/\/esbozodeportivo.com\/index.php\/2023\/11\/08\/el-atletismo-y-la-natacion-abren-con-medallas-en-los-51-juegos-nacionales-deportivos\/","og_locale":"es_MX","og_type":"article","og_title":"El atletismo y la nataci\u00f3n abren con medallas en los 51 Juegos Nacionales Deportivos - Esbozo Deportivo","og_description":"(Foto: INDET) OAXTEPEC, Morelos.-\u00a0El atletismo y la nataci\u00f3n\u00a0presentaron a los primeros medallistas de los 51","og_url":"https:\/\/esbozodeportivo.com\/index.php\/2023\/11\/08\/el-atletismo-y-la-natacion-abren-con-medallas-en-los-51-juegos-nacionales-deportivos\/","og_site_name":"Esbozo Deportivo","article_published_time":"2023-11-08T23:47:26+00:00","article_modified_time":"2023-11-08T23:54:34+00:00","og_image":[{"url":"https:\/\/esbozodeportivo.com\/wp-content\/uploads\/2023\/11\/DSCN8754-1024x768.jpg","type":"","width":"","height":""}],"author":"Javier De La Cruz","twitter_card":"summary_large_image","twitter_misc":{"Escrito por":"Javier De La Cruz","Tiempo de lectura":"2 minutos"},"schema":{"@context":"https:\/\/schema.org","@graph":[{"@type":"Article","@id":"https:\/\/esbozodeportivo.com\/index.php\/2023\/11\/08\/el-atletismo-y-la-natacion-abren-con-medallas-en-los-51-juegos-nacionales-deportivos\/#article","isPartOf":{"@id":"https:\/\/esbozodeportivo.com\/index.php\/2023\/11\/08\/el-atletismo-y-la-natacion-abren-con-medallas-en-los-51-juegos-nacionales-deportivos\/"},"author":{"name":"Javier De La Cruz","@id":"https:\/\/esbozodeportivo.com\/#\/schema\/person\/7277119c98823aec37bbb84e125efd44"},"headline":"El atletismo y la nataci\u00f3n abren con medallas en los 51 Juegos Nacionales Deportivos","datePublished":"2023-11-08T23:47:26+00:00","dateModified":"2023-11-08T23:54:34+00:00","mainEntityOfPage":{"@id":"https:\/\/esbozodeportivo.com\/index.php\/2023\/11\/08\/el-atletismo-y-la-natacion-abren-con-medallas-en-los-51-juegos-nacionales-deportivos\/"},"wordCount":480,"commentCount":0,"publisher":{"@id":"https:\/\/esbozodeportivo.com\/#organization"},"image":{"@id":"https:\/\/esbozodeportivo.com\/index.php\/2023\/11\/08\/el-atletismo-y-la-natacion-abren-con-medallas-en-los-51-juegos-nacionales-deportivos\/#primaryimage"},"thumbnailUrl":"https:\/\/esbozodeportivo.com\/wp-content\/uploads\/2023\/11\/DSCN8754-1024x768.jpg","articleSection":["Amateur"],"inLanguage":"es","potentialAction":[{"@type":"CommentAction","name":"Comment","target":["https:\/\/esbozodeportivo.com\/index.php\/2023\/11\/08\/el-atletismo-y-la-natacion-abren-con-medallas-en-los-51-juegos-nacionales-deportivos\/#respond"]}]},{"@type":"WebPage","@id":"https:\/\/esbozodeportivo.com\/index.php\/2023\/11\/08\/el-atletismo-y-la-natacion-abren-con-medallas-en-los-51-juegos-nacionales-deportivos\/","url":"https:\/\/esbozodeportivo.com\/index.php\/2023\/11\/08\/el-atletismo-y-la-natacion-abren-con-medallas-en-los-51-juegos-nacionales-deportivos\/","name":"El atletismo y la nataci\u00f3n abren con medallas en los 51 Juegos Nacionales Deportivos - Esbozo Deportivo","isPartOf":{"@id":"https:\/\/esbozodeportivo.com\/#website"},"primaryImageOfPage":{"@id":"https:\/\/esbozodeportivo.com\/index.php\/2023\/11\/08\/el-atletismo-y-la-natacion-abren-con-medallas-en-los-51-juegos-nacionales-deportivos\/#primaryimage"},"image":{"@id":"https:\/\/esbozodeportivo.com\/index.php\/2023\/11\/08\/el-atletismo-y-la-natacion-abren-con-medallas-en-los-51-juegos-nacionales-deportivos\/#primaryimage"},"thumbnailUrl":"https:\/\/esbozodeportivo.com\/wp-content\/uploads\/2023\/11\/DSCN8754-1024x768.jpg","datePublished":"2023-11-08T23:47:26+00:00","dateModified":"2023-11-08T23:54:34+00:00","breadcrumb":{"@id":"https:\/\/esbozodeportivo.com\/index.php\/2023\/11\/08\/el-atletismo-y-la-natacion-abren-con-medallas-en-los-51-juegos-nacionales-deportivos\/#breadcrumb"},"inLanguage":"es","potentialAction":[{"@type":"ReadAction","target":["https:\/\/esbozodeportivo.com\/index.php\/2023\/11\/08\/el-atletismo-y-la-natacion-abren-con-medallas-en-los-51-juegos-nacionales-deportivos\/"]}]},{"@type":"ImageObject","inLanguage":"es","@id":"https:\/\/esbozodeportivo.com\/index.php\/2023\/11\/08\/el-atletismo-y-la-natacion-abren-con-medallas-en-los-51-juegos-nacionales-deportivos\/#primaryimage","url":"https:\/\/esbozodeportivo.com\/wp-content\/uploads\/2023\/11\/DSCN8754-scaled.jpg","contentUrl":"https:\/\/esbozodeportivo.com\/wp-content\/uploads\/2023\/11\/DSCN8754-scaled.jpg","width":2560,"height":1920},{"@type":"BreadcrumbList","@id":"https:\/\/esbozodeportivo.com\/index.php\/2023\/11\/08\/el-atletismo-y-la-natacion-abren-con-medallas-en-los-51-juegos-nacionales-deportivos\/#breadcrumb","itemListElement":[{"@type":"ListItem","position":1,"name":"Inicio","item":"https:\/\/esbozodeportivo.com\/"},{"@type":"ListItem","position":2,"name":"El atletismo y la nataci\u00f3n abren con medallas en los 51 Juegos Nacionales Deportivos"}]},{"@type":"WebSite","@id":"https:\/\/esbozodeportivo.com\/#website","url":"https:\/\/esbozodeportivo.com\/","name":"Esbozo Deportivo","description":"Lo m\u00e1s importante del Deporte","publisher":{"@id":"https:\/\/esbozodeportivo.com\/#organization"},"potentialAction":[{"@type":"SearchAction","target":{"@type":"EntryPoint","urlTemplate":"https:\/\/esbozodeportivo.com\/?s={search_term_string}"},"query-input":{"@type":"PropertyValueSpecification","valueRequired":true,"valueName":"search_term_string"}}],"inLanguage":"es"},{"@type":"Organization","@id":"https:\/\/esbozodeportivo.com\/#organization","name":"Esbozo Deportivo","url":"https:\/\/esbozodeportivo.com\/","logo":{"@type":"ImageObject","inLanguage":"es","@id":"https:\/\/esbozodeportivo.com\/#\/schema\/logo\/image\/","url":"https:\/\/esbozodeportivo.com\/wp-content\/uploads\/2022\/08\/cropped-Logo-Esbozo-Web-2.png","contentUrl":"https:\/\/esbozodeportivo.com\/wp-content\/uploads\/2022\/08\/cropped-Logo-Esbozo-Web-2.png","width":180,"height":50,"caption":"Esbozo Deportivo"},"image":{"@id":"https:\/\/esbozodeportivo.com\/#\/schema\/logo\/image\/"}},{"@type":"Person","@id":"https:\/\/esbozodeportivo.com\/#\/schema\/person\/7277119c98823aec37bbb84e125efd44","name":"Javier De La Cruz","image":{"@type":"ImageObject","inLanguage":"es","@id":"https:\/\/esbozodeportivo.com\/#\/schema\/person\/image\/","url":"https:\/\/secure.gravatar.com\/avatar\/366235a56d20f1a6e8e3d0b295897639357bea880470ddf261d17bb0bc052eb1?s=96&d=mm&r=g","contentUrl":"https:\/\/secure.gravatar.com\/avatar\/366235a56d20f1a6e8e3d0b295897639357bea880470ddf261d17bb0bc052eb1?s=96&d=mm&r=g","caption":"Javier De La Cruz"},"url":"https:\/\/esbozodeportivo.com\/index.php\/author\/javier-de-la-cruz-de-la-cruz\/"}]}},"jetpack_featured_media_url":"","jetpack_sharing_enabled":true,"_links":{"self":[{"href":"https:\/\/esbozodeportivo.com\/index.php\/wp-json\/wp\/v2\/posts\/1796","targetHints":{"allow":["GET"]}}],"collection":[{"href":"https:\/\/esbozodeportivo.com\/index.php\/wp-json\/wp\/v2\/posts"}],"about":[{"href":"https:\/\/esbozodeportivo.com\/index.php\/wp-json\/wp\/v2\/types\/post"}],"author":[{"embeddable":true,"href":"https:\/\/esbozodeportivo.com\/index.php\/wp-json\/wp\/v2\/users\/2"}],"replies":[{"embeddable":true,"href":"https:\/\/esbozodeportivo.com\/index.php\/wp-json\/wp\/v2\/comments?post=1796"}],"version-history":[{"count":4,"href":"https:\/\/esbozodeportivo.com\/index.php\/wp-json\/wp\/v2\/posts\/1796\/revisions"}],"predecessor-version":[{"id":1807,"href":"https:\/\/esbozodeportivo.com\/index.php\/wp-json\/wp\/v2\/posts\/1796\/revisions\/1807"}],"wp:attachment":[{"href":"https:\/\/esbozodeportivo.com\/index.php\/wp-json\/wp\/v2\/media?parent=1796"}],"wp:term":[{"taxonomy":"category","embeddable":true,"href":"https:\/\/esbozodeportivo.com\/index.php\/wp-json\/wp\/v2\/categories?post=1796"},{"taxonomy":"post_tag","embeddable":true,"href":"https:\/\/esbozodeportivo.com\/index.php\/wp-json\/wp\/v2\/tags?post=1796"}],"curies":[{"name":"wp","href":"https:\/\/api.w.org\/{rel}","templated":true}]}}