{"id":180,"date":"2022-08-09T02:14:36","date_gmt":"2022-08-09T02:14:36","guid":{"rendered":"https:\/\/esbozodeportivo.com\/?p=180"},"modified":"2022-08-09T02:18:14","modified_gmt":"2022-08-09T02:18:14","slug":"ciclismo-mexicano-presente-en-lima-peru","status":"publish","type":"post","link":"https:\/\/esbozodeportivo.com\/index.php\/2022\/08\/09\/ciclismo-mexicano-presente-en-lima-peru\/","title":{"rendered":"Ciclismo mexicano presente en Lima Per\u00fa"},"content":{"rendered":"<p style=\"background: white; margin: 12.0pt 0cm 19.5pt 0cm;\">(CONADE).- Del 10 al 14 de agosto el vel\u00f3dromo de la Villa Nacional Deportiva (VIDENA), en Lima, Per\u00fa, ser\u00e1 el escenario donde competir\u00e1n 19 pa\u00edses en el Campeonato Panamericano Elite de la especialidad, y en el que M\u00e9xico estar\u00e1 presente con un grupo de 18 pedalistas que buscar\u00e1n subir a lo m\u00e1s alto del podio e iniciar el proceso ol\u00edmpico rumbo a Par\u00eds 2024.<\/p>\n<p style=\"background: white; margin: 12.0pt 0cm 19.5pt 0cm;\">La delegaci\u00f3n nacional, que viaj\u00f3 con el respaldo de la Comisi\u00f3n Nacional de Cultura F\u00edsica y Deporte (CONADE), se encuentra, desde el pasado 5 de agosto, en la capital peruana, lugar donde comenz\u00f3 con los entrenamientos previos al arranque de competencia, que ser\u00e1 el pr\u00f3ximo mi\u00e9rcoles.<\/p>\n<style>\/*! elementor - v3.6.8 - 27-07-2022 *\/\n.elementor-widget-image{text-align:center}.elementor-widget-image a{display:inline-block}.elementor-widget-image a img[src$=\".svg\"]{width:48px}.elementor-widget-image img{vertical-align:middle;display:inline-block}<\/style>\n<p>\t\t\t\t\t\t\t\t\t\t\t\t<img decoding=\"async\" width=\"640\" height=\"446\" src=\"https:\/\/esbozodeportivo.com\/wp-content\/uploads\/2022\/08\/Seleccion-Ciclismo2-1024x713.jpeg\" alt=\"\" loading=\"lazy\" srcset=\"https:\/\/esbozodeportivo.com\/wp-content\/uploads\/2022\/08\/Seleccion-Ciclismo2-1024x713.jpeg 1024w, https:\/\/esbozodeportivo.com\/wp-content\/uploads\/2022\/08\/Seleccion-Ciclismo2-300x209.jpeg 300w, https:\/\/esbozodeportivo.com\/wp-content\/uploads\/2022\/08\/Seleccion-Ciclismo2-768x535.jpeg 768w, https:\/\/esbozodeportivo.com\/wp-content\/uploads\/2022\/08\/Seleccion-Ciclismo2-825x575.jpeg 825w, https:\/\/esbozodeportivo.com\/wp-content\/uploads\/2022\/08\/Seleccion-Ciclismo2-590x410.jpeg 590w, https:\/\/esbozodeportivo.com\/wp-content\/uploads\/2022\/08\/Seleccion-Ciclismo2.jpeg 1280w\" sizes=\"auto, (max-width: 640px) 100vw, 640px\" \/>\t\t\t\t\t\t\t\t\t\t\t\t\t\t\t<\/p>\n<p>Un total de 18 ciclistas, especialistas en velocidad y medio fondo, son los que integran la selecci\u00f3n nacional, quienes ganaron su lugar luego de obtener los primeros lugares en el Campeonato Nacional de Ciclismo de Pista, efectuado el pasado julio, en el renovado vel\u00f3dromo CNAR.<\/p>\n<p>El equipo de velocidad femenil es liderado por las ol\u00edmpicas en Tokio 2020, Luz Daniela Gaxiola Gonz\u00e1lez y Yuli Paola Verdugo Osuna; adem\u00e1s de la subcampeona mundial, Jessica Salazar Valles y en calidad de reserva se encuentra Mar\u00eda Jos\u00e9 Vizcaino Garc\u00eda; mientras que el varonil, lo conforman Ridley Naim Malo Villaobos, Edgar Ismael Verdugo Osuna, Juan Carlos Ruiz Ter\u00e1n y Jes\u00fas Daniel Garc\u00eda Reyes.<\/p>\n<p>\t\t\t\t\t\t\t\t\t\t\t\t\t\t\t<img decoding=\"async\" width=\"640\" height=\"426\" src=\"https:\/\/esbozodeportivo.com\/wp-content\/uploads\/2022\/08\/Seleccion-Ciclismo1-1024x682.jpeg\" alt=\"\" loading=\"lazy\" srcset=\"https:\/\/esbozodeportivo.com\/wp-content\/uploads\/2022\/08\/Seleccion-Ciclismo1-1024x682.jpeg 1024w, https:\/\/esbozodeportivo.com\/wp-content\/uploads\/2022\/08\/Seleccion-Ciclismo1-300x200.jpeg 300w, https:\/\/esbozodeportivo.com\/wp-content\/uploads\/2022\/08\/Seleccion-Ciclismo1-768x512.jpeg 768w, https:\/\/esbozodeportivo.com\/wp-content\/uploads\/2022\/08\/Seleccion-Ciclismo1.jpeg 1280w\" sizes=\"auto, (max-width: 640px) 100vw, 640px\" \/>\t\t\t\t\t\t\t\t\t\t\t\t\t\t\t<\/p>\n<p>Para las carreras de medio fondo destacan las medallistas panamericanas en Cali-Valle 2021, Yareli Acevedo Mendoza, Victoria Velasco Fuentes y Nicole C\u00f3rdova Guerra; la experimentada Mar\u00eda Antonieta Gaxiola Gonz\u00e1lez, los subcampeones panamericanos juveniles, Ricardo Pe\u00f1a Salas y Tomas Aguirre Garza; as\u00ed como, Fernando Gabriel Navarro Romo, Ram\u00f3n Mu\u00f1iz, Ricardo Abdiel Carre\u00f3n Alfaro y Edibaldo Maldonado Rayas.<\/p>\n<p>Las pruebas en las que se competir\u00e1 en la justa continental son: velocidad, keirin, contrarreloj un kil\u00f3metro y 500 metros, velocidad por equipos, persecuci\u00f3n individual y por equipos, carrera por puntos, scratch, \u00f3mnium, madison y eliminaci\u00f3n.<\/p>\n<p>\t\t\t\t\t\t\t\t\t\t\t\t\t\t\t<img decoding=\"async\" width=\"385\" height=\"227\" src=\"https:\/\/esbozodeportivo.com\/wp-content\/uploads\/2022\/08\/Seleccion-Ciclismo.jpeg\" alt=\"\" loading=\"lazy\" srcset=\"https:\/\/esbozodeportivo.com\/wp-content\/uploads\/2022\/08\/Seleccion-Ciclismo.jpeg 385w, https:\/\/esbozodeportivo.com\/wp-content\/uploads\/2022\/08\/Seleccion-Ciclismo-300x177.jpeg 300w\" sizes=\"auto, (max-width: 385px) 100vw, 385px\" \/>\t\t\t\t\t\t\t\t\t\t\t\t\t\t\t<\/p>\n<p>(Fotos: CONADE)<\/p>\n","protected":false},"excerpt":{"rendered":"<p>(CONADE).- Del 10 al 14 de agosto el vel\u00f3dromo de la Villa Nacional Deportiva (VIDENA),<\/p>\n","protected":false},"author":2,"featured_media":0,"comment_status":"open","ping_status":"open","sticky":false,"template":"","format":"standard","meta":{"_jetpack_memberships_contains_paid_content":false,"footnotes":""},"categories":[5,1],"tags":[],"class_list":["post-180","post","type-post","status-publish","format-standard","hentry","category-amateur","category-uncategorized"],"yoast_head":"<!-- This site is optimized with the Yoast SEO plugin v25.7 - https:\/\/yoast.com\/wordpress\/plugins\/seo\/ -->\n<title>Ciclismo mexicano presente en Lima Per\u00fa - Esbozo Deportivo<\/title>\n<meta name=\"robots\" content=\"index, follow, max-snippet:-1, max-image-preview:large, max-video-preview:-1\" \/>\n<link rel=\"canonical\" href=\"https:\/\/esbozodeportivo.com\/index.php\/2022\/08\/09\/ciclismo-mexicano-presente-en-lima-peru\/\" \/>\n<meta property=\"og:locale\" content=\"es_MX\" \/>\n<meta property=\"og:type\" content=\"article\" \/>\n<meta property=\"og:title\" content=\"Ciclismo mexicano presente en Lima Per\u00fa - Esbozo Deportivo\" \/>\n<meta property=\"og:description\" content=\"(CONADE).- Del 10 al 14 de agosto el vel\u00f3dromo de la Villa Nacional Deportiva (VIDENA),\" \/>\n<meta property=\"og:url\" content=\"https:\/\/esbozodeportivo.com\/index.php\/2022\/08\/09\/ciclismo-mexicano-presente-en-lima-peru\/\" \/>\n<meta property=\"og:site_name\" content=\"Esbozo Deportivo\" \/>\n<meta property=\"article:published_time\" content=\"2022-08-09T02:14:36+00:00\" \/>\n<meta property=\"article:modified_time\" content=\"2022-08-09T02:18:14+00:00\" \/>\n<meta property=\"og:image\" content=\"https:\/\/esbozodeportivo.com\/wp-content\/uploads\/2022\/08\/Seleccion-Ciclismo2-1024x713.jpeg\" \/>\n<meta name=\"author\" content=\"Javier De La Cruz\" \/>\n<meta name=\"twitter:card\" content=\"summary_large_image\" \/>\n<meta name=\"twitter:label1\" content=\"Escrito por\" \/>\n\t<meta name=\"twitter:data1\" content=\"Javier De La Cruz\" \/>\n\t<meta name=\"twitter:label2\" content=\"Tiempo de lectura\" \/>\n\t<meta name=\"twitter:data2\" content=\"2 minutos\" \/>\n<script type=\"application\/ld+json\" class=\"yoast-schema-graph\">{\"@context\":\"https:\/\/schema.org\",\"@graph\":[{\"@type\":\"Article\",\"@id\":\"https:\/\/esbozodeportivo.com\/index.php\/2022\/08\/09\/ciclismo-mexicano-presente-en-lima-peru\/#article\",\"isPartOf\":{\"@id\":\"https:\/\/esbozodeportivo.com\/index.php\/2022\/08\/09\/ciclismo-mexicano-presente-en-lima-peru\/\"},\"author\":{\"name\":\"Javier De La Cruz\",\"@id\":\"https:\/\/esbozodeportivo.com\/#\/schema\/person\/7277119c98823aec37bbb84e125efd44\"},\"headline\":\"Ciclismo mexicano presente en Lima Per\u00fa\",\"datePublished\":\"2022-08-09T02:14:36+00:00\",\"dateModified\":\"2022-08-09T02:18:14+00:00\",\"mainEntityOfPage\":{\"@id\":\"https:\/\/esbozodeportivo.com\/index.php\/2022\/08\/09\/ciclismo-mexicano-presente-en-lima-peru\/\"},\"wordCount\":343,\"commentCount\":0,\"publisher\":{\"@id\":\"https:\/\/esbozodeportivo.com\/#organization\"},\"image\":{\"@id\":\"https:\/\/esbozodeportivo.com\/index.php\/2022\/08\/09\/ciclismo-mexicano-presente-en-lima-peru\/#primaryimage\"},\"thumbnailUrl\":\"https:\/\/esbozodeportivo.com\/wp-content\/uploads\/2022\/08\/Seleccion-Ciclismo2-1024x713.jpeg\",\"articleSection\":[\"Amateur\",\"Uncategorized\"],\"inLanguage\":\"es\",\"potentialAction\":[{\"@type\":\"CommentAction\",\"name\":\"Comment\",\"target\":[\"https:\/\/esbozodeportivo.com\/index.php\/2022\/08\/09\/ciclismo-mexicano-presente-en-lima-peru\/#respond\"]}]},{\"@type\":\"WebPage\",\"@id\":\"https:\/\/esbozodeportivo.com\/index.php\/2022\/08\/09\/ciclismo-mexicano-presente-en-lima-peru\/\",\"url\":\"https:\/\/esbozodeportivo.com\/index.php\/2022\/08\/09\/ciclismo-mexicano-presente-en-lima-peru\/\",\"name\":\"Ciclismo mexicano presente en Lima Per\u00fa - Esbozo Deportivo\",\"isPartOf\":{\"@id\":\"https:\/\/esbozodeportivo.com\/#website\"},\"primaryImageOfPage\":{\"@id\":\"https:\/\/esbozodeportivo.com\/index.php\/2022\/08\/09\/ciclismo-mexicano-presente-en-lima-peru\/#primaryimage\"},\"image\":{\"@id\":\"https:\/\/esbozodeportivo.com\/index.php\/2022\/08\/09\/ciclismo-mexicano-presente-en-lima-peru\/#primaryimage\"},\"thumbnailUrl\":\"https:\/\/esbozodeportivo.com\/wp-content\/uploads\/2022\/08\/Seleccion-Ciclismo2-1024x713.jpeg\",\"datePublished\":\"2022-08-09T02:14:36+00:00\",\"dateModified\":\"2022-08-09T02:18:14+00:00\",\"breadcrumb\":{\"@id\":\"https:\/\/esbozodeportivo.com\/index.php\/2022\/08\/09\/ciclismo-mexicano-presente-en-lima-peru\/#breadcrumb\"},\"inLanguage\":\"es\",\"potentialAction\":[{\"@type\":\"ReadAction\",\"target\":[\"https:\/\/esbozodeportivo.com\/index.php\/2022\/08\/09\/ciclismo-mexicano-presente-en-lima-peru\/\"]}]},{\"@type\":\"ImageObject\",\"inLanguage\":\"es\",\"@id\":\"https:\/\/esbozodeportivo.com\/index.php\/2022\/08\/09\/ciclismo-mexicano-presente-en-lima-peru\/#primaryimage\",\"url\":\"https:\/\/esbozodeportivo.com\/wp-content\/uploads\/2022\/08\/Seleccion-Ciclismo2-1024x713.jpeg\",\"contentUrl\":\"https:\/\/esbozodeportivo.com\/wp-content\/uploads\/2022\/08\/Seleccion-Ciclismo2-1024x713.jpeg\"},{\"@type\":\"BreadcrumbList\",\"@id\":\"https:\/\/esbozodeportivo.com\/index.php\/2022\/08\/09\/ciclismo-mexicano-presente-en-lima-peru\/#breadcrumb\",\"itemListElement\":[{\"@type\":\"ListItem\",\"position\":1,\"name\":\"Inicio\",\"item\":\"https:\/\/esbozodeportivo.com\/\"},{\"@type\":\"ListItem\",\"position\":2,\"name\":\"Ciclismo mexicano presente en Lima Per\u00fa\"}]},{\"@type\":\"WebSite\",\"@id\":\"https:\/\/esbozodeportivo.com\/#website\",\"url\":\"https:\/\/esbozodeportivo.com\/\",\"name\":\"Esbozo Deportivo\",\"description\":\"Lo m\u00e1s importante del Deporte\",\"publisher\":{\"@id\":\"https:\/\/esbozodeportivo.com\/#organization\"},\"potentialAction\":[{\"@type\":\"SearchAction\",\"target\":{\"@type\":\"EntryPoint\",\"urlTemplate\":\"https:\/\/esbozodeportivo.com\/?s={search_term_string}\"},\"query-input\":{\"@type\":\"PropertyValueSpecification\",\"valueRequired\":true,\"valueName\":\"search_term_string\"}}],\"inLanguage\":\"es\"},{\"@type\":\"Organization\",\"@id\":\"https:\/\/esbozodeportivo.com\/#organization\",\"name\":\"Esbozo Deportivo\",\"url\":\"https:\/\/esbozodeportivo.com\/\",\"logo\":{\"@type\":\"ImageObject\",\"inLanguage\":\"es\",\"@id\":\"https:\/\/esbozodeportivo.com\/#\/schema\/logo\/image\/\",\"url\":\"https:\/\/esbozodeportivo.com\/wp-content\/uploads\/2022\/08\/cropped-Logo-Esbozo-Web-2.png\",\"contentUrl\":\"https:\/\/esbozodeportivo.com\/wp-content\/uploads\/2022\/08\/cropped-Logo-Esbozo-Web-2.png\",\"width\":180,\"height\":50,\"caption\":\"Esbozo Deportivo\"},\"image\":{\"@id\":\"https:\/\/esbozodeportivo.com\/#\/schema\/logo\/image\/\"}},{\"@type\":\"Person\",\"@id\":\"https:\/\/esbozodeportivo.com\/#\/schema\/person\/7277119c98823aec37bbb84e125efd44\",\"name\":\"Javier De La Cruz\",\"image\":{\"@type\":\"ImageObject\",\"inLanguage\":\"es\",\"@id\":\"https:\/\/esbozodeportivo.com\/#\/schema\/person\/image\/\",\"url\":\"https:\/\/secure.gravatar.com\/avatar\/366235a56d20f1a6e8e3d0b295897639357bea880470ddf261d17bb0bc052eb1?s=96&d=mm&r=g\",\"contentUrl\":\"https:\/\/secure.gravatar.com\/avatar\/366235a56d20f1a6e8e3d0b295897639357bea880470ddf261d17bb0bc052eb1?s=96&d=mm&r=g\",\"caption\":\"Javier De La Cruz\"},\"url\":\"https:\/\/esbozodeportivo.com\/index.php\/author\/javier-de-la-cruz-de-la-cruz\/\"}]}<\/script>\n<!-- \/ Yoast SEO plugin. -->","yoast_head_json":{"title":"Ciclismo mexicano presente en Lima Per\u00fa - Esbozo Deportivo","robots":{"index":"index","follow":"follow","max-snippet":"max-snippet:-1","max-image-preview":"max-image-preview:large","max-video-preview":"max-video-preview:-1"},"canonical":"https:\/\/esbozodeportivo.com\/index.php\/2022\/08\/09\/ciclismo-mexicano-presente-en-lima-peru\/","og_locale":"es_MX","og_type":"article","og_title":"Ciclismo mexicano presente en Lima Per\u00fa - Esbozo Deportivo","og_description":"(CONADE).- Del 10 al 14 de agosto el vel\u00f3dromo de la Villa Nacional Deportiva (VIDENA),","og_url":"https:\/\/esbozodeportivo.com\/index.php\/2022\/08\/09\/ciclismo-mexicano-presente-en-lima-peru\/","og_site_name":"Esbozo Deportivo","article_published_time":"2022-08-09T02:14:36+00:00","article_modified_time":"2022-08-09T02:18:14+00:00","og_image":[{"url":"https:\/\/esbozodeportivo.com\/wp-content\/uploads\/2022\/08\/Seleccion-Ciclismo2-1024x713.jpeg","type":"","width":"","height":""}],"author":"Javier De La Cruz","twitter_card":"summary_large_image","twitter_misc":{"Escrito por":"Javier De La Cruz","Tiempo de lectura":"2 minutos"},"schema":{"@context":"https:\/\/schema.org","@graph":[{"@type":"Article","@id":"https:\/\/esbozodeportivo.com\/index.php\/2022\/08\/09\/ciclismo-mexicano-presente-en-lima-peru\/#article","isPartOf":{"@id":"https:\/\/esbozodeportivo.com\/index.php\/2022\/08\/09\/ciclismo-mexicano-presente-en-lima-peru\/"},"author":{"name":"Javier De La Cruz","@id":"https:\/\/esbozodeportivo.com\/#\/schema\/person\/7277119c98823aec37bbb84e125efd44"},"headline":"Ciclismo mexicano presente en Lima Per\u00fa","datePublished":"2022-08-09T02:14:36+00:00","dateModified":"2022-08-09T02:18:14+00:00","mainEntityOfPage":{"@id":"https:\/\/esbozodeportivo.com\/index.php\/2022\/08\/09\/ciclismo-mexicano-presente-en-lima-peru\/"},"wordCount":343,"commentCount":0,"publisher":{"@id":"https:\/\/esbozodeportivo.com\/#organization"},"image":{"@id":"https:\/\/esbozodeportivo.com\/index.php\/2022\/08\/09\/ciclismo-mexicano-presente-en-lima-peru\/#primaryimage"},"thumbnailUrl":"https:\/\/esbozodeportivo.com\/wp-content\/uploads\/2022\/08\/Seleccion-Ciclismo2-1024x713.jpeg","articleSection":["Amateur","Uncategorized"],"inLanguage":"es","potentialAction":[{"@type":"CommentAction","name":"Comment","target":["https:\/\/esbozodeportivo.com\/index.php\/2022\/08\/09\/ciclismo-mexicano-presente-en-lima-peru\/#respond"]}]},{"@type":"WebPage","@id":"https:\/\/esbozodeportivo.com\/index.php\/2022\/08\/09\/ciclismo-mexicano-presente-en-lima-peru\/","url":"https:\/\/esbozodeportivo.com\/index.php\/2022\/08\/09\/ciclismo-mexicano-presente-en-lima-peru\/","name":"Ciclismo mexicano presente en Lima Per\u00fa - Esbozo Deportivo","isPartOf":{"@id":"https:\/\/esbozodeportivo.com\/#website"},"primaryImageOfPage":{"@id":"https:\/\/esbozodeportivo.com\/index.php\/2022\/08\/09\/ciclismo-mexicano-presente-en-lima-peru\/#primaryimage"},"image":{"@id":"https:\/\/esbozodeportivo.com\/index.php\/2022\/08\/09\/ciclismo-mexicano-presente-en-lima-peru\/#primaryimage"},"thumbnailUrl":"https:\/\/esbozodeportivo.com\/wp-content\/uploads\/2022\/08\/Seleccion-Ciclismo2-1024x713.jpeg","datePublished":"2022-08-09T02:14:36+00:00","dateModified":"2022-08-09T02:18:14+00:00","breadcrumb":{"@id":"https:\/\/esbozodeportivo.com\/index.php\/2022\/08\/09\/ciclismo-mexicano-presente-en-lima-peru\/#breadcrumb"},"inLanguage":"es","potentialAction":[{"@type":"ReadAction","target":["https:\/\/esbozodeportivo.com\/index.php\/2022\/08\/09\/ciclismo-mexicano-presente-en-lima-peru\/"]}]},{"@type":"ImageObject","inLanguage":"es","@id":"https:\/\/esbozodeportivo.com\/index.php\/2022\/08\/09\/ciclismo-mexicano-presente-en-lima-peru\/#primaryimage","url":"https:\/\/esbozodeportivo.com\/wp-content\/uploads\/2022\/08\/Seleccion-Ciclismo2-1024x713.jpeg","contentUrl":"https:\/\/esbozodeportivo.com\/wp-content\/uploads\/2022\/08\/Seleccion-Ciclismo2-1024x713.jpeg"},{"@type":"BreadcrumbList","@id":"https:\/\/esbozodeportivo.com\/index.php\/2022\/08\/09\/ciclismo-mexicano-presente-en-lima-peru\/#breadcrumb","itemListElement":[{"@type":"ListItem","position":1,"name":"Inicio","item":"https:\/\/esbozodeportivo.com\/"},{"@type":"ListItem","position":2,"name":"Ciclismo mexicano presente en Lima Per\u00fa"}]},{"@type":"WebSite","@id":"https:\/\/esbozodeportivo.com\/#website","url":"https:\/\/esbozodeportivo.com\/","name":"Esbozo Deportivo","description":"Lo m\u00e1s importante del Deporte","publisher":{"@id":"https:\/\/esbozodeportivo.com\/#organization"},"potentialAction":[{"@type":"SearchAction","target":{"@type":"EntryPoint","urlTemplate":"https:\/\/esbozodeportivo.com\/?s={search_term_string}"},"query-input":{"@type":"PropertyValueSpecification","valueRequired":true,"valueName":"search_term_string"}}],"inLanguage":"es"},{"@type":"Organization","@id":"https:\/\/esbozodeportivo.com\/#organization","name":"Esbozo Deportivo","url":"https:\/\/esbozodeportivo.com\/","logo":{"@type":"ImageObject","inLanguage":"es","@id":"https:\/\/esbozodeportivo.com\/#\/schema\/logo\/image\/","url":"https:\/\/esbozodeportivo.com\/wp-content\/uploads\/2022\/08\/cropped-Logo-Esbozo-Web-2.png","contentUrl":"https:\/\/esbozodeportivo.com\/wp-content\/uploads\/2022\/08\/cropped-Logo-Esbozo-Web-2.png","width":180,"height":50,"caption":"Esbozo Deportivo"},"image":{"@id":"https:\/\/esbozodeportivo.com\/#\/schema\/logo\/image\/"}},{"@type":"Person","@id":"https:\/\/esbozodeportivo.com\/#\/schema\/person\/7277119c98823aec37bbb84e125efd44","name":"Javier De La Cruz","image":{"@type":"ImageObject","inLanguage":"es","@id":"https:\/\/esbozodeportivo.com\/#\/schema\/person\/image\/","url":"https:\/\/secure.gravatar.com\/avatar\/366235a56d20f1a6e8e3d0b295897639357bea880470ddf261d17bb0bc052eb1?s=96&d=mm&r=g","contentUrl":"https:\/\/secure.gravatar.com\/avatar\/366235a56d20f1a6e8e3d0b295897639357bea880470ddf261d17bb0bc052eb1?s=96&d=mm&r=g","caption":"Javier De La Cruz"},"url":"https:\/\/esbozodeportivo.com\/index.php\/author\/javier-de-la-cruz-de-la-cruz\/"}]}},"jetpack_featured_media_url":"","jetpack_sharing_enabled":true,"_links":{"self":[{"href":"https:\/\/esbozodeportivo.com\/index.php\/wp-json\/wp\/v2\/posts\/180","targetHints":{"allow":["GET"]}}],"collection":[{"href":"https:\/\/esbozodeportivo.com\/index.php\/wp-json\/wp\/v2\/posts"}],"about":[{"href":"https:\/\/esbozodeportivo.com\/index.php\/wp-json\/wp\/v2\/types\/post"}],"author":[{"embeddable":true,"href":"https:\/\/esbozodeportivo.com\/index.php\/wp-json\/wp\/v2\/users\/2"}],"replies":[{"embeddable":true,"href":"https:\/\/esbozodeportivo.com\/index.php\/wp-json\/wp\/v2\/comments?post=180"}],"version-history":[{"count":7,"href":"https:\/\/esbozodeportivo.com\/index.php\/wp-json\/wp\/v2\/posts\/180\/revisions"}],"predecessor-version":[{"id":190,"href":"https:\/\/esbozodeportivo.com\/index.php\/wp-json\/wp\/v2\/posts\/180\/revisions\/190"}],"wp:attachment":[{"href":"https:\/\/esbozodeportivo.com\/index.php\/wp-json\/wp\/v2\/media?parent=180"}],"wp:term":[{"taxonomy":"category","embeddable":true,"href":"https:\/\/esbozodeportivo.com\/index.php\/wp-json\/wp\/v2\/categories?post=180"},{"taxonomy":"post_tag","embeddable":true,"href":"https:\/\/esbozodeportivo.com\/index.php\/wp-json\/wp\/v2\/tags?post=180"}],"curies":[{"name":"wp","href":"https:\/\/api.w.org\/{rel}","templated":true}]}}