{"id":1844,"date":"2023-11-11T06:13:18","date_gmt":"2023-11-11T06:13:18","guid":{"rendered":"https:\/\/esbozodeportivo.com\/?p=1844"},"modified":"2023-11-11T06:17:45","modified_gmt":"2023-11-11T06:17:45","slug":"en-la-primera-jornada-la-acuatica-nelsonvargas-logra-36-medallas","status":"publish","type":"post","link":"https:\/\/esbozodeportivo.com\/index.php\/2023\/11\/11\/en-la-primera-jornada-la-acuatica-nelsonvargas-logra-36-medallas\/","title":{"rendered":"En la primera jornada la Acu\u00e1tica nelsonvargas logra 36 medallas"},"content":{"rendered":"<style>\/*! elementor - v3.17.0 - 08-11-2023 *\/\n.elementor-widget-image{text-align:center}.elementor-widget-image a{display:inline-block}.elementor-widget-image a img[src$=\".svg\"]{width:48px}.elementor-widget-image img{vertical-align:middle;display:inline-block}<\/style>\n<p>\t\t\t\t\t\t\t\t\t\t\t\t<img decoding=\"async\" width=\"640\" height=\"568\" src=\"https:\/\/esbozodeportivo.com\/wp-content\/uploads\/2023\/11\/Nelson-Vargas.jpg\" alt=\"\" loading=\"lazy\" srcset=\"https:\/\/esbozodeportivo.com\/wp-content\/uploads\/2023\/11\/Nelson-Vargas.jpg 1024w, https:\/\/esbozodeportivo.com\/wp-content\/uploads\/2023\/11\/Nelson-Vargas-300x266.jpg 300w, https:\/\/esbozodeportivo.com\/wp-content\/uploads\/2023\/11\/Nelson-Vargas-768x681.jpg 768w\" sizes=\"auto, (max-width: 640px) 100vw, 640px\" \/>\t\t\t\t\t\t\t\t\t\t\t\t\t\t\t<\/p>\n<p>(Foto: acu\u00e1ticanelsonvargas)<\/p>\n<p>Ciudad de M\u00e9xico, 10 de noviembre.- La acu\u00e1tica nelsonvargas se mantiene a la cabeza durante la primera jornada del Campeonato Estatal Oro Infantil CC 2023-2024, que se lleva a cabo en el Centro Acu\u00e1tico Azcapotzalco de la Ciudad de M\u00e9xico, evento que organiza la Asociaci\u00f3n de Nataci\u00f3n del Estado de M\u00e9xico.<\/p>\n<p>De resaltarse que, durante la presente jornada de los 164 atletas en competencia que representan a acu\u00e1tica <strong><em>nelsonvargas<\/em><\/strong>, se logr\u00f3, en unidad, una conquista de 36 preseas, logradas as\u00ed: 12 de oro, 12 de plata y 10 de bronce, metales que le permiten a esta instituci\u00f3n, hasta este momento, ubicarse en la primera posici\u00f3n del evento.<\/p>\n<p>Adicionalmente, es para todo el equipo de entrenadores, asistentes y formadores deportivos, motivo de orgullo, que se hubiesen logrado las dos primeras posiciones en el relevo mixto 4&#215;50, donde las damas de la categor\u00eda 7 \u2013 8 a\u00f1os conquistaron el centro del p\u00f3dium, mientras que, sus compa\u00f1eros de equipo de esta misma categor\u00eda lograron la plata, lo que demuestra as\u00ed la preparaci\u00f3n y excelencia que logra esta instituci\u00f3n en los procesos de formaci\u00f3n.<\/p>\n<p>Antes de finalizar, es importante resaltar que, as\u00ed como el profesor Nelson Vargas B., acompa\u00f1a a sus atletas en Ol\u00edmpicos, Mundiales, Panamericanos y Centroamericanos, tambi\u00e9n respalda y asesora a todos sus nadadores en este tipo de competencias, haciendo un acompa\u00f1amiento, adem\u00e1s, muy cercano a las familias y entrenadores que empiezan a descubrir la belleza del deporte y la competencia.<\/p>\n<p>Los medallistas de la jornada:\u00a0<\/p>\n<table>\n<tbody>\n<tr>\n<td width=\"39\">\n<p><strong>N.M<\/strong><\/p>\n<\/td>\n<td width=\"45\">\n<p><strong>N. C<\/strong><\/p>\n<\/td>\n<td width=\"64\">\n<p><strong>PRESEA<\/strong><\/p>\n<\/td>\n<td width=\"362\">\n<p><strong>NOMBRE<\/strong><\/p>\n<\/td>\n<td width=\"85\">\n<p><strong>PRUEBA<\/strong><\/p>\n<\/td>\n<td width=\"97\">\n<p><strong>CATEGOR\u00cdA<\/strong><\/p>\n<\/td>\n<\/tr>\n<tr>\n<td width=\"39\">\n<p>1<\/p>\n<\/td>\n<td width=\"45\">\n<p>1<\/p>\n<\/td>\n<td width=\"64\">\n<p>Oro<\/p>\n<\/td>\n<td width=\"362\">\n<p>Pablo Quiroz<\/p>\n<\/td>\n<td width=\"85\">\n<p>200 dorso<\/p>\n<\/td>\n<td width=\"97\">\n<p>11-12 a\u00f1os<\/p>\n<\/td>\n<\/tr>\n<tr>\n<td width=\"39\">\n<p>2<\/p>\n<\/td>\n<td width=\"45\">\n<p>2<\/p>\n<\/td>\n<td width=\"64\">\n<p>Oro<\/p>\n<\/td>\n<td width=\"362\">\n<p>Jessica Garc\u00eda<\/p>\n<\/td>\n<td width=\"85\">\n<p>200 libre<\/p>\n<\/td>\n<td width=\"97\">\n<p>9 -10 a\u00f1os<\/p>\n<\/td>\n<\/tr>\n<tr>\n<td width=\"39\">\n<p>3<\/p>\n<\/td>\n<td width=\"45\">\n<p>3<\/p>\n<\/td>\n<td width=\"64\">\n<p>Oro<\/p>\n<\/td>\n<td width=\"362\">\n<p>Jorge Trejo<\/p>\n<\/td>\n<td width=\"85\">\n<p>200 libre<\/p>\n<\/td>\n<td width=\"97\">\n<p>9 -10 a\u00f1os<\/p>\n<\/td>\n<\/tr>\n<tr>\n<td width=\"39\">\n<p>4<\/p>\n<\/td>\n<td width=\"45\">\n<p>4<\/p>\n<\/td>\n<td width=\"64\">\n<p>Oro<\/p>\n<\/td>\n<td width=\"362\">\n<p>Valentina Gonz\u00e1lez<\/p>\n<\/td>\n<td width=\"85\">\n<p>50 mariposa<\/p>\n<\/td>\n<td width=\"97\">\n<p>11 &#8211; 12 a\u00f1os<\/p>\n<\/td>\n<\/tr>\n<tr>\n<td width=\"39\">\n<p>5<\/p>\n<\/td>\n<td width=\"45\">\n<p>5<\/p>\n<\/td>\n<td width=\"64\">\n<p>Oro<\/p>\n<\/td>\n<td width=\"362\">\n<p>Oscar Hern\u00e1ndez<\/p>\n<\/td>\n<td width=\"85\">\n<p>50 mariposa<\/p>\n<\/td>\n<td width=\"97\">\n<p>11 &#8211; 12 a\u00f1os<\/p>\n<\/td>\n<\/tr>\n<tr>\n<td width=\"39\">\n<p>6<\/p>\n<\/td>\n<td width=\"45\">\n<p>6<\/p>\n<\/td>\n<td width=\"64\">\n<p>Oro<\/p>\n<\/td>\n<td width=\"362\">\n<p>Sandra Bevia<\/p>\n<\/td>\n<td width=\"85\">\n<p>100 m C.I.<\/p>\n<\/td>\n<td width=\"97\">\n<p>8 y menores<\/p>\n<\/td>\n<\/tr>\n<tr>\n<td width=\"39\">\n<p>7<\/p>\n<\/td>\n<td width=\"45\">\n<p>7<\/p>\n<\/td>\n<td width=\"64\">\n<p>Oro<\/p>\n<\/td>\n<td width=\"362\">\n<p>Karen Albarr\u00e1n<\/p>\n<\/td>\n<td width=\"85\">\n<p>200 m C.I.<\/p>\n<\/td>\n<td width=\"97\">\n<p>9 \u2013 10 a\u00f1os<\/p>\n<\/td>\n<\/tr>\n<tr>\n<td width=\"39\">\n<p>8<\/p>\n<\/td>\n<td width=\"45\">\n<p>8<\/p>\n<\/td>\n<td width=\"64\">\n<p>Oro<\/p>\n<\/td>\n<td width=\"362\">\n<p>Diego Sixtos<\/p>\n<\/td>\n<td width=\"85\">\n<p>100 m pecho<\/p>\n<\/td>\n<td width=\"97\">\n<p>11 \u2013 12 a\u00f1os<\/p>\n<\/td>\n<\/tr>\n<tr>\n<td width=\"39\">\n<p>9<\/p>\n<\/td>\n<td width=\"45\">\n<p>9<\/p>\n<\/td>\n<td width=\"64\">\n<p>Oro<\/p>\n<\/td>\n<td width=\"362\">\n<p>Sandra Bevia<\/p>\n<\/td>\n<td width=\"85\">\n<p>50 m pecho<\/p>\n<\/td>\n<td width=\"97\">\n<p>8 y menores<\/p>\n<\/td>\n<\/tr>\n<tr>\n<td width=\"39\">\n<p>10<\/p>\n<\/td>\n<td width=\"45\">\n<p>10<\/p>\n<\/td>\n<td width=\"64\">\n<p>Oro<\/p>\n<\/td>\n<td width=\"362\">\n<p>Hever Honorato<\/p>\n<\/td>\n<td width=\"85\">\n<p>50 m pecho<\/p>\n<\/td>\n<td width=\"97\">\n<p>8 y menores<\/p>\n<\/td>\n<\/tr>\n<tr>\n<td width=\"39\">\n<p>11<\/p>\n<\/td>\n<td width=\"45\">\n<p>11<\/p>\n<\/td>\n<td width=\"64\">\n<p>Oro<\/p>\n<\/td>\n<td width=\"362\">\n<p>Francisco Alvarado<\/p>\n<\/td>\n<td width=\"85\">\n<p>100 m dorso<\/p>\n<\/td>\n<td width=\"97\">\n<p>9 \u2013 10 a\u00f1os<\/p>\n<\/td>\n<\/tr>\n<tr>\n<td width=\"39\">\n<p>12<\/p>\n<\/td>\n<td width=\"45\">\n<p>12<\/p>\n<\/td>\n<td width=\"64\">\n<p>Oro<\/p>\n<\/td>\n<td width=\"362\">\n<p>Gabriel Galaviz, Sophia Aranda, Hevea Honorato, Sandra Bevia<\/p>\n<\/td>\n<td width=\"85\">\n<p>Relevo 4&#215;50<\/p>\n<\/td>\n<td width=\"97\">\n<p>7 y 8 a\u00f1os<\/p>\n<\/td>\n<\/tr>\n<tr>\n<td width=\"39\">\n<p>13<\/p>\n<\/td>\n<td width=\"45\">\n<p>1<\/p>\n<\/td>\n<td width=\"64\">\n<p>Plata<\/p>\n<\/td>\n<td width=\"362\">\n<p>Sarah Guerrero<\/p>\n<\/td>\n<td width=\"85\">\n<p>200 dorso<\/p>\n<\/td>\n<td width=\"97\">\n<p>11-12 a\u00f1os<\/p>\n<\/td>\n<\/tr>\n<tr>\n<td width=\"39\">\n<p>14<\/p>\n<\/td>\n<td width=\"45\">\n<p>2<\/p>\n<\/td>\n<td width=\"64\">\n<p>Plata<\/p>\n<\/td>\n<td width=\"362\">\n<p>Valentina Gonz\u00e1lez<\/p>\n<\/td>\n<td width=\"85\">\n<p>200 libre<\/p>\n<\/td>\n<td width=\"97\">\n<p>9 -10 a\u00f1os<\/p>\n<\/td>\n<\/tr>\n<tr>\n<td width=\"39\">\n<p>15<\/p>\n<\/td>\n<td width=\"45\">\n<p>3<\/p>\n<\/td>\n<td width=\"64\">\n<p>Plata<\/p>\n<\/td>\n<td width=\"362\">\n<p>Lucca Recoder<\/p>\n<\/td>\n<td width=\"85\">\n<p>200 dorso<\/p>\n<\/td>\n<td width=\"97\">\n<p>11-12 a\u00f1os<\/p>\n<\/td>\n<\/tr>\n<tr>\n<td width=\"39\">\n<p>16<\/p>\n<\/td>\n<td width=\"45\">\n<p>4<\/p>\n<\/td>\n<td width=\"64\">\n<p>Plata<\/p>\n<\/td>\n<td width=\"362\">\n<p>Francisco Alvarado<\/p>\n<\/td>\n<td width=\"85\">\n<p>200 libre<\/p>\n<\/td>\n<td width=\"97\">\n<p>9 -10 a\u00f1os<\/p>\n<\/td>\n<\/tr>\n<tr>\n<td width=\"39\">\n<p>17<\/p>\n<\/td>\n<td width=\"45\">\n<p>5<\/p>\n<\/td>\n<td width=\"64\">\n<p>Plata<\/p>\n<\/td>\n<td width=\"362\">\n<p>Sandra Bevia<\/p>\n<\/td>\n<td width=\"85\">\n<p>50 libre<\/p>\n<\/td>\n<td width=\"97\">\n<p>8 y menores<\/p>\n<\/td>\n<\/tr>\n<tr>\n<td width=\"39\">\n<p>18<\/p>\n<\/td>\n<td width=\"45\">\n<p>6<\/p>\n<\/td>\n<td width=\"64\">\n<p>Plata<\/p>\n<\/td>\n<td width=\"362\">\n<p>Mar\u00eda Honorato<\/p>\n<\/td>\n<td width=\"85\">\n<p>50 m libre<\/p>\n<\/td>\n<td width=\"97\">\n<p>9 &#8211; 10 a\u00f1os<\/p>\n<\/td>\n<\/tr>\n<tr>\n<td width=\"39\">\n<p>19<\/p>\n<\/td>\n<td width=\"45\">\n<p>7<\/p>\n<\/td>\n<td width=\"64\">\n<p>Plata<\/p>\n<\/td>\n<td width=\"362\">\n<p>Francisco Alvarado<\/p>\n<\/td>\n<td width=\"85\">\n<p>50 m libre<\/p>\n<\/td>\n<td width=\"97\">\n<p>9 &#8211; 10 a\u00f1os<\/p>\n<\/td>\n<\/tr>\n<tr>\n<td width=\"39\">\n<p>20<\/p>\n<\/td>\n<td width=\"45\">\n<p>8<\/p>\n<\/td>\n<td width=\"64\">\n<p>Plata<\/p>\n<\/td>\n<td width=\"362\">\n<p>Jessica Garc\u00eda<\/p>\n<\/td>\n<td width=\"85\">\n<p>50 mariposa<\/p>\n<\/td>\n<td width=\"97\">\n<p>11 &#8211; 12 a\u00f1os<\/p>\n<\/td>\n<\/tr>\n<tr>\n<td width=\"39\">\n<p>21<\/p>\n<\/td>\n<td width=\"45\">\n<p>9<\/p>\n<\/td>\n<td width=\"64\">\n<p>Plata<\/p>\n<\/td>\n<td width=\"362\">\n<p>Mar\u00eda Honorato<\/p>\n<\/td>\n<td width=\"85\">\n<p>200 m C.I.<\/p>\n<\/td>\n<td width=\"97\">\n<p>9 \u2013 10 a\u00f1os<\/p>\n<\/td>\n<\/tr>\n<tr>\n<td width=\"39\">\n<p>22<\/p>\n<\/td>\n<td width=\"45\">\n<p>10<\/p>\n<\/td>\n<td width=\"64\">\n<p>Plata<\/p>\n<\/td>\n<td width=\"362\">\n<p>Jorge Trejo<\/p>\n<\/td>\n<td width=\"85\">\n<p>200 m C.I.<\/p>\n<\/td>\n<td width=\"97\">\n<p>9 \u2013 10 a\u00f1os<\/p>\n<\/td>\n<\/tr>\n<tr>\n<td width=\"39\">\n<p>23<\/p>\n<\/td>\n<td width=\"45\">\n<p>11<\/p>\n<\/td>\n<td width=\"64\">\n<p>Plata<\/p>\n<\/td>\n<td width=\"362\">\n<p>Valeria Gonz\u00e1lez<\/p>\n<\/td>\n<td width=\"85\">\n<p>50 m libre<\/p>\n<\/td>\n<td width=\"97\">\n<p>11 \u2013 12 a\u00f1os<\/p>\n<\/td>\n<\/tr>\n<tr>\n<td width=\"39\">\n<p>24<\/p>\n<\/td>\n<td width=\"45\">\n<p>12<\/p>\n<\/td>\n<td width=\"64\">\n<p>Plata<\/p>\n<\/td>\n<td width=\"362\">\n<p>Oscar Hern\u00e1ndez<\/p>\n<\/td>\n<td width=\"85\">\n<p>50 m libre<\/p>\n<\/td>\n<td width=\"97\">\n<p>11 \u2013 12 a\u00f1os<\/p>\n<\/td>\n<\/tr>\n<\/tbody>\n<\/table>\n<table>\n<tbody>\n<tr>\n<td width=\"39\">\n<p>25<\/p>\n<\/td>\n<td width=\"45\">\n<p>13<\/p>\n<\/td>\n<td width=\"64\">\n<p>Plata<\/p>\n<\/td>\n<td width=\"362\">\n<p>Luciano Rojas, Mateo Santiago, Valentina Carpintero, Frida Villa<\/p>\n<\/td>\n<td width=\"85\">\n<p>Relevo 4&#215;50<\/p>\n<\/td>\n<td width=\"97\">\n<p>7 y 8 a\u00f1os<\/p>\n<\/td>\n<\/tr>\n<tr>\n<td width=\"39\">\n<p>26<\/p>\n<\/td>\n<td width=\"45\">\n<p>1<\/p>\n<\/td>\n<td width=\"64\">\n<p>Bronce<\/p>\n<\/td>\n<td width=\"362\">\n<p>Valentina Lomelin<\/p>\n<\/td>\n<td width=\"85\">\n<p>200 dorso<\/p>\n<\/td>\n<td width=\"97\">\n<p>11-12 a\u00f1os<\/p>\n<\/td>\n<\/tr>\n<tr>\n<td width=\"39\">\n<p>27<\/p>\n<\/td>\n<td width=\"45\">\n<p>2<\/p>\n<\/td>\n<td width=\"64\">\n<p>Bronce<\/p>\n<\/td>\n<td width=\"362\">\n<p>Sophia Aranda<\/p>\n<\/td>\n<td width=\"85\">\n<p>50 libre<\/p>\n<\/td>\n<td width=\"97\">\n<p>8 y menores<\/p>\n<\/td>\n<\/tr>\n<tr>\n<td width=\"39\">\n<p>28<\/p>\n<\/td>\n<td width=\"45\">\n<p>3<\/p>\n<\/td>\n<td width=\"64\">\n<p>Bronce<\/p>\n<\/td>\n<td width=\"362\">\n<p>Esteban Rodr\u00edguez<\/p>\n<\/td>\n<td width=\"85\">\n<p>50 mariposa<\/p>\n<\/td>\n<td width=\"97\">\n<p>11 &#8211; 12 a\u00f1os<\/p>\n<\/td>\n<\/tr>\n<tr>\n<td width=\"39\">\n<p>29<\/p>\n<\/td>\n<td width=\"45\">\n<p>4<\/p>\n<\/td>\n<td width=\"64\">\n<p>Bronce<\/p>\n<\/td>\n<td width=\"362\">\n<p>Frida Villa<\/p>\n<\/td>\n<td width=\"85\">\n<p>100 m C.I.<\/p>\n<\/td>\n<td width=\"97\">\n<p>8 y menores<\/p>\n<\/td>\n<\/tr>\n<tr>\n<td width=\"39\">\n<p>30<\/p>\n<\/td>\n<td width=\"45\">\n<p>5<\/p>\n<\/td>\n<td width=\"64\">\n<p>Bronce<\/p>\n<\/td>\n<td width=\"362\">\n<p>Francisco Alvarado<\/p>\n<\/td>\n<td width=\"85\">\n<p>200 m C.I.<\/p>\n<\/td>\n<td width=\"97\">\n<p>9 \u2013 10 a\u00f1os<\/p>\n<\/td>\n<\/tr>\n<tr>\n<td width=\"39\">\n<p>31<\/p>\n<\/td>\n<td width=\"45\">\n<p>6<\/p>\n<\/td>\n<td width=\"64\">\n<p>Bronce<\/p>\n<\/td>\n<td width=\"362\">\n<p>David Guerrero<\/p>\n<\/td>\n<td width=\"85\">\n<p>100 m pecho<\/p>\n<\/td>\n<td width=\"97\">\n<p>11 \u2013 12 a\u00f1os<\/p>\n<\/td>\n<\/tr>\n<tr>\n<td width=\"39\">\n<p>32<\/p>\n<\/td>\n<td width=\"45\">\n<p>7<\/p>\n<\/td>\n<td width=\"64\">\n<p>Bronce<\/p>\n<\/td>\n<td width=\"362\">\n<p>Frida Villa<\/p>\n<\/td>\n<td width=\"85\">\n<p>50 m pecho<\/p>\n<\/td>\n<td width=\"97\">\n<p>8 y menores<\/p>\n<\/td>\n<\/tr>\n<tr>\n<td width=\"39\">\n<p>33<\/p>\n<\/td>\n<td width=\"45\">\n<p>8<\/p>\n<\/td>\n<td width=\"64\">\n<p>Bronce<\/p>\n<\/td>\n<td width=\"362\">\n<p>Alejandro De La Torres<\/p>\n<\/td>\n<td width=\"85\">\n<p>100 m dorso<\/p>\n<\/td>\n<td width=\"97\">\n<p>9 \u2013 10 a\u00f1os<\/p>\n<\/td>\n<\/tr>\n<tr>\n<td width=\"39\">\n<p>34<\/p>\n<\/td>\n<td width=\"45\">\n<p>9<\/p>\n<\/td>\n<td width=\"64\">\n<p>Bronce<\/p>\n<\/td>\n<td width=\"362\">\n<p>Esteban Neria<\/p>\n<\/td>\n<td width=\"85\">\n<p>50 m libre<\/p>\n<\/td>\n<td width=\"97\">\n<p>11 \u2013 12 a\u00f1os<\/p>\n<\/td>\n<\/tr>\n<tr>\n<td width=\"39\">\n<p>35<\/p>\n<\/td>\n<td width=\"45\">\n<p>10<\/p>\n<\/td>\n<td width=\"64\">\n<p>Bronce<\/p>\n<\/td>\n<td width=\"362\">\n<p>Jes\u00fas Vel\u00e1zquez<\/p>\n<\/td>\n<td width=\"85\">\n<p>50 m libre<\/p>\n<\/td>\n<td width=\"97\">\n<p>9 \u2013 10 a\u00f1os<\/p>\n<\/td>\n<\/tr>\n<tr>\n<td width=\"39\">\n<p>36<\/p>\n<\/td>\n<td width=\"45\">\n<p>11<\/p>\n<\/td>\n<td width=\"64\">\n<p>Bronce<\/p>\n<\/td>\n<td width=\"362\">\n<p>Esteban Neria<\/p>\n<\/td>\n<td width=\"85\">\n<p>50 m libre<\/p>\n<\/td>\n<td width=\"97\">\n<p>11 \u2013 12 a\u00f1os<\/p>\n<\/td>\n<\/tr>\n<\/tbody>\n<\/table>\n<p>\u00a0<\/p>\n<p>\u00a0<\/p>\n","protected":false},"excerpt":{"rendered":"<p>(Foto: acu\u00e1ticanelsonvargas) Ciudad de M\u00e9xico, 10 de noviembre.- La acu\u00e1tica nelsonvargas se mantiene a la<\/p>\n","protected":false},"author":2,"featured_media":0,"comment_status":"open","ping_status":"open","sticky":false,"template":"","format":"standard","meta":{"_jetpack_memberships_contains_paid_content":false,"footnotes":""},"categories":[5],"tags":[],"class_list":["post-1844","post","type-post","status-publish","format-standard","hentry","category-amateur"],"yoast_head":"<!-- This site is optimized with the Yoast SEO plugin v25.7 - https:\/\/yoast.com\/wordpress\/plugins\/seo\/ -->\n<title>En la primera jornada la Acu\u00e1tica nelsonvargas logra 36 medallas - Esbozo Deportivo<\/title>\n<meta name=\"robots\" content=\"index, follow, max-snippet:-1, max-image-preview:large, max-video-preview:-1\" \/>\n<link rel=\"canonical\" href=\"https:\/\/esbozodeportivo.com\/index.php\/2023\/11\/11\/en-la-primera-jornada-la-acuatica-nelsonvargas-logra-36-medallas\/\" \/>\n<meta property=\"og:locale\" content=\"es_MX\" \/>\n<meta property=\"og:type\" content=\"article\" \/>\n<meta property=\"og:title\" content=\"En la primera jornada la Acu\u00e1tica nelsonvargas logra 36 medallas - Esbozo Deportivo\" \/>\n<meta property=\"og:description\" content=\"(Foto: acu\u00e1ticanelsonvargas) Ciudad de M\u00e9xico, 10 de noviembre.- La acu\u00e1tica nelsonvargas se mantiene a la\" \/>\n<meta property=\"og:url\" content=\"https:\/\/esbozodeportivo.com\/index.php\/2023\/11\/11\/en-la-primera-jornada-la-acuatica-nelsonvargas-logra-36-medallas\/\" \/>\n<meta property=\"og:site_name\" content=\"Esbozo Deportivo\" \/>\n<meta property=\"article:published_time\" content=\"2023-11-11T06:13:18+00:00\" \/>\n<meta property=\"article:modified_time\" content=\"2023-11-11T06:17:45+00:00\" \/>\n<meta property=\"og:image\" content=\"https:\/\/esbozodeportivo.com\/wp-content\/uploads\/2023\/11\/Nelson-Vargas.jpg\" \/>\n<meta name=\"author\" content=\"Javier De La Cruz\" \/>\n<meta name=\"twitter:card\" content=\"summary_large_image\" \/>\n<meta name=\"twitter:label1\" content=\"Escrito por\" \/>\n\t<meta name=\"twitter:data1\" content=\"Javier De La Cruz\" \/>\n\t<meta name=\"twitter:label2\" content=\"Tiempo de lectura\" \/>\n\t<meta name=\"twitter:data2\" content=\"3 minutos\" \/>\n<script type=\"application\/ld+json\" class=\"yoast-schema-graph\">{\"@context\":\"https:\/\/schema.org\",\"@graph\":[{\"@type\":\"Article\",\"@id\":\"https:\/\/esbozodeportivo.com\/index.php\/2023\/11\/11\/en-la-primera-jornada-la-acuatica-nelsonvargas-logra-36-medallas\/#article\",\"isPartOf\":{\"@id\":\"https:\/\/esbozodeportivo.com\/index.php\/2023\/11\/11\/en-la-primera-jornada-la-acuatica-nelsonvargas-logra-36-medallas\/\"},\"author\":{\"name\":\"Javier De La Cruz\",\"@id\":\"https:\/\/esbozodeportivo.com\/#\/schema\/person\/7277119c98823aec37bbb84e125efd44\"},\"headline\":\"En la primera jornada la Acu\u00e1tica nelsonvargas logra 36 medallas\",\"datePublished\":\"2023-11-11T06:13:18+00:00\",\"dateModified\":\"2023-11-11T06:17:45+00:00\",\"mainEntityOfPage\":{\"@id\":\"https:\/\/esbozodeportivo.com\/index.php\/2023\/11\/11\/en-la-primera-jornada-la-acuatica-nelsonvargas-logra-36-medallas\/\"},\"wordCount\":568,\"commentCount\":0,\"publisher\":{\"@id\":\"https:\/\/esbozodeportivo.com\/#organization\"},\"image\":{\"@id\":\"https:\/\/esbozodeportivo.com\/index.php\/2023\/11\/11\/en-la-primera-jornada-la-acuatica-nelsonvargas-logra-36-medallas\/#primaryimage\"},\"thumbnailUrl\":\"https:\/\/esbozodeportivo.com\/wp-content\/uploads\/2023\/11\/Nelson-Vargas.jpg\",\"articleSection\":[\"Amateur\"],\"inLanguage\":\"es\",\"potentialAction\":[{\"@type\":\"CommentAction\",\"name\":\"Comment\",\"target\":[\"https:\/\/esbozodeportivo.com\/index.php\/2023\/11\/11\/en-la-primera-jornada-la-acuatica-nelsonvargas-logra-36-medallas\/#respond\"]}]},{\"@type\":\"WebPage\",\"@id\":\"https:\/\/esbozodeportivo.com\/index.php\/2023\/11\/11\/en-la-primera-jornada-la-acuatica-nelsonvargas-logra-36-medallas\/\",\"url\":\"https:\/\/esbozodeportivo.com\/index.php\/2023\/11\/11\/en-la-primera-jornada-la-acuatica-nelsonvargas-logra-36-medallas\/\",\"name\":\"En la primera jornada la Acu\u00e1tica nelsonvargas logra 36 medallas - Esbozo Deportivo\",\"isPartOf\":{\"@id\":\"https:\/\/esbozodeportivo.com\/#website\"},\"primaryImageOfPage\":{\"@id\":\"https:\/\/esbozodeportivo.com\/index.php\/2023\/11\/11\/en-la-primera-jornada-la-acuatica-nelsonvargas-logra-36-medallas\/#primaryimage\"},\"image\":{\"@id\":\"https:\/\/esbozodeportivo.com\/index.php\/2023\/11\/11\/en-la-primera-jornada-la-acuatica-nelsonvargas-logra-36-medallas\/#primaryimage\"},\"thumbnailUrl\":\"https:\/\/esbozodeportivo.com\/wp-content\/uploads\/2023\/11\/Nelson-Vargas.jpg\",\"datePublished\":\"2023-11-11T06:13:18+00:00\",\"dateModified\":\"2023-11-11T06:17:45+00:00\",\"breadcrumb\":{\"@id\":\"https:\/\/esbozodeportivo.com\/index.php\/2023\/11\/11\/en-la-primera-jornada-la-acuatica-nelsonvargas-logra-36-medallas\/#breadcrumb\"},\"inLanguage\":\"es\",\"potentialAction\":[{\"@type\":\"ReadAction\",\"target\":[\"https:\/\/esbozodeportivo.com\/index.php\/2023\/11\/11\/en-la-primera-jornada-la-acuatica-nelsonvargas-logra-36-medallas\/\"]}]},{\"@type\":\"ImageObject\",\"inLanguage\":\"es\",\"@id\":\"https:\/\/esbozodeportivo.com\/index.php\/2023\/11\/11\/en-la-primera-jornada-la-acuatica-nelsonvargas-logra-36-medallas\/#primaryimage\",\"url\":\"https:\/\/esbozodeportivo.com\/wp-content\/uploads\/2023\/11\/Nelson-Vargas.jpg\",\"contentUrl\":\"https:\/\/esbozodeportivo.com\/wp-content\/uploads\/2023\/11\/Nelson-Vargas.jpg\",\"width\":1024,\"height\":908},{\"@type\":\"BreadcrumbList\",\"@id\":\"https:\/\/esbozodeportivo.com\/index.php\/2023\/11\/11\/en-la-primera-jornada-la-acuatica-nelsonvargas-logra-36-medallas\/#breadcrumb\",\"itemListElement\":[{\"@type\":\"ListItem\",\"position\":1,\"name\":\"Inicio\",\"item\":\"https:\/\/esbozodeportivo.com\/\"},{\"@type\":\"ListItem\",\"position\":2,\"name\":\"En la primera jornada la Acu\u00e1tica nelsonvargas logra 36 medallas\"}]},{\"@type\":\"WebSite\",\"@id\":\"https:\/\/esbozodeportivo.com\/#website\",\"url\":\"https:\/\/esbozodeportivo.com\/\",\"name\":\"Esbozo Deportivo\",\"description\":\"Lo m\u00e1s importante del Deporte\",\"publisher\":{\"@id\":\"https:\/\/esbozodeportivo.com\/#organization\"},\"potentialAction\":[{\"@type\":\"SearchAction\",\"target\":{\"@type\":\"EntryPoint\",\"urlTemplate\":\"https:\/\/esbozodeportivo.com\/?s={search_term_string}\"},\"query-input\":{\"@type\":\"PropertyValueSpecification\",\"valueRequired\":true,\"valueName\":\"search_term_string\"}}],\"inLanguage\":\"es\"},{\"@type\":\"Organization\",\"@id\":\"https:\/\/esbozodeportivo.com\/#organization\",\"name\":\"Esbozo Deportivo\",\"url\":\"https:\/\/esbozodeportivo.com\/\",\"logo\":{\"@type\":\"ImageObject\",\"inLanguage\":\"es\",\"@id\":\"https:\/\/esbozodeportivo.com\/#\/schema\/logo\/image\/\",\"url\":\"https:\/\/esbozodeportivo.com\/wp-content\/uploads\/2022\/08\/cropped-Logo-Esbozo-Web-2.png\",\"contentUrl\":\"https:\/\/esbozodeportivo.com\/wp-content\/uploads\/2022\/08\/cropped-Logo-Esbozo-Web-2.png\",\"width\":180,\"height\":50,\"caption\":\"Esbozo Deportivo\"},\"image\":{\"@id\":\"https:\/\/esbozodeportivo.com\/#\/schema\/logo\/image\/\"}},{\"@type\":\"Person\",\"@id\":\"https:\/\/esbozodeportivo.com\/#\/schema\/person\/7277119c98823aec37bbb84e125efd44\",\"name\":\"Javier De La Cruz\",\"image\":{\"@type\":\"ImageObject\",\"inLanguage\":\"es\",\"@id\":\"https:\/\/esbozodeportivo.com\/#\/schema\/person\/image\/\",\"url\":\"https:\/\/secure.gravatar.com\/avatar\/366235a56d20f1a6e8e3d0b295897639357bea880470ddf261d17bb0bc052eb1?s=96&d=mm&r=g\",\"contentUrl\":\"https:\/\/secure.gravatar.com\/avatar\/366235a56d20f1a6e8e3d0b295897639357bea880470ddf261d17bb0bc052eb1?s=96&d=mm&r=g\",\"caption\":\"Javier De La Cruz\"},\"url\":\"https:\/\/esbozodeportivo.com\/index.php\/author\/javier-de-la-cruz-de-la-cruz\/\"}]}<\/script>\n<!-- \/ Yoast SEO plugin. -->","yoast_head_json":{"title":"En la primera jornada la Acu\u00e1tica nelsonvargas logra 36 medallas - Esbozo Deportivo","robots":{"index":"index","follow":"follow","max-snippet":"max-snippet:-1","max-image-preview":"max-image-preview:large","max-video-preview":"max-video-preview:-1"},"canonical":"https:\/\/esbozodeportivo.com\/index.php\/2023\/11\/11\/en-la-primera-jornada-la-acuatica-nelsonvargas-logra-36-medallas\/","og_locale":"es_MX","og_type":"article","og_title":"En la primera jornada la Acu\u00e1tica nelsonvargas logra 36 medallas - Esbozo Deportivo","og_description":"(Foto: acu\u00e1ticanelsonvargas) Ciudad de M\u00e9xico, 10 de noviembre.- La acu\u00e1tica nelsonvargas se mantiene a la","og_url":"https:\/\/esbozodeportivo.com\/index.php\/2023\/11\/11\/en-la-primera-jornada-la-acuatica-nelsonvargas-logra-36-medallas\/","og_site_name":"Esbozo Deportivo","article_published_time":"2023-11-11T06:13:18+00:00","article_modified_time":"2023-11-11T06:17:45+00:00","og_image":[{"url":"https:\/\/esbozodeportivo.com\/wp-content\/uploads\/2023\/11\/Nelson-Vargas.jpg","type":"","width":"","height":""}],"author":"Javier De La Cruz","twitter_card":"summary_large_image","twitter_misc":{"Escrito por":"Javier De La Cruz","Tiempo de lectura":"3 minutos"},"schema":{"@context":"https:\/\/schema.org","@graph":[{"@type":"Article","@id":"https:\/\/esbozodeportivo.com\/index.php\/2023\/11\/11\/en-la-primera-jornada-la-acuatica-nelsonvargas-logra-36-medallas\/#article","isPartOf":{"@id":"https:\/\/esbozodeportivo.com\/index.php\/2023\/11\/11\/en-la-primera-jornada-la-acuatica-nelsonvargas-logra-36-medallas\/"},"author":{"name":"Javier De La Cruz","@id":"https:\/\/esbozodeportivo.com\/#\/schema\/person\/7277119c98823aec37bbb84e125efd44"},"headline":"En la primera jornada la Acu\u00e1tica nelsonvargas logra 36 medallas","datePublished":"2023-11-11T06:13:18+00:00","dateModified":"2023-11-11T06:17:45+00:00","mainEntityOfPage":{"@id":"https:\/\/esbozodeportivo.com\/index.php\/2023\/11\/11\/en-la-primera-jornada-la-acuatica-nelsonvargas-logra-36-medallas\/"},"wordCount":568,"commentCount":0,"publisher":{"@id":"https:\/\/esbozodeportivo.com\/#organization"},"image":{"@id":"https:\/\/esbozodeportivo.com\/index.php\/2023\/11\/11\/en-la-primera-jornada-la-acuatica-nelsonvargas-logra-36-medallas\/#primaryimage"},"thumbnailUrl":"https:\/\/esbozodeportivo.com\/wp-content\/uploads\/2023\/11\/Nelson-Vargas.jpg","articleSection":["Amateur"],"inLanguage":"es","potentialAction":[{"@type":"CommentAction","name":"Comment","target":["https:\/\/esbozodeportivo.com\/index.php\/2023\/11\/11\/en-la-primera-jornada-la-acuatica-nelsonvargas-logra-36-medallas\/#respond"]}]},{"@type":"WebPage","@id":"https:\/\/esbozodeportivo.com\/index.php\/2023\/11\/11\/en-la-primera-jornada-la-acuatica-nelsonvargas-logra-36-medallas\/","url":"https:\/\/esbozodeportivo.com\/index.php\/2023\/11\/11\/en-la-primera-jornada-la-acuatica-nelsonvargas-logra-36-medallas\/","name":"En la primera jornada la Acu\u00e1tica nelsonvargas logra 36 medallas - Esbozo Deportivo","isPartOf":{"@id":"https:\/\/esbozodeportivo.com\/#website"},"primaryImageOfPage":{"@id":"https:\/\/esbozodeportivo.com\/index.php\/2023\/11\/11\/en-la-primera-jornada-la-acuatica-nelsonvargas-logra-36-medallas\/#primaryimage"},"image":{"@id":"https:\/\/esbozodeportivo.com\/index.php\/2023\/11\/11\/en-la-primera-jornada-la-acuatica-nelsonvargas-logra-36-medallas\/#primaryimage"},"thumbnailUrl":"https:\/\/esbozodeportivo.com\/wp-content\/uploads\/2023\/11\/Nelson-Vargas.jpg","datePublished":"2023-11-11T06:13:18+00:00","dateModified":"2023-11-11T06:17:45+00:00","breadcrumb":{"@id":"https:\/\/esbozodeportivo.com\/index.php\/2023\/11\/11\/en-la-primera-jornada-la-acuatica-nelsonvargas-logra-36-medallas\/#breadcrumb"},"inLanguage":"es","potentialAction":[{"@type":"ReadAction","target":["https:\/\/esbozodeportivo.com\/index.php\/2023\/11\/11\/en-la-primera-jornada-la-acuatica-nelsonvargas-logra-36-medallas\/"]}]},{"@type":"ImageObject","inLanguage":"es","@id":"https:\/\/esbozodeportivo.com\/index.php\/2023\/11\/11\/en-la-primera-jornada-la-acuatica-nelsonvargas-logra-36-medallas\/#primaryimage","url":"https:\/\/esbozodeportivo.com\/wp-content\/uploads\/2023\/11\/Nelson-Vargas.jpg","contentUrl":"https:\/\/esbozodeportivo.com\/wp-content\/uploads\/2023\/11\/Nelson-Vargas.jpg","width":1024,"height":908},{"@type":"BreadcrumbList","@id":"https:\/\/esbozodeportivo.com\/index.php\/2023\/11\/11\/en-la-primera-jornada-la-acuatica-nelsonvargas-logra-36-medallas\/#breadcrumb","itemListElement":[{"@type":"ListItem","position":1,"name":"Inicio","item":"https:\/\/esbozodeportivo.com\/"},{"@type":"ListItem","position":2,"name":"En la primera jornada la Acu\u00e1tica nelsonvargas logra 36 medallas"}]},{"@type":"WebSite","@id":"https:\/\/esbozodeportivo.com\/#website","url":"https:\/\/esbozodeportivo.com\/","name":"Esbozo Deportivo","description":"Lo m\u00e1s importante del Deporte","publisher":{"@id":"https:\/\/esbozodeportivo.com\/#organization"},"potentialAction":[{"@type":"SearchAction","target":{"@type":"EntryPoint","urlTemplate":"https:\/\/esbozodeportivo.com\/?s={search_term_string}"},"query-input":{"@type":"PropertyValueSpecification","valueRequired":true,"valueName":"search_term_string"}}],"inLanguage":"es"},{"@type":"Organization","@id":"https:\/\/esbozodeportivo.com\/#organization","name":"Esbozo Deportivo","url":"https:\/\/esbozodeportivo.com\/","logo":{"@type":"ImageObject","inLanguage":"es","@id":"https:\/\/esbozodeportivo.com\/#\/schema\/logo\/image\/","url":"https:\/\/esbozodeportivo.com\/wp-content\/uploads\/2022\/08\/cropped-Logo-Esbozo-Web-2.png","contentUrl":"https:\/\/esbozodeportivo.com\/wp-content\/uploads\/2022\/08\/cropped-Logo-Esbozo-Web-2.png","width":180,"height":50,"caption":"Esbozo Deportivo"},"image":{"@id":"https:\/\/esbozodeportivo.com\/#\/schema\/logo\/image\/"}},{"@type":"Person","@id":"https:\/\/esbozodeportivo.com\/#\/schema\/person\/7277119c98823aec37bbb84e125efd44","name":"Javier De La Cruz","image":{"@type":"ImageObject","inLanguage":"es","@id":"https:\/\/esbozodeportivo.com\/#\/schema\/person\/image\/","url":"https:\/\/secure.gravatar.com\/avatar\/366235a56d20f1a6e8e3d0b295897639357bea880470ddf261d17bb0bc052eb1?s=96&d=mm&r=g","contentUrl":"https:\/\/secure.gravatar.com\/avatar\/366235a56d20f1a6e8e3d0b295897639357bea880470ddf261d17bb0bc052eb1?s=96&d=mm&r=g","caption":"Javier De La Cruz"},"url":"https:\/\/esbozodeportivo.com\/index.php\/author\/javier-de-la-cruz-de-la-cruz\/"}]}},"jetpack_featured_media_url":"","jetpack_sharing_enabled":true,"_links":{"self":[{"href":"https:\/\/esbozodeportivo.com\/index.php\/wp-json\/wp\/v2\/posts\/1844","targetHints":{"allow":["GET"]}}],"collection":[{"href":"https:\/\/esbozodeportivo.com\/index.php\/wp-json\/wp\/v2\/posts"}],"about":[{"href":"https:\/\/esbozodeportivo.com\/index.php\/wp-json\/wp\/v2\/types\/post"}],"author":[{"embeddable":true,"href":"https:\/\/esbozodeportivo.com\/index.php\/wp-json\/wp\/v2\/users\/2"}],"replies":[{"embeddable":true,"href":"https:\/\/esbozodeportivo.com\/index.php\/wp-json\/wp\/v2\/comments?post=1844"}],"version-history":[{"count":4,"href":"https:\/\/esbozodeportivo.com\/index.php\/wp-json\/wp\/v2\/posts\/1844\/revisions"}],"predecessor-version":[{"id":1849,"href":"https:\/\/esbozodeportivo.com\/index.php\/wp-json\/wp\/v2\/posts\/1844\/revisions\/1849"}],"wp:attachment":[{"href":"https:\/\/esbozodeportivo.com\/index.php\/wp-json\/wp\/v2\/media?parent=1844"}],"wp:term":[{"taxonomy":"category","embeddable":true,"href":"https:\/\/esbozodeportivo.com\/index.php\/wp-json\/wp\/v2\/categories?post=1844"},{"taxonomy":"post_tag","embeddable":true,"href":"https:\/\/esbozodeportivo.com\/index.php\/wp-json\/wp\/v2\/tags?post=1844"}],"curies":[{"name":"wp","href":"https:\/\/api.w.org\/{rel}","templated":true}]}}