{"id":1850,"date":"2023-11-12T05:17:23","date_gmt":"2023-11-12T05:17:23","guid":{"rendered":"https:\/\/esbozodeportivo.com\/?p=1850"},"modified":"2023-11-12T05:33:46","modified_gmt":"2023-11-12T05:33:46","slug":"el-profesor-vargas-hace-parte-de-la-historia-y-se-lo-reconocen-con-entusiasmo-en-suelo-norteamericano","status":"publish","type":"post","link":"https:\/\/esbozodeportivo.com\/index.php\/2023\/11\/12\/el-profesor-vargas-hace-parte-de-la-historia-y-se-lo-reconocen-con-entusiasmo-en-suelo-norteamericano\/","title":{"rendered":"El Profesor Vargas, hace parte de la historia y se lo reconocen con entusiasmo en suelo norteamericano"},"content":{"rendered":"\n<p><\/p>\n\n\n<p><\/p>\n\n\n<p><\/p>\n\n\n<p><\/p>\n\t\t\n\t\t\t<style>\/*! elementor - v3.17.0 - 08-11-2023 *\/\n.elementor-widget-image{text-align:center}.elementor-widget-image a{display:inline-block}.elementor-widget-image a img[src$=\".svg\"]{width:48px}.elementor-widget-image img{vertical-align:middle;display:inline-block}<\/style>\t\t\t\t\t\t\t\t\t\t\t\t<img decoding=\"async\" width=\"640\" height=\"853\" src=\"https:\/\/esbozodeportivo.com\/wp-content\/uploads\/2023\/11\/Ronald-Jhonson-3.jpg\" alt=\"\" loading=\"lazy\" srcset=\"https:\/\/esbozodeportivo.com\/wp-content\/uploads\/2023\/11\/Ronald-Jhonson-3.jpg 768w, https:\/\/esbozodeportivo.com\/wp-content\/uploads\/2023\/11\/Ronald-Jhonson-3-225x300.jpg 225w\" sizes=\"auto, (max-width: 640px) 100vw, 640px\" \/>\t\t\t\t\t\t\t\t\t\t\t\t\t\t\t\n\t\t<p>(Foto: acu\u00e1ticanelsonvargas)<\/p><p>Durante el presente fin de semana se lleva a cabo, en estos momentos, en la Universidad de Arizona State, un grandilocuente homenaje al entrenador Ronald Johnson, profesional que dio tanto por nuestro pa\u00eds, esto, al adquirir un alto compromiso con nuestra naci\u00f3n, el deporte y los resultados que se pudiesen consolidar a trav\u00e9s de los atletas en la disciplina competitiva en la que pose\u00eda formaci\u00f3n y experiencia, la nataci\u00f3n.<\/p>\n<p>All\u00ed, en estos momentos hace presencia el Profesor Nelson Vargas B., invitado de honor a esta celebraci\u00f3n, destac\u00e1ndole que, fue el quien comparti\u00f3 los m\u00e1s grandes momentos formativos en torno al deporte junto a Ronald, quienes construyeron, duro, de la mano y con mucho trabajo los diversos procesos para alcanzar los m\u00e1s altos logros en unos Juegos Ol\u00edmpicos y es por esto que, juntos, por M\u00e9xico, lograron brindarle al pa\u00eds las \u00fanicas medallas ol\u00edmpicas que tiene esta naci\u00f3n en la historia de la fiesta de los aros.<\/p>\t\t\n\t\t\t\t\t\t\t\t\t\t\t\t\t\t\t<img decoding=\"async\" width=\"640\" height=\"480\" src=\"https:\/\/esbozodeportivo.com\/wp-content\/uploads\/2023\/11\/Ronald-Jhonson-2.jpg\" alt=\"\" loading=\"lazy\" srcset=\"https:\/\/esbozodeportivo.com\/wp-content\/uploads\/2023\/11\/Ronald-Jhonson-2.jpg 1024w, https:\/\/esbozodeportivo.com\/wp-content\/uploads\/2023\/11\/Ronald-Jhonson-2-300x225.jpg 300w, https:\/\/esbozodeportivo.com\/wp-content\/uploads\/2023\/11\/Ronald-Jhonson-2-768x576.jpg 768w\" sizes=\"auto, (max-width: 640px) 100vw, 640px\" \/>\t\t\t\t\t\t\t\t\t\t\t\t\t\t\t\n\t\t<p>(Foto: acu\u00e1ticanelsonvargas)<\/p><p>Seg\u00fan las palabras del profesor Vargas, esta instituci\u00f3n que hoy celebra con alegr\u00eda la vida y obra de Ronald, ha logrado en dos d\u00edas magn\u00edficos:<\/p>\n<p>\u201c\u2026 <em>Un grato momento, un muy grato momento que le reconoce a Ronald su trabajo como entrenador en esta instituci\u00f3n, en medio de una competencia y frente a diversas personalidades del deporte actual, donde se conmemora y destaca tantos aportes que hizo este profesional. <\/em><\/p>\n<p><em>\u00a0<\/em><em>A mi me convocaron porque reconocen la uni\u00f3n que ten\u00eda con Ronald, quien se convirti\u00f3 en el padre que no tuve, que me dio lecciones de vida que muchos conocen, pero, sobre todo, que fuimos, juntos, la pieza fundamental para contribuir al desarrollo y crecimiento de este deporte. Reconociendo que, yo s\u00f3lo aprend\u00eda, el era mi gu\u00eda. <\/em><\/p>\t\t\n\t\t\t\t\t\t\t\t\t\t\t\t\t\t\t<img decoding=\"async\" width=\"640\" height=\"480\" src=\"https:\/\/esbozodeportivo.com\/wp-content\/uploads\/2023\/11\/Ronald-Jhonson-11.jpg\" alt=\"\" loading=\"lazy\" srcset=\"https:\/\/esbozodeportivo.com\/wp-content\/uploads\/2023\/11\/Ronald-Jhonson-11.jpg 1024w, https:\/\/esbozodeportivo.com\/wp-content\/uploads\/2023\/11\/Ronald-Jhonson-11-300x225.jpg 300w, https:\/\/esbozodeportivo.com\/wp-content\/uploads\/2023\/11\/Ronald-Jhonson-11-768x576.jpg 768w\" sizes=\"auto, (max-width: 640px) 100vw, 640px\" \/>\t\t\t\t\t\t\t\t\t\t\t\t\t\t\t\n\t\t<p>(Foto: acu\u00e1ticanelsonvargas)<\/p><p><em>Hoy me siento sorprendido de poder compartir con todas estas personas que viven la pasi\u00f3n que a mi me anima todos los d\u00edas, Ray Anderson, director de deportes de ASU, es quien ha liderado todo este proceso, que nos ha unido con cari\u00f1o, alegr\u00eda y organizaci\u00f3n en torno a la nataci\u00f3n.<\/em><\/p>\n<p><em>\u00a0<\/em><em>Esto es tan significativo para los Estados Unidos, la potencia en el mundo de la nataci\u00f3n, que all\u00ed, tambi\u00e9n estuvo presente, Bob Bowman, el entrenador del m\u00e1ximo medallista ol\u00edmpico en toda la historia de los juegos, Michael Phelps. <\/em><\/p>\n<p><em>\u00a0<\/em><em>A ellos se le sumaron, Le\u00f3n Marchand, uno de los mejores nadadores de esta entidad educativa. All\u00ed, igualmente fueron convocados mis hijos y los hijos de Ronald Jonhson, uno de ellos, en honor a su padre, me entrego en frente de todos, un libro que Johnson le llamaba la biblia, donde contiene todo el entrenamiento del equipo ol\u00edmpico mexicano y que integra el proceso diario de estos atletas desde agosto de 1967 a octubre de 1968.<\/em><\/p>\t\t\n\t\t\t\t\t\t\t\t\t\t\t\t\t\t\t<img decoding=\"async\" width=\"640\" height=\"853\" src=\"https:\/\/esbozodeportivo.com\/wp-content\/uploads\/2023\/11\/Ronald-Jhonson-5.jpg\" alt=\"\" loading=\"lazy\" srcset=\"https:\/\/esbozodeportivo.com\/wp-content\/uploads\/2023\/11\/Ronald-Jhonson-5.jpg 768w, https:\/\/esbozodeportivo.com\/wp-content\/uploads\/2023\/11\/Ronald-Jhonson-5-225x300.jpg 225w\" sizes=\"auto, (max-width: 640px) 100vw, 640px\" \/>\t\t\t\t\t\t\t\t\t\t\t\t\t\t\t\n\t\t<p>(Foto: acu\u00e1ticanelsonvargas)<\/p><p><em>Debo reconocer, que han sido horas de honores, donde me brindaron el espacio para contar mi experiencia, y all\u00ed narre y compart\u00ed an\u00e9cdotas de lo <\/em><em> viv\u00ed mientras Ronald era el entrenador de la Selecci\u00f3n Nacional Mexicana, pase un video que tengo en mi archivo y fue la entrega del \u00c1guila Azteca a nuestro querido Ronald. <\/em><\/p>\n<p><em>\u00a0<\/em><em>All\u00ed, muchos de los que compart\u00edan con nosotros, simplemente se llenaron de la misma emoci\u00f3n que yo ten\u00eda y se les salieron las l\u00e1grimas, Jonhson, es considerado como uno de los m\u00e1s importantes entrenadores estudiantiles en los Estados Unidos, pero jam\u00e1s se imaginaban lo que el hab\u00eda hecho en M\u00e9xico, y menos, conoc\u00edan que un presidente de la Republica le diera tan grande reconocimiento, por todos sus aportes a una naci\u00f3n que lo acogi\u00f3 como propio. <\/em><\/p>\n<p><em>\u00a0<\/em><em>Conjuntamente, conocimos el nuevo trabajo que se est\u00e1 realizando a trav\u00e9s de la fundaci\u00f3n de la Universidad, que es la recolecci\u00f3n de fondos para remodelar las instalaciones donde Ronald, paso tantas y tantas horas entregado a la nataci\u00f3n y sus atletas. A todo esto, se le sumo un fin de semana de competencia, entre la universidad de Arizona State y UCLA, donde compitieron los dos equipos representativos femeninos. <\/em><\/p>\n<p><em>\u00a0<\/em><\/p>\n<p>\u00a0<\/p>\n<p>\u00a0<\/p>\t\t\n\t\t\t\t\t\t\t\t\t\t\t\t\t\t\t<img decoding=\"async\" width=\"640\" height=\"480\" src=\"https:\/\/esbozodeportivo.com\/wp-content\/uploads\/2023\/11\/Ronald-Jhonson-8-1024x768.jpg\" alt=\"\" loading=\"lazy\" srcset=\"https:\/\/esbozodeportivo.com\/wp-content\/uploads\/2023\/11\/Ronald-Jhonson-8-1024x768.jpg 1024w, https:\/\/esbozodeportivo.com\/wp-content\/uploads\/2023\/11\/Ronald-Jhonson-8-300x225.jpg 300w, https:\/\/esbozodeportivo.com\/wp-content\/uploads\/2023\/11\/Ronald-Jhonson-8-768x576.jpg 768w, https:\/\/esbozodeportivo.com\/wp-content\/uploads\/2023\/11\/Ronald-Jhonson-8-1536x1152.jpg 1536w, https:\/\/esbozodeportivo.com\/wp-content\/uploads\/2023\/11\/Ronald-Jhonson-8.jpg 1600w\" sizes=\"auto, (max-width: 640px) 100vw, 640px\" \/>\t\t\t\t\t\t\t\t\t\t\t\t\t\t\t\n\t\t<p>(Foto: acu\u00e1ticanelsonvargas)<\/p><p><em>All\u00ed, Bowman, me presenta a Le\u00f3n Marchand, ganador de tres medallas de oro en la pasada cita mundialista en Fukuoka &#8211; Jap\u00f3n, atleta que adem\u00e1s es due\u00f1o de un r\u00e9cord del mundo. En tierras niponas \u00e9l conquist\u00f3 el centro del p\u00f3dium en los 200 y 400 m combinado y con r\u00e9cord del mundo logr\u00e1 la dorada en el 200 m mariposa. Un deportista muy sencillo que apoya el desarrollo de la competencia, todo junto a sus compa\u00f1eros, entendiendo que, la clave esta en el trabajo y apoyo de todos los que integran su equipo. <\/em><\/p>\t\t\n\t\t\t\t\t\t\t\t\t\t\t\t\t\t\t<img decoding=\"async\" width=\"640\" height=\"853\" src=\"https:\/\/esbozodeportivo.com\/wp-content\/uploads\/2023\/11\/Ronald-Jhonson-6.jpg\" alt=\"\" loading=\"lazy\" srcset=\"https:\/\/esbozodeportivo.com\/wp-content\/uploads\/2023\/11\/Ronald-Jhonson-6.jpg 768w, https:\/\/esbozodeportivo.com\/wp-content\/uploads\/2023\/11\/Ronald-Jhonson-6-225x300.jpg 225w\" sizes=\"auto, (max-width: 640px) 100vw, 640px\" \/>\t\t\t\t\t\t\t\t\t\t\t\t\t\t\t\n\t\t<p>(Foto: acu\u00e1ticanelsonvargas)<\/p><p><strong><u>Un hoy lleno de sorpresas<\/u><\/strong><em>: <\/em><\/p>\n<p>Sobre esta narraci\u00f3n, el profesor Vargas, comparte su emoci\u00f3n de lo sucedido hoy 4 de noviembre<em>: \u201c\u2026 Me lleve una grata sorpresa, en uno de los momentos de la competencia, tambi\u00e9n se me hizo un reconocimiento a mi trabajo, que me hizo sentir honrado por recibirlo de una universidad de este nivel, exaltaci\u00f3n que jam\u00e1s espere, aqu\u00ed estamos por Ronald y para Ronald. <\/em><\/p>\n<p><em>\u00a0<\/em><em>All\u00ed, hoy los directivos me entregaron un cuadro con todos los nombres de los medallistas ol\u00edmpicos de 1980, cuando Ronald era entrenador de Arizona State, esto enfrente de todas estas personalidades del deporte, quienes apoyan el desarrollo como sociedad desde la pr\u00e1ctica de la nataci\u00f3n, mi verdadera pasi\u00f3n. Me siento incre\u00edblemente feliz por este reconocimiento que jam\u00e1s, pens\u00e9, ni so\u00f1\u00e9 y aqu\u00ed, seguimos por Ronald, mi gran inspiraci\u00f3n\u2026\u201d <\/em><\/p>\t\t\n\t\t\t\t\t\t\t\t\t\t\t\t\t\t\t<img decoding=\"async\" width=\"640\" height=\"853\" src=\"https:\/\/esbozodeportivo.com\/wp-content\/uploads\/2023\/11\/Ronald-Jhonson-4.jpg\" alt=\"\" loading=\"lazy\" srcset=\"https:\/\/esbozodeportivo.com\/wp-content\/uploads\/2023\/11\/Ronald-Jhonson-4.jpg 768w, https:\/\/esbozodeportivo.com\/wp-content\/uploads\/2023\/11\/Ronald-Jhonson-4-225x300.jpg 225w\" sizes=\"auto, (max-width: 640px) 100vw, 640px\" \/>\t\t\t\t\t\t\t\t\t\t\t\t\t\t\t\n\t\t<p>(Foto: acu\u00e1ticanelsonvargas)<\/p><p><strong><u>Recogiendo la cosecha<\/u><\/strong>:<\/p>\n<p>Y el profesor Nelson continua su narraci\u00f3n sobre estos momentos emocionantes, as\u00ed: \u201c\u2026 <em>He trabajado por m\u00e1s de 60 a\u00f1os por la nataci\u00f3n, todo en mi vida ha sido en torno al deporte y mis hijos, hacen parte, tambi\u00e9n de esta historia. <\/em><\/p>\n<p><em>\u00a0<\/em><em>Hoy, nadie sabe lo que sent\u00eda mi alma, cuando mi hijo, Nelson Vargas Escalera, fue nombrado capit\u00e1n del equipo de nataci\u00f3n de esta universidad para esta competencia. Cuando recibi\u00f3 este honor, animo a todos estos atletas habl\u00e1ndoles de sus sentimientos por la universidad, donde fue entrenado por el mismo Ronald Jonhson. Hoy, m\u00e1s que nunca, siento que cada madrugada cada esfuerzo, cada lucha, han valido la pena\u2026\u201d<\/em><\/p>\n<p>\u00a0<\/p>\n<p>\u00a0<\/p>\t\t\n\t\t\t\t\t\t\t\t\t\t\t\t\t\t\t<img decoding=\"async\" width=\"640\" height=\"480\" src=\"https:\/\/esbozodeportivo.com\/wp-content\/uploads\/2023\/11\/Ronald-Jhonson-7.jpg\" alt=\"\" loading=\"lazy\" srcset=\"https:\/\/esbozodeportivo.com\/wp-content\/uploads\/2023\/11\/Ronald-Jhonson-7.jpg 1024w, https:\/\/esbozodeportivo.com\/wp-content\/uploads\/2023\/11\/Ronald-Jhonson-7-300x225.jpg 300w, https:\/\/esbozodeportivo.com\/wp-content\/uploads\/2023\/11\/Ronald-Jhonson-7-768x576.jpg 768w\" sizes=\"auto, (max-width: 640px) 100vw, 640px\" \/>\t\t\t\t\t\t\t\t\t\t\t\t\t\t\t\n\t\t<p>(Foto: acu\u00e1ticanelsonvargas)<\/p>","protected":false},"excerpt":{"rendered":"<p>(Foto: acu\u00e1ticanelsonvargas) Durante el presente fin de semana se lleva a cabo, en estos momentos,<\/p>\n","protected":false},"author":2,"featured_media":0,"comment_status":"open","ping_status":"open","sticky":false,"template":"","format":"standard","meta":{"_jetpack_memberships_contains_paid_content":false,"footnotes":""},"categories":[5],"tags":[],"class_list":["post-1850","post","type-post","status-publish","format-standard","hentry","category-amateur"],"yoast_head":"<!-- This site is optimized with the Yoast SEO plugin v25.7 - https:\/\/yoast.com\/wordpress\/plugins\/seo\/ -->\n<title>El Profesor Vargas, hace parte de la historia y se lo reconocen con entusiasmo en suelo norteamericano - Esbozo Deportivo<\/title>\n<meta name=\"robots\" content=\"index, follow, max-snippet:-1, max-image-preview:large, max-video-preview:-1\" \/>\n<link rel=\"canonical\" href=\"https:\/\/esbozodeportivo.com\/index.php\/2023\/11\/12\/el-profesor-vargas-hace-parte-de-la-historia-y-se-lo-reconocen-con-entusiasmo-en-suelo-norteamericano\/\" \/>\n<meta property=\"og:locale\" content=\"es_MX\" \/>\n<meta property=\"og:type\" content=\"article\" \/>\n<meta property=\"og:title\" content=\"El Profesor Vargas, hace parte de la historia y se lo reconocen con entusiasmo en suelo norteamericano - Esbozo Deportivo\" \/>\n<meta property=\"og:description\" content=\"(Foto: acu\u00e1ticanelsonvargas) Durante el presente fin de semana se lleva a cabo, en estos momentos,\" \/>\n<meta property=\"og:url\" content=\"https:\/\/esbozodeportivo.com\/index.php\/2023\/11\/12\/el-profesor-vargas-hace-parte-de-la-historia-y-se-lo-reconocen-con-entusiasmo-en-suelo-norteamericano\/\" \/>\n<meta property=\"og:site_name\" content=\"Esbozo Deportivo\" \/>\n<meta property=\"article:published_time\" content=\"2023-11-12T05:17:23+00:00\" \/>\n<meta property=\"article:modified_time\" content=\"2023-11-12T05:33:46+00:00\" \/>\n<meta property=\"og:image\" content=\"https:\/\/esbozodeportivo.com\/wp-content\/uploads\/2023\/11\/Ronald-Jhonson-3.jpg\" \/>\n<meta name=\"author\" content=\"Javier De La Cruz\" \/>\n<meta name=\"twitter:card\" content=\"summary_large_image\" \/>\n<meta name=\"twitter:label1\" content=\"Escrito por\" \/>\n\t<meta name=\"twitter:data1\" content=\"Javier De La Cruz\" \/>\n\t<meta name=\"twitter:label2\" content=\"Tiempo de lectura\" \/>\n\t<meta name=\"twitter:data2\" content=\"5 minutos\" \/>\n<script type=\"application\/ld+json\" class=\"yoast-schema-graph\">{\"@context\":\"https:\/\/schema.org\",\"@graph\":[{\"@type\":\"Article\",\"@id\":\"https:\/\/esbozodeportivo.com\/index.php\/2023\/11\/12\/el-profesor-vargas-hace-parte-de-la-historia-y-se-lo-reconocen-con-entusiasmo-en-suelo-norteamericano\/#article\",\"isPartOf\":{\"@id\":\"https:\/\/esbozodeportivo.com\/index.php\/2023\/11\/12\/el-profesor-vargas-hace-parte-de-la-historia-y-se-lo-reconocen-con-entusiasmo-en-suelo-norteamericano\/\"},\"author\":{\"name\":\"Javier De La Cruz\",\"@id\":\"https:\/\/esbozodeportivo.com\/#\/schema\/person\/7277119c98823aec37bbb84e125efd44\"},\"headline\":\"El Profesor Vargas, hace parte de la historia y se lo reconocen con entusiasmo en suelo norteamericano\",\"datePublished\":\"2023-11-12T05:17:23+00:00\",\"dateModified\":\"2023-11-12T05:33:46+00:00\",\"mainEntityOfPage\":{\"@id\":\"https:\/\/esbozodeportivo.com\/index.php\/2023\/11\/12\/el-profesor-vargas-hace-parte-de-la-historia-y-se-lo-reconocen-con-entusiasmo-en-suelo-norteamericano\/\"},\"wordCount\":1102,\"commentCount\":0,\"publisher\":{\"@id\":\"https:\/\/esbozodeportivo.com\/#organization\"},\"image\":{\"@id\":\"https:\/\/esbozodeportivo.com\/index.php\/2023\/11\/12\/el-profesor-vargas-hace-parte-de-la-historia-y-se-lo-reconocen-con-entusiasmo-en-suelo-norteamericano\/#primaryimage\"},\"thumbnailUrl\":\"https:\/\/esbozodeportivo.com\/wp-content\/uploads\/2023\/11\/Ronald-Jhonson-3.jpg\",\"articleSection\":[\"Amateur\"],\"inLanguage\":\"es\",\"potentialAction\":[{\"@type\":\"CommentAction\",\"name\":\"Comment\",\"target\":[\"https:\/\/esbozodeportivo.com\/index.php\/2023\/11\/12\/el-profesor-vargas-hace-parte-de-la-historia-y-se-lo-reconocen-con-entusiasmo-en-suelo-norteamericano\/#respond\"]}]},{\"@type\":\"WebPage\",\"@id\":\"https:\/\/esbozodeportivo.com\/index.php\/2023\/11\/12\/el-profesor-vargas-hace-parte-de-la-historia-y-se-lo-reconocen-con-entusiasmo-en-suelo-norteamericano\/\",\"url\":\"https:\/\/esbozodeportivo.com\/index.php\/2023\/11\/12\/el-profesor-vargas-hace-parte-de-la-historia-y-se-lo-reconocen-con-entusiasmo-en-suelo-norteamericano\/\",\"name\":\"El Profesor Vargas, hace parte de la historia y se lo reconocen con entusiasmo en suelo norteamericano - Esbozo Deportivo\",\"isPartOf\":{\"@id\":\"https:\/\/esbozodeportivo.com\/#website\"},\"primaryImageOfPage\":{\"@id\":\"https:\/\/esbozodeportivo.com\/index.php\/2023\/11\/12\/el-profesor-vargas-hace-parte-de-la-historia-y-se-lo-reconocen-con-entusiasmo-en-suelo-norteamericano\/#primaryimage\"},\"image\":{\"@id\":\"https:\/\/esbozodeportivo.com\/index.php\/2023\/11\/12\/el-profesor-vargas-hace-parte-de-la-historia-y-se-lo-reconocen-con-entusiasmo-en-suelo-norteamericano\/#primaryimage\"},\"thumbnailUrl\":\"https:\/\/esbozodeportivo.com\/wp-content\/uploads\/2023\/11\/Ronald-Jhonson-3.jpg\",\"datePublished\":\"2023-11-12T05:17:23+00:00\",\"dateModified\":\"2023-11-12T05:33:46+00:00\",\"breadcrumb\":{\"@id\":\"https:\/\/esbozodeportivo.com\/index.php\/2023\/11\/12\/el-profesor-vargas-hace-parte-de-la-historia-y-se-lo-reconocen-con-entusiasmo-en-suelo-norteamericano\/#breadcrumb\"},\"inLanguage\":\"es\",\"potentialAction\":[{\"@type\":\"ReadAction\",\"target\":[\"https:\/\/esbozodeportivo.com\/index.php\/2023\/11\/12\/el-profesor-vargas-hace-parte-de-la-historia-y-se-lo-reconocen-con-entusiasmo-en-suelo-norteamericano\/\"]}]},{\"@type\":\"ImageObject\",\"inLanguage\":\"es\",\"@id\":\"https:\/\/esbozodeportivo.com\/index.php\/2023\/11\/12\/el-profesor-vargas-hace-parte-de-la-historia-y-se-lo-reconocen-con-entusiasmo-en-suelo-norteamericano\/#primaryimage\",\"url\":\"https:\/\/esbozodeportivo.com\/wp-content\/uploads\/2023\/11\/Ronald-Jhonson-3.jpg\",\"contentUrl\":\"https:\/\/esbozodeportivo.com\/wp-content\/uploads\/2023\/11\/Ronald-Jhonson-3.jpg\",\"width\":768,\"height\":1024},{\"@type\":\"BreadcrumbList\",\"@id\":\"https:\/\/esbozodeportivo.com\/index.php\/2023\/11\/12\/el-profesor-vargas-hace-parte-de-la-historia-y-se-lo-reconocen-con-entusiasmo-en-suelo-norteamericano\/#breadcrumb\",\"itemListElement\":[{\"@type\":\"ListItem\",\"position\":1,\"name\":\"Inicio\",\"item\":\"https:\/\/esbozodeportivo.com\/\"},{\"@type\":\"ListItem\",\"position\":2,\"name\":\"El Profesor Vargas, hace parte de la historia y se lo reconocen con entusiasmo en suelo norteamericano\"}]},{\"@type\":\"WebSite\",\"@id\":\"https:\/\/esbozodeportivo.com\/#website\",\"url\":\"https:\/\/esbozodeportivo.com\/\",\"name\":\"Esbozo Deportivo\",\"description\":\"Lo m\u00e1s importante del Deporte\",\"publisher\":{\"@id\":\"https:\/\/esbozodeportivo.com\/#organization\"},\"potentialAction\":[{\"@type\":\"SearchAction\",\"target\":{\"@type\":\"EntryPoint\",\"urlTemplate\":\"https:\/\/esbozodeportivo.com\/?s={search_term_string}\"},\"query-input\":{\"@type\":\"PropertyValueSpecification\",\"valueRequired\":true,\"valueName\":\"search_term_string\"}}],\"inLanguage\":\"es\"},{\"@type\":\"Organization\",\"@id\":\"https:\/\/esbozodeportivo.com\/#organization\",\"name\":\"Esbozo Deportivo\",\"url\":\"https:\/\/esbozodeportivo.com\/\",\"logo\":{\"@type\":\"ImageObject\",\"inLanguage\":\"es\",\"@id\":\"https:\/\/esbozodeportivo.com\/#\/schema\/logo\/image\/\",\"url\":\"https:\/\/esbozodeportivo.com\/wp-content\/uploads\/2022\/08\/cropped-Logo-Esbozo-Web-2.png\",\"contentUrl\":\"https:\/\/esbozodeportivo.com\/wp-content\/uploads\/2022\/08\/cropped-Logo-Esbozo-Web-2.png\",\"width\":180,\"height\":50,\"caption\":\"Esbozo Deportivo\"},\"image\":{\"@id\":\"https:\/\/esbozodeportivo.com\/#\/schema\/logo\/image\/\"}},{\"@type\":\"Person\",\"@id\":\"https:\/\/esbozodeportivo.com\/#\/schema\/person\/7277119c98823aec37bbb84e125efd44\",\"name\":\"Javier De La Cruz\",\"image\":{\"@type\":\"ImageObject\",\"inLanguage\":\"es\",\"@id\":\"https:\/\/esbozodeportivo.com\/#\/schema\/person\/image\/\",\"url\":\"https:\/\/secure.gravatar.com\/avatar\/366235a56d20f1a6e8e3d0b295897639357bea880470ddf261d17bb0bc052eb1?s=96&d=mm&r=g\",\"contentUrl\":\"https:\/\/secure.gravatar.com\/avatar\/366235a56d20f1a6e8e3d0b295897639357bea880470ddf261d17bb0bc052eb1?s=96&d=mm&r=g\",\"caption\":\"Javier De La Cruz\"},\"url\":\"https:\/\/esbozodeportivo.com\/index.php\/author\/javier-de-la-cruz-de-la-cruz\/\"}]}<\/script>\n<!-- \/ Yoast SEO plugin. -->","yoast_head_json":{"title":"El Profesor Vargas, hace parte de la historia y se lo reconocen con entusiasmo en suelo norteamericano - Esbozo Deportivo","robots":{"index":"index","follow":"follow","max-snippet":"max-snippet:-1","max-image-preview":"max-image-preview:large","max-video-preview":"max-video-preview:-1"},"canonical":"https:\/\/esbozodeportivo.com\/index.php\/2023\/11\/12\/el-profesor-vargas-hace-parte-de-la-historia-y-se-lo-reconocen-con-entusiasmo-en-suelo-norteamericano\/","og_locale":"es_MX","og_type":"article","og_title":"El Profesor Vargas, hace parte de la historia y se lo reconocen con entusiasmo en suelo norteamericano - Esbozo Deportivo","og_description":"(Foto: acu\u00e1ticanelsonvargas) Durante el presente fin de semana se lleva a cabo, en estos momentos,","og_url":"https:\/\/esbozodeportivo.com\/index.php\/2023\/11\/12\/el-profesor-vargas-hace-parte-de-la-historia-y-se-lo-reconocen-con-entusiasmo-en-suelo-norteamericano\/","og_site_name":"Esbozo Deportivo","article_published_time":"2023-11-12T05:17:23+00:00","article_modified_time":"2023-11-12T05:33:46+00:00","og_image":[{"url":"https:\/\/esbozodeportivo.com\/wp-content\/uploads\/2023\/11\/Ronald-Jhonson-3.jpg","type":"","width":"","height":""}],"author":"Javier De La Cruz","twitter_card":"summary_large_image","twitter_misc":{"Escrito por":"Javier De La Cruz","Tiempo de lectura":"5 minutos"},"schema":{"@context":"https:\/\/schema.org","@graph":[{"@type":"Article","@id":"https:\/\/esbozodeportivo.com\/index.php\/2023\/11\/12\/el-profesor-vargas-hace-parte-de-la-historia-y-se-lo-reconocen-con-entusiasmo-en-suelo-norteamericano\/#article","isPartOf":{"@id":"https:\/\/esbozodeportivo.com\/index.php\/2023\/11\/12\/el-profesor-vargas-hace-parte-de-la-historia-y-se-lo-reconocen-con-entusiasmo-en-suelo-norteamericano\/"},"author":{"name":"Javier De La Cruz","@id":"https:\/\/esbozodeportivo.com\/#\/schema\/person\/7277119c98823aec37bbb84e125efd44"},"headline":"El Profesor Vargas, hace parte de la historia y se lo reconocen con entusiasmo en suelo norteamericano","datePublished":"2023-11-12T05:17:23+00:00","dateModified":"2023-11-12T05:33:46+00:00","mainEntityOfPage":{"@id":"https:\/\/esbozodeportivo.com\/index.php\/2023\/11\/12\/el-profesor-vargas-hace-parte-de-la-historia-y-se-lo-reconocen-con-entusiasmo-en-suelo-norteamericano\/"},"wordCount":1102,"commentCount":0,"publisher":{"@id":"https:\/\/esbozodeportivo.com\/#organization"},"image":{"@id":"https:\/\/esbozodeportivo.com\/index.php\/2023\/11\/12\/el-profesor-vargas-hace-parte-de-la-historia-y-se-lo-reconocen-con-entusiasmo-en-suelo-norteamericano\/#primaryimage"},"thumbnailUrl":"https:\/\/esbozodeportivo.com\/wp-content\/uploads\/2023\/11\/Ronald-Jhonson-3.jpg","articleSection":["Amateur"],"inLanguage":"es","potentialAction":[{"@type":"CommentAction","name":"Comment","target":["https:\/\/esbozodeportivo.com\/index.php\/2023\/11\/12\/el-profesor-vargas-hace-parte-de-la-historia-y-se-lo-reconocen-con-entusiasmo-en-suelo-norteamericano\/#respond"]}]},{"@type":"WebPage","@id":"https:\/\/esbozodeportivo.com\/index.php\/2023\/11\/12\/el-profesor-vargas-hace-parte-de-la-historia-y-se-lo-reconocen-con-entusiasmo-en-suelo-norteamericano\/","url":"https:\/\/esbozodeportivo.com\/index.php\/2023\/11\/12\/el-profesor-vargas-hace-parte-de-la-historia-y-se-lo-reconocen-con-entusiasmo-en-suelo-norteamericano\/","name":"El Profesor Vargas, hace parte de la historia y se lo reconocen con entusiasmo en suelo norteamericano - Esbozo Deportivo","isPartOf":{"@id":"https:\/\/esbozodeportivo.com\/#website"},"primaryImageOfPage":{"@id":"https:\/\/esbozodeportivo.com\/index.php\/2023\/11\/12\/el-profesor-vargas-hace-parte-de-la-historia-y-se-lo-reconocen-con-entusiasmo-en-suelo-norteamericano\/#primaryimage"},"image":{"@id":"https:\/\/esbozodeportivo.com\/index.php\/2023\/11\/12\/el-profesor-vargas-hace-parte-de-la-historia-y-se-lo-reconocen-con-entusiasmo-en-suelo-norteamericano\/#primaryimage"},"thumbnailUrl":"https:\/\/esbozodeportivo.com\/wp-content\/uploads\/2023\/11\/Ronald-Jhonson-3.jpg","datePublished":"2023-11-12T05:17:23+00:00","dateModified":"2023-11-12T05:33:46+00:00","breadcrumb":{"@id":"https:\/\/esbozodeportivo.com\/index.php\/2023\/11\/12\/el-profesor-vargas-hace-parte-de-la-historia-y-se-lo-reconocen-con-entusiasmo-en-suelo-norteamericano\/#breadcrumb"},"inLanguage":"es","potentialAction":[{"@type":"ReadAction","target":["https:\/\/esbozodeportivo.com\/index.php\/2023\/11\/12\/el-profesor-vargas-hace-parte-de-la-historia-y-se-lo-reconocen-con-entusiasmo-en-suelo-norteamericano\/"]}]},{"@type":"ImageObject","inLanguage":"es","@id":"https:\/\/esbozodeportivo.com\/index.php\/2023\/11\/12\/el-profesor-vargas-hace-parte-de-la-historia-y-se-lo-reconocen-con-entusiasmo-en-suelo-norteamericano\/#primaryimage","url":"https:\/\/esbozodeportivo.com\/wp-content\/uploads\/2023\/11\/Ronald-Jhonson-3.jpg","contentUrl":"https:\/\/esbozodeportivo.com\/wp-content\/uploads\/2023\/11\/Ronald-Jhonson-3.jpg","width":768,"height":1024},{"@type":"BreadcrumbList","@id":"https:\/\/esbozodeportivo.com\/index.php\/2023\/11\/12\/el-profesor-vargas-hace-parte-de-la-historia-y-se-lo-reconocen-con-entusiasmo-en-suelo-norteamericano\/#breadcrumb","itemListElement":[{"@type":"ListItem","position":1,"name":"Inicio","item":"https:\/\/esbozodeportivo.com\/"},{"@type":"ListItem","position":2,"name":"El Profesor Vargas, hace parte de la historia y se lo reconocen con entusiasmo en suelo norteamericano"}]},{"@type":"WebSite","@id":"https:\/\/esbozodeportivo.com\/#website","url":"https:\/\/esbozodeportivo.com\/","name":"Esbozo Deportivo","description":"Lo m\u00e1s importante del Deporte","publisher":{"@id":"https:\/\/esbozodeportivo.com\/#organization"},"potentialAction":[{"@type":"SearchAction","target":{"@type":"EntryPoint","urlTemplate":"https:\/\/esbozodeportivo.com\/?s={search_term_string}"},"query-input":{"@type":"PropertyValueSpecification","valueRequired":true,"valueName":"search_term_string"}}],"inLanguage":"es"},{"@type":"Organization","@id":"https:\/\/esbozodeportivo.com\/#organization","name":"Esbozo Deportivo","url":"https:\/\/esbozodeportivo.com\/","logo":{"@type":"ImageObject","inLanguage":"es","@id":"https:\/\/esbozodeportivo.com\/#\/schema\/logo\/image\/","url":"https:\/\/esbozodeportivo.com\/wp-content\/uploads\/2022\/08\/cropped-Logo-Esbozo-Web-2.png","contentUrl":"https:\/\/esbozodeportivo.com\/wp-content\/uploads\/2022\/08\/cropped-Logo-Esbozo-Web-2.png","width":180,"height":50,"caption":"Esbozo Deportivo"},"image":{"@id":"https:\/\/esbozodeportivo.com\/#\/schema\/logo\/image\/"}},{"@type":"Person","@id":"https:\/\/esbozodeportivo.com\/#\/schema\/person\/7277119c98823aec37bbb84e125efd44","name":"Javier De La Cruz","image":{"@type":"ImageObject","inLanguage":"es","@id":"https:\/\/esbozodeportivo.com\/#\/schema\/person\/image\/","url":"https:\/\/secure.gravatar.com\/avatar\/366235a56d20f1a6e8e3d0b295897639357bea880470ddf261d17bb0bc052eb1?s=96&d=mm&r=g","contentUrl":"https:\/\/secure.gravatar.com\/avatar\/366235a56d20f1a6e8e3d0b295897639357bea880470ddf261d17bb0bc052eb1?s=96&d=mm&r=g","caption":"Javier De La Cruz"},"url":"https:\/\/esbozodeportivo.com\/index.php\/author\/javier-de-la-cruz-de-la-cruz\/"}]}},"jetpack_featured_media_url":"","jetpack_sharing_enabled":true,"_links":{"self":[{"href":"https:\/\/esbozodeportivo.com\/index.php\/wp-json\/wp\/v2\/posts\/1850","targetHints":{"allow":["GET"]}}],"collection":[{"href":"https:\/\/esbozodeportivo.com\/index.php\/wp-json\/wp\/v2\/posts"}],"about":[{"href":"https:\/\/esbozodeportivo.com\/index.php\/wp-json\/wp\/v2\/types\/post"}],"author":[{"embeddable":true,"href":"https:\/\/esbozodeportivo.com\/index.php\/wp-json\/wp\/v2\/users\/2"}],"replies":[{"embeddable":true,"href":"https:\/\/esbozodeportivo.com\/index.php\/wp-json\/wp\/v2\/comments?post=1850"}],"version-history":[{"count":4,"href":"https:\/\/esbozodeportivo.com\/index.php\/wp-json\/wp\/v2\/posts\/1850\/revisions"}],"predecessor-version":[{"id":1866,"href":"https:\/\/esbozodeportivo.com\/index.php\/wp-json\/wp\/v2\/posts\/1850\/revisions\/1866"}],"wp:attachment":[{"href":"https:\/\/esbozodeportivo.com\/index.php\/wp-json\/wp\/v2\/media?parent=1850"}],"wp:term":[{"taxonomy":"category","embeddable":true,"href":"https:\/\/esbozodeportivo.com\/index.php\/wp-json\/wp\/v2\/categories?post=1850"},{"taxonomy":"post_tag","embeddable":true,"href":"https:\/\/esbozodeportivo.com\/index.php\/wp-json\/wp\/v2\/tags?post=1850"}],"curies":[{"name":"wp","href":"https:\/\/api.w.org\/{rel}","templated":true}]}}