{"id":1868,"date":"2023-11-12T06:34:50","date_gmt":"2023-11-12T06:34:50","guid":{"rendered":"https:\/\/esbozodeportivo.com\/?p=1868"},"modified":"2023-11-12T06:50:47","modified_gmt":"2023-11-12T06:50:47","slug":"importantes-actividades-en-la-acuatica-nelson-vargas","status":"publish","type":"post","link":"https:\/\/esbozodeportivo.com\/index.php\/2023\/11\/12\/importantes-actividades-en-la-acuatica-nelson-vargas\/","title":{"rendered":"Importantes actividades en la Acu\u00e1tica Nelson Vargas"},"content":{"rendered":"<style>\/*! elementor - v3.17.0 - 08-11-2023 *\/\n.elementor-widget-image{text-align:center}.elementor-widget-image a{display:inline-block}.elementor-widget-image a img[src$=\".svg\"]{width:48px}.elementor-widget-image img{vertical-align:middle;display:inline-block}<\/style>\n<p>\t\t\t\t\t\t\t\t\t\t\t\t<img decoding=\"async\" width=\"640\" height=\"424\" src=\"https:\/\/esbozodeportivo.com\/wp-content\/uploads\/2023\/11\/Team-Junior-1-1024x679.jpg\" alt=\"\" loading=\"lazy\" srcset=\"https:\/\/esbozodeportivo.com\/wp-content\/uploads\/2023\/11\/Team-Junior-1-1024x679.jpg 1024w, https:\/\/esbozodeportivo.com\/wp-content\/uploads\/2023\/11\/Team-Junior-1-300x199.jpg 300w, https:\/\/esbozodeportivo.com\/wp-content\/uploads\/2023\/11\/Team-Junior-1-768x509.jpg 768w, https:\/\/esbozodeportivo.com\/wp-content\/uploads\/2023\/11\/Team-Junior-1.jpg 1482w\" sizes=\"auto, (max-width: 640px) 100vw, 640px\" \/>\t\t\t\t\t\t\t\t\t\t\t\t\t\t\t<\/p>\n<p>(Foto: acu\u00e1ticanelsonvargas)<\/p>\n<p><strong>Dan a conocer a integrantes del Team Junior ANV<\/strong><\/p>\n<p>Durante esta programaci\u00f3n se realiz\u00f3 el relanzamiento del Team ANV Junior, con quienes se establecieron los lineamientos y acuerdos de seguimiento, que integran los fundamentos, el reglamento actualizado y los objetivos a mediano y largo plazo que deben cumplir cada uno de estos atletas.<\/p>\n<p>Este equipo, fue creado para seleccionar los candidatos, que, de acuerdo a los criterios t\u00e9cnicos establecidos, basados en factores cualitativos y cuantitativos, permitan desarrollar el m\u00e1ximo potencial deportivo de cada uno de los prospectos a mediano y largo plazo.<\/p>\n<p>\t\t\t\t\t\t\t\t\t\t\t\t\t\t\t<img decoding=\"async\" width=\"640\" height=\"475\" src=\"https:\/\/esbozodeportivo.com\/wp-content\/uploads\/2023\/11\/Team-Junior-3-1024x760.jpg\" alt=\"\" loading=\"lazy\" srcset=\"https:\/\/esbozodeportivo.com\/wp-content\/uploads\/2023\/11\/Team-Junior-3-1024x760.jpg 1024w, https:\/\/esbozodeportivo.com\/wp-content\/uploads\/2023\/11\/Team-Junior-3-300x223.jpg 300w, https:\/\/esbozodeportivo.com\/wp-content\/uploads\/2023\/11\/Team-Junior-3-768x570.jpg 768w, https:\/\/esbozodeportivo.com\/wp-content\/uploads\/2023\/11\/Team-Junior-3-1536x1140.jpg 1536w, https:\/\/esbozodeportivo.com\/wp-content\/uploads\/2023\/11\/Team-Junior-3.jpg 1600w\" sizes=\"auto, (max-width: 640px) 100vw, 640px\" \/>\t\t\t\t\t\t\t\t\t\t\t\t\t\t\t<\/p>\n<p>(Foto: acu\u00e1ticanelsonvargas)<\/p>\n<p>Durante la reuni\u00f3n, el profesor Vargas afirm\u00f3 frente a los atletas, sus familias, los entrenadores y los medios de comunicaci\u00f3n, que: \u201c\u2026 <strong><em>Acu\u00e1tica nelsonvargas<\/em><\/strong><em>, siempre se ha caracterizado por innovar en la nataci\u00f3n, en todos los niveles, y este proyecto que se est\u00e1 desarrollando de la mano de un experimentado y reconocido en el planeta de la nataci\u00f3n, como el Profesor Sergio Valiente y todo el equipo de profesionales que integra la compa\u00f1\u00eda, permiten crear, vigilar, desarrollar y explotar un plan que dotar\u00e1 al pa\u00eds de sus representantes nacionales para el ciclo ol\u00edmpico 2025 \u2013 2029. Me siento muy orgullo y feliz de ver a estos j\u00f3venes iniciar un largo camino, que s\u00e9 nos llenar\u00e1 a todos de orgullo\u2026\u201d.<\/em><\/p>\n<p>Sobre esto, se debe reconocer que el trabajo que se aproxima no es f\u00e1cil, sin embargo, se est\u00e1 trabajando para que, cada atleta, cuente con los mejores esquemas de trabajo de acuerdo a su etapa de desarrollo de manera \u00f3ptima y reconociendo que, este esfuerzo es de la familia, el atleta, el entrenador y la empresa, quienes, en su conjunto trabajar\u00e1n para alcanzar los mejores resultados.<\/p>\n<p>\t\t\t\t\t\t\t\t\t\t\t\t\t\t\t<img decoding=\"async\" width=\"640\" height=\"435\" src=\"https:\/\/esbozodeportivo.com\/wp-content\/uploads\/2023\/11\/Team-Junior-1024x696.jpg\" alt=\"\" loading=\"lazy\" srcset=\"https:\/\/esbozodeportivo.com\/wp-content\/uploads\/2023\/11\/Team-Junior-1024x696.jpg 1024w, https:\/\/esbozodeportivo.com\/wp-content\/uploads\/2023\/11\/Team-Junior-300x204.jpg 300w, https:\/\/esbozodeportivo.com\/wp-content\/uploads\/2023\/11\/Team-Junior-768x522.jpg 768w, https:\/\/esbozodeportivo.com\/wp-content\/uploads\/2023\/11\/Team-Junior.jpg 1459w\" sizes=\"auto, (max-width: 640px) 100vw, 640px\" \/>\t\t\t\t\t\t\t\t\t\t\t\t\t\t\t<\/p>\n<p>(Foto: acu\u00e1ticanelsonvargas)<\/p>\n<p><strong>Reuni\u00f3n T\u00e9cnica con Entrenadores Masters<\/strong><\/p>\n<p>Durante esta misma jornada, se llev\u00f3 a cabo la Reuni\u00f3n T\u00e9cnica de Entrenadores Masters, esto, con el objetivo de felicitar a todo el stand de Entrenadores Masters de <strong><em>Acu\u00e1tica NelsonVargas<\/em><\/strong> por su gran resultado deportivo, obtenido en el \u00faltimo Campeonato Nacional de la categor\u00eda &#8211; Curso Corto 2023.<\/p>\n<p>El profesor Nelson Vargas Bas\u00e1\u00f1ez, fue quien lider\u00f3 esta importante cita, que permiti\u00f3 proyectar lo que se debe gestar para 2024, \u00e9l, estuvo acompa\u00f1ado, por Abraham \u00c1lvarez &#8211; Gerente de equipos; Ricardo Vargas &#8211; Gerente de Plaza Central y nadador Ol\u00edmpico, as\u00ed como del Profesor H\u00e9ctor Campos &#8211; Gerente de Sat\u00e9lite<\/p>\n<p>\t\t\t\t\t\t\t\t\t\t\t\t\t\t\t<img decoding=\"async\" width=\"640\" height=\"480\" src=\"https:\/\/esbozodeportivo.com\/wp-content\/uploads\/2023\/11\/Entrenadores-Masters-2-1024x768.jpg\" alt=\"\" loading=\"lazy\" srcset=\"https:\/\/esbozodeportivo.com\/wp-content\/uploads\/2023\/11\/Entrenadores-Masters-2-1024x768.jpg 1024w, https:\/\/esbozodeportivo.com\/wp-content\/uploads\/2023\/11\/Entrenadores-Masters-2-300x225.jpg 300w, https:\/\/esbozodeportivo.com\/wp-content\/uploads\/2023\/11\/Entrenadores-Masters-2-768x576.jpg 768w, https:\/\/esbozodeportivo.com\/wp-content\/uploads\/2023\/11\/Entrenadores-Masters-2.jpg 1280w\" sizes=\"auto, (max-width: 640px) 100vw, 640px\" \/>\t\t\t\t\t\t\t\t\t\t\t\t\t\t\t<\/p>\n<p>(Foto: acu\u00e1ticanelsonvargas)<\/p>\n<p>Cada uno de ellos, desde su trayectoria, experiencia y trabajo, dedicaron unas palabras de aliento y felicitaci\u00f3n a todos los entrenadores, quienes, desde su desarrollo profesional contribuyeron a tan significativo logr\u00f3. Reconociendo en todo momento el trabajo que se ha hecho a lo largo de este \u00faltimo a\u00f1o con los equipos masters.<\/p>\n<p>Es de darse a conocer, paralelamente que el objetivo de la junta, fue revisar el calendario de competencias propuestas para nuestra comunidad de adultos <strong><em>ANV <\/em><\/strong>para el 2024 y proponer ideas que ayuden a la constante mejora de nuestras sucursales y los eventos, con el fin de brindar, siempre, la mejor atenci\u00f3n y servicio a nuestros usuarios.<\/p>\n<p>\t\t\t\t\t\t\t\t\t\t\t\t\t\t\t<img decoding=\"async\" width=\"640\" height=\"480\" src=\"https:\/\/esbozodeportivo.com\/wp-content\/uploads\/2023\/11\/Entrenadores-Masters-1-1024x768.jpg\" alt=\"\" loading=\"lazy\" srcset=\"https:\/\/esbozodeportivo.com\/wp-content\/uploads\/2023\/11\/Entrenadores-Masters-1-1024x768.jpg 1024w, https:\/\/esbozodeportivo.com\/wp-content\/uploads\/2023\/11\/Entrenadores-Masters-1-300x225.jpg 300w, https:\/\/esbozodeportivo.com\/wp-content\/uploads\/2023\/11\/Entrenadores-Masters-1-768x576.jpg 768w, https:\/\/esbozodeportivo.com\/wp-content\/uploads\/2023\/11\/Entrenadores-Masters-1.jpg 1280w\" sizes=\"auto, (max-width: 640px) 100vw, 640px\" \/>\t\t\t\t\t\t\t\t\t\t\t\t\t\t\t<\/p>\n<p>(Foto: acu\u00e1ticanelsonvargas)<\/p>\n<p><strong>ANV infantil sigue cosechando medallas en el Estatal Oro <\/strong><\/p>\n<p>Y mientras todo esto suced\u00eda, el equipo de <strong><em>anv<\/em><\/strong> infantil hac\u00eda lo propio en el Campeonato Estatal Oro Infantil CC 2023 \u2013 2024, cita deportiva que se lleva a cabo en estos momentos en el Centro Acu\u00e1tico Azcapotzalco en la Ciudad de M\u00e9xico y que organiza la Asociaci\u00f3n de Nataci\u00f3n del Estado de M\u00e9xico.<\/p>\n<p>\t\t\t\t\t\t\t\t\t\t\t\t\t\t\t<img decoding=\"async\" width=\"640\" height=\"360\" src=\"https:\/\/esbozodeportivo.com\/wp-content\/uploads\/2023\/11\/Medallistas-infantiles-3-1024x576.jpg\" alt=\"\" loading=\"lazy\" srcset=\"https:\/\/esbozodeportivo.com\/wp-content\/uploads\/2023\/11\/Medallistas-infantiles-3-1024x576.jpg 1024w, https:\/\/esbozodeportivo.com\/wp-content\/uploads\/2023\/11\/Medallistas-infantiles-3-300x169.jpg 300w, https:\/\/esbozodeportivo.com\/wp-content\/uploads\/2023\/11\/Medallistas-infantiles-3-768x432.jpg 768w, https:\/\/esbozodeportivo.com\/wp-content\/uploads\/2023\/11\/Medallistas-infantiles-3-1536x864.jpg 1536w, https:\/\/esbozodeportivo.com\/wp-content\/uploads\/2023\/11\/Medallistas-infantiles-3.jpg 1599w\" sizes=\"auto, (max-width: 640px) 100vw, 640px\" \/>\t\t\t\t\t\t\t\t\t\t\t\t\t\t\t<\/p>\n<p>(Foto: acu\u00e1ticanelsonvargas)<\/p>\n<p>En esta segunda jornada el representativo de <strong><em>anv <\/em><\/strong>sigui\u00f3 sumando extraordinarios resultados, un total de: 43 preseas, logradas as\u00ed: 15 de oro, 15 de plata y 13 de bronce.<\/p>\n<p>De destacarse la actuaci\u00f3n de los dos relevos femenino y masculino, quienes en el 4&#215;100 m combinado en categor\u00eda 9 y 10 a\u00f1os, lograron el centro del p\u00f3dium en un trabajo incre\u00edble, organizado y bien estructurado. A ellos se le sumo el relevo mixto de la categor\u00eda 8 y menores, quienes en el 4&#215;50 combinado, tambi\u00e9n sumaron la dorada.<\/p>\n<p>\t\t\t\t\t\t\t\t\t\t\t\t\t\t\t<img decoding=\"async\" width=\"640\" height=\"360\" src=\"https:\/\/esbozodeportivo.com\/wp-content\/uploads\/2023\/11\/Medallistas-infantiles-2-1024x576.jpg\" alt=\"\" loading=\"lazy\" srcset=\"https:\/\/esbozodeportivo.com\/wp-content\/uploads\/2023\/11\/Medallistas-infantiles-2-1024x576.jpg 1024w, https:\/\/esbozodeportivo.com\/wp-content\/uploads\/2023\/11\/Medallistas-infantiles-2-300x169.jpg 300w, https:\/\/esbozodeportivo.com\/wp-content\/uploads\/2023\/11\/Medallistas-infantiles-2-768x432.jpg 768w, https:\/\/esbozodeportivo.com\/wp-content\/uploads\/2023\/11\/Medallistas-infantiles-2-1536x864.jpg 1536w, https:\/\/esbozodeportivo.com\/wp-content\/uploads\/2023\/11\/Medallistas-infantiles-2.jpg 1599w\" sizes=\"auto, (max-width: 640px) 100vw, 640px\" \/>\t\t\t\t\t\t\t\t\t\t\t\t\t\t\t<\/p>\n<p>(Foto: acu\u00e1ticanelsonvargas)<\/p>\n<table>\n<tbody>\n<tr>\n<td width=\"39\">\n<h5><strong>N.M<\/strong><\/h5>\n<\/td>\n<td width=\"45\">\n<h5><strong>N. C<\/strong><\/h5>\n<\/td>\n<td width=\"114\">\n<h5><strong>PRESEA<\/strong><\/h5>\n<\/td>\n<td width=\"274\">\n<h5><strong>NOMBRE<\/strong><\/h5>\n<\/td>\n<td width=\"123\">\n<h5><strong>PRUEBA<\/strong><\/h5>\n<\/td>\n<td width=\"97\">\n<h5><strong>CATEGOR\u00cdA<\/strong><\/h5>\n<\/td>\n<\/tr>\n<tr>\n<td width=\"39\">\n<h5>1<\/h5>\n<\/td>\n<td width=\"45\">\n<h5>1<\/h5>\n<\/td>\n<td width=\"114\">\n<h5>ORO<\/h5>\n<\/td>\n<td width=\"274\">\n<h5>Karen Albarr\u00e1n<\/h5>\n<\/td>\n<td width=\"123\">\n<h5>100 CI<\/h5>\n<\/td>\n<td width=\"97\">\n<h5>9 y 10 a\u00f1os<\/h5>\n<\/td>\n<\/tr>\n<tr>\n<td width=\"39\">\n<h5>2<\/h5>\n<\/td>\n<td width=\"45\">\n<h5>2<\/h5>\n<\/td>\n<td width=\"114\">\n<h5>ORO<\/h5>\n<\/td>\n<td width=\"274\">\n<h5>Diego Sixtos<\/h5>\n<\/td>\n<td width=\"123\">\n<h5>200 pecho<\/h5>\n<\/td>\n<td width=\"97\">\n<h5>11 y 12 a\u00f1os<\/h5>\n<\/td>\n<\/tr>\n<tr>\n<td width=\"39\">\n<h5>3<\/h5>\n<\/td>\n<td width=\"45\">\n<h5>3<\/h5>\n<\/td>\n<td width=\"114\">\n<h5>ORO<\/h5>\n<\/td>\n<td width=\"274\">\n<h5>Karen Albarr\u00e1n<\/h5>\n<\/td>\n<td width=\"123\">\n<h5>50 pecho<\/h5>\n<\/td>\n<td width=\"97\">\n<h5>9 y 10 a\u00f1os<\/h5>\n<\/td>\n<\/tr>\n<tr>\n<td width=\"39\">\n<h5>4<\/h5>\n<\/td>\n<td width=\"45\">\n<h5>4<\/h5>\n<\/td>\n<td width=\"114\">\n<h5>ORO<\/h5>\n<\/td>\n<td width=\"274\">\n<h5>Jorge Trejo<\/h5>\n<\/td>\n<td width=\"123\">\n<h5>50 pecho<\/h5>\n<\/td>\n<td width=\"97\">\n<h5>9 y 10 a\u00f1os<\/h5>\n<\/td>\n<\/tr>\n<tr>\n<td width=\"39\">\n<h5>5<\/h5>\n<\/td>\n<td width=\"45\">\n<h5>5<\/h5>\n<\/td>\n<td width=\"114\">\n<h5>ORO<\/h5>\n<\/td>\n<td width=\"274\">\n<h5>Jessica Garc\u00eda<\/h5>\n<\/td>\n<td width=\"123\">\n<h5>100 mariposa<\/h5>\n<\/td>\n<td width=\"97\">\n<h5>11 y 12 a\u00f1os<\/h5>\n<\/td>\n<\/tr>\n<tr>\n<td width=\"39\">\n<h5>6<\/h5>\n<\/td>\n<td width=\"45\">\n<h5>6<\/h5>\n<\/td>\n<td width=\"114\">\n<h5>ORO<\/h5>\n<\/td>\n<td width=\"274\">\n<h5>Mar\u00eda Honorato<\/h5>\n<\/td>\n<td width=\"123\">\n<h5>100 mariposa<\/h5>\n<\/td>\n<td width=\"97\">\n<h5>9 y 10 a\u00f1os<\/h5>\n<\/td>\n<\/tr>\n<tr>\n<td width=\"39\">\n<h5>7<\/h5>\n<\/td>\n<td width=\"45\">\n<h5>7<\/h5>\n<\/td>\n<td width=\"114\">\n<h5>ORO<\/h5>\n<\/td>\n<td width=\"274\">\n<h5>Sandra Bevia<\/h5>\n<\/td>\n<td width=\"123\">\n<h5>50 mariposa<\/h5>\n<\/td>\n<td width=\"97\">\n<h5>8 y menores<\/h5>\n<\/td>\n<\/tr>\n<tr>\n<td width=\"39\">\n<h5>8<\/h5>\n<\/td>\n<td width=\"45\">\n<h5>8<\/h5>\n<\/td>\n<td width=\"114\">\n<h5>ORO<\/h5>\n<\/td>\n<td width=\"274\">\n<h5>Bruno Aguilar<\/h5>\n<\/td>\n<td width=\"123\">\n<h5>50 dorso<\/h5>\n<\/td>\n<td width=\"97\">\n<h5>11 y 12 a\u00f1os<\/h5>\n<\/td>\n<\/tr>\n<tr>\n<td width=\"39\">\n<h5>9<\/h5>\n<\/td>\n<td width=\"45\">\n<h5>9<\/h5>\n<\/td>\n<td width=\"114\">\n<h5>ORO<\/h5>\n<\/td>\n<td width=\"274\">\n<h5>Relevo mixto<\/h5>\n<\/td>\n<td width=\"123\">\n<h5>4&#215;50 combinado<\/h5>\n<\/td>\n<td width=\"97\">\n<h5>8 y menores<\/h5>\n<\/td>\n<\/tr>\n<tr>\n<td width=\"39\">\n<h5>10<\/h5>\n<\/td>\n<td width=\"45\">\n<h5>10<\/h5>\n<\/td>\n<td width=\"114\">\n<h5>ORO<\/h5>\n<\/td>\n<td width=\"274\">\n<h5>Relevo femenino<\/h5>\n<\/td>\n<td width=\"123\">\n<h5>4&#215;100 combinado<\/h5>\n<\/td>\n<td width=\"97\">\n<h5>9 y 10 a\u00f1os<\/h5>\n<\/td>\n<\/tr>\n<tr>\n<td width=\"39\">\n<h5>11<\/h5>\n<\/td>\n<td width=\"45\">\n<h5>11<\/h5>\n<\/td>\n<td width=\"114\">\n<h5>ORO<\/h5>\n<\/td>\n<td width=\"274\">\n<h5>Relevo masculino<\/h5>\n<\/td>\n<td width=\"123\">\n<h5>4&#215;100 combinado<\/h5>\n<\/td>\n<td width=\"97\">\n<h5>9 y 10 a\u00f1os<\/h5>\n<\/td>\n<\/tr>\n<tr>\n<td width=\"39\">\n<h5>12<\/h5>\n<\/td>\n<td width=\"45\">\n<h5>12<\/h5>\n<\/td>\n<td width=\"114\">\n<h5>ORO<\/h5>\n<\/td>\n<td width=\"274\">\n<h5>Jessica Garc\u00eda<\/h5>\n<\/td>\n<td width=\"123\">\n<h5>200 libre<\/h5>\n<\/td>\n<td width=\"97\">\n<h5>11 y 12 a\u00f1os<\/h5>\n<\/td>\n<\/tr>\n<tr>\n<td width=\"39\">\n<h5>13<\/h5>\n<\/td>\n<td width=\"45\">\n<h5>13<\/h5>\n<\/td>\n<td width=\"114\">\n<h5>ORO<\/h5>\n<\/td>\n<td width=\"274\">\n<h5>Oscar Hern\u00e1ndez<\/h5>\n<\/td>\n<td width=\"123\">\n<h5>200 libre<\/h5>\n<\/td>\n<td width=\"97\">\n<h5>11 y 12 a\u00f1os<\/h5>\n<\/td>\n<\/tr>\n<tr>\n<td width=\"39\">\n<h5>14<\/h5>\n<\/td>\n<td width=\"45\">\n<h5>14<\/h5>\n<\/td>\n<td width=\"114\">\n<h5>ORO<\/h5>\n<\/td>\n<td width=\"274\">\n<h5>Jessica Perla Garc\u00eda God\u00ednez<\/h5>\n<\/td>\n<td width=\"123\">\n<h5>200 combinado<\/h5>\n<\/td>\n<td width=\"97\">\n<h5>11 y 12 a\u00f1os<\/h5>\n<\/td>\n<\/tr>\n<tr>\n<td width=\"39\">\n<h5>15<\/h5>\n<\/td>\n<td width=\"45\">\n<h5>15<\/h5>\n<\/td>\n<td width=\"114\">\n<h5>ORO<\/h5>\n<\/td>\n<td width=\"274\">\n<h5>Oscar Alejandro Hern\u00e1ndez<\/h5>\n<\/td>\n<td width=\"123\">\n<p>200 combinado<\/p>\n<\/td>\n<td width=\"97\">\n<p>11 y 12 a\u00f1os<\/p>\n<\/td>\n<\/tr>\n<\/tbody>\n<\/table>\n<p>\t\t\t\t\t\t\t\t\t\t\t\t\t\t\t<img decoding=\"async\" width=\"576\" height=\"1024\" src=\"https:\/\/esbozodeportivo.com\/wp-content\/uploads\/2023\/11\/Medallistas-infantiles-4-576x1024.jpg\" alt=\"\" loading=\"lazy\" srcset=\"https:\/\/esbozodeportivo.com\/wp-content\/uploads\/2023\/11\/Medallistas-infantiles-4-576x1024.jpg 576w, https:\/\/esbozodeportivo.com\/wp-content\/uploads\/2023\/11\/Medallistas-infantiles-4-169x300.jpg 169w, https:\/\/esbozodeportivo.com\/wp-content\/uploads\/2023\/11\/Medallistas-infantiles-4-768x1366.jpg 768w, https:\/\/esbozodeportivo.com\/wp-content\/uploads\/2023\/11\/Medallistas-infantiles-4-864x1536.jpg 864w, https:\/\/esbozodeportivo.com\/wp-content\/uploads\/2023\/11\/Medallistas-infantiles-4.jpg 899w\" sizes=\"auto, (max-width: 576px) 100vw, 576px\" \/>\t\t\t\t\t\t\t\t\t\t\t\t\t\t\t<\/p>\n<table>\n<tbody>\n<tr>\n<td width=\"39\">\n<h5>16<\/h5>\n<\/td>\n<td width=\"45\">\n<h5>1<\/h5>\n<\/td>\n<td width=\"114\">\n<h5>PLATA<\/h5>\n<\/td>\n<td width=\"274\">\n<h5>Sandra Bevia<\/h5>\n<\/td>\n<td width=\"123\">\n<h5>100 libre<\/h5>\n<\/td>\n<td width=\"97\">\n<h5>8 y menores<\/h5>\n<\/td>\n<\/tr>\n<tr>\n<td width=\"39\">\n<h5>17<\/h5>\n<\/td>\n<td width=\"45\">\n<h5>2<\/h5>\n<\/td>\n<td width=\"114\">\n<h5>PLATA<\/h5>\n<\/td>\n<td width=\"274\">\n<h5>Esteban Neria<\/h5>\n<\/td>\n<td width=\"123\">\n<h5>100 CI<\/h5>\n<\/td>\n<td width=\"97\">\n<h5>11 y 12 a\u00f1os<\/h5>\n<\/td>\n<\/tr>\n<tr>\n<td width=\"39\">\n<h5>18<\/h5>\n<\/td>\n<td width=\"45\">\n<h5>3<\/h5>\n<\/td>\n<td width=\"114\">\n<h5>PLATA<\/h5>\n<\/td>\n<td width=\"274\">\n<h5>Pedro Ojeda<\/h5>\n<\/td>\n<td width=\"123\">\n<h5>100 CI<\/h5>\n<\/td>\n<td width=\"97\">\n<h5>9 y 10 a\u00f1os<\/h5>\n<\/td>\n<\/tr>\n<tr>\n<td width=\"39\">\n<h5>19<\/h5>\n<\/td>\n<td width=\"45\">\n<h5>4<\/h5>\n<\/td>\n<td width=\"114\">\n<h5>PLATA<\/h5>\n<\/td>\n<td width=\"274\">\n<h5>Jessica Garc\u00eda<\/h5>\n<\/td>\n<td width=\"123\">\n<h5>200 pecho<\/h5>\n<\/td>\n<td width=\"97\">\n<h5>11 y 12 a\u00f1os<\/h5>\n<\/td>\n<\/tr>\n<tr>\n<td width=\"39\">\n<h5>20<\/h5>\n<\/td>\n<td width=\"45\">\n<h5>5<\/h5>\n<\/td>\n<td width=\"114\">\n<h5>PLATA<\/h5>\n<\/td>\n<td width=\"274\">\n<h5>Sandra Bevia<\/h5>\n<\/td>\n<td width=\"123\">\n<h5>50 dorso<\/h5>\n<\/td>\n<td width=\"97\">\n<h5>8 y menores<\/h5>\n<\/td>\n<\/tr>\n<tr>\n<td width=\"39\">\n<h5>21<\/h5>\n<\/td>\n<td width=\"45\">\n<h5>6<\/h5>\n<\/td>\n<td width=\"114\">\n<h5>PLATA<\/h5>\n<\/td>\n<td width=\"274\">\n<h5>Oscar Hern\u00e1ndez<\/h5>\n<\/td>\n<td width=\"123\">\n<h5>100 mariposa<\/h5>\n<\/td>\n<td width=\"97\">\n<h5>11 y 12 a\u00f1os<\/h5>\n<\/td>\n<\/tr>\n<tr>\n<td width=\"39\">\n<h5>22<\/h5>\n<\/td>\n<td width=\"45\">\n<h5>7<\/h5>\n<\/td>\n<td width=\"114\">\n<h5>PLATA<\/h5>\n<\/td>\n<td width=\"274\">\n<h5>Karen Albarr\u00e1n<\/h5>\n<\/td>\n<td width=\"123\">\n<h5>100 mariposa<\/h5>\n<\/td>\n<td width=\"97\">\n<h5>9 y 10 a\u00f1os<\/h5>\n<\/td>\n<\/tr>\n<tr>\n<td width=\"39\">\n<h5>23<\/h5>\n<\/td>\n<td width=\"45\">\n<h5>8<\/h5>\n<\/td>\n<td width=\"114\">\n<h5>PLATA<\/h5>\n<\/td>\n<td width=\"274\">\n<h5>Frida Villa<\/h5>\n<\/td>\n<td width=\"123\">\n<h5>50 mariposa<\/h5>\n<\/td>\n<td width=\"97\">\n<h5>8 y menores<\/h5>\n<\/td>\n<\/tr>\n<tr>\n<td width=\"39\">\n<h5>24<\/h5>\n<\/td>\n<td width=\"45\">\n<h5>9<\/h5>\n<\/td>\n<td width=\"114\">\n<h5>PLATA<\/h5>\n<\/td>\n<td width=\"274\">\n<h5>Valentina Gonz\u00e1lez<\/h5>\n<\/td>\n<td width=\"123\">\n<h5>50 dorso<\/h5>\n<\/td>\n<td width=\"97\">\n<h5>11 y 12 a\u00f1os<\/h5>\n<\/td>\n<\/tr>\n<tr>\n<td width=\"39\">\n<h5>25<\/h5>\n<\/td>\n<td width=\"45\">\n<h5>10<\/h5>\n<\/td>\n<td width=\"114\">\n<h5>PLATA<\/h5>\n<\/td>\n<td width=\"274\">\n<h5>Valentina Lomelin<\/h5>\n<\/td>\n<td width=\"123\">\n<h5>50 dorso<\/h5>\n<\/td>\n<td width=\"97\">\n<h5>11 y 12 a\u00f1os<\/h5>\n<\/td>\n<\/tr>\n<tr>\n<td width=\"39\">\n<h5>26<\/h5>\n<\/td>\n<td width=\"45\">\n<h5>11<\/h5>\n<\/td>\n<td width=\"114\">\n<h5>PLATA<\/h5>\n<\/td>\n<td width=\"274\">\n<h5>Juan Pablo Quiroz<\/h5>\n<\/td>\n<td width=\"123\">\n<h5>50 dorso<\/h5>\n<\/td>\n<td width=\"97\">\n<h5>11 y 12 a\u00f1os<\/h5>\n<\/td>\n<\/tr>\n<tr>\n<td width=\"39\">\n<h5>27<\/h5>\n<\/td>\n<td width=\"45\">\n<h5>12<\/h5>\n<\/td>\n<td width=\"114\">\n<h5>PLATA<\/h5>\n<\/td>\n<td width=\"274\">\n<h5>Relevo mixto<\/h5>\n<\/td>\n<td width=\"123\">\n<h5>4&#215;50 combinado<\/h5>\n<\/td>\n<td width=\"97\">\n<h5>8 y menores<\/h5>\n<\/td>\n<\/tr>\n<tr>\n<td width=\"39\">\n<h5>28<\/h5>\n<\/td>\n<td width=\"45\">\n<h5>13<\/h5>\n<\/td>\n<td width=\"114\">\n<h5>PLATA<\/h5>\n<\/td>\n<td width=\"274\">\n<h5>Relevo masculino<\/h5>\n<\/td>\n<td width=\"123\">\n<h5>4&#215;100 combinado<\/h5>\n<\/td>\n<td width=\"97\">\n<h5>9 y 10 a\u00f1os<\/h5>\n<\/td>\n<\/tr>\n<tr>\n<td width=\"39\">\n<h5>29<\/h5>\n<\/td>\n<td width=\"45\">\n<h5>14<\/h5>\n<\/td>\n<td width=\"114\">\n<h5>PLATA<\/h5>\n<\/td>\n<td width=\"274\">\n<h5>Valentina Gonz\u00e1lez<\/h5>\n<\/td>\n<td width=\"123\">\n<h5>200 libre<\/h5>\n<\/td>\n<td width=\"97\">\n<h5>11 y 12 a\u00f1os<\/h5>\n<\/td>\n<\/tr>\n<tr>\n<td width=\"39\">\n<h5>30<\/h5>\n<\/td>\n<td width=\"45\">\n<h5>15<\/h5>\n<\/td>\n<td width=\"114\">\n<h5>PLATA<\/h5>\n<\/td>\n<td width=\"274\">\n<h5>Valentina Gonz\u00e1lez<\/h5>\n<\/td>\n<td width=\"123\">\n<h5>200 combinado<\/h5>\n<\/td>\n<td width=\"97\">\n<h5>11 y 12 a\u00f1os<\/h5>\n<\/td>\n<\/tr>\n<tr>\n<td width=\"39\">\n<h5>31<\/h5>\n<\/td>\n<td width=\"45\">\n<h5>1<\/h5>\n<\/td>\n<td width=\"114\">\n<h5>BRONCE<\/h5>\n<\/td>\n<td width=\"274\">\n<h5>Frida Villa<\/h5>\n<\/td>\n<td width=\"123\">\n<h5>100 libre<\/h5>\n<\/td>\n<td width=\"97\">\n<h5>8 y menores<\/h5>\n<\/td>\n<\/tr>\n<tr>\n<td width=\"39\">\n<h5>32<\/h5>\n<\/td>\n<td width=\"45\">\n<h5>2<\/h5>\n<\/td>\n<td width=\"114\">\n<h5>BRONCE<\/h5>\n<\/td>\n<td width=\"274\">\n<h5>Relevo femenino<\/h5>\n<\/td>\n<td width=\"123\">\n<h5>4&#215;100 combinado<\/h5>\n<\/td>\n<td width=\"97\">\n<h5>9 y 10 a\u00f1os<\/h5>\n<\/td>\n<\/tr>\n<tr>\n<td width=\"39\">\n<h5>33<\/h5>\n<\/td>\n<td width=\"45\">\n<h5>3<\/h5>\n<\/td>\n<td width=\"114\">\n<h5>BRONCE<\/h5>\n<\/td>\n<td width=\"274\">\n<h5>Jes\u00fas Vel\u00e1zquez<\/h5>\n<\/td>\n<td width=\"123\">\n<h5>100 CI<\/h5>\n<\/td>\n<td width=\"97\">\n<h5>9 y 10 a\u00f1os<\/h5>\n<\/td>\n<\/tr>\n<tr>\n<td width=\"39\">\n<h5>34<\/h5>\n<\/td>\n<td width=\"45\">\n<h5>4<\/h5>\n<\/td>\n<td width=\"114\">\n<h5>BRONCE<\/h5>\n<\/td>\n<td width=\"274\">\n<h5>Sarah Guerrero\u00a0<\/h5>\n<\/td>\n<td width=\"123\">\n<h5>200 pecho<\/h5>\n<\/td>\n<td width=\"97\">\n<h5>11 y 12 a\u00f1os<\/h5>\n<\/td>\n<\/tr>\n<tr>\n<td width=\"39\">\n<h5>35<\/h5>\n<\/td>\n<td width=\"45\">\n<h5>5<\/h5>\n<\/td>\n<td width=\"114\">\n<h5>BRONCE<\/h5>\n<\/td>\n<td width=\"274\">\n<h5>Lucca Recoder<\/h5>\n<\/td>\n<td width=\"123\">\n<h5>200 pecho<\/h5>\n<\/td>\n<td width=\"97\">\n<h5>11 y 12 a\u00f1os<\/h5>\n<\/td>\n<\/tr>\n<tr>\n<td width=\"39\">\n<h5>36<\/h5>\n<\/td>\n<td width=\"45\">\n<h5>6<\/h5>\n<\/td>\n<td width=\"114\">\n<h5>BRONCE<\/h5>\n<\/td>\n<td width=\"274\">\n<h5>Frada Villa<\/h5>\n<\/td>\n<td width=\"123\">\n<h5>50 dorso<\/h5>\n<\/td>\n<td width=\"97\">\n<h5>8 y menores<\/h5>\n<\/td>\n<\/tr>\n<tr>\n<td width=\"39\">\n<h5>37<\/h5>\n<\/td>\n<td width=\"45\">\n<h5>7<\/h5>\n<\/td>\n<td width=\"114\">\n<h5>BRONCE<\/h5>\n<\/td>\n<td width=\"274\">\n<h5>Mar\u00eda Honorato<\/h5>\n<\/td>\n<td width=\"123\">\n<h5>50 pecho<\/h5>\n<\/td>\n<td width=\"97\">\n<h5>9 y 10 a\u00f1os<\/h5>\n<\/td>\n<\/tr>\n<tr>\n<td width=\"39\">\n<h5>38<\/h5>\n<\/td>\n<td width=\"45\">\n<h5>8<\/h5>\n<\/td>\n<td width=\"114\">\n<h5>BRONCE<\/h5>\n<\/td>\n<td width=\"274\">\n<h5>Valentina Gonz\u00e1lez<\/h5>\n<\/td>\n<td width=\"123\">\n<h5>100 mariposa<\/h5>\n<\/td>\n<td width=\"97\">\n<h5>11 y 12 a\u00f1os<\/h5>\n<\/td>\n<\/tr>\n<tr>\n<td width=\"39\">\n<h5>39<\/h5>\n<\/td>\n<td width=\"45\">\n<h5>9<\/h5>\n<\/td>\n<td width=\"114\">\n<h5>BRONCE<\/h5>\n<\/td>\n<td width=\"274\">\n<h5>Bruno Aguilar<\/h5>\n<\/td>\n<td width=\"123\">\n<h5>100 mariposa<\/h5>\n<\/td>\n<td width=\"97\">\n<h5>11 y 12 a\u00f1os<\/h5>\n<\/td>\n<\/tr>\n<tr>\n<td width=\"39\">\n<h5>40<\/h5>\n<\/td>\n<td width=\"45\">\n<h5>10<\/h5>\n<\/td>\n<td width=\"114\">\n<h5>BRONCE<\/h5>\n<\/td>\n<td width=\"274\">\n<h5><strong>Empate:<\/strong> Francisco Alvarado y Giovanny Galaviz<\/h5>\n<\/td>\n<td width=\"123\">\n<h5>100 mariposa<\/h5>\n<\/td>\n<td width=\"97\">\n<h5>9 y 10 a\u00f1os<\/h5>\n<\/td>\n<\/tr>\n<tr>\n<td width=\"39\">\n<h5>41<\/h5>\n<\/td>\n<td width=\"45\">\n<h5>11<\/h5>\n<\/td>\n<td width=\"114\">\n<h5>BRONCE<\/h5>\n<\/td>\n<td width=\"274\">\n<h5>Relevo masculino<\/h5>\n<\/td>\n<td width=\"123\">\n<h5>4&#215;100 combinado<\/h5>\n<\/td>\n<td width=\"97\">\n<h5>9 y 10 a\u00f1os<\/h5>\n<\/td>\n<\/tr>\n<tr>\n<td width=\"39\">\n<h5>42<\/h5>\n<\/td>\n<td width=\"45\">\n<h5>12<\/h5>\n<\/td>\n<td width=\"114\">\n<h5>BRONCE<\/h5>\n<\/td>\n<td width=\"274\">\n<h5>Dami\u00e1n Olvera<\/h5>\n<\/td>\n<td width=\"123\">\n<h5>200 libre<\/h5>\n<\/td>\n<td width=\"97\">\n<h5>11 y 12 a\u00f1os<\/h5>\n<\/td>\n<\/tr>\n<tr>\n<td width=\"39\">\n<h5>43<\/h5>\n<\/td>\n<td width=\"45\">\n<h5>13<\/h5>\n<\/td>\n<td width=\"114\">\n<h5>BRONCE<\/h5>\n<\/td>\n<td width=\"274\">\n<h5>Juan Pablo Quiroz<\/h5>\n<\/td>\n<td width=\"123\">\n<h5>200 combinado<\/h5>\n<\/td>\n<td width=\"97\">\n<h5>11 y 12 a\u00f1os<\/h5>\n<\/td>\n<\/tr>\n<\/tbody>\n<\/table>\n<p>\t\t\t\t\t\t\t\t\t\t\t\t\t\t\t<img decoding=\"async\" width=\"576\" height=\"1024\" src=\"https:\/\/esbozodeportivo.com\/wp-content\/uploads\/2023\/11\/Medallistas-infantiles-5-576x1024.jpg\" alt=\"\" loading=\"lazy\" srcset=\"https:\/\/esbozodeportivo.com\/wp-content\/uploads\/2023\/11\/Medallistas-infantiles-5-576x1024.jpg 576w, https:\/\/esbozodeportivo.com\/wp-content\/uploads\/2023\/11\/Medallistas-infantiles-5-169x300.jpg 169w, https:\/\/esbozodeportivo.com\/wp-content\/uploads\/2023\/11\/Medallistas-infantiles-5-768x1366.jpg 768w, https:\/\/esbozodeportivo.com\/wp-content\/uploads\/2023\/11\/Medallistas-infantiles-5-864x1536.jpg 864w, https:\/\/esbozodeportivo.com\/wp-content\/uploads\/2023\/11\/Medallistas-infantiles-5.jpg 899w\" sizes=\"auto, (max-width: 576px) 100vw, 576px\" \/>\t\t\t\t\t\t\t\t\t\t\t\t\t\t\t<\/p>\n<p>(Foto: acu\u00e1ticanelsonvargas)<\/p>\n","protected":false},"excerpt":{"rendered":"<p>(Foto: acu\u00e1ticanelsonvargas) Dan a conocer a integrantes del Team Junior ANV Durante esta programaci\u00f3n se<\/p>\n","protected":false},"author":2,"featured_media":0,"comment_status":"open","ping_status":"open","sticky":false,"template":"","format":"standard","meta":{"_jetpack_memberships_contains_paid_content":false,"footnotes":""},"categories":[5],"tags":[],"class_list":["post-1868","post","type-post","status-publish","format-standard","hentry","category-amateur"],"yoast_head":"<!-- This site is optimized with the Yoast SEO plugin v25.7 - https:\/\/yoast.com\/wordpress\/plugins\/seo\/ -->\n<title>Importantes actividades en la Acu\u00e1tica Nelson Vargas - Esbozo Deportivo<\/title>\n<meta name=\"robots\" content=\"index, follow, max-snippet:-1, max-image-preview:large, max-video-preview:-1\" \/>\n<link rel=\"canonical\" href=\"https:\/\/esbozodeportivo.com\/index.php\/2023\/11\/12\/importantes-actividades-en-la-acuatica-nelson-vargas\/\" \/>\n<meta property=\"og:locale\" content=\"es_MX\" \/>\n<meta property=\"og:type\" content=\"article\" \/>\n<meta property=\"og:title\" content=\"Importantes actividades en la Acu\u00e1tica Nelson Vargas - Esbozo Deportivo\" \/>\n<meta property=\"og:description\" content=\"(Foto: acu\u00e1ticanelsonvargas) Dan a conocer a integrantes del Team Junior ANV Durante esta programaci\u00f3n se\" \/>\n<meta property=\"og:url\" content=\"https:\/\/esbozodeportivo.com\/index.php\/2023\/11\/12\/importantes-actividades-en-la-acuatica-nelson-vargas\/\" \/>\n<meta property=\"og:site_name\" content=\"Esbozo Deportivo\" \/>\n<meta property=\"article:published_time\" content=\"2023-11-12T06:34:50+00:00\" \/>\n<meta property=\"article:modified_time\" content=\"2023-11-12T06:50:47+00:00\" \/>\n<meta property=\"og:image\" content=\"https:\/\/esbozodeportivo.com\/wp-content\/uploads\/2023\/11\/Team-Junior-1-1024x679.jpg\" \/>\n<meta name=\"author\" content=\"Javier De La Cruz\" \/>\n<meta name=\"twitter:card\" content=\"summary_large_image\" \/>\n<meta name=\"twitter:label1\" content=\"Escrito por\" \/>\n\t<meta name=\"twitter:data1\" content=\"Javier De La Cruz\" \/>\n\t<meta name=\"twitter:label2\" content=\"Tiempo de lectura\" \/>\n\t<meta name=\"twitter:data2\" content=\"5 minutos\" \/>\n<script type=\"application\/ld+json\" class=\"yoast-schema-graph\">{\"@context\":\"https:\/\/schema.org\",\"@graph\":[{\"@type\":\"Article\",\"@id\":\"https:\/\/esbozodeportivo.com\/index.php\/2023\/11\/12\/importantes-actividades-en-la-acuatica-nelson-vargas\/#article\",\"isPartOf\":{\"@id\":\"https:\/\/esbozodeportivo.com\/index.php\/2023\/11\/12\/importantes-actividades-en-la-acuatica-nelson-vargas\/\"},\"author\":{\"name\":\"Javier De La Cruz\",\"@id\":\"https:\/\/esbozodeportivo.com\/#\/schema\/person\/7277119c98823aec37bbb84e125efd44\"},\"headline\":\"Importantes actividades en la Acu\u00e1tica Nelson Vargas\",\"datePublished\":\"2023-11-12T06:34:50+00:00\",\"dateModified\":\"2023-11-12T06:50:47+00:00\",\"mainEntityOfPage\":{\"@id\":\"https:\/\/esbozodeportivo.com\/index.php\/2023\/11\/12\/importantes-actividades-en-la-acuatica-nelson-vargas\/\"},\"wordCount\":1036,\"commentCount\":0,\"publisher\":{\"@id\":\"https:\/\/esbozodeportivo.com\/#organization\"},\"image\":{\"@id\":\"https:\/\/esbozodeportivo.com\/index.php\/2023\/11\/12\/importantes-actividades-en-la-acuatica-nelson-vargas\/#primaryimage\"},\"thumbnailUrl\":\"https:\/\/esbozodeportivo.com\/wp-content\/uploads\/2023\/11\/Team-Junior-1-1024x679.jpg\",\"articleSection\":[\"Amateur\"],\"inLanguage\":\"es\",\"potentialAction\":[{\"@type\":\"CommentAction\",\"name\":\"Comment\",\"target\":[\"https:\/\/esbozodeportivo.com\/index.php\/2023\/11\/12\/importantes-actividades-en-la-acuatica-nelson-vargas\/#respond\"]}]},{\"@type\":\"WebPage\",\"@id\":\"https:\/\/esbozodeportivo.com\/index.php\/2023\/11\/12\/importantes-actividades-en-la-acuatica-nelson-vargas\/\",\"url\":\"https:\/\/esbozodeportivo.com\/index.php\/2023\/11\/12\/importantes-actividades-en-la-acuatica-nelson-vargas\/\",\"name\":\"Importantes actividades en la Acu\u00e1tica Nelson Vargas - Esbozo Deportivo\",\"isPartOf\":{\"@id\":\"https:\/\/esbozodeportivo.com\/#website\"},\"primaryImageOfPage\":{\"@id\":\"https:\/\/esbozodeportivo.com\/index.php\/2023\/11\/12\/importantes-actividades-en-la-acuatica-nelson-vargas\/#primaryimage\"},\"image\":{\"@id\":\"https:\/\/esbozodeportivo.com\/index.php\/2023\/11\/12\/importantes-actividades-en-la-acuatica-nelson-vargas\/#primaryimage\"},\"thumbnailUrl\":\"https:\/\/esbozodeportivo.com\/wp-content\/uploads\/2023\/11\/Team-Junior-1-1024x679.jpg\",\"datePublished\":\"2023-11-12T06:34:50+00:00\",\"dateModified\":\"2023-11-12T06:50:47+00:00\",\"breadcrumb\":{\"@id\":\"https:\/\/esbozodeportivo.com\/index.php\/2023\/11\/12\/importantes-actividades-en-la-acuatica-nelson-vargas\/#breadcrumb\"},\"inLanguage\":\"es\",\"potentialAction\":[{\"@type\":\"ReadAction\",\"target\":[\"https:\/\/esbozodeportivo.com\/index.php\/2023\/11\/12\/importantes-actividades-en-la-acuatica-nelson-vargas\/\"]}]},{\"@type\":\"ImageObject\",\"inLanguage\":\"es\",\"@id\":\"https:\/\/esbozodeportivo.com\/index.php\/2023\/11\/12\/importantes-actividades-en-la-acuatica-nelson-vargas\/#primaryimage\",\"url\":\"https:\/\/esbozodeportivo.com\/wp-content\/uploads\/2023\/11\/Team-Junior-1.jpg\",\"contentUrl\":\"https:\/\/esbozodeportivo.com\/wp-content\/uploads\/2023\/11\/Team-Junior-1.jpg\",\"width\":1482,\"height\":982},{\"@type\":\"BreadcrumbList\",\"@id\":\"https:\/\/esbozodeportivo.com\/index.php\/2023\/11\/12\/importantes-actividades-en-la-acuatica-nelson-vargas\/#breadcrumb\",\"itemListElement\":[{\"@type\":\"ListItem\",\"position\":1,\"name\":\"Inicio\",\"item\":\"https:\/\/esbozodeportivo.com\/\"},{\"@type\":\"ListItem\",\"position\":2,\"name\":\"Importantes actividades en la Acu\u00e1tica Nelson Vargas\"}]},{\"@type\":\"WebSite\",\"@id\":\"https:\/\/esbozodeportivo.com\/#website\",\"url\":\"https:\/\/esbozodeportivo.com\/\",\"name\":\"Esbozo Deportivo\",\"description\":\"Lo m\u00e1s importante del Deporte\",\"publisher\":{\"@id\":\"https:\/\/esbozodeportivo.com\/#organization\"},\"potentialAction\":[{\"@type\":\"SearchAction\",\"target\":{\"@type\":\"EntryPoint\",\"urlTemplate\":\"https:\/\/esbozodeportivo.com\/?s={search_term_string}\"},\"query-input\":{\"@type\":\"PropertyValueSpecification\",\"valueRequired\":true,\"valueName\":\"search_term_string\"}}],\"inLanguage\":\"es\"},{\"@type\":\"Organization\",\"@id\":\"https:\/\/esbozodeportivo.com\/#organization\",\"name\":\"Esbozo Deportivo\",\"url\":\"https:\/\/esbozodeportivo.com\/\",\"logo\":{\"@type\":\"ImageObject\",\"inLanguage\":\"es\",\"@id\":\"https:\/\/esbozodeportivo.com\/#\/schema\/logo\/image\/\",\"url\":\"https:\/\/esbozodeportivo.com\/wp-content\/uploads\/2022\/08\/cropped-Logo-Esbozo-Web-2.png\",\"contentUrl\":\"https:\/\/esbozodeportivo.com\/wp-content\/uploads\/2022\/08\/cropped-Logo-Esbozo-Web-2.png\",\"width\":180,\"height\":50,\"caption\":\"Esbozo Deportivo\"},\"image\":{\"@id\":\"https:\/\/esbozodeportivo.com\/#\/schema\/logo\/image\/\"}},{\"@type\":\"Person\",\"@id\":\"https:\/\/esbozodeportivo.com\/#\/schema\/person\/7277119c98823aec37bbb84e125efd44\",\"name\":\"Javier De La Cruz\",\"image\":{\"@type\":\"ImageObject\",\"inLanguage\":\"es\",\"@id\":\"https:\/\/esbozodeportivo.com\/#\/schema\/person\/image\/\",\"url\":\"https:\/\/secure.gravatar.com\/avatar\/366235a56d20f1a6e8e3d0b295897639357bea880470ddf261d17bb0bc052eb1?s=96&d=mm&r=g\",\"contentUrl\":\"https:\/\/secure.gravatar.com\/avatar\/366235a56d20f1a6e8e3d0b295897639357bea880470ddf261d17bb0bc052eb1?s=96&d=mm&r=g\",\"caption\":\"Javier De La Cruz\"},\"url\":\"https:\/\/esbozodeportivo.com\/index.php\/author\/javier-de-la-cruz-de-la-cruz\/\"}]}<\/script>\n<!-- \/ Yoast SEO plugin. -->","yoast_head_json":{"title":"Importantes actividades en la Acu\u00e1tica Nelson Vargas - Esbozo Deportivo","robots":{"index":"index","follow":"follow","max-snippet":"max-snippet:-1","max-image-preview":"max-image-preview:large","max-video-preview":"max-video-preview:-1"},"canonical":"https:\/\/esbozodeportivo.com\/index.php\/2023\/11\/12\/importantes-actividades-en-la-acuatica-nelson-vargas\/","og_locale":"es_MX","og_type":"article","og_title":"Importantes actividades en la Acu\u00e1tica Nelson Vargas - Esbozo Deportivo","og_description":"(Foto: acu\u00e1ticanelsonvargas) Dan a conocer a integrantes del Team Junior ANV Durante esta programaci\u00f3n se","og_url":"https:\/\/esbozodeportivo.com\/index.php\/2023\/11\/12\/importantes-actividades-en-la-acuatica-nelson-vargas\/","og_site_name":"Esbozo Deportivo","article_published_time":"2023-11-12T06:34:50+00:00","article_modified_time":"2023-11-12T06:50:47+00:00","og_image":[{"url":"https:\/\/esbozodeportivo.com\/wp-content\/uploads\/2023\/11\/Team-Junior-1-1024x679.jpg","type":"","width":"","height":""}],"author":"Javier De La Cruz","twitter_card":"summary_large_image","twitter_misc":{"Escrito por":"Javier De La Cruz","Tiempo de lectura":"5 minutos"},"schema":{"@context":"https:\/\/schema.org","@graph":[{"@type":"Article","@id":"https:\/\/esbozodeportivo.com\/index.php\/2023\/11\/12\/importantes-actividades-en-la-acuatica-nelson-vargas\/#article","isPartOf":{"@id":"https:\/\/esbozodeportivo.com\/index.php\/2023\/11\/12\/importantes-actividades-en-la-acuatica-nelson-vargas\/"},"author":{"name":"Javier De La Cruz","@id":"https:\/\/esbozodeportivo.com\/#\/schema\/person\/7277119c98823aec37bbb84e125efd44"},"headline":"Importantes actividades en la Acu\u00e1tica Nelson Vargas","datePublished":"2023-11-12T06:34:50+00:00","dateModified":"2023-11-12T06:50:47+00:00","mainEntityOfPage":{"@id":"https:\/\/esbozodeportivo.com\/index.php\/2023\/11\/12\/importantes-actividades-en-la-acuatica-nelson-vargas\/"},"wordCount":1036,"commentCount":0,"publisher":{"@id":"https:\/\/esbozodeportivo.com\/#organization"},"image":{"@id":"https:\/\/esbozodeportivo.com\/index.php\/2023\/11\/12\/importantes-actividades-en-la-acuatica-nelson-vargas\/#primaryimage"},"thumbnailUrl":"https:\/\/esbozodeportivo.com\/wp-content\/uploads\/2023\/11\/Team-Junior-1-1024x679.jpg","articleSection":["Amateur"],"inLanguage":"es","potentialAction":[{"@type":"CommentAction","name":"Comment","target":["https:\/\/esbozodeportivo.com\/index.php\/2023\/11\/12\/importantes-actividades-en-la-acuatica-nelson-vargas\/#respond"]}]},{"@type":"WebPage","@id":"https:\/\/esbozodeportivo.com\/index.php\/2023\/11\/12\/importantes-actividades-en-la-acuatica-nelson-vargas\/","url":"https:\/\/esbozodeportivo.com\/index.php\/2023\/11\/12\/importantes-actividades-en-la-acuatica-nelson-vargas\/","name":"Importantes actividades en la Acu\u00e1tica Nelson Vargas - Esbozo Deportivo","isPartOf":{"@id":"https:\/\/esbozodeportivo.com\/#website"},"primaryImageOfPage":{"@id":"https:\/\/esbozodeportivo.com\/index.php\/2023\/11\/12\/importantes-actividades-en-la-acuatica-nelson-vargas\/#primaryimage"},"image":{"@id":"https:\/\/esbozodeportivo.com\/index.php\/2023\/11\/12\/importantes-actividades-en-la-acuatica-nelson-vargas\/#primaryimage"},"thumbnailUrl":"https:\/\/esbozodeportivo.com\/wp-content\/uploads\/2023\/11\/Team-Junior-1-1024x679.jpg","datePublished":"2023-11-12T06:34:50+00:00","dateModified":"2023-11-12T06:50:47+00:00","breadcrumb":{"@id":"https:\/\/esbozodeportivo.com\/index.php\/2023\/11\/12\/importantes-actividades-en-la-acuatica-nelson-vargas\/#breadcrumb"},"inLanguage":"es","potentialAction":[{"@type":"ReadAction","target":["https:\/\/esbozodeportivo.com\/index.php\/2023\/11\/12\/importantes-actividades-en-la-acuatica-nelson-vargas\/"]}]},{"@type":"ImageObject","inLanguage":"es","@id":"https:\/\/esbozodeportivo.com\/index.php\/2023\/11\/12\/importantes-actividades-en-la-acuatica-nelson-vargas\/#primaryimage","url":"https:\/\/esbozodeportivo.com\/wp-content\/uploads\/2023\/11\/Team-Junior-1.jpg","contentUrl":"https:\/\/esbozodeportivo.com\/wp-content\/uploads\/2023\/11\/Team-Junior-1.jpg","width":1482,"height":982},{"@type":"BreadcrumbList","@id":"https:\/\/esbozodeportivo.com\/index.php\/2023\/11\/12\/importantes-actividades-en-la-acuatica-nelson-vargas\/#breadcrumb","itemListElement":[{"@type":"ListItem","position":1,"name":"Inicio","item":"https:\/\/esbozodeportivo.com\/"},{"@type":"ListItem","position":2,"name":"Importantes actividades en la Acu\u00e1tica Nelson Vargas"}]},{"@type":"WebSite","@id":"https:\/\/esbozodeportivo.com\/#website","url":"https:\/\/esbozodeportivo.com\/","name":"Esbozo Deportivo","description":"Lo m\u00e1s importante del Deporte","publisher":{"@id":"https:\/\/esbozodeportivo.com\/#organization"},"potentialAction":[{"@type":"SearchAction","target":{"@type":"EntryPoint","urlTemplate":"https:\/\/esbozodeportivo.com\/?s={search_term_string}"},"query-input":{"@type":"PropertyValueSpecification","valueRequired":true,"valueName":"search_term_string"}}],"inLanguage":"es"},{"@type":"Organization","@id":"https:\/\/esbozodeportivo.com\/#organization","name":"Esbozo Deportivo","url":"https:\/\/esbozodeportivo.com\/","logo":{"@type":"ImageObject","inLanguage":"es","@id":"https:\/\/esbozodeportivo.com\/#\/schema\/logo\/image\/","url":"https:\/\/esbozodeportivo.com\/wp-content\/uploads\/2022\/08\/cropped-Logo-Esbozo-Web-2.png","contentUrl":"https:\/\/esbozodeportivo.com\/wp-content\/uploads\/2022\/08\/cropped-Logo-Esbozo-Web-2.png","width":180,"height":50,"caption":"Esbozo Deportivo"},"image":{"@id":"https:\/\/esbozodeportivo.com\/#\/schema\/logo\/image\/"}},{"@type":"Person","@id":"https:\/\/esbozodeportivo.com\/#\/schema\/person\/7277119c98823aec37bbb84e125efd44","name":"Javier De La Cruz","image":{"@type":"ImageObject","inLanguage":"es","@id":"https:\/\/esbozodeportivo.com\/#\/schema\/person\/image\/","url":"https:\/\/secure.gravatar.com\/avatar\/366235a56d20f1a6e8e3d0b295897639357bea880470ddf261d17bb0bc052eb1?s=96&d=mm&r=g","contentUrl":"https:\/\/secure.gravatar.com\/avatar\/366235a56d20f1a6e8e3d0b295897639357bea880470ddf261d17bb0bc052eb1?s=96&d=mm&r=g","caption":"Javier De La Cruz"},"url":"https:\/\/esbozodeportivo.com\/index.php\/author\/javier-de-la-cruz-de-la-cruz\/"}]}},"jetpack_featured_media_url":"","jetpack_sharing_enabled":true,"_links":{"self":[{"href":"https:\/\/esbozodeportivo.com\/index.php\/wp-json\/wp\/v2\/posts\/1868","targetHints":{"allow":["GET"]}}],"collection":[{"href":"https:\/\/esbozodeportivo.com\/index.php\/wp-json\/wp\/v2\/posts"}],"about":[{"href":"https:\/\/esbozodeportivo.com\/index.php\/wp-json\/wp\/v2\/types\/post"}],"author":[{"embeddable":true,"href":"https:\/\/esbozodeportivo.com\/index.php\/wp-json\/wp\/v2\/users\/2"}],"replies":[{"embeddable":true,"href":"https:\/\/esbozodeportivo.com\/index.php\/wp-json\/wp\/v2\/comments?post=1868"}],"version-history":[{"count":4,"href":"https:\/\/esbozodeportivo.com\/index.php\/wp-json\/wp\/v2\/posts\/1868\/revisions"}],"predecessor-version":[{"id":1884,"href":"https:\/\/esbozodeportivo.com\/index.php\/wp-json\/wp\/v2\/posts\/1868\/revisions\/1884"}],"wp:attachment":[{"href":"https:\/\/esbozodeportivo.com\/index.php\/wp-json\/wp\/v2\/media?parent=1868"}],"wp:term":[{"taxonomy":"category","embeddable":true,"href":"https:\/\/esbozodeportivo.com\/index.php\/wp-json\/wp\/v2\/categories?post=1868"},{"taxonomy":"post_tag","embeddable":true,"href":"https:\/\/esbozodeportivo.com\/index.php\/wp-json\/wp\/v2\/tags?post=1868"}],"curies":[{"name":"wp","href":"https:\/\/api.w.org\/{rel}","templated":true}]}}