{"id":1885,"date":"2023-11-13T04:40:04","date_gmt":"2023-11-13T04:40:04","guid":{"rendered":"https:\/\/esbozodeportivo.com\/?p=1885"},"modified":"2023-11-13T04:48:00","modified_gmt":"2023-11-13T04:48:00","slug":"acuatica-nelsonvargas-en-el-primer-lugar-del-campeonato-estatal-oro-infantil","status":"publish","type":"post","link":"https:\/\/esbozodeportivo.com\/index.php\/2023\/11\/13\/acuatica-nelsonvargas-en-el-primer-lugar-del-campeonato-estatal-oro-infantil\/","title":{"rendered":"ACU\u00c1TICA NELSONVARGAS, EN EL PRIMER LUGAR DEL CAMPEONATO ESTATAL ORO INFANTIL \u00a0"},"content":{"rendered":"<style>\/*! elementor - v3.17.0 - 08-11-2023 *\/\n.elementor-widget-image{text-align:center}.elementor-widget-image a{display:inline-block}.elementor-widget-image a img[src$=\".svg\"]{width:48px}.elementor-widget-image img{vertical-align:middle;display:inline-block}<\/style>\n<p>\t\t\t\t\t\t\t\t\t\t\t\t<img decoding=\"async\" width=\"640\" height=\"480\" src=\"https:\/\/esbozodeportivo.com\/wp-content\/uploads\/2023\/11\/Acuatica-Infantil-ANV5-1024x768.jpg\" alt=\"\" loading=\"lazy\" srcset=\"https:\/\/esbozodeportivo.com\/wp-content\/uploads\/2023\/11\/Acuatica-Infantil-ANV5-1024x768.jpg 1024w, https:\/\/esbozodeportivo.com\/wp-content\/uploads\/2023\/11\/Acuatica-Infantil-ANV5-300x225.jpg 300w, https:\/\/esbozodeportivo.com\/wp-content\/uploads\/2023\/11\/Acuatica-Infantil-ANV5-768x576.jpg 768w, https:\/\/esbozodeportivo.com\/wp-content\/uploads\/2023\/11\/Acuatica-Infantil-ANV5-1536x1152.jpg 1536w, https:\/\/esbozodeportivo.com\/wp-content\/uploads\/2023\/11\/Acuatica-Infantil-ANV5.jpg 1600w\" sizes=\"auto, (max-width: 640px) 100vw, 640px\" \/>\t\t\t\t\t\t\t\t\t\t\t\t\t\t\t<\/p>\n<p>(Foto: acu\u00e1ticanelsonvargas)<\/p>\n<p>Durante la programaci\u00f3n de hoy, se llev\u00f3 a cabo la jornada final del Campeonato Estatal Oro Infantil CC, cita deportiva convocada por la Asociaci\u00f3n de Nataci\u00f3n del Estado de M\u00e9xico y que se llev\u00f3 a cabo en el Centro Acu\u00e1tico Azcapotzalco, donde, esta entidad se coron\u00f3 en el primer lugar.<\/p>\n<p>Dicha posici\u00f3n se consolid\u00f3 con un total, de: 1308.5 puntos, seguidos de acu\u00e1tica delfines, quienes sumaron 231 puntos y la tercera plaza la logr\u00f3 el DIF Huixquilucan, con: 174. Sobre este triunfo, es significativo se\u00f1alar los aportes individuales. Los atletas que lograron el campeonato o subcampeonato en sus categor\u00edas, fueron:<\/p>\n<p>\t\t\t\t\t\t\t\t\t\t\t\t\t\t\t<img decoding=\"async\" width=\"640\" height=\"360\" src=\"https:\/\/esbozodeportivo.com\/wp-content\/uploads\/2023\/11\/Acuatica-Infantil-ANV6-1024x576.jpg\" alt=\"\" loading=\"lazy\" srcset=\"https:\/\/esbozodeportivo.com\/wp-content\/uploads\/2023\/11\/Acuatica-Infantil-ANV6-1024x576.jpg 1024w, https:\/\/esbozodeportivo.com\/wp-content\/uploads\/2023\/11\/Acuatica-Infantil-ANV6-300x169.jpg 300w, https:\/\/esbozodeportivo.com\/wp-content\/uploads\/2023\/11\/Acuatica-Infantil-ANV6-768x432.jpg 768w, https:\/\/esbozodeportivo.com\/wp-content\/uploads\/2023\/11\/Acuatica-Infantil-ANV6-1536x864.jpg 1536w, https:\/\/esbozodeportivo.com\/wp-content\/uploads\/2023\/11\/Acuatica-Infantil-ANV6.jpg 1599w\" sizes=\"auto, (max-width: 640px) 100vw, 640px\" \/>\t\t\t\t\t\t\t\t\t\t\t\t\t\t\t<\/p>\n<p>(Foto: acu\u00e1ticanelsonvargas)<\/p>\n<p>Campeona 7 \u2013 8 a\u00f1os: Sandra Bevia<\/p>\n<p>Campeona 9 \u2013 10 a\u00f1os: Karen Albarr\u00e1n Dom\u00ednguez<\/p>\n<p>Subcampe\u00f3n 9 \u2013 10 a\u00f1os: Francisco Alvarado<\/p>\n<p>Subcampeona 9 \u2013 10 a\u00f1os: Mar\u00eda Renee Honorato Z\u00fa\u00f1iga<\/p>\n<p>Campeona 11 \u2013 12 a\u00f1os: Jessica Perla Garc\u00eda God\u00ednez<\/p>\n<p>Subcampeona 11 \u2013 12 a\u00f1os: Valentina Gonz\u00e1lez Pe\u00f1aflor<\/p>\n<p>Campe\u00f3n 11 -12 a\u00f1os: Oscar Alejandro Hern\u00e1ndez Rosales<\/p>\n<p>\t\t\t\t\t\t\t\t\t\t\t\t\t\t\t<img decoding=\"async\" width=\"640\" height=\"360\" src=\"https:\/\/esbozodeportivo.com\/wp-content\/uploads\/2023\/11\/Acuatica-Infantil-ANV4-1024x576.jpg\" alt=\"\" loading=\"lazy\" srcset=\"https:\/\/esbozodeportivo.com\/wp-content\/uploads\/2023\/11\/Acuatica-Infantil-ANV4-1024x576.jpg 1024w, https:\/\/esbozodeportivo.com\/wp-content\/uploads\/2023\/11\/Acuatica-Infantil-ANV4-300x169.jpg 300w, https:\/\/esbozodeportivo.com\/wp-content\/uploads\/2023\/11\/Acuatica-Infantil-ANV4-768x432.jpg 768w, https:\/\/esbozodeportivo.com\/wp-content\/uploads\/2023\/11\/Acuatica-Infantil-ANV4-1536x864.jpg 1536w, https:\/\/esbozodeportivo.com\/wp-content\/uploads\/2023\/11\/Acuatica-Infantil-ANV4.jpg 1599w\" sizes=\"auto, (max-width: 640px) 100vw, 640px\" \/>\t\t\t\t\t\t\t\t\t\t\t\t\t\t\t<\/p>\n<p>(Foto: acu\u00e1ticanelsonvargas)<\/p>\n<p>Tabla de posiciones por puntos \u2013 clubes:<\/p>\n<table>\n<tbody>\n<tr>\n<td width=\"137\">\n<p><strong>POSICI\u00d3N<\/strong><\/p>\n<\/td>\n<td width=\"203\">\n<p><strong>CLUB <\/strong><\/p>\n<\/td>\n<td width=\"104\">\n<p><strong>PUNTOS<\/strong><\/p>\n<\/td>\n<\/tr>\n<tr>\n<td width=\"137\">\n<p>1<\/p>\n<\/td>\n<td width=\"203\">\n<p><strong><em>Acu\u00e1tica nelsonvargas<\/em><\/strong><\/p>\n<\/td>\n<td width=\"104\">\n<p>1308.5<\/p>\n<\/td>\n<\/tr>\n<tr>\n<td width=\"137\">\n<p>2<\/p>\n<\/td>\n<td width=\"203\">\n<p>Acu\u00e1tica delfines<\/p>\n<\/td>\n<td width=\"104\">\n<p>231<\/p>\n<\/td>\n<\/tr>\n<tr>\n<td width=\"137\">\n<p>3<\/p>\n<\/td>\n<td width=\"203\">\n<p>DIF Huixquilucan<\/p>\n<\/td>\n<td width=\"104\">\n<p>174<\/p>\n<\/td>\n<\/tr>\n<\/tbody>\n<\/table>\n<p>\t\t\t\t\t\t\t\t\t\t\t\t\t\t\t<img decoding=\"async\" width=\"640\" height=\"853\" src=\"https:\/\/esbozodeportivo.com\/wp-content\/uploads\/2023\/11\/Acuatica-Infantil-ANV2-768x1024.jpg\" alt=\"\" loading=\"lazy\" srcset=\"https:\/\/esbozodeportivo.com\/wp-content\/uploads\/2023\/11\/Acuatica-Infantil-ANV2-768x1024.jpg 768w, https:\/\/esbozodeportivo.com\/wp-content\/uploads\/2023\/11\/Acuatica-Infantil-ANV2-225x300.jpg 225w, https:\/\/esbozodeportivo.com\/wp-content\/uploads\/2023\/11\/Acuatica-Infantil-ANV2-1152x1536.jpg 1152w, https:\/\/esbozodeportivo.com\/wp-content\/uploads\/2023\/11\/Acuatica-Infantil-ANV2-1024x1365.jpg 1024w, https:\/\/esbozodeportivo.com\/wp-content\/uploads\/2023\/11\/Acuatica-Infantil-ANV2.jpg 1200w\" sizes=\"auto, (max-width: 640px) 100vw, 640px\" \/>\t\t\t\t\t\t\t\t\t\t\t\t\t\t\t<\/p>\n<p>(Foto: acu\u00e1ticanelsonvargas)<\/p>\n<p>Antes de finalizar, es significativo se\u00f1alar, la suma de medallas, durante esta la \u00faltima jornada de competencia, <strong><em>acu\u00e1tica nelsonvargas<\/em><\/strong> sum\u00f3 un total 29 preseas individuales, logradas as\u00ed: 10 de oro, 10 de plata y 9 de bronce.<\/p>\n<p>\u00a0<\/p>\n<p>Los medallistas de la jornada:\u00a0<\/p>\n<table>\n<tbody>\n<tr>\n<td width=\"39\">\n<p><strong>N.M<\/strong><\/p>\n<\/td>\n<td width=\"45\">\n<p><strong>N. C<\/strong><\/p>\n<\/td>\n<td width=\"114\">\n<p><strong>PRESEA<\/strong><\/p>\n<\/td>\n<td width=\"274\">\n<p><strong>NOMBRE<\/strong><\/p>\n<\/td>\n<td width=\"123\">\n<p><strong>PRUEBA<\/strong><\/p>\n<\/td>\n<td width=\"97\">\n<p><strong>CATEGOR\u00cdA<\/strong><\/p>\n<\/td>\n<\/tr>\n<tr>\n<td width=\"39\">\n<h5>1<\/h5>\n<\/td>\n<td width=\"45\">\n<h5>1<\/h5>\n<\/td>\n<td width=\"114\">\n<h5>ORO<\/h5>\n<\/td>\n<td width=\"274\">\n<h5>Jessica Perla Garcia God\u00ednez<\/h5>\n<\/td>\n<td width=\"123\">\n<h5>200 mariposa<\/h5>\n<\/td>\n<td width=\"97\">\n<h5>11 \u2013 12 a\u00f1os<\/h5>\n<\/td>\n<\/tr>\n<tr>\n<td width=\"39\">\n<h5>2<\/h5>\n<\/td>\n<td width=\"45\">\n<h5>2<\/h5>\n<\/td>\n<td width=\"114\">\n<h5>ORO<\/h5>\n<\/td>\n<td width=\"274\">\n<h5>Karen Albarr\u00e1n Dominguez<\/h5>\n<\/td>\n<td width=\"123\">\n<h5>100 libre<\/h5>\n<\/td>\n<td width=\"97\">\n<h5>9 \u2013 10 a\u00f1os<\/h5>\n<\/td>\n<\/tr>\n<tr>\n<td width=\"39\">\n<h5>3<\/h5>\n<\/td>\n<td width=\"45\">\n<h5>3<\/h5>\n<\/td>\n<td width=\"114\">\n<h5>ORO<\/h5>\n<\/td>\n<td width=\"274\">\n<h5>Jessica Perla Garc\u00eda God\u00ednez<\/h5>\n<\/td>\n<td width=\"123\">\n<h5>100 libre<\/h5>\n<\/td>\n<td width=\"97\">\n<h5>11 \u2013 12 a\u00f1os<\/h5>\n<\/td>\n<\/tr>\n<tr>\n<td width=\"39\">\n<h5>4<\/h5>\n<\/td>\n<td width=\"45\">\n<h5>4<\/h5>\n<\/td>\n<td width=\"114\">\n<h5>ORO<\/h5>\n<\/td>\n<td width=\"274\">\n<h5>Oscar Alejandro Hern\u00e1ndez Rosales<\/h5>\n<\/td>\n<td width=\"123\">\n<h5>100 libre<\/h5>\n<\/td>\n<td width=\"97\">\n<h5>11 \u2013 12 a\u00f1os<\/h5>\n<\/td>\n<\/tr>\n<tr>\n<td width=\"39\">\n<h5>5<\/h5>\n<\/td>\n<td width=\"45\">\n<h5>5<\/h5>\n<\/td>\n<td width=\"114\">\n<h5>ORO<\/h5>\n<\/td>\n<td width=\"274\">\n<h5>Diego Benjam\u00edn Sixtos Torres<\/h5>\n<\/td>\n<td width=\"123\">\n<h5>50 pecho<\/h5>\n<\/td>\n<td width=\"97\">\n<h5>11 \u2013 12 a\u00f1os<\/h5>\n<\/td>\n<\/tr>\n<tr>\n<td width=\"39\">\n<h5>6<\/h5>\n<\/td>\n<td width=\"45\">\n<h5>6<\/h5>\n<\/td>\n<td width=\"114\">\n<h5>ORO<\/h5>\n<\/td>\n<td width=\"274\">\n<h5>Jorge Arturo Trejo Hern\u00e1ndez<\/h5>\n<\/td>\n<td width=\"123\">\n<h5>100 pecho<\/h5>\n<\/td>\n<td width=\"97\">\n<h5>9 \u2013 10 a\u00f1os<\/h5>\n<\/td>\n<\/tr>\n<tr>\n<td width=\"39\">\n<h5>7<\/h5>\n<\/td>\n<td width=\"45\">\n<h5>7<\/h5>\n<\/td>\n<td width=\"114\">\n<h5>ORO<\/h5>\n<\/td>\n<td width=\"274\">\n<h5>Bruno Aguilar Ortiz<\/h5>\n<\/td>\n<td width=\"123\">\n<h5>100 dorso<\/h5>\n<\/td>\n<td width=\"97\">\n<h5>11 \u2013 12 a\u00f1os<\/h5>\n<\/td>\n<\/tr>\n<tr>\n<td width=\"39\">\n<h5>8<\/h5>\n<\/td>\n<td width=\"45\">\n<h5>8<\/h5>\n<\/td>\n<td width=\"114\">\n<h5>ORO<\/h5>\n<\/td>\n<td width=\"274\">\n<h5>Mar\u00eda Renee Honorato Z\u00fa\u00f1iga<\/h5>\n<\/td>\n<td width=\"123\">\n<h5>50 mariposa<\/h5>\n<\/td>\n<td width=\"97\">\n<h5>9 \u2013 10 a\u00f1os<\/h5>\n<\/td>\n<\/tr>\n<tr>\n<td width=\"39\">\n<h5>9<\/h5>\n<\/td>\n<td width=\"45\">\n<h5>9<\/h5>\n<\/td>\n<td width=\"114\">\n<h5>ORO<\/h5>\n<\/td>\n<td width=\"274\">\n<h5>Jessica Perla Garc\u00eda God\u00ednez<\/h5>\n<\/td>\n<td width=\"123\">\n<h5>400 libre<\/h5>\n<\/td>\n<td width=\"97\">\n<h5>11 \u2013 12 a\u00f1os<\/h5>\n<\/td>\n<\/tr>\n<tr>\n<td width=\"39\">\n<h5>10<\/h5>\n<\/td>\n<td width=\"45\">\n<h5>10<\/h5>\n<\/td>\n<td width=\"114\">\n<h5>ORO<\/h5>\n<\/td>\n<td width=\"274\">\n<h5>Diego Benjam\u00edn Sixtos Torres<\/h5>\n<\/td>\n<td width=\"123\">\n<h5>400 libre<\/h5>\n<\/td>\n<td width=\"97\">\n<h5>11 \u2013 12 a\u00f1os<\/h5>\n<\/td>\n<\/tr>\n<tr>\n<td width=\"39\">\n<h5>11<\/h5>\n<\/td>\n<td width=\"45\">\n<h5>1<\/h5>\n<\/td>\n<td width=\"114\">\n<h5>PLATA<\/h5>\n<\/td>\n<td width=\"274\">\n<h5>Oscar Alejandro Hern\u00e1ndez Rosales<\/h5>\n<\/td>\n<td width=\"123\">\n<h5>200 mariposa<\/h5>\n<\/td>\n<td width=\"97\">\n<h5>11 \u2013 12 a\u00f1os<\/h5>\n<\/td>\n<\/tr>\n<tr>\n<td width=\"39\">\n<h5>12<\/h5>\n<\/td>\n<td width=\"45\">\n<h5>2<\/h5>\n<\/td>\n<td width=\"114\">\n<h5>PLATA<\/h5>\n<\/td>\n<td width=\"274\">\n<h5>Mar\u00eda Renee Honorato Z\u00fa\u00f1iga<\/h5>\n<\/td>\n<td width=\"123\">\n<h5>100 libre<\/h5>\n<\/td>\n<td width=\"97\">\n<h5>9 \u2013 10 a\u00f1os<\/h5>\n<\/td>\n<\/tr>\n<tr>\n<td width=\"39\">\n<h5>13<\/h5>\n<\/td>\n<td width=\"45\">\n<h5>3<\/h5>\n<\/td>\n<td width=\"114\">\n<h5>PLATA<\/h5>\n<\/td>\n<td width=\"274\">\n<h5>Francisco Alvarado Dom\u00ednguez<\/h5>\n<\/td>\n<td width=\"123\">\n<h5>100 libre<\/h5>\n<\/td>\n<td width=\"97\">\n<h5>9 \u2013 10 a\u00f1os<\/h5>\n<\/td>\n<\/tr>\n<tr>\n<td width=\"39\">\n<h5>14<\/h5>\n<\/td>\n<td width=\"45\">\n<h5>4<\/h5>\n<\/td>\n<td width=\"114\">\n<h5>PLATA<\/h5>\n<\/td>\n<td width=\"274\">\n<h5>Karen Albarr\u00e1n Dom\u00ednguez<\/h5>\n<\/td>\n<td width=\"123\">\n<h5>100 libre<\/h5>\n<\/td>\n<td width=\"97\">\n<h5>11 \u2013 12 a\u00f1os<\/h5>\n<\/td>\n<\/tr>\n<tr>\n<td width=\"39\">\n<h5>15<\/h5>\n<\/td>\n<td width=\"45\">\n<h5>5<\/h5>\n<\/td>\n<td width=\"114\">\n<h5>PLATA<\/h5>\n<\/td>\n<td width=\"274\">\n<h5>Francisco Alvarado Dom\u00ednguez<\/h5>\n<\/td>\n<td width=\"123\">\n<h5>100 libre<\/h5>\n<\/td>\n<td width=\"97\">\n<h5>11 \u2013 12 a\u00f1os<\/h5>\n<\/td>\n<\/tr>\n<tr>\n<td width=\"39\">\n<h5>16<\/h5>\n<\/td>\n<td width=\"45\">\n<h5>6<\/h5>\n<\/td>\n<td width=\"114\">\n<h5>PLATA<\/h5>\n<\/td>\n<td width=\"274\">\n<h5>Karen Albarr\u00e1n Dom\u00ednguez<\/h5>\n<\/td>\n<td width=\"123\">\n<h5>100 pecho<\/h5>\n<\/td>\n<td width=\"97\">\n<h5>9 \u2013 10 a\u00f1os<\/h5>\n<\/td>\n<\/tr>\n<tr>\n<td width=\"39\">\n<h5>17<\/h5>\n<\/td>\n<td width=\"45\">\n<h5>7<\/h5>\n<\/td>\n<td width=\"114\">\n<h5>PLATA<\/h5>\n<\/td>\n<td width=\"274\">\n<h5>Valentina Gonz\u00e1lez Pe\u00f1aflor<\/h5>\n<\/td>\n<td width=\"123\">\n<h5>100 dorso<\/h5>\n<\/td>\n<td width=\"97\">\n<h5>11 \u2013 12 a\u00f1os<\/h5>\n<\/td>\n<\/tr>\n<tr>\n<td width=\"39\">\n<h5>18<\/h5>\n<\/td>\n<td width=\"45\">\n<h5>8<\/h5>\n<\/td>\n<td width=\"114\">\n<h5>PLATA<\/h5>\n<\/td>\n<td width=\"274\">\n<h5>Francisco Alvarado Dom\u00ednguez<\/h5>\n<\/td>\n<td width=\"123\">\n<h5>50 mariposa<\/h5>\n<\/td>\n<td width=\"97\">\n<h5>9 \u2013 10 a\u00f1os<\/h5>\n<\/td>\n<\/tr>\n<tr>\n<td width=\"39\">\n<h5>19<\/h5>\n<\/td>\n<td width=\"45\">\n<h5>9<\/h5>\n<\/td>\n<td width=\"114\">\n<h5>PLATA<\/h5>\n<\/td>\n<td width=\"274\">\n<h5>Sarah Guerrero Vargas<\/h5>\n<\/td>\n<td width=\"123\">\n<h5>400 libre\u00a0<\/h5>\n<\/td>\n<td width=\"97\">\n<h5>11 \u2013 12 a\u00f1os<\/h5>\n<\/td>\n<\/tr>\n<\/tbody>\n<\/table>\n<p>\t\t\t\t\t\t\t\t\t\t\t\t\t\t\t<img decoding=\"async\" width=\"640\" height=\"360\" src=\"https:\/\/esbozodeportivo.com\/wp-content\/uploads\/2023\/11\/Acuatica-Infantil-ANV7-1024x576.jpg\" alt=\"\" loading=\"lazy\" srcset=\"https:\/\/esbozodeportivo.com\/wp-content\/uploads\/2023\/11\/Acuatica-Infantil-ANV7-1024x576.jpg 1024w, https:\/\/esbozodeportivo.com\/wp-content\/uploads\/2023\/11\/Acuatica-Infantil-ANV7-300x169.jpg 300w, https:\/\/esbozodeportivo.com\/wp-content\/uploads\/2023\/11\/Acuatica-Infantil-ANV7-768x432.jpg 768w, https:\/\/esbozodeportivo.com\/wp-content\/uploads\/2023\/11\/Acuatica-Infantil-ANV7-1536x864.jpg 1536w, https:\/\/esbozodeportivo.com\/wp-content\/uploads\/2023\/11\/Acuatica-Infantil-ANV7.jpg 1599w\" sizes=\"auto, (max-width: 640px) 100vw, 640px\" \/>\t\t\t\t\t\t\t\t\t\t\t\t\t\t\t<\/p>\n<p>(Foto: acu\u00e1ticanelsonvargas)<\/p>\n<table>\n<tbody>\n<tr>\n<td width=\"39\">\n<h5>20<\/h5>\n<\/td>\n<td width=\"45\">\n<h5>10<\/h5>\n<\/td>\n<td width=\"114\">\n<h5>PLATA<\/h5>\n<\/td>\n<td width=\"274\">\n<h5>Bruno Aguilar Ortiz<\/h5>\n<\/td>\n<td width=\"123\">\n<h5>400 libre<\/h5>\n<\/td>\n<td width=\"97\">\n<h5>11 \u2013 12 a\u00f1os<\/h5>\n<\/td>\n<\/tr>\n<tr>\n<td width=\"39\">\n<h5>21<\/h5>\n<\/td>\n<td width=\"45\">\n<h5>1<\/h5>\n<\/td>\n<td width=\"114\">\n<h5>BRONCE<\/h5>\n<\/td>\n<td width=\"274\">\n<h5>Leonardo Ch\u00e1vez Ramirez<\/h5>\n<\/td>\n<td width=\"123\">\n<h5>200 mariposa<\/h5>\n<\/td>\n<td width=\"97\">\n<h5>11 \u2013 12 a\u00f1os<\/h5>\n<\/td>\n<\/tr>\n<tr>\n<td width=\"39\">\n<h5>22<\/h5>\n<\/td>\n<td width=\"45\">\n<h5>2<\/h5>\n<\/td>\n<td width=\"114\">\n<h5>BRONCE<\/h5>\n<\/td>\n<td width=\"274\">\n<h5>Jorge Arturo Trejo Hern\u00e1ndez<\/h5>\n<\/td>\n<td width=\"123\">\n<h5>100 libre<\/h5>\n<\/td>\n<td width=\"97\">\n<h5>9 \u2013 10 a\u00f1os<\/h5>\n<\/td>\n<\/tr>\n<tr>\n<td width=\"39\">\n<h5>23<\/h5>\n<\/td>\n<td width=\"45\">\n<h5>3<\/h5>\n<\/td>\n<td width=\"114\">\n<h5>BRONCE<\/h5>\n<\/td>\n<td width=\"274\">\n<h5>Valentina Gonz\u00e1lez Pe\u00f1aflor<\/h5>\n<\/td>\n<td width=\"123\">\n<h5>100 libre<\/h5>\n<\/td>\n<td width=\"97\">\n<h5>11 \u2013 12 a\u00f1os<\/h5>\n<\/td>\n<\/tr>\n<tr>\n<td width=\"39\">\n<h5>24<\/h5>\n<\/td>\n<td width=\"45\">\n<h5>4<\/h5>\n<\/td>\n<td width=\"114\">\n<h5>BRONCE<\/h5>\n<\/td>\n<td width=\"274\">\n<h5>Diego Benjam\u00edn Sixtos Torres<\/h5>\n<\/td>\n<td width=\"123\">\n<h5>100 libre<\/h5>\n<\/td>\n<td width=\"97\">\n<h5>11 \u2013 12 a\u00f1os<\/h5>\n<\/td>\n<\/tr>\n<tr>\n<td width=\"39\">\n<h5>25<\/h5>\n<\/td>\n<td width=\"45\">\n<h5>5<\/h5>\n<\/td>\n<td width=\"114\">\n<h5>BRONCE<\/h5>\n<\/td>\n<td width=\"274\">\n<h5>Nicolas Aranda Johnson<\/h5>\n<\/td>\n<td width=\"123\">\n<h5>100 libre<\/h5>\n<\/td>\n<td width=\"97\">\n<h5>11 \u2013 12 a\u00f1os<\/h5>\n<\/td>\n<\/tr>\n<tr>\n<td width=\"39\">\n<h5>26<\/h5>\n<\/td>\n<td width=\"45\">\n<h5>6<\/h5>\n<\/td>\n<td width=\"114\">\n<h5>BRONCE<\/h5>\n<\/td>\n<td width=\"274\">\n<h5>Mar\u00eda Renee Honorato Z\u00fa\u00f1iga<\/h5>\n<\/td>\n<td width=\"123\">\n<h5>100 pecho<\/h5>\n<\/td>\n<td width=\"97\">\n<h5>9 \u2013 10 a\u00f1os<\/h5>\n<\/td>\n<\/tr>\n<tr>\n<td width=\"39\">\n<h5>27<\/h5>\n<\/td>\n<td width=\"45\">\n<h5>7<\/h5>\n<\/td>\n<td width=\"114\">\n<h5>BRONCE<\/h5>\n<\/td>\n<td width=\"274\">\n<h5>Pedro Ojeda Sabido<\/h5>\n<\/td>\n<td width=\"123\">\n<h5>100 pecho<\/h5>\n<\/td>\n<td width=\"97\">\n<h5>9 \u2013 10 a\u00f1os<\/h5>\n<\/td>\n<\/tr>\n<tr>\n<td width=\"39\">\n<h5>28<\/h5>\n<\/td>\n<td width=\"45\">\n<h5>8<\/h5>\n<\/td>\n<td width=\"114\">\n<h5>BRONCE<\/h5>\n<\/td>\n<td width=\"274\">\n<h5>Ana Isabel Rosas Rubio<\/h5>\n<\/td>\n<td width=\"123\">\n<h5>100 dorso<\/h5>\n<\/td>\n<td width=\"97\">\n<h5>11 \u2013 12 a\u00f1os<\/h5>\n<\/td>\n<\/tr>\n<tr>\n<td width=\"39\">\n<h5>29<\/h5>\n<\/td>\n<td width=\"45\">\n<h5>9<\/h5>\n<\/td>\n<td width=\"114\">\n<h5>BRONCE<\/h5>\n<\/td>\n<td width=\"274\">\n<h5>Giovany Galaviz De La Cruz<\/h5>\n<\/td>\n<td width=\"123\">\n<h5>50 mariposa<\/h5>\n<\/td>\n<td width=\"97\">\n<h5>9 \u2013 10 a\u00f1os<\/h5>\n<\/td>\n<\/tr>\n<\/tbody>\n<\/table>\n<p>\u00a0<\/p>\n","protected":false},"excerpt":{"rendered":"<p>(Foto: acu\u00e1ticanelsonvargas) Durante la programaci\u00f3n de hoy, se llev\u00f3 a cabo la jornada final del<\/p>\n","protected":false},"author":2,"featured_media":0,"comment_status":"open","ping_status":"open","sticky":false,"template":"","format":"standard","meta":{"_jetpack_memberships_contains_paid_content":false,"footnotes":""},"categories":[5],"tags":[],"class_list":["post-1885","post","type-post","status-publish","format-standard","hentry","category-amateur"],"yoast_head":"<!-- This site is optimized with the Yoast SEO plugin v25.7 - https:\/\/yoast.com\/wordpress\/plugins\/seo\/ -->\n<title>ACU\u00c1TICA NELSONVARGAS, EN EL PRIMER LUGAR DEL CAMPEONATO ESTATAL ORO INFANTIL \u00a0 - Esbozo Deportivo<\/title>\n<meta name=\"robots\" content=\"index, follow, max-snippet:-1, max-image-preview:large, max-video-preview:-1\" \/>\n<link rel=\"canonical\" href=\"https:\/\/esbozodeportivo.com\/index.php\/2023\/11\/13\/acuatica-nelsonvargas-en-el-primer-lugar-del-campeonato-estatal-oro-infantil\/\" \/>\n<meta property=\"og:locale\" content=\"es_MX\" \/>\n<meta property=\"og:type\" content=\"article\" \/>\n<meta property=\"og:title\" content=\"ACU\u00c1TICA NELSONVARGAS, EN EL PRIMER LUGAR DEL CAMPEONATO ESTATAL ORO INFANTIL \u00a0 - Esbozo Deportivo\" \/>\n<meta property=\"og:description\" content=\"(Foto: acu\u00e1ticanelsonvargas) Durante la programaci\u00f3n de hoy, se llev\u00f3 a cabo la jornada final del\" \/>\n<meta property=\"og:url\" content=\"https:\/\/esbozodeportivo.com\/index.php\/2023\/11\/13\/acuatica-nelsonvargas-en-el-primer-lugar-del-campeonato-estatal-oro-infantil\/\" \/>\n<meta property=\"og:site_name\" content=\"Esbozo Deportivo\" \/>\n<meta property=\"article:published_time\" content=\"2023-11-13T04:40:04+00:00\" \/>\n<meta property=\"article:modified_time\" content=\"2023-11-13T04:48:00+00:00\" \/>\n<meta property=\"og:image\" content=\"https:\/\/esbozodeportivo.com\/wp-content\/uploads\/2023\/11\/Acuatica-Infantil-ANV5-1024x768.jpg\" \/>\n<meta name=\"author\" content=\"Javier De La Cruz\" \/>\n<meta name=\"twitter:card\" content=\"summary_large_image\" \/>\n<meta name=\"twitter:label1\" content=\"Escrito por\" \/>\n\t<meta name=\"twitter:data1\" content=\"Javier De La Cruz\" \/>\n\t<meta name=\"twitter:label2\" content=\"Tiempo de lectura\" \/>\n\t<meta name=\"twitter:data2\" content=\"2 minutos\" \/>\n<script type=\"application\/ld+json\" class=\"yoast-schema-graph\">{\"@context\":\"https:\/\/schema.org\",\"@graph\":[{\"@type\":\"Article\",\"@id\":\"https:\/\/esbozodeportivo.com\/index.php\/2023\/11\/13\/acuatica-nelsonvargas-en-el-primer-lugar-del-campeonato-estatal-oro-infantil\/#article\",\"isPartOf\":{\"@id\":\"https:\/\/esbozodeportivo.com\/index.php\/2023\/11\/13\/acuatica-nelsonvargas-en-el-primer-lugar-del-campeonato-estatal-oro-infantil\/\"},\"author\":{\"name\":\"Javier De La Cruz\",\"@id\":\"https:\/\/esbozodeportivo.com\/#\/schema\/person\/7277119c98823aec37bbb84e125efd44\"},\"headline\":\"ACU\u00c1TICA NELSONVARGAS, EN EL PRIMER LUGAR DEL CAMPEONATO ESTATAL ORO INFANTIL \u00a0\",\"datePublished\":\"2023-11-13T04:40:04+00:00\",\"dateModified\":\"2023-11-13T04:48:00+00:00\",\"mainEntityOfPage\":{\"@id\":\"https:\/\/esbozodeportivo.com\/index.php\/2023\/11\/13\/acuatica-nelsonvargas-en-el-primer-lugar-del-campeonato-estatal-oro-infantil\/\"},\"wordCount\":505,\"commentCount\":0,\"publisher\":{\"@id\":\"https:\/\/esbozodeportivo.com\/#organization\"},\"image\":{\"@id\":\"https:\/\/esbozodeportivo.com\/index.php\/2023\/11\/13\/acuatica-nelsonvargas-en-el-primer-lugar-del-campeonato-estatal-oro-infantil\/#primaryimage\"},\"thumbnailUrl\":\"https:\/\/esbozodeportivo.com\/wp-content\/uploads\/2023\/11\/Acuatica-Infantil-ANV5-1024x768.jpg\",\"articleSection\":[\"Amateur\"],\"inLanguage\":\"es\",\"potentialAction\":[{\"@type\":\"CommentAction\",\"name\":\"Comment\",\"target\":[\"https:\/\/esbozodeportivo.com\/index.php\/2023\/11\/13\/acuatica-nelsonvargas-en-el-primer-lugar-del-campeonato-estatal-oro-infantil\/#respond\"]}]},{\"@type\":\"WebPage\",\"@id\":\"https:\/\/esbozodeportivo.com\/index.php\/2023\/11\/13\/acuatica-nelsonvargas-en-el-primer-lugar-del-campeonato-estatal-oro-infantil\/\",\"url\":\"https:\/\/esbozodeportivo.com\/index.php\/2023\/11\/13\/acuatica-nelsonvargas-en-el-primer-lugar-del-campeonato-estatal-oro-infantil\/\",\"name\":\"ACU\u00c1TICA NELSONVARGAS, EN EL PRIMER LUGAR DEL CAMPEONATO ESTATAL ORO INFANTIL \u00a0 - Esbozo Deportivo\",\"isPartOf\":{\"@id\":\"https:\/\/esbozodeportivo.com\/#website\"},\"primaryImageOfPage\":{\"@id\":\"https:\/\/esbozodeportivo.com\/index.php\/2023\/11\/13\/acuatica-nelsonvargas-en-el-primer-lugar-del-campeonato-estatal-oro-infantil\/#primaryimage\"},\"image\":{\"@id\":\"https:\/\/esbozodeportivo.com\/index.php\/2023\/11\/13\/acuatica-nelsonvargas-en-el-primer-lugar-del-campeonato-estatal-oro-infantil\/#primaryimage\"},\"thumbnailUrl\":\"https:\/\/esbozodeportivo.com\/wp-content\/uploads\/2023\/11\/Acuatica-Infantil-ANV5-1024x768.jpg\",\"datePublished\":\"2023-11-13T04:40:04+00:00\",\"dateModified\":\"2023-11-13T04:48:00+00:00\",\"breadcrumb\":{\"@id\":\"https:\/\/esbozodeportivo.com\/index.php\/2023\/11\/13\/acuatica-nelsonvargas-en-el-primer-lugar-del-campeonato-estatal-oro-infantil\/#breadcrumb\"},\"inLanguage\":\"es\",\"potentialAction\":[{\"@type\":\"ReadAction\",\"target\":[\"https:\/\/esbozodeportivo.com\/index.php\/2023\/11\/13\/acuatica-nelsonvargas-en-el-primer-lugar-del-campeonato-estatal-oro-infantil\/\"]}]},{\"@type\":\"ImageObject\",\"inLanguage\":\"es\",\"@id\":\"https:\/\/esbozodeportivo.com\/index.php\/2023\/11\/13\/acuatica-nelsonvargas-en-el-primer-lugar-del-campeonato-estatal-oro-infantil\/#primaryimage\",\"url\":\"https:\/\/esbozodeportivo.com\/wp-content\/uploads\/2023\/11\/Acuatica-Infantil-ANV5.jpg\",\"contentUrl\":\"https:\/\/esbozodeportivo.com\/wp-content\/uploads\/2023\/11\/Acuatica-Infantil-ANV5.jpg\",\"width\":1600,\"height\":1200},{\"@type\":\"BreadcrumbList\",\"@id\":\"https:\/\/esbozodeportivo.com\/index.php\/2023\/11\/13\/acuatica-nelsonvargas-en-el-primer-lugar-del-campeonato-estatal-oro-infantil\/#breadcrumb\",\"itemListElement\":[{\"@type\":\"ListItem\",\"position\":1,\"name\":\"Inicio\",\"item\":\"https:\/\/esbozodeportivo.com\/\"},{\"@type\":\"ListItem\",\"position\":2,\"name\":\"ACU\u00c1TICA NELSONVARGAS, EN EL PRIMER LUGAR DEL CAMPEONATO ESTATAL ORO INFANTIL \u00a0\"}]},{\"@type\":\"WebSite\",\"@id\":\"https:\/\/esbozodeportivo.com\/#website\",\"url\":\"https:\/\/esbozodeportivo.com\/\",\"name\":\"Esbozo Deportivo\",\"description\":\"Lo m\u00e1s importante del Deporte\",\"publisher\":{\"@id\":\"https:\/\/esbozodeportivo.com\/#organization\"},\"potentialAction\":[{\"@type\":\"SearchAction\",\"target\":{\"@type\":\"EntryPoint\",\"urlTemplate\":\"https:\/\/esbozodeportivo.com\/?s={search_term_string}\"},\"query-input\":{\"@type\":\"PropertyValueSpecification\",\"valueRequired\":true,\"valueName\":\"search_term_string\"}}],\"inLanguage\":\"es\"},{\"@type\":\"Organization\",\"@id\":\"https:\/\/esbozodeportivo.com\/#organization\",\"name\":\"Esbozo Deportivo\",\"url\":\"https:\/\/esbozodeportivo.com\/\",\"logo\":{\"@type\":\"ImageObject\",\"inLanguage\":\"es\",\"@id\":\"https:\/\/esbozodeportivo.com\/#\/schema\/logo\/image\/\",\"url\":\"https:\/\/esbozodeportivo.com\/wp-content\/uploads\/2022\/08\/cropped-Logo-Esbozo-Web-2.png\",\"contentUrl\":\"https:\/\/esbozodeportivo.com\/wp-content\/uploads\/2022\/08\/cropped-Logo-Esbozo-Web-2.png\",\"width\":180,\"height\":50,\"caption\":\"Esbozo Deportivo\"},\"image\":{\"@id\":\"https:\/\/esbozodeportivo.com\/#\/schema\/logo\/image\/\"}},{\"@type\":\"Person\",\"@id\":\"https:\/\/esbozodeportivo.com\/#\/schema\/person\/7277119c98823aec37bbb84e125efd44\",\"name\":\"Javier De La Cruz\",\"image\":{\"@type\":\"ImageObject\",\"inLanguage\":\"es\",\"@id\":\"https:\/\/esbozodeportivo.com\/#\/schema\/person\/image\/\",\"url\":\"https:\/\/secure.gravatar.com\/avatar\/366235a56d20f1a6e8e3d0b295897639357bea880470ddf261d17bb0bc052eb1?s=96&d=mm&r=g\",\"contentUrl\":\"https:\/\/secure.gravatar.com\/avatar\/366235a56d20f1a6e8e3d0b295897639357bea880470ddf261d17bb0bc052eb1?s=96&d=mm&r=g\",\"caption\":\"Javier De La Cruz\"},\"url\":\"https:\/\/esbozodeportivo.com\/index.php\/author\/javier-de-la-cruz-de-la-cruz\/\"}]}<\/script>\n<!-- \/ Yoast SEO plugin. -->","yoast_head_json":{"title":"ACU\u00c1TICA NELSONVARGAS, EN EL PRIMER LUGAR DEL CAMPEONATO ESTATAL ORO INFANTIL \u00a0 - Esbozo Deportivo","robots":{"index":"index","follow":"follow","max-snippet":"max-snippet:-1","max-image-preview":"max-image-preview:large","max-video-preview":"max-video-preview:-1"},"canonical":"https:\/\/esbozodeportivo.com\/index.php\/2023\/11\/13\/acuatica-nelsonvargas-en-el-primer-lugar-del-campeonato-estatal-oro-infantil\/","og_locale":"es_MX","og_type":"article","og_title":"ACU\u00c1TICA NELSONVARGAS, EN EL PRIMER LUGAR DEL CAMPEONATO ESTATAL ORO INFANTIL \u00a0 - Esbozo Deportivo","og_description":"(Foto: acu\u00e1ticanelsonvargas) Durante la programaci\u00f3n de hoy, se llev\u00f3 a cabo la jornada final del","og_url":"https:\/\/esbozodeportivo.com\/index.php\/2023\/11\/13\/acuatica-nelsonvargas-en-el-primer-lugar-del-campeonato-estatal-oro-infantil\/","og_site_name":"Esbozo Deportivo","article_published_time":"2023-11-13T04:40:04+00:00","article_modified_time":"2023-11-13T04:48:00+00:00","og_image":[{"url":"https:\/\/esbozodeportivo.com\/wp-content\/uploads\/2023\/11\/Acuatica-Infantil-ANV5-1024x768.jpg","type":"","width":"","height":""}],"author":"Javier De La Cruz","twitter_card":"summary_large_image","twitter_misc":{"Escrito por":"Javier De La Cruz","Tiempo de lectura":"2 minutos"},"schema":{"@context":"https:\/\/schema.org","@graph":[{"@type":"Article","@id":"https:\/\/esbozodeportivo.com\/index.php\/2023\/11\/13\/acuatica-nelsonvargas-en-el-primer-lugar-del-campeonato-estatal-oro-infantil\/#article","isPartOf":{"@id":"https:\/\/esbozodeportivo.com\/index.php\/2023\/11\/13\/acuatica-nelsonvargas-en-el-primer-lugar-del-campeonato-estatal-oro-infantil\/"},"author":{"name":"Javier De La Cruz","@id":"https:\/\/esbozodeportivo.com\/#\/schema\/person\/7277119c98823aec37bbb84e125efd44"},"headline":"ACU\u00c1TICA NELSONVARGAS, EN EL PRIMER LUGAR DEL CAMPEONATO ESTATAL ORO INFANTIL \u00a0","datePublished":"2023-11-13T04:40:04+00:00","dateModified":"2023-11-13T04:48:00+00:00","mainEntityOfPage":{"@id":"https:\/\/esbozodeportivo.com\/index.php\/2023\/11\/13\/acuatica-nelsonvargas-en-el-primer-lugar-del-campeonato-estatal-oro-infantil\/"},"wordCount":505,"commentCount":0,"publisher":{"@id":"https:\/\/esbozodeportivo.com\/#organization"},"image":{"@id":"https:\/\/esbozodeportivo.com\/index.php\/2023\/11\/13\/acuatica-nelsonvargas-en-el-primer-lugar-del-campeonato-estatal-oro-infantil\/#primaryimage"},"thumbnailUrl":"https:\/\/esbozodeportivo.com\/wp-content\/uploads\/2023\/11\/Acuatica-Infantil-ANV5-1024x768.jpg","articleSection":["Amateur"],"inLanguage":"es","potentialAction":[{"@type":"CommentAction","name":"Comment","target":["https:\/\/esbozodeportivo.com\/index.php\/2023\/11\/13\/acuatica-nelsonvargas-en-el-primer-lugar-del-campeonato-estatal-oro-infantil\/#respond"]}]},{"@type":"WebPage","@id":"https:\/\/esbozodeportivo.com\/index.php\/2023\/11\/13\/acuatica-nelsonvargas-en-el-primer-lugar-del-campeonato-estatal-oro-infantil\/","url":"https:\/\/esbozodeportivo.com\/index.php\/2023\/11\/13\/acuatica-nelsonvargas-en-el-primer-lugar-del-campeonato-estatal-oro-infantil\/","name":"ACU\u00c1TICA NELSONVARGAS, EN EL PRIMER LUGAR DEL CAMPEONATO ESTATAL ORO INFANTIL \u00a0 - Esbozo Deportivo","isPartOf":{"@id":"https:\/\/esbozodeportivo.com\/#website"},"primaryImageOfPage":{"@id":"https:\/\/esbozodeportivo.com\/index.php\/2023\/11\/13\/acuatica-nelsonvargas-en-el-primer-lugar-del-campeonato-estatal-oro-infantil\/#primaryimage"},"image":{"@id":"https:\/\/esbozodeportivo.com\/index.php\/2023\/11\/13\/acuatica-nelsonvargas-en-el-primer-lugar-del-campeonato-estatal-oro-infantil\/#primaryimage"},"thumbnailUrl":"https:\/\/esbozodeportivo.com\/wp-content\/uploads\/2023\/11\/Acuatica-Infantil-ANV5-1024x768.jpg","datePublished":"2023-11-13T04:40:04+00:00","dateModified":"2023-11-13T04:48:00+00:00","breadcrumb":{"@id":"https:\/\/esbozodeportivo.com\/index.php\/2023\/11\/13\/acuatica-nelsonvargas-en-el-primer-lugar-del-campeonato-estatal-oro-infantil\/#breadcrumb"},"inLanguage":"es","potentialAction":[{"@type":"ReadAction","target":["https:\/\/esbozodeportivo.com\/index.php\/2023\/11\/13\/acuatica-nelsonvargas-en-el-primer-lugar-del-campeonato-estatal-oro-infantil\/"]}]},{"@type":"ImageObject","inLanguage":"es","@id":"https:\/\/esbozodeportivo.com\/index.php\/2023\/11\/13\/acuatica-nelsonvargas-en-el-primer-lugar-del-campeonato-estatal-oro-infantil\/#primaryimage","url":"https:\/\/esbozodeportivo.com\/wp-content\/uploads\/2023\/11\/Acuatica-Infantil-ANV5.jpg","contentUrl":"https:\/\/esbozodeportivo.com\/wp-content\/uploads\/2023\/11\/Acuatica-Infantil-ANV5.jpg","width":1600,"height":1200},{"@type":"BreadcrumbList","@id":"https:\/\/esbozodeportivo.com\/index.php\/2023\/11\/13\/acuatica-nelsonvargas-en-el-primer-lugar-del-campeonato-estatal-oro-infantil\/#breadcrumb","itemListElement":[{"@type":"ListItem","position":1,"name":"Inicio","item":"https:\/\/esbozodeportivo.com\/"},{"@type":"ListItem","position":2,"name":"ACU\u00c1TICA NELSONVARGAS, EN EL PRIMER LUGAR DEL CAMPEONATO ESTATAL ORO INFANTIL \u00a0"}]},{"@type":"WebSite","@id":"https:\/\/esbozodeportivo.com\/#website","url":"https:\/\/esbozodeportivo.com\/","name":"Esbozo Deportivo","description":"Lo m\u00e1s importante del Deporte","publisher":{"@id":"https:\/\/esbozodeportivo.com\/#organization"},"potentialAction":[{"@type":"SearchAction","target":{"@type":"EntryPoint","urlTemplate":"https:\/\/esbozodeportivo.com\/?s={search_term_string}"},"query-input":{"@type":"PropertyValueSpecification","valueRequired":true,"valueName":"search_term_string"}}],"inLanguage":"es"},{"@type":"Organization","@id":"https:\/\/esbozodeportivo.com\/#organization","name":"Esbozo Deportivo","url":"https:\/\/esbozodeportivo.com\/","logo":{"@type":"ImageObject","inLanguage":"es","@id":"https:\/\/esbozodeportivo.com\/#\/schema\/logo\/image\/","url":"https:\/\/esbozodeportivo.com\/wp-content\/uploads\/2022\/08\/cropped-Logo-Esbozo-Web-2.png","contentUrl":"https:\/\/esbozodeportivo.com\/wp-content\/uploads\/2022\/08\/cropped-Logo-Esbozo-Web-2.png","width":180,"height":50,"caption":"Esbozo Deportivo"},"image":{"@id":"https:\/\/esbozodeportivo.com\/#\/schema\/logo\/image\/"}},{"@type":"Person","@id":"https:\/\/esbozodeportivo.com\/#\/schema\/person\/7277119c98823aec37bbb84e125efd44","name":"Javier De La Cruz","image":{"@type":"ImageObject","inLanguage":"es","@id":"https:\/\/esbozodeportivo.com\/#\/schema\/person\/image\/","url":"https:\/\/secure.gravatar.com\/avatar\/366235a56d20f1a6e8e3d0b295897639357bea880470ddf261d17bb0bc052eb1?s=96&d=mm&r=g","contentUrl":"https:\/\/secure.gravatar.com\/avatar\/366235a56d20f1a6e8e3d0b295897639357bea880470ddf261d17bb0bc052eb1?s=96&d=mm&r=g","caption":"Javier De La Cruz"},"url":"https:\/\/esbozodeportivo.com\/index.php\/author\/javier-de-la-cruz-de-la-cruz\/"}]}},"jetpack_featured_media_url":"","jetpack_sharing_enabled":true,"_links":{"self":[{"href":"https:\/\/esbozodeportivo.com\/index.php\/wp-json\/wp\/v2\/posts\/1885","targetHints":{"allow":["GET"]}}],"collection":[{"href":"https:\/\/esbozodeportivo.com\/index.php\/wp-json\/wp\/v2\/posts"}],"about":[{"href":"https:\/\/esbozodeportivo.com\/index.php\/wp-json\/wp\/v2\/types\/post"}],"author":[{"embeddable":true,"href":"https:\/\/esbozodeportivo.com\/index.php\/wp-json\/wp\/v2\/users\/2"}],"replies":[{"embeddable":true,"href":"https:\/\/esbozodeportivo.com\/index.php\/wp-json\/wp\/v2\/comments?post=1885"}],"version-history":[{"count":4,"href":"https:\/\/esbozodeportivo.com\/index.php\/wp-json\/wp\/v2\/posts\/1885\/revisions"}],"predecessor-version":[{"id":1898,"href":"https:\/\/esbozodeportivo.com\/index.php\/wp-json\/wp\/v2\/posts\/1885\/revisions\/1898"}],"wp:attachment":[{"href":"https:\/\/esbozodeportivo.com\/index.php\/wp-json\/wp\/v2\/media?parent=1885"}],"wp:term":[{"taxonomy":"category","embeddable":true,"href":"https:\/\/esbozodeportivo.com\/index.php\/wp-json\/wp\/v2\/categories?post=1885"},{"taxonomy":"post_tag","embeddable":true,"href":"https:\/\/esbozodeportivo.com\/index.php\/wp-json\/wp\/v2\/tags?post=1885"}],"curies":[{"name":"wp","href":"https:\/\/api.w.org\/{rel}","templated":true}]}}